{"id":16477,"date":"2026-03-12T18:26:39","date_gmt":"2026-03-12T22:26:39","guid":{"rendered":"https:\/\/diarioellabrador.cl\/?p=16477"},"modified":"2026-03-12T18:26:42","modified_gmt":"2026-03-12T22:26:42","slug":"cambio-de-hora-en-chile-ya-hay-definida-una-fecha-para-el-horario-de-invierno-2026","status":"publish","type":"post","link":"https:\/\/diarioellabrador.cl\/index.php\/2026\/03\/12\/cambio-de-hora-en-chile-ya-hay-definida-una-fecha-para-el-horario-de-invierno-2026\/","title":{"rendered":"Cambio de hora en Chile: ya hay definida una fecha para el horario de invierno 2026"},"content":{"rendered":"\n<p>Por Johnny Ahumada Sep\u00falveda<\/p>\n\n\n\n<p>Ya el verano est\u00e1 llegando a su fin y la vuelta a clases lleg\u00f3 casi de inmediato. Todos retoman el a\u00f1o acad\u00e9mico o laboral, en el que los chilenos conviven diariamente. El cambio de horario de invierno se concretar\u00e1 el s\u00e1bado 4 de abril de este a\u00f1o. Momento en el que los relojes deber\u00e1n atrasarse una hora.<\/p>\n\n\n\n<p>El calendario ya marca uno de los hitos m\u00e1s impactantes en la organizaci\u00f3n diaria de las personas, el pr\u00f3ximo cambio de hora en Chile, que cambiar\u00e1 rutinas y horarios.<\/p>\n\n\n\n<p>En este momento, el pa\u00eds se rige por el horario de verano, sistema que comenz\u00f3 a aplicarse el 6 de septiembre de 2025 y que se mantendr\u00e1 vigente por un total de siete meses en total, de acuerdo con la norma.<\/p>\n\n\n\n<p>La Ley de la Republica estipula que, el horario de verano comenz\u00f3 el primer s\u00e1bado de septiembre, tiempo en el que los relojes de todo tipo se adelantaron en 60 minutos. La modalidad se extiende oficialmente hasta las 24:00 horas del primer s\u00e1bado del primer de abril 2026.<\/p>\n\n\n\n<p>El cambio de horario de invierno se concretar\u00e1 el s\u00e1bado 4 de abril de 2026, el cual ser\u00e1 importante atrasar el reloj una hora, si no quieres llegar tarde al trabajo o al estudio. Marcando as\u00ed el inicio del nuevo horario en gran parte del territorio nacional. Sin embargo, el ajuste de horario no ser\u00e1 obligatorio en todas las regiones. Las regiones de Ays\u00e9n, Magallanes, junto con la ant\u00e1rtica chilena quedaran excluidas de esta modificaci\u00f3n, ya que mantienen de forma permanente el horario de verano.<\/p>\n\n\n\n<p>La diferenciaci\u00f3n regional horaria que existe busca responder a las condiciones geogr\u00e1ficas de luminosidad propias del extremo sur en el pa\u00eds, evitando alteraciones en sus rutinas diarias.<\/p>\n\n\n\n<p>Esto significar\u00e1 ma\u00f1anas con m\u00e1s luz y adelantar\u00e1n la hora del atardecer, por lo que anochecer\u00e1 m\u00e1s temprano.<\/p>\n","protected":false},"excerpt":{"rendered":"<p>Por Johnny Ahumada Sep\u00falveda Ya el verano est\u00e1 llegando a su fin y la vuelta a clases lleg\u00f3 casi de inmediato. Todos retoman el a\u00f1o acad\u00e9mico o laboral, en el que los chilenos conviven diariamente. El cambio de horario de invierno se concretar\u00e1 el s\u00e1bado 4 de abril de este a\u00f1o. Momento en el que<\/p>\n<div class=\"read-more-wrapper\"><a class=\"read-more\" href=\"https:\/\/diarioellabrador.cl\/index.php\/2026\/03\/12\/cambio-de-hora-en-chile-ya-hay-definida-una-fecha-para-el-horario-de-invierno-2026\/\" title=\"Leer m\u00e1s\"> <span class=\"button \">Leer m\u00e1s<\/span><\/a><\/div>\n","protected":false},"author":2,"featured_media":16442,"comment_status":"open","ping_status":"open","sticky":false,"template":"","format":"standard","meta":{"footnotes":""},"categories":[1],"tags":[],"class_list":["post-16477","post","type-post","status-publish","format-standard","has-post-thumbnail","hentry","category-cronica"],"yoast_head":"<!-- This site is optimized with the Yoast SEO plugin v27.5 - https:\/\/yoast.com\/product\/yoast-seo-wordpress\/ -->\n<title>Cambio de hora en Chile: ya hay definida una fecha para el horario de invierno 2026 - Diario El Labrador<\/title>\n<meta name=\"robots\" content=\"index, follow, max-snippet:-1, max-image-preview:large, max-video-preview:-1\" \/>\n<link rel=\"canonical\" href=\"https:\/\/diarioellabrador.cl\/index.php\/2026\/03\/12\/cambio-de-hora-en-chile-ya-hay-definida-una-fecha-para-el-horario-de-invierno-2026\/\" \/>\n<meta property=\"og:locale\" content=\"es_ES\" \/>\n<meta property=\"og:type\" content=\"article\" \/>\n<meta property=\"og:title\" content=\"Cambio de hora en Chile: ya hay definida una fecha para el horario de invierno 2026 - Diario El Labrador\" \/>\n<meta property=\"og:description\" content=\"Por Johnny Ahumada Sep\u00falveda Ya el verano est\u00e1 llegando a su fin y la vuelta a clases lleg\u00f3 casi de inmediato. Todos retoman el a\u00f1o acad\u00e9mico o laboral, en el que los chilenos conviven diariamente. El cambio de horario de invierno se concretar\u00e1 el s\u00e1bado 4 de abril de este a\u00f1o. Momento en el que Leer m\u00e1s\" \/>\n<meta property=\"og:url\" content=\"https:\/\/diarioellabrador.cl\/index.php\/2026\/03\/12\/cambio-de-hora-en-chile-ya-hay-definida-una-fecha-para-el-horario-de-invierno-2026\/\" \/>\n<meta property=\"og:site_name\" content=\"Diario El Labrador\" \/>\n<meta property=\"article:publisher\" content=\"https:\/\/web.facebook.com\/profile.php?id=61576120840621\" \/>\n<meta property=\"article:published_time\" content=\"2026-03-12T22:26:39+00:00\" \/>\n<meta property=\"article:modified_time\" content=\"2026-03-12T22:26:42+00:00\" \/>\n<meta property=\"og:image\" content=\"https:\/\/diarioellabrador.cl\/wp-content\/uploads\/2026\/03\/Cambio-de-hora-en-Chile-ya-hay-definida-una-fecha-para-el-horario-de-invierno-2026-scaled.jpg\" \/>\n\t<meta property=\"og:image:width\" content=\"2560\" \/>\n\t<meta property=\"og:image:height\" content=\"1692\" \/>\n\t<meta property=\"og:image:type\" content=\"image\/jpeg\" \/>\n<meta name=\"author\" content=\"Editor\" \/>\n<meta name=\"twitter:card\" content=\"summary_large_image\" \/>\n<meta name=\"twitter:creator\" content=\"@ElLabradorOf\" \/>\n<meta name=\"twitter:site\" content=\"@ElLabradorOf\" \/>\n<meta name=\"twitter:label1\" content=\"Escrito por\" \/>\n\t<meta name=\"twitter:data1\" content=\"Editor\" \/>\n\t<meta name=\"twitter:label2\" content=\"Tiempo de lectura\" \/>\n\t<meta name=\"twitter:data2\" content=\"2 minutos\" \/>\n<script type=\"application\/ld+json\" class=\"yoast-schema-graph\">{\"@context\":\"https:\\\/\\\/schema.org\",\"@graph\":[{\"@type\":\"Article\",\"@id\":\"https:\\\/\\\/diarioellabrador.cl\\\/index.php\\\/2026\\\/03\\\/12\\\/cambio-de-hora-en-chile-ya-hay-definida-una-fecha-para-el-horario-de-invierno-2026\\\/#article\",\"isPartOf\":{\"@id\":\"https:\\\/\\\/diarioellabrador.cl\\\/index.php\\\/2026\\\/03\\\/12\\\/cambio-de-hora-en-chile-ya-hay-definida-una-fecha-para-el-horario-de-invierno-2026\\\/\"},\"author\":{\"name\":\"Editor\",\"@id\":\"https:\\\/\\\/diarioellabrador.cl\\\/#\\\/schema\\\/person\\\/bc25ff80b4563f9c7f4bd7855df01685\"},\"headline\":\"Cambio de hora en Chile: ya hay definida una fecha para el horario de invierno 2026\",\"datePublished\":\"2026-03-12T22:26:39+00:00\",\"dateModified\":\"2026-03-12T22:26:42+00:00\",\"mainEntityOfPage\":{\"@id\":\"https:\\\/\\\/diarioellabrador.cl\\\/index.php\\\/2026\\\/03\\\/12\\\/cambio-de-hora-en-chile-ya-hay-definida-una-fecha-para-el-horario-de-invierno-2026\\\/\"},\"wordCount\":339,\"commentCount\":0,\"publisher\":{\"@id\":\"https:\\\/\\\/diarioellabrador.cl\\\/#organization\"},\"image\":{\"@id\":\"https:\\\/\\\/diarioellabrador.cl\\\/index.php\\\/2026\\\/03\\\/12\\\/cambio-de-hora-en-chile-ya-hay-definida-una-fecha-para-el-horario-de-invierno-2026\\\/#primaryimage\"},\"thumbnailUrl\":\"https:\\\/\\\/diarioellabrador.cl\\\/wp-content\\\/uploads\\\/2026\\\/03\\\/Cambio-de-hora-en-Chile-ya-hay-definida-una-fecha-para-el-horario-de-invierno-2026-scaled.jpg\",\"articleSection\":[\"Cr\u00f3nica\"],\"inLanguage\":\"es\",\"potentialAction\":[{\"@type\":\"CommentAction\",\"name\":\"Comment\",\"target\":[\"https:\\\/\\\/diarioellabrador.cl\\\/index.php\\\/2026\\\/03\\\/12\\\/cambio-de-hora-en-chile-ya-hay-definida-una-fecha-para-el-horario-de-invierno-2026\\\/#respond\"]}]},{\"@type\":\"WebPage\",\"@id\":\"https:\\\/\\\/diarioellabrador.cl\\\/index.php\\\/2026\\\/03\\\/12\\\/cambio-de-hora-en-chile-ya-hay-definida-una-fecha-para-el-horario-de-invierno-2026\\\/\",\"url\":\"https:\\\/\\\/diarioellabrador.cl\\\/index.php\\\/2026\\\/03\\\/12\\\/cambio-de-hora-en-chile-ya-hay-definida-una-fecha-para-el-horario-de-invierno-2026\\\/\",\"name\":\"Cambio de hora en Chile: ya hay definida una fecha para el horario de invierno 2026 - Diario El Labrador\",\"isPartOf\":{\"@id\":\"https:\\\/\\\/diarioellabrador.cl\\\/#website\"},\"primaryImageOfPage\":{\"@id\":\"https:\\\/\\\/diarioellabrador.cl\\\/index.php\\\/2026\\\/03\\\/12\\\/cambio-de-hora-en-chile-ya-hay-definida-una-fecha-para-el-horario-de-invierno-2026\\\/#primaryimage\"},\"image\":{\"@id\":\"https:\\\/\\\/diarioellabrador.cl\\\/index.php\\\/2026\\\/03\\\/12\\\/cambio-de-hora-en-chile-ya-hay-definida-una-fecha-para-el-horario-de-invierno-2026\\\/#primaryimage\"},\"thumbnailUrl\":\"https:\\\/\\\/diarioellabrador.cl\\\/wp-content\\\/uploads\\\/2026\\\/03\\\/Cambio-de-hora-en-Chile-ya-hay-definida-una-fecha-para-el-horario-de-invierno-2026-scaled.jpg\",\"datePublished\":\"2026-03-12T22:26:39+00:00\",\"dateModified\":\"2026-03-12T22:26:42+00:00\",\"breadcrumb\":{\"@id\":\"https:\\\/\\\/diarioellabrador.cl\\\/index.php\\\/2026\\\/03\\\/12\\\/cambio-de-hora-en-chile-ya-hay-definida-una-fecha-para-el-horario-de-invierno-2026\\\/#breadcrumb\"},\"inLanguage\":\"es\",\"potentialAction\":[{\"@type\":\"ReadAction\",\"target\":[\"https:\\\/\\\/diarioellabrador.cl\\\/index.php\\\/2026\\\/03\\\/12\\\/cambio-de-hora-en-chile-ya-hay-definida-una-fecha-para-el-horario-de-invierno-2026\\\/\"]}]},{\"@type\":\"ImageObject\",\"inLanguage\":\"es\",\"@id\":\"https:\\\/\\\/diarioellabrador.cl\\\/index.php\\\/2026\\\/03\\\/12\\\/cambio-de-hora-en-chile-ya-hay-definida-una-fecha-para-el-horario-de-invierno-2026\\\/#primaryimage\",\"url\":\"https:\\\/\\\/diarioellabrador.cl\\\/wp-content\\\/uploads\\\/2026\\\/03\\\/Cambio-de-hora-en-Chile-ya-hay-definida-una-fecha-para-el-horario-de-invierno-2026-scaled.jpg\",\"contentUrl\":\"https:\\\/\\\/diarioellabrador.cl\\\/wp-content\\\/uploads\\\/2026\\\/03\\\/Cambio-de-hora-en-Chile-ya-hay-definida-una-fecha-para-el-horario-de-invierno-2026-scaled.jpg\",\"width\":2560,\"height\":1692,\"caption\":\"Midnight on the clock\"},{\"@type\":\"BreadcrumbList\",\"@id\":\"https:\\\/\\\/diarioellabrador.cl\\\/index.php\\\/2026\\\/03\\\/12\\\/cambio-de-hora-en-chile-ya-hay-definida-una-fecha-para-el-horario-de-invierno-2026\\\/#breadcrumb\",\"itemListElement\":[{\"@type\":\"ListItem\",\"position\":1,\"name\":\"Portada\",\"item\":\"https:\\\/\\\/diarioellabrador.cl\\\/\"},{\"@type\":\"ListItem\",\"position\":2,\"name\":\"Cambio de hora en Chile: ya hay definida una fecha para el horario de invierno 2026\"}]},{\"@type\":\"WebSite\",\"@id\":\"https:\\\/\\\/diarioellabrador.cl\\\/#website\",\"url\":\"https:\\\/\\\/diarioellabrador.cl\\\/\",\"name\":\"Diario El Labrador\",\"description\":\"Haciendo noticia desde 1921\",\"publisher\":{\"@id\":\"https:\\\/\\\/diarioellabrador.cl\\\/#organization\"},\"potentialAction\":[{\"@type\":\"SearchAction\",\"target\":{\"@type\":\"EntryPoint\",\"urlTemplate\":\"https:\\\/\\\/diarioellabrador.cl\\\/?s={search_term_string}\"},\"query-input\":{\"@type\":\"PropertyValueSpecification\",\"valueRequired\":true,\"valueName\":\"search_term_string\"}}],\"inLanguage\":\"es\"},{\"@type\":\"Organization\",\"@id\":\"https:\\\/\\\/diarioellabrador.cl\\\/#organization\",\"name\":\"Diario El Labrador\",\"url\":\"https:\\\/\\\/diarioellabrador.cl\\\/\",\"logo\":{\"@type\":\"ImageObject\",\"inLanguage\":\"es\",\"@id\":\"https:\\\/\\\/diarioellabrador.cl\\\/#\\\/schema\\\/logo\\\/image\\\/\",\"url\":\"https:\\\/\\\/diarioellabrador.cl\\\/wp-content\\\/uploads\\\/2025\\\/02\\\/cropped-Logo-Icono.png\",\"contentUrl\":\"https:\\\/\\\/diarioellabrador.cl\\\/wp-content\\\/uploads\\\/2025\\\/02\\\/cropped-Logo-Icono.png\",\"width\":512,\"height\":512,\"caption\":\"Diario El Labrador\"},\"image\":{\"@id\":\"https:\\\/\\\/diarioellabrador.cl\\\/#\\\/schema\\\/logo\\\/image\\\/\"},\"sameAs\":[\"https:\\\/\\\/web.facebook.com\\\/profile.php?id=61576120840621\",\"https:\\\/\\\/x.com\\\/ElLabradorOf\",\"https:\\\/\\\/www.instagram.com\\\/diarioellabradoroficial\\\/\"]},{\"@type\":\"Person\",\"@id\":\"https:\\\/\\\/diarioellabrador.cl\\\/#\\\/schema\\\/person\\\/bc25ff80b4563f9c7f4bd7855df01685\",\"name\":\"Editor\",\"image\":{\"@type\":\"ImageObject\",\"inLanguage\":\"es\",\"@id\":\"https:\\\/\\\/secure.gravatar.com\\\/avatar\\\/109c326cf2be5c04f048c2c2a2b8b6ef44bf3d8d1d3d4c55d0ac40c4bc994684?s=96&d=mm&r=g\",\"url\":\"https:\\\/\\\/secure.gravatar.com\\\/avatar\\\/109c326cf2be5c04f048c2c2a2b8b6ef44bf3d8d1d3d4c55d0ac40c4bc994684?s=96&d=mm&r=g\",\"contentUrl\":\"https:\\\/\\\/secure.gravatar.com\\\/avatar\\\/109c326cf2be5c04f048c2c2a2b8b6ef44bf3d8d1d3d4c55d0ac40c4bc994684?s=96&d=mm&r=g\",\"caption\":\"Editor\"},\"url\":\"https:\\\/\\\/diarioellabrador.cl\\\/index.php\\\/author\\\/editor\\\/\"}]}<\/script>\n<!-- \/ Yoast SEO plugin. -->","yoast_head_json":{"title":"Cambio de hora en Chile: ya hay definida una fecha para el horario de invierno 2026 - Diario El Labrador","robots":{"index":"index","follow":"follow","max-snippet":"max-snippet:-1","max-image-preview":"max-image-preview:large","max-video-preview":"max-video-preview:-1"},"canonical":"https:\/\/diarioellabrador.cl\/index.php\/2026\/03\/12\/cambio-de-hora-en-chile-ya-hay-definida-una-fecha-para-el-horario-de-invierno-2026\/","og_locale":"es_ES","og_type":"article","og_title":"Cambio de hora en Chile: ya hay definida una fecha para el horario de invierno 2026 - Diario El Labrador","og_description":"Por Johnny Ahumada Sep\u00falveda Ya el verano est\u00e1 llegando a su fin y la vuelta a clases lleg\u00f3 casi de inmediato. Todos retoman el a\u00f1o acad\u00e9mico o laboral, en el que los chilenos conviven diariamente. El cambio de horario de invierno se concretar\u00e1 el s\u00e1bado 4 de abril de este a\u00f1o. Momento en el que Leer m\u00e1s","og_url":"https:\/\/diarioellabrador.cl\/index.php\/2026\/03\/12\/cambio-de-hora-en-chile-ya-hay-definida-una-fecha-para-el-horario-de-invierno-2026\/","og_site_name":"Diario El Labrador","article_publisher":"https:\/\/web.facebook.com\/profile.php?id=61576120840621","article_published_time":"2026-03-12T22:26:39+00:00","article_modified_time":"2026-03-12T22:26:42+00:00","og_image":[{"width":2560,"height":1692,"url":"https:\/\/diarioellabrador.cl\/wp-content\/uploads\/2026\/03\/Cambio-de-hora-en-Chile-ya-hay-definida-una-fecha-para-el-horario-de-invierno-2026-scaled.jpg","type":"image\/jpeg"}],"author":"Editor","twitter_card":"summary_large_image","twitter_creator":"@ElLabradorOf","twitter_site":"@ElLabradorOf","twitter_misc":{"Escrito por":"Editor","Tiempo de lectura":"2 minutos"},"schema":{"@context":"https:\/\/schema.org","@graph":[{"@type":"Article","@id":"https:\/\/diarioellabrador.cl\/index.php\/2026\/03\/12\/cambio-de-hora-en-chile-ya-hay-definida-una-fecha-para-el-horario-de-invierno-2026\/#article","isPartOf":{"@id":"https:\/\/diarioellabrador.cl\/index.php\/2026\/03\/12\/cambio-de-hora-en-chile-ya-hay-definida-una-fecha-para-el-horario-de-invierno-2026\/"},"author":{"name":"Editor","@id":"https:\/\/diarioellabrador.cl\/#\/schema\/person\/bc25ff80b4563f9c7f4bd7855df01685"},"headline":"Cambio de hora en Chile: ya hay definida una fecha para el horario de invierno 2026","datePublished":"2026-03-12T22:26:39+00:00","dateModified":"2026-03-12T22:26:42+00:00","mainEntityOfPage":{"@id":"https:\/\/diarioellabrador.cl\/index.php\/2026\/03\/12\/cambio-de-hora-en-chile-ya-hay-definida-una-fecha-para-el-horario-de-invierno-2026\/"},"wordCount":339,"commentCount":0,"publisher":{"@id":"https:\/\/diarioellabrador.cl\/#organization"},"image":{"@id":"https:\/\/diarioellabrador.cl\/index.php\/2026\/03\/12\/cambio-de-hora-en-chile-ya-hay-definida-una-fecha-para-el-horario-de-invierno-2026\/#primaryimage"},"thumbnailUrl":"https:\/\/diarioellabrador.cl\/wp-content\/uploads\/2026\/03\/Cambio-de-hora-en-Chile-ya-hay-definida-una-fecha-para-el-horario-de-invierno-2026-scaled.jpg","articleSection":["Cr\u00f3nica"],"inLanguage":"es","potentialAction":[{"@type":"CommentAction","name":"Comment","target":["https:\/\/diarioellabrador.cl\/index.php\/2026\/03\/12\/cambio-de-hora-en-chile-ya-hay-definida-una-fecha-para-el-horario-de-invierno-2026\/#respond"]}]},{"@type":"WebPage","@id":"https:\/\/diarioellabrador.cl\/index.php\/2026\/03\/12\/cambio-de-hora-en-chile-ya-hay-definida-una-fecha-para-el-horario-de-invierno-2026\/","url":"https:\/\/diarioellabrador.cl\/index.php\/2026\/03\/12\/cambio-de-hora-en-chile-ya-hay-definida-una-fecha-para-el-horario-de-invierno-2026\/","name":"Cambio de hora en Chile: ya hay definida una fecha para el horario de invierno 2026 - Diario El Labrador","isPartOf":{"@id":"https:\/\/diarioellabrador.cl\/#website"},"primaryImageOfPage":{"@id":"https:\/\/diarioellabrador.cl\/index.php\/2026\/03\/12\/cambio-de-hora-en-chile-ya-hay-definida-una-fecha-para-el-horario-de-invierno-2026\/#primaryimage"},"image":{"@id":"https:\/\/diarioellabrador.cl\/index.php\/2026\/03\/12\/cambio-de-hora-en-chile-ya-hay-definida-una-fecha-para-el-horario-de-invierno-2026\/#primaryimage"},"thumbnailUrl":"https:\/\/diarioellabrador.cl\/wp-content\/uploads\/2026\/03\/Cambio-de-hora-en-Chile-ya-hay-definida-una-fecha-para-el-horario-de-invierno-2026-scaled.jpg","datePublished":"2026-03-12T22:26:39+00:00","dateModified":"2026-03-12T22:26:42+00:00","breadcrumb":{"@id":"https:\/\/diarioellabrador.cl\/index.php\/2026\/03\/12\/cambio-de-hora-en-chile-ya-hay-definida-una-fecha-para-el-horario-de-invierno-2026\/#breadcrumb"},"inLanguage":"es","potentialAction":[{"@type":"ReadAction","target":["https:\/\/diarioellabrador.cl\/index.php\/2026\/03\/12\/cambio-de-hora-en-chile-ya-hay-definida-una-fecha-para-el-horario-de-invierno-2026\/"]}]},{"@type":"ImageObject","inLanguage":"es","@id":"https:\/\/diarioellabrador.cl\/index.php\/2026\/03\/12\/cambio-de-hora-en-chile-ya-hay-definida-una-fecha-para-el-horario-de-invierno-2026\/#primaryimage","url":"https:\/\/diarioellabrador.cl\/wp-content\/uploads\/2026\/03\/Cambio-de-hora-en-Chile-ya-hay-definida-una-fecha-para-el-horario-de-invierno-2026-scaled.jpg","contentUrl":"https:\/\/diarioellabrador.cl\/wp-content\/uploads\/2026\/03\/Cambio-de-hora-en-Chile-ya-hay-definida-una-fecha-para-el-horario-de-invierno-2026-scaled.jpg","width":2560,"height":1692,"caption":"Midnight on the clock"},{"@type":"BreadcrumbList","@id":"https:\/\/diarioellabrador.cl\/index.php\/2026\/03\/12\/cambio-de-hora-en-chile-ya-hay-definida-una-fecha-para-el-horario-de-invierno-2026\/#breadcrumb","itemListElement":[{"@type":"ListItem","position":1,"name":"Portada","item":"https:\/\/diarioellabrador.cl\/"},{"@type":"ListItem","position":2,"name":"Cambio de hora en Chile: ya hay definida una fecha para el horario de invierno 2026"}]},{"@type":"WebSite","@id":"https:\/\/diarioellabrador.cl\/#website","url":"https:\/\/diarioellabrador.cl\/","name":"Diario El Labrador","description":"Haciendo noticia desde 1921","publisher":{"@id":"https:\/\/diarioellabrador.cl\/#organization"},"potentialAction":[{"@type":"SearchAction","target":{"@type":"EntryPoint","urlTemplate":"https:\/\/diarioellabrador.cl\/?s={search_term_string}"},"query-input":{"@type":"PropertyValueSpecification","valueRequired":true,"valueName":"search_term_string"}}],"inLanguage":"es"},{"@type":"Organization","@id":"https:\/\/diarioellabrador.cl\/#organization","name":"Diario El Labrador","url":"https:\/\/diarioellabrador.cl\/","logo":{"@type":"ImageObject","inLanguage":"es","@id":"https:\/\/diarioellabrador.cl\/#\/schema\/logo\/image\/","url":"https:\/\/diarioellabrador.cl\/wp-content\/uploads\/2025\/02\/cropped-Logo-Icono.png","contentUrl":"https:\/\/diarioellabrador.cl\/wp-content\/uploads\/2025\/02\/cropped-Logo-Icono.png","width":512,"height":512,"caption":"Diario El Labrador"},"image":{"@id":"https:\/\/diarioellabrador.cl\/#\/schema\/logo\/image\/"},"sameAs":["https:\/\/web.facebook.com\/profile.php?id=61576120840621","https:\/\/x.com\/ElLabradorOf","https:\/\/www.instagram.com\/diarioellabradoroficial\/"]},{"@type":"Person","@id":"https:\/\/diarioellabrador.cl\/#\/schema\/person\/bc25ff80b4563f9c7f4bd7855df01685","name":"Editor","image":{"@type":"ImageObject","inLanguage":"es","@id":"https:\/\/secure.gravatar.com\/avatar\/109c326cf2be5c04f048c2c2a2b8b6ef44bf3d8d1d3d4c55d0ac40c4bc994684?s=96&d=mm&r=g","url":"https:\/\/secure.gravatar.com\/avatar\/109c326cf2be5c04f048c2c2a2b8b6ef44bf3d8d1d3d4c55d0ac40c4bc994684?s=96&d=mm&r=g","contentUrl":"https:\/\/secure.gravatar.com\/avatar\/109c326cf2be5c04f048c2c2a2b8b6ef44bf3d8d1d3d4c55d0ac40c4bc994684?s=96&d=mm&r=g","caption":"Editor"},"url":"https:\/\/diarioellabrador.cl\/index.php\/author\/editor\/"}]}},"_links":{"self":[{"href":"https:\/\/diarioellabrador.cl\/index.php\/wp-json\/wp\/v2\/posts\/16477","targetHints":{"allow":["GET"]}}],"collection":[{"href":"https:\/\/diarioellabrador.cl\/index.php\/wp-json\/wp\/v2\/posts"}],"about":[{"href":"https:\/\/diarioellabrador.cl\/index.php\/wp-json\/wp\/v2\/types\/post"}],"author":[{"embeddable":true,"href":"https:\/\/diarioellabrador.cl\/index.php\/wp-json\/wp\/v2\/users\/2"}],"replies":[{"embeddable":true,"href":"https:\/\/diarioellabrador.cl\/index.php\/wp-json\/wp\/v2\/comments?post=16477"}],"version-history":[{"count":1,"href":"https:\/\/diarioellabrador.cl\/index.php\/wp-json\/wp\/v2\/posts\/16477\/revisions"}],"predecessor-version":[{"id":16478,"href":"https:\/\/diarioellabrador.cl\/index.php\/wp-json\/wp\/v2\/posts\/16477\/revisions\/16478"}],"wp:featuredmedia":[{"embeddable":true,"href":"https:\/\/diarioellabrador.cl\/index.php\/wp-json\/wp\/v2\/media\/16442"}],"wp:attachment":[{"href":"https:\/\/diarioellabrador.cl\/index.php\/wp-json\/wp\/v2\/media?parent=16477"}],"wp:term":[{"taxonomy":"category","embeddable":true,"href":"https:\/\/diarioellabrador.cl\/index.php\/wp-json\/wp\/v2\/categories?post=16477"},{"taxonomy":"post_tag","embeddable":true,"href":"https:\/\/diarioellabrador.cl\/index.php\/wp-json\/wp\/v2\/tags?post=16477"}],"curies":[{"name":"wp","href":"https:\/\/api.w.org\/{rel}","templated":true}]}}