{"id":16473,"date":"2026-03-12T18:25:42","date_gmt":"2026-03-12T22:25:42","guid":{"rendered":"https:\/\/diarioellabrador.cl\/?p=16473"},"modified":"2026-03-12T18:25:44","modified_gmt":"2026-03-12T22:25:44","slug":"conductor-lesionado-tras-volcamiento-de-camion-en-cruce-las-aranas","status":"publish","type":"post","link":"https:\/\/diarioellabrador.cl\/index.php\/2026\/03\/12\/conductor-lesionado-tras-volcamiento-de-camion-en-cruce-las-aranas\/","title":{"rendered":"Conductor lesionado tras volcamiento de cami\u00f3n en Cruce Las Ara\u00f1as"},"content":{"rendered":"\n<p>Esta semana se registr\u00f3 un volcamiento en el paso superior Las Ara\u00f1as, en plena ruta de la Fruta, a la altura de la comuna de San Pedro.<\/p>\n\n\n\n<p>De acuerdo a los primeros antecedentes, el conductor del veh\u00edculo mayor que transitaba con un conteiner, perdi\u00f3 el control del m\u00f3vil e impact\u00f3 contra las barreras de protecci\u00f3n de la v\u00eda concesionada, lo que gener\u00f3 su posterior volcamiento.<\/p>\n\n\n\n<p>Equipos de emergencia, entre ellos, Bomberos, Carabineros y una ambulancia, brindaron las primeras atenciones al \u00fanico lesionado en este accidente que pudo tener consecuencias fatales.<\/p>\n\n\n\n<p>Por \u00faltimo, el afectado fue trasladado hasta un recinto asistencial para ser atendido por un equipo m\u00e9dico, mientras que el cami\u00f3n fue retirado del lugar horas m\u00e1s tarde, normalizando el tr\u00e1nsito vehicular en esta importante arteria.<strong><\/strong><\/p>\n","protected":false},"excerpt":{"rendered":"<p>Esta semana se registr\u00f3 un volcamiento en el paso superior Las Ara\u00f1as, en plena ruta de la Fruta, a la altura de la comuna de San Pedro. De acuerdo a los primeros antecedentes, el conductor del veh\u00edculo mayor que transitaba con un conteiner, perdi\u00f3 el control del m\u00f3vil e impact\u00f3 contra las barreras de protecci\u00f3n<\/p>\n<div class=\"read-more-wrapper\"><a class=\"read-more\" href=\"https:\/\/diarioellabrador.cl\/index.php\/2026\/03\/12\/conductor-lesionado-tras-volcamiento-de-camion-en-cruce-las-aranas\/\" title=\"Leer m\u00e1s\"> <span class=\"button \">Leer m\u00e1s<\/span><\/a><\/div>\n","protected":false},"author":2,"featured_media":16432,"comment_status":"open","ping_status":"open","sticky":false,"template":"","format":"standard","meta":{"footnotes":""},"categories":[3],"tags":[],"class_list":["post-16473","post","type-post","status-publish","format-standard","has-post-thumbnail","hentry","category-policial"],"yoast_head":"<!-- This site is optimized with the Yoast SEO plugin v27.5 - https:\/\/yoast.com\/product\/yoast-seo-wordpress\/ -->\n<title>Conductor lesionado tras volcamiento de cami\u00f3n en Cruce Las Ara\u00f1as - Diario El Labrador<\/title>\n<meta name=\"robots\" content=\"index, follow, max-snippet:-1, max-image-preview:large, max-video-preview:-1\" \/>\n<link rel=\"canonical\" href=\"https:\/\/diarioellabrador.cl\/index.php\/2026\/03\/12\/conductor-lesionado-tras-volcamiento-de-camion-en-cruce-las-aranas\/\" \/>\n<meta property=\"og:locale\" content=\"es_ES\" \/>\n<meta property=\"og:type\" content=\"article\" \/>\n<meta property=\"og:title\" content=\"Conductor lesionado tras volcamiento de cami\u00f3n en Cruce Las Ara\u00f1as - Diario El Labrador\" \/>\n<meta property=\"og:description\" content=\"Esta semana se registr\u00f3 un volcamiento en el paso superior Las Ara\u00f1as, en plena ruta de la Fruta, a la altura de la comuna de San Pedro. De acuerdo a los primeros antecedentes, el conductor del veh\u00edculo mayor que transitaba con un conteiner, perdi\u00f3 el control del m\u00f3vil e impact\u00f3 contra las barreras de protecci\u00f3n Leer m\u00e1s\" \/>\n<meta property=\"og:url\" content=\"https:\/\/diarioellabrador.cl\/index.php\/2026\/03\/12\/conductor-lesionado-tras-volcamiento-de-camion-en-cruce-las-aranas\/\" \/>\n<meta property=\"og:site_name\" content=\"Diario El Labrador\" \/>\n<meta property=\"article:publisher\" content=\"https:\/\/web.facebook.com\/profile.php?id=61576120840621\" \/>\n<meta property=\"article:published_time\" content=\"2026-03-12T22:25:42+00:00\" \/>\n<meta property=\"article:modified_time\" content=\"2026-03-12T22:25:44+00:00\" \/>\n<meta property=\"og:image\" content=\"https:\/\/diarioellabrador.cl\/wp-content\/uploads\/2026\/03\/Conductor-lesionado-tras-volcamiento-de-camion-en-Cruce-Las-Aranas.jpg\" \/>\n\t<meta property=\"og:image:width\" content=\"663\" \/>\n\t<meta property=\"og:image:height\" content=\"314\" \/>\n\t<meta property=\"og:image:type\" content=\"image\/jpeg\" \/>\n<meta name=\"author\" content=\"Editor\" \/>\n<meta name=\"twitter:card\" content=\"summary_large_image\" \/>\n<meta name=\"twitter:creator\" content=\"@ElLabradorOf\" \/>\n<meta name=\"twitter:site\" content=\"@ElLabradorOf\" \/>\n<meta name=\"twitter:label1\" content=\"Escrito por\" \/>\n\t<meta name=\"twitter:data1\" content=\"Editor\" \/>\n\t<meta name=\"twitter:label2\" content=\"Tiempo de lectura\" \/>\n\t<meta name=\"twitter:data2\" content=\"1 minuto\" \/>\n<script type=\"application\/ld+json\" class=\"yoast-schema-graph\">{\"@context\":\"https:\\\/\\\/schema.org\",\"@graph\":[{\"@type\":\"Article\",\"@id\":\"https:\\\/\\\/diarioellabrador.cl\\\/index.php\\\/2026\\\/03\\\/12\\\/conductor-lesionado-tras-volcamiento-de-camion-en-cruce-las-aranas\\\/#article\",\"isPartOf\":{\"@id\":\"https:\\\/\\\/diarioellabrador.cl\\\/index.php\\\/2026\\\/03\\\/12\\\/conductor-lesionado-tras-volcamiento-de-camion-en-cruce-las-aranas\\\/\"},\"author\":{\"name\":\"Editor\",\"@id\":\"https:\\\/\\\/diarioellabrador.cl\\\/#\\\/schema\\\/person\\\/bc25ff80b4563f9c7f4bd7855df01685\"},\"headline\":\"Conductor lesionado tras volcamiento de cami\u00f3n en Cruce Las Ara\u00f1as\",\"datePublished\":\"2026-03-12T22:25:42+00:00\",\"dateModified\":\"2026-03-12T22:25:44+00:00\",\"mainEntityOfPage\":{\"@id\":\"https:\\\/\\\/diarioellabrador.cl\\\/index.php\\\/2026\\\/03\\\/12\\\/conductor-lesionado-tras-volcamiento-de-camion-en-cruce-las-aranas\\\/\"},\"wordCount\":147,\"commentCount\":0,\"publisher\":{\"@id\":\"https:\\\/\\\/diarioellabrador.cl\\\/#organization\"},\"image\":{\"@id\":\"https:\\\/\\\/diarioellabrador.cl\\\/index.php\\\/2026\\\/03\\\/12\\\/conductor-lesionado-tras-volcamiento-de-camion-en-cruce-las-aranas\\\/#primaryimage\"},\"thumbnailUrl\":\"https:\\\/\\\/diarioellabrador.cl\\\/wp-content\\\/uploads\\\/2026\\\/03\\\/Conductor-lesionado-tras-volcamiento-de-camion-en-Cruce-Las-Aranas.jpg\",\"articleSection\":[\"Policial\"],\"inLanguage\":\"es\",\"potentialAction\":[{\"@type\":\"CommentAction\",\"name\":\"Comment\",\"target\":[\"https:\\\/\\\/diarioellabrador.cl\\\/index.php\\\/2026\\\/03\\\/12\\\/conductor-lesionado-tras-volcamiento-de-camion-en-cruce-las-aranas\\\/#respond\"]}]},{\"@type\":\"WebPage\",\"@id\":\"https:\\\/\\\/diarioellabrador.cl\\\/index.php\\\/2026\\\/03\\\/12\\\/conductor-lesionado-tras-volcamiento-de-camion-en-cruce-las-aranas\\\/\",\"url\":\"https:\\\/\\\/diarioellabrador.cl\\\/index.php\\\/2026\\\/03\\\/12\\\/conductor-lesionado-tras-volcamiento-de-camion-en-cruce-las-aranas\\\/\",\"name\":\"Conductor lesionado tras volcamiento de cami\u00f3n en Cruce Las Ara\u00f1as - Diario El Labrador\",\"isPartOf\":{\"@id\":\"https:\\\/\\\/diarioellabrador.cl\\\/#website\"},\"primaryImageOfPage\":{\"@id\":\"https:\\\/\\\/diarioellabrador.cl\\\/index.php\\\/2026\\\/03\\\/12\\\/conductor-lesionado-tras-volcamiento-de-camion-en-cruce-las-aranas\\\/#primaryimage\"},\"image\":{\"@id\":\"https:\\\/\\\/diarioellabrador.cl\\\/index.php\\\/2026\\\/03\\\/12\\\/conductor-lesionado-tras-volcamiento-de-camion-en-cruce-las-aranas\\\/#primaryimage\"},\"thumbnailUrl\":\"https:\\\/\\\/diarioellabrador.cl\\\/wp-content\\\/uploads\\\/2026\\\/03\\\/Conductor-lesionado-tras-volcamiento-de-camion-en-Cruce-Las-Aranas.jpg\",\"datePublished\":\"2026-03-12T22:25:42+00:00\",\"dateModified\":\"2026-03-12T22:25:44+00:00\",\"breadcrumb\":{\"@id\":\"https:\\\/\\\/diarioellabrador.cl\\\/index.php\\\/2026\\\/03\\\/12\\\/conductor-lesionado-tras-volcamiento-de-camion-en-cruce-las-aranas\\\/#breadcrumb\"},\"inLanguage\":\"es\",\"potentialAction\":[{\"@type\":\"ReadAction\",\"target\":[\"https:\\\/\\\/diarioellabrador.cl\\\/index.php\\\/2026\\\/03\\\/12\\\/conductor-lesionado-tras-volcamiento-de-camion-en-cruce-las-aranas\\\/\"]}]},{\"@type\":\"ImageObject\",\"inLanguage\":\"es\",\"@id\":\"https:\\\/\\\/diarioellabrador.cl\\\/index.php\\\/2026\\\/03\\\/12\\\/conductor-lesionado-tras-volcamiento-de-camion-en-cruce-las-aranas\\\/#primaryimage\",\"url\":\"https:\\\/\\\/diarioellabrador.cl\\\/wp-content\\\/uploads\\\/2026\\\/03\\\/Conductor-lesionado-tras-volcamiento-de-camion-en-Cruce-Las-Aranas.jpg\",\"contentUrl\":\"https:\\\/\\\/diarioellabrador.cl\\\/wp-content\\\/uploads\\\/2026\\\/03\\\/Conductor-lesionado-tras-volcamiento-de-camion-en-Cruce-Las-Aranas.jpg\",\"width\":663,\"height\":314},{\"@type\":\"BreadcrumbList\",\"@id\":\"https:\\\/\\\/diarioellabrador.cl\\\/index.php\\\/2026\\\/03\\\/12\\\/conductor-lesionado-tras-volcamiento-de-camion-en-cruce-las-aranas\\\/#breadcrumb\",\"itemListElement\":[{\"@type\":\"ListItem\",\"position\":1,\"name\":\"Portada\",\"item\":\"https:\\\/\\\/diarioellabrador.cl\\\/\"},{\"@type\":\"ListItem\",\"position\":2,\"name\":\"Conductor lesionado tras volcamiento de cami\u00f3n en Cruce Las Ara\u00f1as\"}]},{\"@type\":\"WebSite\",\"@id\":\"https:\\\/\\\/diarioellabrador.cl\\\/#website\",\"url\":\"https:\\\/\\\/diarioellabrador.cl\\\/\",\"name\":\"Diario El Labrador\",\"description\":\"Haciendo noticia desde 1921\",\"publisher\":{\"@id\":\"https:\\\/\\\/diarioellabrador.cl\\\/#organization\"},\"potentialAction\":[{\"@type\":\"SearchAction\",\"target\":{\"@type\":\"EntryPoint\",\"urlTemplate\":\"https:\\\/\\\/diarioellabrador.cl\\\/?s={search_term_string}\"},\"query-input\":{\"@type\":\"PropertyValueSpecification\",\"valueRequired\":true,\"valueName\":\"search_term_string\"}}],\"inLanguage\":\"es\"},{\"@type\":\"Organization\",\"@id\":\"https:\\\/\\\/diarioellabrador.cl\\\/#organization\",\"name\":\"Diario El Labrador\",\"url\":\"https:\\\/\\\/diarioellabrador.cl\\\/\",\"logo\":{\"@type\":\"ImageObject\",\"inLanguage\":\"es\",\"@id\":\"https:\\\/\\\/diarioellabrador.cl\\\/#\\\/schema\\\/logo\\\/image\\\/\",\"url\":\"https:\\\/\\\/diarioellabrador.cl\\\/wp-content\\\/uploads\\\/2025\\\/02\\\/cropped-Logo-Icono.png\",\"contentUrl\":\"https:\\\/\\\/diarioellabrador.cl\\\/wp-content\\\/uploads\\\/2025\\\/02\\\/cropped-Logo-Icono.png\",\"width\":512,\"height\":512,\"caption\":\"Diario El Labrador\"},\"image\":{\"@id\":\"https:\\\/\\\/diarioellabrador.cl\\\/#\\\/schema\\\/logo\\\/image\\\/\"},\"sameAs\":[\"https:\\\/\\\/web.facebook.com\\\/profile.php?id=61576120840621\",\"https:\\\/\\\/x.com\\\/ElLabradorOf\",\"https:\\\/\\\/www.instagram.com\\\/diarioellabradoroficial\\\/\"]},{\"@type\":\"Person\",\"@id\":\"https:\\\/\\\/diarioellabrador.cl\\\/#\\\/schema\\\/person\\\/bc25ff80b4563f9c7f4bd7855df01685\",\"name\":\"Editor\",\"image\":{\"@type\":\"ImageObject\",\"inLanguage\":\"es\",\"@id\":\"https:\\\/\\\/secure.gravatar.com\\\/avatar\\\/109c326cf2be5c04f048c2c2a2b8b6ef44bf3d8d1d3d4c55d0ac40c4bc994684?s=96&d=mm&r=g\",\"url\":\"https:\\\/\\\/secure.gravatar.com\\\/avatar\\\/109c326cf2be5c04f048c2c2a2b8b6ef44bf3d8d1d3d4c55d0ac40c4bc994684?s=96&d=mm&r=g\",\"contentUrl\":\"https:\\\/\\\/secure.gravatar.com\\\/avatar\\\/109c326cf2be5c04f048c2c2a2b8b6ef44bf3d8d1d3d4c55d0ac40c4bc994684?s=96&d=mm&r=g\",\"caption\":\"Editor\"},\"url\":\"https:\\\/\\\/diarioellabrador.cl\\\/index.php\\\/author\\\/editor\\\/\"}]}<\/script>\n<!-- \/ Yoast SEO plugin. -->","yoast_head_json":{"title":"Conductor lesionado tras volcamiento de cami\u00f3n en Cruce Las Ara\u00f1as - Diario El Labrador","robots":{"index":"index","follow":"follow","max-snippet":"max-snippet:-1","max-image-preview":"max-image-preview:large","max-video-preview":"max-video-preview:-1"},"canonical":"https:\/\/diarioellabrador.cl\/index.php\/2026\/03\/12\/conductor-lesionado-tras-volcamiento-de-camion-en-cruce-las-aranas\/","og_locale":"es_ES","og_type":"article","og_title":"Conductor lesionado tras volcamiento de cami\u00f3n en Cruce Las Ara\u00f1as - Diario El Labrador","og_description":"Esta semana se registr\u00f3 un volcamiento en el paso superior Las Ara\u00f1as, en plena ruta de la Fruta, a la altura de la comuna de San Pedro. De acuerdo a los primeros antecedentes, el conductor del veh\u00edculo mayor que transitaba con un conteiner, perdi\u00f3 el control del m\u00f3vil e impact\u00f3 contra las barreras de protecci\u00f3n Leer m\u00e1s","og_url":"https:\/\/diarioellabrador.cl\/index.php\/2026\/03\/12\/conductor-lesionado-tras-volcamiento-de-camion-en-cruce-las-aranas\/","og_site_name":"Diario El Labrador","article_publisher":"https:\/\/web.facebook.com\/profile.php?id=61576120840621","article_published_time":"2026-03-12T22:25:42+00:00","article_modified_time":"2026-03-12T22:25:44+00:00","og_image":[{"width":663,"height":314,"url":"https:\/\/diarioellabrador.cl\/wp-content\/uploads\/2026\/03\/Conductor-lesionado-tras-volcamiento-de-camion-en-Cruce-Las-Aranas.jpg","type":"image\/jpeg"}],"author":"Editor","twitter_card":"summary_large_image","twitter_creator":"@ElLabradorOf","twitter_site":"@ElLabradorOf","twitter_misc":{"Escrito por":"Editor","Tiempo de lectura":"1 minuto"},"schema":{"@context":"https:\/\/schema.org","@graph":[{"@type":"Article","@id":"https:\/\/diarioellabrador.cl\/index.php\/2026\/03\/12\/conductor-lesionado-tras-volcamiento-de-camion-en-cruce-las-aranas\/#article","isPartOf":{"@id":"https:\/\/diarioellabrador.cl\/index.php\/2026\/03\/12\/conductor-lesionado-tras-volcamiento-de-camion-en-cruce-las-aranas\/"},"author":{"name":"Editor","@id":"https:\/\/diarioellabrador.cl\/#\/schema\/person\/bc25ff80b4563f9c7f4bd7855df01685"},"headline":"Conductor lesionado tras volcamiento de cami\u00f3n en Cruce Las Ara\u00f1as","datePublished":"2026-03-12T22:25:42+00:00","dateModified":"2026-03-12T22:25:44+00:00","mainEntityOfPage":{"@id":"https:\/\/diarioellabrador.cl\/index.php\/2026\/03\/12\/conductor-lesionado-tras-volcamiento-de-camion-en-cruce-las-aranas\/"},"wordCount":147,"commentCount":0,"publisher":{"@id":"https:\/\/diarioellabrador.cl\/#organization"},"image":{"@id":"https:\/\/diarioellabrador.cl\/index.php\/2026\/03\/12\/conductor-lesionado-tras-volcamiento-de-camion-en-cruce-las-aranas\/#primaryimage"},"thumbnailUrl":"https:\/\/diarioellabrador.cl\/wp-content\/uploads\/2026\/03\/Conductor-lesionado-tras-volcamiento-de-camion-en-Cruce-Las-Aranas.jpg","articleSection":["Policial"],"inLanguage":"es","potentialAction":[{"@type":"CommentAction","name":"Comment","target":["https:\/\/diarioellabrador.cl\/index.php\/2026\/03\/12\/conductor-lesionado-tras-volcamiento-de-camion-en-cruce-las-aranas\/#respond"]}]},{"@type":"WebPage","@id":"https:\/\/diarioellabrador.cl\/index.php\/2026\/03\/12\/conductor-lesionado-tras-volcamiento-de-camion-en-cruce-las-aranas\/","url":"https:\/\/diarioellabrador.cl\/index.php\/2026\/03\/12\/conductor-lesionado-tras-volcamiento-de-camion-en-cruce-las-aranas\/","name":"Conductor lesionado tras volcamiento de cami\u00f3n en Cruce Las Ara\u00f1as - Diario El Labrador","isPartOf":{"@id":"https:\/\/diarioellabrador.cl\/#website"},"primaryImageOfPage":{"@id":"https:\/\/diarioellabrador.cl\/index.php\/2026\/03\/12\/conductor-lesionado-tras-volcamiento-de-camion-en-cruce-las-aranas\/#primaryimage"},"image":{"@id":"https:\/\/diarioellabrador.cl\/index.php\/2026\/03\/12\/conductor-lesionado-tras-volcamiento-de-camion-en-cruce-las-aranas\/#primaryimage"},"thumbnailUrl":"https:\/\/diarioellabrador.cl\/wp-content\/uploads\/2026\/03\/Conductor-lesionado-tras-volcamiento-de-camion-en-Cruce-Las-Aranas.jpg","datePublished":"2026-03-12T22:25:42+00:00","dateModified":"2026-03-12T22:25:44+00:00","breadcrumb":{"@id":"https:\/\/diarioellabrador.cl\/index.php\/2026\/03\/12\/conductor-lesionado-tras-volcamiento-de-camion-en-cruce-las-aranas\/#breadcrumb"},"inLanguage":"es","potentialAction":[{"@type":"ReadAction","target":["https:\/\/diarioellabrador.cl\/index.php\/2026\/03\/12\/conductor-lesionado-tras-volcamiento-de-camion-en-cruce-las-aranas\/"]}]},{"@type":"ImageObject","inLanguage":"es","@id":"https:\/\/diarioellabrador.cl\/index.php\/2026\/03\/12\/conductor-lesionado-tras-volcamiento-de-camion-en-cruce-las-aranas\/#primaryimage","url":"https:\/\/diarioellabrador.cl\/wp-content\/uploads\/2026\/03\/Conductor-lesionado-tras-volcamiento-de-camion-en-Cruce-Las-Aranas.jpg","contentUrl":"https:\/\/diarioellabrador.cl\/wp-content\/uploads\/2026\/03\/Conductor-lesionado-tras-volcamiento-de-camion-en-Cruce-Las-Aranas.jpg","width":663,"height":314},{"@type":"BreadcrumbList","@id":"https:\/\/diarioellabrador.cl\/index.php\/2026\/03\/12\/conductor-lesionado-tras-volcamiento-de-camion-en-cruce-las-aranas\/#breadcrumb","itemListElement":[{"@type":"ListItem","position":1,"name":"Portada","item":"https:\/\/diarioellabrador.cl\/"},{"@type":"ListItem","position":2,"name":"Conductor lesionado tras volcamiento de cami\u00f3n en Cruce Las Ara\u00f1as"}]},{"@type":"WebSite","@id":"https:\/\/diarioellabrador.cl\/#website","url":"https:\/\/diarioellabrador.cl\/","name":"Diario El Labrador","description":"Haciendo noticia desde 1921","publisher":{"@id":"https:\/\/diarioellabrador.cl\/#organization"},"potentialAction":[{"@type":"SearchAction","target":{"@type":"EntryPoint","urlTemplate":"https:\/\/diarioellabrador.cl\/?s={search_term_string}"},"query-input":{"@type":"PropertyValueSpecification","valueRequired":true,"valueName":"search_term_string"}}],"inLanguage":"es"},{"@type":"Organization","@id":"https:\/\/diarioellabrador.cl\/#organization","name":"Diario El Labrador","url":"https:\/\/diarioellabrador.cl\/","logo":{"@type":"ImageObject","inLanguage":"es","@id":"https:\/\/diarioellabrador.cl\/#\/schema\/logo\/image\/","url":"https:\/\/diarioellabrador.cl\/wp-content\/uploads\/2025\/02\/cropped-Logo-Icono.png","contentUrl":"https:\/\/diarioellabrador.cl\/wp-content\/uploads\/2025\/02\/cropped-Logo-Icono.png","width":512,"height":512,"caption":"Diario El Labrador"},"image":{"@id":"https:\/\/diarioellabrador.cl\/#\/schema\/logo\/image\/"},"sameAs":["https:\/\/web.facebook.com\/profile.php?id=61576120840621","https:\/\/x.com\/ElLabradorOf","https:\/\/www.instagram.com\/diarioellabradoroficial\/"]},{"@type":"Person","@id":"https:\/\/diarioellabrador.cl\/#\/schema\/person\/bc25ff80b4563f9c7f4bd7855df01685","name":"Editor","image":{"@type":"ImageObject","inLanguage":"es","@id":"https:\/\/secure.gravatar.com\/avatar\/109c326cf2be5c04f048c2c2a2b8b6ef44bf3d8d1d3d4c55d0ac40c4bc994684?s=96&d=mm&r=g","url":"https:\/\/secure.gravatar.com\/avatar\/109c326cf2be5c04f048c2c2a2b8b6ef44bf3d8d1d3d4c55d0ac40c4bc994684?s=96&d=mm&r=g","contentUrl":"https:\/\/secure.gravatar.com\/avatar\/109c326cf2be5c04f048c2c2a2b8b6ef44bf3d8d1d3d4c55d0ac40c4bc994684?s=96&d=mm&r=g","caption":"Editor"},"url":"https:\/\/diarioellabrador.cl\/index.php\/author\/editor\/"}]}},"_links":{"self":[{"href":"https:\/\/diarioellabrador.cl\/index.php\/wp-json\/wp\/v2\/posts\/16473","targetHints":{"allow":["GET"]}}],"collection":[{"href":"https:\/\/diarioellabrador.cl\/index.php\/wp-json\/wp\/v2\/posts"}],"about":[{"href":"https:\/\/diarioellabrador.cl\/index.php\/wp-json\/wp\/v2\/types\/post"}],"author":[{"embeddable":true,"href":"https:\/\/diarioellabrador.cl\/index.php\/wp-json\/wp\/v2\/users\/2"}],"replies":[{"embeddable":true,"href":"https:\/\/diarioellabrador.cl\/index.php\/wp-json\/wp\/v2\/comments?post=16473"}],"version-history":[{"count":1,"href":"https:\/\/diarioellabrador.cl\/index.php\/wp-json\/wp\/v2\/posts\/16473\/revisions"}],"predecessor-version":[{"id":16474,"href":"https:\/\/diarioellabrador.cl\/index.php\/wp-json\/wp\/v2\/posts\/16473\/revisions\/16474"}],"wp:featuredmedia":[{"embeddable":true,"href":"https:\/\/diarioellabrador.cl\/index.php\/wp-json\/wp\/v2\/media\/16432"}],"wp:attachment":[{"href":"https:\/\/diarioellabrador.cl\/index.php\/wp-json\/wp\/v2\/media?parent=16473"}],"wp:term":[{"taxonomy":"category","embeddable":true,"href":"https:\/\/diarioellabrador.cl\/index.php\/wp-json\/wp\/v2\/categories?post=16473"},{"taxonomy":"post_tag","embeddable":true,"href":"https:\/\/diarioellabrador.cl\/index.php\/wp-json\/wp\/v2\/tags?post=16473"}],"curies":[{"name":"wp","href":"https:\/\/api.w.org\/{rel}","templated":true}]}}