{"id":16467,"date":"2026-03-12T18:23:44","date_gmt":"2026-03-12T22:23:44","guid":{"rendered":"https:\/\/diarioellabrador.cl\/?p=16467"},"modified":"2026-03-12T18:23:50","modified_gmt":"2026-03-12T22:23:50","slug":"fiscalia-ecoh-investiga-brutal-ataque-que-recibio-el-ex-convencional-rodrigo-rojas-vade","status":"publish","type":"post","link":"https:\/\/diarioellabrador.cl\/index.php\/2026\/03\/12\/fiscalia-ecoh-investiga-brutal-ataque-que-recibio-el-ex-convencional-rodrigo-rojas-vade\/","title":{"rendered":"Fiscal\u00eda ECOH investiga brutal ataque que recibi\u00f3 el ex convencional Rodrigo Rojas Vade"},"content":{"rendered":"\n<p>El ex integrante de la Convenci\u00f3n Constitucional, Rodrigo Rojas Vade, quien fue conocidos en medio de las manifestaciones del estallido social y que tiene Domicilio en el camino El Tr\u00e1nsito en la localidad de Pomaire, fue hallado con graves lesiones en la cabeza, maniatado y rociado con bencina.<\/p>\n\n\n\n<p>Se inform\u00f3 que cerca de las 22.30 horas la v\u00edctima le hab\u00eda dicho a su padre que saldr\u00eda a comprar cigarros en el auto de su hermano, pero no regres\u00f3, por lo que se desconoc\u00eda su paradero. Cerca de las 00.10 horas, personal de Carabineros ubic\u00f3 el veh\u00edculo en la caletera de la Ruta 78, a la altura del kil\u00f3metro 59, donde Rojas Vade se encontraba gravemente herido.<\/p>\n\n\n\n<p>Los funcionarios policiales al llegar al lugar lo encontraron inconsciente y presentaba un profuso sangrado en la cabeza producto de golpes. Asimismo, ten\u00eda las manos maniatadas y estaba rociado con un l\u00edquido acelerante, adem\u00e1s con un plum\u00f3n hab\u00edan escrito algunas consignas pol\u00edticas.<\/p>\n\n\n\n<p>En primera instancia fue trasladado hasta el hospital San Jos\u00e9, donde el equipo m\u00e9dico diagnostic\u00f3 que se encontraba grave y al estar en riesgo vital fue trasladado hasta un recinto asistencial en la capital donde permanece en coma inducido.<\/p>\n\n\n\n<p>La fiscal del Equipo contra el Crimen Organizado y Homicidios (ECOH), Patricia Suazo, afirm\u00f3 que \u00abtenemos bastantes l\u00edneas de investigaci\u00f3n\u00bb donde una de ellas apunta al delito de secuestro. La Polic\u00eda de Investigaciones de Chile qued\u00f3 a cargo de las diligencias que permitan dar con el paradero de los autores de este grave hecho.<\/p>\n","protected":false},"excerpt":{"rendered":"<p>El ex integrante de la Convenci\u00f3n Constitucional, Rodrigo Rojas Vade, quien fue conocidos en medio de las manifestaciones del estallido social y que tiene Domicilio en el camino El Tr\u00e1nsito en la localidad de Pomaire, fue hallado con graves lesiones en la cabeza, maniatado y rociado con bencina. Se inform\u00f3 que cerca de las 22.30<\/p>\n<div class=\"read-more-wrapper\"><a class=\"read-more\" href=\"https:\/\/diarioellabrador.cl\/index.php\/2026\/03\/12\/fiscalia-ecoh-investiga-brutal-ataque-que-recibio-el-ex-convencional-rodrigo-rojas-vade\/\" title=\"Leer m\u00e1s\"> <span class=\"button \">Leer m\u00e1s<\/span><\/a><\/div>\n","protected":false},"author":2,"featured_media":16427,"comment_status":"open","ping_status":"open","sticky":false,"template":"","format":"standard","meta":{"footnotes":""},"categories":[14,3],"tags":[],"class_list":["post-16467","post","type-post","status-publish","format-standard","has-post-thumbnail","hentry","category-destacados","category-policial"],"yoast_head":"<!-- This site is optimized with the Yoast SEO plugin v27.5 - https:\/\/yoast.com\/product\/yoast-seo-wordpress\/ -->\n<title>Fiscal\u00eda ECOH investiga brutal ataque que recibi\u00f3 el ex convencional Rodrigo Rojas Vade - Diario El Labrador<\/title>\n<meta name=\"robots\" content=\"index, follow, max-snippet:-1, max-image-preview:large, max-video-preview:-1\" \/>\n<link rel=\"canonical\" href=\"https:\/\/diarioellabrador.cl\/index.php\/2026\/03\/12\/fiscalia-ecoh-investiga-brutal-ataque-que-recibio-el-ex-convencional-rodrigo-rojas-vade\/\" \/>\n<meta property=\"og:locale\" content=\"es_ES\" \/>\n<meta property=\"og:type\" content=\"article\" \/>\n<meta property=\"og:title\" content=\"Fiscal\u00eda ECOH investiga brutal ataque que recibi\u00f3 el ex convencional Rodrigo Rojas Vade - Diario El Labrador\" \/>\n<meta property=\"og:description\" content=\"El ex integrante de la Convenci\u00f3n Constitucional, Rodrigo Rojas Vade, quien fue conocidos en medio de las manifestaciones del estallido social y que tiene Domicilio en el camino El Tr\u00e1nsito en la localidad de Pomaire, fue hallado con graves lesiones en la cabeza, maniatado y rociado con bencina. Se inform\u00f3 que cerca de las 22.30 Leer m\u00e1s\" \/>\n<meta property=\"og:url\" content=\"https:\/\/diarioellabrador.cl\/index.php\/2026\/03\/12\/fiscalia-ecoh-investiga-brutal-ataque-que-recibio-el-ex-convencional-rodrigo-rojas-vade\/\" \/>\n<meta property=\"og:site_name\" content=\"Diario El Labrador\" \/>\n<meta property=\"article:publisher\" content=\"https:\/\/web.facebook.com\/profile.php?id=61576120840621\" \/>\n<meta property=\"article:published_time\" content=\"2026-03-12T22:23:44+00:00\" \/>\n<meta property=\"article:modified_time\" content=\"2026-03-12T22:23:50+00:00\" \/>\n<meta property=\"og:image\" content=\"https:\/\/diarioellabrador.cl\/wp-content\/uploads\/2026\/03\/Fiscalia-ECOH-investiga-brutal-ataque-que-recibio-el-ex-convencional-Rodrigo-Rojas-Vade.jpeg\" \/>\n\t<meta property=\"og:image:width\" content=\"844\" \/>\n\t<meta property=\"og:image:height\" content=\"475\" \/>\n\t<meta property=\"og:image:type\" content=\"image\/jpeg\" \/>\n<meta name=\"author\" content=\"Editor\" \/>\n<meta name=\"twitter:card\" content=\"summary_large_image\" \/>\n<meta name=\"twitter:creator\" content=\"@ElLabradorOf\" \/>\n<meta name=\"twitter:site\" content=\"@ElLabradorOf\" \/>\n<meta name=\"twitter:label1\" content=\"Escrito por\" \/>\n\t<meta name=\"twitter:data1\" content=\"Editor\" \/>\n\t<meta name=\"twitter:label2\" content=\"Tiempo de lectura\" \/>\n\t<meta name=\"twitter:data2\" content=\"2 minutos\" \/>\n<script type=\"application\/ld+json\" class=\"yoast-schema-graph\">{\"@context\":\"https:\\\/\\\/schema.org\",\"@graph\":[{\"@type\":\"Article\",\"@id\":\"https:\\\/\\\/diarioellabrador.cl\\\/index.php\\\/2026\\\/03\\\/12\\\/fiscalia-ecoh-investiga-brutal-ataque-que-recibio-el-ex-convencional-rodrigo-rojas-vade\\\/#article\",\"isPartOf\":{\"@id\":\"https:\\\/\\\/diarioellabrador.cl\\\/index.php\\\/2026\\\/03\\\/12\\\/fiscalia-ecoh-investiga-brutal-ataque-que-recibio-el-ex-convencional-rodrigo-rojas-vade\\\/\"},\"author\":{\"name\":\"Editor\",\"@id\":\"https:\\\/\\\/diarioellabrador.cl\\\/#\\\/schema\\\/person\\\/bc25ff80b4563f9c7f4bd7855df01685\"},\"headline\":\"Fiscal\u00eda ECOH investiga brutal ataque que recibi\u00f3 el ex convencional Rodrigo Rojas Vade\",\"datePublished\":\"2026-03-12T22:23:44+00:00\",\"dateModified\":\"2026-03-12T22:23:50+00:00\",\"mainEntityOfPage\":{\"@id\":\"https:\\\/\\\/diarioellabrador.cl\\\/index.php\\\/2026\\\/03\\\/12\\\/fiscalia-ecoh-investiga-brutal-ataque-que-recibio-el-ex-convencional-rodrigo-rojas-vade\\\/\"},\"wordCount\":279,\"commentCount\":0,\"publisher\":{\"@id\":\"https:\\\/\\\/diarioellabrador.cl\\\/#organization\"},\"image\":{\"@id\":\"https:\\\/\\\/diarioellabrador.cl\\\/index.php\\\/2026\\\/03\\\/12\\\/fiscalia-ecoh-investiga-brutal-ataque-que-recibio-el-ex-convencional-rodrigo-rojas-vade\\\/#primaryimage\"},\"thumbnailUrl\":\"https:\\\/\\\/diarioellabrador.cl\\\/wp-content\\\/uploads\\\/2026\\\/03\\\/Fiscalia-ECOH-investiga-brutal-ataque-que-recibio-el-ex-convencional-Rodrigo-Rojas-Vade.jpeg\",\"articleSection\":[\"Destacados\",\"Policial\"],\"inLanguage\":\"es\",\"potentialAction\":[{\"@type\":\"CommentAction\",\"name\":\"Comment\",\"target\":[\"https:\\\/\\\/diarioellabrador.cl\\\/index.php\\\/2026\\\/03\\\/12\\\/fiscalia-ecoh-investiga-brutal-ataque-que-recibio-el-ex-convencional-rodrigo-rojas-vade\\\/#respond\"]}]},{\"@type\":\"WebPage\",\"@id\":\"https:\\\/\\\/diarioellabrador.cl\\\/index.php\\\/2026\\\/03\\\/12\\\/fiscalia-ecoh-investiga-brutal-ataque-que-recibio-el-ex-convencional-rodrigo-rojas-vade\\\/\",\"url\":\"https:\\\/\\\/diarioellabrador.cl\\\/index.php\\\/2026\\\/03\\\/12\\\/fiscalia-ecoh-investiga-brutal-ataque-que-recibio-el-ex-convencional-rodrigo-rojas-vade\\\/\",\"name\":\"Fiscal\u00eda ECOH investiga brutal ataque que recibi\u00f3 el ex convencional Rodrigo Rojas Vade - Diario El Labrador\",\"isPartOf\":{\"@id\":\"https:\\\/\\\/diarioellabrador.cl\\\/#website\"},\"primaryImageOfPage\":{\"@id\":\"https:\\\/\\\/diarioellabrador.cl\\\/index.php\\\/2026\\\/03\\\/12\\\/fiscalia-ecoh-investiga-brutal-ataque-que-recibio-el-ex-convencional-rodrigo-rojas-vade\\\/#primaryimage\"},\"image\":{\"@id\":\"https:\\\/\\\/diarioellabrador.cl\\\/index.php\\\/2026\\\/03\\\/12\\\/fiscalia-ecoh-investiga-brutal-ataque-que-recibio-el-ex-convencional-rodrigo-rojas-vade\\\/#primaryimage\"},\"thumbnailUrl\":\"https:\\\/\\\/diarioellabrador.cl\\\/wp-content\\\/uploads\\\/2026\\\/03\\\/Fiscalia-ECOH-investiga-brutal-ataque-que-recibio-el-ex-convencional-Rodrigo-Rojas-Vade.jpeg\",\"datePublished\":\"2026-03-12T22:23:44+00:00\",\"dateModified\":\"2026-03-12T22:23:50+00:00\",\"breadcrumb\":{\"@id\":\"https:\\\/\\\/diarioellabrador.cl\\\/index.php\\\/2026\\\/03\\\/12\\\/fiscalia-ecoh-investiga-brutal-ataque-que-recibio-el-ex-convencional-rodrigo-rojas-vade\\\/#breadcrumb\"},\"inLanguage\":\"es\",\"potentialAction\":[{\"@type\":\"ReadAction\",\"target\":[\"https:\\\/\\\/diarioellabrador.cl\\\/index.php\\\/2026\\\/03\\\/12\\\/fiscalia-ecoh-investiga-brutal-ataque-que-recibio-el-ex-convencional-rodrigo-rojas-vade\\\/\"]}]},{\"@type\":\"ImageObject\",\"inLanguage\":\"es\",\"@id\":\"https:\\\/\\\/diarioellabrador.cl\\\/index.php\\\/2026\\\/03\\\/12\\\/fiscalia-ecoh-investiga-brutal-ataque-que-recibio-el-ex-convencional-rodrigo-rojas-vade\\\/#primaryimage\",\"url\":\"https:\\\/\\\/diarioellabrador.cl\\\/wp-content\\\/uploads\\\/2026\\\/03\\\/Fiscalia-ECOH-investiga-brutal-ataque-que-recibio-el-ex-convencional-Rodrigo-Rojas-Vade.jpeg\",\"contentUrl\":\"https:\\\/\\\/diarioellabrador.cl\\\/wp-content\\\/uploads\\\/2026\\\/03\\\/Fiscalia-ECOH-investiga-brutal-ataque-que-recibio-el-ex-convencional-Rodrigo-Rojas-Vade.jpeg\",\"width\":844,\"height\":475},{\"@type\":\"BreadcrumbList\",\"@id\":\"https:\\\/\\\/diarioellabrador.cl\\\/index.php\\\/2026\\\/03\\\/12\\\/fiscalia-ecoh-investiga-brutal-ataque-que-recibio-el-ex-convencional-rodrigo-rojas-vade\\\/#breadcrumb\",\"itemListElement\":[{\"@type\":\"ListItem\",\"position\":1,\"name\":\"Portada\",\"item\":\"https:\\\/\\\/diarioellabrador.cl\\\/\"},{\"@type\":\"ListItem\",\"position\":2,\"name\":\"Fiscal\u00eda ECOH investiga brutal ataque que recibi\u00f3 el ex convencional Rodrigo Rojas Vade\"}]},{\"@type\":\"WebSite\",\"@id\":\"https:\\\/\\\/diarioellabrador.cl\\\/#website\",\"url\":\"https:\\\/\\\/diarioellabrador.cl\\\/\",\"name\":\"Diario El Labrador\",\"description\":\"Haciendo noticia desde 1921\",\"publisher\":{\"@id\":\"https:\\\/\\\/diarioellabrador.cl\\\/#organization\"},\"potentialAction\":[{\"@type\":\"SearchAction\",\"target\":{\"@type\":\"EntryPoint\",\"urlTemplate\":\"https:\\\/\\\/diarioellabrador.cl\\\/?s={search_term_string}\"},\"query-input\":{\"@type\":\"PropertyValueSpecification\",\"valueRequired\":true,\"valueName\":\"search_term_string\"}}],\"inLanguage\":\"es\"},{\"@type\":\"Organization\",\"@id\":\"https:\\\/\\\/diarioellabrador.cl\\\/#organization\",\"name\":\"Diario El Labrador\",\"url\":\"https:\\\/\\\/diarioellabrador.cl\\\/\",\"logo\":{\"@type\":\"ImageObject\",\"inLanguage\":\"es\",\"@id\":\"https:\\\/\\\/diarioellabrador.cl\\\/#\\\/schema\\\/logo\\\/image\\\/\",\"url\":\"https:\\\/\\\/diarioellabrador.cl\\\/wp-content\\\/uploads\\\/2025\\\/02\\\/cropped-Logo-Icono.png\",\"contentUrl\":\"https:\\\/\\\/diarioellabrador.cl\\\/wp-content\\\/uploads\\\/2025\\\/02\\\/cropped-Logo-Icono.png\",\"width\":512,\"height\":512,\"caption\":\"Diario El Labrador\"},\"image\":{\"@id\":\"https:\\\/\\\/diarioellabrador.cl\\\/#\\\/schema\\\/logo\\\/image\\\/\"},\"sameAs\":[\"https:\\\/\\\/web.facebook.com\\\/profile.php?id=61576120840621\",\"https:\\\/\\\/x.com\\\/ElLabradorOf\",\"https:\\\/\\\/www.instagram.com\\\/diarioellabradoroficial\\\/\"]},{\"@type\":\"Person\",\"@id\":\"https:\\\/\\\/diarioellabrador.cl\\\/#\\\/schema\\\/person\\\/bc25ff80b4563f9c7f4bd7855df01685\",\"name\":\"Editor\",\"image\":{\"@type\":\"ImageObject\",\"inLanguage\":\"es\",\"@id\":\"https:\\\/\\\/secure.gravatar.com\\\/avatar\\\/109c326cf2be5c04f048c2c2a2b8b6ef44bf3d8d1d3d4c55d0ac40c4bc994684?s=96&d=mm&r=g\",\"url\":\"https:\\\/\\\/secure.gravatar.com\\\/avatar\\\/109c326cf2be5c04f048c2c2a2b8b6ef44bf3d8d1d3d4c55d0ac40c4bc994684?s=96&d=mm&r=g\",\"contentUrl\":\"https:\\\/\\\/secure.gravatar.com\\\/avatar\\\/109c326cf2be5c04f048c2c2a2b8b6ef44bf3d8d1d3d4c55d0ac40c4bc994684?s=96&d=mm&r=g\",\"caption\":\"Editor\"},\"url\":\"https:\\\/\\\/diarioellabrador.cl\\\/index.php\\\/author\\\/editor\\\/\"}]}<\/script>\n<!-- \/ Yoast SEO plugin. -->","yoast_head_json":{"title":"Fiscal\u00eda ECOH investiga brutal ataque que recibi\u00f3 el ex convencional Rodrigo Rojas Vade - Diario El Labrador","robots":{"index":"index","follow":"follow","max-snippet":"max-snippet:-1","max-image-preview":"max-image-preview:large","max-video-preview":"max-video-preview:-1"},"canonical":"https:\/\/diarioellabrador.cl\/index.php\/2026\/03\/12\/fiscalia-ecoh-investiga-brutal-ataque-que-recibio-el-ex-convencional-rodrigo-rojas-vade\/","og_locale":"es_ES","og_type":"article","og_title":"Fiscal\u00eda ECOH investiga brutal ataque que recibi\u00f3 el ex convencional Rodrigo Rojas Vade - Diario El Labrador","og_description":"El ex integrante de la Convenci\u00f3n Constitucional, Rodrigo Rojas Vade, quien fue conocidos en medio de las manifestaciones del estallido social y que tiene Domicilio en el camino El Tr\u00e1nsito en la localidad de Pomaire, fue hallado con graves lesiones en la cabeza, maniatado y rociado con bencina. Se inform\u00f3 que cerca de las 22.30 Leer m\u00e1s","og_url":"https:\/\/diarioellabrador.cl\/index.php\/2026\/03\/12\/fiscalia-ecoh-investiga-brutal-ataque-que-recibio-el-ex-convencional-rodrigo-rojas-vade\/","og_site_name":"Diario El Labrador","article_publisher":"https:\/\/web.facebook.com\/profile.php?id=61576120840621","article_published_time":"2026-03-12T22:23:44+00:00","article_modified_time":"2026-03-12T22:23:50+00:00","og_image":[{"width":844,"height":475,"url":"https:\/\/diarioellabrador.cl\/wp-content\/uploads\/2026\/03\/Fiscalia-ECOH-investiga-brutal-ataque-que-recibio-el-ex-convencional-Rodrigo-Rojas-Vade.jpeg","type":"image\/jpeg"}],"author":"Editor","twitter_card":"summary_large_image","twitter_creator":"@ElLabradorOf","twitter_site":"@ElLabradorOf","twitter_misc":{"Escrito por":"Editor","Tiempo de lectura":"2 minutos"},"schema":{"@context":"https:\/\/schema.org","@graph":[{"@type":"Article","@id":"https:\/\/diarioellabrador.cl\/index.php\/2026\/03\/12\/fiscalia-ecoh-investiga-brutal-ataque-que-recibio-el-ex-convencional-rodrigo-rojas-vade\/#article","isPartOf":{"@id":"https:\/\/diarioellabrador.cl\/index.php\/2026\/03\/12\/fiscalia-ecoh-investiga-brutal-ataque-que-recibio-el-ex-convencional-rodrigo-rojas-vade\/"},"author":{"name":"Editor","@id":"https:\/\/diarioellabrador.cl\/#\/schema\/person\/bc25ff80b4563f9c7f4bd7855df01685"},"headline":"Fiscal\u00eda ECOH investiga brutal ataque que recibi\u00f3 el ex convencional Rodrigo Rojas Vade","datePublished":"2026-03-12T22:23:44+00:00","dateModified":"2026-03-12T22:23:50+00:00","mainEntityOfPage":{"@id":"https:\/\/diarioellabrador.cl\/index.php\/2026\/03\/12\/fiscalia-ecoh-investiga-brutal-ataque-que-recibio-el-ex-convencional-rodrigo-rojas-vade\/"},"wordCount":279,"commentCount":0,"publisher":{"@id":"https:\/\/diarioellabrador.cl\/#organization"},"image":{"@id":"https:\/\/diarioellabrador.cl\/index.php\/2026\/03\/12\/fiscalia-ecoh-investiga-brutal-ataque-que-recibio-el-ex-convencional-rodrigo-rojas-vade\/#primaryimage"},"thumbnailUrl":"https:\/\/diarioellabrador.cl\/wp-content\/uploads\/2026\/03\/Fiscalia-ECOH-investiga-brutal-ataque-que-recibio-el-ex-convencional-Rodrigo-Rojas-Vade.jpeg","articleSection":["Destacados","Policial"],"inLanguage":"es","potentialAction":[{"@type":"CommentAction","name":"Comment","target":["https:\/\/diarioellabrador.cl\/index.php\/2026\/03\/12\/fiscalia-ecoh-investiga-brutal-ataque-que-recibio-el-ex-convencional-rodrigo-rojas-vade\/#respond"]}]},{"@type":"WebPage","@id":"https:\/\/diarioellabrador.cl\/index.php\/2026\/03\/12\/fiscalia-ecoh-investiga-brutal-ataque-que-recibio-el-ex-convencional-rodrigo-rojas-vade\/","url":"https:\/\/diarioellabrador.cl\/index.php\/2026\/03\/12\/fiscalia-ecoh-investiga-brutal-ataque-que-recibio-el-ex-convencional-rodrigo-rojas-vade\/","name":"Fiscal\u00eda ECOH investiga brutal ataque que recibi\u00f3 el ex convencional Rodrigo Rojas Vade - Diario El Labrador","isPartOf":{"@id":"https:\/\/diarioellabrador.cl\/#website"},"primaryImageOfPage":{"@id":"https:\/\/diarioellabrador.cl\/index.php\/2026\/03\/12\/fiscalia-ecoh-investiga-brutal-ataque-que-recibio-el-ex-convencional-rodrigo-rojas-vade\/#primaryimage"},"image":{"@id":"https:\/\/diarioellabrador.cl\/index.php\/2026\/03\/12\/fiscalia-ecoh-investiga-brutal-ataque-que-recibio-el-ex-convencional-rodrigo-rojas-vade\/#primaryimage"},"thumbnailUrl":"https:\/\/diarioellabrador.cl\/wp-content\/uploads\/2026\/03\/Fiscalia-ECOH-investiga-brutal-ataque-que-recibio-el-ex-convencional-Rodrigo-Rojas-Vade.jpeg","datePublished":"2026-03-12T22:23:44+00:00","dateModified":"2026-03-12T22:23:50+00:00","breadcrumb":{"@id":"https:\/\/diarioellabrador.cl\/index.php\/2026\/03\/12\/fiscalia-ecoh-investiga-brutal-ataque-que-recibio-el-ex-convencional-rodrigo-rojas-vade\/#breadcrumb"},"inLanguage":"es","potentialAction":[{"@type":"ReadAction","target":["https:\/\/diarioellabrador.cl\/index.php\/2026\/03\/12\/fiscalia-ecoh-investiga-brutal-ataque-que-recibio-el-ex-convencional-rodrigo-rojas-vade\/"]}]},{"@type":"ImageObject","inLanguage":"es","@id":"https:\/\/diarioellabrador.cl\/index.php\/2026\/03\/12\/fiscalia-ecoh-investiga-brutal-ataque-que-recibio-el-ex-convencional-rodrigo-rojas-vade\/#primaryimage","url":"https:\/\/diarioellabrador.cl\/wp-content\/uploads\/2026\/03\/Fiscalia-ECOH-investiga-brutal-ataque-que-recibio-el-ex-convencional-Rodrigo-Rojas-Vade.jpeg","contentUrl":"https:\/\/diarioellabrador.cl\/wp-content\/uploads\/2026\/03\/Fiscalia-ECOH-investiga-brutal-ataque-que-recibio-el-ex-convencional-Rodrigo-Rojas-Vade.jpeg","width":844,"height":475},{"@type":"BreadcrumbList","@id":"https:\/\/diarioellabrador.cl\/index.php\/2026\/03\/12\/fiscalia-ecoh-investiga-brutal-ataque-que-recibio-el-ex-convencional-rodrigo-rojas-vade\/#breadcrumb","itemListElement":[{"@type":"ListItem","position":1,"name":"Portada","item":"https:\/\/diarioellabrador.cl\/"},{"@type":"ListItem","position":2,"name":"Fiscal\u00eda ECOH investiga brutal ataque que recibi\u00f3 el ex convencional Rodrigo Rojas Vade"}]},{"@type":"WebSite","@id":"https:\/\/diarioellabrador.cl\/#website","url":"https:\/\/diarioellabrador.cl\/","name":"Diario El Labrador","description":"Haciendo noticia desde 1921","publisher":{"@id":"https:\/\/diarioellabrador.cl\/#organization"},"potentialAction":[{"@type":"SearchAction","target":{"@type":"EntryPoint","urlTemplate":"https:\/\/diarioellabrador.cl\/?s={search_term_string}"},"query-input":{"@type":"PropertyValueSpecification","valueRequired":true,"valueName":"search_term_string"}}],"inLanguage":"es"},{"@type":"Organization","@id":"https:\/\/diarioellabrador.cl\/#organization","name":"Diario El Labrador","url":"https:\/\/diarioellabrador.cl\/","logo":{"@type":"ImageObject","inLanguage":"es","@id":"https:\/\/diarioellabrador.cl\/#\/schema\/logo\/image\/","url":"https:\/\/diarioellabrador.cl\/wp-content\/uploads\/2025\/02\/cropped-Logo-Icono.png","contentUrl":"https:\/\/diarioellabrador.cl\/wp-content\/uploads\/2025\/02\/cropped-Logo-Icono.png","width":512,"height":512,"caption":"Diario El Labrador"},"image":{"@id":"https:\/\/diarioellabrador.cl\/#\/schema\/logo\/image\/"},"sameAs":["https:\/\/web.facebook.com\/profile.php?id=61576120840621","https:\/\/x.com\/ElLabradorOf","https:\/\/www.instagram.com\/diarioellabradoroficial\/"]},{"@type":"Person","@id":"https:\/\/diarioellabrador.cl\/#\/schema\/person\/bc25ff80b4563f9c7f4bd7855df01685","name":"Editor","image":{"@type":"ImageObject","inLanguage":"es","@id":"https:\/\/secure.gravatar.com\/avatar\/109c326cf2be5c04f048c2c2a2b8b6ef44bf3d8d1d3d4c55d0ac40c4bc994684?s=96&d=mm&r=g","url":"https:\/\/secure.gravatar.com\/avatar\/109c326cf2be5c04f048c2c2a2b8b6ef44bf3d8d1d3d4c55d0ac40c4bc994684?s=96&d=mm&r=g","contentUrl":"https:\/\/secure.gravatar.com\/avatar\/109c326cf2be5c04f048c2c2a2b8b6ef44bf3d8d1d3d4c55d0ac40c4bc994684?s=96&d=mm&r=g","caption":"Editor"},"url":"https:\/\/diarioellabrador.cl\/index.php\/author\/editor\/"}]}},"_links":{"self":[{"href":"https:\/\/diarioellabrador.cl\/index.php\/wp-json\/wp\/v2\/posts\/16467","targetHints":{"allow":["GET"]}}],"collection":[{"href":"https:\/\/diarioellabrador.cl\/index.php\/wp-json\/wp\/v2\/posts"}],"about":[{"href":"https:\/\/diarioellabrador.cl\/index.php\/wp-json\/wp\/v2\/types\/post"}],"author":[{"embeddable":true,"href":"https:\/\/diarioellabrador.cl\/index.php\/wp-json\/wp\/v2\/users\/2"}],"replies":[{"embeddable":true,"href":"https:\/\/diarioellabrador.cl\/index.php\/wp-json\/wp\/v2\/comments?post=16467"}],"version-history":[{"count":1,"href":"https:\/\/diarioellabrador.cl\/index.php\/wp-json\/wp\/v2\/posts\/16467\/revisions"}],"predecessor-version":[{"id":16468,"href":"https:\/\/diarioellabrador.cl\/index.php\/wp-json\/wp\/v2\/posts\/16467\/revisions\/16468"}],"wp:featuredmedia":[{"embeddable":true,"href":"https:\/\/diarioellabrador.cl\/index.php\/wp-json\/wp\/v2\/media\/16427"}],"wp:attachment":[{"href":"https:\/\/diarioellabrador.cl\/index.php\/wp-json\/wp\/v2\/media?parent=16467"}],"wp:term":[{"taxonomy":"category","embeddable":true,"href":"https:\/\/diarioellabrador.cl\/index.php\/wp-json\/wp\/v2\/categories?post=16467"},{"taxonomy":"post_tag","embeddable":true,"href":"https:\/\/diarioellabrador.cl\/index.php\/wp-json\/wp\/v2\/tags?post=16467"}],"curies":[{"name":"wp","href":"https:\/\/api.w.org\/{rel}","templated":true}]}}