{"id":16461,"date":"2026-03-12T18:21:58","date_gmt":"2026-03-12T22:21:58","guid":{"rendered":"https:\/\/diarioellabrador.cl\/?p=16461"},"modified":"2026-03-12T18:21:59","modified_gmt":"2026-03-12T22:21:59","slug":"asociacion-melipilla-dio-la-bienvenida-a-participantes-del-clasificatorio-norte","status":"publish","type":"post","link":"https:\/\/diarioellabrador.cl\/index.php\/2026\/03\/12\/asociacion-melipilla-dio-la-bienvenida-a-participantes-del-clasificatorio-norte\/","title":{"rendered":"Asociaci\u00f3n Melipilla dio la bienvenida a participantes del Clasificatorio Norte"},"content":{"rendered":"\n<p><strong>Autor: <\/strong><a href=\"https:\/\/www.caballoyrodeo.cl\/portal_rodeo\/site\/artic\/20240223\/pags\/20240223201729.html\">Rodrigo Crooker S\u00e1ez<\/a><\/p>\n\n\n\n<p>Con un ambiente cargado de chilenidad y camaderia se realiz\u00f3 la ceremonia oficial de bienvenida para el <strong>Clasificatorio Zona Norte de Melipilla 2026<\/strong>. <strong>El casino de la Medialuna \u00abCarlos Zavala\u00bb de Chocal\u00e1n<\/strong> fue el escenario en el que jinetes y autoridades se reunieron para dar inicio formal a la \u00faltima estaci\u00f3n competitiva que entregar\u00e1 los 44 cupos finales al <strong>77\u00b0 Campeonato Nacional de Rodeo<\/strong> en <strong>Rancagua<\/strong>.<\/p>\n\n\n\n<p>La jornada comenz\u00f3 con el Himno Nacional. Posteriormente, los asistentes disfrutaron de la presentaci\u00f3n de los campeones locales de cueca. <strong>Maite Alvarez<\/strong> junto a <strong>Anthony Pizarro<\/strong> (categor\u00eda Infantil), <strong>Renata Araya<\/strong> con <strong>Mat\u00edas Salinas<\/strong> (Juvenil) y la dupla compuesta por <strong>Martina Guti\u00e9rrez<\/strong> y <strong>Carlos Pinchet<\/strong> (Adulto) deleitaron al p\u00fablico con nuestro baile nacional.<\/p>\n\n\n\n<p>En la ocasi\u00f3n, se presentaron oficialmente las tres candidatas a reina del certamen: <strong>Isidora Armijo Aguilar<\/strong>, <strong>Constanza Calder\u00f3n Romero<\/strong> y <strong>Constanza Far\u00edas Orellana<\/strong>, quienes acompa\u00f1aron el tradicional c\u00f3ctel ofrecido por la organizaci\u00f3n a los participantes que llegaron desde diversas zonas del norte y centro del pa\u00eds.<\/p>\n\n\n\n<p>El presidente de <strong>Asociaci\u00f3n Melipilla<\/strong>, <strong>Johann G\u00fcde<\/strong>, valor\u00f3 el despliegue realizado por su equipo: \u00abAgradezco a todo el equipo de <strong>Melipilla <\/strong>y a los socios que nos ayudaron a desarrollar esta linda fiesta\u00bb, expres\u00f3 el dirigente.<\/p>\n\n\n\n<p><strong>G\u00fcde<\/strong> tambi\u00e9n enfatiz\u00f3 en el compromiso de la instituci\u00f3n desde el inicio de la temporada: \u00abHubo un gran trabajo de todo este equipo, que vale la pena felicitar y destacar. Esperamos que sea una fiesta linda, de camarader\u00eda, y por favor les pido un aplauso para todos los competidores que dar\u00e1n un gran espect\u00e1culo. <strong>Quedan invitados a seguir disfrutando de este rodeo que esperamos que todo salga muy bien<\/strong>\u00ab, a\u00f1adi\u00f3 el timonel melipillano.<\/p>\n\n\n\n<p>Por su parte, el presidente de <strong>Federaci\u00f3n del Rodeo Chileno<\/strong>, <strong>Alfredo Moreno<\/strong>, dedic\u00f3 palabras de reconocimiento al trabajo melipillano. \u00abAgradezco a las autoridades y a la <strong>Asociaci\u00f3n Melipilla<\/strong>. Cuando uno ve este c\u00f3ctel que nos ofrecieron, esto es el campo. Esto es lo que de verdad hace vivir al rodeo: Ver la cueca, a las candidatas a reina y el esfuerzo de los organizadores. <strong>Les deseamos lo mejor a todos, a los organizadores, se nota que han hecho un gran esfuerzo y esperamos que eso se vea en un gran resultado el fin de semana\u00bb,<\/strong> expres\u00f3 el timonel federativo.<\/p>\n\n\n\n<p>Finalmente, <strong>Moreno<\/strong> envi\u00f3 un mensaje a los corredores que buscar\u00e1n cumplir su anhelo de llegar a Rancagua&nbsp;desde este jueves. \u00ab<strong>Much\u00edsimas gracias a todos por acompa\u00f1arnos, todo el \u00e9xito este fin de semana y que sea una gran muestra de rodeo. Viva Chile y viva el rodeo\u00bb<\/strong>, cerr\u00f3 el presidente.<\/p>\n","protected":false},"excerpt":{"rendered":"<p>Autor: Rodrigo Crooker S\u00e1ez Con un ambiente cargado de chilenidad y camaderia se realiz\u00f3 la ceremonia oficial de bienvenida para el Clasificatorio Zona Norte de Melipilla 2026. El casino de la Medialuna \u00abCarlos Zavala\u00bb de Chocal\u00e1n fue el escenario en el que jinetes y autoridades se reunieron para dar inicio formal a la \u00faltima estaci\u00f3n<\/p>\n<div class=\"read-more-wrapper\"><a class=\"read-more\" href=\"https:\/\/diarioellabrador.cl\/index.php\/2026\/03\/12\/asociacion-melipilla-dio-la-bienvenida-a-participantes-del-clasificatorio-norte\/\" title=\"Leer m\u00e1s\"> <span class=\"button \">Leer m\u00e1s<\/span><\/a><\/div>\n","protected":false},"author":2,"featured_media":16446,"comment_status":"open","ping_status":"open","sticky":false,"template":"","format":"standard","meta":{"footnotes":""},"categories":[5],"tags":[],"class_list":["post-16461","post","type-post","status-publish","format-standard","has-post-thumbnail","hentry","category-rodeo"],"yoast_head":"<!-- This site is optimized with the Yoast SEO plugin v27.5 - https:\/\/yoast.com\/product\/yoast-seo-wordpress\/ -->\n<title>Asociaci\u00f3n Melipilla dio la bienvenida a participantes del Clasificatorio Norte - Diario El Labrador<\/title>\n<meta name=\"robots\" content=\"index, follow, max-snippet:-1, max-image-preview:large, max-video-preview:-1\" \/>\n<link rel=\"canonical\" href=\"https:\/\/diarioellabrador.cl\/index.php\/2026\/03\/12\/asociacion-melipilla-dio-la-bienvenida-a-participantes-del-clasificatorio-norte\/\" \/>\n<meta property=\"og:locale\" content=\"es_ES\" \/>\n<meta property=\"og:type\" content=\"article\" \/>\n<meta property=\"og:title\" content=\"Asociaci\u00f3n Melipilla dio la bienvenida a participantes del Clasificatorio Norte - Diario El Labrador\" \/>\n<meta property=\"og:description\" content=\"Autor: Rodrigo Crooker S\u00e1ez Con un ambiente cargado de chilenidad y camaderia se realiz\u00f3 la ceremonia oficial de bienvenida para el Clasificatorio Zona Norte de Melipilla 2026. El casino de la Medialuna \u00abCarlos Zavala\u00bb de Chocal\u00e1n fue el escenario en el que jinetes y autoridades se reunieron para dar inicio formal a la \u00faltima estaci\u00f3n Leer m\u00e1s\" \/>\n<meta property=\"og:url\" content=\"https:\/\/diarioellabrador.cl\/index.php\/2026\/03\/12\/asociacion-melipilla-dio-la-bienvenida-a-participantes-del-clasificatorio-norte\/\" \/>\n<meta property=\"og:site_name\" content=\"Diario El Labrador\" \/>\n<meta property=\"article:publisher\" content=\"https:\/\/web.facebook.com\/profile.php?id=61576120840621\" \/>\n<meta property=\"article:published_time\" content=\"2026-03-12T22:21:58+00:00\" \/>\n<meta property=\"article:modified_time\" content=\"2026-03-12T22:21:59+00:00\" \/>\n<meta property=\"og:image\" content=\"https:\/\/diarioellabrador.cl\/wp-content\/uploads\/2026\/03\/Asociacion-Melipilla-dio-la-bienvenida-a-participantes-del-Clasificatorio-Norte.jpg\" \/>\n\t<meta property=\"og:image:width\" content=\"750\" \/>\n\t<meta property=\"og:image:height\" content=\"389\" \/>\n\t<meta property=\"og:image:type\" content=\"image\/jpeg\" \/>\n<meta name=\"author\" content=\"Editor\" \/>\n<meta name=\"twitter:card\" content=\"summary_large_image\" \/>\n<meta name=\"twitter:creator\" content=\"@ElLabradorOf\" \/>\n<meta name=\"twitter:site\" content=\"@ElLabradorOf\" \/>\n<meta name=\"twitter:label1\" content=\"Escrito por\" \/>\n\t<meta name=\"twitter:data1\" content=\"Editor\" \/>\n\t<meta name=\"twitter:label2\" content=\"Tiempo de lectura\" \/>\n\t<meta name=\"twitter:data2\" content=\"2 minutos\" \/>\n<script type=\"application\/ld+json\" class=\"yoast-schema-graph\">{\"@context\":\"https:\\\/\\\/schema.org\",\"@graph\":[{\"@type\":\"Article\",\"@id\":\"https:\\\/\\\/diarioellabrador.cl\\\/index.php\\\/2026\\\/03\\\/12\\\/asociacion-melipilla-dio-la-bienvenida-a-participantes-del-clasificatorio-norte\\\/#article\",\"isPartOf\":{\"@id\":\"https:\\\/\\\/diarioellabrador.cl\\\/index.php\\\/2026\\\/03\\\/12\\\/asociacion-melipilla-dio-la-bienvenida-a-participantes-del-clasificatorio-norte\\\/\"},\"author\":{\"name\":\"Editor\",\"@id\":\"https:\\\/\\\/diarioellabrador.cl\\\/#\\\/schema\\\/person\\\/bc25ff80b4563f9c7f4bd7855df01685\"},\"headline\":\"Asociaci\u00f3n Melipilla dio la bienvenida a participantes del Clasificatorio Norte\",\"datePublished\":\"2026-03-12T22:21:58+00:00\",\"dateModified\":\"2026-03-12T22:21:59+00:00\",\"mainEntityOfPage\":{\"@id\":\"https:\\\/\\\/diarioellabrador.cl\\\/index.php\\\/2026\\\/03\\\/12\\\/asociacion-melipilla-dio-la-bienvenida-a-participantes-del-clasificatorio-norte\\\/\"},\"wordCount\":465,\"commentCount\":0,\"publisher\":{\"@id\":\"https:\\\/\\\/diarioellabrador.cl\\\/#organization\"},\"image\":{\"@id\":\"https:\\\/\\\/diarioellabrador.cl\\\/index.php\\\/2026\\\/03\\\/12\\\/asociacion-melipilla-dio-la-bienvenida-a-participantes-del-clasificatorio-norte\\\/#primaryimage\"},\"thumbnailUrl\":\"https:\\\/\\\/diarioellabrador.cl\\\/wp-content\\\/uploads\\\/2026\\\/03\\\/Asociacion-Melipilla-dio-la-bienvenida-a-participantes-del-Clasificatorio-Norte.jpg\",\"articleSection\":[\"Rodeo\"],\"inLanguage\":\"es\",\"potentialAction\":[{\"@type\":\"CommentAction\",\"name\":\"Comment\",\"target\":[\"https:\\\/\\\/diarioellabrador.cl\\\/index.php\\\/2026\\\/03\\\/12\\\/asociacion-melipilla-dio-la-bienvenida-a-participantes-del-clasificatorio-norte\\\/#respond\"]}]},{\"@type\":\"WebPage\",\"@id\":\"https:\\\/\\\/diarioellabrador.cl\\\/index.php\\\/2026\\\/03\\\/12\\\/asociacion-melipilla-dio-la-bienvenida-a-participantes-del-clasificatorio-norte\\\/\",\"url\":\"https:\\\/\\\/diarioellabrador.cl\\\/index.php\\\/2026\\\/03\\\/12\\\/asociacion-melipilla-dio-la-bienvenida-a-participantes-del-clasificatorio-norte\\\/\",\"name\":\"Asociaci\u00f3n Melipilla dio la bienvenida a participantes del Clasificatorio Norte - Diario El Labrador\",\"isPartOf\":{\"@id\":\"https:\\\/\\\/diarioellabrador.cl\\\/#website\"},\"primaryImageOfPage\":{\"@id\":\"https:\\\/\\\/diarioellabrador.cl\\\/index.php\\\/2026\\\/03\\\/12\\\/asociacion-melipilla-dio-la-bienvenida-a-participantes-del-clasificatorio-norte\\\/#primaryimage\"},\"image\":{\"@id\":\"https:\\\/\\\/diarioellabrador.cl\\\/index.php\\\/2026\\\/03\\\/12\\\/asociacion-melipilla-dio-la-bienvenida-a-participantes-del-clasificatorio-norte\\\/#primaryimage\"},\"thumbnailUrl\":\"https:\\\/\\\/diarioellabrador.cl\\\/wp-content\\\/uploads\\\/2026\\\/03\\\/Asociacion-Melipilla-dio-la-bienvenida-a-participantes-del-Clasificatorio-Norte.jpg\",\"datePublished\":\"2026-03-12T22:21:58+00:00\",\"dateModified\":\"2026-03-12T22:21:59+00:00\",\"breadcrumb\":{\"@id\":\"https:\\\/\\\/diarioellabrador.cl\\\/index.php\\\/2026\\\/03\\\/12\\\/asociacion-melipilla-dio-la-bienvenida-a-participantes-del-clasificatorio-norte\\\/#breadcrumb\"},\"inLanguage\":\"es\",\"potentialAction\":[{\"@type\":\"ReadAction\",\"target\":[\"https:\\\/\\\/diarioellabrador.cl\\\/index.php\\\/2026\\\/03\\\/12\\\/asociacion-melipilla-dio-la-bienvenida-a-participantes-del-clasificatorio-norte\\\/\"]}]},{\"@type\":\"ImageObject\",\"inLanguage\":\"es\",\"@id\":\"https:\\\/\\\/diarioellabrador.cl\\\/index.php\\\/2026\\\/03\\\/12\\\/asociacion-melipilla-dio-la-bienvenida-a-participantes-del-clasificatorio-norte\\\/#primaryimage\",\"url\":\"https:\\\/\\\/diarioellabrador.cl\\\/wp-content\\\/uploads\\\/2026\\\/03\\\/Asociacion-Melipilla-dio-la-bienvenida-a-participantes-del-Clasificatorio-Norte.jpg\",\"contentUrl\":\"https:\\\/\\\/diarioellabrador.cl\\\/wp-content\\\/uploads\\\/2026\\\/03\\\/Asociacion-Melipilla-dio-la-bienvenida-a-participantes-del-Clasificatorio-Norte.jpg\",\"width\":750,\"height\":389},{\"@type\":\"BreadcrumbList\",\"@id\":\"https:\\\/\\\/diarioellabrador.cl\\\/index.php\\\/2026\\\/03\\\/12\\\/asociacion-melipilla-dio-la-bienvenida-a-participantes-del-clasificatorio-norte\\\/#breadcrumb\",\"itemListElement\":[{\"@type\":\"ListItem\",\"position\":1,\"name\":\"Portada\",\"item\":\"https:\\\/\\\/diarioellabrador.cl\\\/\"},{\"@type\":\"ListItem\",\"position\":2,\"name\":\"Asociaci\u00f3n Melipilla dio la bienvenida a participantes del Clasificatorio Norte\"}]},{\"@type\":\"WebSite\",\"@id\":\"https:\\\/\\\/diarioellabrador.cl\\\/#website\",\"url\":\"https:\\\/\\\/diarioellabrador.cl\\\/\",\"name\":\"Diario El Labrador\",\"description\":\"Haciendo noticia desde 1921\",\"publisher\":{\"@id\":\"https:\\\/\\\/diarioellabrador.cl\\\/#organization\"},\"potentialAction\":[{\"@type\":\"SearchAction\",\"target\":{\"@type\":\"EntryPoint\",\"urlTemplate\":\"https:\\\/\\\/diarioellabrador.cl\\\/?s={search_term_string}\"},\"query-input\":{\"@type\":\"PropertyValueSpecification\",\"valueRequired\":true,\"valueName\":\"search_term_string\"}}],\"inLanguage\":\"es\"},{\"@type\":\"Organization\",\"@id\":\"https:\\\/\\\/diarioellabrador.cl\\\/#organization\",\"name\":\"Diario El Labrador\",\"url\":\"https:\\\/\\\/diarioellabrador.cl\\\/\",\"logo\":{\"@type\":\"ImageObject\",\"inLanguage\":\"es\",\"@id\":\"https:\\\/\\\/diarioellabrador.cl\\\/#\\\/schema\\\/logo\\\/image\\\/\",\"url\":\"https:\\\/\\\/diarioellabrador.cl\\\/wp-content\\\/uploads\\\/2025\\\/02\\\/cropped-Logo-Icono.png\",\"contentUrl\":\"https:\\\/\\\/diarioellabrador.cl\\\/wp-content\\\/uploads\\\/2025\\\/02\\\/cropped-Logo-Icono.png\",\"width\":512,\"height\":512,\"caption\":\"Diario El Labrador\"},\"image\":{\"@id\":\"https:\\\/\\\/diarioellabrador.cl\\\/#\\\/schema\\\/logo\\\/image\\\/\"},\"sameAs\":[\"https:\\\/\\\/web.facebook.com\\\/profile.php?id=61576120840621\",\"https:\\\/\\\/x.com\\\/ElLabradorOf\",\"https:\\\/\\\/www.instagram.com\\\/diarioellabradoroficial\\\/\"]},{\"@type\":\"Person\",\"@id\":\"https:\\\/\\\/diarioellabrador.cl\\\/#\\\/schema\\\/person\\\/bc25ff80b4563f9c7f4bd7855df01685\",\"name\":\"Editor\",\"image\":{\"@type\":\"ImageObject\",\"inLanguage\":\"es\",\"@id\":\"https:\\\/\\\/secure.gravatar.com\\\/avatar\\\/109c326cf2be5c04f048c2c2a2b8b6ef44bf3d8d1d3d4c55d0ac40c4bc994684?s=96&d=mm&r=g\",\"url\":\"https:\\\/\\\/secure.gravatar.com\\\/avatar\\\/109c326cf2be5c04f048c2c2a2b8b6ef44bf3d8d1d3d4c55d0ac40c4bc994684?s=96&d=mm&r=g\",\"contentUrl\":\"https:\\\/\\\/secure.gravatar.com\\\/avatar\\\/109c326cf2be5c04f048c2c2a2b8b6ef44bf3d8d1d3d4c55d0ac40c4bc994684?s=96&d=mm&r=g\",\"caption\":\"Editor\"},\"url\":\"https:\\\/\\\/diarioellabrador.cl\\\/index.php\\\/author\\\/editor\\\/\"}]}<\/script>\n<!-- \/ Yoast SEO plugin. -->","yoast_head_json":{"title":"Asociaci\u00f3n Melipilla dio la bienvenida a participantes del Clasificatorio Norte - Diario El Labrador","robots":{"index":"index","follow":"follow","max-snippet":"max-snippet:-1","max-image-preview":"max-image-preview:large","max-video-preview":"max-video-preview:-1"},"canonical":"https:\/\/diarioellabrador.cl\/index.php\/2026\/03\/12\/asociacion-melipilla-dio-la-bienvenida-a-participantes-del-clasificatorio-norte\/","og_locale":"es_ES","og_type":"article","og_title":"Asociaci\u00f3n Melipilla dio la bienvenida a participantes del Clasificatorio Norte - Diario El Labrador","og_description":"Autor: Rodrigo Crooker S\u00e1ez Con un ambiente cargado de chilenidad y camaderia se realiz\u00f3 la ceremonia oficial de bienvenida para el Clasificatorio Zona Norte de Melipilla 2026. El casino de la Medialuna \u00abCarlos Zavala\u00bb de Chocal\u00e1n fue el escenario en el que jinetes y autoridades se reunieron para dar inicio formal a la \u00faltima estaci\u00f3n Leer m\u00e1s","og_url":"https:\/\/diarioellabrador.cl\/index.php\/2026\/03\/12\/asociacion-melipilla-dio-la-bienvenida-a-participantes-del-clasificatorio-norte\/","og_site_name":"Diario El Labrador","article_publisher":"https:\/\/web.facebook.com\/profile.php?id=61576120840621","article_published_time":"2026-03-12T22:21:58+00:00","article_modified_time":"2026-03-12T22:21:59+00:00","og_image":[{"width":750,"height":389,"url":"https:\/\/diarioellabrador.cl\/wp-content\/uploads\/2026\/03\/Asociacion-Melipilla-dio-la-bienvenida-a-participantes-del-Clasificatorio-Norte.jpg","type":"image\/jpeg"}],"author":"Editor","twitter_card":"summary_large_image","twitter_creator":"@ElLabradorOf","twitter_site":"@ElLabradorOf","twitter_misc":{"Escrito por":"Editor","Tiempo de lectura":"2 minutos"},"schema":{"@context":"https:\/\/schema.org","@graph":[{"@type":"Article","@id":"https:\/\/diarioellabrador.cl\/index.php\/2026\/03\/12\/asociacion-melipilla-dio-la-bienvenida-a-participantes-del-clasificatorio-norte\/#article","isPartOf":{"@id":"https:\/\/diarioellabrador.cl\/index.php\/2026\/03\/12\/asociacion-melipilla-dio-la-bienvenida-a-participantes-del-clasificatorio-norte\/"},"author":{"name":"Editor","@id":"https:\/\/diarioellabrador.cl\/#\/schema\/person\/bc25ff80b4563f9c7f4bd7855df01685"},"headline":"Asociaci\u00f3n Melipilla dio la bienvenida a participantes del Clasificatorio Norte","datePublished":"2026-03-12T22:21:58+00:00","dateModified":"2026-03-12T22:21:59+00:00","mainEntityOfPage":{"@id":"https:\/\/diarioellabrador.cl\/index.php\/2026\/03\/12\/asociacion-melipilla-dio-la-bienvenida-a-participantes-del-clasificatorio-norte\/"},"wordCount":465,"commentCount":0,"publisher":{"@id":"https:\/\/diarioellabrador.cl\/#organization"},"image":{"@id":"https:\/\/diarioellabrador.cl\/index.php\/2026\/03\/12\/asociacion-melipilla-dio-la-bienvenida-a-participantes-del-clasificatorio-norte\/#primaryimage"},"thumbnailUrl":"https:\/\/diarioellabrador.cl\/wp-content\/uploads\/2026\/03\/Asociacion-Melipilla-dio-la-bienvenida-a-participantes-del-Clasificatorio-Norte.jpg","articleSection":["Rodeo"],"inLanguage":"es","potentialAction":[{"@type":"CommentAction","name":"Comment","target":["https:\/\/diarioellabrador.cl\/index.php\/2026\/03\/12\/asociacion-melipilla-dio-la-bienvenida-a-participantes-del-clasificatorio-norte\/#respond"]}]},{"@type":"WebPage","@id":"https:\/\/diarioellabrador.cl\/index.php\/2026\/03\/12\/asociacion-melipilla-dio-la-bienvenida-a-participantes-del-clasificatorio-norte\/","url":"https:\/\/diarioellabrador.cl\/index.php\/2026\/03\/12\/asociacion-melipilla-dio-la-bienvenida-a-participantes-del-clasificatorio-norte\/","name":"Asociaci\u00f3n Melipilla dio la bienvenida a participantes del Clasificatorio Norte - Diario El Labrador","isPartOf":{"@id":"https:\/\/diarioellabrador.cl\/#website"},"primaryImageOfPage":{"@id":"https:\/\/diarioellabrador.cl\/index.php\/2026\/03\/12\/asociacion-melipilla-dio-la-bienvenida-a-participantes-del-clasificatorio-norte\/#primaryimage"},"image":{"@id":"https:\/\/diarioellabrador.cl\/index.php\/2026\/03\/12\/asociacion-melipilla-dio-la-bienvenida-a-participantes-del-clasificatorio-norte\/#primaryimage"},"thumbnailUrl":"https:\/\/diarioellabrador.cl\/wp-content\/uploads\/2026\/03\/Asociacion-Melipilla-dio-la-bienvenida-a-participantes-del-Clasificatorio-Norte.jpg","datePublished":"2026-03-12T22:21:58+00:00","dateModified":"2026-03-12T22:21:59+00:00","breadcrumb":{"@id":"https:\/\/diarioellabrador.cl\/index.php\/2026\/03\/12\/asociacion-melipilla-dio-la-bienvenida-a-participantes-del-clasificatorio-norte\/#breadcrumb"},"inLanguage":"es","potentialAction":[{"@type":"ReadAction","target":["https:\/\/diarioellabrador.cl\/index.php\/2026\/03\/12\/asociacion-melipilla-dio-la-bienvenida-a-participantes-del-clasificatorio-norte\/"]}]},{"@type":"ImageObject","inLanguage":"es","@id":"https:\/\/diarioellabrador.cl\/index.php\/2026\/03\/12\/asociacion-melipilla-dio-la-bienvenida-a-participantes-del-clasificatorio-norte\/#primaryimage","url":"https:\/\/diarioellabrador.cl\/wp-content\/uploads\/2026\/03\/Asociacion-Melipilla-dio-la-bienvenida-a-participantes-del-Clasificatorio-Norte.jpg","contentUrl":"https:\/\/diarioellabrador.cl\/wp-content\/uploads\/2026\/03\/Asociacion-Melipilla-dio-la-bienvenida-a-participantes-del-Clasificatorio-Norte.jpg","width":750,"height":389},{"@type":"BreadcrumbList","@id":"https:\/\/diarioellabrador.cl\/index.php\/2026\/03\/12\/asociacion-melipilla-dio-la-bienvenida-a-participantes-del-clasificatorio-norte\/#breadcrumb","itemListElement":[{"@type":"ListItem","position":1,"name":"Portada","item":"https:\/\/diarioellabrador.cl\/"},{"@type":"ListItem","position":2,"name":"Asociaci\u00f3n Melipilla dio la bienvenida a participantes del Clasificatorio Norte"}]},{"@type":"WebSite","@id":"https:\/\/diarioellabrador.cl\/#website","url":"https:\/\/diarioellabrador.cl\/","name":"Diario El Labrador","description":"Haciendo noticia desde 1921","publisher":{"@id":"https:\/\/diarioellabrador.cl\/#organization"},"potentialAction":[{"@type":"SearchAction","target":{"@type":"EntryPoint","urlTemplate":"https:\/\/diarioellabrador.cl\/?s={search_term_string}"},"query-input":{"@type":"PropertyValueSpecification","valueRequired":true,"valueName":"search_term_string"}}],"inLanguage":"es"},{"@type":"Organization","@id":"https:\/\/diarioellabrador.cl\/#organization","name":"Diario El Labrador","url":"https:\/\/diarioellabrador.cl\/","logo":{"@type":"ImageObject","inLanguage":"es","@id":"https:\/\/diarioellabrador.cl\/#\/schema\/logo\/image\/","url":"https:\/\/diarioellabrador.cl\/wp-content\/uploads\/2025\/02\/cropped-Logo-Icono.png","contentUrl":"https:\/\/diarioellabrador.cl\/wp-content\/uploads\/2025\/02\/cropped-Logo-Icono.png","width":512,"height":512,"caption":"Diario El Labrador"},"image":{"@id":"https:\/\/diarioellabrador.cl\/#\/schema\/logo\/image\/"},"sameAs":["https:\/\/web.facebook.com\/profile.php?id=61576120840621","https:\/\/x.com\/ElLabradorOf","https:\/\/www.instagram.com\/diarioellabradoroficial\/"]},{"@type":"Person","@id":"https:\/\/diarioellabrador.cl\/#\/schema\/person\/bc25ff80b4563f9c7f4bd7855df01685","name":"Editor","image":{"@type":"ImageObject","inLanguage":"es","@id":"https:\/\/secure.gravatar.com\/avatar\/109c326cf2be5c04f048c2c2a2b8b6ef44bf3d8d1d3d4c55d0ac40c4bc994684?s=96&d=mm&r=g","url":"https:\/\/secure.gravatar.com\/avatar\/109c326cf2be5c04f048c2c2a2b8b6ef44bf3d8d1d3d4c55d0ac40c4bc994684?s=96&d=mm&r=g","contentUrl":"https:\/\/secure.gravatar.com\/avatar\/109c326cf2be5c04f048c2c2a2b8b6ef44bf3d8d1d3d4c55d0ac40c4bc994684?s=96&d=mm&r=g","caption":"Editor"},"url":"https:\/\/diarioellabrador.cl\/index.php\/author\/editor\/"}]}},"_links":{"self":[{"href":"https:\/\/diarioellabrador.cl\/index.php\/wp-json\/wp\/v2\/posts\/16461","targetHints":{"allow":["GET"]}}],"collection":[{"href":"https:\/\/diarioellabrador.cl\/index.php\/wp-json\/wp\/v2\/posts"}],"about":[{"href":"https:\/\/diarioellabrador.cl\/index.php\/wp-json\/wp\/v2\/types\/post"}],"author":[{"embeddable":true,"href":"https:\/\/diarioellabrador.cl\/index.php\/wp-json\/wp\/v2\/users\/2"}],"replies":[{"embeddable":true,"href":"https:\/\/diarioellabrador.cl\/index.php\/wp-json\/wp\/v2\/comments?post=16461"}],"version-history":[{"count":1,"href":"https:\/\/diarioellabrador.cl\/index.php\/wp-json\/wp\/v2\/posts\/16461\/revisions"}],"predecessor-version":[{"id":16462,"href":"https:\/\/diarioellabrador.cl\/index.php\/wp-json\/wp\/v2\/posts\/16461\/revisions\/16462"}],"wp:featuredmedia":[{"embeddable":true,"href":"https:\/\/diarioellabrador.cl\/index.php\/wp-json\/wp\/v2\/media\/16446"}],"wp:attachment":[{"href":"https:\/\/diarioellabrador.cl\/index.php\/wp-json\/wp\/v2\/media?parent=16461"}],"wp:term":[{"taxonomy":"category","embeddable":true,"href":"https:\/\/diarioellabrador.cl\/index.php\/wp-json\/wp\/v2\/categories?post=16461"},{"taxonomy":"post_tag","embeddable":true,"href":"https:\/\/diarioellabrador.cl\/index.php\/wp-json\/wp\/v2\/tags?post=16461"}],"curies":[{"name":"wp","href":"https:\/\/api.w.org\/{rel}","templated":true}]}}