{"id":16459,"date":"2026-03-12T18:21:30","date_gmt":"2026-03-12T22:21:30","guid":{"rendered":"https:\/\/diarioellabrador.cl\/?p=16459"},"modified":"2026-03-12T18:21:32","modified_gmt":"2026-03-12T22:21:32","slug":"los-datos-imperdibles-del-clasificatorio-zona-norte-de-melipilla","status":"publish","type":"post","link":"https:\/\/diarioellabrador.cl\/index.php\/2026\/03\/12\/los-datos-imperdibles-del-clasificatorio-zona-norte-de-melipilla\/","title":{"rendered":"Los datos imperdibles del Clasificatorio Zona Norte de Melipilla"},"content":{"rendered":"\n<p><strong>Autor: <\/strong><a href=\"https:\/\/www.caballoyrodeo.cl\/portal_rodeo\/site\/tax\/port\/all\/taxport____1.html\">Caballoyrodeo.cl<\/a><\/p>\n\n\n\n<p>Entre el 12 y 15 de marzo se disputar\u00e1 el <strong>Clasificatorio Zona Norte <\/strong>en la <strong>Medialuna \u00abCarlos Zavala\u00bb de Chocal\u00e1n, en Melipilla, <\/strong>\u00faltima estaci\u00f3n rumbo al <strong>77\u00b0 Campeonato Nacional de Rodeo<\/strong>. El evento corralero es organizado por la <strong>Asociaci\u00f3n Melipilla<\/strong>, presidida por <strong>Johann G\u00fcde.<\/strong><\/p>\n\n\n\n<p>En esta nota repasamos algunos datos de inter\u00e9s sobre el selectivo:<\/p>\n\n\n\n<h3 class=\"wp-block-heading\"><strong>Sede<\/strong><\/h3>\n\n\n\n<p>El rodeo se realizar\u00e1 en la Medialuna \u00abCarlos Zavala\u00bb. ubicada en Melipilla. Regi\u00f3n Metropolitana.<\/p>\n\n\n\n<h3 class=\"wp-block-heading\"><strong>Entradas<\/strong><\/h3>\n\n\n\n<p>Las entradas se pueden comprar a trav\u00e9s de Ticketplus y adem\u00e1s en las boleter\u00edas del recinto.<\/p>\n\n\n\n<h3 class=\"wp-block-heading\"><strong>Programa<\/strong><\/h3>\n\n\n\n<p>El Clasificatorio comenzar\u00e1 este mi\u00e9rcoles 11 de marzo con las acreditaciones y un c\u00f3ctel de bienvenida.<\/p>\n\n\n\n<p>El jueves 12, se abri\u00f3 la Serie Criaderos a las 07:30 horas, para despu\u00e9s, en forma continuada realizar la Serie Caballos, la Serie Yeguas, la ceremonia de inauguraci\u00f3n y la Serie Potros.<\/p>\n\n\n\n<p>El viernes 13, la acci\u00f3n en las quinchas comenzar\u00e1 a las 07:30 horas con la Serie Mixta, seguida de la Primera Serie Libre A y Primera Serie Libre B.<\/p>\n\n\n\n<p>El s\u00e1bado 14 de marzo se disputar\u00e1 desde las 07:30 horas la Segunda Serie Libre A, para continuar con la Segunda Serie Libre B y terminar con la Tercera Serie Libre A.<\/p>\n\n\n\n<p>El domingo 15, se correr\u00e1 a las 07:30 horas la Tercera Serie Libre B, en forma continuada se har\u00e1 la final del Movimiento a la Rienda y desde las 15:00 horas se iniciar\u00e1n las actividades de la Serie de Campeones.<\/p>\n\n\n\n<p><a href=\"https:\/\/www.caballoyrodeo.cl\/portal_rodeo\/site\/artic\/20260309\/pags\/20260309180128.html\"><strong>Revisa aqu\u00ed el programa con m\u00e1s detalle<\/strong><\/a><\/p>\n\n\n\n<h3 class=\"wp-block-heading\"><strong>El Tiempo<\/strong><\/h3>\n\n\n\n<p>Viernes 13 de marzo: Soleado. 27\u00b0 la m\u00e1xima y 12\u00b0 la m\u00ednima.<\/p>\n\n\n\n<p>S\u00e1bado 14 de marzo: Soleado. 28\u00b0 la m\u00e1xima y 11\u00b0 la m\u00ednima.<\/p>\n\n\n\n<p>Domingo 15 de marzo: Soleado, variando a nubes y claros. 25\u00b0 la m\u00e1xima y 9\u00b0 la m\u00ednima.<\/p>\n\n\n\n<p><a href=\"https:\/\/www.meteored.cl\/tiempo-en_San+Clemente-America+Sur-Chile-Maule--1-18206.html\">Fuente: meteored.cl<\/a><\/p>\n\n\n\n<h3 class=\"wp-block-heading\"><strong>Autoridades y jurados<\/strong><\/h3>\n\n\n\n<p><strong>Delegados:<\/strong> Ariel Clavel y Julio C\u00e9sar L\u00f3pez.<\/p>\n\n\n\n<p><strong>Jurados:<\/strong> Francisco Verdugo, Ra\u00fal Flor\u00edn, Alfredo Acu\u00f1a, Ignacio Navarro, Iv\u00e1n Az\u00faa y Claudio Del Campo.<\/p>\n\n\n\n<h3 class=\"wp-block-heading\"><strong>Cupos a Rancagua<\/strong><\/h3>\n\n\n\n<p>El Clasificatorio Zona Norte entregar\u00e1 <a href=\"https:\/\/www.facebook.com\/photo?fbid=1341355198026973&amp;set=a.547237317438769\">44 cupos<\/a> para el 77\u00b0 Campeonato Nacional de Rodeo. La collera campeona entrar\u00e1 directamente a la Final Nacional en la Monumental.<\/p>\n\n\n\n<h3 class=\"wp-block-heading\"><strong>Las cantoras<\/strong><\/h3>\n\n\n\n<p>En este Clasificatorio las cantoras ser\u00e1n <strong>Lorena Oyarz\u00fan y Constanza Vergara<\/strong><strong>.<\/strong><\/p>\n\n\n\n<h3 class=\"wp-block-heading\"><strong>La cobertura por streaming de video<\/strong><\/h3>\n\n\n\n<p>La transmisi\u00f3n en vivo del Clasificatorio estar\u00e1 a cargo de<a href=\"https:\/\/www.youtube.com\/@CardemilyCorreaTV\/featured\"> Rodeo en Vivo.<\/a><\/p>\n","protected":false},"excerpt":{"rendered":"<p>Autor: Caballoyrodeo.cl Entre el 12 y 15 de marzo se disputar\u00e1 el Clasificatorio Zona Norte en la Medialuna \u00abCarlos Zavala\u00bb de Chocal\u00e1n, en Melipilla, \u00faltima estaci\u00f3n rumbo al 77\u00b0 Campeonato Nacional de Rodeo. El evento corralero es organizado por la Asociaci\u00f3n Melipilla, presidida por Johann G\u00fcde. En esta nota repasamos algunos datos de inter\u00e9s sobre<\/p>\n<div class=\"read-more-wrapper\"><a class=\"read-more\" href=\"https:\/\/diarioellabrador.cl\/index.php\/2026\/03\/12\/los-datos-imperdibles-del-clasificatorio-zona-norte-de-melipilla\/\" title=\"Leer m\u00e1s\"> <span class=\"button \">Leer m\u00e1s<\/span><\/a><\/div>\n","protected":false},"author":2,"featured_media":16448,"comment_status":"open","ping_status":"open","sticky":false,"template":"","format":"standard","meta":{"footnotes":""},"categories":[5],"tags":[],"class_list":["post-16459","post","type-post","status-publish","format-standard","has-post-thumbnail","hentry","category-rodeo"],"yoast_head":"<!-- This site is optimized with the Yoast SEO plugin v27.5 - https:\/\/yoast.com\/product\/yoast-seo-wordpress\/ -->\n<title>Los datos imperdibles del Clasificatorio Zona Norte de Melipilla - Diario El Labrador<\/title>\n<meta name=\"robots\" content=\"index, follow, max-snippet:-1, max-image-preview:large, max-video-preview:-1\" \/>\n<link rel=\"canonical\" href=\"https:\/\/diarioellabrador.cl\/index.php\/2026\/03\/12\/los-datos-imperdibles-del-clasificatorio-zona-norte-de-melipilla\/\" \/>\n<meta property=\"og:locale\" content=\"es_ES\" \/>\n<meta property=\"og:type\" content=\"article\" \/>\n<meta property=\"og:title\" content=\"Los datos imperdibles del Clasificatorio Zona Norte de Melipilla - Diario El Labrador\" \/>\n<meta property=\"og:description\" content=\"Autor: Caballoyrodeo.cl Entre el 12 y 15 de marzo se disputar\u00e1 el Clasificatorio Zona Norte en la Medialuna \u00abCarlos Zavala\u00bb de Chocal\u00e1n, en Melipilla, \u00faltima estaci\u00f3n rumbo al 77\u00b0 Campeonato Nacional de Rodeo. El evento corralero es organizado por la Asociaci\u00f3n Melipilla, presidida por Johann G\u00fcde. En esta nota repasamos algunos datos de inter\u00e9s sobre Leer m\u00e1s\" \/>\n<meta property=\"og:url\" content=\"https:\/\/diarioellabrador.cl\/index.php\/2026\/03\/12\/los-datos-imperdibles-del-clasificatorio-zona-norte-de-melipilla\/\" \/>\n<meta property=\"og:site_name\" content=\"Diario El Labrador\" \/>\n<meta property=\"article:publisher\" content=\"https:\/\/web.facebook.com\/profile.php?id=61576120840621\" \/>\n<meta property=\"article:published_time\" content=\"2026-03-12T22:21:30+00:00\" \/>\n<meta property=\"article:modified_time\" content=\"2026-03-12T22:21:32+00:00\" \/>\n<meta property=\"og:image\" content=\"https:\/\/diarioellabrador.cl\/wp-content\/uploads\/2026\/03\/Los-datos-imperdibles-del-Clasificatorio-Zona-Norte-de-Melipilla.jpg\" \/>\n\t<meta property=\"og:image:width\" content=\"750\" \/>\n\t<meta property=\"og:image:height\" content=\"389\" \/>\n\t<meta property=\"og:image:type\" content=\"image\/jpeg\" \/>\n<meta name=\"author\" content=\"Editor\" \/>\n<meta name=\"twitter:card\" content=\"summary_large_image\" \/>\n<meta name=\"twitter:creator\" content=\"@ElLabradorOf\" \/>\n<meta name=\"twitter:site\" content=\"@ElLabradorOf\" \/>\n<meta name=\"twitter:label1\" content=\"Escrito por\" \/>\n\t<meta name=\"twitter:data1\" content=\"Editor\" \/>\n\t<meta name=\"twitter:label2\" content=\"Tiempo de lectura\" \/>\n\t<meta name=\"twitter:data2\" content=\"2 minutos\" \/>\n<script type=\"application\/ld+json\" class=\"yoast-schema-graph\">{\"@context\":\"https:\\\/\\\/schema.org\",\"@graph\":[{\"@type\":\"Article\",\"@id\":\"https:\\\/\\\/diarioellabrador.cl\\\/index.php\\\/2026\\\/03\\\/12\\\/los-datos-imperdibles-del-clasificatorio-zona-norte-de-melipilla\\\/#article\",\"isPartOf\":{\"@id\":\"https:\\\/\\\/diarioellabrador.cl\\\/index.php\\\/2026\\\/03\\\/12\\\/los-datos-imperdibles-del-clasificatorio-zona-norte-de-melipilla\\\/\"},\"author\":{\"name\":\"Editor\",\"@id\":\"https:\\\/\\\/diarioellabrador.cl\\\/#\\\/schema\\\/person\\\/bc25ff80b4563f9c7f4bd7855df01685\"},\"headline\":\"Los datos imperdibles del Clasificatorio Zona Norte de Melipilla\",\"datePublished\":\"2026-03-12T22:21:30+00:00\",\"dateModified\":\"2026-03-12T22:21:32+00:00\",\"mainEntityOfPage\":{\"@id\":\"https:\\\/\\\/diarioellabrador.cl\\\/index.php\\\/2026\\\/03\\\/12\\\/los-datos-imperdibles-del-clasificatorio-zona-norte-de-melipilla\\\/\"},\"wordCount\":398,\"commentCount\":0,\"publisher\":{\"@id\":\"https:\\\/\\\/diarioellabrador.cl\\\/#organization\"},\"image\":{\"@id\":\"https:\\\/\\\/diarioellabrador.cl\\\/index.php\\\/2026\\\/03\\\/12\\\/los-datos-imperdibles-del-clasificatorio-zona-norte-de-melipilla\\\/#primaryimage\"},\"thumbnailUrl\":\"https:\\\/\\\/diarioellabrador.cl\\\/wp-content\\\/uploads\\\/2026\\\/03\\\/Los-datos-imperdibles-del-Clasificatorio-Zona-Norte-de-Melipilla.jpg\",\"articleSection\":[\"Rodeo\"],\"inLanguage\":\"es\",\"potentialAction\":[{\"@type\":\"CommentAction\",\"name\":\"Comment\",\"target\":[\"https:\\\/\\\/diarioellabrador.cl\\\/index.php\\\/2026\\\/03\\\/12\\\/los-datos-imperdibles-del-clasificatorio-zona-norte-de-melipilla\\\/#respond\"]}]},{\"@type\":\"WebPage\",\"@id\":\"https:\\\/\\\/diarioellabrador.cl\\\/index.php\\\/2026\\\/03\\\/12\\\/los-datos-imperdibles-del-clasificatorio-zona-norte-de-melipilla\\\/\",\"url\":\"https:\\\/\\\/diarioellabrador.cl\\\/index.php\\\/2026\\\/03\\\/12\\\/los-datos-imperdibles-del-clasificatorio-zona-norte-de-melipilla\\\/\",\"name\":\"Los datos imperdibles del Clasificatorio Zona Norte de Melipilla - Diario El Labrador\",\"isPartOf\":{\"@id\":\"https:\\\/\\\/diarioellabrador.cl\\\/#website\"},\"primaryImageOfPage\":{\"@id\":\"https:\\\/\\\/diarioellabrador.cl\\\/index.php\\\/2026\\\/03\\\/12\\\/los-datos-imperdibles-del-clasificatorio-zona-norte-de-melipilla\\\/#primaryimage\"},\"image\":{\"@id\":\"https:\\\/\\\/diarioellabrador.cl\\\/index.php\\\/2026\\\/03\\\/12\\\/los-datos-imperdibles-del-clasificatorio-zona-norte-de-melipilla\\\/#primaryimage\"},\"thumbnailUrl\":\"https:\\\/\\\/diarioellabrador.cl\\\/wp-content\\\/uploads\\\/2026\\\/03\\\/Los-datos-imperdibles-del-Clasificatorio-Zona-Norte-de-Melipilla.jpg\",\"datePublished\":\"2026-03-12T22:21:30+00:00\",\"dateModified\":\"2026-03-12T22:21:32+00:00\",\"breadcrumb\":{\"@id\":\"https:\\\/\\\/diarioellabrador.cl\\\/index.php\\\/2026\\\/03\\\/12\\\/los-datos-imperdibles-del-clasificatorio-zona-norte-de-melipilla\\\/#breadcrumb\"},\"inLanguage\":\"es\",\"potentialAction\":[{\"@type\":\"ReadAction\",\"target\":[\"https:\\\/\\\/diarioellabrador.cl\\\/index.php\\\/2026\\\/03\\\/12\\\/los-datos-imperdibles-del-clasificatorio-zona-norte-de-melipilla\\\/\"]}]},{\"@type\":\"ImageObject\",\"inLanguage\":\"es\",\"@id\":\"https:\\\/\\\/diarioellabrador.cl\\\/index.php\\\/2026\\\/03\\\/12\\\/los-datos-imperdibles-del-clasificatorio-zona-norte-de-melipilla\\\/#primaryimage\",\"url\":\"https:\\\/\\\/diarioellabrador.cl\\\/wp-content\\\/uploads\\\/2026\\\/03\\\/Los-datos-imperdibles-del-Clasificatorio-Zona-Norte-de-Melipilla.jpg\",\"contentUrl\":\"https:\\\/\\\/diarioellabrador.cl\\\/wp-content\\\/uploads\\\/2026\\\/03\\\/Los-datos-imperdibles-del-Clasificatorio-Zona-Norte-de-Melipilla.jpg\",\"width\":750,\"height\":389},{\"@type\":\"BreadcrumbList\",\"@id\":\"https:\\\/\\\/diarioellabrador.cl\\\/index.php\\\/2026\\\/03\\\/12\\\/los-datos-imperdibles-del-clasificatorio-zona-norte-de-melipilla\\\/#breadcrumb\",\"itemListElement\":[{\"@type\":\"ListItem\",\"position\":1,\"name\":\"Portada\",\"item\":\"https:\\\/\\\/diarioellabrador.cl\\\/\"},{\"@type\":\"ListItem\",\"position\":2,\"name\":\"Los datos imperdibles del Clasificatorio Zona Norte de Melipilla\"}]},{\"@type\":\"WebSite\",\"@id\":\"https:\\\/\\\/diarioellabrador.cl\\\/#website\",\"url\":\"https:\\\/\\\/diarioellabrador.cl\\\/\",\"name\":\"Diario El Labrador\",\"description\":\"Haciendo noticia desde 1921\",\"publisher\":{\"@id\":\"https:\\\/\\\/diarioellabrador.cl\\\/#organization\"},\"potentialAction\":[{\"@type\":\"SearchAction\",\"target\":{\"@type\":\"EntryPoint\",\"urlTemplate\":\"https:\\\/\\\/diarioellabrador.cl\\\/?s={search_term_string}\"},\"query-input\":{\"@type\":\"PropertyValueSpecification\",\"valueRequired\":true,\"valueName\":\"search_term_string\"}}],\"inLanguage\":\"es\"},{\"@type\":\"Organization\",\"@id\":\"https:\\\/\\\/diarioellabrador.cl\\\/#organization\",\"name\":\"Diario El Labrador\",\"url\":\"https:\\\/\\\/diarioellabrador.cl\\\/\",\"logo\":{\"@type\":\"ImageObject\",\"inLanguage\":\"es\",\"@id\":\"https:\\\/\\\/diarioellabrador.cl\\\/#\\\/schema\\\/logo\\\/image\\\/\",\"url\":\"https:\\\/\\\/diarioellabrador.cl\\\/wp-content\\\/uploads\\\/2025\\\/02\\\/cropped-Logo-Icono.png\",\"contentUrl\":\"https:\\\/\\\/diarioellabrador.cl\\\/wp-content\\\/uploads\\\/2025\\\/02\\\/cropped-Logo-Icono.png\",\"width\":512,\"height\":512,\"caption\":\"Diario El Labrador\"},\"image\":{\"@id\":\"https:\\\/\\\/diarioellabrador.cl\\\/#\\\/schema\\\/logo\\\/image\\\/\"},\"sameAs\":[\"https:\\\/\\\/web.facebook.com\\\/profile.php?id=61576120840621\",\"https:\\\/\\\/x.com\\\/ElLabradorOf\",\"https:\\\/\\\/www.instagram.com\\\/diarioellabradoroficial\\\/\"]},{\"@type\":\"Person\",\"@id\":\"https:\\\/\\\/diarioellabrador.cl\\\/#\\\/schema\\\/person\\\/bc25ff80b4563f9c7f4bd7855df01685\",\"name\":\"Editor\",\"image\":{\"@type\":\"ImageObject\",\"inLanguage\":\"es\",\"@id\":\"https:\\\/\\\/secure.gravatar.com\\\/avatar\\\/109c326cf2be5c04f048c2c2a2b8b6ef44bf3d8d1d3d4c55d0ac40c4bc994684?s=96&d=mm&r=g\",\"url\":\"https:\\\/\\\/secure.gravatar.com\\\/avatar\\\/109c326cf2be5c04f048c2c2a2b8b6ef44bf3d8d1d3d4c55d0ac40c4bc994684?s=96&d=mm&r=g\",\"contentUrl\":\"https:\\\/\\\/secure.gravatar.com\\\/avatar\\\/109c326cf2be5c04f048c2c2a2b8b6ef44bf3d8d1d3d4c55d0ac40c4bc994684?s=96&d=mm&r=g\",\"caption\":\"Editor\"},\"url\":\"https:\\\/\\\/diarioellabrador.cl\\\/index.php\\\/author\\\/editor\\\/\"}]}<\/script>\n<!-- \/ Yoast SEO plugin. -->","yoast_head_json":{"title":"Los datos imperdibles del Clasificatorio Zona Norte de Melipilla - Diario El Labrador","robots":{"index":"index","follow":"follow","max-snippet":"max-snippet:-1","max-image-preview":"max-image-preview:large","max-video-preview":"max-video-preview:-1"},"canonical":"https:\/\/diarioellabrador.cl\/index.php\/2026\/03\/12\/los-datos-imperdibles-del-clasificatorio-zona-norte-de-melipilla\/","og_locale":"es_ES","og_type":"article","og_title":"Los datos imperdibles del Clasificatorio Zona Norte de Melipilla - Diario El Labrador","og_description":"Autor: Caballoyrodeo.cl Entre el 12 y 15 de marzo se disputar\u00e1 el Clasificatorio Zona Norte en la Medialuna \u00abCarlos Zavala\u00bb de Chocal\u00e1n, en Melipilla, \u00faltima estaci\u00f3n rumbo al 77\u00b0 Campeonato Nacional de Rodeo. El evento corralero es organizado por la Asociaci\u00f3n Melipilla, presidida por Johann G\u00fcde. En esta nota repasamos algunos datos de inter\u00e9s sobre Leer m\u00e1s","og_url":"https:\/\/diarioellabrador.cl\/index.php\/2026\/03\/12\/los-datos-imperdibles-del-clasificatorio-zona-norte-de-melipilla\/","og_site_name":"Diario El Labrador","article_publisher":"https:\/\/web.facebook.com\/profile.php?id=61576120840621","article_published_time":"2026-03-12T22:21:30+00:00","article_modified_time":"2026-03-12T22:21:32+00:00","og_image":[{"width":750,"height":389,"url":"https:\/\/diarioellabrador.cl\/wp-content\/uploads\/2026\/03\/Los-datos-imperdibles-del-Clasificatorio-Zona-Norte-de-Melipilla.jpg","type":"image\/jpeg"}],"author":"Editor","twitter_card":"summary_large_image","twitter_creator":"@ElLabradorOf","twitter_site":"@ElLabradorOf","twitter_misc":{"Escrito por":"Editor","Tiempo de lectura":"2 minutos"},"schema":{"@context":"https:\/\/schema.org","@graph":[{"@type":"Article","@id":"https:\/\/diarioellabrador.cl\/index.php\/2026\/03\/12\/los-datos-imperdibles-del-clasificatorio-zona-norte-de-melipilla\/#article","isPartOf":{"@id":"https:\/\/diarioellabrador.cl\/index.php\/2026\/03\/12\/los-datos-imperdibles-del-clasificatorio-zona-norte-de-melipilla\/"},"author":{"name":"Editor","@id":"https:\/\/diarioellabrador.cl\/#\/schema\/person\/bc25ff80b4563f9c7f4bd7855df01685"},"headline":"Los datos imperdibles del Clasificatorio Zona Norte de Melipilla","datePublished":"2026-03-12T22:21:30+00:00","dateModified":"2026-03-12T22:21:32+00:00","mainEntityOfPage":{"@id":"https:\/\/diarioellabrador.cl\/index.php\/2026\/03\/12\/los-datos-imperdibles-del-clasificatorio-zona-norte-de-melipilla\/"},"wordCount":398,"commentCount":0,"publisher":{"@id":"https:\/\/diarioellabrador.cl\/#organization"},"image":{"@id":"https:\/\/diarioellabrador.cl\/index.php\/2026\/03\/12\/los-datos-imperdibles-del-clasificatorio-zona-norte-de-melipilla\/#primaryimage"},"thumbnailUrl":"https:\/\/diarioellabrador.cl\/wp-content\/uploads\/2026\/03\/Los-datos-imperdibles-del-Clasificatorio-Zona-Norte-de-Melipilla.jpg","articleSection":["Rodeo"],"inLanguage":"es","potentialAction":[{"@type":"CommentAction","name":"Comment","target":["https:\/\/diarioellabrador.cl\/index.php\/2026\/03\/12\/los-datos-imperdibles-del-clasificatorio-zona-norte-de-melipilla\/#respond"]}]},{"@type":"WebPage","@id":"https:\/\/diarioellabrador.cl\/index.php\/2026\/03\/12\/los-datos-imperdibles-del-clasificatorio-zona-norte-de-melipilla\/","url":"https:\/\/diarioellabrador.cl\/index.php\/2026\/03\/12\/los-datos-imperdibles-del-clasificatorio-zona-norte-de-melipilla\/","name":"Los datos imperdibles del Clasificatorio Zona Norte de Melipilla - Diario El Labrador","isPartOf":{"@id":"https:\/\/diarioellabrador.cl\/#website"},"primaryImageOfPage":{"@id":"https:\/\/diarioellabrador.cl\/index.php\/2026\/03\/12\/los-datos-imperdibles-del-clasificatorio-zona-norte-de-melipilla\/#primaryimage"},"image":{"@id":"https:\/\/diarioellabrador.cl\/index.php\/2026\/03\/12\/los-datos-imperdibles-del-clasificatorio-zona-norte-de-melipilla\/#primaryimage"},"thumbnailUrl":"https:\/\/diarioellabrador.cl\/wp-content\/uploads\/2026\/03\/Los-datos-imperdibles-del-Clasificatorio-Zona-Norte-de-Melipilla.jpg","datePublished":"2026-03-12T22:21:30+00:00","dateModified":"2026-03-12T22:21:32+00:00","breadcrumb":{"@id":"https:\/\/diarioellabrador.cl\/index.php\/2026\/03\/12\/los-datos-imperdibles-del-clasificatorio-zona-norte-de-melipilla\/#breadcrumb"},"inLanguage":"es","potentialAction":[{"@type":"ReadAction","target":["https:\/\/diarioellabrador.cl\/index.php\/2026\/03\/12\/los-datos-imperdibles-del-clasificatorio-zona-norte-de-melipilla\/"]}]},{"@type":"ImageObject","inLanguage":"es","@id":"https:\/\/diarioellabrador.cl\/index.php\/2026\/03\/12\/los-datos-imperdibles-del-clasificatorio-zona-norte-de-melipilla\/#primaryimage","url":"https:\/\/diarioellabrador.cl\/wp-content\/uploads\/2026\/03\/Los-datos-imperdibles-del-Clasificatorio-Zona-Norte-de-Melipilla.jpg","contentUrl":"https:\/\/diarioellabrador.cl\/wp-content\/uploads\/2026\/03\/Los-datos-imperdibles-del-Clasificatorio-Zona-Norte-de-Melipilla.jpg","width":750,"height":389},{"@type":"BreadcrumbList","@id":"https:\/\/diarioellabrador.cl\/index.php\/2026\/03\/12\/los-datos-imperdibles-del-clasificatorio-zona-norte-de-melipilla\/#breadcrumb","itemListElement":[{"@type":"ListItem","position":1,"name":"Portada","item":"https:\/\/diarioellabrador.cl\/"},{"@type":"ListItem","position":2,"name":"Los datos imperdibles del Clasificatorio Zona Norte de Melipilla"}]},{"@type":"WebSite","@id":"https:\/\/diarioellabrador.cl\/#website","url":"https:\/\/diarioellabrador.cl\/","name":"Diario El Labrador","description":"Haciendo noticia desde 1921","publisher":{"@id":"https:\/\/diarioellabrador.cl\/#organization"},"potentialAction":[{"@type":"SearchAction","target":{"@type":"EntryPoint","urlTemplate":"https:\/\/diarioellabrador.cl\/?s={search_term_string}"},"query-input":{"@type":"PropertyValueSpecification","valueRequired":true,"valueName":"search_term_string"}}],"inLanguage":"es"},{"@type":"Organization","@id":"https:\/\/diarioellabrador.cl\/#organization","name":"Diario El Labrador","url":"https:\/\/diarioellabrador.cl\/","logo":{"@type":"ImageObject","inLanguage":"es","@id":"https:\/\/diarioellabrador.cl\/#\/schema\/logo\/image\/","url":"https:\/\/diarioellabrador.cl\/wp-content\/uploads\/2025\/02\/cropped-Logo-Icono.png","contentUrl":"https:\/\/diarioellabrador.cl\/wp-content\/uploads\/2025\/02\/cropped-Logo-Icono.png","width":512,"height":512,"caption":"Diario El Labrador"},"image":{"@id":"https:\/\/diarioellabrador.cl\/#\/schema\/logo\/image\/"},"sameAs":["https:\/\/web.facebook.com\/profile.php?id=61576120840621","https:\/\/x.com\/ElLabradorOf","https:\/\/www.instagram.com\/diarioellabradoroficial\/"]},{"@type":"Person","@id":"https:\/\/diarioellabrador.cl\/#\/schema\/person\/bc25ff80b4563f9c7f4bd7855df01685","name":"Editor","image":{"@type":"ImageObject","inLanguage":"es","@id":"https:\/\/secure.gravatar.com\/avatar\/109c326cf2be5c04f048c2c2a2b8b6ef44bf3d8d1d3d4c55d0ac40c4bc994684?s=96&d=mm&r=g","url":"https:\/\/secure.gravatar.com\/avatar\/109c326cf2be5c04f048c2c2a2b8b6ef44bf3d8d1d3d4c55d0ac40c4bc994684?s=96&d=mm&r=g","contentUrl":"https:\/\/secure.gravatar.com\/avatar\/109c326cf2be5c04f048c2c2a2b8b6ef44bf3d8d1d3d4c55d0ac40c4bc994684?s=96&d=mm&r=g","caption":"Editor"},"url":"https:\/\/diarioellabrador.cl\/index.php\/author\/editor\/"}]}},"_links":{"self":[{"href":"https:\/\/diarioellabrador.cl\/index.php\/wp-json\/wp\/v2\/posts\/16459","targetHints":{"allow":["GET"]}}],"collection":[{"href":"https:\/\/diarioellabrador.cl\/index.php\/wp-json\/wp\/v2\/posts"}],"about":[{"href":"https:\/\/diarioellabrador.cl\/index.php\/wp-json\/wp\/v2\/types\/post"}],"author":[{"embeddable":true,"href":"https:\/\/diarioellabrador.cl\/index.php\/wp-json\/wp\/v2\/users\/2"}],"replies":[{"embeddable":true,"href":"https:\/\/diarioellabrador.cl\/index.php\/wp-json\/wp\/v2\/comments?post=16459"}],"version-history":[{"count":1,"href":"https:\/\/diarioellabrador.cl\/index.php\/wp-json\/wp\/v2\/posts\/16459\/revisions"}],"predecessor-version":[{"id":16460,"href":"https:\/\/diarioellabrador.cl\/index.php\/wp-json\/wp\/v2\/posts\/16459\/revisions\/16460"}],"wp:featuredmedia":[{"embeddable":true,"href":"https:\/\/diarioellabrador.cl\/index.php\/wp-json\/wp\/v2\/media\/16448"}],"wp:attachment":[{"href":"https:\/\/diarioellabrador.cl\/index.php\/wp-json\/wp\/v2\/media?parent=16459"}],"wp:term":[{"taxonomy":"category","embeddable":true,"href":"https:\/\/diarioellabrador.cl\/index.php\/wp-json\/wp\/v2\/categories?post=16459"},{"taxonomy":"post_tag","embeddable":true,"href":"https:\/\/diarioellabrador.cl\/index.php\/wp-json\/wp\/v2\/tags?post=16459"}],"curies":[{"name":"wp","href":"https:\/\/api.w.org\/{rel}","templated":true}]}}