{"id":16457,"date":"2026-03-12T18:20:59","date_gmt":"2026-03-12T22:20:59","guid":{"rendered":"https:\/\/diarioellabrador.cl\/?p=16457"},"modified":"2026-03-12T18:21:01","modified_gmt":"2026-03-12T22:21:01","slug":"ferochi-celebrara-el-dia-del-socio-y-la-familia-corralera-en-la-apertura-del-77-campeonato-nacional-de-rodeo","status":"publish","type":"post","link":"https:\/\/diarioellabrador.cl\/index.php\/2026\/03\/12\/ferochi-celebrara-el-dia-del-socio-y-la-familia-corralera-en-la-apertura-del-77-campeonato-nacional-de-rodeo\/","title":{"rendered":"Ferochi celebrar\u00e1 el \u00abD\u00eda del Socio y la Familia Corralera\u00bb en la apertura del 77\u00b0 Campeonato Nacional de Rodeo"},"content":{"rendered":"\n<p><strong>Autor: <\/strong>CaballoyRodeo.cl<\/p>\n\n\n\n<p><strong>Ferochi celebrar\u00e1 el \u00abD\u00eda del Socio y la Familia Corralera\u00bb en la apertura del 77\u00b0 Campeonato Nacional de Rodeo<\/strong><\/p>\n\n\n\n<p>Con el objetivo de convertir la jornada inaugural en una verdadera fiesta de nuestras ra\u00edces, la Federaci\u00f3n del Rodeo Chileno ha instaurado oficialmente el mi\u00e9rcoles 25 de marzo como el \u00abD\u00eda del Socio y la Familia Corralera\u00bb, en el marco del inicio del 77\u00b0 Campeonato Nacional de Rodeo.<\/p>\n\n\n\n<p>Para esta edici\u00f3n, que se disputar\u00e1 en la Medialuna Monumental \u00abGonzalo Vial Vial\u00bb de Rancagua, el directorio ha dispuesto beneficios hist\u00f3ricos para que la gran comunidad del rodeo pueda asistir masivamente desde el primer d\u00eda:<\/p>\n\n\n\n<p><strong>Socios Ferochi<\/strong>: En reconocimiento a su compromiso, cada socio recibir\u00e1 cuatro (4) entradas liberadas para el mi\u00e9rcoles 25. Este beneficio busca facilitar que el socio asista en compa\u00f1\u00eda de su familia. Los tickets se pueden obtener de forma sencilla en el sitio <a href=\"http:\/\/www.Ticketplus.cl\"><strong>www.Ticketplus.cl<\/strong><\/a><strong>,<\/strong> validando \u00fanicamente con el RUT.<\/p>\n\n\n\n<p><strong>Confederaci\u00f3n del Rodeo<\/strong>: Los integrantes de las federaciones que componen la Confederaci\u00f3n tambi\u00e9n son parte de esta fiesta. Podr\u00e1n retirar una (1) entrada de cortes\u00eda para el mi\u00e9rcoles directamente en las boleter\u00edas del recinto, presentando su carnet de socio vigente.<\/p>\n\n\n\n<p><strong>Entradas para Asociaciones<\/strong>: Adicionalmente, se informa que, para la jornada del viernes 27 de marzo, cada una de las Asociaciones del pa\u00eds contar\u00e1 con un cupo de 50 entradas liberadas. Estos tickets estar\u00e1n bajo la administraci\u00f3n de los respectivos presidentes de Asociaci\u00f3n, quienes coordinar\u00e1n su entrega entre sus bases.<\/p>\n\n\n\n<p>\u00abQueremos que la Monumental sea, m\u00e1s que nunca, la casa de todos. El D\u00eda del Socio y la Familia Corralera es un agradecimiento a quienes mantienen vivo nuestro deporte nacional en cada rinc\u00f3n de Chile\u00bb, se\u00f1al\u00f3 el director Claudio Aravena.<\/p>\n\n\n\n<p><strong>Directorio de la Federaci\u00f3n del Rodeo Chileno<\/strong><\/p>\n","protected":false},"excerpt":{"rendered":"<p>Autor: CaballoyRodeo.cl Ferochi celebrar\u00e1 el \u00abD\u00eda del Socio y la Familia Corralera\u00bb en la apertura del 77\u00b0 Campeonato Nacional de Rodeo Con el objetivo de convertir la jornada inaugural en una verdadera fiesta de nuestras ra\u00edces, la Federaci\u00f3n del Rodeo Chileno ha instaurado oficialmente el mi\u00e9rcoles 25 de marzo como el \u00abD\u00eda del Socio y<\/p>\n<div class=\"read-more-wrapper\"><a class=\"read-more\" href=\"https:\/\/diarioellabrador.cl\/index.php\/2026\/03\/12\/ferochi-celebrara-el-dia-del-socio-y-la-familia-corralera-en-la-apertura-del-77-campeonato-nacional-de-rodeo\/\" title=\"Leer m\u00e1s\"> <span class=\"button \">Leer m\u00e1s<\/span><\/a><\/div>\n","protected":false},"author":2,"featured_media":16447,"comment_status":"open","ping_status":"open","sticky":false,"template":"","format":"standard","meta":{"footnotes":""},"categories":[5],"tags":[],"class_list":["post-16457","post","type-post","status-publish","format-standard","has-post-thumbnail","hentry","category-rodeo"],"yoast_head":"<!-- This site is optimized with the Yoast SEO plugin v27.5 - https:\/\/yoast.com\/product\/yoast-seo-wordpress\/ -->\n<title>Ferochi celebrar\u00e1 el &quot;D\u00eda del Socio y la Familia Corralera&quot; en la apertura del 77\u00b0 Campeonato Nacional de Rodeo - Diario El Labrador<\/title>\n<meta name=\"robots\" content=\"index, follow, max-snippet:-1, max-image-preview:large, max-video-preview:-1\" \/>\n<link rel=\"canonical\" href=\"https:\/\/diarioellabrador.cl\/index.php\/2026\/03\/12\/ferochi-celebrara-el-dia-del-socio-y-la-familia-corralera-en-la-apertura-del-77-campeonato-nacional-de-rodeo\/\" \/>\n<meta property=\"og:locale\" content=\"es_ES\" \/>\n<meta property=\"og:type\" content=\"article\" \/>\n<meta property=\"og:title\" content=\"Ferochi celebrar\u00e1 el &quot;D\u00eda del Socio y la Familia Corralera&quot; en la apertura del 77\u00b0 Campeonato Nacional de Rodeo - Diario El Labrador\" \/>\n<meta property=\"og:description\" content=\"Autor: CaballoyRodeo.cl Ferochi celebrar\u00e1 el \u00abD\u00eda del Socio y la Familia Corralera\u00bb en la apertura del 77\u00b0 Campeonato Nacional de Rodeo Con el objetivo de convertir la jornada inaugural en una verdadera fiesta de nuestras ra\u00edces, la Federaci\u00f3n del Rodeo Chileno ha instaurado oficialmente el mi\u00e9rcoles 25 de marzo como el \u00abD\u00eda del Socio y Leer m\u00e1s\" \/>\n<meta property=\"og:url\" content=\"https:\/\/diarioellabrador.cl\/index.php\/2026\/03\/12\/ferochi-celebrara-el-dia-del-socio-y-la-familia-corralera-en-la-apertura-del-77-campeonato-nacional-de-rodeo\/\" \/>\n<meta property=\"og:site_name\" content=\"Diario El Labrador\" \/>\n<meta property=\"article:publisher\" content=\"https:\/\/web.facebook.com\/profile.php?id=61576120840621\" \/>\n<meta property=\"article:published_time\" content=\"2026-03-12T22:20:59+00:00\" \/>\n<meta property=\"article:modified_time\" content=\"2026-03-12T22:21:01+00:00\" \/>\n<meta property=\"og:image\" content=\"https:\/\/diarioellabrador.cl\/wp-content\/uploads\/2026\/03\/Ferochi-celebrara-el-Dia-del-Socio-y-la-Familia-Corralera-en-la-apertura-del-77\u00b0-Campeonato-Nacional-de-Rodeo.jpg\" \/>\n\t<meta property=\"og:image:width\" content=\"750\" \/>\n\t<meta property=\"og:image:height\" content=\"389\" \/>\n\t<meta property=\"og:image:type\" content=\"image\/jpeg\" \/>\n<meta name=\"author\" content=\"Editor\" \/>\n<meta name=\"twitter:card\" content=\"summary_large_image\" \/>\n<meta name=\"twitter:creator\" content=\"@ElLabradorOf\" \/>\n<meta name=\"twitter:site\" content=\"@ElLabradorOf\" \/>\n<meta name=\"twitter:label1\" content=\"Escrito por\" \/>\n\t<meta name=\"twitter:data1\" content=\"Editor\" \/>\n\t<meta name=\"twitter:label2\" content=\"Tiempo de lectura\" \/>\n\t<meta name=\"twitter:data2\" content=\"2 minutos\" \/>\n<script type=\"application\/ld+json\" class=\"yoast-schema-graph\">{\"@context\":\"https:\\\/\\\/schema.org\",\"@graph\":[{\"@type\":\"Article\",\"@id\":\"https:\\\/\\\/diarioellabrador.cl\\\/index.php\\\/2026\\\/03\\\/12\\\/ferochi-celebrara-el-dia-del-socio-y-la-familia-corralera-en-la-apertura-del-77-campeonato-nacional-de-rodeo\\\/#article\",\"isPartOf\":{\"@id\":\"https:\\\/\\\/diarioellabrador.cl\\\/index.php\\\/2026\\\/03\\\/12\\\/ferochi-celebrara-el-dia-del-socio-y-la-familia-corralera-en-la-apertura-del-77-campeonato-nacional-de-rodeo\\\/\"},\"author\":{\"name\":\"Editor\",\"@id\":\"https:\\\/\\\/diarioellabrador.cl\\\/#\\\/schema\\\/person\\\/bc25ff80b4563f9c7f4bd7855df01685\"},\"headline\":\"Ferochi celebrar\u00e1 el \u00abD\u00eda del Socio y la Familia Corralera\u00bb en la apertura del 77\u00b0 Campeonato Nacional de Rodeo\",\"datePublished\":\"2026-03-12T22:20:59+00:00\",\"dateModified\":\"2026-03-12T22:21:01+00:00\",\"mainEntityOfPage\":{\"@id\":\"https:\\\/\\\/diarioellabrador.cl\\\/index.php\\\/2026\\\/03\\\/12\\\/ferochi-celebrara-el-dia-del-socio-y-la-familia-corralera-en-la-apertura-del-77-campeonato-nacional-de-rodeo\\\/\"},\"wordCount\":329,\"commentCount\":0,\"publisher\":{\"@id\":\"https:\\\/\\\/diarioellabrador.cl\\\/#organization\"},\"image\":{\"@id\":\"https:\\\/\\\/diarioellabrador.cl\\\/index.php\\\/2026\\\/03\\\/12\\\/ferochi-celebrara-el-dia-del-socio-y-la-familia-corralera-en-la-apertura-del-77-campeonato-nacional-de-rodeo\\\/#primaryimage\"},\"thumbnailUrl\":\"https:\\\/\\\/diarioellabrador.cl\\\/wp-content\\\/uploads\\\/2026\\\/03\\\/Ferochi-celebrara-el-Dia-del-Socio-y-la-Familia-Corralera-en-la-apertura-del-77\u00b0-Campeonato-Nacional-de-Rodeo.jpg\",\"articleSection\":[\"Rodeo\"],\"inLanguage\":\"es\",\"potentialAction\":[{\"@type\":\"CommentAction\",\"name\":\"Comment\",\"target\":[\"https:\\\/\\\/diarioellabrador.cl\\\/index.php\\\/2026\\\/03\\\/12\\\/ferochi-celebrara-el-dia-del-socio-y-la-familia-corralera-en-la-apertura-del-77-campeonato-nacional-de-rodeo\\\/#respond\"]}]},{\"@type\":\"WebPage\",\"@id\":\"https:\\\/\\\/diarioellabrador.cl\\\/index.php\\\/2026\\\/03\\\/12\\\/ferochi-celebrara-el-dia-del-socio-y-la-familia-corralera-en-la-apertura-del-77-campeonato-nacional-de-rodeo\\\/\",\"url\":\"https:\\\/\\\/diarioellabrador.cl\\\/index.php\\\/2026\\\/03\\\/12\\\/ferochi-celebrara-el-dia-del-socio-y-la-familia-corralera-en-la-apertura-del-77-campeonato-nacional-de-rodeo\\\/\",\"name\":\"Ferochi celebrar\u00e1 el \\\"D\u00eda del Socio y la Familia Corralera\\\" en la apertura del 77\u00b0 Campeonato Nacional de Rodeo - Diario El Labrador\",\"isPartOf\":{\"@id\":\"https:\\\/\\\/diarioellabrador.cl\\\/#website\"},\"primaryImageOfPage\":{\"@id\":\"https:\\\/\\\/diarioellabrador.cl\\\/index.php\\\/2026\\\/03\\\/12\\\/ferochi-celebrara-el-dia-del-socio-y-la-familia-corralera-en-la-apertura-del-77-campeonato-nacional-de-rodeo\\\/#primaryimage\"},\"image\":{\"@id\":\"https:\\\/\\\/diarioellabrador.cl\\\/index.php\\\/2026\\\/03\\\/12\\\/ferochi-celebrara-el-dia-del-socio-y-la-familia-corralera-en-la-apertura-del-77-campeonato-nacional-de-rodeo\\\/#primaryimage\"},\"thumbnailUrl\":\"https:\\\/\\\/diarioellabrador.cl\\\/wp-content\\\/uploads\\\/2026\\\/03\\\/Ferochi-celebrara-el-Dia-del-Socio-y-la-Familia-Corralera-en-la-apertura-del-77\u00b0-Campeonato-Nacional-de-Rodeo.jpg\",\"datePublished\":\"2026-03-12T22:20:59+00:00\",\"dateModified\":\"2026-03-12T22:21:01+00:00\",\"breadcrumb\":{\"@id\":\"https:\\\/\\\/diarioellabrador.cl\\\/index.php\\\/2026\\\/03\\\/12\\\/ferochi-celebrara-el-dia-del-socio-y-la-familia-corralera-en-la-apertura-del-77-campeonato-nacional-de-rodeo\\\/#breadcrumb\"},\"inLanguage\":\"es\",\"potentialAction\":[{\"@type\":\"ReadAction\",\"target\":[\"https:\\\/\\\/diarioellabrador.cl\\\/index.php\\\/2026\\\/03\\\/12\\\/ferochi-celebrara-el-dia-del-socio-y-la-familia-corralera-en-la-apertura-del-77-campeonato-nacional-de-rodeo\\\/\"]}]},{\"@type\":\"ImageObject\",\"inLanguage\":\"es\",\"@id\":\"https:\\\/\\\/diarioellabrador.cl\\\/index.php\\\/2026\\\/03\\\/12\\\/ferochi-celebrara-el-dia-del-socio-y-la-familia-corralera-en-la-apertura-del-77-campeonato-nacional-de-rodeo\\\/#primaryimage\",\"url\":\"https:\\\/\\\/diarioellabrador.cl\\\/wp-content\\\/uploads\\\/2026\\\/03\\\/Ferochi-celebrara-el-Dia-del-Socio-y-la-Familia-Corralera-en-la-apertura-del-77\u00b0-Campeonato-Nacional-de-Rodeo.jpg\",\"contentUrl\":\"https:\\\/\\\/diarioellabrador.cl\\\/wp-content\\\/uploads\\\/2026\\\/03\\\/Ferochi-celebrara-el-Dia-del-Socio-y-la-Familia-Corralera-en-la-apertura-del-77\u00b0-Campeonato-Nacional-de-Rodeo.jpg\",\"width\":750,\"height\":389},{\"@type\":\"BreadcrumbList\",\"@id\":\"https:\\\/\\\/diarioellabrador.cl\\\/index.php\\\/2026\\\/03\\\/12\\\/ferochi-celebrara-el-dia-del-socio-y-la-familia-corralera-en-la-apertura-del-77-campeonato-nacional-de-rodeo\\\/#breadcrumb\",\"itemListElement\":[{\"@type\":\"ListItem\",\"position\":1,\"name\":\"Portada\",\"item\":\"https:\\\/\\\/diarioellabrador.cl\\\/\"},{\"@type\":\"ListItem\",\"position\":2,\"name\":\"Ferochi celebrar\u00e1 el \u00abD\u00eda del Socio y la Familia Corralera\u00bb en la apertura del 77\u00b0 Campeonato Nacional de Rodeo\"}]},{\"@type\":\"WebSite\",\"@id\":\"https:\\\/\\\/diarioellabrador.cl\\\/#website\",\"url\":\"https:\\\/\\\/diarioellabrador.cl\\\/\",\"name\":\"Diario El Labrador\",\"description\":\"Haciendo noticia desde 1921\",\"publisher\":{\"@id\":\"https:\\\/\\\/diarioellabrador.cl\\\/#organization\"},\"potentialAction\":[{\"@type\":\"SearchAction\",\"target\":{\"@type\":\"EntryPoint\",\"urlTemplate\":\"https:\\\/\\\/diarioellabrador.cl\\\/?s={search_term_string}\"},\"query-input\":{\"@type\":\"PropertyValueSpecification\",\"valueRequired\":true,\"valueName\":\"search_term_string\"}}],\"inLanguage\":\"es\"},{\"@type\":\"Organization\",\"@id\":\"https:\\\/\\\/diarioellabrador.cl\\\/#organization\",\"name\":\"Diario El Labrador\",\"url\":\"https:\\\/\\\/diarioellabrador.cl\\\/\",\"logo\":{\"@type\":\"ImageObject\",\"inLanguage\":\"es\",\"@id\":\"https:\\\/\\\/diarioellabrador.cl\\\/#\\\/schema\\\/logo\\\/image\\\/\",\"url\":\"https:\\\/\\\/diarioellabrador.cl\\\/wp-content\\\/uploads\\\/2025\\\/02\\\/cropped-Logo-Icono.png\",\"contentUrl\":\"https:\\\/\\\/diarioellabrador.cl\\\/wp-content\\\/uploads\\\/2025\\\/02\\\/cropped-Logo-Icono.png\",\"width\":512,\"height\":512,\"caption\":\"Diario El Labrador\"},\"image\":{\"@id\":\"https:\\\/\\\/diarioellabrador.cl\\\/#\\\/schema\\\/logo\\\/image\\\/\"},\"sameAs\":[\"https:\\\/\\\/web.facebook.com\\\/profile.php?id=61576120840621\",\"https:\\\/\\\/x.com\\\/ElLabradorOf\",\"https:\\\/\\\/www.instagram.com\\\/diarioellabradoroficial\\\/\"]},{\"@type\":\"Person\",\"@id\":\"https:\\\/\\\/diarioellabrador.cl\\\/#\\\/schema\\\/person\\\/bc25ff80b4563f9c7f4bd7855df01685\",\"name\":\"Editor\",\"image\":{\"@type\":\"ImageObject\",\"inLanguage\":\"es\",\"@id\":\"https:\\\/\\\/secure.gravatar.com\\\/avatar\\\/109c326cf2be5c04f048c2c2a2b8b6ef44bf3d8d1d3d4c55d0ac40c4bc994684?s=96&d=mm&r=g\",\"url\":\"https:\\\/\\\/secure.gravatar.com\\\/avatar\\\/109c326cf2be5c04f048c2c2a2b8b6ef44bf3d8d1d3d4c55d0ac40c4bc994684?s=96&d=mm&r=g\",\"contentUrl\":\"https:\\\/\\\/secure.gravatar.com\\\/avatar\\\/109c326cf2be5c04f048c2c2a2b8b6ef44bf3d8d1d3d4c55d0ac40c4bc994684?s=96&d=mm&r=g\",\"caption\":\"Editor\"},\"url\":\"https:\\\/\\\/diarioellabrador.cl\\\/index.php\\\/author\\\/editor\\\/\"}]}<\/script>\n<!-- \/ Yoast SEO plugin. -->","yoast_head_json":{"title":"Ferochi celebrar\u00e1 el \"D\u00eda del Socio y la Familia Corralera\" en la apertura del 77\u00b0 Campeonato Nacional de Rodeo - Diario El Labrador","robots":{"index":"index","follow":"follow","max-snippet":"max-snippet:-1","max-image-preview":"max-image-preview:large","max-video-preview":"max-video-preview:-1"},"canonical":"https:\/\/diarioellabrador.cl\/index.php\/2026\/03\/12\/ferochi-celebrara-el-dia-del-socio-y-la-familia-corralera-en-la-apertura-del-77-campeonato-nacional-de-rodeo\/","og_locale":"es_ES","og_type":"article","og_title":"Ferochi celebrar\u00e1 el \"D\u00eda del Socio y la Familia Corralera\" en la apertura del 77\u00b0 Campeonato Nacional de Rodeo - Diario El Labrador","og_description":"Autor: CaballoyRodeo.cl Ferochi celebrar\u00e1 el \u00abD\u00eda del Socio y la Familia Corralera\u00bb en la apertura del 77\u00b0 Campeonato Nacional de Rodeo Con el objetivo de convertir la jornada inaugural en una verdadera fiesta de nuestras ra\u00edces, la Federaci\u00f3n del Rodeo Chileno ha instaurado oficialmente el mi\u00e9rcoles 25 de marzo como el \u00abD\u00eda del Socio y Leer m\u00e1s","og_url":"https:\/\/diarioellabrador.cl\/index.php\/2026\/03\/12\/ferochi-celebrara-el-dia-del-socio-y-la-familia-corralera-en-la-apertura-del-77-campeonato-nacional-de-rodeo\/","og_site_name":"Diario El Labrador","article_publisher":"https:\/\/web.facebook.com\/profile.php?id=61576120840621","article_published_time":"2026-03-12T22:20:59+00:00","article_modified_time":"2026-03-12T22:21:01+00:00","og_image":[{"width":750,"height":389,"url":"https:\/\/diarioellabrador.cl\/wp-content\/uploads\/2026\/03\/Ferochi-celebrara-el-Dia-del-Socio-y-la-Familia-Corralera-en-la-apertura-del-77\u00b0-Campeonato-Nacional-de-Rodeo.jpg","type":"image\/jpeg"}],"author":"Editor","twitter_card":"summary_large_image","twitter_creator":"@ElLabradorOf","twitter_site":"@ElLabradorOf","twitter_misc":{"Escrito por":"Editor","Tiempo de lectura":"2 minutos"},"schema":{"@context":"https:\/\/schema.org","@graph":[{"@type":"Article","@id":"https:\/\/diarioellabrador.cl\/index.php\/2026\/03\/12\/ferochi-celebrara-el-dia-del-socio-y-la-familia-corralera-en-la-apertura-del-77-campeonato-nacional-de-rodeo\/#article","isPartOf":{"@id":"https:\/\/diarioellabrador.cl\/index.php\/2026\/03\/12\/ferochi-celebrara-el-dia-del-socio-y-la-familia-corralera-en-la-apertura-del-77-campeonato-nacional-de-rodeo\/"},"author":{"name":"Editor","@id":"https:\/\/diarioellabrador.cl\/#\/schema\/person\/bc25ff80b4563f9c7f4bd7855df01685"},"headline":"Ferochi celebrar\u00e1 el \u00abD\u00eda del Socio y la Familia Corralera\u00bb en la apertura del 77\u00b0 Campeonato Nacional de Rodeo","datePublished":"2026-03-12T22:20:59+00:00","dateModified":"2026-03-12T22:21:01+00:00","mainEntityOfPage":{"@id":"https:\/\/diarioellabrador.cl\/index.php\/2026\/03\/12\/ferochi-celebrara-el-dia-del-socio-y-la-familia-corralera-en-la-apertura-del-77-campeonato-nacional-de-rodeo\/"},"wordCount":329,"commentCount":0,"publisher":{"@id":"https:\/\/diarioellabrador.cl\/#organization"},"image":{"@id":"https:\/\/diarioellabrador.cl\/index.php\/2026\/03\/12\/ferochi-celebrara-el-dia-del-socio-y-la-familia-corralera-en-la-apertura-del-77-campeonato-nacional-de-rodeo\/#primaryimage"},"thumbnailUrl":"https:\/\/diarioellabrador.cl\/wp-content\/uploads\/2026\/03\/Ferochi-celebrara-el-Dia-del-Socio-y-la-Familia-Corralera-en-la-apertura-del-77\u00b0-Campeonato-Nacional-de-Rodeo.jpg","articleSection":["Rodeo"],"inLanguage":"es","potentialAction":[{"@type":"CommentAction","name":"Comment","target":["https:\/\/diarioellabrador.cl\/index.php\/2026\/03\/12\/ferochi-celebrara-el-dia-del-socio-y-la-familia-corralera-en-la-apertura-del-77-campeonato-nacional-de-rodeo\/#respond"]}]},{"@type":"WebPage","@id":"https:\/\/diarioellabrador.cl\/index.php\/2026\/03\/12\/ferochi-celebrara-el-dia-del-socio-y-la-familia-corralera-en-la-apertura-del-77-campeonato-nacional-de-rodeo\/","url":"https:\/\/diarioellabrador.cl\/index.php\/2026\/03\/12\/ferochi-celebrara-el-dia-del-socio-y-la-familia-corralera-en-la-apertura-del-77-campeonato-nacional-de-rodeo\/","name":"Ferochi celebrar\u00e1 el \"D\u00eda del Socio y la Familia Corralera\" en la apertura del 77\u00b0 Campeonato Nacional de Rodeo - Diario El Labrador","isPartOf":{"@id":"https:\/\/diarioellabrador.cl\/#website"},"primaryImageOfPage":{"@id":"https:\/\/diarioellabrador.cl\/index.php\/2026\/03\/12\/ferochi-celebrara-el-dia-del-socio-y-la-familia-corralera-en-la-apertura-del-77-campeonato-nacional-de-rodeo\/#primaryimage"},"image":{"@id":"https:\/\/diarioellabrador.cl\/index.php\/2026\/03\/12\/ferochi-celebrara-el-dia-del-socio-y-la-familia-corralera-en-la-apertura-del-77-campeonato-nacional-de-rodeo\/#primaryimage"},"thumbnailUrl":"https:\/\/diarioellabrador.cl\/wp-content\/uploads\/2026\/03\/Ferochi-celebrara-el-Dia-del-Socio-y-la-Familia-Corralera-en-la-apertura-del-77\u00b0-Campeonato-Nacional-de-Rodeo.jpg","datePublished":"2026-03-12T22:20:59+00:00","dateModified":"2026-03-12T22:21:01+00:00","breadcrumb":{"@id":"https:\/\/diarioellabrador.cl\/index.php\/2026\/03\/12\/ferochi-celebrara-el-dia-del-socio-y-la-familia-corralera-en-la-apertura-del-77-campeonato-nacional-de-rodeo\/#breadcrumb"},"inLanguage":"es","potentialAction":[{"@type":"ReadAction","target":["https:\/\/diarioellabrador.cl\/index.php\/2026\/03\/12\/ferochi-celebrara-el-dia-del-socio-y-la-familia-corralera-en-la-apertura-del-77-campeonato-nacional-de-rodeo\/"]}]},{"@type":"ImageObject","inLanguage":"es","@id":"https:\/\/diarioellabrador.cl\/index.php\/2026\/03\/12\/ferochi-celebrara-el-dia-del-socio-y-la-familia-corralera-en-la-apertura-del-77-campeonato-nacional-de-rodeo\/#primaryimage","url":"https:\/\/diarioellabrador.cl\/wp-content\/uploads\/2026\/03\/Ferochi-celebrara-el-Dia-del-Socio-y-la-Familia-Corralera-en-la-apertura-del-77\u00b0-Campeonato-Nacional-de-Rodeo.jpg","contentUrl":"https:\/\/diarioellabrador.cl\/wp-content\/uploads\/2026\/03\/Ferochi-celebrara-el-Dia-del-Socio-y-la-Familia-Corralera-en-la-apertura-del-77\u00b0-Campeonato-Nacional-de-Rodeo.jpg","width":750,"height":389},{"@type":"BreadcrumbList","@id":"https:\/\/diarioellabrador.cl\/index.php\/2026\/03\/12\/ferochi-celebrara-el-dia-del-socio-y-la-familia-corralera-en-la-apertura-del-77-campeonato-nacional-de-rodeo\/#breadcrumb","itemListElement":[{"@type":"ListItem","position":1,"name":"Portada","item":"https:\/\/diarioellabrador.cl\/"},{"@type":"ListItem","position":2,"name":"Ferochi celebrar\u00e1 el \u00abD\u00eda del Socio y la Familia Corralera\u00bb en la apertura del 77\u00b0 Campeonato Nacional de Rodeo"}]},{"@type":"WebSite","@id":"https:\/\/diarioellabrador.cl\/#website","url":"https:\/\/diarioellabrador.cl\/","name":"Diario El Labrador","description":"Haciendo noticia desde 1921","publisher":{"@id":"https:\/\/diarioellabrador.cl\/#organization"},"potentialAction":[{"@type":"SearchAction","target":{"@type":"EntryPoint","urlTemplate":"https:\/\/diarioellabrador.cl\/?s={search_term_string}"},"query-input":{"@type":"PropertyValueSpecification","valueRequired":true,"valueName":"search_term_string"}}],"inLanguage":"es"},{"@type":"Organization","@id":"https:\/\/diarioellabrador.cl\/#organization","name":"Diario El Labrador","url":"https:\/\/diarioellabrador.cl\/","logo":{"@type":"ImageObject","inLanguage":"es","@id":"https:\/\/diarioellabrador.cl\/#\/schema\/logo\/image\/","url":"https:\/\/diarioellabrador.cl\/wp-content\/uploads\/2025\/02\/cropped-Logo-Icono.png","contentUrl":"https:\/\/diarioellabrador.cl\/wp-content\/uploads\/2025\/02\/cropped-Logo-Icono.png","width":512,"height":512,"caption":"Diario El Labrador"},"image":{"@id":"https:\/\/diarioellabrador.cl\/#\/schema\/logo\/image\/"},"sameAs":["https:\/\/web.facebook.com\/profile.php?id=61576120840621","https:\/\/x.com\/ElLabradorOf","https:\/\/www.instagram.com\/diarioellabradoroficial\/"]},{"@type":"Person","@id":"https:\/\/diarioellabrador.cl\/#\/schema\/person\/bc25ff80b4563f9c7f4bd7855df01685","name":"Editor","image":{"@type":"ImageObject","inLanguage":"es","@id":"https:\/\/secure.gravatar.com\/avatar\/109c326cf2be5c04f048c2c2a2b8b6ef44bf3d8d1d3d4c55d0ac40c4bc994684?s=96&d=mm&r=g","url":"https:\/\/secure.gravatar.com\/avatar\/109c326cf2be5c04f048c2c2a2b8b6ef44bf3d8d1d3d4c55d0ac40c4bc994684?s=96&d=mm&r=g","contentUrl":"https:\/\/secure.gravatar.com\/avatar\/109c326cf2be5c04f048c2c2a2b8b6ef44bf3d8d1d3d4c55d0ac40c4bc994684?s=96&d=mm&r=g","caption":"Editor"},"url":"https:\/\/diarioellabrador.cl\/index.php\/author\/editor\/"}]}},"_links":{"self":[{"href":"https:\/\/diarioellabrador.cl\/index.php\/wp-json\/wp\/v2\/posts\/16457","targetHints":{"allow":["GET"]}}],"collection":[{"href":"https:\/\/diarioellabrador.cl\/index.php\/wp-json\/wp\/v2\/posts"}],"about":[{"href":"https:\/\/diarioellabrador.cl\/index.php\/wp-json\/wp\/v2\/types\/post"}],"author":[{"embeddable":true,"href":"https:\/\/diarioellabrador.cl\/index.php\/wp-json\/wp\/v2\/users\/2"}],"replies":[{"embeddable":true,"href":"https:\/\/diarioellabrador.cl\/index.php\/wp-json\/wp\/v2\/comments?post=16457"}],"version-history":[{"count":1,"href":"https:\/\/diarioellabrador.cl\/index.php\/wp-json\/wp\/v2\/posts\/16457\/revisions"}],"predecessor-version":[{"id":16458,"href":"https:\/\/diarioellabrador.cl\/index.php\/wp-json\/wp\/v2\/posts\/16457\/revisions\/16458"}],"wp:featuredmedia":[{"embeddable":true,"href":"https:\/\/diarioellabrador.cl\/index.php\/wp-json\/wp\/v2\/media\/16447"}],"wp:attachment":[{"href":"https:\/\/diarioellabrador.cl\/index.php\/wp-json\/wp\/v2\/media?parent=16457"}],"wp:term":[{"taxonomy":"category","embeddable":true,"href":"https:\/\/diarioellabrador.cl\/index.php\/wp-json\/wp\/v2\/categories?post=16457"},{"taxonomy":"post_tag","embeddable":true,"href":"https:\/\/diarioellabrador.cl\/index.php\/wp-json\/wp\/v2\/tags?post=16457"}],"curies":[{"name":"wp","href":"https:\/\/api.w.org\/{rel}","templated":true}]}}