{"id":16455,"date":"2026-03-12T18:20:32","date_gmt":"2026-03-12T22:20:32","guid":{"rendered":"https:\/\/diarioellabrador.cl\/?p=16455"},"modified":"2026-03-12T18:20:34","modified_gmt":"2026-03-12T22:20:34","slug":"tolima-supero-a-ohiggins-en-colombia-y-lo-elimino-de-copa-libertadores-celestes-a-la-sudamericana","status":"publish","type":"post","link":"https:\/\/diarioellabrador.cl\/index.php\/2026\/03\/12\/tolima-supero-a-ohiggins-en-colombia-y-lo-elimino-de-copa-libertadores-celestes-a-la-sudamericana\/","title":{"rendered":"Tolima super\u00f3 a O\u2019Higgins en Colombia y lo elimin\u00f3 de Copa Libertadores: \u2019celestes\u2019 a la Sudamericana"},"content":{"rendered":"\n<p>El <strong>Deportes Tolima colombiano venci\u00f3 por 2-0 este mi\u00e9rcoles a O\u2019Higgins<\/strong> en el partido de vuelta de la tercera fase de clasificaci\u00f3n de la Copa Libertadores, con lo que consigui\u00f3 remontar el 1-0 en contra de la ida, y apag\u00f3 el sue\u00f1o de los rancag\u00fcinos de continuara en el m\u00e1ximo torneo continental.<\/p>\n\n\n\n<p>En el estadio Manuel Murillo Toro de Ibagu\u00e9, los goles de los colombianos fueron obra<strong> del lateral Junior Hern\u00e1ndez y del creativo Juan Pablo \u2018Tatay\u2019 Torres<\/strong> y pusieron a celebrar a los dirigidos por Lucas Gonz\u00e1lez, que ahora deber\u00e1n esperar el sorteo para conocer sus rivales en la fase de grupos.<\/p>\n\n\n\n<p>El juego arranc\u00f3 muy re\u00f1ido, con un Tolima volcado al ataque <strong>y un O\u2019Higgins tratando de hacer da\u00f1o al contragolpe<\/strong>. Los locales hicieron da\u00f1o con la movilidad del delantero Adri\u00e1n Parra, mientras que los visitantes tuvieron su primera clara con un remate de <strong>Bryan Rabello, que ataj\u00f3 el brasile\u00f1o Neto Volpi.<\/strong><\/p>\n\n\n\n<p>Al minuto 14, el \u00e1rbitro brasile\u00f1o Anderson Daronco pit\u00f3 un penal cuando, supuestamente, el lateral Luis Alberto Pavez derrib\u00f3 en el \u00e1rea al volante local Jersson Gonz\u00e1lez, pero el juez, <strong>tras revisar el VAR, cambi\u00f3 su decisi\u00f3n y el juego continu\u00f3.<\/strong><\/p>\n\n\n\n<p>En ese contexto, al 38 lleg\u00f3 el 1-0 para los anfitriones en una buena jugada en la que el centrocampista <strong>Brayan Rovira hizo un pase a media altura para Hern\u00e1ndez,<\/strong> que dej\u00f3 rebotar el bal\u00f3n y sac\u00f3 un zapatazo que peg\u00f3 en el palo y se meti\u00f3 en el fondo de la porter\u00eda de Omar Carabal\u00ed.<\/p>\n\n\n\n<p>En el segundo tiempo, los chilenos salieron a buscar el empate y tuvieron su oportunidad m\u00e1s clara, al 51, con un remate de <strong>Arnaldo Castillo que se estrell\u00f3 en el palo.<\/strong><\/p>\n\n\n\n<p>El Tolima, por su parte, respondi\u00f3 con dos contragolpes letales en los que los remates del delantero Luis Sandoval y Gonz\u00e1lez fueron atajados por Carabal\u00ed, que se comenz\u00f3 a convertir en la figura del partido.<\/p>\n\n\n\n<p>El O\u2019Higgins se volc\u00f3 al ataque, pero no fue claro y empez\u00f3 a dejar mucho espacio en defensa.<\/p>\n\n\n\n<p><strong>El 2-0 definitivo, que le dio la clasificaci\u00f3n a los colombianos, lleg\u00f3 al 87 en un contragolpe letal que surgi\u00f3 de un despeje del centrocampista Sebasti\u00e1n Guzm\u00e1n<\/strong>, que condujo el atacante Ever Valencia y que <strong>defini\u00f3 Tatay Torres <\/strong>para poner a celebrar la clasificaci\u00f3n a los aficionados que llegaron hasta el estadio Manuel Murillo Toro, de Ibagu\u00e9.<\/p>\n\n\n\n<p>As\u00ed, O\u2019Higgins de Rancagua se despide de la Libertadores, aunque ya tiene nuevo desaf\u00edo: <strong>la Copa Sudamericana. Ahora, deben esperar el sorteo para conocer sus rivales.<\/strong><\/p>\n\n\n\n<h1 class=\"wp-block-heading\"><em>DT de O\u2019Higgins lamenta adi\u00f3s a Copa Libertadores y asegura que \u00abla estrategia no fall\u00f3\u00bb<\/em><\/h1>\n\n\n\n<p><strong>O\u2019Higgins<\/strong> se inclin\u00f3 en Colombia por 2-0 y acab\u00f3 eliminado de la <a href=\"http:\/\/conmebollibertadores.com\" target=\"_blank\" rel=\"noreferrer noopener\">Copa Libertadores 2026<\/a> con un resultado que, de igual manera, le permite jugar la Copa Sudamericana.<\/p>\n\n\n\n<p>Sin embargo, lo doloroso para el Capo fue c\u00f3mo se dio el partido, con un gol de los de Ibagu\u00e9 al minuto 85 para dar el golpe en el global (0-1 en la ida) y sellar su avance a la fase de grupos del torneo continental.<\/p>\n\n\n\n<p>El entrenador de los rancag\u00fcinos, Lucas Bovaglio, lament\u00f3 el tr\u00e1mite del partido y declar\u00f3 en conferencia de prensa que <strong>\u201cla estrategia no fall\u00f3 mucho en cuanto a lo que hab\u00edamos trabajado en la previa\u201d<\/strong>.<\/p>\n\n\n\n<p>\u201cLas situaciones m\u00e1s claras de Tolima fueron de contraataque. <strong>El 2-0 viene de un tiro de esquina a favor nuestro y nos agarran mal parados. Aprovecharon distracciones que a este nivel no se deben cometer<\/strong>\u201d, asever\u00f3.<\/p>\n\n\n\n<p>A su vez, Bovaglio apunt\u00f3 que \u201clas modificaciones obligadas condicionaron el desenlace del partido. Quer\u00edamos otro cierre en cuanto a los int\u00e9rpretes, pero hicimos cambios obligados\u201d.<\/p>\n\n\n\n<p>\u201cLas que tuvimos a favor, que no fueron muchas, no pudimos cristalizarlas en el arco rival\u201d, agreg\u00f3 el DT de O\u2019Higgins.<\/p>\n\n\n\n<p>Ahora, lo que queda para el elenco celeste es conocer su suerte en la Copa Sudamericana 2026.<\/p>\n\n\n\n<p>Como parte del bombo 4, que re\u00fane a otros clubes con los ca\u00eddos de fase previa de Libertadores, el equipo chileno entra al sorteo del certamen, a celebrarse <strong>el jueves 19 de marzo (a las 20:00 de Chile) en Luque, Paraguay<\/strong>.<\/p>\n","protected":false},"excerpt":{"rendered":"<p>El Deportes Tolima colombiano venci\u00f3 por 2-0 este mi\u00e9rcoles a O\u2019Higgins en el partido de vuelta de la tercera fase de clasificaci\u00f3n de la Copa Libertadores, con lo que consigui\u00f3 remontar el 1-0 en contra de la ida, y apag\u00f3 el sue\u00f1o de los rancag\u00fcinos de continuara en el m\u00e1ximo torneo continental. En el estadio<\/p>\n<div class=\"read-more-wrapper\"><a class=\"read-more\" href=\"https:\/\/diarioellabrador.cl\/index.php\/2026\/03\/12\/tolima-supero-a-ohiggins-en-colombia-y-lo-elimino-de-copa-libertadores-celestes-a-la-sudamericana\/\" title=\"Leer m\u00e1s\"> <span class=\"button \">Leer m\u00e1s<\/span><\/a><\/div>\n","protected":false},"author":2,"featured_media":16450,"comment_status":"open","ping_status":"open","sticky":false,"template":"","format":"standard","meta":{"footnotes":""},"categories":[4],"tags":[],"class_list":["post-16455","post","type-post","status-publish","format-standard","has-post-thumbnail","hentry","category-deportes"],"yoast_head":"<!-- This site is optimized with the Yoast SEO plugin v27.5 - https:\/\/yoast.com\/product\/yoast-seo-wordpress\/ -->\n<title>Tolima super\u00f3 a O\u2019Higgins en Colombia y lo elimin\u00f3 de Copa Libertadores: \u2019celestes\u2019 a la Sudamericana - Diario El Labrador<\/title>\n<meta name=\"robots\" content=\"index, follow, max-snippet:-1, max-image-preview:large, max-video-preview:-1\" \/>\n<link rel=\"canonical\" href=\"https:\/\/diarioellabrador.cl\/index.php\/2026\/03\/12\/tolima-supero-a-ohiggins-en-colombia-y-lo-elimino-de-copa-libertadores-celestes-a-la-sudamericana\/\" \/>\n<meta property=\"og:locale\" content=\"es_ES\" \/>\n<meta property=\"og:type\" content=\"article\" \/>\n<meta property=\"og:title\" content=\"Tolima super\u00f3 a O\u2019Higgins en Colombia y lo elimin\u00f3 de Copa Libertadores: \u2019celestes\u2019 a la Sudamericana - Diario El Labrador\" \/>\n<meta property=\"og:description\" content=\"El Deportes Tolima colombiano venci\u00f3 por 2-0 este mi\u00e9rcoles a O\u2019Higgins en el partido de vuelta de la tercera fase de clasificaci\u00f3n de la Copa Libertadores, con lo que consigui\u00f3 remontar el 1-0 en contra de la ida, y apag\u00f3 el sue\u00f1o de los rancag\u00fcinos de continuara en el m\u00e1ximo torneo continental. En el estadio Leer m\u00e1s\" \/>\n<meta property=\"og:url\" content=\"https:\/\/diarioellabrador.cl\/index.php\/2026\/03\/12\/tolima-supero-a-ohiggins-en-colombia-y-lo-elimino-de-copa-libertadores-celestes-a-la-sudamericana\/\" \/>\n<meta property=\"og:site_name\" content=\"Diario El Labrador\" \/>\n<meta property=\"article:publisher\" content=\"https:\/\/web.facebook.com\/profile.php?id=61576120840621\" \/>\n<meta property=\"article:published_time\" content=\"2026-03-12T22:20:32+00:00\" \/>\n<meta property=\"article:modified_time\" content=\"2026-03-12T22:20:34+00:00\" \/>\n<meta property=\"og:image\" content=\"https:\/\/diarioellabrador.cl\/wp-content\/uploads\/2026\/03\/Tolima-supero-a-OHiggins-en-Colombia-y-lo-elimino-de-Copa-Libertadores-celestes-a-la-Sudamericana.jpg\" \/>\n\t<meta property=\"og:image:width\" content=\"1600\" \/>\n\t<meta property=\"og:image:height\" content=\"900\" \/>\n\t<meta property=\"og:image:type\" content=\"image\/jpeg\" \/>\n<meta name=\"author\" content=\"Editor\" \/>\n<meta name=\"twitter:card\" content=\"summary_large_image\" \/>\n<meta name=\"twitter:creator\" content=\"@ElLabradorOf\" \/>\n<meta name=\"twitter:site\" content=\"@ElLabradorOf\" \/>\n<meta name=\"twitter:label1\" content=\"Escrito por\" \/>\n\t<meta name=\"twitter:data1\" content=\"Editor\" \/>\n\t<meta name=\"twitter:label2\" content=\"Tiempo de lectura\" \/>\n\t<meta name=\"twitter:data2\" content=\"4 minutos\" \/>\n<script type=\"application\/ld+json\" class=\"yoast-schema-graph\">{\"@context\":\"https:\\\/\\\/schema.org\",\"@graph\":[{\"@type\":\"Article\",\"@id\":\"https:\\\/\\\/diarioellabrador.cl\\\/index.php\\\/2026\\\/03\\\/12\\\/tolima-supero-a-ohiggins-en-colombia-y-lo-elimino-de-copa-libertadores-celestes-a-la-sudamericana\\\/#article\",\"isPartOf\":{\"@id\":\"https:\\\/\\\/diarioellabrador.cl\\\/index.php\\\/2026\\\/03\\\/12\\\/tolima-supero-a-ohiggins-en-colombia-y-lo-elimino-de-copa-libertadores-celestes-a-la-sudamericana\\\/\"},\"author\":{\"name\":\"Editor\",\"@id\":\"https:\\\/\\\/diarioellabrador.cl\\\/#\\\/schema\\\/person\\\/bc25ff80b4563f9c7f4bd7855df01685\"},\"headline\":\"Tolima super\u00f3 a O\u2019Higgins en Colombia y lo elimin\u00f3 de Copa Libertadores: \u2019celestes\u2019 a la Sudamericana\",\"datePublished\":\"2026-03-12T22:20:32+00:00\",\"dateModified\":\"2026-03-12T22:20:34+00:00\",\"mainEntityOfPage\":{\"@id\":\"https:\\\/\\\/diarioellabrador.cl\\\/index.php\\\/2026\\\/03\\\/12\\\/tolima-supero-a-ohiggins-en-colombia-y-lo-elimino-de-copa-libertadores-celestes-a-la-sudamericana\\\/\"},\"wordCount\":732,\"commentCount\":0,\"publisher\":{\"@id\":\"https:\\\/\\\/diarioellabrador.cl\\\/#organization\"},\"image\":{\"@id\":\"https:\\\/\\\/diarioellabrador.cl\\\/index.php\\\/2026\\\/03\\\/12\\\/tolima-supero-a-ohiggins-en-colombia-y-lo-elimino-de-copa-libertadores-celestes-a-la-sudamericana\\\/#primaryimage\"},\"thumbnailUrl\":\"https:\\\/\\\/diarioellabrador.cl\\\/wp-content\\\/uploads\\\/2026\\\/03\\\/Tolima-supero-a-OHiggins-en-Colombia-y-lo-elimino-de-Copa-Libertadores-celestes-a-la-Sudamericana.jpg\",\"articleSection\":[\"Deportes\"],\"inLanguage\":\"es\",\"potentialAction\":[{\"@type\":\"CommentAction\",\"name\":\"Comment\",\"target\":[\"https:\\\/\\\/diarioellabrador.cl\\\/index.php\\\/2026\\\/03\\\/12\\\/tolima-supero-a-ohiggins-en-colombia-y-lo-elimino-de-copa-libertadores-celestes-a-la-sudamericana\\\/#respond\"]}]},{\"@type\":\"WebPage\",\"@id\":\"https:\\\/\\\/diarioellabrador.cl\\\/index.php\\\/2026\\\/03\\\/12\\\/tolima-supero-a-ohiggins-en-colombia-y-lo-elimino-de-copa-libertadores-celestes-a-la-sudamericana\\\/\",\"url\":\"https:\\\/\\\/diarioellabrador.cl\\\/index.php\\\/2026\\\/03\\\/12\\\/tolima-supero-a-ohiggins-en-colombia-y-lo-elimino-de-copa-libertadores-celestes-a-la-sudamericana\\\/\",\"name\":\"Tolima super\u00f3 a O\u2019Higgins en Colombia y lo elimin\u00f3 de Copa Libertadores: \u2019celestes\u2019 a la Sudamericana - Diario El Labrador\",\"isPartOf\":{\"@id\":\"https:\\\/\\\/diarioellabrador.cl\\\/#website\"},\"primaryImageOfPage\":{\"@id\":\"https:\\\/\\\/diarioellabrador.cl\\\/index.php\\\/2026\\\/03\\\/12\\\/tolima-supero-a-ohiggins-en-colombia-y-lo-elimino-de-copa-libertadores-celestes-a-la-sudamericana\\\/#primaryimage\"},\"image\":{\"@id\":\"https:\\\/\\\/diarioellabrador.cl\\\/index.php\\\/2026\\\/03\\\/12\\\/tolima-supero-a-ohiggins-en-colombia-y-lo-elimino-de-copa-libertadores-celestes-a-la-sudamericana\\\/#primaryimage\"},\"thumbnailUrl\":\"https:\\\/\\\/diarioellabrador.cl\\\/wp-content\\\/uploads\\\/2026\\\/03\\\/Tolima-supero-a-OHiggins-en-Colombia-y-lo-elimino-de-Copa-Libertadores-celestes-a-la-Sudamericana.jpg\",\"datePublished\":\"2026-03-12T22:20:32+00:00\",\"dateModified\":\"2026-03-12T22:20:34+00:00\",\"breadcrumb\":{\"@id\":\"https:\\\/\\\/diarioellabrador.cl\\\/index.php\\\/2026\\\/03\\\/12\\\/tolima-supero-a-ohiggins-en-colombia-y-lo-elimino-de-copa-libertadores-celestes-a-la-sudamericana\\\/#breadcrumb\"},\"inLanguage\":\"es\",\"potentialAction\":[{\"@type\":\"ReadAction\",\"target\":[\"https:\\\/\\\/diarioellabrador.cl\\\/index.php\\\/2026\\\/03\\\/12\\\/tolima-supero-a-ohiggins-en-colombia-y-lo-elimino-de-copa-libertadores-celestes-a-la-sudamericana\\\/\"]}]},{\"@type\":\"ImageObject\",\"inLanguage\":\"es\",\"@id\":\"https:\\\/\\\/diarioellabrador.cl\\\/index.php\\\/2026\\\/03\\\/12\\\/tolima-supero-a-ohiggins-en-colombia-y-lo-elimino-de-copa-libertadores-celestes-a-la-sudamericana\\\/#primaryimage\",\"url\":\"https:\\\/\\\/diarioellabrador.cl\\\/wp-content\\\/uploads\\\/2026\\\/03\\\/Tolima-supero-a-OHiggins-en-Colombia-y-lo-elimino-de-Copa-Libertadores-celestes-a-la-Sudamericana.jpg\",\"contentUrl\":\"https:\\\/\\\/diarioellabrador.cl\\\/wp-content\\\/uploads\\\/2026\\\/03\\\/Tolima-supero-a-OHiggins-en-Colombia-y-lo-elimino-de-Copa-Libertadores-celestes-a-la-Sudamericana.jpg\",\"width\":1600,\"height\":900},{\"@type\":\"BreadcrumbList\",\"@id\":\"https:\\\/\\\/diarioellabrador.cl\\\/index.php\\\/2026\\\/03\\\/12\\\/tolima-supero-a-ohiggins-en-colombia-y-lo-elimino-de-copa-libertadores-celestes-a-la-sudamericana\\\/#breadcrumb\",\"itemListElement\":[{\"@type\":\"ListItem\",\"position\":1,\"name\":\"Portada\",\"item\":\"https:\\\/\\\/diarioellabrador.cl\\\/\"},{\"@type\":\"ListItem\",\"position\":2,\"name\":\"Tolima super\u00f3 a O\u2019Higgins en Colombia y lo elimin\u00f3 de Copa Libertadores: \u2019celestes\u2019 a la Sudamericana\"}]},{\"@type\":\"WebSite\",\"@id\":\"https:\\\/\\\/diarioellabrador.cl\\\/#website\",\"url\":\"https:\\\/\\\/diarioellabrador.cl\\\/\",\"name\":\"Diario El Labrador\",\"description\":\"Haciendo noticia desde 1921\",\"publisher\":{\"@id\":\"https:\\\/\\\/diarioellabrador.cl\\\/#organization\"},\"potentialAction\":[{\"@type\":\"SearchAction\",\"target\":{\"@type\":\"EntryPoint\",\"urlTemplate\":\"https:\\\/\\\/diarioellabrador.cl\\\/?s={search_term_string}\"},\"query-input\":{\"@type\":\"PropertyValueSpecification\",\"valueRequired\":true,\"valueName\":\"search_term_string\"}}],\"inLanguage\":\"es\"},{\"@type\":\"Organization\",\"@id\":\"https:\\\/\\\/diarioellabrador.cl\\\/#organization\",\"name\":\"Diario El Labrador\",\"url\":\"https:\\\/\\\/diarioellabrador.cl\\\/\",\"logo\":{\"@type\":\"ImageObject\",\"inLanguage\":\"es\",\"@id\":\"https:\\\/\\\/diarioellabrador.cl\\\/#\\\/schema\\\/logo\\\/image\\\/\",\"url\":\"https:\\\/\\\/diarioellabrador.cl\\\/wp-content\\\/uploads\\\/2025\\\/02\\\/cropped-Logo-Icono.png\",\"contentUrl\":\"https:\\\/\\\/diarioellabrador.cl\\\/wp-content\\\/uploads\\\/2025\\\/02\\\/cropped-Logo-Icono.png\",\"width\":512,\"height\":512,\"caption\":\"Diario El Labrador\"},\"image\":{\"@id\":\"https:\\\/\\\/diarioellabrador.cl\\\/#\\\/schema\\\/logo\\\/image\\\/\"},\"sameAs\":[\"https:\\\/\\\/web.facebook.com\\\/profile.php?id=61576120840621\",\"https:\\\/\\\/x.com\\\/ElLabradorOf\",\"https:\\\/\\\/www.instagram.com\\\/diarioellabradoroficial\\\/\"]},{\"@type\":\"Person\",\"@id\":\"https:\\\/\\\/diarioellabrador.cl\\\/#\\\/schema\\\/person\\\/bc25ff80b4563f9c7f4bd7855df01685\",\"name\":\"Editor\",\"image\":{\"@type\":\"ImageObject\",\"inLanguage\":\"es\",\"@id\":\"https:\\\/\\\/secure.gravatar.com\\\/avatar\\\/109c326cf2be5c04f048c2c2a2b8b6ef44bf3d8d1d3d4c55d0ac40c4bc994684?s=96&d=mm&r=g\",\"url\":\"https:\\\/\\\/secure.gravatar.com\\\/avatar\\\/109c326cf2be5c04f048c2c2a2b8b6ef44bf3d8d1d3d4c55d0ac40c4bc994684?s=96&d=mm&r=g\",\"contentUrl\":\"https:\\\/\\\/secure.gravatar.com\\\/avatar\\\/109c326cf2be5c04f048c2c2a2b8b6ef44bf3d8d1d3d4c55d0ac40c4bc994684?s=96&d=mm&r=g\",\"caption\":\"Editor\"},\"url\":\"https:\\\/\\\/diarioellabrador.cl\\\/index.php\\\/author\\\/editor\\\/\"}]}<\/script>\n<!-- \/ Yoast SEO plugin. -->","yoast_head_json":{"title":"Tolima super\u00f3 a O\u2019Higgins en Colombia y lo elimin\u00f3 de Copa Libertadores: \u2019celestes\u2019 a la Sudamericana - Diario El Labrador","robots":{"index":"index","follow":"follow","max-snippet":"max-snippet:-1","max-image-preview":"max-image-preview:large","max-video-preview":"max-video-preview:-1"},"canonical":"https:\/\/diarioellabrador.cl\/index.php\/2026\/03\/12\/tolima-supero-a-ohiggins-en-colombia-y-lo-elimino-de-copa-libertadores-celestes-a-la-sudamericana\/","og_locale":"es_ES","og_type":"article","og_title":"Tolima super\u00f3 a O\u2019Higgins en Colombia y lo elimin\u00f3 de Copa Libertadores: \u2019celestes\u2019 a la Sudamericana - Diario El Labrador","og_description":"El Deportes Tolima colombiano venci\u00f3 por 2-0 este mi\u00e9rcoles a O\u2019Higgins en el partido de vuelta de la tercera fase de clasificaci\u00f3n de la Copa Libertadores, con lo que consigui\u00f3 remontar el 1-0 en contra de la ida, y apag\u00f3 el sue\u00f1o de los rancag\u00fcinos de continuara en el m\u00e1ximo torneo continental. En el estadio Leer m\u00e1s","og_url":"https:\/\/diarioellabrador.cl\/index.php\/2026\/03\/12\/tolima-supero-a-ohiggins-en-colombia-y-lo-elimino-de-copa-libertadores-celestes-a-la-sudamericana\/","og_site_name":"Diario El Labrador","article_publisher":"https:\/\/web.facebook.com\/profile.php?id=61576120840621","article_published_time":"2026-03-12T22:20:32+00:00","article_modified_time":"2026-03-12T22:20:34+00:00","og_image":[{"width":1600,"height":900,"url":"https:\/\/diarioellabrador.cl\/wp-content\/uploads\/2026\/03\/Tolima-supero-a-OHiggins-en-Colombia-y-lo-elimino-de-Copa-Libertadores-celestes-a-la-Sudamericana.jpg","type":"image\/jpeg"}],"author":"Editor","twitter_card":"summary_large_image","twitter_creator":"@ElLabradorOf","twitter_site":"@ElLabradorOf","twitter_misc":{"Escrito por":"Editor","Tiempo de lectura":"4 minutos"},"schema":{"@context":"https:\/\/schema.org","@graph":[{"@type":"Article","@id":"https:\/\/diarioellabrador.cl\/index.php\/2026\/03\/12\/tolima-supero-a-ohiggins-en-colombia-y-lo-elimino-de-copa-libertadores-celestes-a-la-sudamericana\/#article","isPartOf":{"@id":"https:\/\/diarioellabrador.cl\/index.php\/2026\/03\/12\/tolima-supero-a-ohiggins-en-colombia-y-lo-elimino-de-copa-libertadores-celestes-a-la-sudamericana\/"},"author":{"name":"Editor","@id":"https:\/\/diarioellabrador.cl\/#\/schema\/person\/bc25ff80b4563f9c7f4bd7855df01685"},"headline":"Tolima super\u00f3 a O\u2019Higgins en Colombia y lo elimin\u00f3 de Copa Libertadores: \u2019celestes\u2019 a la Sudamericana","datePublished":"2026-03-12T22:20:32+00:00","dateModified":"2026-03-12T22:20:34+00:00","mainEntityOfPage":{"@id":"https:\/\/diarioellabrador.cl\/index.php\/2026\/03\/12\/tolima-supero-a-ohiggins-en-colombia-y-lo-elimino-de-copa-libertadores-celestes-a-la-sudamericana\/"},"wordCount":732,"commentCount":0,"publisher":{"@id":"https:\/\/diarioellabrador.cl\/#organization"},"image":{"@id":"https:\/\/diarioellabrador.cl\/index.php\/2026\/03\/12\/tolima-supero-a-ohiggins-en-colombia-y-lo-elimino-de-copa-libertadores-celestes-a-la-sudamericana\/#primaryimage"},"thumbnailUrl":"https:\/\/diarioellabrador.cl\/wp-content\/uploads\/2026\/03\/Tolima-supero-a-OHiggins-en-Colombia-y-lo-elimino-de-Copa-Libertadores-celestes-a-la-Sudamericana.jpg","articleSection":["Deportes"],"inLanguage":"es","potentialAction":[{"@type":"CommentAction","name":"Comment","target":["https:\/\/diarioellabrador.cl\/index.php\/2026\/03\/12\/tolima-supero-a-ohiggins-en-colombia-y-lo-elimino-de-copa-libertadores-celestes-a-la-sudamericana\/#respond"]}]},{"@type":"WebPage","@id":"https:\/\/diarioellabrador.cl\/index.php\/2026\/03\/12\/tolima-supero-a-ohiggins-en-colombia-y-lo-elimino-de-copa-libertadores-celestes-a-la-sudamericana\/","url":"https:\/\/diarioellabrador.cl\/index.php\/2026\/03\/12\/tolima-supero-a-ohiggins-en-colombia-y-lo-elimino-de-copa-libertadores-celestes-a-la-sudamericana\/","name":"Tolima super\u00f3 a O\u2019Higgins en Colombia y lo elimin\u00f3 de Copa Libertadores: \u2019celestes\u2019 a la Sudamericana - Diario El Labrador","isPartOf":{"@id":"https:\/\/diarioellabrador.cl\/#website"},"primaryImageOfPage":{"@id":"https:\/\/diarioellabrador.cl\/index.php\/2026\/03\/12\/tolima-supero-a-ohiggins-en-colombia-y-lo-elimino-de-copa-libertadores-celestes-a-la-sudamericana\/#primaryimage"},"image":{"@id":"https:\/\/diarioellabrador.cl\/index.php\/2026\/03\/12\/tolima-supero-a-ohiggins-en-colombia-y-lo-elimino-de-copa-libertadores-celestes-a-la-sudamericana\/#primaryimage"},"thumbnailUrl":"https:\/\/diarioellabrador.cl\/wp-content\/uploads\/2026\/03\/Tolima-supero-a-OHiggins-en-Colombia-y-lo-elimino-de-Copa-Libertadores-celestes-a-la-Sudamericana.jpg","datePublished":"2026-03-12T22:20:32+00:00","dateModified":"2026-03-12T22:20:34+00:00","breadcrumb":{"@id":"https:\/\/diarioellabrador.cl\/index.php\/2026\/03\/12\/tolima-supero-a-ohiggins-en-colombia-y-lo-elimino-de-copa-libertadores-celestes-a-la-sudamericana\/#breadcrumb"},"inLanguage":"es","potentialAction":[{"@type":"ReadAction","target":["https:\/\/diarioellabrador.cl\/index.php\/2026\/03\/12\/tolima-supero-a-ohiggins-en-colombia-y-lo-elimino-de-copa-libertadores-celestes-a-la-sudamericana\/"]}]},{"@type":"ImageObject","inLanguage":"es","@id":"https:\/\/diarioellabrador.cl\/index.php\/2026\/03\/12\/tolima-supero-a-ohiggins-en-colombia-y-lo-elimino-de-copa-libertadores-celestes-a-la-sudamericana\/#primaryimage","url":"https:\/\/diarioellabrador.cl\/wp-content\/uploads\/2026\/03\/Tolima-supero-a-OHiggins-en-Colombia-y-lo-elimino-de-Copa-Libertadores-celestes-a-la-Sudamericana.jpg","contentUrl":"https:\/\/diarioellabrador.cl\/wp-content\/uploads\/2026\/03\/Tolima-supero-a-OHiggins-en-Colombia-y-lo-elimino-de-Copa-Libertadores-celestes-a-la-Sudamericana.jpg","width":1600,"height":900},{"@type":"BreadcrumbList","@id":"https:\/\/diarioellabrador.cl\/index.php\/2026\/03\/12\/tolima-supero-a-ohiggins-en-colombia-y-lo-elimino-de-copa-libertadores-celestes-a-la-sudamericana\/#breadcrumb","itemListElement":[{"@type":"ListItem","position":1,"name":"Portada","item":"https:\/\/diarioellabrador.cl\/"},{"@type":"ListItem","position":2,"name":"Tolima super\u00f3 a O\u2019Higgins en Colombia y lo elimin\u00f3 de Copa Libertadores: \u2019celestes\u2019 a la Sudamericana"}]},{"@type":"WebSite","@id":"https:\/\/diarioellabrador.cl\/#website","url":"https:\/\/diarioellabrador.cl\/","name":"Diario El Labrador","description":"Haciendo noticia desde 1921","publisher":{"@id":"https:\/\/diarioellabrador.cl\/#organization"},"potentialAction":[{"@type":"SearchAction","target":{"@type":"EntryPoint","urlTemplate":"https:\/\/diarioellabrador.cl\/?s={search_term_string}"},"query-input":{"@type":"PropertyValueSpecification","valueRequired":true,"valueName":"search_term_string"}}],"inLanguage":"es"},{"@type":"Organization","@id":"https:\/\/diarioellabrador.cl\/#organization","name":"Diario El Labrador","url":"https:\/\/diarioellabrador.cl\/","logo":{"@type":"ImageObject","inLanguage":"es","@id":"https:\/\/diarioellabrador.cl\/#\/schema\/logo\/image\/","url":"https:\/\/diarioellabrador.cl\/wp-content\/uploads\/2025\/02\/cropped-Logo-Icono.png","contentUrl":"https:\/\/diarioellabrador.cl\/wp-content\/uploads\/2025\/02\/cropped-Logo-Icono.png","width":512,"height":512,"caption":"Diario El Labrador"},"image":{"@id":"https:\/\/diarioellabrador.cl\/#\/schema\/logo\/image\/"},"sameAs":["https:\/\/web.facebook.com\/profile.php?id=61576120840621","https:\/\/x.com\/ElLabradorOf","https:\/\/www.instagram.com\/diarioellabradoroficial\/"]},{"@type":"Person","@id":"https:\/\/diarioellabrador.cl\/#\/schema\/person\/bc25ff80b4563f9c7f4bd7855df01685","name":"Editor","image":{"@type":"ImageObject","inLanguage":"es","@id":"https:\/\/secure.gravatar.com\/avatar\/109c326cf2be5c04f048c2c2a2b8b6ef44bf3d8d1d3d4c55d0ac40c4bc994684?s=96&d=mm&r=g","url":"https:\/\/secure.gravatar.com\/avatar\/109c326cf2be5c04f048c2c2a2b8b6ef44bf3d8d1d3d4c55d0ac40c4bc994684?s=96&d=mm&r=g","contentUrl":"https:\/\/secure.gravatar.com\/avatar\/109c326cf2be5c04f048c2c2a2b8b6ef44bf3d8d1d3d4c55d0ac40c4bc994684?s=96&d=mm&r=g","caption":"Editor"},"url":"https:\/\/diarioellabrador.cl\/index.php\/author\/editor\/"}]}},"_links":{"self":[{"href":"https:\/\/diarioellabrador.cl\/index.php\/wp-json\/wp\/v2\/posts\/16455","targetHints":{"allow":["GET"]}}],"collection":[{"href":"https:\/\/diarioellabrador.cl\/index.php\/wp-json\/wp\/v2\/posts"}],"about":[{"href":"https:\/\/diarioellabrador.cl\/index.php\/wp-json\/wp\/v2\/types\/post"}],"author":[{"embeddable":true,"href":"https:\/\/diarioellabrador.cl\/index.php\/wp-json\/wp\/v2\/users\/2"}],"replies":[{"embeddable":true,"href":"https:\/\/diarioellabrador.cl\/index.php\/wp-json\/wp\/v2\/comments?post=16455"}],"version-history":[{"count":1,"href":"https:\/\/diarioellabrador.cl\/index.php\/wp-json\/wp\/v2\/posts\/16455\/revisions"}],"predecessor-version":[{"id":16456,"href":"https:\/\/diarioellabrador.cl\/index.php\/wp-json\/wp\/v2\/posts\/16455\/revisions\/16456"}],"wp:featuredmedia":[{"embeddable":true,"href":"https:\/\/diarioellabrador.cl\/index.php\/wp-json\/wp\/v2\/media\/16450"}],"wp:attachment":[{"href":"https:\/\/diarioellabrador.cl\/index.php\/wp-json\/wp\/v2\/media?parent=16455"}],"wp:term":[{"taxonomy":"category","embeddable":true,"href":"https:\/\/diarioellabrador.cl\/index.php\/wp-json\/wp\/v2\/categories?post=16455"},{"taxonomy":"post_tag","embeddable":true,"href":"https:\/\/diarioellabrador.cl\/index.php\/wp-json\/wp\/v2\/tags?post=16455"}],"curies":[{"name":"wp","href":"https:\/\/api.w.org\/{rel}","templated":true}]}}