{"id":16453,"date":"2026-03-12T18:20:02","date_gmt":"2026-03-12T22:20:02","guid":{"rendered":"https:\/\/diarioellabrador.cl\/?p=16453"},"modified":"2026-03-12T18:20:03","modified_gmt":"2026-03-12T22:20:03","slug":"con-un-fede-valverde-brillante-real-madrid-da-el-primer-golpe-ante-el-city-de-guardiola","status":"publish","type":"post","link":"https:\/\/diarioellabrador.cl\/index.php\/2026\/03\/12\/con-un-fede-valverde-brillante-real-madrid-da-el-primer-golpe-ante-el-city-de-guardiola\/","title":{"rendered":"Con un Fede Valverde brillante: Real Madrid da el primer golpe ante el City de Guardiola"},"content":{"rendered":"\n<p>El <strong>Real Madrid <\/strong>dio el primer golpe ante el <strong>Manchester City<\/strong> en la ida de los octavos de final de la <strong>Champions League<\/strong>.<\/p>\n\n\n\n<p>Con un <strong>Federico Valverde<\/strong> iluminado, los dirigidos por <strong>\u00c1lvaro Arbeloa<\/strong> llegan en ventaja a la vuelta de la serie que se jugar\u00e1 en Manchester el pr\u00f3ximo martes 17.<\/p>\n\n\n\n<p>El volante uruguayo tuvo una <strong>jornada brillante con un triplete<\/strong>, los tres en la primera mitad, en los 20\u2032, 37\u2032 y 42\u2032.<\/p>\n\n\n\n<p>Un resultado para los espa\u00f1oles que pudo ser mayor, pero el italiano <strong>Gianluigi Donnarumma<\/strong> ataj\u00f3 un penal al brasile\u00f1o <strong>Vin\u00edcius Junior<\/strong> en el minuto 57\u2032.<\/p>\n\n\n\n<h1 class=\"wp-block-heading\"><em>Prensa inglesa ataca al Manchester City tras ser goleado por Real Madrid: \u00abFue un once de impostores\u00bb<\/em><\/h1>\n\n\n\n<p>La prensa inglesa no tuvo piedad con el <strong>Manchester City<\/strong> por la goleada 3-0 que sufri\u00f3 en su visita al <strong>Real Madrid<\/strong>, en el Santiago Bernab\u00e9u, en el duelo de ida por los octavos de final de la <strong>Champions League<\/strong>.<\/p>\n\n\n\n<p>El m\u00e1s duro fue el <em>Daily Mail<\/em>, que no tuvo reparos en cuestionar la alineaci\u00f3n de <strong>Pep Guardiola<\/strong>. \u201cEl once de impostores del Manchester City fue destrozado por Valverde y el Real Madrid\u201c, titul\u00f3 el peri\u00f3dico, en una portada que resume la sensaci\u00f3n de desconcierto que dej\u00f3 el equipo ingl\u00e9s en Espa\u00f1a.<\/p>\n\n\n\n<p>Para el diario, la eliminatoria ha quedado <strong>pr\u00e1cticamente sentenciada<\/strong> y el t\u00e9cnico catal\u00e1n tendr\u00e1 una misi\u00f3n casi imposible en la vuelta en el Etihad Stadium.<\/p>\n\n\n\n<p>Gran parte de las cr\u00edticas en Inglaterra apuntaron directamente a las decisiones t\u00e1cticas del entrenador. La apuesta por Nico O\u2019Reilly como lateral, la presencia de Khusanov en el costado izquierdo para intentar frenar a Vin\u00edcius J\u00fanior y la titularidad de Savinho, pese a llevar dos meses sin apenas actividad, alimentaron el debate sobre el planteamiento del City.<\/p>\n\n\n\n<p>Mientras algunos medios se centraron en Guardiola, otros prefirieron destacar el brillo del Real Madrid y, en particular, la exhibici\u00f3n de Valverde. The Guardian elogi\u00f3 al centrocampista uruguayo y asegur\u00f3 que su actuaci\u00f3n ya forma parte de la historia reciente del club.<\/p>\n\n\n\n<p>Seg\u00fan el diario, Valverde se gan\u00f3 un lugar eterno con su \u201c<strong>inmortal<\/strong>\u201d \u2018hat trick\u2019 en la primera parte.<\/p>\n\n\n\n<p>Aun as\u00ed, el peri\u00f3dico brit\u00e1nico dej\u00f3 abierta una peque\u00f1a ventana para la esperanza del City, recordando el penal fallado por Vin\u00edcius J\u00fanior que pudo haber sentenciado definitivamente la eliminatoria. \u201c<strong>Si Vin\u00edcius J\u00fanior hubiera metido el penal de la segunda parte, el Real podr\u00eda celebrar el pase, pero si el City marca pronto el martes, qui\u00e9n sabe<\/strong>\u201c, apunta.<\/p>\n\n\n\n<p>El recuerdo de viejas heridas tambi\u00e9n apareci\u00f3. En The Times evocaron la c\u00e9lebre remontada sufrida por el City hace cuatro a\u00f1os y describieron el partido como una mezcla de sensaciones que volvieron a repetirse.<\/p>\n\n\n\n<p>\u201c<strong>Jugando contra un debilitado Real Madrid, el City simplemente perdi\u00f3 la cabeza\u201d, se\u00f1alaron, al tiempo que hablaban de ese ya conocido \u201ccocktail de sentimientos horribles, \u2018impotencia y verg\u00fcenza\u2019<\/strong>\u201c.<\/p>\n\n\n\n<p>En Manchester, el golpe tambi\u00e9n se reflej\u00f3 en los titulares. El Manchester Evening News jug\u00f3 con las palabras en su portada con \u201c<strong>Pain in Spain<\/strong>\u201c, acompa\u00f1ando la frase con una imagen de Erling Haaland y Marc Gu\u00e9hi con gesto serio tras el partido.<\/p>\n\n\n\n<p>Entre tanta cr\u00edtica al City, tambi\u00e9n hubo espacio para el reconocimiento. En Sky Sports destacaron nuevamente la figura de Valverde y recordaron las palabras de Trent Alexander-Arnold tras el encuentro, cuando calific\u00f3 al uruguayo como el futbolista m\u00e1s infravalorado del planeta.<\/p>\n\n\n\n<p>El medio brit\u00e1nico fue contundente en su conclusi\u00f3n: \u201c<strong>Este verdadero gal\u00e1ctico no puede ser infravalorado m\u00e1s<\/strong>\u201c.<\/p>\n\n\n\n<p>La revancha se jugar\u00e1 el martes 17 de marzo, a partir de las 17:00 horas de Chile.<\/p>\n","protected":false},"excerpt":{"rendered":"<p>El Real Madrid dio el primer golpe ante el Manchester City en la ida de los octavos de final de la Champions League. Con un Federico Valverde iluminado, los dirigidos por \u00c1lvaro Arbeloa llegan en ventaja a la vuelta de la serie que se jugar\u00e1 en Manchester el pr\u00f3ximo martes 17. El volante uruguayo tuvo<\/p>\n<div class=\"read-more-wrapper\"><a class=\"read-more\" href=\"https:\/\/diarioellabrador.cl\/index.php\/2026\/03\/12\/con-un-fede-valverde-brillante-real-madrid-da-el-primer-golpe-ante-el-city-de-guardiola\/\" title=\"Leer m\u00e1s\"> <span class=\"button \">Leer m\u00e1s<\/span><\/a><\/div>\n","protected":false},"author":2,"featured_media":16449,"comment_status":"open","ping_status":"open","sticky":false,"template":"","format":"standard","meta":{"footnotes":""},"categories":[4],"tags":[],"class_list":["post-16453","post","type-post","status-publish","format-standard","has-post-thumbnail","hentry","category-deportes"],"yoast_head":"<!-- This site is optimized with the Yoast SEO plugin v27.5 - https:\/\/yoast.com\/product\/yoast-seo-wordpress\/ -->\n<title>Con un Fede Valverde brillante: Real Madrid da el primer golpe ante el City de Guardiola - Diario El Labrador<\/title>\n<meta name=\"robots\" content=\"index, follow, max-snippet:-1, max-image-preview:large, max-video-preview:-1\" \/>\n<link rel=\"canonical\" href=\"https:\/\/diarioellabrador.cl\/index.php\/2026\/03\/12\/con-un-fede-valverde-brillante-real-madrid-da-el-primer-golpe-ante-el-city-de-guardiola\/\" \/>\n<meta property=\"og:locale\" content=\"es_ES\" \/>\n<meta property=\"og:type\" content=\"article\" \/>\n<meta property=\"og:title\" content=\"Con un Fede Valverde brillante: Real Madrid da el primer golpe ante el City de Guardiola - Diario El Labrador\" \/>\n<meta property=\"og:description\" content=\"El Real Madrid dio el primer golpe ante el Manchester City en la ida de los octavos de final de la Champions League. Con un Federico Valverde iluminado, los dirigidos por \u00c1lvaro Arbeloa llegan en ventaja a la vuelta de la serie que se jugar\u00e1 en Manchester el pr\u00f3ximo martes 17. El volante uruguayo tuvo Leer m\u00e1s\" \/>\n<meta property=\"og:url\" content=\"https:\/\/diarioellabrador.cl\/index.php\/2026\/03\/12\/con-un-fede-valverde-brillante-real-madrid-da-el-primer-golpe-ante-el-city-de-guardiola\/\" \/>\n<meta property=\"og:site_name\" content=\"Diario El Labrador\" \/>\n<meta property=\"article:publisher\" content=\"https:\/\/web.facebook.com\/profile.php?id=61576120840621\" \/>\n<meta property=\"article:published_time\" content=\"2026-03-12T22:20:02+00:00\" \/>\n<meta property=\"article:modified_time\" content=\"2026-03-12T22:20:03+00:00\" \/>\n<meta property=\"og:image\" content=\"https:\/\/diarioellabrador.cl\/wp-content\/uploads\/2026\/03\/Con-un-Fede-Valverde-brillante-Real-Madrid-da-el-primer-golpe-ante-el-City-de-Guardiola.jpg\" \/>\n\t<meta property=\"og:image:width\" content=\"1080\" \/>\n\t<meta property=\"og:image:height\" content=\"1440\" \/>\n\t<meta property=\"og:image:type\" content=\"image\/jpeg\" \/>\n<meta name=\"author\" content=\"Editor\" \/>\n<meta name=\"twitter:card\" content=\"summary_large_image\" \/>\n<meta name=\"twitter:creator\" content=\"@ElLabradorOf\" \/>\n<meta name=\"twitter:site\" content=\"@ElLabradorOf\" \/>\n<meta name=\"twitter:label1\" content=\"Escrito por\" \/>\n\t<meta name=\"twitter:data1\" content=\"Editor\" \/>\n\t<meta name=\"twitter:label2\" content=\"Tiempo de lectura\" \/>\n\t<meta name=\"twitter:data2\" content=\"3 minutos\" \/>\n<script type=\"application\/ld+json\" class=\"yoast-schema-graph\">{\"@context\":\"https:\\\/\\\/schema.org\",\"@graph\":[{\"@type\":\"Article\",\"@id\":\"https:\\\/\\\/diarioellabrador.cl\\\/index.php\\\/2026\\\/03\\\/12\\\/con-un-fede-valverde-brillante-real-madrid-da-el-primer-golpe-ante-el-city-de-guardiola\\\/#article\",\"isPartOf\":{\"@id\":\"https:\\\/\\\/diarioellabrador.cl\\\/index.php\\\/2026\\\/03\\\/12\\\/con-un-fede-valverde-brillante-real-madrid-da-el-primer-golpe-ante-el-city-de-guardiola\\\/\"},\"author\":{\"name\":\"Editor\",\"@id\":\"https:\\\/\\\/diarioellabrador.cl\\\/#\\\/schema\\\/person\\\/bc25ff80b4563f9c7f4bd7855df01685\"},\"headline\":\"Con un Fede Valverde brillante: Real Madrid da el primer golpe ante el City de Guardiola\",\"datePublished\":\"2026-03-12T22:20:02+00:00\",\"dateModified\":\"2026-03-12T22:20:03+00:00\",\"mainEntityOfPage\":{\"@id\":\"https:\\\/\\\/diarioellabrador.cl\\\/index.php\\\/2026\\\/03\\\/12\\\/con-un-fede-valverde-brillante-real-madrid-da-el-primer-golpe-ante-el-city-de-guardiola\\\/\"},\"wordCount\":641,\"commentCount\":0,\"publisher\":{\"@id\":\"https:\\\/\\\/diarioellabrador.cl\\\/#organization\"},\"image\":{\"@id\":\"https:\\\/\\\/diarioellabrador.cl\\\/index.php\\\/2026\\\/03\\\/12\\\/con-un-fede-valverde-brillante-real-madrid-da-el-primer-golpe-ante-el-city-de-guardiola\\\/#primaryimage\"},\"thumbnailUrl\":\"https:\\\/\\\/diarioellabrador.cl\\\/wp-content\\\/uploads\\\/2026\\\/03\\\/Con-un-Fede-Valverde-brillante-Real-Madrid-da-el-primer-golpe-ante-el-City-de-Guardiola.jpg\",\"articleSection\":[\"Deportes\"],\"inLanguage\":\"es\",\"potentialAction\":[{\"@type\":\"CommentAction\",\"name\":\"Comment\",\"target\":[\"https:\\\/\\\/diarioellabrador.cl\\\/index.php\\\/2026\\\/03\\\/12\\\/con-un-fede-valverde-brillante-real-madrid-da-el-primer-golpe-ante-el-city-de-guardiola\\\/#respond\"]}]},{\"@type\":\"WebPage\",\"@id\":\"https:\\\/\\\/diarioellabrador.cl\\\/index.php\\\/2026\\\/03\\\/12\\\/con-un-fede-valverde-brillante-real-madrid-da-el-primer-golpe-ante-el-city-de-guardiola\\\/\",\"url\":\"https:\\\/\\\/diarioellabrador.cl\\\/index.php\\\/2026\\\/03\\\/12\\\/con-un-fede-valverde-brillante-real-madrid-da-el-primer-golpe-ante-el-city-de-guardiola\\\/\",\"name\":\"Con un Fede Valverde brillante: Real Madrid da el primer golpe ante el City de Guardiola - Diario El Labrador\",\"isPartOf\":{\"@id\":\"https:\\\/\\\/diarioellabrador.cl\\\/#website\"},\"primaryImageOfPage\":{\"@id\":\"https:\\\/\\\/diarioellabrador.cl\\\/index.php\\\/2026\\\/03\\\/12\\\/con-un-fede-valverde-brillante-real-madrid-da-el-primer-golpe-ante-el-city-de-guardiola\\\/#primaryimage\"},\"image\":{\"@id\":\"https:\\\/\\\/diarioellabrador.cl\\\/index.php\\\/2026\\\/03\\\/12\\\/con-un-fede-valverde-brillante-real-madrid-da-el-primer-golpe-ante-el-city-de-guardiola\\\/#primaryimage\"},\"thumbnailUrl\":\"https:\\\/\\\/diarioellabrador.cl\\\/wp-content\\\/uploads\\\/2026\\\/03\\\/Con-un-Fede-Valverde-brillante-Real-Madrid-da-el-primer-golpe-ante-el-City-de-Guardiola.jpg\",\"datePublished\":\"2026-03-12T22:20:02+00:00\",\"dateModified\":\"2026-03-12T22:20:03+00:00\",\"breadcrumb\":{\"@id\":\"https:\\\/\\\/diarioellabrador.cl\\\/index.php\\\/2026\\\/03\\\/12\\\/con-un-fede-valverde-brillante-real-madrid-da-el-primer-golpe-ante-el-city-de-guardiola\\\/#breadcrumb\"},\"inLanguage\":\"es\",\"potentialAction\":[{\"@type\":\"ReadAction\",\"target\":[\"https:\\\/\\\/diarioellabrador.cl\\\/index.php\\\/2026\\\/03\\\/12\\\/con-un-fede-valverde-brillante-real-madrid-da-el-primer-golpe-ante-el-city-de-guardiola\\\/\"]}]},{\"@type\":\"ImageObject\",\"inLanguage\":\"es\",\"@id\":\"https:\\\/\\\/diarioellabrador.cl\\\/index.php\\\/2026\\\/03\\\/12\\\/con-un-fede-valverde-brillante-real-madrid-da-el-primer-golpe-ante-el-city-de-guardiola\\\/#primaryimage\",\"url\":\"https:\\\/\\\/diarioellabrador.cl\\\/wp-content\\\/uploads\\\/2026\\\/03\\\/Con-un-Fede-Valverde-brillante-Real-Madrid-da-el-primer-golpe-ante-el-City-de-Guardiola.jpg\",\"contentUrl\":\"https:\\\/\\\/diarioellabrador.cl\\\/wp-content\\\/uploads\\\/2026\\\/03\\\/Con-un-Fede-Valverde-brillante-Real-Madrid-da-el-primer-golpe-ante-el-City-de-Guardiola.jpg\",\"width\":1080,\"height\":1440},{\"@type\":\"BreadcrumbList\",\"@id\":\"https:\\\/\\\/diarioellabrador.cl\\\/index.php\\\/2026\\\/03\\\/12\\\/con-un-fede-valverde-brillante-real-madrid-da-el-primer-golpe-ante-el-city-de-guardiola\\\/#breadcrumb\",\"itemListElement\":[{\"@type\":\"ListItem\",\"position\":1,\"name\":\"Portada\",\"item\":\"https:\\\/\\\/diarioellabrador.cl\\\/\"},{\"@type\":\"ListItem\",\"position\":2,\"name\":\"Con un Fede Valverde brillante: Real Madrid da el primer golpe ante el City de Guardiola\"}]},{\"@type\":\"WebSite\",\"@id\":\"https:\\\/\\\/diarioellabrador.cl\\\/#website\",\"url\":\"https:\\\/\\\/diarioellabrador.cl\\\/\",\"name\":\"Diario El Labrador\",\"description\":\"Haciendo noticia desde 1921\",\"publisher\":{\"@id\":\"https:\\\/\\\/diarioellabrador.cl\\\/#organization\"},\"potentialAction\":[{\"@type\":\"SearchAction\",\"target\":{\"@type\":\"EntryPoint\",\"urlTemplate\":\"https:\\\/\\\/diarioellabrador.cl\\\/?s={search_term_string}\"},\"query-input\":{\"@type\":\"PropertyValueSpecification\",\"valueRequired\":true,\"valueName\":\"search_term_string\"}}],\"inLanguage\":\"es\"},{\"@type\":\"Organization\",\"@id\":\"https:\\\/\\\/diarioellabrador.cl\\\/#organization\",\"name\":\"Diario El Labrador\",\"url\":\"https:\\\/\\\/diarioellabrador.cl\\\/\",\"logo\":{\"@type\":\"ImageObject\",\"inLanguage\":\"es\",\"@id\":\"https:\\\/\\\/diarioellabrador.cl\\\/#\\\/schema\\\/logo\\\/image\\\/\",\"url\":\"https:\\\/\\\/diarioellabrador.cl\\\/wp-content\\\/uploads\\\/2025\\\/02\\\/cropped-Logo-Icono.png\",\"contentUrl\":\"https:\\\/\\\/diarioellabrador.cl\\\/wp-content\\\/uploads\\\/2025\\\/02\\\/cropped-Logo-Icono.png\",\"width\":512,\"height\":512,\"caption\":\"Diario El Labrador\"},\"image\":{\"@id\":\"https:\\\/\\\/diarioellabrador.cl\\\/#\\\/schema\\\/logo\\\/image\\\/\"},\"sameAs\":[\"https:\\\/\\\/web.facebook.com\\\/profile.php?id=61576120840621\",\"https:\\\/\\\/x.com\\\/ElLabradorOf\",\"https:\\\/\\\/www.instagram.com\\\/diarioellabradoroficial\\\/\"]},{\"@type\":\"Person\",\"@id\":\"https:\\\/\\\/diarioellabrador.cl\\\/#\\\/schema\\\/person\\\/bc25ff80b4563f9c7f4bd7855df01685\",\"name\":\"Editor\",\"image\":{\"@type\":\"ImageObject\",\"inLanguage\":\"es\",\"@id\":\"https:\\\/\\\/secure.gravatar.com\\\/avatar\\\/109c326cf2be5c04f048c2c2a2b8b6ef44bf3d8d1d3d4c55d0ac40c4bc994684?s=96&d=mm&r=g\",\"url\":\"https:\\\/\\\/secure.gravatar.com\\\/avatar\\\/109c326cf2be5c04f048c2c2a2b8b6ef44bf3d8d1d3d4c55d0ac40c4bc994684?s=96&d=mm&r=g\",\"contentUrl\":\"https:\\\/\\\/secure.gravatar.com\\\/avatar\\\/109c326cf2be5c04f048c2c2a2b8b6ef44bf3d8d1d3d4c55d0ac40c4bc994684?s=96&d=mm&r=g\",\"caption\":\"Editor\"},\"url\":\"https:\\\/\\\/diarioellabrador.cl\\\/index.php\\\/author\\\/editor\\\/\"}]}<\/script>\n<!-- \/ Yoast SEO plugin. -->","yoast_head_json":{"title":"Con un Fede Valverde brillante: Real Madrid da el primer golpe ante el City de Guardiola - Diario El Labrador","robots":{"index":"index","follow":"follow","max-snippet":"max-snippet:-1","max-image-preview":"max-image-preview:large","max-video-preview":"max-video-preview:-1"},"canonical":"https:\/\/diarioellabrador.cl\/index.php\/2026\/03\/12\/con-un-fede-valverde-brillante-real-madrid-da-el-primer-golpe-ante-el-city-de-guardiola\/","og_locale":"es_ES","og_type":"article","og_title":"Con un Fede Valverde brillante: Real Madrid da el primer golpe ante el City de Guardiola - Diario El Labrador","og_description":"El Real Madrid dio el primer golpe ante el Manchester City en la ida de los octavos de final de la Champions League. Con un Federico Valverde iluminado, los dirigidos por \u00c1lvaro Arbeloa llegan en ventaja a la vuelta de la serie que se jugar\u00e1 en Manchester el pr\u00f3ximo martes 17. El volante uruguayo tuvo Leer m\u00e1s","og_url":"https:\/\/diarioellabrador.cl\/index.php\/2026\/03\/12\/con-un-fede-valverde-brillante-real-madrid-da-el-primer-golpe-ante-el-city-de-guardiola\/","og_site_name":"Diario El Labrador","article_publisher":"https:\/\/web.facebook.com\/profile.php?id=61576120840621","article_published_time":"2026-03-12T22:20:02+00:00","article_modified_time":"2026-03-12T22:20:03+00:00","og_image":[{"width":1080,"height":1440,"url":"https:\/\/diarioellabrador.cl\/wp-content\/uploads\/2026\/03\/Con-un-Fede-Valverde-brillante-Real-Madrid-da-el-primer-golpe-ante-el-City-de-Guardiola.jpg","type":"image\/jpeg"}],"author":"Editor","twitter_card":"summary_large_image","twitter_creator":"@ElLabradorOf","twitter_site":"@ElLabradorOf","twitter_misc":{"Escrito por":"Editor","Tiempo de lectura":"3 minutos"},"schema":{"@context":"https:\/\/schema.org","@graph":[{"@type":"Article","@id":"https:\/\/diarioellabrador.cl\/index.php\/2026\/03\/12\/con-un-fede-valverde-brillante-real-madrid-da-el-primer-golpe-ante-el-city-de-guardiola\/#article","isPartOf":{"@id":"https:\/\/diarioellabrador.cl\/index.php\/2026\/03\/12\/con-un-fede-valverde-brillante-real-madrid-da-el-primer-golpe-ante-el-city-de-guardiola\/"},"author":{"name":"Editor","@id":"https:\/\/diarioellabrador.cl\/#\/schema\/person\/bc25ff80b4563f9c7f4bd7855df01685"},"headline":"Con un Fede Valverde brillante: Real Madrid da el primer golpe ante el City de Guardiola","datePublished":"2026-03-12T22:20:02+00:00","dateModified":"2026-03-12T22:20:03+00:00","mainEntityOfPage":{"@id":"https:\/\/diarioellabrador.cl\/index.php\/2026\/03\/12\/con-un-fede-valverde-brillante-real-madrid-da-el-primer-golpe-ante-el-city-de-guardiola\/"},"wordCount":641,"commentCount":0,"publisher":{"@id":"https:\/\/diarioellabrador.cl\/#organization"},"image":{"@id":"https:\/\/diarioellabrador.cl\/index.php\/2026\/03\/12\/con-un-fede-valverde-brillante-real-madrid-da-el-primer-golpe-ante-el-city-de-guardiola\/#primaryimage"},"thumbnailUrl":"https:\/\/diarioellabrador.cl\/wp-content\/uploads\/2026\/03\/Con-un-Fede-Valverde-brillante-Real-Madrid-da-el-primer-golpe-ante-el-City-de-Guardiola.jpg","articleSection":["Deportes"],"inLanguage":"es","potentialAction":[{"@type":"CommentAction","name":"Comment","target":["https:\/\/diarioellabrador.cl\/index.php\/2026\/03\/12\/con-un-fede-valverde-brillante-real-madrid-da-el-primer-golpe-ante-el-city-de-guardiola\/#respond"]}]},{"@type":"WebPage","@id":"https:\/\/diarioellabrador.cl\/index.php\/2026\/03\/12\/con-un-fede-valverde-brillante-real-madrid-da-el-primer-golpe-ante-el-city-de-guardiola\/","url":"https:\/\/diarioellabrador.cl\/index.php\/2026\/03\/12\/con-un-fede-valverde-brillante-real-madrid-da-el-primer-golpe-ante-el-city-de-guardiola\/","name":"Con un Fede Valverde brillante: Real Madrid da el primer golpe ante el City de Guardiola - Diario El Labrador","isPartOf":{"@id":"https:\/\/diarioellabrador.cl\/#website"},"primaryImageOfPage":{"@id":"https:\/\/diarioellabrador.cl\/index.php\/2026\/03\/12\/con-un-fede-valverde-brillante-real-madrid-da-el-primer-golpe-ante-el-city-de-guardiola\/#primaryimage"},"image":{"@id":"https:\/\/diarioellabrador.cl\/index.php\/2026\/03\/12\/con-un-fede-valverde-brillante-real-madrid-da-el-primer-golpe-ante-el-city-de-guardiola\/#primaryimage"},"thumbnailUrl":"https:\/\/diarioellabrador.cl\/wp-content\/uploads\/2026\/03\/Con-un-Fede-Valverde-brillante-Real-Madrid-da-el-primer-golpe-ante-el-City-de-Guardiola.jpg","datePublished":"2026-03-12T22:20:02+00:00","dateModified":"2026-03-12T22:20:03+00:00","breadcrumb":{"@id":"https:\/\/diarioellabrador.cl\/index.php\/2026\/03\/12\/con-un-fede-valverde-brillante-real-madrid-da-el-primer-golpe-ante-el-city-de-guardiola\/#breadcrumb"},"inLanguage":"es","potentialAction":[{"@type":"ReadAction","target":["https:\/\/diarioellabrador.cl\/index.php\/2026\/03\/12\/con-un-fede-valverde-brillante-real-madrid-da-el-primer-golpe-ante-el-city-de-guardiola\/"]}]},{"@type":"ImageObject","inLanguage":"es","@id":"https:\/\/diarioellabrador.cl\/index.php\/2026\/03\/12\/con-un-fede-valverde-brillante-real-madrid-da-el-primer-golpe-ante-el-city-de-guardiola\/#primaryimage","url":"https:\/\/diarioellabrador.cl\/wp-content\/uploads\/2026\/03\/Con-un-Fede-Valverde-brillante-Real-Madrid-da-el-primer-golpe-ante-el-City-de-Guardiola.jpg","contentUrl":"https:\/\/diarioellabrador.cl\/wp-content\/uploads\/2026\/03\/Con-un-Fede-Valverde-brillante-Real-Madrid-da-el-primer-golpe-ante-el-City-de-Guardiola.jpg","width":1080,"height":1440},{"@type":"BreadcrumbList","@id":"https:\/\/diarioellabrador.cl\/index.php\/2026\/03\/12\/con-un-fede-valverde-brillante-real-madrid-da-el-primer-golpe-ante-el-city-de-guardiola\/#breadcrumb","itemListElement":[{"@type":"ListItem","position":1,"name":"Portada","item":"https:\/\/diarioellabrador.cl\/"},{"@type":"ListItem","position":2,"name":"Con un Fede Valverde brillante: Real Madrid da el primer golpe ante el City de Guardiola"}]},{"@type":"WebSite","@id":"https:\/\/diarioellabrador.cl\/#website","url":"https:\/\/diarioellabrador.cl\/","name":"Diario El Labrador","description":"Haciendo noticia desde 1921","publisher":{"@id":"https:\/\/diarioellabrador.cl\/#organization"},"potentialAction":[{"@type":"SearchAction","target":{"@type":"EntryPoint","urlTemplate":"https:\/\/diarioellabrador.cl\/?s={search_term_string}"},"query-input":{"@type":"PropertyValueSpecification","valueRequired":true,"valueName":"search_term_string"}}],"inLanguage":"es"},{"@type":"Organization","@id":"https:\/\/diarioellabrador.cl\/#organization","name":"Diario El Labrador","url":"https:\/\/diarioellabrador.cl\/","logo":{"@type":"ImageObject","inLanguage":"es","@id":"https:\/\/diarioellabrador.cl\/#\/schema\/logo\/image\/","url":"https:\/\/diarioellabrador.cl\/wp-content\/uploads\/2025\/02\/cropped-Logo-Icono.png","contentUrl":"https:\/\/diarioellabrador.cl\/wp-content\/uploads\/2025\/02\/cropped-Logo-Icono.png","width":512,"height":512,"caption":"Diario El Labrador"},"image":{"@id":"https:\/\/diarioellabrador.cl\/#\/schema\/logo\/image\/"},"sameAs":["https:\/\/web.facebook.com\/profile.php?id=61576120840621","https:\/\/x.com\/ElLabradorOf","https:\/\/www.instagram.com\/diarioellabradoroficial\/"]},{"@type":"Person","@id":"https:\/\/diarioellabrador.cl\/#\/schema\/person\/bc25ff80b4563f9c7f4bd7855df01685","name":"Editor","image":{"@type":"ImageObject","inLanguage":"es","@id":"https:\/\/secure.gravatar.com\/avatar\/109c326cf2be5c04f048c2c2a2b8b6ef44bf3d8d1d3d4c55d0ac40c4bc994684?s=96&d=mm&r=g","url":"https:\/\/secure.gravatar.com\/avatar\/109c326cf2be5c04f048c2c2a2b8b6ef44bf3d8d1d3d4c55d0ac40c4bc994684?s=96&d=mm&r=g","contentUrl":"https:\/\/secure.gravatar.com\/avatar\/109c326cf2be5c04f048c2c2a2b8b6ef44bf3d8d1d3d4c55d0ac40c4bc994684?s=96&d=mm&r=g","caption":"Editor"},"url":"https:\/\/diarioellabrador.cl\/index.php\/author\/editor\/"}]}},"_links":{"self":[{"href":"https:\/\/diarioellabrador.cl\/index.php\/wp-json\/wp\/v2\/posts\/16453","targetHints":{"allow":["GET"]}}],"collection":[{"href":"https:\/\/diarioellabrador.cl\/index.php\/wp-json\/wp\/v2\/posts"}],"about":[{"href":"https:\/\/diarioellabrador.cl\/index.php\/wp-json\/wp\/v2\/types\/post"}],"author":[{"embeddable":true,"href":"https:\/\/diarioellabrador.cl\/index.php\/wp-json\/wp\/v2\/users\/2"}],"replies":[{"embeddable":true,"href":"https:\/\/diarioellabrador.cl\/index.php\/wp-json\/wp\/v2\/comments?post=16453"}],"version-history":[{"count":1,"href":"https:\/\/diarioellabrador.cl\/index.php\/wp-json\/wp\/v2\/posts\/16453\/revisions"}],"predecessor-version":[{"id":16454,"href":"https:\/\/diarioellabrador.cl\/index.php\/wp-json\/wp\/v2\/posts\/16453\/revisions\/16454"}],"wp:featuredmedia":[{"embeddable":true,"href":"https:\/\/diarioellabrador.cl\/index.php\/wp-json\/wp\/v2\/media\/16449"}],"wp:attachment":[{"href":"https:\/\/diarioellabrador.cl\/index.php\/wp-json\/wp\/v2\/media?parent=16453"}],"wp:term":[{"taxonomy":"category","embeddable":true,"href":"https:\/\/diarioellabrador.cl\/index.php\/wp-json\/wp\/v2\/categories?post=16453"},{"taxonomy":"post_tag","embeddable":true,"href":"https:\/\/diarioellabrador.cl\/index.php\/wp-json\/wp\/v2\/tags?post=16453"}],"curies":[{"name":"wp","href":"https:\/\/api.w.org\/{rel}","templated":true}]}}