{"id":16415,"date":"2026-03-10T17:41:21","date_gmt":"2026-03-10T21:41:21","guid":{"rendered":"https:\/\/diarioellabrador.cl\/?p=16415"},"modified":"2026-03-10T17:41:22","modified_gmt":"2026-03-10T21:41:22","slug":"reinauguran-oficinas-del-centro-de-la-mujer-de-melipilla-en-el-marco-del-8m","status":"publish","type":"post","link":"https:\/\/diarioellabrador.cl\/index.php\/2026\/03\/10\/reinauguran-oficinas-del-centro-de-la-mujer-de-melipilla-en-el-marco-del-8m\/","title":{"rendered":"Reinauguran oficinas del Centro de la Mujer de Melipilla en el marco del 8M"},"content":{"rendered":"\n<ul class=\"wp-block-list\">\n<li><strong>En la actividad estuvo presente el Delegado Presidencial Provincial de Melipilla, Basti\u00e1n Alarc\u00f3n, en una de sus \u00faltimas actividades protocolares antes del cambio de administraci\u00f3n de este 11 de marzo.<\/strong><\/li>\n<\/ul>\n\n\n\n<p>En el marco de las actividades de conmemoraci\u00f3n del Mes de la Mujer, se realiz\u00f3 la ceremonia de reinauguraci\u00f3n del Centro de la Mujer de Melipilla, instancia encabezada por la alcaldesa Paula G\u00e1rate y que cont\u00f3 con la participaci\u00f3n del Delegado Presidencial Provincial de Melipilla, Basti\u00e1n Alarc\u00f3n, en una de sus \u00faltimas actividades protocolares antes de dejar el cargo este 11 de marzo, fecha en que asume el nuevo Gobierno y las autoridades designadas por el nuevo Presidente de la Rep\u00fablica.<\/p>\n\n\n\n<p>Tras la ceremonia, el delegado Basti\u00e1n Alarc\u00f3n agradeci\u00f3 la invitaci\u00f3n, as\u00ed tambi\u00e9n destac\u00f3 la importancia de contar con un espacio adecuado y c\u00e9ntrico para la atenci\u00f3n de las mujeres de la comuna de Melipilla.<\/p>\n\n\n\n<p>\u201cParticip\u00e9 de la reinauguraci\u00f3n del Centro de la Mujer, que abarca los programas de Jefas de Hogar, Violencia Intrafamiliar, Programa de Fomento Productivo para mujeres, entre otros, lo que reviste una importancia enorme para toda la comuna de Melipilla, por el espacio que alberga, por las profesionales y apoyo t\u00e9cnico, as\u00ed tambi\u00e9n la dupla psicosocial y abogadas jur\u00eddicas. Es por ello que en el d\u00eda de hoy estamos satisfechos como Gobierno de poder trabajar de la mano con los municipios en lo que es la agenda de g\u00e9nero, por lo cual, esperamos que se fortalezcan estas instituciones, que se invierta m\u00e1s dinero, y que por ning\u00fan motivo se recorten programas o se reduzca el presupuesto a iniciativas enfocadas en la mujer, en este caso Jefas de Hogar, Violencia Intrafamiliar, y Fomento Productivo, para poder emprender junto a ellas\u201d, puntualiz\u00f3. &nbsp;<\/p>\n\n\n\n<p>Destacar que el Centro de la Mujer retorn\u00f3 a su antigua ubicaci\u00f3n, en calle Ort\u00fazar 325, a pasos de Plaza de Armas de Melipilla, lugar que hist\u00f3ricamente ha estado destinado a la atenci\u00f3n y acompa\u00f1amiento de mujeres de la comuna, espacio que funciona al alero del Servicio Nacional de la Mujer y la Equidad de G\u00e9nero (SernamEG), y tiene como objetivo brindar orientaci\u00f3n, apoyo y atenci\u00f3n especializada, adem\u00e1s de desarrollar acciones de prevenci\u00f3n y protecci\u00f3n frente a situaciones de violencia contra las mujeres de forma totalmente gratuita.<\/p>\n","protected":false},"excerpt":{"rendered":"<p>En el marco de las actividades de conmemoraci\u00f3n del Mes de la Mujer, se realiz\u00f3 la ceremonia de reinauguraci\u00f3n del Centro de la Mujer de Melipilla, instancia encabezada por la alcaldesa Paula G\u00e1rate y que cont\u00f3 con la participaci\u00f3n del Delegado Presidencial Provincial de Melipilla, Basti\u00e1n Alarc\u00f3n, en una de sus \u00faltimas actividades protocolares antes<\/p>\n<div class=\"read-more-wrapper\"><a class=\"read-more\" href=\"https:\/\/diarioellabrador.cl\/index.php\/2026\/03\/10\/reinauguran-oficinas-del-centro-de-la-mujer-de-melipilla-en-el-marco-del-8m\/\" title=\"Leer m\u00e1s\"> <span class=\"button \">Leer m\u00e1s<\/span><\/a><\/div>\n","protected":false},"author":2,"featured_media":16366,"comment_status":"open","ping_status":"open","sticky":false,"template":"","format":"standard","meta":{"footnotes":""},"categories":[1],"tags":[],"class_list":["post-16415","post","type-post","status-publish","format-standard","has-post-thumbnail","hentry","category-cronica"],"yoast_head":"<!-- This site is optimized with the Yoast SEO plugin v27.5 - https:\/\/yoast.com\/product\/yoast-seo-wordpress\/ -->\n<title>Reinauguran oficinas del Centro de la Mujer de Melipilla en el marco del 8M - Diario El Labrador<\/title>\n<meta name=\"robots\" content=\"index, follow, max-snippet:-1, max-image-preview:large, max-video-preview:-1\" \/>\n<link rel=\"canonical\" href=\"https:\/\/diarioellabrador.cl\/index.php\/2026\/03\/10\/reinauguran-oficinas-del-centro-de-la-mujer-de-melipilla-en-el-marco-del-8m\/\" \/>\n<meta property=\"og:locale\" content=\"es_ES\" \/>\n<meta property=\"og:type\" content=\"article\" \/>\n<meta property=\"og:title\" content=\"Reinauguran oficinas del Centro de la Mujer de Melipilla en el marco del 8M - Diario El Labrador\" \/>\n<meta property=\"og:description\" content=\"En el marco de las actividades de conmemoraci\u00f3n del Mes de la Mujer, se realiz\u00f3 la ceremonia de reinauguraci\u00f3n del Centro de la Mujer de Melipilla, instancia encabezada por la alcaldesa Paula G\u00e1rate y que cont\u00f3 con la participaci\u00f3n del Delegado Presidencial Provincial de Melipilla, Basti\u00e1n Alarc\u00f3n, en una de sus \u00faltimas actividades protocolares antes Leer m\u00e1s\" \/>\n<meta property=\"og:url\" content=\"https:\/\/diarioellabrador.cl\/index.php\/2026\/03\/10\/reinauguran-oficinas-del-centro-de-la-mujer-de-melipilla-en-el-marco-del-8m\/\" \/>\n<meta property=\"og:site_name\" content=\"Diario El Labrador\" \/>\n<meta property=\"article:publisher\" content=\"https:\/\/web.facebook.com\/profile.php?id=61576120840621\" \/>\n<meta property=\"article:published_time\" content=\"2026-03-10T21:41:21+00:00\" \/>\n<meta property=\"article:modified_time\" content=\"2026-03-10T21:41:22+00:00\" \/>\n<meta property=\"og:image\" content=\"https:\/\/diarioellabrador.cl\/wp-content\/uploads\/2026\/03\/Reinauguran-oficinas-del-Centro-de-la-Mujer-de-Melipilla-en-el-marco-del-8M-1-scaled.jpg\" \/>\n\t<meta property=\"og:image:width\" content=\"2560\" \/>\n\t<meta property=\"og:image:height\" content=\"1920\" \/>\n\t<meta property=\"og:image:type\" content=\"image\/jpeg\" \/>\n<meta name=\"author\" content=\"Editor\" \/>\n<meta name=\"twitter:card\" content=\"summary_large_image\" \/>\n<meta name=\"twitter:creator\" content=\"@ElLabradorOf\" \/>\n<meta name=\"twitter:site\" content=\"@ElLabradorOf\" \/>\n<meta name=\"twitter:label1\" content=\"Escrito por\" \/>\n\t<meta name=\"twitter:data1\" content=\"Editor\" \/>\n\t<meta name=\"twitter:label2\" content=\"Tiempo de lectura\" \/>\n\t<meta name=\"twitter:data2\" content=\"2 minutos\" \/>\n<script type=\"application\/ld+json\" class=\"yoast-schema-graph\">{\"@context\":\"https:\\\/\\\/schema.org\",\"@graph\":[{\"@type\":\"Article\",\"@id\":\"https:\\\/\\\/diarioellabrador.cl\\\/index.php\\\/2026\\\/03\\\/10\\\/reinauguran-oficinas-del-centro-de-la-mujer-de-melipilla-en-el-marco-del-8m\\\/#article\",\"isPartOf\":{\"@id\":\"https:\\\/\\\/diarioellabrador.cl\\\/index.php\\\/2026\\\/03\\\/10\\\/reinauguran-oficinas-del-centro-de-la-mujer-de-melipilla-en-el-marco-del-8m\\\/\"},\"author\":{\"name\":\"Editor\",\"@id\":\"https:\\\/\\\/diarioellabrador.cl\\\/#\\\/schema\\\/person\\\/bc25ff80b4563f9c7f4bd7855df01685\"},\"headline\":\"Reinauguran oficinas del Centro de la Mujer de Melipilla en el marco del 8M\",\"datePublished\":\"2026-03-10T21:41:21+00:00\",\"dateModified\":\"2026-03-10T21:41:22+00:00\",\"mainEntityOfPage\":{\"@id\":\"https:\\\/\\\/diarioellabrador.cl\\\/index.php\\\/2026\\\/03\\\/10\\\/reinauguran-oficinas-del-centro-de-la-mujer-de-melipilla-en-el-marco-del-8m\\\/\"},\"wordCount\":418,\"commentCount\":0,\"publisher\":{\"@id\":\"https:\\\/\\\/diarioellabrador.cl\\\/#organization\"},\"image\":{\"@id\":\"https:\\\/\\\/diarioellabrador.cl\\\/index.php\\\/2026\\\/03\\\/10\\\/reinauguran-oficinas-del-centro-de-la-mujer-de-melipilla-en-el-marco-del-8m\\\/#primaryimage\"},\"thumbnailUrl\":\"https:\\\/\\\/diarioellabrador.cl\\\/wp-content\\\/uploads\\\/2026\\\/03\\\/Reinauguran-oficinas-del-Centro-de-la-Mujer-de-Melipilla-en-el-marco-del-8M-1-scaled.jpg\",\"articleSection\":[\"Cr\u00f3nica\"],\"inLanguage\":\"es\",\"potentialAction\":[{\"@type\":\"CommentAction\",\"name\":\"Comment\",\"target\":[\"https:\\\/\\\/diarioellabrador.cl\\\/index.php\\\/2026\\\/03\\\/10\\\/reinauguran-oficinas-del-centro-de-la-mujer-de-melipilla-en-el-marco-del-8m\\\/#respond\"]}]},{\"@type\":\"WebPage\",\"@id\":\"https:\\\/\\\/diarioellabrador.cl\\\/index.php\\\/2026\\\/03\\\/10\\\/reinauguran-oficinas-del-centro-de-la-mujer-de-melipilla-en-el-marco-del-8m\\\/\",\"url\":\"https:\\\/\\\/diarioellabrador.cl\\\/index.php\\\/2026\\\/03\\\/10\\\/reinauguran-oficinas-del-centro-de-la-mujer-de-melipilla-en-el-marco-del-8m\\\/\",\"name\":\"Reinauguran oficinas del Centro de la Mujer de Melipilla en el marco del 8M - Diario El Labrador\",\"isPartOf\":{\"@id\":\"https:\\\/\\\/diarioellabrador.cl\\\/#website\"},\"primaryImageOfPage\":{\"@id\":\"https:\\\/\\\/diarioellabrador.cl\\\/index.php\\\/2026\\\/03\\\/10\\\/reinauguran-oficinas-del-centro-de-la-mujer-de-melipilla-en-el-marco-del-8m\\\/#primaryimage\"},\"image\":{\"@id\":\"https:\\\/\\\/diarioellabrador.cl\\\/index.php\\\/2026\\\/03\\\/10\\\/reinauguran-oficinas-del-centro-de-la-mujer-de-melipilla-en-el-marco-del-8m\\\/#primaryimage\"},\"thumbnailUrl\":\"https:\\\/\\\/diarioellabrador.cl\\\/wp-content\\\/uploads\\\/2026\\\/03\\\/Reinauguran-oficinas-del-Centro-de-la-Mujer-de-Melipilla-en-el-marco-del-8M-1-scaled.jpg\",\"datePublished\":\"2026-03-10T21:41:21+00:00\",\"dateModified\":\"2026-03-10T21:41:22+00:00\",\"breadcrumb\":{\"@id\":\"https:\\\/\\\/diarioellabrador.cl\\\/index.php\\\/2026\\\/03\\\/10\\\/reinauguran-oficinas-del-centro-de-la-mujer-de-melipilla-en-el-marco-del-8m\\\/#breadcrumb\"},\"inLanguage\":\"es\",\"potentialAction\":[{\"@type\":\"ReadAction\",\"target\":[\"https:\\\/\\\/diarioellabrador.cl\\\/index.php\\\/2026\\\/03\\\/10\\\/reinauguran-oficinas-del-centro-de-la-mujer-de-melipilla-en-el-marco-del-8m\\\/\"]}]},{\"@type\":\"ImageObject\",\"inLanguage\":\"es\",\"@id\":\"https:\\\/\\\/diarioellabrador.cl\\\/index.php\\\/2026\\\/03\\\/10\\\/reinauguran-oficinas-del-centro-de-la-mujer-de-melipilla-en-el-marco-del-8m\\\/#primaryimage\",\"url\":\"https:\\\/\\\/diarioellabrador.cl\\\/wp-content\\\/uploads\\\/2026\\\/03\\\/Reinauguran-oficinas-del-Centro-de-la-Mujer-de-Melipilla-en-el-marco-del-8M-1-scaled.jpg\",\"contentUrl\":\"https:\\\/\\\/diarioellabrador.cl\\\/wp-content\\\/uploads\\\/2026\\\/03\\\/Reinauguran-oficinas-del-Centro-de-la-Mujer-de-Melipilla-en-el-marco-del-8M-1-scaled.jpg\",\"width\":2560,\"height\":1920},{\"@type\":\"BreadcrumbList\",\"@id\":\"https:\\\/\\\/diarioellabrador.cl\\\/index.php\\\/2026\\\/03\\\/10\\\/reinauguran-oficinas-del-centro-de-la-mujer-de-melipilla-en-el-marco-del-8m\\\/#breadcrumb\",\"itemListElement\":[{\"@type\":\"ListItem\",\"position\":1,\"name\":\"Portada\",\"item\":\"https:\\\/\\\/diarioellabrador.cl\\\/\"},{\"@type\":\"ListItem\",\"position\":2,\"name\":\"Reinauguran oficinas del Centro de la Mujer de Melipilla en el marco del 8M\"}]},{\"@type\":\"WebSite\",\"@id\":\"https:\\\/\\\/diarioellabrador.cl\\\/#website\",\"url\":\"https:\\\/\\\/diarioellabrador.cl\\\/\",\"name\":\"Diario El Labrador\",\"description\":\"Haciendo noticia desde 1921\",\"publisher\":{\"@id\":\"https:\\\/\\\/diarioellabrador.cl\\\/#organization\"},\"potentialAction\":[{\"@type\":\"SearchAction\",\"target\":{\"@type\":\"EntryPoint\",\"urlTemplate\":\"https:\\\/\\\/diarioellabrador.cl\\\/?s={search_term_string}\"},\"query-input\":{\"@type\":\"PropertyValueSpecification\",\"valueRequired\":true,\"valueName\":\"search_term_string\"}}],\"inLanguage\":\"es\"},{\"@type\":\"Organization\",\"@id\":\"https:\\\/\\\/diarioellabrador.cl\\\/#organization\",\"name\":\"Diario El Labrador\",\"url\":\"https:\\\/\\\/diarioellabrador.cl\\\/\",\"logo\":{\"@type\":\"ImageObject\",\"inLanguage\":\"es\",\"@id\":\"https:\\\/\\\/diarioellabrador.cl\\\/#\\\/schema\\\/logo\\\/image\\\/\",\"url\":\"https:\\\/\\\/diarioellabrador.cl\\\/wp-content\\\/uploads\\\/2025\\\/02\\\/cropped-Logo-Icono.png\",\"contentUrl\":\"https:\\\/\\\/diarioellabrador.cl\\\/wp-content\\\/uploads\\\/2025\\\/02\\\/cropped-Logo-Icono.png\",\"width\":512,\"height\":512,\"caption\":\"Diario El Labrador\"},\"image\":{\"@id\":\"https:\\\/\\\/diarioellabrador.cl\\\/#\\\/schema\\\/logo\\\/image\\\/\"},\"sameAs\":[\"https:\\\/\\\/web.facebook.com\\\/profile.php?id=61576120840621\",\"https:\\\/\\\/x.com\\\/ElLabradorOf\",\"https:\\\/\\\/www.instagram.com\\\/diarioellabradoroficial\\\/\"]},{\"@type\":\"Person\",\"@id\":\"https:\\\/\\\/diarioellabrador.cl\\\/#\\\/schema\\\/person\\\/bc25ff80b4563f9c7f4bd7855df01685\",\"name\":\"Editor\",\"image\":{\"@type\":\"ImageObject\",\"inLanguage\":\"es\",\"@id\":\"https:\\\/\\\/secure.gravatar.com\\\/avatar\\\/109c326cf2be5c04f048c2c2a2b8b6ef44bf3d8d1d3d4c55d0ac40c4bc994684?s=96&d=mm&r=g\",\"url\":\"https:\\\/\\\/secure.gravatar.com\\\/avatar\\\/109c326cf2be5c04f048c2c2a2b8b6ef44bf3d8d1d3d4c55d0ac40c4bc994684?s=96&d=mm&r=g\",\"contentUrl\":\"https:\\\/\\\/secure.gravatar.com\\\/avatar\\\/109c326cf2be5c04f048c2c2a2b8b6ef44bf3d8d1d3d4c55d0ac40c4bc994684?s=96&d=mm&r=g\",\"caption\":\"Editor\"},\"url\":\"https:\\\/\\\/diarioellabrador.cl\\\/index.php\\\/author\\\/editor\\\/\"}]}<\/script>\n<!-- \/ Yoast SEO plugin. -->","yoast_head_json":{"title":"Reinauguran oficinas del Centro de la Mujer de Melipilla en el marco del 8M - Diario El Labrador","robots":{"index":"index","follow":"follow","max-snippet":"max-snippet:-1","max-image-preview":"max-image-preview:large","max-video-preview":"max-video-preview:-1"},"canonical":"https:\/\/diarioellabrador.cl\/index.php\/2026\/03\/10\/reinauguran-oficinas-del-centro-de-la-mujer-de-melipilla-en-el-marco-del-8m\/","og_locale":"es_ES","og_type":"article","og_title":"Reinauguran oficinas del Centro de la Mujer de Melipilla en el marco del 8M - Diario El Labrador","og_description":"En el marco de las actividades de conmemoraci\u00f3n del Mes de la Mujer, se realiz\u00f3 la ceremonia de reinauguraci\u00f3n del Centro de la Mujer de Melipilla, instancia encabezada por la alcaldesa Paula G\u00e1rate y que cont\u00f3 con la participaci\u00f3n del Delegado Presidencial Provincial de Melipilla, Basti\u00e1n Alarc\u00f3n, en una de sus \u00faltimas actividades protocolares antes Leer m\u00e1s","og_url":"https:\/\/diarioellabrador.cl\/index.php\/2026\/03\/10\/reinauguran-oficinas-del-centro-de-la-mujer-de-melipilla-en-el-marco-del-8m\/","og_site_name":"Diario El Labrador","article_publisher":"https:\/\/web.facebook.com\/profile.php?id=61576120840621","article_published_time":"2026-03-10T21:41:21+00:00","article_modified_time":"2026-03-10T21:41:22+00:00","og_image":[{"width":2560,"height":1920,"url":"https:\/\/diarioellabrador.cl\/wp-content\/uploads\/2026\/03\/Reinauguran-oficinas-del-Centro-de-la-Mujer-de-Melipilla-en-el-marco-del-8M-1-scaled.jpg","type":"image\/jpeg"}],"author":"Editor","twitter_card":"summary_large_image","twitter_creator":"@ElLabradorOf","twitter_site":"@ElLabradorOf","twitter_misc":{"Escrito por":"Editor","Tiempo de lectura":"2 minutos"},"schema":{"@context":"https:\/\/schema.org","@graph":[{"@type":"Article","@id":"https:\/\/diarioellabrador.cl\/index.php\/2026\/03\/10\/reinauguran-oficinas-del-centro-de-la-mujer-de-melipilla-en-el-marco-del-8m\/#article","isPartOf":{"@id":"https:\/\/diarioellabrador.cl\/index.php\/2026\/03\/10\/reinauguran-oficinas-del-centro-de-la-mujer-de-melipilla-en-el-marco-del-8m\/"},"author":{"name":"Editor","@id":"https:\/\/diarioellabrador.cl\/#\/schema\/person\/bc25ff80b4563f9c7f4bd7855df01685"},"headline":"Reinauguran oficinas del Centro de la Mujer de Melipilla en el marco del 8M","datePublished":"2026-03-10T21:41:21+00:00","dateModified":"2026-03-10T21:41:22+00:00","mainEntityOfPage":{"@id":"https:\/\/diarioellabrador.cl\/index.php\/2026\/03\/10\/reinauguran-oficinas-del-centro-de-la-mujer-de-melipilla-en-el-marco-del-8m\/"},"wordCount":418,"commentCount":0,"publisher":{"@id":"https:\/\/diarioellabrador.cl\/#organization"},"image":{"@id":"https:\/\/diarioellabrador.cl\/index.php\/2026\/03\/10\/reinauguran-oficinas-del-centro-de-la-mujer-de-melipilla-en-el-marco-del-8m\/#primaryimage"},"thumbnailUrl":"https:\/\/diarioellabrador.cl\/wp-content\/uploads\/2026\/03\/Reinauguran-oficinas-del-Centro-de-la-Mujer-de-Melipilla-en-el-marco-del-8M-1-scaled.jpg","articleSection":["Cr\u00f3nica"],"inLanguage":"es","potentialAction":[{"@type":"CommentAction","name":"Comment","target":["https:\/\/diarioellabrador.cl\/index.php\/2026\/03\/10\/reinauguran-oficinas-del-centro-de-la-mujer-de-melipilla-en-el-marco-del-8m\/#respond"]}]},{"@type":"WebPage","@id":"https:\/\/diarioellabrador.cl\/index.php\/2026\/03\/10\/reinauguran-oficinas-del-centro-de-la-mujer-de-melipilla-en-el-marco-del-8m\/","url":"https:\/\/diarioellabrador.cl\/index.php\/2026\/03\/10\/reinauguran-oficinas-del-centro-de-la-mujer-de-melipilla-en-el-marco-del-8m\/","name":"Reinauguran oficinas del Centro de la Mujer de Melipilla en el marco del 8M - Diario El Labrador","isPartOf":{"@id":"https:\/\/diarioellabrador.cl\/#website"},"primaryImageOfPage":{"@id":"https:\/\/diarioellabrador.cl\/index.php\/2026\/03\/10\/reinauguran-oficinas-del-centro-de-la-mujer-de-melipilla-en-el-marco-del-8m\/#primaryimage"},"image":{"@id":"https:\/\/diarioellabrador.cl\/index.php\/2026\/03\/10\/reinauguran-oficinas-del-centro-de-la-mujer-de-melipilla-en-el-marco-del-8m\/#primaryimage"},"thumbnailUrl":"https:\/\/diarioellabrador.cl\/wp-content\/uploads\/2026\/03\/Reinauguran-oficinas-del-Centro-de-la-Mujer-de-Melipilla-en-el-marco-del-8M-1-scaled.jpg","datePublished":"2026-03-10T21:41:21+00:00","dateModified":"2026-03-10T21:41:22+00:00","breadcrumb":{"@id":"https:\/\/diarioellabrador.cl\/index.php\/2026\/03\/10\/reinauguran-oficinas-del-centro-de-la-mujer-de-melipilla-en-el-marco-del-8m\/#breadcrumb"},"inLanguage":"es","potentialAction":[{"@type":"ReadAction","target":["https:\/\/diarioellabrador.cl\/index.php\/2026\/03\/10\/reinauguran-oficinas-del-centro-de-la-mujer-de-melipilla-en-el-marco-del-8m\/"]}]},{"@type":"ImageObject","inLanguage":"es","@id":"https:\/\/diarioellabrador.cl\/index.php\/2026\/03\/10\/reinauguran-oficinas-del-centro-de-la-mujer-de-melipilla-en-el-marco-del-8m\/#primaryimage","url":"https:\/\/diarioellabrador.cl\/wp-content\/uploads\/2026\/03\/Reinauguran-oficinas-del-Centro-de-la-Mujer-de-Melipilla-en-el-marco-del-8M-1-scaled.jpg","contentUrl":"https:\/\/diarioellabrador.cl\/wp-content\/uploads\/2026\/03\/Reinauguran-oficinas-del-Centro-de-la-Mujer-de-Melipilla-en-el-marco-del-8M-1-scaled.jpg","width":2560,"height":1920},{"@type":"BreadcrumbList","@id":"https:\/\/diarioellabrador.cl\/index.php\/2026\/03\/10\/reinauguran-oficinas-del-centro-de-la-mujer-de-melipilla-en-el-marco-del-8m\/#breadcrumb","itemListElement":[{"@type":"ListItem","position":1,"name":"Portada","item":"https:\/\/diarioellabrador.cl\/"},{"@type":"ListItem","position":2,"name":"Reinauguran oficinas del Centro de la Mujer de Melipilla en el marco del 8M"}]},{"@type":"WebSite","@id":"https:\/\/diarioellabrador.cl\/#website","url":"https:\/\/diarioellabrador.cl\/","name":"Diario El Labrador","description":"Haciendo noticia desde 1921","publisher":{"@id":"https:\/\/diarioellabrador.cl\/#organization"},"potentialAction":[{"@type":"SearchAction","target":{"@type":"EntryPoint","urlTemplate":"https:\/\/diarioellabrador.cl\/?s={search_term_string}"},"query-input":{"@type":"PropertyValueSpecification","valueRequired":true,"valueName":"search_term_string"}}],"inLanguage":"es"},{"@type":"Organization","@id":"https:\/\/diarioellabrador.cl\/#organization","name":"Diario El Labrador","url":"https:\/\/diarioellabrador.cl\/","logo":{"@type":"ImageObject","inLanguage":"es","@id":"https:\/\/diarioellabrador.cl\/#\/schema\/logo\/image\/","url":"https:\/\/diarioellabrador.cl\/wp-content\/uploads\/2025\/02\/cropped-Logo-Icono.png","contentUrl":"https:\/\/diarioellabrador.cl\/wp-content\/uploads\/2025\/02\/cropped-Logo-Icono.png","width":512,"height":512,"caption":"Diario El Labrador"},"image":{"@id":"https:\/\/diarioellabrador.cl\/#\/schema\/logo\/image\/"},"sameAs":["https:\/\/web.facebook.com\/profile.php?id=61576120840621","https:\/\/x.com\/ElLabradorOf","https:\/\/www.instagram.com\/diarioellabradoroficial\/"]},{"@type":"Person","@id":"https:\/\/diarioellabrador.cl\/#\/schema\/person\/bc25ff80b4563f9c7f4bd7855df01685","name":"Editor","image":{"@type":"ImageObject","inLanguage":"es","@id":"https:\/\/secure.gravatar.com\/avatar\/109c326cf2be5c04f048c2c2a2b8b6ef44bf3d8d1d3d4c55d0ac40c4bc994684?s=96&d=mm&r=g","url":"https:\/\/secure.gravatar.com\/avatar\/109c326cf2be5c04f048c2c2a2b8b6ef44bf3d8d1d3d4c55d0ac40c4bc994684?s=96&d=mm&r=g","contentUrl":"https:\/\/secure.gravatar.com\/avatar\/109c326cf2be5c04f048c2c2a2b8b6ef44bf3d8d1d3d4c55d0ac40c4bc994684?s=96&d=mm&r=g","caption":"Editor"},"url":"https:\/\/diarioellabrador.cl\/index.php\/author\/editor\/"}]}},"_links":{"self":[{"href":"https:\/\/diarioellabrador.cl\/index.php\/wp-json\/wp\/v2\/posts\/16415","targetHints":{"allow":["GET"]}}],"collection":[{"href":"https:\/\/diarioellabrador.cl\/index.php\/wp-json\/wp\/v2\/posts"}],"about":[{"href":"https:\/\/diarioellabrador.cl\/index.php\/wp-json\/wp\/v2\/types\/post"}],"author":[{"embeddable":true,"href":"https:\/\/diarioellabrador.cl\/index.php\/wp-json\/wp\/v2\/users\/2"}],"replies":[{"embeddable":true,"href":"https:\/\/diarioellabrador.cl\/index.php\/wp-json\/wp\/v2\/comments?post=16415"}],"version-history":[{"count":1,"href":"https:\/\/diarioellabrador.cl\/index.php\/wp-json\/wp\/v2\/posts\/16415\/revisions"}],"predecessor-version":[{"id":16416,"href":"https:\/\/diarioellabrador.cl\/index.php\/wp-json\/wp\/v2\/posts\/16415\/revisions\/16416"}],"wp:featuredmedia":[{"embeddable":true,"href":"https:\/\/diarioellabrador.cl\/index.php\/wp-json\/wp\/v2\/media\/16366"}],"wp:attachment":[{"href":"https:\/\/diarioellabrador.cl\/index.php\/wp-json\/wp\/v2\/media?parent=16415"}],"wp:term":[{"taxonomy":"category","embeddable":true,"href":"https:\/\/diarioellabrador.cl\/index.php\/wp-json\/wp\/v2\/categories?post=16415"},{"taxonomy":"post_tag","embeddable":true,"href":"https:\/\/diarioellabrador.cl\/index.php\/wp-json\/wp\/v2\/tags?post=16415"}],"curies":[{"name":"wp","href":"https:\/\/api.w.org\/{rel}","templated":true}]}}