{"id":16411,"date":"2026-03-10T17:39:56","date_gmt":"2026-03-10T21:39:56","guid":{"rendered":"https:\/\/diarioellabrador.cl\/?p=16411"},"modified":"2026-03-10T17:39:58","modified_gmt":"2026-03-10T21:39:58","slug":"fiesta-de-la-vendimia-melipilla-2026-sera-27-y-28-de-marzo-destacadas-vinas-locales-estaran-presentes","status":"publish","type":"post","link":"https:\/\/diarioellabrador.cl\/index.php\/2026\/03\/10\/fiesta-de-la-vendimia-melipilla-2026-sera-27-y-28-de-marzo-destacadas-vinas-locales-estaran-presentes\/","title":{"rendered":"Fiesta de la Vendimia Melipilla 2026: Ser\u00e1 27 y 28 de marzo, destacadas vi\u00f1as locales estar\u00e1n presentes"},"content":{"rendered":"\n<p>Por Johnny Ahumada Sep\u00falveda<\/p>\n\n\n\n<p>Vuelve la Fiesta de la Vendimia Melipilla en esta edici\u00f3n 2026, la Municipalidad de Melipilla en junto con el Centro de Negocios Sercotec y Duoc UC, han anunciado oficialmente la realizaci\u00f3n de la fiesta m\u00e1s esperada.<\/p>\n\n\n\n<p>La organizaci\u00f3n destaca que la vendimia no solo celebra la cosecha, sino que fortalece el v\u00ednculo con el campo y sus tradiciones. Habr\u00e1 stands de degustaci\u00f3n de vinos locales, shows folcl\u00f3ricos, y actividades para ni\u00f1os, todo en un ambiente que evoca la ra\u00edz de Melipilla.<\/p>\n\n\n\n<p>Como bien sabemos, esta festividad se ha consolidado como un patrimonio cultural m\u00e1s importantes de la comuna, ya que buscan rendir tributos a la tradici\u00f3n vit\u00edcola y la identidad de la comuna, invitando a lo mejor del vino, las artes y la gastronom\u00eda local.<\/p>\n\n\n\n<p>El d\u00eda s\u00e1bado 28 y domingo 29 de marzo en el lugar de Santa Mar\u00eda Oriente en esta nueva edici\u00f3n de la fiesta m\u00e1s esperada por los melipillanos.<\/p>\n\n\n\n<p>La festividad va a contar con presentaciones de m\u00fasica, totalmente en vivo para disfrutar de un buen ambiente del lugar, tambi\u00e9n estar\u00e1 presente una feria de artesan\u00eda, la cual apoyar\u00e1 a los artesanos locales que quieren expandir su trabajo. La fiesta contar\u00e1 con una importante oferta gastron\u00f3mica que resalta los sabores del campo chileno.<\/p>\n\n\n\n<p>Durante los dos d\u00edas de la festividad, los que quieran y participen podr\u00e1n disfrutar una variada muestra de vi\u00f1as de la provincia, entre en las que destacan son Vi\u00f1ateros de Ra\u00edz, Lacre Rojo, Do\u00f1a Blanca, Am\u00e9stica, Ventisquero, Vi\u00f1a Chocal\u00e1n, Vi\u00f1a P\u00e9rez-Cotapos, Casa Lamarca y Las Araucarias.<\/p>\n\n\n\n<p>La ubicaci\u00f3n estar\u00e1 disponible mediante el c\u00f3digo QR en la gr\u00e1fica del evento que pueden encontrar en las redes sociales de @municipiomelipilla y @fiestascostumbristas en Instagram y Facebook.<\/p>\n","protected":false},"excerpt":{"rendered":"<p>Por Johnny Ahumada Sep\u00falveda Vuelve la Fiesta de la Vendimia Melipilla en esta edici\u00f3n 2026, la Municipalidad de Melipilla en junto con el Centro de Negocios Sercotec y Duoc UC, han anunciado oficialmente la realizaci\u00f3n de la fiesta m\u00e1s esperada. La organizaci\u00f3n destaca que la vendimia no solo celebra la cosecha, sino que fortalece el<\/p>\n<div class=\"read-more-wrapper\"><a class=\"read-more\" href=\"https:\/\/diarioellabrador.cl\/index.php\/2026\/03\/10\/fiesta-de-la-vendimia-melipilla-2026-sera-27-y-28-de-marzo-destacadas-vinas-locales-estaran-presentes\/\" title=\"Leer m\u00e1s\"> <span class=\"button \">Leer m\u00e1s<\/span><\/a><\/div>\n","protected":false},"author":2,"featured_media":16367,"comment_status":"open","ping_status":"open","sticky":false,"template":"","format":"standard","meta":{"footnotes":""},"categories":[1],"tags":[],"class_list":["post-16411","post","type-post","status-publish","format-standard","has-post-thumbnail","hentry","category-cronica"],"yoast_head":"<!-- This site is optimized with the Yoast SEO plugin v27.5 - https:\/\/yoast.com\/product\/yoast-seo-wordpress\/ -->\n<title>Fiesta de la Vendimia Melipilla 2026: Ser\u00e1 27 y 28 de marzo, destacadas vi\u00f1as locales estar\u00e1n presentes - Diario El Labrador<\/title>\n<meta name=\"robots\" content=\"index, follow, max-snippet:-1, max-image-preview:large, max-video-preview:-1\" \/>\n<link rel=\"canonical\" href=\"https:\/\/diarioellabrador.cl\/index.php\/2026\/03\/10\/fiesta-de-la-vendimia-melipilla-2026-sera-27-y-28-de-marzo-destacadas-vinas-locales-estaran-presentes\/\" \/>\n<meta property=\"og:locale\" content=\"es_ES\" \/>\n<meta property=\"og:type\" content=\"article\" \/>\n<meta property=\"og:title\" content=\"Fiesta de la Vendimia Melipilla 2026: Ser\u00e1 27 y 28 de marzo, destacadas vi\u00f1as locales estar\u00e1n presentes - Diario El Labrador\" \/>\n<meta property=\"og:description\" content=\"Por Johnny Ahumada Sep\u00falveda Vuelve la Fiesta de la Vendimia Melipilla en esta edici\u00f3n 2026, la Municipalidad de Melipilla en junto con el Centro de Negocios Sercotec y Duoc UC, han anunciado oficialmente la realizaci\u00f3n de la fiesta m\u00e1s esperada. La organizaci\u00f3n destaca que la vendimia no solo celebra la cosecha, sino que fortalece el Leer m\u00e1s\" \/>\n<meta property=\"og:url\" content=\"https:\/\/diarioellabrador.cl\/index.php\/2026\/03\/10\/fiesta-de-la-vendimia-melipilla-2026-sera-27-y-28-de-marzo-destacadas-vinas-locales-estaran-presentes\/\" \/>\n<meta property=\"og:site_name\" content=\"Diario El Labrador\" \/>\n<meta property=\"article:publisher\" content=\"https:\/\/web.facebook.com\/profile.php?id=61576120840621\" \/>\n<meta property=\"article:published_time\" content=\"2026-03-10T21:39:56+00:00\" \/>\n<meta property=\"article:modified_time\" content=\"2026-03-10T21:39:58+00:00\" \/>\n<meta property=\"og:image\" content=\"https:\/\/diarioellabrador.cl\/wp-content\/uploads\/2026\/03\/Fiesta-de-la-Vendimia-Melipilla-2026-Sera-27-y-28-de-marzo-destacadas-vinas-locales-estaran-presentes.jpg\" \/>\n\t<meta property=\"og:image:width\" content=\"1024\" \/>\n\t<meta property=\"og:image:height\" content=\"768\" \/>\n\t<meta property=\"og:image:type\" content=\"image\/jpeg\" \/>\n<meta name=\"author\" content=\"Editor\" \/>\n<meta name=\"twitter:card\" content=\"summary_large_image\" \/>\n<meta name=\"twitter:creator\" content=\"@ElLabradorOf\" \/>\n<meta name=\"twitter:site\" content=\"@ElLabradorOf\" \/>\n<meta name=\"twitter:label1\" content=\"Escrito por\" \/>\n\t<meta name=\"twitter:data1\" content=\"Editor\" \/>\n\t<meta name=\"twitter:label2\" content=\"Tiempo de lectura\" \/>\n\t<meta name=\"twitter:data2\" content=\"2 minutos\" \/>\n<script type=\"application\/ld+json\" class=\"yoast-schema-graph\">{\"@context\":\"https:\\\/\\\/schema.org\",\"@graph\":[{\"@type\":\"Article\",\"@id\":\"https:\\\/\\\/diarioellabrador.cl\\\/index.php\\\/2026\\\/03\\\/10\\\/fiesta-de-la-vendimia-melipilla-2026-sera-27-y-28-de-marzo-destacadas-vinas-locales-estaran-presentes\\\/#article\",\"isPartOf\":{\"@id\":\"https:\\\/\\\/diarioellabrador.cl\\\/index.php\\\/2026\\\/03\\\/10\\\/fiesta-de-la-vendimia-melipilla-2026-sera-27-y-28-de-marzo-destacadas-vinas-locales-estaran-presentes\\\/\"},\"author\":{\"name\":\"Editor\",\"@id\":\"https:\\\/\\\/diarioellabrador.cl\\\/#\\\/schema\\\/person\\\/bc25ff80b4563f9c7f4bd7855df01685\"},\"headline\":\"Fiesta de la Vendimia Melipilla 2026: Ser\u00e1 27 y 28 de marzo, destacadas vi\u00f1as locales estar\u00e1n presentes\",\"datePublished\":\"2026-03-10T21:39:56+00:00\",\"dateModified\":\"2026-03-10T21:39:58+00:00\",\"mainEntityOfPage\":{\"@id\":\"https:\\\/\\\/diarioellabrador.cl\\\/index.php\\\/2026\\\/03\\\/10\\\/fiesta-de-la-vendimia-melipilla-2026-sera-27-y-28-de-marzo-destacadas-vinas-locales-estaran-presentes\\\/\"},\"wordCount\":335,\"commentCount\":0,\"publisher\":{\"@id\":\"https:\\\/\\\/diarioellabrador.cl\\\/#organization\"},\"image\":{\"@id\":\"https:\\\/\\\/diarioellabrador.cl\\\/index.php\\\/2026\\\/03\\\/10\\\/fiesta-de-la-vendimia-melipilla-2026-sera-27-y-28-de-marzo-destacadas-vinas-locales-estaran-presentes\\\/#primaryimage\"},\"thumbnailUrl\":\"https:\\\/\\\/diarioellabrador.cl\\\/wp-content\\\/uploads\\\/2026\\\/03\\\/Fiesta-de-la-Vendimia-Melipilla-2026-Sera-27-y-28-de-marzo-destacadas-vinas-locales-estaran-presentes.jpg\",\"articleSection\":[\"Cr\u00f3nica\"],\"inLanguage\":\"es\",\"potentialAction\":[{\"@type\":\"CommentAction\",\"name\":\"Comment\",\"target\":[\"https:\\\/\\\/diarioellabrador.cl\\\/index.php\\\/2026\\\/03\\\/10\\\/fiesta-de-la-vendimia-melipilla-2026-sera-27-y-28-de-marzo-destacadas-vinas-locales-estaran-presentes\\\/#respond\"]}]},{\"@type\":\"WebPage\",\"@id\":\"https:\\\/\\\/diarioellabrador.cl\\\/index.php\\\/2026\\\/03\\\/10\\\/fiesta-de-la-vendimia-melipilla-2026-sera-27-y-28-de-marzo-destacadas-vinas-locales-estaran-presentes\\\/\",\"url\":\"https:\\\/\\\/diarioellabrador.cl\\\/index.php\\\/2026\\\/03\\\/10\\\/fiesta-de-la-vendimia-melipilla-2026-sera-27-y-28-de-marzo-destacadas-vinas-locales-estaran-presentes\\\/\",\"name\":\"Fiesta de la Vendimia Melipilla 2026: Ser\u00e1 27 y 28 de marzo, destacadas vi\u00f1as locales estar\u00e1n presentes - Diario El Labrador\",\"isPartOf\":{\"@id\":\"https:\\\/\\\/diarioellabrador.cl\\\/#website\"},\"primaryImageOfPage\":{\"@id\":\"https:\\\/\\\/diarioellabrador.cl\\\/index.php\\\/2026\\\/03\\\/10\\\/fiesta-de-la-vendimia-melipilla-2026-sera-27-y-28-de-marzo-destacadas-vinas-locales-estaran-presentes\\\/#primaryimage\"},\"image\":{\"@id\":\"https:\\\/\\\/diarioellabrador.cl\\\/index.php\\\/2026\\\/03\\\/10\\\/fiesta-de-la-vendimia-melipilla-2026-sera-27-y-28-de-marzo-destacadas-vinas-locales-estaran-presentes\\\/#primaryimage\"},\"thumbnailUrl\":\"https:\\\/\\\/diarioellabrador.cl\\\/wp-content\\\/uploads\\\/2026\\\/03\\\/Fiesta-de-la-Vendimia-Melipilla-2026-Sera-27-y-28-de-marzo-destacadas-vinas-locales-estaran-presentes.jpg\",\"datePublished\":\"2026-03-10T21:39:56+00:00\",\"dateModified\":\"2026-03-10T21:39:58+00:00\",\"breadcrumb\":{\"@id\":\"https:\\\/\\\/diarioellabrador.cl\\\/index.php\\\/2026\\\/03\\\/10\\\/fiesta-de-la-vendimia-melipilla-2026-sera-27-y-28-de-marzo-destacadas-vinas-locales-estaran-presentes\\\/#breadcrumb\"},\"inLanguage\":\"es\",\"potentialAction\":[{\"@type\":\"ReadAction\",\"target\":[\"https:\\\/\\\/diarioellabrador.cl\\\/index.php\\\/2026\\\/03\\\/10\\\/fiesta-de-la-vendimia-melipilla-2026-sera-27-y-28-de-marzo-destacadas-vinas-locales-estaran-presentes\\\/\"]}]},{\"@type\":\"ImageObject\",\"inLanguage\":\"es\",\"@id\":\"https:\\\/\\\/diarioellabrador.cl\\\/index.php\\\/2026\\\/03\\\/10\\\/fiesta-de-la-vendimia-melipilla-2026-sera-27-y-28-de-marzo-destacadas-vinas-locales-estaran-presentes\\\/#primaryimage\",\"url\":\"https:\\\/\\\/diarioellabrador.cl\\\/wp-content\\\/uploads\\\/2026\\\/03\\\/Fiesta-de-la-Vendimia-Melipilla-2026-Sera-27-y-28-de-marzo-destacadas-vinas-locales-estaran-presentes.jpg\",\"contentUrl\":\"https:\\\/\\\/diarioellabrador.cl\\\/wp-content\\\/uploads\\\/2026\\\/03\\\/Fiesta-de-la-Vendimia-Melipilla-2026-Sera-27-y-28-de-marzo-destacadas-vinas-locales-estaran-presentes.jpg\",\"width\":1024,\"height\":768},{\"@type\":\"BreadcrumbList\",\"@id\":\"https:\\\/\\\/diarioellabrador.cl\\\/index.php\\\/2026\\\/03\\\/10\\\/fiesta-de-la-vendimia-melipilla-2026-sera-27-y-28-de-marzo-destacadas-vinas-locales-estaran-presentes\\\/#breadcrumb\",\"itemListElement\":[{\"@type\":\"ListItem\",\"position\":1,\"name\":\"Portada\",\"item\":\"https:\\\/\\\/diarioellabrador.cl\\\/\"},{\"@type\":\"ListItem\",\"position\":2,\"name\":\"Fiesta de la Vendimia Melipilla 2026: Ser\u00e1 27 y 28 de marzo, destacadas vi\u00f1as locales estar\u00e1n presentes\"}]},{\"@type\":\"WebSite\",\"@id\":\"https:\\\/\\\/diarioellabrador.cl\\\/#website\",\"url\":\"https:\\\/\\\/diarioellabrador.cl\\\/\",\"name\":\"Diario El Labrador\",\"description\":\"Haciendo noticia desde 1921\",\"publisher\":{\"@id\":\"https:\\\/\\\/diarioellabrador.cl\\\/#organization\"},\"potentialAction\":[{\"@type\":\"SearchAction\",\"target\":{\"@type\":\"EntryPoint\",\"urlTemplate\":\"https:\\\/\\\/diarioellabrador.cl\\\/?s={search_term_string}\"},\"query-input\":{\"@type\":\"PropertyValueSpecification\",\"valueRequired\":true,\"valueName\":\"search_term_string\"}}],\"inLanguage\":\"es\"},{\"@type\":\"Organization\",\"@id\":\"https:\\\/\\\/diarioellabrador.cl\\\/#organization\",\"name\":\"Diario El Labrador\",\"url\":\"https:\\\/\\\/diarioellabrador.cl\\\/\",\"logo\":{\"@type\":\"ImageObject\",\"inLanguage\":\"es\",\"@id\":\"https:\\\/\\\/diarioellabrador.cl\\\/#\\\/schema\\\/logo\\\/image\\\/\",\"url\":\"https:\\\/\\\/diarioellabrador.cl\\\/wp-content\\\/uploads\\\/2025\\\/02\\\/cropped-Logo-Icono.png\",\"contentUrl\":\"https:\\\/\\\/diarioellabrador.cl\\\/wp-content\\\/uploads\\\/2025\\\/02\\\/cropped-Logo-Icono.png\",\"width\":512,\"height\":512,\"caption\":\"Diario El Labrador\"},\"image\":{\"@id\":\"https:\\\/\\\/diarioellabrador.cl\\\/#\\\/schema\\\/logo\\\/image\\\/\"},\"sameAs\":[\"https:\\\/\\\/web.facebook.com\\\/profile.php?id=61576120840621\",\"https:\\\/\\\/x.com\\\/ElLabradorOf\",\"https:\\\/\\\/www.instagram.com\\\/diarioellabradoroficial\\\/\"]},{\"@type\":\"Person\",\"@id\":\"https:\\\/\\\/diarioellabrador.cl\\\/#\\\/schema\\\/person\\\/bc25ff80b4563f9c7f4bd7855df01685\",\"name\":\"Editor\",\"image\":{\"@type\":\"ImageObject\",\"inLanguage\":\"es\",\"@id\":\"https:\\\/\\\/secure.gravatar.com\\\/avatar\\\/109c326cf2be5c04f048c2c2a2b8b6ef44bf3d8d1d3d4c55d0ac40c4bc994684?s=96&d=mm&r=g\",\"url\":\"https:\\\/\\\/secure.gravatar.com\\\/avatar\\\/109c326cf2be5c04f048c2c2a2b8b6ef44bf3d8d1d3d4c55d0ac40c4bc994684?s=96&d=mm&r=g\",\"contentUrl\":\"https:\\\/\\\/secure.gravatar.com\\\/avatar\\\/109c326cf2be5c04f048c2c2a2b8b6ef44bf3d8d1d3d4c55d0ac40c4bc994684?s=96&d=mm&r=g\",\"caption\":\"Editor\"},\"url\":\"https:\\\/\\\/diarioellabrador.cl\\\/index.php\\\/author\\\/editor\\\/\"}]}<\/script>\n<!-- \/ Yoast SEO plugin. -->","yoast_head_json":{"title":"Fiesta de la Vendimia Melipilla 2026: Ser\u00e1 27 y 28 de marzo, destacadas vi\u00f1as locales estar\u00e1n presentes - Diario El Labrador","robots":{"index":"index","follow":"follow","max-snippet":"max-snippet:-1","max-image-preview":"max-image-preview:large","max-video-preview":"max-video-preview:-1"},"canonical":"https:\/\/diarioellabrador.cl\/index.php\/2026\/03\/10\/fiesta-de-la-vendimia-melipilla-2026-sera-27-y-28-de-marzo-destacadas-vinas-locales-estaran-presentes\/","og_locale":"es_ES","og_type":"article","og_title":"Fiesta de la Vendimia Melipilla 2026: Ser\u00e1 27 y 28 de marzo, destacadas vi\u00f1as locales estar\u00e1n presentes - Diario El Labrador","og_description":"Por Johnny Ahumada Sep\u00falveda Vuelve la Fiesta de la Vendimia Melipilla en esta edici\u00f3n 2026, la Municipalidad de Melipilla en junto con el Centro de Negocios Sercotec y Duoc UC, han anunciado oficialmente la realizaci\u00f3n de la fiesta m\u00e1s esperada. La organizaci\u00f3n destaca que la vendimia no solo celebra la cosecha, sino que fortalece el Leer m\u00e1s","og_url":"https:\/\/diarioellabrador.cl\/index.php\/2026\/03\/10\/fiesta-de-la-vendimia-melipilla-2026-sera-27-y-28-de-marzo-destacadas-vinas-locales-estaran-presentes\/","og_site_name":"Diario El Labrador","article_publisher":"https:\/\/web.facebook.com\/profile.php?id=61576120840621","article_published_time":"2026-03-10T21:39:56+00:00","article_modified_time":"2026-03-10T21:39:58+00:00","og_image":[{"width":1024,"height":768,"url":"https:\/\/diarioellabrador.cl\/wp-content\/uploads\/2026\/03\/Fiesta-de-la-Vendimia-Melipilla-2026-Sera-27-y-28-de-marzo-destacadas-vinas-locales-estaran-presentes.jpg","type":"image\/jpeg"}],"author":"Editor","twitter_card":"summary_large_image","twitter_creator":"@ElLabradorOf","twitter_site":"@ElLabradorOf","twitter_misc":{"Escrito por":"Editor","Tiempo de lectura":"2 minutos"},"schema":{"@context":"https:\/\/schema.org","@graph":[{"@type":"Article","@id":"https:\/\/diarioellabrador.cl\/index.php\/2026\/03\/10\/fiesta-de-la-vendimia-melipilla-2026-sera-27-y-28-de-marzo-destacadas-vinas-locales-estaran-presentes\/#article","isPartOf":{"@id":"https:\/\/diarioellabrador.cl\/index.php\/2026\/03\/10\/fiesta-de-la-vendimia-melipilla-2026-sera-27-y-28-de-marzo-destacadas-vinas-locales-estaran-presentes\/"},"author":{"name":"Editor","@id":"https:\/\/diarioellabrador.cl\/#\/schema\/person\/bc25ff80b4563f9c7f4bd7855df01685"},"headline":"Fiesta de la Vendimia Melipilla 2026: Ser\u00e1 27 y 28 de marzo, destacadas vi\u00f1as locales estar\u00e1n presentes","datePublished":"2026-03-10T21:39:56+00:00","dateModified":"2026-03-10T21:39:58+00:00","mainEntityOfPage":{"@id":"https:\/\/diarioellabrador.cl\/index.php\/2026\/03\/10\/fiesta-de-la-vendimia-melipilla-2026-sera-27-y-28-de-marzo-destacadas-vinas-locales-estaran-presentes\/"},"wordCount":335,"commentCount":0,"publisher":{"@id":"https:\/\/diarioellabrador.cl\/#organization"},"image":{"@id":"https:\/\/diarioellabrador.cl\/index.php\/2026\/03\/10\/fiesta-de-la-vendimia-melipilla-2026-sera-27-y-28-de-marzo-destacadas-vinas-locales-estaran-presentes\/#primaryimage"},"thumbnailUrl":"https:\/\/diarioellabrador.cl\/wp-content\/uploads\/2026\/03\/Fiesta-de-la-Vendimia-Melipilla-2026-Sera-27-y-28-de-marzo-destacadas-vinas-locales-estaran-presentes.jpg","articleSection":["Cr\u00f3nica"],"inLanguage":"es","potentialAction":[{"@type":"CommentAction","name":"Comment","target":["https:\/\/diarioellabrador.cl\/index.php\/2026\/03\/10\/fiesta-de-la-vendimia-melipilla-2026-sera-27-y-28-de-marzo-destacadas-vinas-locales-estaran-presentes\/#respond"]}]},{"@type":"WebPage","@id":"https:\/\/diarioellabrador.cl\/index.php\/2026\/03\/10\/fiesta-de-la-vendimia-melipilla-2026-sera-27-y-28-de-marzo-destacadas-vinas-locales-estaran-presentes\/","url":"https:\/\/diarioellabrador.cl\/index.php\/2026\/03\/10\/fiesta-de-la-vendimia-melipilla-2026-sera-27-y-28-de-marzo-destacadas-vinas-locales-estaran-presentes\/","name":"Fiesta de la Vendimia Melipilla 2026: Ser\u00e1 27 y 28 de marzo, destacadas vi\u00f1as locales estar\u00e1n presentes - Diario El Labrador","isPartOf":{"@id":"https:\/\/diarioellabrador.cl\/#website"},"primaryImageOfPage":{"@id":"https:\/\/diarioellabrador.cl\/index.php\/2026\/03\/10\/fiesta-de-la-vendimia-melipilla-2026-sera-27-y-28-de-marzo-destacadas-vinas-locales-estaran-presentes\/#primaryimage"},"image":{"@id":"https:\/\/diarioellabrador.cl\/index.php\/2026\/03\/10\/fiesta-de-la-vendimia-melipilla-2026-sera-27-y-28-de-marzo-destacadas-vinas-locales-estaran-presentes\/#primaryimage"},"thumbnailUrl":"https:\/\/diarioellabrador.cl\/wp-content\/uploads\/2026\/03\/Fiesta-de-la-Vendimia-Melipilla-2026-Sera-27-y-28-de-marzo-destacadas-vinas-locales-estaran-presentes.jpg","datePublished":"2026-03-10T21:39:56+00:00","dateModified":"2026-03-10T21:39:58+00:00","breadcrumb":{"@id":"https:\/\/diarioellabrador.cl\/index.php\/2026\/03\/10\/fiesta-de-la-vendimia-melipilla-2026-sera-27-y-28-de-marzo-destacadas-vinas-locales-estaran-presentes\/#breadcrumb"},"inLanguage":"es","potentialAction":[{"@type":"ReadAction","target":["https:\/\/diarioellabrador.cl\/index.php\/2026\/03\/10\/fiesta-de-la-vendimia-melipilla-2026-sera-27-y-28-de-marzo-destacadas-vinas-locales-estaran-presentes\/"]}]},{"@type":"ImageObject","inLanguage":"es","@id":"https:\/\/diarioellabrador.cl\/index.php\/2026\/03\/10\/fiesta-de-la-vendimia-melipilla-2026-sera-27-y-28-de-marzo-destacadas-vinas-locales-estaran-presentes\/#primaryimage","url":"https:\/\/diarioellabrador.cl\/wp-content\/uploads\/2026\/03\/Fiesta-de-la-Vendimia-Melipilla-2026-Sera-27-y-28-de-marzo-destacadas-vinas-locales-estaran-presentes.jpg","contentUrl":"https:\/\/diarioellabrador.cl\/wp-content\/uploads\/2026\/03\/Fiesta-de-la-Vendimia-Melipilla-2026-Sera-27-y-28-de-marzo-destacadas-vinas-locales-estaran-presentes.jpg","width":1024,"height":768},{"@type":"BreadcrumbList","@id":"https:\/\/diarioellabrador.cl\/index.php\/2026\/03\/10\/fiesta-de-la-vendimia-melipilla-2026-sera-27-y-28-de-marzo-destacadas-vinas-locales-estaran-presentes\/#breadcrumb","itemListElement":[{"@type":"ListItem","position":1,"name":"Portada","item":"https:\/\/diarioellabrador.cl\/"},{"@type":"ListItem","position":2,"name":"Fiesta de la Vendimia Melipilla 2026: Ser\u00e1 27 y 28 de marzo, destacadas vi\u00f1as locales estar\u00e1n presentes"}]},{"@type":"WebSite","@id":"https:\/\/diarioellabrador.cl\/#website","url":"https:\/\/diarioellabrador.cl\/","name":"Diario El Labrador","description":"Haciendo noticia desde 1921","publisher":{"@id":"https:\/\/diarioellabrador.cl\/#organization"},"potentialAction":[{"@type":"SearchAction","target":{"@type":"EntryPoint","urlTemplate":"https:\/\/diarioellabrador.cl\/?s={search_term_string}"},"query-input":{"@type":"PropertyValueSpecification","valueRequired":true,"valueName":"search_term_string"}}],"inLanguage":"es"},{"@type":"Organization","@id":"https:\/\/diarioellabrador.cl\/#organization","name":"Diario El Labrador","url":"https:\/\/diarioellabrador.cl\/","logo":{"@type":"ImageObject","inLanguage":"es","@id":"https:\/\/diarioellabrador.cl\/#\/schema\/logo\/image\/","url":"https:\/\/diarioellabrador.cl\/wp-content\/uploads\/2025\/02\/cropped-Logo-Icono.png","contentUrl":"https:\/\/diarioellabrador.cl\/wp-content\/uploads\/2025\/02\/cropped-Logo-Icono.png","width":512,"height":512,"caption":"Diario El Labrador"},"image":{"@id":"https:\/\/diarioellabrador.cl\/#\/schema\/logo\/image\/"},"sameAs":["https:\/\/web.facebook.com\/profile.php?id=61576120840621","https:\/\/x.com\/ElLabradorOf","https:\/\/www.instagram.com\/diarioellabradoroficial\/"]},{"@type":"Person","@id":"https:\/\/diarioellabrador.cl\/#\/schema\/person\/bc25ff80b4563f9c7f4bd7855df01685","name":"Editor","image":{"@type":"ImageObject","inLanguage":"es","@id":"https:\/\/secure.gravatar.com\/avatar\/109c326cf2be5c04f048c2c2a2b8b6ef44bf3d8d1d3d4c55d0ac40c4bc994684?s=96&d=mm&r=g","url":"https:\/\/secure.gravatar.com\/avatar\/109c326cf2be5c04f048c2c2a2b8b6ef44bf3d8d1d3d4c55d0ac40c4bc994684?s=96&d=mm&r=g","contentUrl":"https:\/\/secure.gravatar.com\/avatar\/109c326cf2be5c04f048c2c2a2b8b6ef44bf3d8d1d3d4c55d0ac40c4bc994684?s=96&d=mm&r=g","caption":"Editor"},"url":"https:\/\/diarioellabrador.cl\/index.php\/author\/editor\/"}]}},"_links":{"self":[{"href":"https:\/\/diarioellabrador.cl\/index.php\/wp-json\/wp\/v2\/posts\/16411","targetHints":{"allow":["GET"]}}],"collection":[{"href":"https:\/\/diarioellabrador.cl\/index.php\/wp-json\/wp\/v2\/posts"}],"about":[{"href":"https:\/\/diarioellabrador.cl\/index.php\/wp-json\/wp\/v2\/types\/post"}],"author":[{"embeddable":true,"href":"https:\/\/diarioellabrador.cl\/index.php\/wp-json\/wp\/v2\/users\/2"}],"replies":[{"embeddable":true,"href":"https:\/\/diarioellabrador.cl\/index.php\/wp-json\/wp\/v2\/comments?post=16411"}],"version-history":[{"count":1,"href":"https:\/\/diarioellabrador.cl\/index.php\/wp-json\/wp\/v2\/posts\/16411\/revisions"}],"predecessor-version":[{"id":16412,"href":"https:\/\/diarioellabrador.cl\/index.php\/wp-json\/wp\/v2\/posts\/16411\/revisions\/16412"}],"wp:featuredmedia":[{"embeddable":true,"href":"https:\/\/diarioellabrador.cl\/index.php\/wp-json\/wp\/v2\/media\/16367"}],"wp:attachment":[{"href":"https:\/\/diarioellabrador.cl\/index.php\/wp-json\/wp\/v2\/media?parent=16411"}],"wp:term":[{"taxonomy":"category","embeddable":true,"href":"https:\/\/diarioellabrador.cl\/index.php\/wp-json\/wp\/v2\/categories?post=16411"},{"taxonomy":"post_tag","embeddable":true,"href":"https:\/\/diarioellabrador.cl\/index.php\/wp-json\/wp\/v2\/tags?post=16411"}],"curies":[{"name":"wp","href":"https:\/\/api.w.org\/{rel}","templated":true}]}}