{"id":16407,"date":"2026-03-10T17:38:29","date_gmt":"2026-03-10T21:38:29","guid":{"rendered":"https:\/\/diarioellabrador.cl\/?p=16407"},"modified":"2026-03-10T17:38:31","modified_gmt":"2026-03-10T21:38:31","slug":"pesar-por-fallecimiento-de-vendedor-ambulante-de-avenida-manso","status":"publish","type":"post","link":"https:\/\/diarioellabrador.cl\/index.php\/2026\/03\/10\/pesar-por-fallecimiento-de-vendedor-ambulante-de-avenida-manso\/","title":{"rendered":"Pesar por fallecimiento de vendedor ambulante de avenida Manso"},"content":{"rendered":"\n<p>Por Carlos Silva S.<\/p>\n\n\n\n<p>Ayer, en el Cementerio Municipal de Melipilla se realizaron los funerales de Roberto Soto Guzm\u00e1n (44), conocido cari\u00f1osamente como \u201cTito\u201d, quien fuera por a\u00f1os un conocido comerciante de golosinas de avenida Manso.<\/p>\n\n\n\n<p>De acuerdo a informaci\u00f3n entregada por cercanos, el hombre sufri\u00f3 un c\u00e1ncer fulminante, el cual termin\u00f3 con su vida durante el pasado fin de semana, acompa\u00f1ado de familiares y amigos en su casa habitaci\u00f3n en Codigua.<\/p>\n\n\n\n<p>Una vez dada a conocer la noticia, fueron cientos los mensajes de condolencias que se multiplicaron a trav\u00e9s de redes sociales, destacando su amabilidad y respeto con los transe\u00fantes que lo conocieron por a\u00f1os. Incluso, Roberto se dedic\u00f3 a cuidar paquetes de los compradores de Manso que tomaban locomoci\u00f3n en este punto con direcci\u00f3n al campo.<\/p>\n\n\n\n<p>Tras su funeral, la familia Soto Guzm\u00e1n agradeci\u00f3 a trav\u00e9s de redes sociales el acompa\u00f1amiento y cari\u00f1o entregado durante estos d\u00edas por la comunidad, que despidi\u00f3 en masa a este cari\u00f1oso comerciante local.<\/p>\n","protected":false},"excerpt":{"rendered":"<p>Por Carlos Silva S. Ayer, en el Cementerio Municipal de Melipilla se realizaron los funerales de Roberto Soto Guzm\u00e1n (44), conocido cari\u00f1osamente como \u201cTito\u201d, quien fuera por a\u00f1os un conocido comerciante de golosinas de avenida Manso. De acuerdo a informaci\u00f3n entregada por cercanos, el hombre sufri\u00f3 un c\u00e1ncer fulminante, el cual termin\u00f3 con su vida<\/p>\n<div class=\"read-more-wrapper\"><a class=\"read-more\" href=\"https:\/\/diarioellabrador.cl\/index.php\/2026\/03\/10\/pesar-por-fallecimiento-de-vendedor-ambulante-de-avenida-manso\/\" title=\"Leer m\u00e1s\"> <span class=\"button \">Leer m\u00e1s<\/span><\/a><\/div>\n","protected":false},"author":2,"featured_media":16370,"comment_status":"open","ping_status":"open","sticky":false,"template":"","format":"standard","meta":{"footnotes":""},"categories":[1],"tags":[],"class_list":["post-16407","post","type-post","status-publish","format-standard","has-post-thumbnail","hentry","category-cronica"],"yoast_head":"<!-- This site is optimized with the Yoast SEO plugin v27.5 - https:\/\/yoast.com\/product\/yoast-seo-wordpress\/ -->\n<title>Pesar por fallecimiento de vendedor ambulante de avenida Manso - Diario El Labrador<\/title>\n<meta name=\"robots\" content=\"index, follow, max-snippet:-1, max-image-preview:large, max-video-preview:-1\" \/>\n<link rel=\"canonical\" href=\"https:\/\/diarioellabrador.cl\/index.php\/2026\/03\/10\/pesar-por-fallecimiento-de-vendedor-ambulante-de-avenida-manso\/\" \/>\n<meta property=\"og:locale\" content=\"es_ES\" \/>\n<meta property=\"og:type\" content=\"article\" \/>\n<meta property=\"og:title\" content=\"Pesar por fallecimiento de vendedor ambulante de avenida Manso - Diario El Labrador\" \/>\n<meta property=\"og:description\" content=\"Por Carlos Silva S. Ayer, en el Cementerio Municipal de Melipilla se realizaron los funerales de Roberto Soto Guzm\u00e1n (44), conocido cari\u00f1osamente como \u201cTito\u201d, quien fuera por a\u00f1os un conocido comerciante de golosinas de avenida Manso. De acuerdo a informaci\u00f3n entregada por cercanos, el hombre sufri\u00f3 un c\u00e1ncer fulminante, el cual termin\u00f3 con su vida Leer m\u00e1s\" \/>\n<meta property=\"og:url\" content=\"https:\/\/diarioellabrador.cl\/index.php\/2026\/03\/10\/pesar-por-fallecimiento-de-vendedor-ambulante-de-avenida-manso\/\" \/>\n<meta property=\"og:site_name\" content=\"Diario El Labrador\" \/>\n<meta property=\"article:publisher\" content=\"https:\/\/web.facebook.com\/profile.php?id=61576120840621\" \/>\n<meta property=\"article:published_time\" content=\"2026-03-10T21:38:29+00:00\" \/>\n<meta property=\"article:modified_time\" content=\"2026-03-10T21:38:31+00:00\" \/>\n<meta property=\"og:image\" content=\"https:\/\/diarioellabrador.cl\/wp-content\/uploads\/2026\/03\/Pesar-por-fallecimiento-de-vendedor-ambulante-de-avenida-Manso.jpg\" \/>\n\t<meta property=\"og:image:width\" content=\"503\" \/>\n\t<meta property=\"og:image:height\" content=\"498\" \/>\n\t<meta property=\"og:image:type\" content=\"image\/jpeg\" \/>\n<meta name=\"author\" content=\"Editor\" \/>\n<meta name=\"twitter:card\" content=\"summary_large_image\" \/>\n<meta name=\"twitter:creator\" content=\"@ElLabradorOf\" \/>\n<meta name=\"twitter:site\" content=\"@ElLabradorOf\" \/>\n<meta name=\"twitter:label1\" content=\"Escrito por\" \/>\n\t<meta name=\"twitter:data1\" content=\"Editor\" \/>\n\t<meta name=\"twitter:label2\" content=\"Tiempo de lectura\" \/>\n\t<meta name=\"twitter:data2\" content=\"1 minuto\" \/>\n<script type=\"application\/ld+json\" class=\"yoast-schema-graph\">{\"@context\":\"https:\\\/\\\/schema.org\",\"@graph\":[{\"@type\":\"Article\",\"@id\":\"https:\\\/\\\/diarioellabrador.cl\\\/index.php\\\/2026\\\/03\\\/10\\\/pesar-por-fallecimiento-de-vendedor-ambulante-de-avenida-manso\\\/#article\",\"isPartOf\":{\"@id\":\"https:\\\/\\\/diarioellabrador.cl\\\/index.php\\\/2026\\\/03\\\/10\\\/pesar-por-fallecimiento-de-vendedor-ambulante-de-avenida-manso\\\/\"},\"author\":{\"name\":\"Editor\",\"@id\":\"https:\\\/\\\/diarioellabrador.cl\\\/#\\\/schema\\\/person\\\/bc25ff80b4563f9c7f4bd7855df01685\"},\"headline\":\"Pesar por fallecimiento de vendedor ambulante de avenida Manso\",\"datePublished\":\"2026-03-10T21:38:29+00:00\",\"dateModified\":\"2026-03-10T21:38:31+00:00\",\"mainEntityOfPage\":{\"@id\":\"https:\\\/\\\/diarioellabrador.cl\\\/index.php\\\/2026\\\/03\\\/10\\\/pesar-por-fallecimiento-de-vendedor-ambulante-de-avenida-manso\\\/\"},\"wordCount\":187,\"commentCount\":0,\"publisher\":{\"@id\":\"https:\\\/\\\/diarioellabrador.cl\\\/#organization\"},\"image\":{\"@id\":\"https:\\\/\\\/diarioellabrador.cl\\\/index.php\\\/2026\\\/03\\\/10\\\/pesar-por-fallecimiento-de-vendedor-ambulante-de-avenida-manso\\\/#primaryimage\"},\"thumbnailUrl\":\"https:\\\/\\\/diarioellabrador.cl\\\/wp-content\\\/uploads\\\/2026\\\/03\\\/Pesar-por-fallecimiento-de-vendedor-ambulante-de-avenida-Manso.jpg\",\"articleSection\":[\"Cr\u00f3nica\"],\"inLanguage\":\"es\",\"potentialAction\":[{\"@type\":\"CommentAction\",\"name\":\"Comment\",\"target\":[\"https:\\\/\\\/diarioellabrador.cl\\\/index.php\\\/2026\\\/03\\\/10\\\/pesar-por-fallecimiento-de-vendedor-ambulante-de-avenida-manso\\\/#respond\"]}]},{\"@type\":\"WebPage\",\"@id\":\"https:\\\/\\\/diarioellabrador.cl\\\/index.php\\\/2026\\\/03\\\/10\\\/pesar-por-fallecimiento-de-vendedor-ambulante-de-avenida-manso\\\/\",\"url\":\"https:\\\/\\\/diarioellabrador.cl\\\/index.php\\\/2026\\\/03\\\/10\\\/pesar-por-fallecimiento-de-vendedor-ambulante-de-avenida-manso\\\/\",\"name\":\"Pesar por fallecimiento de vendedor ambulante de avenida Manso - Diario El Labrador\",\"isPartOf\":{\"@id\":\"https:\\\/\\\/diarioellabrador.cl\\\/#website\"},\"primaryImageOfPage\":{\"@id\":\"https:\\\/\\\/diarioellabrador.cl\\\/index.php\\\/2026\\\/03\\\/10\\\/pesar-por-fallecimiento-de-vendedor-ambulante-de-avenida-manso\\\/#primaryimage\"},\"image\":{\"@id\":\"https:\\\/\\\/diarioellabrador.cl\\\/index.php\\\/2026\\\/03\\\/10\\\/pesar-por-fallecimiento-de-vendedor-ambulante-de-avenida-manso\\\/#primaryimage\"},\"thumbnailUrl\":\"https:\\\/\\\/diarioellabrador.cl\\\/wp-content\\\/uploads\\\/2026\\\/03\\\/Pesar-por-fallecimiento-de-vendedor-ambulante-de-avenida-Manso.jpg\",\"datePublished\":\"2026-03-10T21:38:29+00:00\",\"dateModified\":\"2026-03-10T21:38:31+00:00\",\"breadcrumb\":{\"@id\":\"https:\\\/\\\/diarioellabrador.cl\\\/index.php\\\/2026\\\/03\\\/10\\\/pesar-por-fallecimiento-de-vendedor-ambulante-de-avenida-manso\\\/#breadcrumb\"},\"inLanguage\":\"es\",\"potentialAction\":[{\"@type\":\"ReadAction\",\"target\":[\"https:\\\/\\\/diarioellabrador.cl\\\/index.php\\\/2026\\\/03\\\/10\\\/pesar-por-fallecimiento-de-vendedor-ambulante-de-avenida-manso\\\/\"]}]},{\"@type\":\"ImageObject\",\"inLanguage\":\"es\",\"@id\":\"https:\\\/\\\/diarioellabrador.cl\\\/index.php\\\/2026\\\/03\\\/10\\\/pesar-por-fallecimiento-de-vendedor-ambulante-de-avenida-manso\\\/#primaryimage\",\"url\":\"https:\\\/\\\/diarioellabrador.cl\\\/wp-content\\\/uploads\\\/2026\\\/03\\\/Pesar-por-fallecimiento-de-vendedor-ambulante-de-avenida-Manso.jpg\",\"contentUrl\":\"https:\\\/\\\/diarioellabrador.cl\\\/wp-content\\\/uploads\\\/2026\\\/03\\\/Pesar-por-fallecimiento-de-vendedor-ambulante-de-avenida-Manso.jpg\",\"width\":503,\"height\":498},{\"@type\":\"BreadcrumbList\",\"@id\":\"https:\\\/\\\/diarioellabrador.cl\\\/index.php\\\/2026\\\/03\\\/10\\\/pesar-por-fallecimiento-de-vendedor-ambulante-de-avenida-manso\\\/#breadcrumb\",\"itemListElement\":[{\"@type\":\"ListItem\",\"position\":1,\"name\":\"Portada\",\"item\":\"https:\\\/\\\/diarioellabrador.cl\\\/\"},{\"@type\":\"ListItem\",\"position\":2,\"name\":\"Pesar por fallecimiento de vendedor ambulante de avenida Manso\"}]},{\"@type\":\"WebSite\",\"@id\":\"https:\\\/\\\/diarioellabrador.cl\\\/#website\",\"url\":\"https:\\\/\\\/diarioellabrador.cl\\\/\",\"name\":\"Diario El Labrador\",\"description\":\"Haciendo noticia desde 1921\",\"publisher\":{\"@id\":\"https:\\\/\\\/diarioellabrador.cl\\\/#organization\"},\"potentialAction\":[{\"@type\":\"SearchAction\",\"target\":{\"@type\":\"EntryPoint\",\"urlTemplate\":\"https:\\\/\\\/diarioellabrador.cl\\\/?s={search_term_string}\"},\"query-input\":{\"@type\":\"PropertyValueSpecification\",\"valueRequired\":true,\"valueName\":\"search_term_string\"}}],\"inLanguage\":\"es\"},{\"@type\":\"Organization\",\"@id\":\"https:\\\/\\\/diarioellabrador.cl\\\/#organization\",\"name\":\"Diario El Labrador\",\"url\":\"https:\\\/\\\/diarioellabrador.cl\\\/\",\"logo\":{\"@type\":\"ImageObject\",\"inLanguage\":\"es\",\"@id\":\"https:\\\/\\\/diarioellabrador.cl\\\/#\\\/schema\\\/logo\\\/image\\\/\",\"url\":\"https:\\\/\\\/diarioellabrador.cl\\\/wp-content\\\/uploads\\\/2025\\\/02\\\/cropped-Logo-Icono.png\",\"contentUrl\":\"https:\\\/\\\/diarioellabrador.cl\\\/wp-content\\\/uploads\\\/2025\\\/02\\\/cropped-Logo-Icono.png\",\"width\":512,\"height\":512,\"caption\":\"Diario El Labrador\"},\"image\":{\"@id\":\"https:\\\/\\\/diarioellabrador.cl\\\/#\\\/schema\\\/logo\\\/image\\\/\"},\"sameAs\":[\"https:\\\/\\\/web.facebook.com\\\/profile.php?id=61576120840621\",\"https:\\\/\\\/x.com\\\/ElLabradorOf\",\"https:\\\/\\\/www.instagram.com\\\/diarioellabradoroficial\\\/\"]},{\"@type\":\"Person\",\"@id\":\"https:\\\/\\\/diarioellabrador.cl\\\/#\\\/schema\\\/person\\\/bc25ff80b4563f9c7f4bd7855df01685\",\"name\":\"Editor\",\"image\":{\"@type\":\"ImageObject\",\"inLanguage\":\"es\",\"@id\":\"https:\\\/\\\/secure.gravatar.com\\\/avatar\\\/109c326cf2be5c04f048c2c2a2b8b6ef44bf3d8d1d3d4c55d0ac40c4bc994684?s=96&d=mm&r=g\",\"url\":\"https:\\\/\\\/secure.gravatar.com\\\/avatar\\\/109c326cf2be5c04f048c2c2a2b8b6ef44bf3d8d1d3d4c55d0ac40c4bc994684?s=96&d=mm&r=g\",\"contentUrl\":\"https:\\\/\\\/secure.gravatar.com\\\/avatar\\\/109c326cf2be5c04f048c2c2a2b8b6ef44bf3d8d1d3d4c55d0ac40c4bc994684?s=96&d=mm&r=g\",\"caption\":\"Editor\"},\"url\":\"https:\\\/\\\/diarioellabrador.cl\\\/index.php\\\/author\\\/editor\\\/\"}]}<\/script>\n<!-- \/ Yoast SEO plugin. -->","yoast_head_json":{"title":"Pesar por fallecimiento de vendedor ambulante de avenida Manso - Diario El Labrador","robots":{"index":"index","follow":"follow","max-snippet":"max-snippet:-1","max-image-preview":"max-image-preview:large","max-video-preview":"max-video-preview:-1"},"canonical":"https:\/\/diarioellabrador.cl\/index.php\/2026\/03\/10\/pesar-por-fallecimiento-de-vendedor-ambulante-de-avenida-manso\/","og_locale":"es_ES","og_type":"article","og_title":"Pesar por fallecimiento de vendedor ambulante de avenida Manso - Diario El Labrador","og_description":"Por Carlos Silva S. Ayer, en el Cementerio Municipal de Melipilla se realizaron los funerales de Roberto Soto Guzm\u00e1n (44), conocido cari\u00f1osamente como \u201cTito\u201d, quien fuera por a\u00f1os un conocido comerciante de golosinas de avenida Manso. De acuerdo a informaci\u00f3n entregada por cercanos, el hombre sufri\u00f3 un c\u00e1ncer fulminante, el cual termin\u00f3 con su vida Leer m\u00e1s","og_url":"https:\/\/diarioellabrador.cl\/index.php\/2026\/03\/10\/pesar-por-fallecimiento-de-vendedor-ambulante-de-avenida-manso\/","og_site_name":"Diario El Labrador","article_publisher":"https:\/\/web.facebook.com\/profile.php?id=61576120840621","article_published_time":"2026-03-10T21:38:29+00:00","article_modified_time":"2026-03-10T21:38:31+00:00","og_image":[{"width":503,"height":498,"url":"https:\/\/diarioellabrador.cl\/wp-content\/uploads\/2026\/03\/Pesar-por-fallecimiento-de-vendedor-ambulante-de-avenida-Manso.jpg","type":"image\/jpeg"}],"author":"Editor","twitter_card":"summary_large_image","twitter_creator":"@ElLabradorOf","twitter_site":"@ElLabradorOf","twitter_misc":{"Escrito por":"Editor","Tiempo de lectura":"1 minuto"},"schema":{"@context":"https:\/\/schema.org","@graph":[{"@type":"Article","@id":"https:\/\/diarioellabrador.cl\/index.php\/2026\/03\/10\/pesar-por-fallecimiento-de-vendedor-ambulante-de-avenida-manso\/#article","isPartOf":{"@id":"https:\/\/diarioellabrador.cl\/index.php\/2026\/03\/10\/pesar-por-fallecimiento-de-vendedor-ambulante-de-avenida-manso\/"},"author":{"name":"Editor","@id":"https:\/\/diarioellabrador.cl\/#\/schema\/person\/bc25ff80b4563f9c7f4bd7855df01685"},"headline":"Pesar por fallecimiento de vendedor ambulante de avenida Manso","datePublished":"2026-03-10T21:38:29+00:00","dateModified":"2026-03-10T21:38:31+00:00","mainEntityOfPage":{"@id":"https:\/\/diarioellabrador.cl\/index.php\/2026\/03\/10\/pesar-por-fallecimiento-de-vendedor-ambulante-de-avenida-manso\/"},"wordCount":187,"commentCount":0,"publisher":{"@id":"https:\/\/diarioellabrador.cl\/#organization"},"image":{"@id":"https:\/\/diarioellabrador.cl\/index.php\/2026\/03\/10\/pesar-por-fallecimiento-de-vendedor-ambulante-de-avenida-manso\/#primaryimage"},"thumbnailUrl":"https:\/\/diarioellabrador.cl\/wp-content\/uploads\/2026\/03\/Pesar-por-fallecimiento-de-vendedor-ambulante-de-avenida-Manso.jpg","articleSection":["Cr\u00f3nica"],"inLanguage":"es","potentialAction":[{"@type":"CommentAction","name":"Comment","target":["https:\/\/diarioellabrador.cl\/index.php\/2026\/03\/10\/pesar-por-fallecimiento-de-vendedor-ambulante-de-avenida-manso\/#respond"]}]},{"@type":"WebPage","@id":"https:\/\/diarioellabrador.cl\/index.php\/2026\/03\/10\/pesar-por-fallecimiento-de-vendedor-ambulante-de-avenida-manso\/","url":"https:\/\/diarioellabrador.cl\/index.php\/2026\/03\/10\/pesar-por-fallecimiento-de-vendedor-ambulante-de-avenida-manso\/","name":"Pesar por fallecimiento de vendedor ambulante de avenida Manso - Diario El Labrador","isPartOf":{"@id":"https:\/\/diarioellabrador.cl\/#website"},"primaryImageOfPage":{"@id":"https:\/\/diarioellabrador.cl\/index.php\/2026\/03\/10\/pesar-por-fallecimiento-de-vendedor-ambulante-de-avenida-manso\/#primaryimage"},"image":{"@id":"https:\/\/diarioellabrador.cl\/index.php\/2026\/03\/10\/pesar-por-fallecimiento-de-vendedor-ambulante-de-avenida-manso\/#primaryimage"},"thumbnailUrl":"https:\/\/diarioellabrador.cl\/wp-content\/uploads\/2026\/03\/Pesar-por-fallecimiento-de-vendedor-ambulante-de-avenida-Manso.jpg","datePublished":"2026-03-10T21:38:29+00:00","dateModified":"2026-03-10T21:38:31+00:00","breadcrumb":{"@id":"https:\/\/diarioellabrador.cl\/index.php\/2026\/03\/10\/pesar-por-fallecimiento-de-vendedor-ambulante-de-avenida-manso\/#breadcrumb"},"inLanguage":"es","potentialAction":[{"@type":"ReadAction","target":["https:\/\/diarioellabrador.cl\/index.php\/2026\/03\/10\/pesar-por-fallecimiento-de-vendedor-ambulante-de-avenida-manso\/"]}]},{"@type":"ImageObject","inLanguage":"es","@id":"https:\/\/diarioellabrador.cl\/index.php\/2026\/03\/10\/pesar-por-fallecimiento-de-vendedor-ambulante-de-avenida-manso\/#primaryimage","url":"https:\/\/diarioellabrador.cl\/wp-content\/uploads\/2026\/03\/Pesar-por-fallecimiento-de-vendedor-ambulante-de-avenida-Manso.jpg","contentUrl":"https:\/\/diarioellabrador.cl\/wp-content\/uploads\/2026\/03\/Pesar-por-fallecimiento-de-vendedor-ambulante-de-avenida-Manso.jpg","width":503,"height":498},{"@type":"BreadcrumbList","@id":"https:\/\/diarioellabrador.cl\/index.php\/2026\/03\/10\/pesar-por-fallecimiento-de-vendedor-ambulante-de-avenida-manso\/#breadcrumb","itemListElement":[{"@type":"ListItem","position":1,"name":"Portada","item":"https:\/\/diarioellabrador.cl\/"},{"@type":"ListItem","position":2,"name":"Pesar por fallecimiento de vendedor ambulante de avenida Manso"}]},{"@type":"WebSite","@id":"https:\/\/diarioellabrador.cl\/#website","url":"https:\/\/diarioellabrador.cl\/","name":"Diario El Labrador","description":"Haciendo noticia desde 1921","publisher":{"@id":"https:\/\/diarioellabrador.cl\/#organization"},"potentialAction":[{"@type":"SearchAction","target":{"@type":"EntryPoint","urlTemplate":"https:\/\/diarioellabrador.cl\/?s={search_term_string}"},"query-input":{"@type":"PropertyValueSpecification","valueRequired":true,"valueName":"search_term_string"}}],"inLanguage":"es"},{"@type":"Organization","@id":"https:\/\/diarioellabrador.cl\/#organization","name":"Diario El Labrador","url":"https:\/\/diarioellabrador.cl\/","logo":{"@type":"ImageObject","inLanguage":"es","@id":"https:\/\/diarioellabrador.cl\/#\/schema\/logo\/image\/","url":"https:\/\/diarioellabrador.cl\/wp-content\/uploads\/2025\/02\/cropped-Logo-Icono.png","contentUrl":"https:\/\/diarioellabrador.cl\/wp-content\/uploads\/2025\/02\/cropped-Logo-Icono.png","width":512,"height":512,"caption":"Diario El Labrador"},"image":{"@id":"https:\/\/diarioellabrador.cl\/#\/schema\/logo\/image\/"},"sameAs":["https:\/\/web.facebook.com\/profile.php?id=61576120840621","https:\/\/x.com\/ElLabradorOf","https:\/\/www.instagram.com\/diarioellabradoroficial\/"]},{"@type":"Person","@id":"https:\/\/diarioellabrador.cl\/#\/schema\/person\/bc25ff80b4563f9c7f4bd7855df01685","name":"Editor","image":{"@type":"ImageObject","inLanguage":"es","@id":"https:\/\/secure.gravatar.com\/avatar\/109c326cf2be5c04f048c2c2a2b8b6ef44bf3d8d1d3d4c55d0ac40c4bc994684?s=96&d=mm&r=g","url":"https:\/\/secure.gravatar.com\/avatar\/109c326cf2be5c04f048c2c2a2b8b6ef44bf3d8d1d3d4c55d0ac40c4bc994684?s=96&d=mm&r=g","contentUrl":"https:\/\/secure.gravatar.com\/avatar\/109c326cf2be5c04f048c2c2a2b8b6ef44bf3d8d1d3d4c55d0ac40c4bc994684?s=96&d=mm&r=g","caption":"Editor"},"url":"https:\/\/diarioellabrador.cl\/index.php\/author\/editor\/"}]}},"_links":{"self":[{"href":"https:\/\/diarioellabrador.cl\/index.php\/wp-json\/wp\/v2\/posts\/16407","targetHints":{"allow":["GET"]}}],"collection":[{"href":"https:\/\/diarioellabrador.cl\/index.php\/wp-json\/wp\/v2\/posts"}],"about":[{"href":"https:\/\/diarioellabrador.cl\/index.php\/wp-json\/wp\/v2\/types\/post"}],"author":[{"embeddable":true,"href":"https:\/\/diarioellabrador.cl\/index.php\/wp-json\/wp\/v2\/users\/2"}],"replies":[{"embeddable":true,"href":"https:\/\/diarioellabrador.cl\/index.php\/wp-json\/wp\/v2\/comments?post=16407"}],"version-history":[{"count":1,"href":"https:\/\/diarioellabrador.cl\/index.php\/wp-json\/wp\/v2\/posts\/16407\/revisions"}],"predecessor-version":[{"id":16408,"href":"https:\/\/diarioellabrador.cl\/index.php\/wp-json\/wp\/v2\/posts\/16407\/revisions\/16408"}],"wp:featuredmedia":[{"embeddable":true,"href":"https:\/\/diarioellabrador.cl\/index.php\/wp-json\/wp\/v2\/media\/16370"}],"wp:attachment":[{"href":"https:\/\/diarioellabrador.cl\/index.php\/wp-json\/wp\/v2\/media?parent=16407"}],"wp:term":[{"taxonomy":"category","embeddable":true,"href":"https:\/\/diarioellabrador.cl\/index.php\/wp-json\/wp\/v2\/categories?post=16407"},{"taxonomy":"post_tag","embeddable":true,"href":"https:\/\/diarioellabrador.cl\/index.php\/wp-json\/wp\/v2\/tags?post=16407"}],"curies":[{"name":"wp","href":"https:\/\/api.w.org\/{rel}","templated":true}]}}