{"id":16401,"date":"2026-03-10T17:36:51","date_gmt":"2026-03-10T21:36:51","guid":{"rendered":"https:\/\/diarioellabrador.cl\/?p=16401"},"modified":"2026-03-10T17:36:53","modified_gmt":"2026-03-10T21:36:53","slug":"establecen-nueva-mesa-provincial-de-fomento-productivo-y-turismo","status":"publish","type":"post","link":"https:\/\/diarioellabrador.cl\/index.php\/2026\/03\/10\/establecen-nueva-mesa-provincial-de-fomento-productivo-y-turismo\/","title":{"rendered":"Establecen nueva Mesa Provincial de Fomento Productivo y Turismo"},"content":{"rendered":"\n<ul class=\"wp-block-list\">\n<li><strong>La instancia fue organizada por Delegaci\u00f3n Presidencial Provincial de Melipilla, participando diversos servicios p\u00fablicos, privados y equipos de fomento productivo de los cinco municipios del territorio.<\/strong><\/li>\n<\/ul>\n\n\n\n<p>En dependencias de Delegaci\u00f3n Presidencial Provincial de Melipilla se desarroll\u00f3 una nueva Mesa Provincial de Fomento Productivo y Turismo, instancia que fue encabezada por el Delegado Provincial, Basti\u00e1n Alarc\u00f3n, oportunidad en la cual se efectu\u00f3 un balance del trabajo de la mesa, as\u00ed tambi\u00e9n se hizo un reconocimiento especial a una de las funcionarias m\u00e1s antiguas de la mesa, Patricia Jorquera de FOSIS, que pr\u00f3ximamente jubilar\u00e1, cerrando 34 a\u00f1os de trayectoria laboral.<\/p>\n\n\n\n<p>El delegado provincial de Melipilla, Basti\u00e1n Alarc\u00f3n, agradeci\u00f3 la permanente disposici\u00f3n de los municipios y servicios p\u00fablicos que son parte de la mesa, as\u00ed tambi\u00e9n el apoyo del sector privado que ha estado siempre disponible para ejecutar de manera conjunta diversas actividades en apoyo a las y los emprendedores del territorio.<\/p>\n\n\n\n<p>\u201cTuvimos, lo que es para m\u00ed, la \u00faltima participaci\u00f3n en la Mesa de Fomento Productivo, pero que esperamos sea una mesa de trabajo permanente con las autoridades entrantes. En la instancia resumimos lo que fue el trabajo de este a\u00f1o tres meses en que estuve como delegado, donde pudimos trabajar junto a los municipios y todos los servicios p\u00fablicos de Gobierno que trabajan en la Mesa de Fomento Productivo, abriendo las puertas a privados, como Mall Espacio Urbano de Melipilla\u201d.<\/p>\n\n\n\n<p>En esta l\u00ednea, destac\u00f3 que la instancia sirvi\u00f3 para brindar adem\u00e1s un homenaje a Patricia Jorquera, encargada de FOSIS de Melipilla, \u201cquien inyecta energ\u00eda a la Mesa de Fomento Productivo, que desde el a\u00f1o 1992 trabaja en la Provincia de Melipilla, es decir, 34 a\u00f1os donde ha abarcado generaciones de mujeres y emprendimientos, y que este a\u00f1o jubila. Por tanto, no quise desaprovechar la oportunidad para poder entregar una medalla de honor, de nuestro h\u00e9roe melipillano Ignacio Serrano, como agradecimiento que tenemos todos los funcionarios p\u00fablicos y las comunidades por el gran trabajo que ha desempe\u00f1ado en estos 34 a\u00f1os\u201d.<\/p>\n\n\n\n<p>Por su parte, Patricia Jorquera, profesional FOSIS de la provincia, agradeci\u00f3 el apoyo en estos a\u00f1os de trabajo, as\u00ed tambi\u00e9n el galard\u00f3n entregado por la autoridad provincial.<\/p>\n\n\n\n<p>&nbsp;\u201cRescatar, se\u00f1alar y validar el rol que juega la Mesa de Fomento Productivo que la componen los cinco municipios a trav\u00e9s de los encargados de Fomento de las municipalidades de la provincia, todos los servicios p\u00fablicos que trabajamos en el \u00e1mbito productivo. Yo creo que esta mesa es un ejemplo para todos los territorios de la Regi\u00f3n Metropolitana, porque&nbsp; hemos logrado, m\u00e1s all\u00e1 de poder coordinar y complementar, es tambi\u00e9n fortalecer las pol\u00edticas p\u00fablicas que van sin duda alguna en beneficio de los peque\u00f1os, medianos emprendedoras y emprendedores de las distintas comunas, a trav\u00e9s de toda la gran bolsa que nosotros tenemos los servicios con las ofertas program\u00e1ticas que nos permiten seguir apoyando de mejor manera al desarrollo econ\u00f3mico local a trav\u00e9s de los emprendedores\u201d.<\/p>\n\n\n\n<p>Destacar que la Mesa de Fomento Productivo de Delegaci\u00f3n Presidencial Provincial de Melipilla ha sido un espacio estrat\u00e9gico de colaboraci\u00f3n p\u00fablico-privada dentro del territorio, la cual ha logrado avances significativos en distintos \u00e1mbitos productivos, tur\u00edsticos y de inclusi\u00f3n, fortaleciendo la econom\u00eda provincial y promoviendo la autonom\u00eda econ\u00f3mica de mujeres y grupos vulnerables.<\/p>\n","protected":false},"excerpt":{"rendered":"<p>En dependencias de Delegaci\u00f3n Presidencial Provincial de Melipilla se desarroll\u00f3 una nueva Mesa Provincial de Fomento Productivo y Turismo, instancia que fue encabezada por el Delegado Provincial, Basti\u00e1n Alarc\u00f3n, oportunidad en la cual se efectu\u00f3 un balance del trabajo de la mesa, as\u00ed tambi\u00e9n se hizo un reconocimiento especial a una de las funcionarias m\u00e1s<\/p>\n<div class=\"read-more-wrapper\"><a class=\"read-more\" href=\"https:\/\/diarioellabrador.cl\/index.php\/2026\/03\/10\/establecen-nueva-mesa-provincial-de-fomento-productivo-y-turismo\/\" title=\"Leer m\u00e1s\"> <span class=\"button \">Leer m\u00e1s<\/span><\/a><\/div>\n","protected":false},"author":2,"featured_media":16365,"comment_status":"open","ping_status":"open","sticky":false,"template":"","format":"standard","meta":{"footnotes":""},"categories":[1],"tags":[],"class_list":["post-16401","post","type-post","status-publish","format-standard","has-post-thumbnail","hentry","category-cronica"],"yoast_head":"<!-- This site is optimized with the Yoast SEO plugin v27.5 - https:\/\/yoast.com\/product\/yoast-seo-wordpress\/ -->\n<title>Establecen nueva Mesa Provincial de Fomento Productivo y Turismo - Diario El Labrador<\/title>\n<meta name=\"robots\" content=\"index, follow, max-snippet:-1, max-image-preview:large, max-video-preview:-1\" \/>\n<link rel=\"canonical\" href=\"https:\/\/diarioellabrador.cl\/index.php\/2026\/03\/10\/establecen-nueva-mesa-provincial-de-fomento-productivo-y-turismo\/\" \/>\n<meta property=\"og:locale\" content=\"es_ES\" \/>\n<meta property=\"og:type\" content=\"article\" \/>\n<meta property=\"og:title\" content=\"Establecen nueva Mesa Provincial de Fomento Productivo y Turismo - Diario El Labrador\" \/>\n<meta property=\"og:description\" content=\"En dependencias de Delegaci\u00f3n Presidencial Provincial de Melipilla se desarroll\u00f3 una nueva Mesa Provincial de Fomento Productivo y Turismo, instancia que fue encabezada por el Delegado Provincial, Basti\u00e1n Alarc\u00f3n, oportunidad en la cual se efectu\u00f3 un balance del trabajo de la mesa, as\u00ed tambi\u00e9n se hizo un reconocimiento especial a una de las funcionarias m\u00e1s Leer m\u00e1s\" \/>\n<meta property=\"og:url\" content=\"https:\/\/diarioellabrador.cl\/index.php\/2026\/03\/10\/establecen-nueva-mesa-provincial-de-fomento-productivo-y-turismo\/\" \/>\n<meta property=\"og:site_name\" content=\"Diario El Labrador\" \/>\n<meta property=\"article:publisher\" content=\"https:\/\/web.facebook.com\/profile.php?id=61576120840621\" \/>\n<meta property=\"article:published_time\" content=\"2026-03-10T21:36:51+00:00\" \/>\n<meta property=\"article:modified_time\" content=\"2026-03-10T21:36:53+00:00\" \/>\n<meta property=\"og:image\" content=\"https:\/\/diarioellabrador.cl\/wp-content\/uploads\/2026\/03\/Establecen-nueva-Mesa-Provincial-de-Fomento-Productivo-y-Turismo-1-scaled.jpeg\" \/>\n\t<meta property=\"og:image:width\" content=\"2560\" \/>\n\t<meta property=\"og:image:height\" content=\"1920\" \/>\n\t<meta property=\"og:image:type\" content=\"image\/jpeg\" \/>\n<meta name=\"author\" content=\"Editor\" \/>\n<meta name=\"twitter:card\" content=\"summary_large_image\" \/>\n<meta name=\"twitter:creator\" content=\"@ElLabradorOf\" \/>\n<meta name=\"twitter:site\" content=\"@ElLabradorOf\" \/>\n<meta name=\"twitter:label1\" content=\"Escrito por\" \/>\n\t<meta name=\"twitter:data1\" content=\"Editor\" \/>\n\t<meta name=\"twitter:label2\" content=\"Tiempo de lectura\" \/>\n\t<meta name=\"twitter:data2\" content=\"3 minutos\" \/>\n<script type=\"application\/ld+json\" class=\"yoast-schema-graph\">{\"@context\":\"https:\\\/\\\/schema.org\",\"@graph\":[{\"@type\":\"Article\",\"@id\":\"https:\\\/\\\/diarioellabrador.cl\\\/index.php\\\/2026\\\/03\\\/10\\\/establecen-nueva-mesa-provincial-de-fomento-productivo-y-turismo\\\/#article\",\"isPartOf\":{\"@id\":\"https:\\\/\\\/diarioellabrador.cl\\\/index.php\\\/2026\\\/03\\\/10\\\/establecen-nueva-mesa-provincial-de-fomento-productivo-y-turismo\\\/\"},\"author\":{\"name\":\"Editor\",\"@id\":\"https:\\\/\\\/diarioellabrador.cl\\\/#\\\/schema\\\/person\\\/bc25ff80b4563f9c7f4bd7855df01685\"},\"headline\":\"Establecen nueva Mesa Provincial de Fomento Productivo y Turismo\",\"datePublished\":\"2026-03-10T21:36:51+00:00\",\"dateModified\":\"2026-03-10T21:36:53+00:00\",\"mainEntityOfPage\":{\"@id\":\"https:\\\/\\\/diarioellabrador.cl\\\/index.php\\\/2026\\\/03\\\/10\\\/establecen-nueva-mesa-provincial-de-fomento-productivo-y-turismo\\\/\"},\"wordCount\":592,\"commentCount\":0,\"publisher\":{\"@id\":\"https:\\\/\\\/diarioellabrador.cl\\\/#organization\"},\"image\":{\"@id\":\"https:\\\/\\\/diarioellabrador.cl\\\/index.php\\\/2026\\\/03\\\/10\\\/establecen-nueva-mesa-provincial-de-fomento-productivo-y-turismo\\\/#primaryimage\"},\"thumbnailUrl\":\"https:\\\/\\\/diarioellabrador.cl\\\/wp-content\\\/uploads\\\/2026\\\/03\\\/Establecen-nueva-Mesa-Provincial-de-Fomento-Productivo-y-Turismo-1-scaled.jpeg\",\"articleSection\":[\"Cr\u00f3nica\"],\"inLanguage\":\"es\",\"potentialAction\":[{\"@type\":\"CommentAction\",\"name\":\"Comment\",\"target\":[\"https:\\\/\\\/diarioellabrador.cl\\\/index.php\\\/2026\\\/03\\\/10\\\/establecen-nueva-mesa-provincial-de-fomento-productivo-y-turismo\\\/#respond\"]}]},{\"@type\":\"WebPage\",\"@id\":\"https:\\\/\\\/diarioellabrador.cl\\\/index.php\\\/2026\\\/03\\\/10\\\/establecen-nueva-mesa-provincial-de-fomento-productivo-y-turismo\\\/\",\"url\":\"https:\\\/\\\/diarioellabrador.cl\\\/index.php\\\/2026\\\/03\\\/10\\\/establecen-nueva-mesa-provincial-de-fomento-productivo-y-turismo\\\/\",\"name\":\"Establecen nueva Mesa Provincial de Fomento Productivo y Turismo - Diario El Labrador\",\"isPartOf\":{\"@id\":\"https:\\\/\\\/diarioellabrador.cl\\\/#website\"},\"primaryImageOfPage\":{\"@id\":\"https:\\\/\\\/diarioellabrador.cl\\\/index.php\\\/2026\\\/03\\\/10\\\/establecen-nueva-mesa-provincial-de-fomento-productivo-y-turismo\\\/#primaryimage\"},\"image\":{\"@id\":\"https:\\\/\\\/diarioellabrador.cl\\\/index.php\\\/2026\\\/03\\\/10\\\/establecen-nueva-mesa-provincial-de-fomento-productivo-y-turismo\\\/#primaryimage\"},\"thumbnailUrl\":\"https:\\\/\\\/diarioellabrador.cl\\\/wp-content\\\/uploads\\\/2026\\\/03\\\/Establecen-nueva-Mesa-Provincial-de-Fomento-Productivo-y-Turismo-1-scaled.jpeg\",\"datePublished\":\"2026-03-10T21:36:51+00:00\",\"dateModified\":\"2026-03-10T21:36:53+00:00\",\"breadcrumb\":{\"@id\":\"https:\\\/\\\/diarioellabrador.cl\\\/index.php\\\/2026\\\/03\\\/10\\\/establecen-nueva-mesa-provincial-de-fomento-productivo-y-turismo\\\/#breadcrumb\"},\"inLanguage\":\"es\",\"potentialAction\":[{\"@type\":\"ReadAction\",\"target\":[\"https:\\\/\\\/diarioellabrador.cl\\\/index.php\\\/2026\\\/03\\\/10\\\/establecen-nueva-mesa-provincial-de-fomento-productivo-y-turismo\\\/\"]}]},{\"@type\":\"ImageObject\",\"inLanguage\":\"es\",\"@id\":\"https:\\\/\\\/diarioellabrador.cl\\\/index.php\\\/2026\\\/03\\\/10\\\/establecen-nueva-mesa-provincial-de-fomento-productivo-y-turismo\\\/#primaryimage\",\"url\":\"https:\\\/\\\/diarioellabrador.cl\\\/wp-content\\\/uploads\\\/2026\\\/03\\\/Establecen-nueva-Mesa-Provincial-de-Fomento-Productivo-y-Turismo-1-scaled.jpeg\",\"contentUrl\":\"https:\\\/\\\/diarioellabrador.cl\\\/wp-content\\\/uploads\\\/2026\\\/03\\\/Establecen-nueva-Mesa-Provincial-de-Fomento-Productivo-y-Turismo-1-scaled.jpeg\",\"width\":2560,\"height\":1920},{\"@type\":\"BreadcrumbList\",\"@id\":\"https:\\\/\\\/diarioellabrador.cl\\\/index.php\\\/2026\\\/03\\\/10\\\/establecen-nueva-mesa-provincial-de-fomento-productivo-y-turismo\\\/#breadcrumb\",\"itemListElement\":[{\"@type\":\"ListItem\",\"position\":1,\"name\":\"Portada\",\"item\":\"https:\\\/\\\/diarioellabrador.cl\\\/\"},{\"@type\":\"ListItem\",\"position\":2,\"name\":\"Establecen nueva Mesa Provincial de Fomento Productivo y Turismo\"}]},{\"@type\":\"WebSite\",\"@id\":\"https:\\\/\\\/diarioellabrador.cl\\\/#website\",\"url\":\"https:\\\/\\\/diarioellabrador.cl\\\/\",\"name\":\"Diario El Labrador\",\"description\":\"Haciendo noticia desde 1921\",\"publisher\":{\"@id\":\"https:\\\/\\\/diarioellabrador.cl\\\/#organization\"},\"potentialAction\":[{\"@type\":\"SearchAction\",\"target\":{\"@type\":\"EntryPoint\",\"urlTemplate\":\"https:\\\/\\\/diarioellabrador.cl\\\/?s={search_term_string}\"},\"query-input\":{\"@type\":\"PropertyValueSpecification\",\"valueRequired\":true,\"valueName\":\"search_term_string\"}}],\"inLanguage\":\"es\"},{\"@type\":\"Organization\",\"@id\":\"https:\\\/\\\/diarioellabrador.cl\\\/#organization\",\"name\":\"Diario El Labrador\",\"url\":\"https:\\\/\\\/diarioellabrador.cl\\\/\",\"logo\":{\"@type\":\"ImageObject\",\"inLanguage\":\"es\",\"@id\":\"https:\\\/\\\/diarioellabrador.cl\\\/#\\\/schema\\\/logo\\\/image\\\/\",\"url\":\"https:\\\/\\\/diarioellabrador.cl\\\/wp-content\\\/uploads\\\/2025\\\/02\\\/cropped-Logo-Icono.png\",\"contentUrl\":\"https:\\\/\\\/diarioellabrador.cl\\\/wp-content\\\/uploads\\\/2025\\\/02\\\/cropped-Logo-Icono.png\",\"width\":512,\"height\":512,\"caption\":\"Diario El Labrador\"},\"image\":{\"@id\":\"https:\\\/\\\/diarioellabrador.cl\\\/#\\\/schema\\\/logo\\\/image\\\/\"},\"sameAs\":[\"https:\\\/\\\/web.facebook.com\\\/profile.php?id=61576120840621\",\"https:\\\/\\\/x.com\\\/ElLabradorOf\",\"https:\\\/\\\/www.instagram.com\\\/diarioellabradoroficial\\\/\"]},{\"@type\":\"Person\",\"@id\":\"https:\\\/\\\/diarioellabrador.cl\\\/#\\\/schema\\\/person\\\/bc25ff80b4563f9c7f4bd7855df01685\",\"name\":\"Editor\",\"image\":{\"@type\":\"ImageObject\",\"inLanguage\":\"es\",\"@id\":\"https:\\\/\\\/secure.gravatar.com\\\/avatar\\\/109c326cf2be5c04f048c2c2a2b8b6ef44bf3d8d1d3d4c55d0ac40c4bc994684?s=96&d=mm&r=g\",\"url\":\"https:\\\/\\\/secure.gravatar.com\\\/avatar\\\/109c326cf2be5c04f048c2c2a2b8b6ef44bf3d8d1d3d4c55d0ac40c4bc994684?s=96&d=mm&r=g\",\"contentUrl\":\"https:\\\/\\\/secure.gravatar.com\\\/avatar\\\/109c326cf2be5c04f048c2c2a2b8b6ef44bf3d8d1d3d4c55d0ac40c4bc994684?s=96&d=mm&r=g\",\"caption\":\"Editor\"},\"url\":\"https:\\\/\\\/diarioellabrador.cl\\\/index.php\\\/author\\\/editor\\\/\"}]}<\/script>\n<!-- \/ Yoast SEO plugin. -->","yoast_head_json":{"title":"Establecen nueva Mesa Provincial de Fomento Productivo y Turismo - Diario El Labrador","robots":{"index":"index","follow":"follow","max-snippet":"max-snippet:-1","max-image-preview":"max-image-preview:large","max-video-preview":"max-video-preview:-1"},"canonical":"https:\/\/diarioellabrador.cl\/index.php\/2026\/03\/10\/establecen-nueva-mesa-provincial-de-fomento-productivo-y-turismo\/","og_locale":"es_ES","og_type":"article","og_title":"Establecen nueva Mesa Provincial de Fomento Productivo y Turismo - Diario El Labrador","og_description":"En dependencias de Delegaci\u00f3n Presidencial Provincial de Melipilla se desarroll\u00f3 una nueva Mesa Provincial de Fomento Productivo y Turismo, instancia que fue encabezada por el Delegado Provincial, Basti\u00e1n Alarc\u00f3n, oportunidad en la cual se efectu\u00f3 un balance del trabajo de la mesa, as\u00ed tambi\u00e9n se hizo un reconocimiento especial a una de las funcionarias m\u00e1s Leer m\u00e1s","og_url":"https:\/\/diarioellabrador.cl\/index.php\/2026\/03\/10\/establecen-nueva-mesa-provincial-de-fomento-productivo-y-turismo\/","og_site_name":"Diario El Labrador","article_publisher":"https:\/\/web.facebook.com\/profile.php?id=61576120840621","article_published_time":"2026-03-10T21:36:51+00:00","article_modified_time":"2026-03-10T21:36:53+00:00","og_image":[{"width":2560,"height":1920,"url":"https:\/\/diarioellabrador.cl\/wp-content\/uploads\/2026\/03\/Establecen-nueva-Mesa-Provincial-de-Fomento-Productivo-y-Turismo-1-scaled.jpeg","type":"image\/jpeg"}],"author":"Editor","twitter_card":"summary_large_image","twitter_creator":"@ElLabradorOf","twitter_site":"@ElLabradorOf","twitter_misc":{"Escrito por":"Editor","Tiempo de lectura":"3 minutos"},"schema":{"@context":"https:\/\/schema.org","@graph":[{"@type":"Article","@id":"https:\/\/diarioellabrador.cl\/index.php\/2026\/03\/10\/establecen-nueva-mesa-provincial-de-fomento-productivo-y-turismo\/#article","isPartOf":{"@id":"https:\/\/diarioellabrador.cl\/index.php\/2026\/03\/10\/establecen-nueva-mesa-provincial-de-fomento-productivo-y-turismo\/"},"author":{"name":"Editor","@id":"https:\/\/diarioellabrador.cl\/#\/schema\/person\/bc25ff80b4563f9c7f4bd7855df01685"},"headline":"Establecen nueva Mesa Provincial de Fomento Productivo y Turismo","datePublished":"2026-03-10T21:36:51+00:00","dateModified":"2026-03-10T21:36:53+00:00","mainEntityOfPage":{"@id":"https:\/\/diarioellabrador.cl\/index.php\/2026\/03\/10\/establecen-nueva-mesa-provincial-de-fomento-productivo-y-turismo\/"},"wordCount":592,"commentCount":0,"publisher":{"@id":"https:\/\/diarioellabrador.cl\/#organization"},"image":{"@id":"https:\/\/diarioellabrador.cl\/index.php\/2026\/03\/10\/establecen-nueva-mesa-provincial-de-fomento-productivo-y-turismo\/#primaryimage"},"thumbnailUrl":"https:\/\/diarioellabrador.cl\/wp-content\/uploads\/2026\/03\/Establecen-nueva-Mesa-Provincial-de-Fomento-Productivo-y-Turismo-1-scaled.jpeg","articleSection":["Cr\u00f3nica"],"inLanguage":"es","potentialAction":[{"@type":"CommentAction","name":"Comment","target":["https:\/\/diarioellabrador.cl\/index.php\/2026\/03\/10\/establecen-nueva-mesa-provincial-de-fomento-productivo-y-turismo\/#respond"]}]},{"@type":"WebPage","@id":"https:\/\/diarioellabrador.cl\/index.php\/2026\/03\/10\/establecen-nueva-mesa-provincial-de-fomento-productivo-y-turismo\/","url":"https:\/\/diarioellabrador.cl\/index.php\/2026\/03\/10\/establecen-nueva-mesa-provincial-de-fomento-productivo-y-turismo\/","name":"Establecen nueva Mesa Provincial de Fomento Productivo y Turismo - Diario El Labrador","isPartOf":{"@id":"https:\/\/diarioellabrador.cl\/#website"},"primaryImageOfPage":{"@id":"https:\/\/diarioellabrador.cl\/index.php\/2026\/03\/10\/establecen-nueva-mesa-provincial-de-fomento-productivo-y-turismo\/#primaryimage"},"image":{"@id":"https:\/\/diarioellabrador.cl\/index.php\/2026\/03\/10\/establecen-nueva-mesa-provincial-de-fomento-productivo-y-turismo\/#primaryimage"},"thumbnailUrl":"https:\/\/diarioellabrador.cl\/wp-content\/uploads\/2026\/03\/Establecen-nueva-Mesa-Provincial-de-Fomento-Productivo-y-Turismo-1-scaled.jpeg","datePublished":"2026-03-10T21:36:51+00:00","dateModified":"2026-03-10T21:36:53+00:00","breadcrumb":{"@id":"https:\/\/diarioellabrador.cl\/index.php\/2026\/03\/10\/establecen-nueva-mesa-provincial-de-fomento-productivo-y-turismo\/#breadcrumb"},"inLanguage":"es","potentialAction":[{"@type":"ReadAction","target":["https:\/\/diarioellabrador.cl\/index.php\/2026\/03\/10\/establecen-nueva-mesa-provincial-de-fomento-productivo-y-turismo\/"]}]},{"@type":"ImageObject","inLanguage":"es","@id":"https:\/\/diarioellabrador.cl\/index.php\/2026\/03\/10\/establecen-nueva-mesa-provincial-de-fomento-productivo-y-turismo\/#primaryimage","url":"https:\/\/diarioellabrador.cl\/wp-content\/uploads\/2026\/03\/Establecen-nueva-Mesa-Provincial-de-Fomento-Productivo-y-Turismo-1-scaled.jpeg","contentUrl":"https:\/\/diarioellabrador.cl\/wp-content\/uploads\/2026\/03\/Establecen-nueva-Mesa-Provincial-de-Fomento-Productivo-y-Turismo-1-scaled.jpeg","width":2560,"height":1920},{"@type":"BreadcrumbList","@id":"https:\/\/diarioellabrador.cl\/index.php\/2026\/03\/10\/establecen-nueva-mesa-provincial-de-fomento-productivo-y-turismo\/#breadcrumb","itemListElement":[{"@type":"ListItem","position":1,"name":"Portada","item":"https:\/\/diarioellabrador.cl\/"},{"@type":"ListItem","position":2,"name":"Establecen nueva Mesa Provincial de Fomento Productivo y Turismo"}]},{"@type":"WebSite","@id":"https:\/\/diarioellabrador.cl\/#website","url":"https:\/\/diarioellabrador.cl\/","name":"Diario El Labrador","description":"Haciendo noticia desde 1921","publisher":{"@id":"https:\/\/diarioellabrador.cl\/#organization"},"potentialAction":[{"@type":"SearchAction","target":{"@type":"EntryPoint","urlTemplate":"https:\/\/diarioellabrador.cl\/?s={search_term_string}"},"query-input":{"@type":"PropertyValueSpecification","valueRequired":true,"valueName":"search_term_string"}}],"inLanguage":"es"},{"@type":"Organization","@id":"https:\/\/diarioellabrador.cl\/#organization","name":"Diario El Labrador","url":"https:\/\/diarioellabrador.cl\/","logo":{"@type":"ImageObject","inLanguage":"es","@id":"https:\/\/diarioellabrador.cl\/#\/schema\/logo\/image\/","url":"https:\/\/diarioellabrador.cl\/wp-content\/uploads\/2025\/02\/cropped-Logo-Icono.png","contentUrl":"https:\/\/diarioellabrador.cl\/wp-content\/uploads\/2025\/02\/cropped-Logo-Icono.png","width":512,"height":512,"caption":"Diario El Labrador"},"image":{"@id":"https:\/\/diarioellabrador.cl\/#\/schema\/logo\/image\/"},"sameAs":["https:\/\/web.facebook.com\/profile.php?id=61576120840621","https:\/\/x.com\/ElLabradorOf","https:\/\/www.instagram.com\/diarioellabradoroficial\/"]},{"@type":"Person","@id":"https:\/\/diarioellabrador.cl\/#\/schema\/person\/bc25ff80b4563f9c7f4bd7855df01685","name":"Editor","image":{"@type":"ImageObject","inLanguage":"es","@id":"https:\/\/secure.gravatar.com\/avatar\/109c326cf2be5c04f048c2c2a2b8b6ef44bf3d8d1d3d4c55d0ac40c4bc994684?s=96&d=mm&r=g","url":"https:\/\/secure.gravatar.com\/avatar\/109c326cf2be5c04f048c2c2a2b8b6ef44bf3d8d1d3d4c55d0ac40c4bc994684?s=96&d=mm&r=g","contentUrl":"https:\/\/secure.gravatar.com\/avatar\/109c326cf2be5c04f048c2c2a2b8b6ef44bf3d8d1d3d4c55d0ac40c4bc994684?s=96&d=mm&r=g","caption":"Editor"},"url":"https:\/\/diarioellabrador.cl\/index.php\/author\/editor\/"}]}},"_links":{"self":[{"href":"https:\/\/diarioellabrador.cl\/index.php\/wp-json\/wp\/v2\/posts\/16401","targetHints":{"allow":["GET"]}}],"collection":[{"href":"https:\/\/diarioellabrador.cl\/index.php\/wp-json\/wp\/v2\/posts"}],"about":[{"href":"https:\/\/diarioellabrador.cl\/index.php\/wp-json\/wp\/v2\/types\/post"}],"author":[{"embeddable":true,"href":"https:\/\/diarioellabrador.cl\/index.php\/wp-json\/wp\/v2\/users\/2"}],"replies":[{"embeddable":true,"href":"https:\/\/diarioellabrador.cl\/index.php\/wp-json\/wp\/v2\/comments?post=16401"}],"version-history":[{"count":1,"href":"https:\/\/diarioellabrador.cl\/index.php\/wp-json\/wp\/v2\/posts\/16401\/revisions"}],"predecessor-version":[{"id":16402,"href":"https:\/\/diarioellabrador.cl\/index.php\/wp-json\/wp\/v2\/posts\/16401\/revisions\/16402"}],"wp:featuredmedia":[{"embeddable":true,"href":"https:\/\/diarioellabrador.cl\/index.php\/wp-json\/wp\/v2\/media\/16365"}],"wp:attachment":[{"href":"https:\/\/diarioellabrador.cl\/index.php\/wp-json\/wp\/v2\/media?parent=16401"}],"wp:term":[{"taxonomy":"category","embeddable":true,"href":"https:\/\/diarioellabrador.cl\/index.php\/wp-json\/wp\/v2\/categories?post=16401"},{"taxonomy":"post_tag","embeddable":true,"href":"https:\/\/diarioellabrador.cl\/index.php\/wp-json\/wp\/v2\/tags?post=16401"}],"curies":[{"name":"wp","href":"https:\/\/api.w.org\/{rel}","templated":true}]}}