{"id":16395,"date":"2026-03-10T17:35:03","date_gmt":"2026-03-10T21:35:03","guid":{"rendered":"https:\/\/diarioellabrador.cl\/?p=16395"},"modified":"2026-03-10T17:35:05","modified_gmt":"2026-03-10T21:35:05","slug":"pdi-realiza-operativo-al-interior-de-parcela-en-rapel-por-maltrato-animal","status":"publish","type":"post","link":"https:\/\/diarioellabrador.cl\/index.php\/2026\/03\/10\/pdi-realiza-operativo-al-interior-de-parcela-en-rapel-por-maltrato-animal\/","title":{"rendered":"PDI realiza operativo al interior de parcela en Rapel por maltrato animal"},"content":{"rendered":"\n<p>Esta semana, funcionarios de la Brigada Investigadora de Delitos Contra la Salud P\u00fablica y Medio Ambiente (BRIDESMA) de la Polic\u00eda de Investigaciones (PDI), se encontraron con una macabra escena tras una denuncia por maltrato animal que los llev\u00f3 hasta un predio rural en Rapel, en la regi\u00f3n de O&#8217;Higgins.<\/p>\n\n\n\n<p>Una vaca muerta, en estado de descomposici\u00f3n y dispuesta para el alimento de perros fue parte de lo que se encontraron los efectivos que llegaron hasta el lugar.<\/p>\n\n\n\n<p>\u201cEl olor es peor que un matadero, porque est\u00e1 a pleno sol\u00bb, expres\u00f3 Catalina Cuadra, abogada de la Fundaci\u00f3n Nora.<\/p>\n\n\n\n<p>El due\u00f1o de la parcela, tras ser informado de una denuncia, accedi\u00f3 en forma voluntaria a autorizar el ingreso de los agentes de la PDI, quienes se encontraron con la escena, sumado a la presencia de perros encadenados, fam\u00e9licos y en deplorables condiciones.<\/p>\n\n\n\n<p>El hombre fue detenido por el delito de maltrato animal, quedando posteriormente libre mientras dure la investigaci\u00f3n que se extender\u00e1 por 120 d\u00edas.<\/p>\n","protected":false},"excerpt":{"rendered":"<p>Esta semana, funcionarios de la Brigada Investigadora de Delitos Contra la Salud P\u00fablica y Medio Ambiente (BRIDESMA) de la Polic\u00eda de Investigaciones (PDI), se encontraron con una macabra escena tras una denuncia por maltrato animal que los llev\u00f3 hasta un predio rural en Rapel, en la regi\u00f3n de O&#8217;Higgins. Una vaca muerta, en estado de<\/p>\n<div class=\"read-more-wrapper\"><a class=\"read-more\" href=\"https:\/\/diarioellabrador.cl\/index.php\/2026\/03\/10\/pdi-realiza-operativo-al-interior-de-parcela-en-rapel-por-maltrato-animal\/\" title=\"Leer m\u00e1s\"> <span class=\"button \">Leer m\u00e1s<\/span><\/a><\/div>\n","protected":false},"author":2,"featured_media":16373,"comment_status":"open","ping_status":"open","sticky":false,"template":"","format":"standard","meta":{"footnotes":""},"categories":[3],"tags":[],"class_list":["post-16395","post","type-post","status-publish","format-standard","has-post-thumbnail","hentry","category-policial"],"yoast_head":"<!-- This site is optimized with the Yoast SEO plugin v27.5 - https:\/\/yoast.com\/product\/yoast-seo-wordpress\/ -->\n<title>PDI realiza operativo al interior de parcela en Rapel por maltrato animal - Diario El Labrador<\/title>\n<meta name=\"robots\" content=\"index, follow, max-snippet:-1, max-image-preview:large, max-video-preview:-1\" \/>\n<link rel=\"canonical\" href=\"https:\/\/diarioellabrador.cl\/index.php\/2026\/03\/10\/pdi-realiza-operativo-al-interior-de-parcela-en-rapel-por-maltrato-animal\/\" \/>\n<meta property=\"og:locale\" content=\"es_ES\" \/>\n<meta property=\"og:type\" content=\"article\" \/>\n<meta property=\"og:title\" content=\"PDI realiza operativo al interior de parcela en Rapel por maltrato animal - Diario El Labrador\" \/>\n<meta property=\"og:description\" content=\"Esta semana, funcionarios de la Brigada Investigadora de Delitos Contra la Salud P\u00fablica y Medio Ambiente (BRIDESMA) de la Polic\u00eda de Investigaciones (PDI), se encontraron con una macabra escena tras una denuncia por maltrato animal que los llev\u00f3 hasta un predio rural en Rapel, en la regi\u00f3n de O&#8217;Higgins. Una vaca muerta, en estado de Leer m\u00e1s\" \/>\n<meta property=\"og:url\" content=\"https:\/\/diarioellabrador.cl\/index.php\/2026\/03\/10\/pdi-realiza-operativo-al-interior-de-parcela-en-rapel-por-maltrato-animal\/\" \/>\n<meta property=\"og:site_name\" content=\"Diario El Labrador\" \/>\n<meta property=\"article:publisher\" content=\"https:\/\/web.facebook.com\/profile.php?id=61576120840621\" \/>\n<meta property=\"article:published_time\" content=\"2026-03-10T21:35:03+00:00\" \/>\n<meta property=\"article:modified_time\" content=\"2026-03-10T21:35:05+00:00\" \/>\n<meta property=\"og:image\" content=\"https:\/\/diarioellabrador.cl\/wp-content\/uploads\/2026\/03\/PDI-realiza-operativo-al-interior-de-parcela-en-Rapel-por-maltrato-animal-1.png\" \/>\n\t<meta property=\"og:image:width\" content=\"1022\" \/>\n\t<meta property=\"og:image:height\" content=\"732\" \/>\n\t<meta property=\"og:image:type\" content=\"image\/png\" \/>\n<meta name=\"author\" content=\"Editor\" \/>\n<meta name=\"twitter:card\" content=\"summary_large_image\" \/>\n<meta name=\"twitter:creator\" content=\"@ElLabradorOf\" \/>\n<meta name=\"twitter:site\" content=\"@ElLabradorOf\" \/>\n<meta name=\"twitter:label1\" content=\"Escrito por\" \/>\n\t<meta name=\"twitter:data1\" content=\"Editor\" \/>\n\t<meta name=\"twitter:label2\" content=\"Tiempo de lectura\" \/>\n\t<meta name=\"twitter:data2\" content=\"1 minuto\" \/>\n<script type=\"application\/ld+json\" class=\"yoast-schema-graph\">{\"@context\":\"https:\\\/\\\/schema.org\",\"@graph\":[{\"@type\":\"Article\",\"@id\":\"https:\\\/\\\/diarioellabrador.cl\\\/index.php\\\/2026\\\/03\\\/10\\\/pdi-realiza-operativo-al-interior-de-parcela-en-rapel-por-maltrato-animal\\\/#article\",\"isPartOf\":{\"@id\":\"https:\\\/\\\/diarioellabrador.cl\\\/index.php\\\/2026\\\/03\\\/10\\\/pdi-realiza-operativo-al-interior-de-parcela-en-rapel-por-maltrato-animal\\\/\"},\"author\":{\"name\":\"Editor\",\"@id\":\"https:\\\/\\\/diarioellabrador.cl\\\/#\\\/schema\\\/person\\\/bc25ff80b4563f9c7f4bd7855df01685\"},\"headline\":\"PDI realiza operativo al interior de parcela en Rapel por maltrato animal\",\"datePublished\":\"2026-03-10T21:35:03+00:00\",\"dateModified\":\"2026-03-10T21:35:05+00:00\",\"mainEntityOfPage\":{\"@id\":\"https:\\\/\\\/diarioellabrador.cl\\\/index.php\\\/2026\\\/03\\\/10\\\/pdi-realiza-operativo-al-interior-de-parcela-en-rapel-por-maltrato-animal\\\/\"},\"wordCount\":184,\"commentCount\":0,\"publisher\":{\"@id\":\"https:\\\/\\\/diarioellabrador.cl\\\/#organization\"},\"image\":{\"@id\":\"https:\\\/\\\/diarioellabrador.cl\\\/index.php\\\/2026\\\/03\\\/10\\\/pdi-realiza-operativo-al-interior-de-parcela-en-rapel-por-maltrato-animal\\\/#primaryimage\"},\"thumbnailUrl\":\"https:\\\/\\\/diarioellabrador.cl\\\/wp-content\\\/uploads\\\/2026\\\/03\\\/PDI-realiza-operativo-al-interior-de-parcela-en-Rapel-por-maltrato-animal-1.png\",\"articleSection\":[\"Policial\"],\"inLanguage\":\"es\",\"potentialAction\":[{\"@type\":\"CommentAction\",\"name\":\"Comment\",\"target\":[\"https:\\\/\\\/diarioellabrador.cl\\\/index.php\\\/2026\\\/03\\\/10\\\/pdi-realiza-operativo-al-interior-de-parcela-en-rapel-por-maltrato-animal\\\/#respond\"]}]},{\"@type\":\"WebPage\",\"@id\":\"https:\\\/\\\/diarioellabrador.cl\\\/index.php\\\/2026\\\/03\\\/10\\\/pdi-realiza-operativo-al-interior-de-parcela-en-rapel-por-maltrato-animal\\\/\",\"url\":\"https:\\\/\\\/diarioellabrador.cl\\\/index.php\\\/2026\\\/03\\\/10\\\/pdi-realiza-operativo-al-interior-de-parcela-en-rapel-por-maltrato-animal\\\/\",\"name\":\"PDI realiza operativo al interior de parcela en Rapel por maltrato animal - Diario El Labrador\",\"isPartOf\":{\"@id\":\"https:\\\/\\\/diarioellabrador.cl\\\/#website\"},\"primaryImageOfPage\":{\"@id\":\"https:\\\/\\\/diarioellabrador.cl\\\/index.php\\\/2026\\\/03\\\/10\\\/pdi-realiza-operativo-al-interior-de-parcela-en-rapel-por-maltrato-animal\\\/#primaryimage\"},\"image\":{\"@id\":\"https:\\\/\\\/diarioellabrador.cl\\\/index.php\\\/2026\\\/03\\\/10\\\/pdi-realiza-operativo-al-interior-de-parcela-en-rapel-por-maltrato-animal\\\/#primaryimage\"},\"thumbnailUrl\":\"https:\\\/\\\/diarioellabrador.cl\\\/wp-content\\\/uploads\\\/2026\\\/03\\\/PDI-realiza-operativo-al-interior-de-parcela-en-Rapel-por-maltrato-animal-1.png\",\"datePublished\":\"2026-03-10T21:35:03+00:00\",\"dateModified\":\"2026-03-10T21:35:05+00:00\",\"breadcrumb\":{\"@id\":\"https:\\\/\\\/diarioellabrador.cl\\\/index.php\\\/2026\\\/03\\\/10\\\/pdi-realiza-operativo-al-interior-de-parcela-en-rapel-por-maltrato-animal\\\/#breadcrumb\"},\"inLanguage\":\"es\",\"potentialAction\":[{\"@type\":\"ReadAction\",\"target\":[\"https:\\\/\\\/diarioellabrador.cl\\\/index.php\\\/2026\\\/03\\\/10\\\/pdi-realiza-operativo-al-interior-de-parcela-en-rapel-por-maltrato-animal\\\/\"]}]},{\"@type\":\"ImageObject\",\"inLanguage\":\"es\",\"@id\":\"https:\\\/\\\/diarioellabrador.cl\\\/index.php\\\/2026\\\/03\\\/10\\\/pdi-realiza-operativo-al-interior-de-parcela-en-rapel-por-maltrato-animal\\\/#primaryimage\",\"url\":\"https:\\\/\\\/diarioellabrador.cl\\\/wp-content\\\/uploads\\\/2026\\\/03\\\/PDI-realiza-operativo-al-interior-de-parcela-en-Rapel-por-maltrato-animal-1.png\",\"contentUrl\":\"https:\\\/\\\/diarioellabrador.cl\\\/wp-content\\\/uploads\\\/2026\\\/03\\\/PDI-realiza-operativo-al-interior-de-parcela-en-Rapel-por-maltrato-animal-1.png\",\"width\":1022,\"height\":732},{\"@type\":\"BreadcrumbList\",\"@id\":\"https:\\\/\\\/diarioellabrador.cl\\\/index.php\\\/2026\\\/03\\\/10\\\/pdi-realiza-operativo-al-interior-de-parcela-en-rapel-por-maltrato-animal\\\/#breadcrumb\",\"itemListElement\":[{\"@type\":\"ListItem\",\"position\":1,\"name\":\"Portada\",\"item\":\"https:\\\/\\\/diarioellabrador.cl\\\/\"},{\"@type\":\"ListItem\",\"position\":2,\"name\":\"PDI realiza operativo al interior de parcela en Rapel por maltrato animal\"}]},{\"@type\":\"WebSite\",\"@id\":\"https:\\\/\\\/diarioellabrador.cl\\\/#website\",\"url\":\"https:\\\/\\\/diarioellabrador.cl\\\/\",\"name\":\"Diario El Labrador\",\"description\":\"Haciendo noticia desde 1921\",\"publisher\":{\"@id\":\"https:\\\/\\\/diarioellabrador.cl\\\/#organization\"},\"potentialAction\":[{\"@type\":\"SearchAction\",\"target\":{\"@type\":\"EntryPoint\",\"urlTemplate\":\"https:\\\/\\\/diarioellabrador.cl\\\/?s={search_term_string}\"},\"query-input\":{\"@type\":\"PropertyValueSpecification\",\"valueRequired\":true,\"valueName\":\"search_term_string\"}}],\"inLanguage\":\"es\"},{\"@type\":\"Organization\",\"@id\":\"https:\\\/\\\/diarioellabrador.cl\\\/#organization\",\"name\":\"Diario El Labrador\",\"url\":\"https:\\\/\\\/diarioellabrador.cl\\\/\",\"logo\":{\"@type\":\"ImageObject\",\"inLanguage\":\"es\",\"@id\":\"https:\\\/\\\/diarioellabrador.cl\\\/#\\\/schema\\\/logo\\\/image\\\/\",\"url\":\"https:\\\/\\\/diarioellabrador.cl\\\/wp-content\\\/uploads\\\/2025\\\/02\\\/cropped-Logo-Icono.png\",\"contentUrl\":\"https:\\\/\\\/diarioellabrador.cl\\\/wp-content\\\/uploads\\\/2025\\\/02\\\/cropped-Logo-Icono.png\",\"width\":512,\"height\":512,\"caption\":\"Diario El Labrador\"},\"image\":{\"@id\":\"https:\\\/\\\/diarioellabrador.cl\\\/#\\\/schema\\\/logo\\\/image\\\/\"},\"sameAs\":[\"https:\\\/\\\/web.facebook.com\\\/profile.php?id=61576120840621\",\"https:\\\/\\\/x.com\\\/ElLabradorOf\",\"https:\\\/\\\/www.instagram.com\\\/diarioellabradoroficial\\\/\"]},{\"@type\":\"Person\",\"@id\":\"https:\\\/\\\/diarioellabrador.cl\\\/#\\\/schema\\\/person\\\/bc25ff80b4563f9c7f4bd7855df01685\",\"name\":\"Editor\",\"image\":{\"@type\":\"ImageObject\",\"inLanguage\":\"es\",\"@id\":\"https:\\\/\\\/secure.gravatar.com\\\/avatar\\\/109c326cf2be5c04f048c2c2a2b8b6ef44bf3d8d1d3d4c55d0ac40c4bc994684?s=96&d=mm&r=g\",\"url\":\"https:\\\/\\\/secure.gravatar.com\\\/avatar\\\/109c326cf2be5c04f048c2c2a2b8b6ef44bf3d8d1d3d4c55d0ac40c4bc994684?s=96&d=mm&r=g\",\"contentUrl\":\"https:\\\/\\\/secure.gravatar.com\\\/avatar\\\/109c326cf2be5c04f048c2c2a2b8b6ef44bf3d8d1d3d4c55d0ac40c4bc994684?s=96&d=mm&r=g\",\"caption\":\"Editor\"},\"url\":\"https:\\\/\\\/diarioellabrador.cl\\\/index.php\\\/author\\\/editor\\\/\"}]}<\/script>\n<!-- \/ Yoast SEO plugin. -->","yoast_head_json":{"title":"PDI realiza operativo al interior de parcela en Rapel por maltrato animal - Diario El Labrador","robots":{"index":"index","follow":"follow","max-snippet":"max-snippet:-1","max-image-preview":"max-image-preview:large","max-video-preview":"max-video-preview:-1"},"canonical":"https:\/\/diarioellabrador.cl\/index.php\/2026\/03\/10\/pdi-realiza-operativo-al-interior-de-parcela-en-rapel-por-maltrato-animal\/","og_locale":"es_ES","og_type":"article","og_title":"PDI realiza operativo al interior de parcela en Rapel por maltrato animal - Diario El Labrador","og_description":"Esta semana, funcionarios de la Brigada Investigadora de Delitos Contra la Salud P\u00fablica y Medio Ambiente (BRIDESMA) de la Polic\u00eda de Investigaciones (PDI), se encontraron con una macabra escena tras una denuncia por maltrato animal que los llev\u00f3 hasta un predio rural en Rapel, en la regi\u00f3n de O&#8217;Higgins. Una vaca muerta, en estado de Leer m\u00e1s","og_url":"https:\/\/diarioellabrador.cl\/index.php\/2026\/03\/10\/pdi-realiza-operativo-al-interior-de-parcela-en-rapel-por-maltrato-animal\/","og_site_name":"Diario El Labrador","article_publisher":"https:\/\/web.facebook.com\/profile.php?id=61576120840621","article_published_time":"2026-03-10T21:35:03+00:00","article_modified_time":"2026-03-10T21:35:05+00:00","og_image":[{"width":1022,"height":732,"url":"https:\/\/diarioellabrador.cl\/wp-content\/uploads\/2026\/03\/PDI-realiza-operativo-al-interior-de-parcela-en-Rapel-por-maltrato-animal-1.png","type":"image\/png"}],"author":"Editor","twitter_card":"summary_large_image","twitter_creator":"@ElLabradorOf","twitter_site":"@ElLabradorOf","twitter_misc":{"Escrito por":"Editor","Tiempo de lectura":"1 minuto"},"schema":{"@context":"https:\/\/schema.org","@graph":[{"@type":"Article","@id":"https:\/\/diarioellabrador.cl\/index.php\/2026\/03\/10\/pdi-realiza-operativo-al-interior-de-parcela-en-rapel-por-maltrato-animal\/#article","isPartOf":{"@id":"https:\/\/diarioellabrador.cl\/index.php\/2026\/03\/10\/pdi-realiza-operativo-al-interior-de-parcela-en-rapel-por-maltrato-animal\/"},"author":{"name":"Editor","@id":"https:\/\/diarioellabrador.cl\/#\/schema\/person\/bc25ff80b4563f9c7f4bd7855df01685"},"headline":"PDI realiza operativo al interior de parcela en Rapel por maltrato animal","datePublished":"2026-03-10T21:35:03+00:00","dateModified":"2026-03-10T21:35:05+00:00","mainEntityOfPage":{"@id":"https:\/\/diarioellabrador.cl\/index.php\/2026\/03\/10\/pdi-realiza-operativo-al-interior-de-parcela-en-rapel-por-maltrato-animal\/"},"wordCount":184,"commentCount":0,"publisher":{"@id":"https:\/\/diarioellabrador.cl\/#organization"},"image":{"@id":"https:\/\/diarioellabrador.cl\/index.php\/2026\/03\/10\/pdi-realiza-operativo-al-interior-de-parcela-en-rapel-por-maltrato-animal\/#primaryimage"},"thumbnailUrl":"https:\/\/diarioellabrador.cl\/wp-content\/uploads\/2026\/03\/PDI-realiza-operativo-al-interior-de-parcela-en-Rapel-por-maltrato-animal-1.png","articleSection":["Policial"],"inLanguage":"es","potentialAction":[{"@type":"CommentAction","name":"Comment","target":["https:\/\/diarioellabrador.cl\/index.php\/2026\/03\/10\/pdi-realiza-operativo-al-interior-de-parcela-en-rapel-por-maltrato-animal\/#respond"]}]},{"@type":"WebPage","@id":"https:\/\/diarioellabrador.cl\/index.php\/2026\/03\/10\/pdi-realiza-operativo-al-interior-de-parcela-en-rapel-por-maltrato-animal\/","url":"https:\/\/diarioellabrador.cl\/index.php\/2026\/03\/10\/pdi-realiza-operativo-al-interior-de-parcela-en-rapel-por-maltrato-animal\/","name":"PDI realiza operativo al interior de parcela en Rapel por maltrato animal - Diario El Labrador","isPartOf":{"@id":"https:\/\/diarioellabrador.cl\/#website"},"primaryImageOfPage":{"@id":"https:\/\/diarioellabrador.cl\/index.php\/2026\/03\/10\/pdi-realiza-operativo-al-interior-de-parcela-en-rapel-por-maltrato-animal\/#primaryimage"},"image":{"@id":"https:\/\/diarioellabrador.cl\/index.php\/2026\/03\/10\/pdi-realiza-operativo-al-interior-de-parcela-en-rapel-por-maltrato-animal\/#primaryimage"},"thumbnailUrl":"https:\/\/diarioellabrador.cl\/wp-content\/uploads\/2026\/03\/PDI-realiza-operativo-al-interior-de-parcela-en-Rapel-por-maltrato-animal-1.png","datePublished":"2026-03-10T21:35:03+00:00","dateModified":"2026-03-10T21:35:05+00:00","breadcrumb":{"@id":"https:\/\/diarioellabrador.cl\/index.php\/2026\/03\/10\/pdi-realiza-operativo-al-interior-de-parcela-en-rapel-por-maltrato-animal\/#breadcrumb"},"inLanguage":"es","potentialAction":[{"@type":"ReadAction","target":["https:\/\/diarioellabrador.cl\/index.php\/2026\/03\/10\/pdi-realiza-operativo-al-interior-de-parcela-en-rapel-por-maltrato-animal\/"]}]},{"@type":"ImageObject","inLanguage":"es","@id":"https:\/\/diarioellabrador.cl\/index.php\/2026\/03\/10\/pdi-realiza-operativo-al-interior-de-parcela-en-rapel-por-maltrato-animal\/#primaryimage","url":"https:\/\/diarioellabrador.cl\/wp-content\/uploads\/2026\/03\/PDI-realiza-operativo-al-interior-de-parcela-en-Rapel-por-maltrato-animal-1.png","contentUrl":"https:\/\/diarioellabrador.cl\/wp-content\/uploads\/2026\/03\/PDI-realiza-operativo-al-interior-de-parcela-en-Rapel-por-maltrato-animal-1.png","width":1022,"height":732},{"@type":"BreadcrumbList","@id":"https:\/\/diarioellabrador.cl\/index.php\/2026\/03\/10\/pdi-realiza-operativo-al-interior-de-parcela-en-rapel-por-maltrato-animal\/#breadcrumb","itemListElement":[{"@type":"ListItem","position":1,"name":"Portada","item":"https:\/\/diarioellabrador.cl\/"},{"@type":"ListItem","position":2,"name":"PDI realiza operativo al interior de parcela en Rapel por maltrato animal"}]},{"@type":"WebSite","@id":"https:\/\/diarioellabrador.cl\/#website","url":"https:\/\/diarioellabrador.cl\/","name":"Diario El Labrador","description":"Haciendo noticia desde 1921","publisher":{"@id":"https:\/\/diarioellabrador.cl\/#organization"},"potentialAction":[{"@type":"SearchAction","target":{"@type":"EntryPoint","urlTemplate":"https:\/\/diarioellabrador.cl\/?s={search_term_string}"},"query-input":{"@type":"PropertyValueSpecification","valueRequired":true,"valueName":"search_term_string"}}],"inLanguage":"es"},{"@type":"Organization","@id":"https:\/\/diarioellabrador.cl\/#organization","name":"Diario El Labrador","url":"https:\/\/diarioellabrador.cl\/","logo":{"@type":"ImageObject","inLanguage":"es","@id":"https:\/\/diarioellabrador.cl\/#\/schema\/logo\/image\/","url":"https:\/\/diarioellabrador.cl\/wp-content\/uploads\/2025\/02\/cropped-Logo-Icono.png","contentUrl":"https:\/\/diarioellabrador.cl\/wp-content\/uploads\/2025\/02\/cropped-Logo-Icono.png","width":512,"height":512,"caption":"Diario El Labrador"},"image":{"@id":"https:\/\/diarioellabrador.cl\/#\/schema\/logo\/image\/"},"sameAs":["https:\/\/web.facebook.com\/profile.php?id=61576120840621","https:\/\/x.com\/ElLabradorOf","https:\/\/www.instagram.com\/diarioellabradoroficial\/"]},{"@type":"Person","@id":"https:\/\/diarioellabrador.cl\/#\/schema\/person\/bc25ff80b4563f9c7f4bd7855df01685","name":"Editor","image":{"@type":"ImageObject","inLanguage":"es","@id":"https:\/\/secure.gravatar.com\/avatar\/109c326cf2be5c04f048c2c2a2b8b6ef44bf3d8d1d3d4c55d0ac40c4bc994684?s=96&d=mm&r=g","url":"https:\/\/secure.gravatar.com\/avatar\/109c326cf2be5c04f048c2c2a2b8b6ef44bf3d8d1d3d4c55d0ac40c4bc994684?s=96&d=mm&r=g","contentUrl":"https:\/\/secure.gravatar.com\/avatar\/109c326cf2be5c04f048c2c2a2b8b6ef44bf3d8d1d3d4c55d0ac40c4bc994684?s=96&d=mm&r=g","caption":"Editor"},"url":"https:\/\/diarioellabrador.cl\/index.php\/author\/editor\/"}]}},"_links":{"self":[{"href":"https:\/\/diarioellabrador.cl\/index.php\/wp-json\/wp\/v2\/posts\/16395","targetHints":{"allow":["GET"]}}],"collection":[{"href":"https:\/\/diarioellabrador.cl\/index.php\/wp-json\/wp\/v2\/posts"}],"about":[{"href":"https:\/\/diarioellabrador.cl\/index.php\/wp-json\/wp\/v2\/types\/post"}],"author":[{"embeddable":true,"href":"https:\/\/diarioellabrador.cl\/index.php\/wp-json\/wp\/v2\/users\/2"}],"replies":[{"embeddable":true,"href":"https:\/\/diarioellabrador.cl\/index.php\/wp-json\/wp\/v2\/comments?post=16395"}],"version-history":[{"count":1,"href":"https:\/\/diarioellabrador.cl\/index.php\/wp-json\/wp\/v2\/posts\/16395\/revisions"}],"predecessor-version":[{"id":16396,"href":"https:\/\/diarioellabrador.cl\/index.php\/wp-json\/wp\/v2\/posts\/16395\/revisions\/16396"}],"wp:featuredmedia":[{"embeddable":true,"href":"https:\/\/diarioellabrador.cl\/index.php\/wp-json\/wp\/v2\/media\/16373"}],"wp:attachment":[{"href":"https:\/\/diarioellabrador.cl\/index.php\/wp-json\/wp\/v2\/media?parent=16395"}],"wp:term":[{"taxonomy":"category","embeddable":true,"href":"https:\/\/diarioellabrador.cl\/index.php\/wp-json\/wp\/v2\/categories?post=16395"},{"taxonomy":"post_tag","embeddable":true,"href":"https:\/\/diarioellabrador.cl\/index.php\/wp-json\/wp\/v2\/tags?post=16395"}],"curies":[{"name":"wp","href":"https:\/\/api.w.org\/{rel}","templated":true}]}}