{"id":16391,"date":"2026-03-10T17:33:51","date_gmt":"2026-03-10T21:33:51","guid":{"rendered":"https:\/\/diarioellabrador.cl\/?p=16391"},"modified":"2026-03-10T17:33:53","modified_gmt":"2026-03-10T21:33:53","slug":"ladron-que-ingreso-a-una-vivienda-en-el-parque-sustrajo-varias-herramientas","status":"publish","type":"post","link":"https:\/\/diarioellabrador.cl\/index.php\/2026\/03\/10\/ladron-que-ingreso-a-una-vivienda-en-el-parque-sustrajo-varias-herramientas\/","title":{"rendered":"Ladr\u00f3n que ingres\u00f3 a una vivienda en El Parque sustrajo varias herramientas"},"content":{"rendered":"\n<p>En horas de la ma\u00f1ana el due\u00f1o de cada una vivienda ubicada en el pasaje Puangue en la poblaci\u00f3n El Parque se percat\u00f3 que durante el transcurso de la noche hab\u00edan robado diversas especies que se encontraban en el patio del inmueble.<\/p>\n\n\n\n<p>Al hacer una revisi\u00f3n mas exhaustiva verific\u00f3 que se hab\u00edan llevado diversas especies entre las que se encontraban herramientas de jardiner\u00eda como orilladora, corta setos y otras como hidrolavadoras.<\/p>\n\n\n\n<p>El afectado realiz\u00f3 la denuncia a personal de carabineros por el delito de robo en lugar habitado avaluando lo sustra\u00eddo en una suma superior a los seiscientos mil pesos.<\/p>\n","protected":false},"excerpt":{"rendered":"<p>En horas de la ma\u00f1ana el due\u00f1o de cada una vivienda ubicada en el pasaje Puangue en la poblaci\u00f3n El Parque se percat\u00f3 que durante el transcurso de la noche hab\u00edan robado diversas especies que se encontraban en el patio del inmueble. Al hacer una revisi\u00f3n mas exhaustiva verific\u00f3 que se hab\u00edan llevado diversas especies<\/p>\n<div class=\"read-more-wrapper\"><a class=\"read-more\" href=\"https:\/\/diarioellabrador.cl\/index.php\/2026\/03\/10\/ladron-que-ingreso-a-una-vivienda-en-el-parque-sustrajo-varias-herramientas\/\" title=\"Leer m\u00e1s\"> <span class=\"button \">Leer m\u00e1s<\/span><\/a><\/div>\n","protected":false},"author":2,"featured_media":16377,"comment_status":"open","ping_status":"open","sticky":false,"template":"","format":"standard","meta":{"footnotes":""},"categories":[3],"tags":[],"class_list":["post-16391","post","type-post","status-publish","format-standard","has-post-thumbnail","hentry","category-policial"],"yoast_head":"<!-- This site is optimized with the Yoast SEO plugin v27.5 - https:\/\/yoast.com\/product\/yoast-seo-wordpress\/ -->\n<title>Ladr\u00f3n que ingres\u00f3 a una vivienda en El Parque sustrajo varias herramientas - Diario El Labrador<\/title>\n<meta name=\"robots\" content=\"index, follow, max-snippet:-1, max-image-preview:large, max-video-preview:-1\" \/>\n<link rel=\"canonical\" href=\"https:\/\/diarioellabrador.cl\/index.php\/2026\/03\/10\/ladron-que-ingreso-a-una-vivienda-en-el-parque-sustrajo-varias-herramientas\/\" \/>\n<meta property=\"og:locale\" content=\"es_ES\" \/>\n<meta property=\"og:type\" content=\"article\" \/>\n<meta property=\"og:title\" content=\"Ladr\u00f3n que ingres\u00f3 a una vivienda en El Parque sustrajo varias herramientas - Diario El Labrador\" \/>\n<meta property=\"og:description\" content=\"En horas de la ma\u00f1ana el due\u00f1o de cada una vivienda ubicada en el pasaje Puangue en la poblaci\u00f3n El Parque se percat\u00f3 que durante el transcurso de la noche hab\u00edan robado diversas especies que se encontraban en el patio del inmueble. Al hacer una revisi\u00f3n mas exhaustiva verific\u00f3 que se hab\u00edan llevado diversas especies Leer m\u00e1s\" \/>\n<meta property=\"og:url\" content=\"https:\/\/diarioellabrador.cl\/index.php\/2026\/03\/10\/ladron-que-ingreso-a-una-vivienda-en-el-parque-sustrajo-varias-herramientas\/\" \/>\n<meta property=\"og:site_name\" content=\"Diario El Labrador\" \/>\n<meta property=\"article:publisher\" content=\"https:\/\/web.facebook.com\/profile.php?id=61576120840621\" \/>\n<meta property=\"article:published_time\" content=\"2026-03-10T21:33:51+00:00\" \/>\n<meta property=\"article:modified_time\" content=\"2026-03-10T21:33:53+00:00\" \/>\n<meta property=\"og:image\" content=\"https:\/\/diarioellabrador.cl\/wp-content\/uploads\/2026\/03\/Ladron-que-ingreso-a-una-vivienda-en-El-Parque-sustrajo-varias-herramientas.jpg\" \/>\n\t<meta property=\"og:image:width\" content=\"640\" \/>\n\t<meta property=\"og:image:height\" content=\"439\" \/>\n\t<meta property=\"og:image:type\" content=\"image\/jpeg\" \/>\n<meta name=\"author\" content=\"Editor\" \/>\n<meta name=\"twitter:card\" content=\"summary_large_image\" \/>\n<meta name=\"twitter:creator\" content=\"@ElLabradorOf\" \/>\n<meta name=\"twitter:site\" content=\"@ElLabradorOf\" \/>\n<meta name=\"twitter:label1\" content=\"Escrito por\" \/>\n\t<meta name=\"twitter:data1\" content=\"Editor\" \/>\n\t<meta name=\"twitter:label2\" content=\"Tiempo de lectura\" \/>\n\t<meta name=\"twitter:data2\" content=\"1 minuto\" \/>\n<script type=\"application\/ld+json\" class=\"yoast-schema-graph\">{\"@context\":\"https:\\\/\\\/schema.org\",\"@graph\":[{\"@type\":\"Article\",\"@id\":\"https:\\\/\\\/diarioellabrador.cl\\\/index.php\\\/2026\\\/03\\\/10\\\/ladron-que-ingreso-a-una-vivienda-en-el-parque-sustrajo-varias-herramientas\\\/#article\",\"isPartOf\":{\"@id\":\"https:\\\/\\\/diarioellabrador.cl\\\/index.php\\\/2026\\\/03\\\/10\\\/ladron-que-ingreso-a-una-vivienda-en-el-parque-sustrajo-varias-herramientas\\\/\"},\"author\":{\"name\":\"Editor\",\"@id\":\"https:\\\/\\\/diarioellabrador.cl\\\/#\\\/schema\\\/person\\\/bc25ff80b4563f9c7f4bd7855df01685\"},\"headline\":\"Ladr\u00f3n que ingres\u00f3 a una vivienda en El Parque sustrajo varias herramientas\",\"datePublished\":\"2026-03-10T21:33:51+00:00\",\"dateModified\":\"2026-03-10T21:33:53+00:00\",\"mainEntityOfPage\":{\"@id\":\"https:\\\/\\\/diarioellabrador.cl\\\/index.php\\\/2026\\\/03\\\/10\\\/ladron-que-ingreso-a-una-vivienda-en-el-parque-sustrajo-varias-herramientas\\\/\"},\"wordCount\":121,\"commentCount\":0,\"publisher\":{\"@id\":\"https:\\\/\\\/diarioellabrador.cl\\\/#organization\"},\"image\":{\"@id\":\"https:\\\/\\\/diarioellabrador.cl\\\/index.php\\\/2026\\\/03\\\/10\\\/ladron-que-ingreso-a-una-vivienda-en-el-parque-sustrajo-varias-herramientas\\\/#primaryimage\"},\"thumbnailUrl\":\"https:\\\/\\\/diarioellabrador.cl\\\/wp-content\\\/uploads\\\/2026\\\/03\\\/Ladron-que-ingreso-a-una-vivienda-en-El-Parque-sustrajo-varias-herramientas.jpg\",\"articleSection\":[\"Policial\"],\"inLanguage\":\"es\",\"potentialAction\":[{\"@type\":\"CommentAction\",\"name\":\"Comment\",\"target\":[\"https:\\\/\\\/diarioellabrador.cl\\\/index.php\\\/2026\\\/03\\\/10\\\/ladron-que-ingreso-a-una-vivienda-en-el-parque-sustrajo-varias-herramientas\\\/#respond\"]}]},{\"@type\":\"WebPage\",\"@id\":\"https:\\\/\\\/diarioellabrador.cl\\\/index.php\\\/2026\\\/03\\\/10\\\/ladron-que-ingreso-a-una-vivienda-en-el-parque-sustrajo-varias-herramientas\\\/\",\"url\":\"https:\\\/\\\/diarioellabrador.cl\\\/index.php\\\/2026\\\/03\\\/10\\\/ladron-que-ingreso-a-una-vivienda-en-el-parque-sustrajo-varias-herramientas\\\/\",\"name\":\"Ladr\u00f3n que ingres\u00f3 a una vivienda en El Parque sustrajo varias herramientas - Diario El Labrador\",\"isPartOf\":{\"@id\":\"https:\\\/\\\/diarioellabrador.cl\\\/#website\"},\"primaryImageOfPage\":{\"@id\":\"https:\\\/\\\/diarioellabrador.cl\\\/index.php\\\/2026\\\/03\\\/10\\\/ladron-que-ingreso-a-una-vivienda-en-el-parque-sustrajo-varias-herramientas\\\/#primaryimage\"},\"image\":{\"@id\":\"https:\\\/\\\/diarioellabrador.cl\\\/index.php\\\/2026\\\/03\\\/10\\\/ladron-que-ingreso-a-una-vivienda-en-el-parque-sustrajo-varias-herramientas\\\/#primaryimage\"},\"thumbnailUrl\":\"https:\\\/\\\/diarioellabrador.cl\\\/wp-content\\\/uploads\\\/2026\\\/03\\\/Ladron-que-ingreso-a-una-vivienda-en-El-Parque-sustrajo-varias-herramientas.jpg\",\"datePublished\":\"2026-03-10T21:33:51+00:00\",\"dateModified\":\"2026-03-10T21:33:53+00:00\",\"breadcrumb\":{\"@id\":\"https:\\\/\\\/diarioellabrador.cl\\\/index.php\\\/2026\\\/03\\\/10\\\/ladron-que-ingreso-a-una-vivienda-en-el-parque-sustrajo-varias-herramientas\\\/#breadcrumb\"},\"inLanguage\":\"es\",\"potentialAction\":[{\"@type\":\"ReadAction\",\"target\":[\"https:\\\/\\\/diarioellabrador.cl\\\/index.php\\\/2026\\\/03\\\/10\\\/ladron-que-ingreso-a-una-vivienda-en-el-parque-sustrajo-varias-herramientas\\\/\"]}]},{\"@type\":\"ImageObject\",\"inLanguage\":\"es\",\"@id\":\"https:\\\/\\\/diarioellabrador.cl\\\/index.php\\\/2026\\\/03\\\/10\\\/ladron-que-ingreso-a-una-vivienda-en-el-parque-sustrajo-varias-herramientas\\\/#primaryimage\",\"url\":\"https:\\\/\\\/diarioellabrador.cl\\\/wp-content\\\/uploads\\\/2026\\\/03\\\/Ladron-que-ingreso-a-una-vivienda-en-El-Parque-sustrajo-varias-herramientas.jpg\",\"contentUrl\":\"https:\\\/\\\/diarioellabrador.cl\\\/wp-content\\\/uploads\\\/2026\\\/03\\\/Ladron-que-ingreso-a-una-vivienda-en-El-Parque-sustrajo-varias-herramientas.jpg\",\"width\":640,\"height\":439},{\"@type\":\"BreadcrumbList\",\"@id\":\"https:\\\/\\\/diarioellabrador.cl\\\/index.php\\\/2026\\\/03\\\/10\\\/ladron-que-ingreso-a-una-vivienda-en-el-parque-sustrajo-varias-herramientas\\\/#breadcrumb\",\"itemListElement\":[{\"@type\":\"ListItem\",\"position\":1,\"name\":\"Portada\",\"item\":\"https:\\\/\\\/diarioellabrador.cl\\\/\"},{\"@type\":\"ListItem\",\"position\":2,\"name\":\"Ladr\u00f3n que ingres\u00f3 a una vivienda en El Parque sustrajo varias herramientas\"}]},{\"@type\":\"WebSite\",\"@id\":\"https:\\\/\\\/diarioellabrador.cl\\\/#website\",\"url\":\"https:\\\/\\\/diarioellabrador.cl\\\/\",\"name\":\"Diario El Labrador\",\"description\":\"Haciendo noticia desde 1921\",\"publisher\":{\"@id\":\"https:\\\/\\\/diarioellabrador.cl\\\/#organization\"},\"potentialAction\":[{\"@type\":\"SearchAction\",\"target\":{\"@type\":\"EntryPoint\",\"urlTemplate\":\"https:\\\/\\\/diarioellabrador.cl\\\/?s={search_term_string}\"},\"query-input\":{\"@type\":\"PropertyValueSpecification\",\"valueRequired\":true,\"valueName\":\"search_term_string\"}}],\"inLanguage\":\"es\"},{\"@type\":\"Organization\",\"@id\":\"https:\\\/\\\/diarioellabrador.cl\\\/#organization\",\"name\":\"Diario El Labrador\",\"url\":\"https:\\\/\\\/diarioellabrador.cl\\\/\",\"logo\":{\"@type\":\"ImageObject\",\"inLanguage\":\"es\",\"@id\":\"https:\\\/\\\/diarioellabrador.cl\\\/#\\\/schema\\\/logo\\\/image\\\/\",\"url\":\"https:\\\/\\\/diarioellabrador.cl\\\/wp-content\\\/uploads\\\/2025\\\/02\\\/cropped-Logo-Icono.png\",\"contentUrl\":\"https:\\\/\\\/diarioellabrador.cl\\\/wp-content\\\/uploads\\\/2025\\\/02\\\/cropped-Logo-Icono.png\",\"width\":512,\"height\":512,\"caption\":\"Diario El Labrador\"},\"image\":{\"@id\":\"https:\\\/\\\/diarioellabrador.cl\\\/#\\\/schema\\\/logo\\\/image\\\/\"},\"sameAs\":[\"https:\\\/\\\/web.facebook.com\\\/profile.php?id=61576120840621\",\"https:\\\/\\\/x.com\\\/ElLabradorOf\",\"https:\\\/\\\/www.instagram.com\\\/diarioellabradoroficial\\\/\"]},{\"@type\":\"Person\",\"@id\":\"https:\\\/\\\/diarioellabrador.cl\\\/#\\\/schema\\\/person\\\/bc25ff80b4563f9c7f4bd7855df01685\",\"name\":\"Editor\",\"image\":{\"@type\":\"ImageObject\",\"inLanguage\":\"es\",\"@id\":\"https:\\\/\\\/secure.gravatar.com\\\/avatar\\\/109c326cf2be5c04f048c2c2a2b8b6ef44bf3d8d1d3d4c55d0ac40c4bc994684?s=96&d=mm&r=g\",\"url\":\"https:\\\/\\\/secure.gravatar.com\\\/avatar\\\/109c326cf2be5c04f048c2c2a2b8b6ef44bf3d8d1d3d4c55d0ac40c4bc994684?s=96&d=mm&r=g\",\"contentUrl\":\"https:\\\/\\\/secure.gravatar.com\\\/avatar\\\/109c326cf2be5c04f048c2c2a2b8b6ef44bf3d8d1d3d4c55d0ac40c4bc994684?s=96&d=mm&r=g\",\"caption\":\"Editor\"},\"url\":\"https:\\\/\\\/diarioellabrador.cl\\\/index.php\\\/author\\\/editor\\\/\"}]}<\/script>\n<!-- \/ Yoast SEO plugin. -->","yoast_head_json":{"title":"Ladr\u00f3n que ingres\u00f3 a una vivienda en El Parque sustrajo varias herramientas - Diario El Labrador","robots":{"index":"index","follow":"follow","max-snippet":"max-snippet:-1","max-image-preview":"max-image-preview:large","max-video-preview":"max-video-preview:-1"},"canonical":"https:\/\/diarioellabrador.cl\/index.php\/2026\/03\/10\/ladron-que-ingreso-a-una-vivienda-en-el-parque-sustrajo-varias-herramientas\/","og_locale":"es_ES","og_type":"article","og_title":"Ladr\u00f3n que ingres\u00f3 a una vivienda en El Parque sustrajo varias herramientas - Diario El Labrador","og_description":"En horas de la ma\u00f1ana el due\u00f1o de cada una vivienda ubicada en el pasaje Puangue en la poblaci\u00f3n El Parque se percat\u00f3 que durante el transcurso de la noche hab\u00edan robado diversas especies que se encontraban en el patio del inmueble. Al hacer una revisi\u00f3n mas exhaustiva verific\u00f3 que se hab\u00edan llevado diversas especies Leer m\u00e1s","og_url":"https:\/\/diarioellabrador.cl\/index.php\/2026\/03\/10\/ladron-que-ingreso-a-una-vivienda-en-el-parque-sustrajo-varias-herramientas\/","og_site_name":"Diario El Labrador","article_publisher":"https:\/\/web.facebook.com\/profile.php?id=61576120840621","article_published_time":"2026-03-10T21:33:51+00:00","article_modified_time":"2026-03-10T21:33:53+00:00","og_image":[{"width":640,"height":439,"url":"https:\/\/diarioellabrador.cl\/wp-content\/uploads\/2026\/03\/Ladron-que-ingreso-a-una-vivienda-en-El-Parque-sustrajo-varias-herramientas.jpg","type":"image\/jpeg"}],"author":"Editor","twitter_card":"summary_large_image","twitter_creator":"@ElLabradorOf","twitter_site":"@ElLabradorOf","twitter_misc":{"Escrito por":"Editor","Tiempo de lectura":"1 minuto"},"schema":{"@context":"https:\/\/schema.org","@graph":[{"@type":"Article","@id":"https:\/\/diarioellabrador.cl\/index.php\/2026\/03\/10\/ladron-que-ingreso-a-una-vivienda-en-el-parque-sustrajo-varias-herramientas\/#article","isPartOf":{"@id":"https:\/\/diarioellabrador.cl\/index.php\/2026\/03\/10\/ladron-que-ingreso-a-una-vivienda-en-el-parque-sustrajo-varias-herramientas\/"},"author":{"name":"Editor","@id":"https:\/\/diarioellabrador.cl\/#\/schema\/person\/bc25ff80b4563f9c7f4bd7855df01685"},"headline":"Ladr\u00f3n que ingres\u00f3 a una vivienda en El Parque sustrajo varias herramientas","datePublished":"2026-03-10T21:33:51+00:00","dateModified":"2026-03-10T21:33:53+00:00","mainEntityOfPage":{"@id":"https:\/\/diarioellabrador.cl\/index.php\/2026\/03\/10\/ladron-que-ingreso-a-una-vivienda-en-el-parque-sustrajo-varias-herramientas\/"},"wordCount":121,"commentCount":0,"publisher":{"@id":"https:\/\/diarioellabrador.cl\/#organization"},"image":{"@id":"https:\/\/diarioellabrador.cl\/index.php\/2026\/03\/10\/ladron-que-ingreso-a-una-vivienda-en-el-parque-sustrajo-varias-herramientas\/#primaryimage"},"thumbnailUrl":"https:\/\/diarioellabrador.cl\/wp-content\/uploads\/2026\/03\/Ladron-que-ingreso-a-una-vivienda-en-El-Parque-sustrajo-varias-herramientas.jpg","articleSection":["Policial"],"inLanguage":"es","potentialAction":[{"@type":"CommentAction","name":"Comment","target":["https:\/\/diarioellabrador.cl\/index.php\/2026\/03\/10\/ladron-que-ingreso-a-una-vivienda-en-el-parque-sustrajo-varias-herramientas\/#respond"]}]},{"@type":"WebPage","@id":"https:\/\/diarioellabrador.cl\/index.php\/2026\/03\/10\/ladron-que-ingreso-a-una-vivienda-en-el-parque-sustrajo-varias-herramientas\/","url":"https:\/\/diarioellabrador.cl\/index.php\/2026\/03\/10\/ladron-que-ingreso-a-una-vivienda-en-el-parque-sustrajo-varias-herramientas\/","name":"Ladr\u00f3n que ingres\u00f3 a una vivienda en El Parque sustrajo varias herramientas - Diario El Labrador","isPartOf":{"@id":"https:\/\/diarioellabrador.cl\/#website"},"primaryImageOfPage":{"@id":"https:\/\/diarioellabrador.cl\/index.php\/2026\/03\/10\/ladron-que-ingreso-a-una-vivienda-en-el-parque-sustrajo-varias-herramientas\/#primaryimage"},"image":{"@id":"https:\/\/diarioellabrador.cl\/index.php\/2026\/03\/10\/ladron-que-ingreso-a-una-vivienda-en-el-parque-sustrajo-varias-herramientas\/#primaryimage"},"thumbnailUrl":"https:\/\/diarioellabrador.cl\/wp-content\/uploads\/2026\/03\/Ladron-que-ingreso-a-una-vivienda-en-El-Parque-sustrajo-varias-herramientas.jpg","datePublished":"2026-03-10T21:33:51+00:00","dateModified":"2026-03-10T21:33:53+00:00","breadcrumb":{"@id":"https:\/\/diarioellabrador.cl\/index.php\/2026\/03\/10\/ladron-que-ingreso-a-una-vivienda-en-el-parque-sustrajo-varias-herramientas\/#breadcrumb"},"inLanguage":"es","potentialAction":[{"@type":"ReadAction","target":["https:\/\/diarioellabrador.cl\/index.php\/2026\/03\/10\/ladron-que-ingreso-a-una-vivienda-en-el-parque-sustrajo-varias-herramientas\/"]}]},{"@type":"ImageObject","inLanguage":"es","@id":"https:\/\/diarioellabrador.cl\/index.php\/2026\/03\/10\/ladron-que-ingreso-a-una-vivienda-en-el-parque-sustrajo-varias-herramientas\/#primaryimage","url":"https:\/\/diarioellabrador.cl\/wp-content\/uploads\/2026\/03\/Ladron-que-ingreso-a-una-vivienda-en-El-Parque-sustrajo-varias-herramientas.jpg","contentUrl":"https:\/\/diarioellabrador.cl\/wp-content\/uploads\/2026\/03\/Ladron-que-ingreso-a-una-vivienda-en-El-Parque-sustrajo-varias-herramientas.jpg","width":640,"height":439},{"@type":"BreadcrumbList","@id":"https:\/\/diarioellabrador.cl\/index.php\/2026\/03\/10\/ladron-que-ingreso-a-una-vivienda-en-el-parque-sustrajo-varias-herramientas\/#breadcrumb","itemListElement":[{"@type":"ListItem","position":1,"name":"Portada","item":"https:\/\/diarioellabrador.cl\/"},{"@type":"ListItem","position":2,"name":"Ladr\u00f3n que ingres\u00f3 a una vivienda en El Parque sustrajo varias herramientas"}]},{"@type":"WebSite","@id":"https:\/\/diarioellabrador.cl\/#website","url":"https:\/\/diarioellabrador.cl\/","name":"Diario El Labrador","description":"Haciendo noticia desde 1921","publisher":{"@id":"https:\/\/diarioellabrador.cl\/#organization"},"potentialAction":[{"@type":"SearchAction","target":{"@type":"EntryPoint","urlTemplate":"https:\/\/diarioellabrador.cl\/?s={search_term_string}"},"query-input":{"@type":"PropertyValueSpecification","valueRequired":true,"valueName":"search_term_string"}}],"inLanguage":"es"},{"@type":"Organization","@id":"https:\/\/diarioellabrador.cl\/#organization","name":"Diario El Labrador","url":"https:\/\/diarioellabrador.cl\/","logo":{"@type":"ImageObject","inLanguage":"es","@id":"https:\/\/diarioellabrador.cl\/#\/schema\/logo\/image\/","url":"https:\/\/diarioellabrador.cl\/wp-content\/uploads\/2025\/02\/cropped-Logo-Icono.png","contentUrl":"https:\/\/diarioellabrador.cl\/wp-content\/uploads\/2025\/02\/cropped-Logo-Icono.png","width":512,"height":512,"caption":"Diario El Labrador"},"image":{"@id":"https:\/\/diarioellabrador.cl\/#\/schema\/logo\/image\/"},"sameAs":["https:\/\/web.facebook.com\/profile.php?id=61576120840621","https:\/\/x.com\/ElLabradorOf","https:\/\/www.instagram.com\/diarioellabradoroficial\/"]},{"@type":"Person","@id":"https:\/\/diarioellabrador.cl\/#\/schema\/person\/bc25ff80b4563f9c7f4bd7855df01685","name":"Editor","image":{"@type":"ImageObject","inLanguage":"es","@id":"https:\/\/secure.gravatar.com\/avatar\/109c326cf2be5c04f048c2c2a2b8b6ef44bf3d8d1d3d4c55d0ac40c4bc994684?s=96&d=mm&r=g","url":"https:\/\/secure.gravatar.com\/avatar\/109c326cf2be5c04f048c2c2a2b8b6ef44bf3d8d1d3d4c55d0ac40c4bc994684?s=96&d=mm&r=g","contentUrl":"https:\/\/secure.gravatar.com\/avatar\/109c326cf2be5c04f048c2c2a2b8b6ef44bf3d8d1d3d4c55d0ac40c4bc994684?s=96&d=mm&r=g","caption":"Editor"},"url":"https:\/\/diarioellabrador.cl\/index.php\/author\/editor\/"}]}},"_links":{"self":[{"href":"https:\/\/diarioellabrador.cl\/index.php\/wp-json\/wp\/v2\/posts\/16391","targetHints":{"allow":["GET"]}}],"collection":[{"href":"https:\/\/diarioellabrador.cl\/index.php\/wp-json\/wp\/v2\/posts"}],"about":[{"href":"https:\/\/diarioellabrador.cl\/index.php\/wp-json\/wp\/v2\/types\/post"}],"author":[{"embeddable":true,"href":"https:\/\/diarioellabrador.cl\/index.php\/wp-json\/wp\/v2\/users\/2"}],"replies":[{"embeddable":true,"href":"https:\/\/diarioellabrador.cl\/index.php\/wp-json\/wp\/v2\/comments?post=16391"}],"version-history":[{"count":1,"href":"https:\/\/diarioellabrador.cl\/index.php\/wp-json\/wp\/v2\/posts\/16391\/revisions"}],"predecessor-version":[{"id":16392,"href":"https:\/\/diarioellabrador.cl\/index.php\/wp-json\/wp\/v2\/posts\/16391\/revisions\/16392"}],"wp:featuredmedia":[{"embeddable":true,"href":"https:\/\/diarioellabrador.cl\/index.php\/wp-json\/wp\/v2\/media\/16377"}],"wp:attachment":[{"href":"https:\/\/diarioellabrador.cl\/index.php\/wp-json\/wp\/v2\/media?parent=16391"}],"wp:term":[{"taxonomy":"category","embeddable":true,"href":"https:\/\/diarioellabrador.cl\/index.php\/wp-json\/wp\/v2\/categories?post=16391"},{"taxonomy":"post_tag","embeddable":true,"href":"https:\/\/diarioellabrador.cl\/index.php\/wp-json\/wp\/v2\/tags?post=16391"}],"curies":[{"name":"wp","href":"https:\/\/api.w.org\/{rel}","templated":true}]}}