{"id":16387,"date":"2026-03-10T17:32:37","date_gmt":"2026-03-10T21:32:37","guid":{"rendered":"https:\/\/diarioellabrador.cl\/?p=16387"},"modified":"2026-03-10T17:32:40","modified_gmt":"2026-03-10T21:32:40","slug":"fue-detenido-el-conductor-de-camion-que-dejo-cadaver-frente-a-la-casa-de-la-alcaldesa-de-quinta-normal","status":"publish","type":"post","link":"https:\/\/diarioellabrador.cl\/index.php\/2026\/03\/10\/fue-detenido-el-conductor-de-camion-que-dejo-cadaver-frente-a-la-casa-de-la-alcaldesa-de-quinta-normal\/","title":{"rendered":"Fue detenido el conductor de cami\u00f3n que dej\u00f3 cad\u00e1ver frente a la casa de la alcaldesa de Quinta Normal"},"content":{"rendered":"\n<p>Por Johnny Ahumada Sep\u00falveda<\/p>\n\n\n\n<p>En la tarde del d\u00eda lunes la Polic\u00eda de Investigaciones (PDI) detuvo a conductor del cami\u00f3n que trasladaba el cad\u00e1ver de una mujer que fue dejado frente de la casa de la alcaldesa de Quinta Normal, Karina Delfino, el video se hizo viral en redes sociales.<\/p>\n\n\n\n<p>Seg\u00fan fuentes policiales, el detenido corresponde a un hombre de 52 a\u00f1os, quien actualmente permanece recluido al interior de la Brigada de Homicidios Centro Norte.<\/p>\n\n\n\n<p>El video que circula en redes sociales muestra un cami\u00f3n 3\/4 al frente de la calle detenido. El hecho se produjo el s\u00e1bado pasado y quedo registrado en las c\u00e1maras de seguridad del sector.<\/p>\n\n\n\n<p>Posterior a eso, el conductor se baja y se acerca a la zona de carga. En ese momento empez\u00f3 a mover una caja hac\u00eda el borde del cami\u00f3n, donde la puerta trasera estaba abierta, dejando la caja casi colgando.<\/p>\n\n\n\n<p>Tras eso, el hombre da marcha al veh\u00edculo y la caja cae por el movimiento del cami\u00f3n y la apertura de la puerta trasera, todo paso a plena luz del d\u00eda mientras las personas transitaban por el sector.<\/p>\n\n\n\n<p>Sin embargo, el d\u00eda domingo los vecinos de la alcaldesa se percataron que desde la caja se emanaba un fuerte olor, por lo que la alcaldesa solicit\u00f3 que fuese retirada. Cuando llego el cami\u00f3n de basura al domicilio de la alcaldesa, el personal de aseo municipal abri\u00f3 la caja para ver que hab\u00eda en su interior, encontr\u00e1ndose con algo macabro.<\/p>\n\n\n\n<p>Dentro de la caja se encontraba el cuerpo sin vida de una mujer de 26 a\u00f1os de nacionalidad chilena, maniatada de pies y majos, con domicilio en el sector poniente de la Regi\u00f3n Metropolitana. Seg\u00fan fuentes policiales, la victima estaba desaparecida de hace algunos d\u00edas.<\/p>\n\n\n\n<p>La Fiscal\u00eda se\u00f1al\u00f3 que el cad\u00e1ver tenia una data de muerte aproximada de 20 d\u00edas. Mientras las autoridades policiales investigan y hacen las pericias correspondientes, tambi\u00e9n se investiga si el abandono del cuerpo frente al domicilio de la alcaldesa fue intencional o si se trata de solo una coincidencia, ya que la alcaldesa de Quinta Normal asegur\u00f3 no haber recibido alguna amenaza previa.<\/p>\n","protected":false},"excerpt":{"rendered":"<p>Por Johnny Ahumada Sep\u00falveda En la tarde del d\u00eda lunes la Polic\u00eda de Investigaciones (PDI) detuvo a conductor del cami\u00f3n que trasladaba el cad\u00e1ver de una mujer que fue dejado frente de la casa de la alcaldesa de Quinta Normal, Karina Delfino, el video se hizo viral en redes sociales. Seg\u00fan fuentes policiales, el detenido<\/p>\n<div class=\"read-more-wrapper\"><a class=\"read-more\" href=\"https:\/\/diarioellabrador.cl\/index.php\/2026\/03\/10\/fue-detenido-el-conductor-de-camion-que-dejo-cadaver-frente-a-la-casa-de-la-alcaldesa-de-quinta-normal\/\" title=\"Leer m\u00e1s\"> <span class=\"button \">Leer m\u00e1s<\/span><\/a><\/div>\n","protected":false},"author":2,"featured_media":16368,"comment_status":"open","ping_status":"open","sticky":false,"template":"","format":"standard","meta":{"footnotes":""},"categories":[3],"tags":[],"class_list":["post-16387","post","type-post","status-publish","format-standard","has-post-thumbnail","hentry","category-policial"],"yoast_head":"<!-- This site is optimized with the Yoast SEO plugin v27.5 - https:\/\/yoast.com\/product\/yoast-seo-wordpress\/ -->\n<title>Fue detenido el conductor de cami\u00f3n que dej\u00f3 cad\u00e1ver frente a la casa de la alcaldesa de Quinta Normal - Diario El Labrador<\/title>\n<meta name=\"robots\" content=\"index, follow, max-snippet:-1, max-image-preview:large, max-video-preview:-1\" \/>\n<link rel=\"canonical\" href=\"https:\/\/diarioellabrador.cl\/index.php\/2026\/03\/10\/fue-detenido-el-conductor-de-camion-que-dejo-cadaver-frente-a-la-casa-de-la-alcaldesa-de-quinta-normal\/\" \/>\n<meta property=\"og:locale\" content=\"es_ES\" \/>\n<meta property=\"og:type\" content=\"article\" \/>\n<meta property=\"og:title\" content=\"Fue detenido el conductor de cami\u00f3n que dej\u00f3 cad\u00e1ver frente a la casa de la alcaldesa de Quinta Normal - Diario El Labrador\" \/>\n<meta property=\"og:description\" content=\"Por Johnny Ahumada Sep\u00falveda En la tarde del d\u00eda lunes la Polic\u00eda de Investigaciones (PDI) detuvo a conductor del cami\u00f3n que trasladaba el cad\u00e1ver de una mujer que fue dejado frente de la casa de la alcaldesa de Quinta Normal, Karina Delfino, el video se hizo viral en redes sociales. Seg\u00fan fuentes policiales, el detenido Leer m\u00e1s\" \/>\n<meta property=\"og:url\" content=\"https:\/\/diarioellabrador.cl\/index.php\/2026\/03\/10\/fue-detenido-el-conductor-de-camion-que-dejo-cadaver-frente-a-la-casa-de-la-alcaldesa-de-quinta-normal\/\" \/>\n<meta property=\"og:site_name\" content=\"Diario El Labrador\" \/>\n<meta property=\"article:publisher\" content=\"https:\/\/web.facebook.com\/profile.php?id=61576120840621\" \/>\n<meta property=\"article:published_time\" content=\"2026-03-10T21:32:37+00:00\" \/>\n<meta property=\"article:modified_time\" content=\"2026-03-10T21:32:40+00:00\" \/>\n<meta property=\"og:image\" content=\"https:\/\/diarioellabrador.cl\/wp-content\/uploads\/2026\/03\/Fue-detenido-el-conductor-de-camion-que-dejo-cadaver-frente-a-la-casa-de-la-alcaldesa-de-Quinta-Normal.png\" \/>\n\t<meta property=\"og:image:width\" content=\"740\" \/>\n\t<meta property=\"og:image:height\" content=\"430\" \/>\n\t<meta property=\"og:image:type\" content=\"image\/png\" \/>\n<meta name=\"author\" content=\"Editor\" \/>\n<meta name=\"twitter:card\" content=\"summary_large_image\" \/>\n<meta name=\"twitter:creator\" content=\"@ElLabradorOf\" \/>\n<meta name=\"twitter:site\" content=\"@ElLabradorOf\" \/>\n<meta name=\"twitter:label1\" content=\"Escrito por\" \/>\n\t<meta name=\"twitter:data1\" content=\"Editor\" \/>\n\t<meta name=\"twitter:label2\" content=\"Tiempo de lectura\" \/>\n\t<meta name=\"twitter:data2\" content=\"2 minutos\" \/>\n<script type=\"application\/ld+json\" class=\"yoast-schema-graph\">{\"@context\":\"https:\\\/\\\/schema.org\",\"@graph\":[{\"@type\":\"Article\",\"@id\":\"https:\\\/\\\/diarioellabrador.cl\\\/index.php\\\/2026\\\/03\\\/10\\\/fue-detenido-el-conductor-de-camion-que-dejo-cadaver-frente-a-la-casa-de-la-alcaldesa-de-quinta-normal\\\/#article\",\"isPartOf\":{\"@id\":\"https:\\\/\\\/diarioellabrador.cl\\\/index.php\\\/2026\\\/03\\\/10\\\/fue-detenido-el-conductor-de-camion-que-dejo-cadaver-frente-a-la-casa-de-la-alcaldesa-de-quinta-normal\\\/\"},\"author\":{\"name\":\"Editor\",\"@id\":\"https:\\\/\\\/diarioellabrador.cl\\\/#\\\/schema\\\/person\\\/bc25ff80b4563f9c7f4bd7855df01685\"},\"headline\":\"Fue detenido el conductor de cami\u00f3n que dej\u00f3 cad\u00e1ver frente a la casa de la alcaldesa de Quinta Normal\",\"datePublished\":\"2026-03-10T21:32:37+00:00\",\"dateModified\":\"2026-03-10T21:32:40+00:00\",\"mainEntityOfPage\":{\"@id\":\"https:\\\/\\\/diarioellabrador.cl\\\/index.php\\\/2026\\\/03\\\/10\\\/fue-detenido-el-conductor-de-camion-que-dejo-cadaver-frente-a-la-casa-de-la-alcaldesa-de-quinta-normal\\\/\"},\"wordCount\":399,\"commentCount\":0,\"publisher\":{\"@id\":\"https:\\\/\\\/diarioellabrador.cl\\\/#organization\"},\"image\":{\"@id\":\"https:\\\/\\\/diarioellabrador.cl\\\/index.php\\\/2026\\\/03\\\/10\\\/fue-detenido-el-conductor-de-camion-que-dejo-cadaver-frente-a-la-casa-de-la-alcaldesa-de-quinta-normal\\\/#primaryimage\"},\"thumbnailUrl\":\"https:\\\/\\\/diarioellabrador.cl\\\/wp-content\\\/uploads\\\/2026\\\/03\\\/Fue-detenido-el-conductor-de-camion-que-dejo-cadaver-frente-a-la-casa-de-la-alcaldesa-de-Quinta-Normal.png\",\"articleSection\":[\"Policial\"],\"inLanguage\":\"es\",\"potentialAction\":[{\"@type\":\"CommentAction\",\"name\":\"Comment\",\"target\":[\"https:\\\/\\\/diarioellabrador.cl\\\/index.php\\\/2026\\\/03\\\/10\\\/fue-detenido-el-conductor-de-camion-que-dejo-cadaver-frente-a-la-casa-de-la-alcaldesa-de-quinta-normal\\\/#respond\"]}]},{\"@type\":\"WebPage\",\"@id\":\"https:\\\/\\\/diarioellabrador.cl\\\/index.php\\\/2026\\\/03\\\/10\\\/fue-detenido-el-conductor-de-camion-que-dejo-cadaver-frente-a-la-casa-de-la-alcaldesa-de-quinta-normal\\\/\",\"url\":\"https:\\\/\\\/diarioellabrador.cl\\\/index.php\\\/2026\\\/03\\\/10\\\/fue-detenido-el-conductor-de-camion-que-dejo-cadaver-frente-a-la-casa-de-la-alcaldesa-de-quinta-normal\\\/\",\"name\":\"Fue detenido el conductor de cami\u00f3n que dej\u00f3 cad\u00e1ver frente a la casa de la alcaldesa de Quinta Normal - Diario El Labrador\",\"isPartOf\":{\"@id\":\"https:\\\/\\\/diarioellabrador.cl\\\/#website\"},\"primaryImageOfPage\":{\"@id\":\"https:\\\/\\\/diarioellabrador.cl\\\/index.php\\\/2026\\\/03\\\/10\\\/fue-detenido-el-conductor-de-camion-que-dejo-cadaver-frente-a-la-casa-de-la-alcaldesa-de-quinta-normal\\\/#primaryimage\"},\"image\":{\"@id\":\"https:\\\/\\\/diarioellabrador.cl\\\/index.php\\\/2026\\\/03\\\/10\\\/fue-detenido-el-conductor-de-camion-que-dejo-cadaver-frente-a-la-casa-de-la-alcaldesa-de-quinta-normal\\\/#primaryimage\"},\"thumbnailUrl\":\"https:\\\/\\\/diarioellabrador.cl\\\/wp-content\\\/uploads\\\/2026\\\/03\\\/Fue-detenido-el-conductor-de-camion-que-dejo-cadaver-frente-a-la-casa-de-la-alcaldesa-de-Quinta-Normal.png\",\"datePublished\":\"2026-03-10T21:32:37+00:00\",\"dateModified\":\"2026-03-10T21:32:40+00:00\",\"breadcrumb\":{\"@id\":\"https:\\\/\\\/diarioellabrador.cl\\\/index.php\\\/2026\\\/03\\\/10\\\/fue-detenido-el-conductor-de-camion-que-dejo-cadaver-frente-a-la-casa-de-la-alcaldesa-de-quinta-normal\\\/#breadcrumb\"},\"inLanguage\":\"es\",\"potentialAction\":[{\"@type\":\"ReadAction\",\"target\":[\"https:\\\/\\\/diarioellabrador.cl\\\/index.php\\\/2026\\\/03\\\/10\\\/fue-detenido-el-conductor-de-camion-que-dejo-cadaver-frente-a-la-casa-de-la-alcaldesa-de-quinta-normal\\\/\"]}]},{\"@type\":\"ImageObject\",\"inLanguage\":\"es\",\"@id\":\"https:\\\/\\\/diarioellabrador.cl\\\/index.php\\\/2026\\\/03\\\/10\\\/fue-detenido-el-conductor-de-camion-que-dejo-cadaver-frente-a-la-casa-de-la-alcaldesa-de-quinta-normal\\\/#primaryimage\",\"url\":\"https:\\\/\\\/diarioellabrador.cl\\\/wp-content\\\/uploads\\\/2026\\\/03\\\/Fue-detenido-el-conductor-de-camion-que-dejo-cadaver-frente-a-la-casa-de-la-alcaldesa-de-Quinta-Normal.png\",\"contentUrl\":\"https:\\\/\\\/diarioellabrador.cl\\\/wp-content\\\/uploads\\\/2026\\\/03\\\/Fue-detenido-el-conductor-de-camion-que-dejo-cadaver-frente-a-la-casa-de-la-alcaldesa-de-Quinta-Normal.png\",\"width\":740,\"height\":430},{\"@type\":\"BreadcrumbList\",\"@id\":\"https:\\\/\\\/diarioellabrador.cl\\\/index.php\\\/2026\\\/03\\\/10\\\/fue-detenido-el-conductor-de-camion-que-dejo-cadaver-frente-a-la-casa-de-la-alcaldesa-de-quinta-normal\\\/#breadcrumb\",\"itemListElement\":[{\"@type\":\"ListItem\",\"position\":1,\"name\":\"Portada\",\"item\":\"https:\\\/\\\/diarioellabrador.cl\\\/\"},{\"@type\":\"ListItem\",\"position\":2,\"name\":\"Fue detenido el conductor de cami\u00f3n que dej\u00f3 cad\u00e1ver frente a la casa de la alcaldesa de Quinta Normal\"}]},{\"@type\":\"WebSite\",\"@id\":\"https:\\\/\\\/diarioellabrador.cl\\\/#website\",\"url\":\"https:\\\/\\\/diarioellabrador.cl\\\/\",\"name\":\"Diario El Labrador\",\"description\":\"Haciendo noticia desde 1921\",\"publisher\":{\"@id\":\"https:\\\/\\\/diarioellabrador.cl\\\/#organization\"},\"potentialAction\":[{\"@type\":\"SearchAction\",\"target\":{\"@type\":\"EntryPoint\",\"urlTemplate\":\"https:\\\/\\\/diarioellabrador.cl\\\/?s={search_term_string}\"},\"query-input\":{\"@type\":\"PropertyValueSpecification\",\"valueRequired\":true,\"valueName\":\"search_term_string\"}}],\"inLanguage\":\"es\"},{\"@type\":\"Organization\",\"@id\":\"https:\\\/\\\/diarioellabrador.cl\\\/#organization\",\"name\":\"Diario El Labrador\",\"url\":\"https:\\\/\\\/diarioellabrador.cl\\\/\",\"logo\":{\"@type\":\"ImageObject\",\"inLanguage\":\"es\",\"@id\":\"https:\\\/\\\/diarioellabrador.cl\\\/#\\\/schema\\\/logo\\\/image\\\/\",\"url\":\"https:\\\/\\\/diarioellabrador.cl\\\/wp-content\\\/uploads\\\/2025\\\/02\\\/cropped-Logo-Icono.png\",\"contentUrl\":\"https:\\\/\\\/diarioellabrador.cl\\\/wp-content\\\/uploads\\\/2025\\\/02\\\/cropped-Logo-Icono.png\",\"width\":512,\"height\":512,\"caption\":\"Diario El Labrador\"},\"image\":{\"@id\":\"https:\\\/\\\/diarioellabrador.cl\\\/#\\\/schema\\\/logo\\\/image\\\/\"},\"sameAs\":[\"https:\\\/\\\/web.facebook.com\\\/profile.php?id=61576120840621\",\"https:\\\/\\\/x.com\\\/ElLabradorOf\",\"https:\\\/\\\/www.instagram.com\\\/diarioellabradoroficial\\\/\"]},{\"@type\":\"Person\",\"@id\":\"https:\\\/\\\/diarioellabrador.cl\\\/#\\\/schema\\\/person\\\/bc25ff80b4563f9c7f4bd7855df01685\",\"name\":\"Editor\",\"image\":{\"@type\":\"ImageObject\",\"inLanguage\":\"es\",\"@id\":\"https:\\\/\\\/secure.gravatar.com\\\/avatar\\\/109c326cf2be5c04f048c2c2a2b8b6ef44bf3d8d1d3d4c55d0ac40c4bc994684?s=96&d=mm&r=g\",\"url\":\"https:\\\/\\\/secure.gravatar.com\\\/avatar\\\/109c326cf2be5c04f048c2c2a2b8b6ef44bf3d8d1d3d4c55d0ac40c4bc994684?s=96&d=mm&r=g\",\"contentUrl\":\"https:\\\/\\\/secure.gravatar.com\\\/avatar\\\/109c326cf2be5c04f048c2c2a2b8b6ef44bf3d8d1d3d4c55d0ac40c4bc994684?s=96&d=mm&r=g\",\"caption\":\"Editor\"},\"url\":\"https:\\\/\\\/diarioellabrador.cl\\\/index.php\\\/author\\\/editor\\\/\"}]}<\/script>\n<!-- \/ Yoast SEO plugin. -->","yoast_head_json":{"title":"Fue detenido el conductor de cami\u00f3n que dej\u00f3 cad\u00e1ver frente a la casa de la alcaldesa de Quinta Normal - Diario El Labrador","robots":{"index":"index","follow":"follow","max-snippet":"max-snippet:-1","max-image-preview":"max-image-preview:large","max-video-preview":"max-video-preview:-1"},"canonical":"https:\/\/diarioellabrador.cl\/index.php\/2026\/03\/10\/fue-detenido-el-conductor-de-camion-que-dejo-cadaver-frente-a-la-casa-de-la-alcaldesa-de-quinta-normal\/","og_locale":"es_ES","og_type":"article","og_title":"Fue detenido el conductor de cami\u00f3n que dej\u00f3 cad\u00e1ver frente a la casa de la alcaldesa de Quinta Normal - Diario El Labrador","og_description":"Por Johnny Ahumada Sep\u00falveda En la tarde del d\u00eda lunes la Polic\u00eda de Investigaciones (PDI) detuvo a conductor del cami\u00f3n que trasladaba el cad\u00e1ver de una mujer que fue dejado frente de la casa de la alcaldesa de Quinta Normal, Karina Delfino, el video se hizo viral en redes sociales. Seg\u00fan fuentes policiales, el detenido Leer m\u00e1s","og_url":"https:\/\/diarioellabrador.cl\/index.php\/2026\/03\/10\/fue-detenido-el-conductor-de-camion-que-dejo-cadaver-frente-a-la-casa-de-la-alcaldesa-de-quinta-normal\/","og_site_name":"Diario El Labrador","article_publisher":"https:\/\/web.facebook.com\/profile.php?id=61576120840621","article_published_time":"2026-03-10T21:32:37+00:00","article_modified_time":"2026-03-10T21:32:40+00:00","og_image":[{"width":740,"height":430,"url":"https:\/\/diarioellabrador.cl\/wp-content\/uploads\/2026\/03\/Fue-detenido-el-conductor-de-camion-que-dejo-cadaver-frente-a-la-casa-de-la-alcaldesa-de-Quinta-Normal.png","type":"image\/png"}],"author":"Editor","twitter_card":"summary_large_image","twitter_creator":"@ElLabradorOf","twitter_site":"@ElLabradorOf","twitter_misc":{"Escrito por":"Editor","Tiempo de lectura":"2 minutos"},"schema":{"@context":"https:\/\/schema.org","@graph":[{"@type":"Article","@id":"https:\/\/diarioellabrador.cl\/index.php\/2026\/03\/10\/fue-detenido-el-conductor-de-camion-que-dejo-cadaver-frente-a-la-casa-de-la-alcaldesa-de-quinta-normal\/#article","isPartOf":{"@id":"https:\/\/diarioellabrador.cl\/index.php\/2026\/03\/10\/fue-detenido-el-conductor-de-camion-que-dejo-cadaver-frente-a-la-casa-de-la-alcaldesa-de-quinta-normal\/"},"author":{"name":"Editor","@id":"https:\/\/diarioellabrador.cl\/#\/schema\/person\/bc25ff80b4563f9c7f4bd7855df01685"},"headline":"Fue detenido el conductor de cami\u00f3n que dej\u00f3 cad\u00e1ver frente a la casa de la alcaldesa de Quinta Normal","datePublished":"2026-03-10T21:32:37+00:00","dateModified":"2026-03-10T21:32:40+00:00","mainEntityOfPage":{"@id":"https:\/\/diarioellabrador.cl\/index.php\/2026\/03\/10\/fue-detenido-el-conductor-de-camion-que-dejo-cadaver-frente-a-la-casa-de-la-alcaldesa-de-quinta-normal\/"},"wordCount":399,"commentCount":0,"publisher":{"@id":"https:\/\/diarioellabrador.cl\/#organization"},"image":{"@id":"https:\/\/diarioellabrador.cl\/index.php\/2026\/03\/10\/fue-detenido-el-conductor-de-camion-que-dejo-cadaver-frente-a-la-casa-de-la-alcaldesa-de-quinta-normal\/#primaryimage"},"thumbnailUrl":"https:\/\/diarioellabrador.cl\/wp-content\/uploads\/2026\/03\/Fue-detenido-el-conductor-de-camion-que-dejo-cadaver-frente-a-la-casa-de-la-alcaldesa-de-Quinta-Normal.png","articleSection":["Policial"],"inLanguage":"es","potentialAction":[{"@type":"CommentAction","name":"Comment","target":["https:\/\/diarioellabrador.cl\/index.php\/2026\/03\/10\/fue-detenido-el-conductor-de-camion-que-dejo-cadaver-frente-a-la-casa-de-la-alcaldesa-de-quinta-normal\/#respond"]}]},{"@type":"WebPage","@id":"https:\/\/diarioellabrador.cl\/index.php\/2026\/03\/10\/fue-detenido-el-conductor-de-camion-que-dejo-cadaver-frente-a-la-casa-de-la-alcaldesa-de-quinta-normal\/","url":"https:\/\/diarioellabrador.cl\/index.php\/2026\/03\/10\/fue-detenido-el-conductor-de-camion-que-dejo-cadaver-frente-a-la-casa-de-la-alcaldesa-de-quinta-normal\/","name":"Fue detenido el conductor de cami\u00f3n que dej\u00f3 cad\u00e1ver frente a la casa de la alcaldesa de Quinta Normal - Diario El Labrador","isPartOf":{"@id":"https:\/\/diarioellabrador.cl\/#website"},"primaryImageOfPage":{"@id":"https:\/\/diarioellabrador.cl\/index.php\/2026\/03\/10\/fue-detenido-el-conductor-de-camion-que-dejo-cadaver-frente-a-la-casa-de-la-alcaldesa-de-quinta-normal\/#primaryimage"},"image":{"@id":"https:\/\/diarioellabrador.cl\/index.php\/2026\/03\/10\/fue-detenido-el-conductor-de-camion-que-dejo-cadaver-frente-a-la-casa-de-la-alcaldesa-de-quinta-normal\/#primaryimage"},"thumbnailUrl":"https:\/\/diarioellabrador.cl\/wp-content\/uploads\/2026\/03\/Fue-detenido-el-conductor-de-camion-que-dejo-cadaver-frente-a-la-casa-de-la-alcaldesa-de-Quinta-Normal.png","datePublished":"2026-03-10T21:32:37+00:00","dateModified":"2026-03-10T21:32:40+00:00","breadcrumb":{"@id":"https:\/\/diarioellabrador.cl\/index.php\/2026\/03\/10\/fue-detenido-el-conductor-de-camion-que-dejo-cadaver-frente-a-la-casa-de-la-alcaldesa-de-quinta-normal\/#breadcrumb"},"inLanguage":"es","potentialAction":[{"@type":"ReadAction","target":["https:\/\/diarioellabrador.cl\/index.php\/2026\/03\/10\/fue-detenido-el-conductor-de-camion-que-dejo-cadaver-frente-a-la-casa-de-la-alcaldesa-de-quinta-normal\/"]}]},{"@type":"ImageObject","inLanguage":"es","@id":"https:\/\/diarioellabrador.cl\/index.php\/2026\/03\/10\/fue-detenido-el-conductor-de-camion-que-dejo-cadaver-frente-a-la-casa-de-la-alcaldesa-de-quinta-normal\/#primaryimage","url":"https:\/\/diarioellabrador.cl\/wp-content\/uploads\/2026\/03\/Fue-detenido-el-conductor-de-camion-que-dejo-cadaver-frente-a-la-casa-de-la-alcaldesa-de-Quinta-Normal.png","contentUrl":"https:\/\/diarioellabrador.cl\/wp-content\/uploads\/2026\/03\/Fue-detenido-el-conductor-de-camion-que-dejo-cadaver-frente-a-la-casa-de-la-alcaldesa-de-Quinta-Normal.png","width":740,"height":430},{"@type":"BreadcrumbList","@id":"https:\/\/diarioellabrador.cl\/index.php\/2026\/03\/10\/fue-detenido-el-conductor-de-camion-que-dejo-cadaver-frente-a-la-casa-de-la-alcaldesa-de-quinta-normal\/#breadcrumb","itemListElement":[{"@type":"ListItem","position":1,"name":"Portada","item":"https:\/\/diarioellabrador.cl\/"},{"@type":"ListItem","position":2,"name":"Fue detenido el conductor de cami\u00f3n que dej\u00f3 cad\u00e1ver frente a la casa de la alcaldesa de Quinta Normal"}]},{"@type":"WebSite","@id":"https:\/\/diarioellabrador.cl\/#website","url":"https:\/\/diarioellabrador.cl\/","name":"Diario El Labrador","description":"Haciendo noticia desde 1921","publisher":{"@id":"https:\/\/diarioellabrador.cl\/#organization"},"potentialAction":[{"@type":"SearchAction","target":{"@type":"EntryPoint","urlTemplate":"https:\/\/diarioellabrador.cl\/?s={search_term_string}"},"query-input":{"@type":"PropertyValueSpecification","valueRequired":true,"valueName":"search_term_string"}}],"inLanguage":"es"},{"@type":"Organization","@id":"https:\/\/diarioellabrador.cl\/#organization","name":"Diario El Labrador","url":"https:\/\/diarioellabrador.cl\/","logo":{"@type":"ImageObject","inLanguage":"es","@id":"https:\/\/diarioellabrador.cl\/#\/schema\/logo\/image\/","url":"https:\/\/diarioellabrador.cl\/wp-content\/uploads\/2025\/02\/cropped-Logo-Icono.png","contentUrl":"https:\/\/diarioellabrador.cl\/wp-content\/uploads\/2025\/02\/cropped-Logo-Icono.png","width":512,"height":512,"caption":"Diario El Labrador"},"image":{"@id":"https:\/\/diarioellabrador.cl\/#\/schema\/logo\/image\/"},"sameAs":["https:\/\/web.facebook.com\/profile.php?id=61576120840621","https:\/\/x.com\/ElLabradorOf","https:\/\/www.instagram.com\/diarioellabradoroficial\/"]},{"@type":"Person","@id":"https:\/\/diarioellabrador.cl\/#\/schema\/person\/bc25ff80b4563f9c7f4bd7855df01685","name":"Editor","image":{"@type":"ImageObject","inLanguage":"es","@id":"https:\/\/secure.gravatar.com\/avatar\/109c326cf2be5c04f048c2c2a2b8b6ef44bf3d8d1d3d4c55d0ac40c4bc994684?s=96&d=mm&r=g","url":"https:\/\/secure.gravatar.com\/avatar\/109c326cf2be5c04f048c2c2a2b8b6ef44bf3d8d1d3d4c55d0ac40c4bc994684?s=96&d=mm&r=g","contentUrl":"https:\/\/secure.gravatar.com\/avatar\/109c326cf2be5c04f048c2c2a2b8b6ef44bf3d8d1d3d4c55d0ac40c4bc994684?s=96&d=mm&r=g","caption":"Editor"},"url":"https:\/\/diarioellabrador.cl\/index.php\/author\/editor\/"}]}},"_links":{"self":[{"href":"https:\/\/diarioellabrador.cl\/index.php\/wp-json\/wp\/v2\/posts\/16387","targetHints":{"allow":["GET"]}}],"collection":[{"href":"https:\/\/diarioellabrador.cl\/index.php\/wp-json\/wp\/v2\/posts"}],"about":[{"href":"https:\/\/diarioellabrador.cl\/index.php\/wp-json\/wp\/v2\/types\/post"}],"author":[{"embeddable":true,"href":"https:\/\/diarioellabrador.cl\/index.php\/wp-json\/wp\/v2\/users\/2"}],"replies":[{"embeddable":true,"href":"https:\/\/diarioellabrador.cl\/index.php\/wp-json\/wp\/v2\/comments?post=16387"}],"version-history":[{"count":1,"href":"https:\/\/diarioellabrador.cl\/index.php\/wp-json\/wp\/v2\/posts\/16387\/revisions"}],"predecessor-version":[{"id":16388,"href":"https:\/\/diarioellabrador.cl\/index.php\/wp-json\/wp\/v2\/posts\/16387\/revisions\/16388"}],"wp:featuredmedia":[{"embeddable":true,"href":"https:\/\/diarioellabrador.cl\/index.php\/wp-json\/wp\/v2\/media\/16368"}],"wp:attachment":[{"href":"https:\/\/diarioellabrador.cl\/index.php\/wp-json\/wp\/v2\/media?parent=16387"}],"wp:term":[{"taxonomy":"category","embeddable":true,"href":"https:\/\/diarioellabrador.cl\/index.php\/wp-json\/wp\/v2\/categories?post=16387"},{"taxonomy":"post_tag","embeddable":true,"href":"https:\/\/diarioellabrador.cl\/index.php\/wp-json\/wp\/v2\/tags?post=16387"}],"curies":[{"name":"wp","href":"https:\/\/api.w.org\/{rel}","templated":true}]}}