{"id":16385,"date":"2026-03-10T17:31:56","date_gmt":"2026-03-10T21:31:56","guid":{"rendered":"https:\/\/diarioellabrador.cl\/?p=16385"},"modified":"2026-03-10T17:31:58","modified_gmt":"2026-03-10T21:31:58","slug":"incendio-de-gran-magnitud-afecta-a-centrica-ferreteria-que-minutos-antes-habia-sufrido-un-robo","status":"publish","type":"post","link":"https:\/\/diarioellabrador.cl\/index.php\/2026\/03\/10\/incendio-de-gran-magnitud-afecta-a-centrica-ferreteria-que-minutos-antes-habia-sufrido-un-robo\/","title":{"rendered":"Incendio de gran magnitud afecta a c\u00e9ntrica ferreter\u00eda que minutos antes hab\u00eda sufrido un robo"},"content":{"rendered":"\n<p>Alrededor de las 3.30 horas del d\u00eda martes, personal de carabineros fue alertado de personas que estaban merodeando locales comerciales en calle Silva Chavez, al llegar a la numeraci\u00f3n 556 se percataron que las cortinas de una ferreter\u00eda se encontraban entreabiertas y realizaron un patrullaje con la finalidad de ubicar a los presuntos autores.<\/p>\n\n\n\n<p>Fue as\u00ed que en las inmediaciones de Vald\u00e9s con Serrano observaron a una persona con herramientas en sus manos y al ser fiscalizado por los uniformados les indic\u00f3 que se las hab\u00eda encontrado botadas en la calle, al no dar una respuesta coherente fue conducido en el carro policial hasta la ferreter\u00eda.<\/p>\n\n\n\n<p>Al llegar se percataron que desde el interior emanaba humo y por lo mismo se solicit\u00f3 la presencia de personal de bomberos quienes efectuaron un arduo trabajo con segunda alarma incluida para evitar la propagaci\u00f3n de las llamas a los locales comerciales colindantes y una vivienda.<\/p>\n\n\n\n<p>La ferreter\u00eda sufri\u00f3 p\u00e9rdida total con un aval\u00fao superior a los 20 millones de pesos, adem\u00e1s el local de electricidad tambi\u00e9n sufri\u00f3 millonarias p\u00e9rdidas junto la vivienda que estaba en la parte posterior del establecimiento.<\/p>\n\n\n\n<p>Ricardo Garate es el due\u00f1o del local comercial amagado por las llamas y visiblemente afectado dijo que \u201cal llegar ac\u00e1 ya estaba todo quemado el local, p\u00e9rdida total\u201d agregando que carabineros le coment\u00f3 que \u201cesto fue debido a un robo que se hizo al local, encontraron a una persona que abri\u00f3 el local y rob\u00f3 algunas pertenencias y al parecer habr\u00eda tirado algo al interior del local lo que provoc\u00f3 el incendio\u201d.<\/p>\n\n\n\n<p>En cuanto a sus sentimientos indic\u00f3 sentirse \u201ctriste y la verdad es que es dif\u00edcil, pero hay que levantarse, lo material se recupera y gracias a Dios no hubo p\u00e9rdidas humanas y de ninguno de los vecinos\u201d.<\/p>\n\n\n\n<p>Finalmente dijo que con contaba con seguros y envi\u00f3 un mensaje a sus clientes diciendo que \u201cvamos a partir poco a poco desde cero para volver a levantar el local, vamos a renovar el local y no nos vamos, ya veremos cuando lo tengamos y ah\u00ed invitarlos a que vuelvan a comprar, mi idea es tenerlo aqu\u00ed mismo\u201d.<\/p>\n\n\n\n<p>Personal especializado de bomberos realiz\u00f3 las pericias respectivas en el sitio del suceso para establecer la causa basal del siniestro, en cuanto al detenido de iniciales J.B.L. de 50 a\u00f1os qued\u00f3 a disposici\u00f3n de la justicia por el delito de receptaci\u00f3n y se investiga si tuvo participaci\u00f3n directa en el robo y posterior incendio de la ferreter\u00eda.<\/p>\n","protected":false},"excerpt":{"rendered":"<p>Alrededor de las 3.30 horas del d\u00eda martes, personal de carabineros fue alertado de personas que estaban merodeando locales comerciales en calle Silva Chavez, al llegar a la numeraci\u00f3n 556 se percataron que las cortinas de una ferreter\u00eda se encontraban entreabiertas y realizaron un patrullaje con la finalidad de ubicar a los presuntos autores. Fue<\/p>\n<div class=\"read-more-wrapper\"><a class=\"read-more\" href=\"https:\/\/diarioellabrador.cl\/index.php\/2026\/03\/10\/incendio-de-gran-magnitud-afecta-a-centrica-ferreteria-que-minutos-antes-habia-sufrido-un-robo\/\" title=\"Leer m\u00e1s\"> <span class=\"button \">Leer m\u00e1s<\/span><\/a><\/div>\n","protected":false},"author":2,"featured_media":16375,"comment_status":"open","ping_status":"open","sticky":false,"template":"","format":"standard","meta":{"footnotes":""},"categories":[14,3],"tags":[],"class_list":["post-16385","post","type-post","status-publish","format-standard","has-post-thumbnail","hentry","category-destacados","category-policial"],"yoast_head":"<!-- This site is optimized with the Yoast SEO plugin v27.5 - https:\/\/yoast.com\/product\/yoast-seo-wordpress\/ -->\n<title>Incendio de gran magnitud afecta a c\u00e9ntrica ferreter\u00eda que minutos antes hab\u00eda sufrido un robo - Diario El Labrador<\/title>\n<meta name=\"robots\" content=\"index, follow, max-snippet:-1, max-image-preview:large, max-video-preview:-1\" \/>\n<link rel=\"canonical\" href=\"https:\/\/diarioellabrador.cl\/index.php\/2026\/03\/10\/incendio-de-gran-magnitud-afecta-a-centrica-ferreteria-que-minutos-antes-habia-sufrido-un-robo\/\" \/>\n<meta property=\"og:locale\" content=\"es_ES\" \/>\n<meta property=\"og:type\" content=\"article\" \/>\n<meta property=\"og:title\" content=\"Incendio de gran magnitud afecta a c\u00e9ntrica ferreter\u00eda que minutos antes hab\u00eda sufrido un robo - Diario El Labrador\" \/>\n<meta property=\"og:description\" content=\"Alrededor de las 3.30 horas del d\u00eda martes, personal de carabineros fue alertado de personas que estaban merodeando locales comerciales en calle Silva Chavez, al llegar a la numeraci\u00f3n 556 se percataron que las cortinas de una ferreter\u00eda se encontraban entreabiertas y realizaron un patrullaje con la finalidad de ubicar a los presuntos autores. Fue Leer m\u00e1s\" \/>\n<meta property=\"og:url\" content=\"https:\/\/diarioellabrador.cl\/index.php\/2026\/03\/10\/incendio-de-gran-magnitud-afecta-a-centrica-ferreteria-que-minutos-antes-habia-sufrido-un-robo\/\" \/>\n<meta property=\"og:site_name\" content=\"Diario El Labrador\" \/>\n<meta property=\"article:publisher\" content=\"https:\/\/web.facebook.com\/profile.php?id=61576120840621\" \/>\n<meta property=\"article:published_time\" content=\"2026-03-10T21:31:56+00:00\" \/>\n<meta property=\"article:modified_time\" content=\"2026-03-10T21:31:58+00:00\" \/>\n<meta property=\"og:image\" content=\"https:\/\/diarioellabrador.cl\/wp-content\/uploads\/2026\/03\/Incendio-de-gran-magnitud-afecta-a-centrica-ferreteria-que-minutos-antes-habia-sufrido-un-robo.jpg\" \/>\n\t<meta property=\"og:image:width\" content=\"1536\" \/>\n\t<meta property=\"og:image:height\" content=\"1920\" \/>\n\t<meta property=\"og:image:type\" content=\"image\/jpeg\" \/>\n<meta name=\"author\" content=\"Editor\" \/>\n<meta name=\"twitter:card\" content=\"summary_large_image\" \/>\n<meta name=\"twitter:creator\" content=\"@ElLabradorOf\" \/>\n<meta name=\"twitter:site\" content=\"@ElLabradorOf\" \/>\n<meta name=\"twitter:label1\" content=\"Escrito por\" \/>\n\t<meta name=\"twitter:data1\" content=\"Editor\" \/>\n\t<meta name=\"twitter:label2\" content=\"Tiempo de lectura\" \/>\n\t<meta name=\"twitter:data2\" content=\"3 minutos\" \/>\n<script type=\"application\/ld+json\" class=\"yoast-schema-graph\">{\"@context\":\"https:\\\/\\\/schema.org\",\"@graph\":[{\"@type\":\"Article\",\"@id\":\"https:\\\/\\\/diarioellabrador.cl\\\/index.php\\\/2026\\\/03\\\/10\\\/incendio-de-gran-magnitud-afecta-a-centrica-ferreteria-que-minutos-antes-habia-sufrido-un-robo\\\/#article\",\"isPartOf\":{\"@id\":\"https:\\\/\\\/diarioellabrador.cl\\\/index.php\\\/2026\\\/03\\\/10\\\/incendio-de-gran-magnitud-afecta-a-centrica-ferreteria-que-minutos-antes-habia-sufrido-un-robo\\\/\"},\"author\":{\"name\":\"Editor\",\"@id\":\"https:\\\/\\\/diarioellabrador.cl\\\/#\\\/schema\\\/person\\\/bc25ff80b4563f9c7f4bd7855df01685\"},\"headline\":\"Incendio de gran magnitud afecta a c\u00e9ntrica ferreter\u00eda que minutos antes hab\u00eda sufrido un robo\",\"datePublished\":\"2026-03-10T21:31:56+00:00\",\"dateModified\":\"2026-03-10T21:31:58+00:00\",\"mainEntityOfPage\":{\"@id\":\"https:\\\/\\\/diarioellabrador.cl\\\/index.php\\\/2026\\\/03\\\/10\\\/incendio-de-gran-magnitud-afecta-a-centrica-ferreteria-que-minutos-antes-habia-sufrido-un-robo\\\/\"},\"wordCount\":450,\"commentCount\":0,\"publisher\":{\"@id\":\"https:\\\/\\\/diarioellabrador.cl\\\/#organization\"},\"image\":{\"@id\":\"https:\\\/\\\/diarioellabrador.cl\\\/index.php\\\/2026\\\/03\\\/10\\\/incendio-de-gran-magnitud-afecta-a-centrica-ferreteria-que-minutos-antes-habia-sufrido-un-robo\\\/#primaryimage\"},\"thumbnailUrl\":\"https:\\\/\\\/diarioellabrador.cl\\\/wp-content\\\/uploads\\\/2026\\\/03\\\/Incendio-de-gran-magnitud-afecta-a-centrica-ferreteria-que-minutos-antes-habia-sufrido-un-robo.jpg\",\"articleSection\":[\"Destacados\",\"Policial\"],\"inLanguage\":\"es\",\"potentialAction\":[{\"@type\":\"CommentAction\",\"name\":\"Comment\",\"target\":[\"https:\\\/\\\/diarioellabrador.cl\\\/index.php\\\/2026\\\/03\\\/10\\\/incendio-de-gran-magnitud-afecta-a-centrica-ferreteria-que-minutos-antes-habia-sufrido-un-robo\\\/#respond\"]}]},{\"@type\":\"WebPage\",\"@id\":\"https:\\\/\\\/diarioellabrador.cl\\\/index.php\\\/2026\\\/03\\\/10\\\/incendio-de-gran-magnitud-afecta-a-centrica-ferreteria-que-minutos-antes-habia-sufrido-un-robo\\\/\",\"url\":\"https:\\\/\\\/diarioellabrador.cl\\\/index.php\\\/2026\\\/03\\\/10\\\/incendio-de-gran-magnitud-afecta-a-centrica-ferreteria-que-minutos-antes-habia-sufrido-un-robo\\\/\",\"name\":\"Incendio de gran magnitud afecta a c\u00e9ntrica ferreter\u00eda que minutos antes hab\u00eda sufrido un robo - Diario El Labrador\",\"isPartOf\":{\"@id\":\"https:\\\/\\\/diarioellabrador.cl\\\/#website\"},\"primaryImageOfPage\":{\"@id\":\"https:\\\/\\\/diarioellabrador.cl\\\/index.php\\\/2026\\\/03\\\/10\\\/incendio-de-gran-magnitud-afecta-a-centrica-ferreteria-que-minutos-antes-habia-sufrido-un-robo\\\/#primaryimage\"},\"image\":{\"@id\":\"https:\\\/\\\/diarioellabrador.cl\\\/index.php\\\/2026\\\/03\\\/10\\\/incendio-de-gran-magnitud-afecta-a-centrica-ferreteria-que-minutos-antes-habia-sufrido-un-robo\\\/#primaryimage\"},\"thumbnailUrl\":\"https:\\\/\\\/diarioellabrador.cl\\\/wp-content\\\/uploads\\\/2026\\\/03\\\/Incendio-de-gran-magnitud-afecta-a-centrica-ferreteria-que-minutos-antes-habia-sufrido-un-robo.jpg\",\"datePublished\":\"2026-03-10T21:31:56+00:00\",\"dateModified\":\"2026-03-10T21:31:58+00:00\",\"breadcrumb\":{\"@id\":\"https:\\\/\\\/diarioellabrador.cl\\\/index.php\\\/2026\\\/03\\\/10\\\/incendio-de-gran-magnitud-afecta-a-centrica-ferreteria-que-minutos-antes-habia-sufrido-un-robo\\\/#breadcrumb\"},\"inLanguage\":\"es\",\"potentialAction\":[{\"@type\":\"ReadAction\",\"target\":[\"https:\\\/\\\/diarioellabrador.cl\\\/index.php\\\/2026\\\/03\\\/10\\\/incendio-de-gran-magnitud-afecta-a-centrica-ferreteria-que-minutos-antes-habia-sufrido-un-robo\\\/\"]}]},{\"@type\":\"ImageObject\",\"inLanguage\":\"es\",\"@id\":\"https:\\\/\\\/diarioellabrador.cl\\\/index.php\\\/2026\\\/03\\\/10\\\/incendio-de-gran-magnitud-afecta-a-centrica-ferreteria-que-minutos-antes-habia-sufrido-un-robo\\\/#primaryimage\",\"url\":\"https:\\\/\\\/diarioellabrador.cl\\\/wp-content\\\/uploads\\\/2026\\\/03\\\/Incendio-de-gran-magnitud-afecta-a-centrica-ferreteria-que-minutos-antes-habia-sufrido-un-robo.jpg\",\"contentUrl\":\"https:\\\/\\\/diarioellabrador.cl\\\/wp-content\\\/uploads\\\/2026\\\/03\\\/Incendio-de-gran-magnitud-afecta-a-centrica-ferreteria-que-minutos-antes-habia-sufrido-un-robo.jpg\",\"width\":1536,\"height\":1920},{\"@type\":\"BreadcrumbList\",\"@id\":\"https:\\\/\\\/diarioellabrador.cl\\\/index.php\\\/2026\\\/03\\\/10\\\/incendio-de-gran-magnitud-afecta-a-centrica-ferreteria-que-minutos-antes-habia-sufrido-un-robo\\\/#breadcrumb\",\"itemListElement\":[{\"@type\":\"ListItem\",\"position\":1,\"name\":\"Portada\",\"item\":\"https:\\\/\\\/diarioellabrador.cl\\\/\"},{\"@type\":\"ListItem\",\"position\":2,\"name\":\"Incendio de gran magnitud afecta a c\u00e9ntrica ferreter\u00eda que minutos antes hab\u00eda sufrido un robo\"}]},{\"@type\":\"WebSite\",\"@id\":\"https:\\\/\\\/diarioellabrador.cl\\\/#website\",\"url\":\"https:\\\/\\\/diarioellabrador.cl\\\/\",\"name\":\"Diario El Labrador\",\"description\":\"Haciendo noticia desde 1921\",\"publisher\":{\"@id\":\"https:\\\/\\\/diarioellabrador.cl\\\/#organization\"},\"potentialAction\":[{\"@type\":\"SearchAction\",\"target\":{\"@type\":\"EntryPoint\",\"urlTemplate\":\"https:\\\/\\\/diarioellabrador.cl\\\/?s={search_term_string}\"},\"query-input\":{\"@type\":\"PropertyValueSpecification\",\"valueRequired\":true,\"valueName\":\"search_term_string\"}}],\"inLanguage\":\"es\"},{\"@type\":\"Organization\",\"@id\":\"https:\\\/\\\/diarioellabrador.cl\\\/#organization\",\"name\":\"Diario El Labrador\",\"url\":\"https:\\\/\\\/diarioellabrador.cl\\\/\",\"logo\":{\"@type\":\"ImageObject\",\"inLanguage\":\"es\",\"@id\":\"https:\\\/\\\/diarioellabrador.cl\\\/#\\\/schema\\\/logo\\\/image\\\/\",\"url\":\"https:\\\/\\\/diarioellabrador.cl\\\/wp-content\\\/uploads\\\/2025\\\/02\\\/cropped-Logo-Icono.png\",\"contentUrl\":\"https:\\\/\\\/diarioellabrador.cl\\\/wp-content\\\/uploads\\\/2025\\\/02\\\/cropped-Logo-Icono.png\",\"width\":512,\"height\":512,\"caption\":\"Diario El Labrador\"},\"image\":{\"@id\":\"https:\\\/\\\/diarioellabrador.cl\\\/#\\\/schema\\\/logo\\\/image\\\/\"},\"sameAs\":[\"https:\\\/\\\/web.facebook.com\\\/profile.php?id=61576120840621\",\"https:\\\/\\\/x.com\\\/ElLabradorOf\",\"https:\\\/\\\/www.instagram.com\\\/diarioellabradoroficial\\\/\"]},{\"@type\":\"Person\",\"@id\":\"https:\\\/\\\/diarioellabrador.cl\\\/#\\\/schema\\\/person\\\/bc25ff80b4563f9c7f4bd7855df01685\",\"name\":\"Editor\",\"image\":{\"@type\":\"ImageObject\",\"inLanguage\":\"es\",\"@id\":\"https:\\\/\\\/secure.gravatar.com\\\/avatar\\\/109c326cf2be5c04f048c2c2a2b8b6ef44bf3d8d1d3d4c55d0ac40c4bc994684?s=96&d=mm&r=g\",\"url\":\"https:\\\/\\\/secure.gravatar.com\\\/avatar\\\/109c326cf2be5c04f048c2c2a2b8b6ef44bf3d8d1d3d4c55d0ac40c4bc994684?s=96&d=mm&r=g\",\"contentUrl\":\"https:\\\/\\\/secure.gravatar.com\\\/avatar\\\/109c326cf2be5c04f048c2c2a2b8b6ef44bf3d8d1d3d4c55d0ac40c4bc994684?s=96&d=mm&r=g\",\"caption\":\"Editor\"},\"url\":\"https:\\\/\\\/diarioellabrador.cl\\\/index.php\\\/author\\\/editor\\\/\"}]}<\/script>\n<!-- \/ Yoast SEO plugin. -->","yoast_head_json":{"title":"Incendio de gran magnitud afecta a c\u00e9ntrica ferreter\u00eda que minutos antes hab\u00eda sufrido un robo - Diario El Labrador","robots":{"index":"index","follow":"follow","max-snippet":"max-snippet:-1","max-image-preview":"max-image-preview:large","max-video-preview":"max-video-preview:-1"},"canonical":"https:\/\/diarioellabrador.cl\/index.php\/2026\/03\/10\/incendio-de-gran-magnitud-afecta-a-centrica-ferreteria-que-minutos-antes-habia-sufrido-un-robo\/","og_locale":"es_ES","og_type":"article","og_title":"Incendio de gran magnitud afecta a c\u00e9ntrica ferreter\u00eda que minutos antes hab\u00eda sufrido un robo - Diario El Labrador","og_description":"Alrededor de las 3.30 horas del d\u00eda martes, personal de carabineros fue alertado de personas que estaban merodeando locales comerciales en calle Silva Chavez, al llegar a la numeraci\u00f3n 556 se percataron que las cortinas de una ferreter\u00eda se encontraban entreabiertas y realizaron un patrullaje con la finalidad de ubicar a los presuntos autores. Fue Leer m\u00e1s","og_url":"https:\/\/diarioellabrador.cl\/index.php\/2026\/03\/10\/incendio-de-gran-magnitud-afecta-a-centrica-ferreteria-que-minutos-antes-habia-sufrido-un-robo\/","og_site_name":"Diario El Labrador","article_publisher":"https:\/\/web.facebook.com\/profile.php?id=61576120840621","article_published_time":"2026-03-10T21:31:56+00:00","article_modified_time":"2026-03-10T21:31:58+00:00","og_image":[{"width":1536,"height":1920,"url":"https:\/\/diarioellabrador.cl\/wp-content\/uploads\/2026\/03\/Incendio-de-gran-magnitud-afecta-a-centrica-ferreteria-que-minutos-antes-habia-sufrido-un-robo.jpg","type":"image\/jpeg"}],"author":"Editor","twitter_card":"summary_large_image","twitter_creator":"@ElLabradorOf","twitter_site":"@ElLabradorOf","twitter_misc":{"Escrito por":"Editor","Tiempo de lectura":"3 minutos"},"schema":{"@context":"https:\/\/schema.org","@graph":[{"@type":"Article","@id":"https:\/\/diarioellabrador.cl\/index.php\/2026\/03\/10\/incendio-de-gran-magnitud-afecta-a-centrica-ferreteria-que-minutos-antes-habia-sufrido-un-robo\/#article","isPartOf":{"@id":"https:\/\/diarioellabrador.cl\/index.php\/2026\/03\/10\/incendio-de-gran-magnitud-afecta-a-centrica-ferreteria-que-minutos-antes-habia-sufrido-un-robo\/"},"author":{"name":"Editor","@id":"https:\/\/diarioellabrador.cl\/#\/schema\/person\/bc25ff80b4563f9c7f4bd7855df01685"},"headline":"Incendio de gran magnitud afecta a c\u00e9ntrica ferreter\u00eda que minutos antes hab\u00eda sufrido un robo","datePublished":"2026-03-10T21:31:56+00:00","dateModified":"2026-03-10T21:31:58+00:00","mainEntityOfPage":{"@id":"https:\/\/diarioellabrador.cl\/index.php\/2026\/03\/10\/incendio-de-gran-magnitud-afecta-a-centrica-ferreteria-que-minutos-antes-habia-sufrido-un-robo\/"},"wordCount":450,"commentCount":0,"publisher":{"@id":"https:\/\/diarioellabrador.cl\/#organization"},"image":{"@id":"https:\/\/diarioellabrador.cl\/index.php\/2026\/03\/10\/incendio-de-gran-magnitud-afecta-a-centrica-ferreteria-que-minutos-antes-habia-sufrido-un-robo\/#primaryimage"},"thumbnailUrl":"https:\/\/diarioellabrador.cl\/wp-content\/uploads\/2026\/03\/Incendio-de-gran-magnitud-afecta-a-centrica-ferreteria-que-minutos-antes-habia-sufrido-un-robo.jpg","articleSection":["Destacados","Policial"],"inLanguage":"es","potentialAction":[{"@type":"CommentAction","name":"Comment","target":["https:\/\/diarioellabrador.cl\/index.php\/2026\/03\/10\/incendio-de-gran-magnitud-afecta-a-centrica-ferreteria-que-minutos-antes-habia-sufrido-un-robo\/#respond"]}]},{"@type":"WebPage","@id":"https:\/\/diarioellabrador.cl\/index.php\/2026\/03\/10\/incendio-de-gran-magnitud-afecta-a-centrica-ferreteria-que-minutos-antes-habia-sufrido-un-robo\/","url":"https:\/\/diarioellabrador.cl\/index.php\/2026\/03\/10\/incendio-de-gran-magnitud-afecta-a-centrica-ferreteria-que-minutos-antes-habia-sufrido-un-robo\/","name":"Incendio de gran magnitud afecta a c\u00e9ntrica ferreter\u00eda que minutos antes hab\u00eda sufrido un robo - Diario El Labrador","isPartOf":{"@id":"https:\/\/diarioellabrador.cl\/#website"},"primaryImageOfPage":{"@id":"https:\/\/diarioellabrador.cl\/index.php\/2026\/03\/10\/incendio-de-gran-magnitud-afecta-a-centrica-ferreteria-que-minutos-antes-habia-sufrido-un-robo\/#primaryimage"},"image":{"@id":"https:\/\/diarioellabrador.cl\/index.php\/2026\/03\/10\/incendio-de-gran-magnitud-afecta-a-centrica-ferreteria-que-minutos-antes-habia-sufrido-un-robo\/#primaryimage"},"thumbnailUrl":"https:\/\/diarioellabrador.cl\/wp-content\/uploads\/2026\/03\/Incendio-de-gran-magnitud-afecta-a-centrica-ferreteria-que-minutos-antes-habia-sufrido-un-robo.jpg","datePublished":"2026-03-10T21:31:56+00:00","dateModified":"2026-03-10T21:31:58+00:00","breadcrumb":{"@id":"https:\/\/diarioellabrador.cl\/index.php\/2026\/03\/10\/incendio-de-gran-magnitud-afecta-a-centrica-ferreteria-que-minutos-antes-habia-sufrido-un-robo\/#breadcrumb"},"inLanguage":"es","potentialAction":[{"@type":"ReadAction","target":["https:\/\/diarioellabrador.cl\/index.php\/2026\/03\/10\/incendio-de-gran-magnitud-afecta-a-centrica-ferreteria-que-minutos-antes-habia-sufrido-un-robo\/"]}]},{"@type":"ImageObject","inLanguage":"es","@id":"https:\/\/diarioellabrador.cl\/index.php\/2026\/03\/10\/incendio-de-gran-magnitud-afecta-a-centrica-ferreteria-que-minutos-antes-habia-sufrido-un-robo\/#primaryimage","url":"https:\/\/diarioellabrador.cl\/wp-content\/uploads\/2026\/03\/Incendio-de-gran-magnitud-afecta-a-centrica-ferreteria-que-minutos-antes-habia-sufrido-un-robo.jpg","contentUrl":"https:\/\/diarioellabrador.cl\/wp-content\/uploads\/2026\/03\/Incendio-de-gran-magnitud-afecta-a-centrica-ferreteria-que-minutos-antes-habia-sufrido-un-robo.jpg","width":1536,"height":1920},{"@type":"BreadcrumbList","@id":"https:\/\/diarioellabrador.cl\/index.php\/2026\/03\/10\/incendio-de-gran-magnitud-afecta-a-centrica-ferreteria-que-minutos-antes-habia-sufrido-un-robo\/#breadcrumb","itemListElement":[{"@type":"ListItem","position":1,"name":"Portada","item":"https:\/\/diarioellabrador.cl\/"},{"@type":"ListItem","position":2,"name":"Incendio de gran magnitud afecta a c\u00e9ntrica ferreter\u00eda que minutos antes hab\u00eda sufrido un robo"}]},{"@type":"WebSite","@id":"https:\/\/diarioellabrador.cl\/#website","url":"https:\/\/diarioellabrador.cl\/","name":"Diario El Labrador","description":"Haciendo noticia desde 1921","publisher":{"@id":"https:\/\/diarioellabrador.cl\/#organization"},"potentialAction":[{"@type":"SearchAction","target":{"@type":"EntryPoint","urlTemplate":"https:\/\/diarioellabrador.cl\/?s={search_term_string}"},"query-input":{"@type":"PropertyValueSpecification","valueRequired":true,"valueName":"search_term_string"}}],"inLanguage":"es"},{"@type":"Organization","@id":"https:\/\/diarioellabrador.cl\/#organization","name":"Diario El Labrador","url":"https:\/\/diarioellabrador.cl\/","logo":{"@type":"ImageObject","inLanguage":"es","@id":"https:\/\/diarioellabrador.cl\/#\/schema\/logo\/image\/","url":"https:\/\/diarioellabrador.cl\/wp-content\/uploads\/2025\/02\/cropped-Logo-Icono.png","contentUrl":"https:\/\/diarioellabrador.cl\/wp-content\/uploads\/2025\/02\/cropped-Logo-Icono.png","width":512,"height":512,"caption":"Diario El Labrador"},"image":{"@id":"https:\/\/diarioellabrador.cl\/#\/schema\/logo\/image\/"},"sameAs":["https:\/\/web.facebook.com\/profile.php?id=61576120840621","https:\/\/x.com\/ElLabradorOf","https:\/\/www.instagram.com\/diarioellabradoroficial\/"]},{"@type":"Person","@id":"https:\/\/diarioellabrador.cl\/#\/schema\/person\/bc25ff80b4563f9c7f4bd7855df01685","name":"Editor","image":{"@type":"ImageObject","inLanguage":"es","@id":"https:\/\/secure.gravatar.com\/avatar\/109c326cf2be5c04f048c2c2a2b8b6ef44bf3d8d1d3d4c55d0ac40c4bc994684?s=96&d=mm&r=g","url":"https:\/\/secure.gravatar.com\/avatar\/109c326cf2be5c04f048c2c2a2b8b6ef44bf3d8d1d3d4c55d0ac40c4bc994684?s=96&d=mm&r=g","contentUrl":"https:\/\/secure.gravatar.com\/avatar\/109c326cf2be5c04f048c2c2a2b8b6ef44bf3d8d1d3d4c55d0ac40c4bc994684?s=96&d=mm&r=g","caption":"Editor"},"url":"https:\/\/diarioellabrador.cl\/index.php\/author\/editor\/"}]}},"_links":{"self":[{"href":"https:\/\/diarioellabrador.cl\/index.php\/wp-json\/wp\/v2\/posts\/16385","targetHints":{"allow":["GET"]}}],"collection":[{"href":"https:\/\/diarioellabrador.cl\/index.php\/wp-json\/wp\/v2\/posts"}],"about":[{"href":"https:\/\/diarioellabrador.cl\/index.php\/wp-json\/wp\/v2\/types\/post"}],"author":[{"embeddable":true,"href":"https:\/\/diarioellabrador.cl\/index.php\/wp-json\/wp\/v2\/users\/2"}],"replies":[{"embeddable":true,"href":"https:\/\/diarioellabrador.cl\/index.php\/wp-json\/wp\/v2\/comments?post=16385"}],"version-history":[{"count":1,"href":"https:\/\/diarioellabrador.cl\/index.php\/wp-json\/wp\/v2\/posts\/16385\/revisions"}],"predecessor-version":[{"id":16386,"href":"https:\/\/diarioellabrador.cl\/index.php\/wp-json\/wp\/v2\/posts\/16385\/revisions\/16386"}],"wp:featuredmedia":[{"embeddable":true,"href":"https:\/\/diarioellabrador.cl\/index.php\/wp-json\/wp\/v2\/media\/16375"}],"wp:attachment":[{"href":"https:\/\/diarioellabrador.cl\/index.php\/wp-json\/wp\/v2\/media?parent=16385"}],"wp:term":[{"taxonomy":"category","embeddable":true,"href":"https:\/\/diarioellabrador.cl\/index.php\/wp-json\/wp\/v2\/categories?post=16385"},{"taxonomy":"post_tag","embeddable":true,"href":"https:\/\/diarioellabrador.cl\/index.php\/wp-json\/wp\/v2\/tags?post=16385"}],"curies":[{"name":"wp","href":"https:\/\/api.w.org\/{rel}","templated":true}]}}