{"id":16383,"date":"2026-03-10T17:31:02","date_gmt":"2026-03-10T21:31:02","guid":{"rendered":"https:\/\/diarioellabrador.cl\/?p=16383"},"modified":"2026-03-10T17:31:04","modified_gmt":"2026-03-10T21:31:04","slug":"el-rodeo-femenino-afina-detalles-para-la-xiv-la-final-nacional","status":"publish","type":"post","link":"https:\/\/diarioellabrador.cl\/index.php\/2026\/03\/10\/el-rodeo-femenino-afina-detalles-para-la-xiv-la-final-nacional\/","title":{"rendered":"El Rodeo Femenino afina detalles para la XIV la Final Nacional"},"content":{"rendered":"\n<p><strong>Autor: <\/strong><a href=\"https:\/\/www.caballoyrodeo.cl\/portal_rodeo\/site\/artic\/20240223\/pags\/20240223201836.html\">Guillermo Rojas Fioratti<\/a><\/p>\n\n\n\n<p>Con entusiasmo y una temporada marcada por una intensa actividad corralera, el rodeo femenino chileno se prepara para vivir uno de sus momentos m\u00e1s esperados del a\u00f1o: La <strong>Final Nacional de Rodeos Promocionales Femeninos<\/strong>, que en su versi\u00f3n n\u00famero 14 busca consolidar el crecimiento y la participaci\u00f3n de las amazonas dentro de la disciplina.<\/p>\n\n\n\n<p>La cita, organizada por la <strong>Agrupaci\u00f3n Nacional de Mujeres del Rodeo Chileno<\/strong>, tiene como sede proyectada la comuna de San Vicente de Tagua Tagua, espec\u00edficamente en la Medialuna de San Vicente de Tagua Tagua, durante los d\u00edas <strong>1, 2 y 3 de mayo pr\u00f3ximos<\/strong>. Sin embargo, la confirmaci\u00f3n oficial del recinto a\u00fan est\u00e1 pendiente, ya que la organizaci\u00f3n sostendr\u00e1 reuniones clave el pr\u00f3ximo lunes con el alcalde de la comuna, Guido Carre\u00f1o, y con representantes del Club de Rodeo San Vicente de Tagua Tagua.<\/p>\n\n\n\n<p>As\u00ed lo explic\u00f3 la presidenta de la entidad, Roman\u00e9 Soto, quien se\u00f1al\u00f3 que el objetivo es asegurar las mejores condiciones para una final que cada a\u00f1o suma m\u00e1s participantes y p\u00fablico.<\/p>\n\n\n\n<p>\u201cEstamos trabajando intensamente para concretar la final en San Vicente, pero todav\u00eda debemos confirmar algunos aspectos log\u00edsticos con el municipio y el club local. Esperamos que esas reuniones nos permitan ratificar el recinto para esta nueva versi\u00f3n\u201d, coment\u00f3 Soto.<\/p>\n\n\n\n<h3 class=\"wp-block-heading\"><strong>Una temporada activa<\/strong><\/h3>\n\n\n\n<p>El camino hacia esta final ha estado marcado por una nutrida agenda de competencias a lo largo de la temporada. Seg\u00fan explic\u00f3 la dirigente, durante el a\u00f1o se han organizado <strong>alrededor de ocho rodeos promocionales femeninos<\/strong>, a lo que se suman diversas series especiales realizadas en el marco de rodeos oficiales en distintas zonas del pa\u00eds.<\/p>\n\n\n\n<p>Este calendario ha permitido ampliar la participaci\u00f3n de las amazonas y generar m\u00e1s espacios competitivos, consolidando un circuito que cada temporada gana mayor visibilidad dentro del ambiente corralero.<\/p>\n\n\n\n<p>Producto de este trabajo, la organizaci\u00f3n espera reunir <strong>cerca de 50 colleras<\/strong> en la gran final nacional, todas ellas cumpliendo con las exigencias y requisitos establecidos por la entidad.<\/p>\n\n\n\n<p>En ese contexto, Soto hizo un llamado a las participantes a revisar los reglamentos y bases de participaci\u00f3n, los cuales se encuentran disponibles en la cuenta de Instagram <a href=\"https:\/\/www.instagram.com\/rodeo_femeninonacional\/\">@<strong>rodeo_femeninonacional<\/strong><\/a>, donde se difunden adem\u00e1s las principales novedades del circuito.<\/p>\n\n\n\n<h3 class=\"wp-block-heading\"><strong>A la espera de nuevas series promocionales<\/strong><\/h3>\n\n\n\n<p>La dirigente tambi\u00e9n destac\u00f3 que el calendario todav\u00eda contempla algunas instancias relevantes antes de la final nacional. Entre ellas figuran <strong>series promocionales femeninas que ser\u00e1n organizadas por federaciones vinculadas al deporte huaso<\/strong>.<\/p>\n\n\n\n<p>Una de las m\u00e1s esperadas ser\u00e1 la tradicional serie femenina que organiza la Federaci\u00f3n del Rodeo Chileno en el marco del Campeonato Nacional de Rodeo, cuya edici\u00f3n n\u00famero 77 est\u00e1 programada para fines de marzo.<\/p>\n\n\n\n<p>Esa instancia, que se desarrolla en el principal escenario del rodeo chileno, representa una vitrina importante para el rodeo femenino y una oportunidad para que nuevas colleras se sumen al circuito promocional.<\/p>\n\n\n\n<p>Con ese escenario en el horizonte, la XIV Final Nacional se perfila como el gran punto de encuentro de las amazonas del pa\u00eds, una cita que a\u00f1o a a\u00f1o reafirma el avance del rodeo femenino y el creciente protagonismo de las mujeres dentro de la tradici\u00f3n corralera chilena.<\/p>\n","protected":false},"excerpt":{"rendered":"<p>Autor: Guillermo Rojas Fioratti Con entusiasmo y una temporada marcada por una intensa actividad corralera, el rodeo femenino chileno se prepara para vivir uno de sus momentos m\u00e1s esperados del a\u00f1o: La Final Nacional de Rodeos Promocionales Femeninos, que en su versi\u00f3n n\u00famero 14 busca consolidar el crecimiento y la participaci\u00f3n de las amazonas dentro<\/p>\n<div class=\"read-more-wrapper\"><a class=\"read-more\" href=\"https:\/\/diarioellabrador.cl\/index.php\/2026\/03\/10\/el-rodeo-femenino-afina-detalles-para-la-xiv-la-final-nacional\/\" title=\"Leer m\u00e1s\"> <span class=\"button \">Leer m\u00e1s<\/span><\/a><\/div>\n","protected":false},"author":2,"featured_media":16360,"comment_status":"open","ping_status":"open","sticky":false,"template":"","format":"standard","meta":{"footnotes":""},"categories":[5],"tags":[],"class_list":["post-16383","post","type-post","status-publish","format-standard","has-post-thumbnail","hentry","category-rodeo"],"yoast_head":"<!-- This site is optimized with the Yoast SEO plugin v27.5 - https:\/\/yoast.com\/product\/yoast-seo-wordpress\/ -->\n<title>El Rodeo Femenino afina detalles para la XIV la Final Nacional - Diario El Labrador<\/title>\n<meta name=\"robots\" content=\"index, follow, max-snippet:-1, max-image-preview:large, max-video-preview:-1\" \/>\n<link rel=\"canonical\" href=\"https:\/\/diarioellabrador.cl\/index.php\/2026\/03\/10\/el-rodeo-femenino-afina-detalles-para-la-xiv-la-final-nacional\/\" \/>\n<meta property=\"og:locale\" content=\"es_ES\" \/>\n<meta property=\"og:type\" content=\"article\" \/>\n<meta property=\"og:title\" content=\"El Rodeo Femenino afina detalles para la XIV la Final Nacional - Diario El Labrador\" \/>\n<meta property=\"og:description\" content=\"Autor: Guillermo Rojas Fioratti Con entusiasmo y una temporada marcada por una intensa actividad corralera, el rodeo femenino chileno se prepara para vivir uno de sus momentos m\u00e1s esperados del a\u00f1o: La Final Nacional de Rodeos Promocionales Femeninos, que en su versi\u00f3n n\u00famero 14 busca consolidar el crecimiento y la participaci\u00f3n de las amazonas dentro Leer m\u00e1s\" \/>\n<meta property=\"og:url\" content=\"https:\/\/diarioellabrador.cl\/index.php\/2026\/03\/10\/el-rodeo-femenino-afina-detalles-para-la-xiv-la-final-nacional\/\" \/>\n<meta property=\"og:site_name\" content=\"Diario El Labrador\" \/>\n<meta property=\"article:publisher\" content=\"https:\/\/web.facebook.com\/profile.php?id=61576120840621\" \/>\n<meta property=\"article:published_time\" content=\"2026-03-10T21:31:02+00:00\" \/>\n<meta property=\"article:modified_time\" content=\"2026-03-10T21:31:04+00:00\" \/>\n<meta property=\"og:image\" content=\"https:\/\/diarioellabrador.cl\/wp-content\/uploads\/2026\/03\/El-Rodeo-Femenino-afina-detalles-para-la-XIV-la-Final-Nacional.jpg\" \/>\n\t<meta property=\"og:image:width\" content=\"750\" \/>\n\t<meta property=\"og:image:height\" content=\"389\" \/>\n\t<meta property=\"og:image:type\" content=\"image\/jpeg\" \/>\n<meta name=\"author\" content=\"Editor\" \/>\n<meta name=\"twitter:card\" content=\"summary_large_image\" \/>\n<meta name=\"twitter:creator\" content=\"@ElLabradorOf\" \/>\n<meta name=\"twitter:site\" content=\"@ElLabradorOf\" \/>\n<meta name=\"twitter:label1\" content=\"Escrito por\" \/>\n\t<meta name=\"twitter:data1\" content=\"Editor\" \/>\n\t<meta name=\"twitter:label2\" content=\"Tiempo de lectura\" \/>\n\t<meta name=\"twitter:data2\" content=\"3 minutos\" \/>\n<script type=\"application\/ld+json\" class=\"yoast-schema-graph\">{\"@context\":\"https:\\\/\\\/schema.org\",\"@graph\":[{\"@type\":\"Article\",\"@id\":\"https:\\\/\\\/diarioellabrador.cl\\\/index.php\\\/2026\\\/03\\\/10\\\/el-rodeo-femenino-afina-detalles-para-la-xiv-la-final-nacional\\\/#article\",\"isPartOf\":{\"@id\":\"https:\\\/\\\/diarioellabrador.cl\\\/index.php\\\/2026\\\/03\\\/10\\\/el-rodeo-femenino-afina-detalles-para-la-xiv-la-final-nacional\\\/\"},\"author\":{\"name\":\"Editor\",\"@id\":\"https:\\\/\\\/diarioellabrador.cl\\\/#\\\/schema\\\/person\\\/bc25ff80b4563f9c7f4bd7855df01685\"},\"headline\":\"El Rodeo Femenino afina detalles para la XIV la Final Nacional\",\"datePublished\":\"2026-03-10T21:31:02+00:00\",\"dateModified\":\"2026-03-10T21:31:04+00:00\",\"mainEntityOfPage\":{\"@id\":\"https:\\\/\\\/diarioellabrador.cl\\\/index.php\\\/2026\\\/03\\\/10\\\/el-rodeo-femenino-afina-detalles-para-la-xiv-la-final-nacional\\\/\"},\"wordCount\":566,\"commentCount\":0,\"publisher\":{\"@id\":\"https:\\\/\\\/diarioellabrador.cl\\\/#organization\"},\"image\":{\"@id\":\"https:\\\/\\\/diarioellabrador.cl\\\/index.php\\\/2026\\\/03\\\/10\\\/el-rodeo-femenino-afina-detalles-para-la-xiv-la-final-nacional\\\/#primaryimage\"},\"thumbnailUrl\":\"https:\\\/\\\/diarioellabrador.cl\\\/wp-content\\\/uploads\\\/2026\\\/03\\\/El-Rodeo-Femenino-afina-detalles-para-la-XIV-la-Final-Nacional.jpg\",\"articleSection\":[\"Rodeo\"],\"inLanguage\":\"es\",\"potentialAction\":[{\"@type\":\"CommentAction\",\"name\":\"Comment\",\"target\":[\"https:\\\/\\\/diarioellabrador.cl\\\/index.php\\\/2026\\\/03\\\/10\\\/el-rodeo-femenino-afina-detalles-para-la-xiv-la-final-nacional\\\/#respond\"]}]},{\"@type\":\"WebPage\",\"@id\":\"https:\\\/\\\/diarioellabrador.cl\\\/index.php\\\/2026\\\/03\\\/10\\\/el-rodeo-femenino-afina-detalles-para-la-xiv-la-final-nacional\\\/\",\"url\":\"https:\\\/\\\/diarioellabrador.cl\\\/index.php\\\/2026\\\/03\\\/10\\\/el-rodeo-femenino-afina-detalles-para-la-xiv-la-final-nacional\\\/\",\"name\":\"El Rodeo Femenino afina detalles para la XIV la Final Nacional - Diario El Labrador\",\"isPartOf\":{\"@id\":\"https:\\\/\\\/diarioellabrador.cl\\\/#website\"},\"primaryImageOfPage\":{\"@id\":\"https:\\\/\\\/diarioellabrador.cl\\\/index.php\\\/2026\\\/03\\\/10\\\/el-rodeo-femenino-afina-detalles-para-la-xiv-la-final-nacional\\\/#primaryimage\"},\"image\":{\"@id\":\"https:\\\/\\\/diarioellabrador.cl\\\/index.php\\\/2026\\\/03\\\/10\\\/el-rodeo-femenino-afina-detalles-para-la-xiv-la-final-nacional\\\/#primaryimage\"},\"thumbnailUrl\":\"https:\\\/\\\/diarioellabrador.cl\\\/wp-content\\\/uploads\\\/2026\\\/03\\\/El-Rodeo-Femenino-afina-detalles-para-la-XIV-la-Final-Nacional.jpg\",\"datePublished\":\"2026-03-10T21:31:02+00:00\",\"dateModified\":\"2026-03-10T21:31:04+00:00\",\"breadcrumb\":{\"@id\":\"https:\\\/\\\/diarioellabrador.cl\\\/index.php\\\/2026\\\/03\\\/10\\\/el-rodeo-femenino-afina-detalles-para-la-xiv-la-final-nacional\\\/#breadcrumb\"},\"inLanguage\":\"es\",\"potentialAction\":[{\"@type\":\"ReadAction\",\"target\":[\"https:\\\/\\\/diarioellabrador.cl\\\/index.php\\\/2026\\\/03\\\/10\\\/el-rodeo-femenino-afina-detalles-para-la-xiv-la-final-nacional\\\/\"]}]},{\"@type\":\"ImageObject\",\"inLanguage\":\"es\",\"@id\":\"https:\\\/\\\/diarioellabrador.cl\\\/index.php\\\/2026\\\/03\\\/10\\\/el-rodeo-femenino-afina-detalles-para-la-xiv-la-final-nacional\\\/#primaryimage\",\"url\":\"https:\\\/\\\/diarioellabrador.cl\\\/wp-content\\\/uploads\\\/2026\\\/03\\\/El-Rodeo-Femenino-afina-detalles-para-la-XIV-la-Final-Nacional.jpg\",\"contentUrl\":\"https:\\\/\\\/diarioellabrador.cl\\\/wp-content\\\/uploads\\\/2026\\\/03\\\/El-Rodeo-Femenino-afina-detalles-para-la-XIV-la-Final-Nacional.jpg\",\"width\":750,\"height\":389},{\"@type\":\"BreadcrumbList\",\"@id\":\"https:\\\/\\\/diarioellabrador.cl\\\/index.php\\\/2026\\\/03\\\/10\\\/el-rodeo-femenino-afina-detalles-para-la-xiv-la-final-nacional\\\/#breadcrumb\",\"itemListElement\":[{\"@type\":\"ListItem\",\"position\":1,\"name\":\"Portada\",\"item\":\"https:\\\/\\\/diarioellabrador.cl\\\/\"},{\"@type\":\"ListItem\",\"position\":2,\"name\":\"El Rodeo Femenino afina detalles para la XIV la Final Nacional\"}]},{\"@type\":\"WebSite\",\"@id\":\"https:\\\/\\\/diarioellabrador.cl\\\/#website\",\"url\":\"https:\\\/\\\/diarioellabrador.cl\\\/\",\"name\":\"Diario El Labrador\",\"description\":\"Haciendo noticia desde 1921\",\"publisher\":{\"@id\":\"https:\\\/\\\/diarioellabrador.cl\\\/#organization\"},\"potentialAction\":[{\"@type\":\"SearchAction\",\"target\":{\"@type\":\"EntryPoint\",\"urlTemplate\":\"https:\\\/\\\/diarioellabrador.cl\\\/?s={search_term_string}\"},\"query-input\":{\"@type\":\"PropertyValueSpecification\",\"valueRequired\":true,\"valueName\":\"search_term_string\"}}],\"inLanguage\":\"es\"},{\"@type\":\"Organization\",\"@id\":\"https:\\\/\\\/diarioellabrador.cl\\\/#organization\",\"name\":\"Diario El Labrador\",\"url\":\"https:\\\/\\\/diarioellabrador.cl\\\/\",\"logo\":{\"@type\":\"ImageObject\",\"inLanguage\":\"es\",\"@id\":\"https:\\\/\\\/diarioellabrador.cl\\\/#\\\/schema\\\/logo\\\/image\\\/\",\"url\":\"https:\\\/\\\/diarioellabrador.cl\\\/wp-content\\\/uploads\\\/2025\\\/02\\\/cropped-Logo-Icono.png\",\"contentUrl\":\"https:\\\/\\\/diarioellabrador.cl\\\/wp-content\\\/uploads\\\/2025\\\/02\\\/cropped-Logo-Icono.png\",\"width\":512,\"height\":512,\"caption\":\"Diario El Labrador\"},\"image\":{\"@id\":\"https:\\\/\\\/diarioellabrador.cl\\\/#\\\/schema\\\/logo\\\/image\\\/\"},\"sameAs\":[\"https:\\\/\\\/web.facebook.com\\\/profile.php?id=61576120840621\",\"https:\\\/\\\/x.com\\\/ElLabradorOf\",\"https:\\\/\\\/www.instagram.com\\\/diarioellabradoroficial\\\/\"]},{\"@type\":\"Person\",\"@id\":\"https:\\\/\\\/diarioellabrador.cl\\\/#\\\/schema\\\/person\\\/bc25ff80b4563f9c7f4bd7855df01685\",\"name\":\"Editor\",\"image\":{\"@type\":\"ImageObject\",\"inLanguage\":\"es\",\"@id\":\"https:\\\/\\\/secure.gravatar.com\\\/avatar\\\/109c326cf2be5c04f048c2c2a2b8b6ef44bf3d8d1d3d4c55d0ac40c4bc994684?s=96&d=mm&r=g\",\"url\":\"https:\\\/\\\/secure.gravatar.com\\\/avatar\\\/109c326cf2be5c04f048c2c2a2b8b6ef44bf3d8d1d3d4c55d0ac40c4bc994684?s=96&d=mm&r=g\",\"contentUrl\":\"https:\\\/\\\/secure.gravatar.com\\\/avatar\\\/109c326cf2be5c04f048c2c2a2b8b6ef44bf3d8d1d3d4c55d0ac40c4bc994684?s=96&d=mm&r=g\",\"caption\":\"Editor\"},\"url\":\"https:\\\/\\\/diarioellabrador.cl\\\/index.php\\\/author\\\/editor\\\/\"}]}<\/script>\n<!-- \/ Yoast SEO plugin. -->","yoast_head_json":{"title":"El Rodeo Femenino afina detalles para la XIV la Final Nacional - Diario El Labrador","robots":{"index":"index","follow":"follow","max-snippet":"max-snippet:-1","max-image-preview":"max-image-preview:large","max-video-preview":"max-video-preview:-1"},"canonical":"https:\/\/diarioellabrador.cl\/index.php\/2026\/03\/10\/el-rodeo-femenino-afina-detalles-para-la-xiv-la-final-nacional\/","og_locale":"es_ES","og_type":"article","og_title":"El Rodeo Femenino afina detalles para la XIV la Final Nacional - Diario El Labrador","og_description":"Autor: Guillermo Rojas Fioratti Con entusiasmo y una temporada marcada por una intensa actividad corralera, el rodeo femenino chileno se prepara para vivir uno de sus momentos m\u00e1s esperados del a\u00f1o: La Final Nacional de Rodeos Promocionales Femeninos, que en su versi\u00f3n n\u00famero 14 busca consolidar el crecimiento y la participaci\u00f3n de las amazonas dentro Leer m\u00e1s","og_url":"https:\/\/diarioellabrador.cl\/index.php\/2026\/03\/10\/el-rodeo-femenino-afina-detalles-para-la-xiv-la-final-nacional\/","og_site_name":"Diario El Labrador","article_publisher":"https:\/\/web.facebook.com\/profile.php?id=61576120840621","article_published_time":"2026-03-10T21:31:02+00:00","article_modified_time":"2026-03-10T21:31:04+00:00","og_image":[{"width":750,"height":389,"url":"https:\/\/diarioellabrador.cl\/wp-content\/uploads\/2026\/03\/El-Rodeo-Femenino-afina-detalles-para-la-XIV-la-Final-Nacional.jpg","type":"image\/jpeg"}],"author":"Editor","twitter_card":"summary_large_image","twitter_creator":"@ElLabradorOf","twitter_site":"@ElLabradorOf","twitter_misc":{"Escrito por":"Editor","Tiempo de lectura":"3 minutos"},"schema":{"@context":"https:\/\/schema.org","@graph":[{"@type":"Article","@id":"https:\/\/diarioellabrador.cl\/index.php\/2026\/03\/10\/el-rodeo-femenino-afina-detalles-para-la-xiv-la-final-nacional\/#article","isPartOf":{"@id":"https:\/\/diarioellabrador.cl\/index.php\/2026\/03\/10\/el-rodeo-femenino-afina-detalles-para-la-xiv-la-final-nacional\/"},"author":{"name":"Editor","@id":"https:\/\/diarioellabrador.cl\/#\/schema\/person\/bc25ff80b4563f9c7f4bd7855df01685"},"headline":"El Rodeo Femenino afina detalles para la XIV la Final Nacional","datePublished":"2026-03-10T21:31:02+00:00","dateModified":"2026-03-10T21:31:04+00:00","mainEntityOfPage":{"@id":"https:\/\/diarioellabrador.cl\/index.php\/2026\/03\/10\/el-rodeo-femenino-afina-detalles-para-la-xiv-la-final-nacional\/"},"wordCount":566,"commentCount":0,"publisher":{"@id":"https:\/\/diarioellabrador.cl\/#organization"},"image":{"@id":"https:\/\/diarioellabrador.cl\/index.php\/2026\/03\/10\/el-rodeo-femenino-afina-detalles-para-la-xiv-la-final-nacional\/#primaryimage"},"thumbnailUrl":"https:\/\/diarioellabrador.cl\/wp-content\/uploads\/2026\/03\/El-Rodeo-Femenino-afina-detalles-para-la-XIV-la-Final-Nacional.jpg","articleSection":["Rodeo"],"inLanguage":"es","potentialAction":[{"@type":"CommentAction","name":"Comment","target":["https:\/\/diarioellabrador.cl\/index.php\/2026\/03\/10\/el-rodeo-femenino-afina-detalles-para-la-xiv-la-final-nacional\/#respond"]}]},{"@type":"WebPage","@id":"https:\/\/diarioellabrador.cl\/index.php\/2026\/03\/10\/el-rodeo-femenino-afina-detalles-para-la-xiv-la-final-nacional\/","url":"https:\/\/diarioellabrador.cl\/index.php\/2026\/03\/10\/el-rodeo-femenino-afina-detalles-para-la-xiv-la-final-nacional\/","name":"El Rodeo Femenino afina detalles para la XIV la Final Nacional - Diario El Labrador","isPartOf":{"@id":"https:\/\/diarioellabrador.cl\/#website"},"primaryImageOfPage":{"@id":"https:\/\/diarioellabrador.cl\/index.php\/2026\/03\/10\/el-rodeo-femenino-afina-detalles-para-la-xiv-la-final-nacional\/#primaryimage"},"image":{"@id":"https:\/\/diarioellabrador.cl\/index.php\/2026\/03\/10\/el-rodeo-femenino-afina-detalles-para-la-xiv-la-final-nacional\/#primaryimage"},"thumbnailUrl":"https:\/\/diarioellabrador.cl\/wp-content\/uploads\/2026\/03\/El-Rodeo-Femenino-afina-detalles-para-la-XIV-la-Final-Nacional.jpg","datePublished":"2026-03-10T21:31:02+00:00","dateModified":"2026-03-10T21:31:04+00:00","breadcrumb":{"@id":"https:\/\/diarioellabrador.cl\/index.php\/2026\/03\/10\/el-rodeo-femenino-afina-detalles-para-la-xiv-la-final-nacional\/#breadcrumb"},"inLanguage":"es","potentialAction":[{"@type":"ReadAction","target":["https:\/\/diarioellabrador.cl\/index.php\/2026\/03\/10\/el-rodeo-femenino-afina-detalles-para-la-xiv-la-final-nacional\/"]}]},{"@type":"ImageObject","inLanguage":"es","@id":"https:\/\/diarioellabrador.cl\/index.php\/2026\/03\/10\/el-rodeo-femenino-afina-detalles-para-la-xiv-la-final-nacional\/#primaryimage","url":"https:\/\/diarioellabrador.cl\/wp-content\/uploads\/2026\/03\/El-Rodeo-Femenino-afina-detalles-para-la-XIV-la-Final-Nacional.jpg","contentUrl":"https:\/\/diarioellabrador.cl\/wp-content\/uploads\/2026\/03\/El-Rodeo-Femenino-afina-detalles-para-la-XIV-la-Final-Nacional.jpg","width":750,"height":389},{"@type":"BreadcrumbList","@id":"https:\/\/diarioellabrador.cl\/index.php\/2026\/03\/10\/el-rodeo-femenino-afina-detalles-para-la-xiv-la-final-nacional\/#breadcrumb","itemListElement":[{"@type":"ListItem","position":1,"name":"Portada","item":"https:\/\/diarioellabrador.cl\/"},{"@type":"ListItem","position":2,"name":"El Rodeo Femenino afina detalles para la XIV la Final Nacional"}]},{"@type":"WebSite","@id":"https:\/\/diarioellabrador.cl\/#website","url":"https:\/\/diarioellabrador.cl\/","name":"Diario El Labrador","description":"Haciendo noticia desde 1921","publisher":{"@id":"https:\/\/diarioellabrador.cl\/#organization"},"potentialAction":[{"@type":"SearchAction","target":{"@type":"EntryPoint","urlTemplate":"https:\/\/diarioellabrador.cl\/?s={search_term_string}"},"query-input":{"@type":"PropertyValueSpecification","valueRequired":true,"valueName":"search_term_string"}}],"inLanguage":"es"},{"@type":"Organization","@id":"https:\/\/diarioellabrador.cl\/#organization","name":"Diario El Labrador","url":"https:\/\/diarioellabrador.cl\/","logo":{"@type":"ImageObject","inLanguage":"es","@id":"https:\/\/diarioellabrador.cl\/#\/schema\/logo\/image\/","url":"https:\/\/diarioellabrador.cl\/wp-content\/uploads\/2025\/02\/cropped-Logo-Icono.png","contentUrl":"https:\/\/diarioellabrador.cl\/wp-content\/uploads\/2025\/02\/cropped-Logo-Icono.png","width":512,"height":512,"caption":"Diario El Labrador"},"image":{"@id":"https:\/\/diarioellabrador.cl\/#\/schema\/logo\/image\/"},"sameAs":["https:\/\/web.facebook.com\/profile.php?id=61576120840621","https:\/\/x.com\/ElLabradorOf","https:\/\/www.instagram.com\/diarioellabradoroficial\/"]},{"@type":"Person","@id":"https:\/\/diarioellabrador.cl\/#\/schema\/person\/bc25ff80b4563f9c7f4bd7855df01685","name":"Editor","image":{"@type":"ImageObject","inLanguage":"es","@id":"https:\/\/secure.gravatar.com\/avatar\/109c326cf2be5c04f048c2c2a2b8b6ef44bf3d8d1d3d4c55d0ac40c4bc994684?s=96&d=mm&r=g","url":"https:\/\/secure.gravatar.com\/avatar\/109c326cf2be5c04f048c2c2a2b8b6ef44bf3d8d1d3d4c55d0ac40c4bc994684?s=96&d=mm&r=g","contentUrl":"https:\/\/secure.gravatar.com\/avatar\/109c326cf2be5c04f048c2c2a2b8b6ef44bf3d8d1d3d4c55d0ac40c4bc994684?s=96&d=mm&r=g","caption":"Editor"},"url":"https:\/\/diarioellabrador.cl\/index.php\/author\/editor\/"}]}},"_links":{"self":[{"href":"https:\/\/diarioellabrador.cl\/index.php\/wp-json\/wp\/v2\/posts\/16383","targetHints":{"allow":["GET"]}}],"collection":[{"href":"https:\/\/diarioellabrador.cl\/index.php\/wp-json\/wp\/v2\/posts"}],"about":[{"href":"https:\/\/diarioellabrador.cl\/index.php\/wp-json\/wp\/v2\/types\/post"}],"author":[{"embeddable":true,"href":"https:\/\/diarioellabrador.cl\/index.php\/wp-json\/wp\/v2\/users\/2"}],"replies":[{"embeddable":true,"href":"https:\/\/diarioellabrador.cl\/index.php\/wp-json\/wp\/v2\/comments?post=16383"}],"version-history":[{"count":1,"href":"https:\/\/diarioellabrador.cl\/index.php\/wp-json\/wp\/v2\/posts\/16383\/revisions"}],"predecessor-version":[{"id":16384,"href":"https:\/\/diarioellabrador.cl\/index.php\/wp-json\/wp\/v2\/posts\/16383\/revisions\/16384"}],"wp:featuredmedia":[{"embeddable":true,"href":"https:\/\/diarioellabrador.cl\/index.php\/wp-json\/wp\/v2\/media\/16360"}],"wp:attachment":[{"href":"https:\/\/diarioellabrador.cl\/index.php\/wp-json\/wp\/v2\/media?parent=16383"}],"wp:term":[{"taxonomy":"category","embeddable":true,"href":"https:\/\/diarioellabrador.cl\/index.php\/wp-json\/wp\/v2\/categories?post=16383"},{"taxonomy":"post_tag","embeddable":true,"href":"https:\/\/diarioellabrador.cl\/index.php\/wp-json\/wp\/v2\/tags?post=16383"}],"curies":[{"name":"wp","href":"https:\/\/api.w.org\/{rel}","templated":true}]}}