{"id":16381,"date":"2026-03-10T17:30:32","date_gmt":"2026-03-10T21:30:32","guid":{"rendered":"https:\/\/diarioellabrador.cl\/?p=16381"},"modified":"2026-03-10T17:30:34","modified_gmt":"2026-03-10T21:30:34","slug":"pacheco-y-ruiz-sobre-su-vicecampeonato-nos-da-esperanza-y-abre-el-apetito","status":"publish","type":"post","link":"https:\/\/diarioellabrador.cl\/index.php\/2026\/03\/10\/pacheco-y-ruiz-sobre-su-vicecampeonato-nos-da-esperanza-y-abre-el-apetito\/","title":{"rendered":"Pacheco y Ruiz sobre su vicecampeonato: \u00abNos da esperanza y abre el apetito\u00bb"},"content":{"rendered":"\n<p><strong>Autor: <\/strong><a href=\"https:\/\/www.caballoyrodeo.cl\/portal_rodeo\/site\/artic\/20240223\/pags\/20240223201413.html\">Alejandro Alegr\u00eda Torres<\/a><\/p>\n\n\n\n<p><strong>Diego Pacheco<\/strong> y <strong>Emiliano Ruiz,<\/strong> la collera de eternos amigos, fueron grandes protagonistas de la <strong>Serie de Campeones <\/strong>del <strong>Clasificatorio Zona Centro de San Clemente<\/strong>, logrando el vicecampeonato en las yeguas <strong>Safira <\/strong>y <strong>Estelita<\/strong> con 33 puntos buenos, y llegando al cuarto animal en los potros <strong>Santa Isabel Orgullo<\/strong> y <strong>Compa\u00f1\u00eda de las Mercedes Mano a Mano<\/strong> con 28. Un resultado que les da ilusi\u00f3n y ganas respecto a su presentaci\u00f3n en el Campeonato Nacional.<\/p>\n\n\n\n<p><strong>&#8211; &nbsp;Fue una final muy bonita para ustedes, estuvieron bien en la pelea con dos colleras. \u00bfQuedan contentos por esta presentaci\u00f3n?<\/strong><\/p>\n\n\n\n<p><em><strong>Diego Pacheco:<\/strong><\/em> \u00abS\u00ed, con mi compa\u00f1ero estuvimos muy bien. Entraron las dos colleras, las del criadero y las otras dos de mi hijo, as\u00ed que estamos felices con cuatro colleras adentro. Fue un rodeo muy competitivo, con muchas colleras buenas. Quedar segundos con las yeguas y llegar con los potros al cuarto animal, nos deja en un muy buen nivel, as\u00ed que estoy muy contento. Volvimos a correr con mi compadre, as\u00ed que \u00bfqu\u00e9 mejor? Insisto, fue un rodeo muy competitivo, hay muchos cabros hoy en d\u00eda que son muy buenos para correr y nosotros somos los m\u00e1s viejitos que estamos por aqu\u00ed, as\u00ed que estamos muy contentos\u00bb.<\/p>\n\n\n\n<p><em><strong>Emiliano Ruiz:<\/strong><\/em> \u00abS\u00ed, estuvo linda la final y competitiva, como dice mi compadre. Sin duda, un Clasificatorio as\u00ed es dif\u00edcil porque hay que atajar s\u00ed o s\u00ed, no hay un repechaje. Lo que yo creo que le falt\u00f3 este a\u00f1o a este sistema de Clasificatorio es un repechaje, porque es dif\u00edcil mantener un ganado parejo para todos los competidores, y ah\u00ed es donde est\u00e1 el punto clave para poder tener un repechaje. El Champion es parte de la historia, ya estamos clasificados para la final en Rancagua, que es lo que se buscaba. Por supuesto, ser segundos en la final del Clasificatorio y llegar al cuarto animal nos deja felices, nos da esperanza y nos abre el apetito. Estamos contentos\u00bb.<\/p>\n\n\n\n<p><strong>&#8211; Las yeguas nuevamente dando de qu\u00e9 hablar\u2026<\/strong><\/p>\n\n\n\n<p><em><strong>Diego Pacheco:<\/strong><\/em> \u00abS\u00ed, estuvieron muy bien las dos, a un gran nivel. Son las madres que tenemos, a las que les estamos sacando cr\u00edas y embriones, as\u00ed que es muy importante que muestren en la cancha que andan bien\u00bb.<\/p>\n\n\n\n<p><strong>&#8211; Y los potros tambi\u00e9n estuvieron en la pelea. Quiz\u00e1s en el \u00faltimo toro les falt\u00f3 un poquito, pero estuvieron ah\u00ed\u2026<\/strong><\/p>\n\n\n\n<p><em><strong>Emiliano Ruiz:<\/strong><\/em> \u00abS\u00ed, estuvieron muy bien. Mi compadre Diego corri\u00f3 al Orgullo de forma espectacular, ha mostrado lo que el potro es, un ejemplar fant\u00e1stico y sensacional. Mano a Mano est\u00e1 en su primer a\u00f1o, es un potro mucho m\u00e1s nuevo que Orgullo y trat\u00f3 de estar a la altura. Se gan\u00f3 el Sello de Raza, es un potro precioso, as\u00ed que creo que se empieza a escribir una linda historia para esta collera\u00bb.<\/p>\n\n\n\n<p><strong>&#8211; Tantos a\u00f1os siendo amigos y tantos a\u00f1os que no corr\u00edan juntos&#8230; Ahora est\u00e1n coronando esta amistad nuevamente estando en el Campeonato Nacional.<\/strong><\/p>\n\n\n\n<p><em><strong>Emiliano Ruiz<\/strong><\/em>: \u00abMuchos a\u00f1os. Yo, cuando era chiquitito, ve\u00eda correr a mi compadre en Rancagua. Corrimos en 2012 y 2013, y luego de 12 o 13 a\u00f1os volvemos a correr juntos. Hemos corrido muy pocos rodeos en el a\u00f1o, tal vez un par, pero este nivel nos hace usar la experiencia de los a\u00f1os que ya tenemos m\u00e1s que el entrenamiento. Somos un poco mayores que los dem\u00e1s que est\u00e1n corriendo, as\u00ed que estoy feliz, realmente feliz\u00bb.<\/p>\n\n\n\n<p><strong>&#8211; Ahora a prepararse para Rancagua, que queda poquito\u2026<\/strong><\/p>\n\n\n\n<p><strong>Diego Pacheco<\/strong>: \u00abS\u00ed, hay que preparar los caballos para Rancagua. Uno sabe lo dif\u00edcil y competitivo que es, pero ah\u00ed vamos a estar, si Dios quiere, de la mejor forma posible\u00bb.<\/p>\n","protected":false},"excerpt":{"rendered":"<p>Autor: Alejandro Alegr\u00eda Torres Diego Pacheco y Emiliano Ruiz, la collera de eternos amigos, fueron grandes protagonistas de la Serie de Campeones del Clasificatorio Zona Centro de San Clemente, logrando el vicecampeonato en las yeguas Safira y Estelita con 33 puntos buenos, y llegando al cuarto animal en los potros Santa Isabel Orgullo y Compa\u00f1\u00eda<\/p>\n<div class=\"read-more-wrapper\"><a class=\"read-more\" href=\"https:\/\/diarioellabrador.cl\/index.php\/2026\/03\/10\/pacheco-y-ruiz-sobre-su-vicecampeonato-nos-da-esperanza-y-abre-el-apetito\/\" title=\"Leer m\u00e1s\"> <span class=\"button \">Leer m\u00e1s<\/span><\/a><\/div>\n","protected":false},"author":2,"featured_media":16361,"comment_status":"open","ping_status":"open","sticky":false,"template":"","format":"standard","meta":{"footnotes":""},"categories":[5],"tags":[],"class_list":["post-16381","post","type-post","status-publish","format-standard","has-post-thumbnail","hentry","category-rodeo"],"yoast_head":"<!-- This site is optimized with the Yoast SEO plugin v27.5 - https:\/\/yoast.com\/product\/yoast-seo-wordpress\/ -->\n<title>Pacheco y Ruiz sobre su vicecampeonato: &quot;Nos da esperanza y abre el apetito&quot; - Diario El Labrador<\/title>\n<meta name=\"robots\" content=\"index, follow, max-snippet:-1, max-image-preview:large, max-video-preview:-1\" \/>\n<link rel=\"canonical\" href=\"https:\/\/diarioellabrador.cl\/index.php\/2026\/03\/10\/pacheco-y-ruiz-sobre-su-vicecampeonato-nos-da-esperanza-y-abre-el-apetito\/\" \/>\n<meta property=\"og:locale\" content=\"es_ES\" \/>\n<meta property=\"og:type\" content=\"article\" \/>\n<meta property=\"og:title\" content=\"Pacheco y Ruiz sobre su vicecampeonato: &quot;Nos da esperanza y abre el apetito&quot; - Diario El Labrador\" \/>\n<meta property=\"og:description\" content=\"Autor: Alejandro Alegr\u00eda Torres Diego Pacheco y Emiliano Ruiz, la collera de eternos amigos, fueron grandes protagonistas de la Serie de Campeones del Clasificatorio Zona Centro de San Clemente, logrando el vicecampeonato en las yeguas Safira y Estelita con 33 puntos buenos, y llegando al cuarto animal en los potros Santa Isabel Orgullo y Compa\u00f1\u00eda Leer m\u00e1s\" \/>\n<meta property=\"og:url\" content=\"https:\/\/diarioellabrador.cl\/index.php\/2026\/03\/10\/pacheco-y-ruiz-sobre-su-vicecampeonato-nos-da-esperanza-y-abre-el-apetito\/\" \/>\n<meta property=\"og:site_name\" content=\"Diario El Labrador\" \/>\n<meta property=\"article:publisher\" content=\"https:\/\/web.facebook.com\/profile.php?id=61576120840621\" \/>\n<meta property=\"article:published_time\" content=\"2026-03-10T21:30:32+00:00\" \/>\n<meta property=\"article:modified_time\" content=\"2026-03-10T21:30:34+00:00\" \/>\n<meta property=\"og:image\" content=\"https:\/\/diarioellabrador.cl\/wp-content\/uploads\/2026\/03\/Pacheco-y-Ruiz-sobre-su-vicecampeonato-Nos-da-esperanza-y-abre-el-apetito.jpg\" \/>\n\t<meta property=\"og:image:width\" content=\"750\" \/>\n\t<meta property=\"og:image:height\" content=\"389\" \/>\n\t<meta property=\"og:image:type\" content=\"image\/jpeg\" \/>\n<meta name=\"author\" content=\"Editor\" \/>\n<meta name=\"twitter:card\" content=\"summary_large_image\" \/>\n<meta name=\"twitter:creator\" content=\"@ElLabradorOf\" \/>\n<meta name=\"twitter:site\" content=\"@ElLabradorOf\" \/>\n<meta name=\"twitter:label1\" content=\"Escrito por\" \/>\n\t<meta name=\"twitter:data1\" content=\"Editor\" \/>\n\t<meta name=\"twitter:label2\" content=\"Tiempo de lectura\" \/>\n\t<meta name=\"twitter:data2\" content=\"3 minutos\" \/>\n<script type=\"application\/ld+json\" class=\"yoast-schema-graph\">{\"@context\":\"https:\\\/\\\/schema.org\",\"@graph\":[{\"@type\":\"Article\",\"@id\":\"https:\\\/\\\/diarioellabrador.cl\\\/index.php\\\/2026\\\/03\\\/10\\\/pacheco-y-ruiz-sobre-su-vicecampeonato-nos-da-esperanza-y-abre-el-apetito\\\/#article\",\"isPartOf\":{\"@id\":\"https:\\\/\\\/diarioellabrador.cl\\\/index.php\\\/2026\\\/03\\\/10\\\/pacheco-y-ruiz-sobre-su-vicecampeonato-nos-da-esperanza-y-abre-el-apetito\\\/\"},\"author\":{\"name\":\"Editor\",\"@id\":\"https:\\\/\\\/diarioellabrador.cl\\\/#\\\/schema\\\/person\\\/bc25ff80b4563f9c7f4bd7855df01685\"},\"headline\":\"Pacheco y Ruiz sobre su vicecampeonato: \u00abNos da esperanza y abre el apetito\u00bb\",\"datePublished\":\"2026-03-10T21:30:32+00:00\",\"dateModified\":\"2026-03-10T21:30:34+00:00\",\"mainEntityOfPage\":{\"@id\":\"https:\\\/\\\/diarioellabrador.cl\\\/index.php\\\/2026\\\/03\\\/10\\\/pacheco-y-ruiz-sobre-su-vicecampeonato-nos-da-esperanza-y-abre-el-apetito\\\/\"},\"wordCount\":648,\"commentCount\":0,\"publisher\":{\"@id\":\"https:\\\/\\\/diarioellabrador.cl\\\/#organization\"},\"image\":{\"@id\":\"https:\\\/\\\/diarioellabrador.cl\\\/index.php\\\/2026\\\/03\\\/10\\\/pacheco-y-ruiz-sobre-su-vicecampeonato-nos-da-esperanza-y-abre-el-apetito\\\/#primaryimage\"},\"thumbnailUrl\":\"https:\\\/\\\/diarioellabrador.cl\\\/wp-content\\\/uploads\\\/2026\\\/03\\\/Pacheco-y-Ruiz-sobre-su-vicecampeonato-Nos-da-esperanza-y-abre-el-apetito.jpg\",\"articleSection\":[\"Rodeo\"],\"inLanguage\":\"es\",\"potentialAction\":[{\"@type\":\"CommentAction\",\"name\":\"Comment\",\"target\":[\"https:\\\/\\\/diarioellabrador.cl\\\/index.php\\\/2026\\\/03\\\/10\\\/pacheco-y-ruiz-sobre-su-vicecampeonato-nos-da-esperanza-y-abre-el-apetito\\\/#respond\"]}]},{\"@type\":\"WebPage\",\"@id\":\"https:\\\/\\\/diarioellabrador.cl\\\/index.php\\\/2026\\\/03\\\/10\\\/pacheco-y-ruiz-sobre-su-vicecampeonato-nos-da-esperanza-y-abre-el-apetito\\\/\",\"url\":\"https:\\\/\\\/diarioellabrador.cl\\\/index.php\\\/2026\\\/03\\\/10\\\/pacheco-y-ruiz-sobre-su-vicecampeonato-nos-da-esperanza-y-abre-el-apetito\\\/\",\"name\":\"Pacheco y Ruiz sobre su vicecampeonato: \\\"Nos da esperanza y abre el apetito\\\" - Diario El Labrador\",\"isPartOf\":{\"@id\":\"https:\\\/\\\/diarioellabrador.cl\\\/#website\"},\"primaryImageOfPage\":{\"@id\":\"https:\\\/\\\/diarioellabrador.cl\\\/index.php\\\/2026\\\/03\\\/10\\\/pacheco-y-ruiz-sobre-su-vicecampeonato-nos-da-esperanza-y-abre-el-apetito\\\/#primaryimage\"},\"image\":{\"@id\":\"https:\\\/\\\/diarioellabrador.cl\\\/index.php\\\/2026\\\/03\\\/10\\\/pacheco-y-ruiz-sobre-su-vicecampeonato-nos-da-esperanza-y-abre-el-apetito\\\/#primaryimage\"},\"thumbnailUrl\":\"https:\\\/\\\/diarioellabrador.cl\\\/wp-content\\\/uploads\\\/2026\\\/03\\\/Pacheco-y-Ruiz-sobre-su-vicecampeonato-Nos-da-esperanza-y-abre-el-apetito.jpg\",\"datePublished\":\"2026-03-10T21:30:32+00:00\",\"dateModified\":\"2026-03-10T21:30:34+00:00\",\"breadcrumb\":{\"@id\":\"https:\\\/\\\/diarioellabrador.cl\\\/index.php\\\/2026\\\/03\\\/10\\\/pacheco-y-ruiz-sobre-su-vicecampeonato-nos-da-esperanza-y-abre-el-apetito\\\/#breadcrumb\"},\"inLanguage\":\"es\",\"potentialAction\":[{\"@type\":\"ReadAction\",\"target\":[\"https:\\\/\\\/diarioellabrador.cl\\\/index.php\\\/2026\\\/03\\\/10\\\/pacheco-y-ruiz-sobre-su-vicecampeonato-nos-da-esperanza-y-abre-el-apetito\\\/\"]}]},{\"@type\":\"ImageObject\",\"inLanguage\":\"es\",\"@id\":\"https:\\\/\\\/diarioellabrador.cl\\\/index.php\\\/2026\\\/03\\\/10\\\/pacheco-y-ruiz-sobre-su-vicecampeonato-nos-da-esperanza-y-abre-el-apetito\\\/#primaryimage\",\"url\":\"https:\\\/\\\/diarioellabrador.cl\\\/wp-content\\\/uploads\\\/2026\\\/03\\\/Pacheco-y-Ruiz-sobre-su-vicecampeonato-Nos-da-esperanza-y-abre-el-apetito.jpg\",\"contentUrl\":\"https:\\\/\\\/diarioellabrador.cl\\\/wp-content\\\/uploads\\\/2026\\\/03\\\/Pacheco-y-Ruiz-sobre-su-vicecampeonato-Nos-da-esperanza-y-abre-el-apetito.jpg\",\"width\":750,\"height\":389},{\"@type\":\"BreadcrumbList\",\"@id\":\"https:\\\/\\\/diarioellabrador.cl\\\/index.php\\\/2026\\\/03\\\/10\\\/pacheco-y-ruiz-sobre-su-vicecampeonato-nos-da-esperanza-y-abre-el-apetito\\\/#breadcrumb\",\"itemListElement\":[{\"@type\":\"ListItem\",\"position\":1,\"name\":\"Portada\",\"item\":\"https:\\\/\\\/diarioellabrador.cl\\\/\"},{\"@type\":\"ListItem\",\"position\":2,\"name\":\"Pacheco y Ruiz sobre su vicecampeonato: \u00abNos da esperanza y abre el apetito\u00bb\"}]},{\"@type\":\"WebSite\",\"@id\":\"https:\\\/\\\/diarioellabrador.cl\\\/#website\",\"url\":\"https:\\\/\\\/diarioellabrador.cl\\\/\",\"name\":\"Diario El Labrador\",\"description\":\"Haciendo noticia desde 1921\",\"publisher\":{\"@id\":\"https:\\\/\\\/diarioellabrador.cl\\\/#organization\"},\"potentialAction\":[{\"@type\":\"SearchAction\",\"target\":{\"@type\":\"EntryPoint\",\"urlTemplate\":\"https:\\\/\\\/diarioellabrador.cl\\\/?s={search_term_string}\"},\"query-input\":{\"@type\":\"PropertyValueSpecification\",\"valueRequired\":true,\"valueName\":\"search_term_string\"}}],\"inLanguage\":\"es\"},{\"@type\":\"Organization\",\"@id\":\"https:\\\/\\\/diarioellabrador.cl\\\/#organization\",\"name\":\"Diario El Labrador\",\"url\":\"https:\\\/\\\/diarioellabrador.cl\\\/\",\"logo\":{\"@type\":\"ImageObject\",\"inLanguage\":\"es\",\"@id\":\"https:\\\/\\\/diarioellabrador.cl\\\/#\\\/schema\\\/logo\\\/image\\\/\",\"url\":\"https:\\\/\\\/diarioellabrador.cl\\\/wp-content\\\/uploads\\\/2025\\\/02\\\/cropped-Logo-Icono.png\",\"contentUrl\":\"https:\\\/\\\/diarioellabrador.cl\\\/wp-content\\\/uploads\\\/2025\\\/02\\\/cropped-Logo-Icono.png\",\"width\":512,\"height\":512,\"caption\":\"Diario El Labrador\"},\"image\":{\"@id\":\"https:\\\/\\\/diarioellabrador.cl\\\/#\\\/schema\\\/logo\\\/image\\\/\"},\"sameAs\":[\"https:\\\/\\\/web.facebook.com\\\/profile.php?id=61576120840621\",\"https:\\\/\\\/x.com\\\/ElLabradorOf\",\"https:\\\/\\\/www.instagram.com\\\/diarioellabradoroficial\\\/\"]},{\"@type\":\"Person\",\"@id\":\"https:\\\/\\\/diarioellabrador.cl\\\/#\\\/schema\\\/person\\\/bc25ff80b4563f9c7f4bd7855df01685\",\"name\":\"Editor\",\"image\":{\"@type\":\"ImageObject\",\"inLanguage\":\"es\",\"@id\":\"https:\\\/\\\/secure.gravatar.com\\\/avatar\\\/109c326cf2be5c04f048c2c2a2b8b6ef44bf3d8d1d3d4c55d0ac40c4bc994684?s=96&d=mm&r=g\",\"url\":\"https:\\\/\\\/secure.gravatar.com\\\/avatar\\\/109c326cf2be5c04f048c2c2a2b8b6ef44bf3d8d1d3d4c55d0ac40c4bc994684?s=96&d=mm&r=g\",\"contentUrl\":\"https:\\\/\\\/secure.gravatar.com\\\/avatar\\\/109c326cf2be5c04f048c2c2a2b8b6ef44bf3d8d1d3d4c55d0ac40c4bc994684?s=96&d=mm&r=g\",\"caption\":\"Editor\"},\"url\":\"https:\\\/\\\/diarioellabrador.cl\\\/index.php\\\/author\\\/editor\\\/\"}]}<\/script>\n<!-- \/ Yoast SEO plugin. -->","yoast_head_json":{"title":"Pacheco y Ruiz sobre su vicecampeonato: \"Nos da esperanza y abre el apetito\" - Diario El Labrador","robots":{"index":"index","follow":"follow","max-snippet":"max-snippet:-1","max-image-preview":"max-image-preview:large","max-video-preview":"max-video-preview:-1"},"canonical":"https:\/\/diarioellabrador.cl\/index.php\/2026\/03\/10\/pacheco-y-ruiz-sobre-su-vicecampeonato-nos-da-esperanza-y-abre-el-apetito\/","og_locale":"es_ES","og_type":"article","og_title":"Pacheco y Ruiz sobre su vicecampeonato: \"Nos da esperanza y abre el apetito\" - Diario El Labrador","og_description":"Autor: Alejandro Alegr\u00eda Torres Diego Pacheco y Emiliano Ruiz, la collera de eternos amigos, fueron grandes protagonistas de la Serie de Campeones del Clasificatorio Zona Centro de San Clemente, logrando el vicecampeonato en las yeguas Safira y Estelita con 33 puntos buenos, y llegando al cuarto animal en los potros Santa Isabel Orgullo y Compa\u00f1\u00eda Leer m\u00e1s","og_url":"https:\/\/diarioellabrador.cl\/index.php\/2026\/03\/10\/pacheco-y-ruiz-sobre-su-vicecampeonato-nos-da-esperanza-y-abre-el-apetito\/","og_site_name":"Diario El Labrador","article_publisher":"https:\/\/web.facebook.com\/profile.php?id=61576120840621","article_published_time":"2026-03-10T21:30:32+00:00","article_modified_time":"2026-03-10T21:30:34+00:00","og_image":[{"width":750,"height":389,"url":"https:\/\/diarioellabrador.cl\/wp-content\/uploads\/2026\/03\/Pacheco-y-Ruiz-sobre-su-vicecampeonato-Nos-da-esperanza-y-abre-el-apetito.jpg","type":"image\/jpeg"}],"author":"Editor","twitter_card":"summary_large_image","twitter_creator":"@ElLabradorOf","twitter_site":"@ElLabradorOf","twitter_misc":{"Escrito por":"Editor","Tiempo de lectura":"3 minutos"},"schema":{"@context":"https:\/\/schema.org","@graph":[{"@type":"Article","@id":"https:\/\/diarioellabrador.cl\/index.php\/2026\/03\/10\/pacheco-y-ruiz-sobre-su-vicecampeonato-nos-da-esperanza-y-abre-el-apetito\/#article","isPartOf":{"@id":"https:\/\/diarioellabrador.cl\/index.php\/2026\/03\/10\/pacheco-y-ruiz-sobre-su-vicecampeonato-nos-da-esperanza-y-abre-el-apetito\/"},"author":{"name":"Editor","@id":"https:\/\/diarioellabrador.cl\/#\/schema\/person\/bc25ff80b4563f9c7f4bd7855df01685"},"headline":"Pacheco y Ruiz sobre su vicecampeonato: \u00abNos da esperanza y abre el apetito\u00bb","datePublished":"2026-03-10T21:30:32+00:00","dateModified":"2026-03-10T21:30:34+00:00","mainEntityOfPage":{"@id":"https:\/\/diarioellabrador.cl\/index.php\/2026\/03\/10\/pacheco-y-ruiz-sobre-su-vicecampeonato-nos-da-esperanza-y-abre-el-apetito\/"},"wordCount":648,"commentCount":0,"publisher":{"@id":"https:\/\/diarioellabrador.cl\/#organization"},"image":{"@id":"https:\/\/diarioellabrador.cl\/index.php\/2026\/03\/10\/pacheco-y-ruiz-sobre-su-vicecampeonato-nos-da-esperanza-y-abre-el-apetito\/#primaryimage"},"thumbnailUrl":"https:\/\/diarioellabrador.cl\/wp-content\/uploads\/2026\/03\/Pacheco-y-Ruiz-sobre-su-vicecampeonato-Nos-da-esperanza-y-abre-el-apetito.jpg","articleSection":["Rodeo"],"inLanguage":"es","potentialAction":[{"@type":"CommentAction","name":"Comment","target":["https:\/\/diarioellabrador.cl\/index.php\/2026\/03\/10\/pacheco-y-ruiz-sobre-su-vicecampeonato-nos-da-esperanza-y-abre-el-apetito\/#respond"]}]},{"@type":"WebPage","@id":"https:\/\/diarioellabrador.cl\/index.php\/2026\/03\/10\/pacheco-y-ruiz-sobre-su-vicecampeonato-nos-da-esperanza-y-abre-el-apetito\/","url":"https:\/\/diarioellabrador.cl\/index.php\/2026\/03\/10\/pacheco-y-ruiz-sobre-su-vicecampeonato-nos-da-esperanza-y-abre-el-apetito\/","name":"Pacheco y Ruiz sobre su vicecampeonato: \"Nos da esperanza y abre el apetito\" - Diario El Labrador","isPartOf":{"@id":"https:\/\/diarioellabrador.cl\/#website"},"primaryImageOfPage":{"@id":"https:\/\/diarioellabrador.cl\/index.php\/2026\/03\/10\/pacheco-y-ruiz-sobre-su-vicecampeonato-nos-da-esperanza-y-abre-el-apetito\/#primaryimage"},"image":{"@id":"https:\/\/diarioellabrador.cl\/index.php\/2026\/03\/10\/pacheco-y-ruiz-sobre-su-vicecampeonato-nos-da-esperanza-y-abre-el-apetito\/#primaryimage"},"thumbnailUrl":"https:\/\/diarioellabrador.cl\/wp-content\/uploads\/2026\/03\/Pacheco-y-Ruiz-sobre-su-vicecampeonato-Nos-da-esperanza-y-abre-el-apetito.jpg","datePublished":"2026-03-10T21:30:32+00:00","dateModified":"2026-03-10T21:30:34+00:00","breadcrumb":{"@id":"https:\/\/diarioellabrador.cl\/index.php\/2026\/03\/10\/pacheco-y-ruiz-sobre-su-vicecampeonato-nos-da-esperanza-y-abre-el-apetito\/#breadcrumb"},"inLanguage":"es","potentialAction":[{"@type":"ReadAction","target":["https:\/\/diarioellabrador.cl\/index.php\/2026\/03\/10\/pacheco-y-ruiz-sobre-su-vicecampeonato-nos-da-esperanza-y-abre-el-apetito\/"]}]},{"@type":"ImageObject","inLanguage":"es","@id":"https:\/\/diarioellabrador.cl\/index.php\/2026\/03\/10\/pacheco-y-ruiz-sobre-su-vicecampeonato-nos-da-esperanza-y-abre-el-apetito\/#primaryimage","url":"https:\/\/diarioellabrador.cl\/wp-content\/uploads\/2026\/03\/Pacheco-y-Ruiz-sobre-su-vicecampeonato-Nos-da-esperanza-y-abre-el-apetito.jpg","contentUrl":"https:\/\/diarioellabrador.cl\/wp-content\/uploads\/2026\/03\/Pacheco-y-Ruiz-sobre-su-vicecampeonato-Nos-da-esperanza-y-abre-el-apetito.jpg","width":750,"height":389},{"@type":"BreadcrumbList","@id":"https:\/\/diarioellabrador.cl\/index.php\/2026\/03\/10\/pacheco-y-ruiz-sobre-su-vicecampeonato-nos-da-esperanza-y-abre-el-apetito\/#breadcrumb","itemListElement":[{"@type":"ListItem","position":1,"name":"Portada","item":"https:\/\/diarioellabrador.cl\/"},{"@type":"ListItem","position":2,"name":"Pacheco y Ruiz sobre su vicecampeonato: \u00abNos da esperanza y abre el apetito\u00bb"}]},{"@type":"WebSite","@id":"https:\/\/diarioellabrador.cl\/#website","url":"https:\/\/diarioellabrador.cl\/","name":"Diario El Labrador","description":"Haciendo noticia desde 1921","publisher":{"@id":"https:\/\/diarioellabrador.cl\/#organization"},"potentialAction":[{"@type":"SearchAction","target":{"@type":"EntryPoint","urlTemplate":"https:\/\/diarioellabrador.cl\/?s={search_term_string}"},"query-input":{"@type":"PropertyValueSpecification","valueRequired":true,"valueName":"search_term_string"}}],"inLanguage":"es"},{"@type":"Organization","@id":"https:\/\/diarioellabrador.cl\/#organization","name":"Diario El Labrador","url":"https:\/\/diarioellabrador.cl\/","logo":{"@type":"ImageObject","inLanguage":"es","@id":"https:\/\/diarioellabrador.cl\/#\/schema\/logo\/image\/","url":"https:\/\/diarioellabrador.cl\/wp-content\/uploads\/2025\/02\/cropped-Logo-Icono.png","contentUrl":"https:\/\/diarioellabrador.cl\/wp-content\/uploads\/2025\/02\/cropped-Logo-Icono.png","width":512,"height":512,"caption":"Diario El Labrador"},"image":{"@id":"https:\/\/diarioellabrador.cl\/#\/schema\/logo\/image\/"},"sameAs":["https:\/\/web.facebook.com\/profile.php?id=61576120840621","https:\/\/x.com\/ElLabradorOf","https:\/\/www.instagram.com\/diarioellabradoroficial\/"]},{"@type":"Person","@id":"https:\/\/diarioellabrador.cl\/#\/schema\/person\/bc25ff80b4563f9c7f4bd7855df01685","name":"Editor","image":{"@type":"ImageObject","inLanguage":"es","@id":"https:\/\/secure.gravatar.com\/avatar\/109c326cf2be5c04f048c2c2a2b8b6ef44bf3d8d1d3d4c55d0ac40c4bc994684?s=96&d=mm&r=g","url":"https:\/\/secure.gravatar.com\/avatar\/109c326cf2be5c04f048c2c2a2b8b6ef44bf3d8d1d3d4c55d0ac40c4bc994684?s=96&d=mm&r=g","contentUrl":"https:\/\/secure.gravatar.com\/avatar\/109c326cf2be5c04f048c2c2a2b8b6ef44bf3d8d1d3d4c55d0ac40c4bc994684?s=96&d=mm&r=g","caption":"Editor"},"url":"https:\/\/diarioellabrador.cl\/index.php\/author\/editor\/"}]}},"_links":{"self":[{"href":"https:\/\/diarioellabrador.cl\/index.php\/wp-json\/wp\/v2\/posts\/16381","targetHints":{"allow":["GET"]}}],"collection":[{"href":"https:\/\/diarioellabrador.cl\/index.php\/wp-json\/wp\/v2\/posts"}],"about":[{"href":"https:\/\/diarioellabrador.cl\/index.php\/wp-json\/wp\/v2\/types\/post"}],"author":[{"embeddable":true,"href":"https:\/\/diarioellabrador.cl\/index.php\/wp-json\/wp\/v2\/users\/2"}],"replies":[{"embeddable":true,"href":"https:\/\/diarioellabrador.cl\/index.php\/wp-json\/wp\/v2\/comments?post=16381"}],"version-history":[{"count":1,"href":"https:\/\/diarioellabrador.cl\/index.php\/wp-json\/wp\/v2\/posts\/16381\/revisions"}],"predecessor-version":[{"id":16382,"href":"https:\/\/diarioellabrador.cl\/index.php\/wp-json\/wp\/v2\/posts\/16381\/revisions\/16382"}],"wp:featuredmedia":[{"embeddable":true,"href":"https:\/\/diarioellabrador.cl\/index.php\/wp-json\/wp\/v2\/media\/16361"}],"wp:attachment":[{"href":"https:\/\/diarioellabrador.cl\/index.php\/wp-json\/wp\/v2\/media?parent=16381"}],"wp:term":[{"taxonomy":"category","embeddable":true,"href":"https:\/\/diarioellabrador.cl\/index.php\/wp-json\/wp\/v2\/categories?post=16381"},{"taxonomy":"post_tag","embeddable":true,"href":"https:\/\/diarioellabrador.cl\/index.php\/wp-json\/wp\/v2\/tags?post=16381"}],"curies":[{"name":"wp","href":"https:\/\/api.w.org\/{rel}","templated":true}]}}