{"id":16379,"date":"2026-03-10T17:30:02","date_gmt":"2026-03-10T21:30:02","guid":{"rendered":"https:\/\/diarioellabrador.cl\/?p=16379"},"modified":"2026-03-10T17:30:04","modified_gmt":"2026-03-10T21:30:04","slug":"la-u-solo-empata-ante-udec-en-el-nacional-y-no-convence-en-la-liga-de-primera","status":"publish","type":"post","link":"https:\/\/diarioellabrador.cl\/index.php\/2026\/03\/10\/la-u-solo-empata-ante-udec-en-el-nacional-y-no-convence-en-la-liga-de-primera\/","title":{"rendered":"La U  solo empata ante UdeC en el Nacional y no convence en la Liga de Primera"},"content":{"rendered":"\n<p><strong>La U<\/strong> no puede despegar en la <strong>Liga de Primera 2026<\/strong>. El cuadro azul solo timbr\u00f3 este lunes <strong>un empate a un gol<\/strong> ante <strong>Universidad de Concepci\u00f3n<\/strong>, en el cruce que cerr\u00f3 la fecha 6 del torneo.<\/p>\n\n\n\n<p>Con la igualdad en el Estadio Nacional, el \u2018Rom\u00e1ntico Viajero\u2019 se estacion\u00f3 en el <strong>decimotercer lugar<\/strong> de la tabla de posiciones -aplicando la sanci\u00f3n a La Calera-, con siete unidades de 18 posibles y un solo triunfo en seis fechas.<\/p>\n\n\n\n<p>El \u2018Campanil\u2019, por su parte, lleg\u00f3 a los ocho puntos y es <strong>duod\u00e9cimo<\/strong> en la clasificaci\u00f3n.<\/p>\n\n\n\n<p>Cost\u00f3 que el elenco colegial encontrara el ritmo ante un ordenado rival. Se fue al descanso en desventaja y ante una lluvia de pifias por el opaco rendimiento.<\/p>\n\n\n\n<p>El local qued\u00f3 en desventaja a los 38 minutos en el principal coliseo deportivo del pa\u00eds, con el tanto de <strong>Daniel Barrea<\/strong> a los 38 minutos.<\/p>\n\n\n\n<p>El visitante pill\u00f3 mal parada a la zaga azul y rompi\u00f3 el cero en el reducto de \u00d1u\u00f1oa. Jason Fuentealba vio a Gabriel Castell\u00f3n adelantado y sac\u00f3 un \u2018sombrerito\u201d desde 22 metros que peg\u00f3 en el horizontal.<\/p>\n\n\n\n<p>Tras cart\u00f3n, Barrea aprovech\u00f3 el rebote para <strong>anotar de cabeza<\/strong> y con el arco totalmente desguarnecido.<\/p>\n\n\n\n<p>Adem\u00e1s, el local sufri\u00f3 cerca de la media hora la lesi\u00f3n de su \u2018motorcito\u2019 en el mediocampo, el experimentado <strong>Charles Ar\u00e1nguiz<\/strong>. Fue reemplazado por Agust\u00edn Arce (26\u2019).<\/p>\n\n\n\n<p>Luego de un primer lapso para el olvido. Los de \u2018Paqui\u2019 Meneghini despertaron en el complemento y encontraron la ansiada paridad.<\/p>\n\n\n\n<p>Y el 1-1 lo marc\u00f3 el hist\u00f3rico <strong>Eduardo Vargas<\/strong>, a los 55\u2019. \u2018Turboman\u2019 vulner\u00f3 la valla penquista con un certero cabezazo, tras preciso centro de Fabi\u00e1n Hormaz\u00e1bal por derecha.<\/p>\n\n\n\n<p>El bicampe\u00f3n de Am\u00e9rica con La Roja logr\u00f3 \u2018apagar\u2019 los silbidos.<\/p>\n\n\n\n<p>Despu\u00e9s de la igualdad, La U y los auriazules se intercambiaron ocasiones claras para desnivelar. A los 87\u2019, <strong>Facundo Mater<\/strong> entr\u00f3 solo a rematar y err\u00f3 en la boca del arco para el forastero.<\/p>\n\n\n\n<p>En tanto, tras un tiro de esquina desde la izquierda, <strong>Mart\u00edn Espinoza<\/strong> casi anota a los 90\u2019 para los azules de no ser por la excelente reacci\u00f3n del golero Santiago Silva.<\/p>\n\n\n\n<p>A los 90+4 minutos, Universidad de Chile se qued\u00f3 con 10 hombres en el campo por la expulsi\u00f3n del volante <strong>Marcelo D\u00edaz<\/strong>, quien entr\u00f3 en el complemento, por un golpe en la espalda a Leonel Gonz\u00e1lez.<\/p>\n\n\n\n<p>Pitazo final y las pifias volvieron a aparecer en el Nacional con un especial destinario: un \u2018Paqui\u2019 Meneghini que no logra hacer jugar bien a los azules.<\/p>\n\n\n\n<h1 class=\"wp-block-heading\"><em>Gabriel Castell\u00f3n reclama por mano y penal no cobrado ante UdeC<\/em><\/h1>\n\n\n\n<p>El arquero de Universidad de Chile, <strong>Gabriel Castell\u00f3n<\/strong>, no escondi\u00f3 su furia tras el empate ante la UdeC por La Liga de Primera y, especialmente, por una decisi\u00f3n arbitral que -seg\u00fan dice- los termin\u00f3 perjudicando.<\/p>\n\n\n\n<p>El reclamo del golero es, en espec\u00edfico, por una mano sobre el final no sancionada a Pablo Parra. Una que pudo significar penal para los \u2018azules\u2019.<\/p>\n\n\n\n<p>\u201cLa verdad que para m\u00ed es una mano clara, en otros partidos se ha cobrado esa mano\u201d, recalc\u00f3 Castell\u00f3n en zona mixta tras el partido.<\/p>\n\n\n\n<p>Es m\u00e1s, el meta incluso reconoci\u00f3 que convers\u00f3 con el juez Jos\u00e9 Cabero y su explicaci\u00f3n fue que \u201cme dice que no, porque es una jugada fortuita\u201d.<\/p>\n\n\n\n<p>\u201cPero yo le digo que en otros partidos la han cobrado, entonces creo que el criterio debiese ser siempre igual\u201d, acot\u00f3.<\/p>\n\n\n\n<p>Finalmente, Gabriel Castello remarc\u00f3 que \u201cestas manos las cobran en otros partidos, en este partido deber\u00edan haberla cobrado<strong> y lamentablemente salimos perjudicados por eso\u201d.<\/strong><\/p>\n","protected":false},"excerpt":{"rendered":"<p>La U no puede despegar en la Liga de Primera 2026. El cuadro azul solo timbr\u00f3 este lunes un empate a un gol ante Universidad de Concepci\u00f3n, en el cruce que cerr\u00f3 la fecha 6 del torneo. Con la igualdad en el Estadio Nacional, el \u2018Rom\u00e1ntico Viajero\u2019 se estacion\u00f3 en el decimotercer lugar de la<\/p>\n<div class=\"read-more-wrapper\"><a class=\"read-more\" href=\"https:\/\/diarioellabrador.cl\/index.php\/2026\/03\/10\/la-u-solo-empata-ante-udec-en-el-nacional-y-no-convence-en-la-liga-de-primera\/\" title=\"Leer m\u00e1s\"> <span class=\"button \">Leer m\u00e1s<\/span><\/a><\/div>\n","protected":false},"author":2,"featured_media":16359,"comment_status":"open","ping_status":"open","sticky":false,"template":"","format":"standard","meta":{"footnotes":""},"categories":[4],"tags":[],"class_list":["post-16379","post","type-post","status-publish","format-standard","has-post-thumbnail","hentry","category-deportes"],"yoast_head":"<!-- This site is optimized with the Yoast SEO plugin v27.5 - https:\/\/yoast.com\/product\/yoast-seo-wordpress\/ -->\n<title>La U solo empata ante UdeC en el Nacional y no convence en la Liga de Primera - Diario El Labrador<\/title>\n<meta name=\"robots\" content=\"index, follow, max-snippet:-1, max-image-preview:large, max-video-preview:-1\" \/>\n<link rel=\"canonical\" href=\"https:\/\/diarioellabrador.cl\/index.php\/2026\/03\/10\/la-u-solo-empata-ante-udec-en-el-nacional-y-no-convence-en-la-liga-de-primera\/\" \/>\n<meta property=\"og:locale\" content=\"es_ES\" \/>\n<meta property=\"og:type\" content=\"article\" \/>\n<meta property=\"og:title\" content=\"La U solo empata ante UdeC en el Nacional y no convence en la Liga de Primera - Diario El Labrador\" \/>\n<meta property=\"og:description\" content=\"La U no puede despegar en la Liga de Primera 2026. El cuadro azul solo timbr\u00f3 este lunes un empate a un gol ante Universidad de Concepci\u00f3n, en el cruce que cerr\u00f3 la fecha 6 del torneo. Con la igualdad en el Estadio Nacional, el \u2018Rom\u00e1ntico Viajero\u2019 se estacion\u00f3 en el decimotercer lugar de la Leer m\u00e1s\" \/>\n<meta property=\"og:url\" content=\"https:\/\/diarioellabrador.cl\/index.php\/2026\/03\/10\/la-u-solo-empata-ante-udec-en-el-nacional-y-no-convence-en-la-liga-de-primera\/\" \/>\n<meta property=\"og:site_name\" content=\"Diario El Labrador\" \/>\n<meta property=\"article:publisher\" content=\"https:\/\/web.facebook.com\/profile.php?id=61576120840621\" \/>\n<meta property=\"article:published_time\" content=\"2026-03-10T21:30:02+00:00\" \/>\n<meta property=\"article:modified_time\" content=\"2026-03-10T21:30:04+00:00\" \/>\n<meta property=\"og:image\" content=\"https:\/\/diarioellabrador.cl\/wp-content\/uploads\/2026\/03\/La-U-de-Paqui-Meneghini-solo-empata-ante-UdeC-en-el-Nacional-y-no-convence-en-la-Liga-de-Primera.jpg\" \/>\n\t<meta property=\"og:image:width\" content=\"1200\" \/>\n\t<meta property=\"og:image:height\" content=\"740\" \/>\n\t<meta property=\"og:image:type\" content=\"image\/jpeg\" \/>\n<meta name=\"author\" content=\"Editor\" \/>\n<meta name=\"twitter:card\" content=\"summary_large_image\" \/>\n<meta name=\"twitter:creator\" content=\"@ElLabradorOf\" \/>\n<meta name=\"twitter:site\" content=\"@ElLabradorOf\" \/>\n<meta name=\"twitter:label1\" content=\"Escrito por\" \/>\n\t<meta name=\"twitter:data1\" content=\"Editor\" \/>\n\t<meta name=\"twitter:label2\" content=\"Tiempo de lectura\" \/>\n\t<meta name=\"twitter:data2\" content=\"3 minutos\" \/>\n<script type=\"application\/ld+json\" class=\"yoast-schema-graph\">{\"@context\":\"https:\\\/\\\/schema.org\",\"@graph\":[{\"@type\":\"Article\",\"@id\":\"https:\\\/\\\/diarioellabrador.cl\\\/index.php\\\/2026\\\/03\\\/10\\\/la-u-solo-empata-ante-udec-en-el-nacional-y-no-convence-en-la-liga-de-primera\\\/#article\",\"isPartOf\":{\"@id\":\"https:\\\/\\\/diarioellabrador.cl\\\/index.php\\\/2026\\\/03\\\/10\\\/la-u-solo-empata-ante-udec-en-el-nacional-y-no-convence-en-la-liga-de-primera\\\/\"},\"author\":{\"name\":\"Editor\",\"@id\":\"https:\\\/\\\/diarioellabrador.cl\\\/#\\\/schema\\\/person\\\/bc25ff80b4563f9c7f4bd7855df01685\"},\"headline\":\"La U solo empata ante UdeC en el Nacional y no convence en la Liga de Primera\",\"datePublished\":\"2026-03-10T21:30:02+00:00\",\"dateModified\":\"2026-03-10T21:30:04+00:00\",\"mainEntityOfPage\":{\"@id\":\"https:\\\/\\\/diarioellabrador.cl\\\/index.php\\\/2026\\\/03\\\/10\\\/la-u-solo-empata-ante-udec-en-el-nacional-y-no-convence-en-la-liga-de-primera\\\/\"},\"wordCount\":623,\"commentCount\":0,\"publisher\":{\"@id\":\"https:\\\/\\\/diarioellabrador.cl\\\/#organization\"},\"image\":{\"@id\":\"https:\\\/\\\/diarioellabrador.cl\\\/index.php\\\/2026\\\/03\\\/10\\\/la-u-solo-empata-ante-udec-en-el-nacional-y-no-convence-en-la-liga-de-primera\\\/#primaryimage\"},\"thumbnailUrl\":\"https:\\\/\\\/diarioellabrador.cl\\\/wp-content\\\/uploads\\\/2026\\\/03\\\/La-U-de-Paqui-Meneghini-solo-empata-ante-UdeC-en-el-Nacional-y-no-convence-en-la-Liga-de-Primera.jpg\",\"articleSection\":[\"Deportes\"],\"inLanguage\":\"es\",\"potentialAction\":[{\"@type\":\"CommentAction\",\"name\":\"Comment\",\"target\":[\"https:\\\/\\\/diarioellabrador.cl\\\/index.php\\\/2026\\\/03\\\/10\\\/la-u-solo-empata-ante-udec-en-el-nacional-y-no-convence-en-la-liga-de-primera\\\/#respond\"]}]},{\"@type\":\"WebPage\",\"@id\":\"https:\\\/\\\/diarioellabrador.cl\\\/index.php\\\/2026\\\/03\\\/10\\\/la-u-solo-empata-ante-udec-en-el-nacional-y-no-convence-en-la-liga-de-primera\\\/\",\"url\":\"https:\\\/\\\/diarioellabrador.cl\\\/index.php\\\/2026\\\/03\\\/10\\\/la-u-solo-empata-ante-udec-en-el-nacional-y-no-convence-en-la-liga-de-primera\\\/\",\"name\":\"La U solo empata ante UdeC en el Nacional y no convence en la Liga de Primera - Diario El Labrador\",\"isPartOf\":{\"@id\":\"https:\\\/\\\/diarioellabrador.cl\\\/#website\"},\"primaryImageOfPage\":{\"@id\":\"https:\\\/\\\/diarioellabrador.cl\\\/index.php\\\/2026\\\/03\\\/10\\\/la-u-solo-empata-ante-udec-en-el-nacional-y-no-convence-en-la-liga-de-primera\\\/#primaryimage\"},\"image\":{\"@id\":\"https:\\\/\\\/diarioellabrador.cl\\\/index.php\\\/2026\\\/03\\\/10\\\/la-u-solo-empata-ante-udec-en-el-nacional-y-no-convence-en-la-liga-de-primera\\\/#primaryimage\"},\"thumbnailUrl\":\"https:\\\/\\\/diarioellabrador.cl\\\/wp-content\\\/uploads\\\/2026\\\/03\\\/La-U-de-Paqui-Meneghini-solo-empata-ante-UdeC-en-el-Nacional-y-no-convence-en-la-Liga-de-Primera.jpg\",\"datePublished\":\"2026-03-10T21:30:02+00:00\",\"dateModified\":\"2026-03-10T21:30:04+00:00\",\"breadcrumb\":{\"@id\":\"https:\\\/\\\/diarioellabrador.cl\\\/index.php\\\/2026\\\/03\\\/10\\\/la-u-solo-empata-ante-udec-en-el-nacional-y-no-convence-en-la-liga-de-primera\\\/#breadcrumb\"},\"inLanguage\":\"es\",\"potentialAction\":[{\"@type\":\"ReadAction\",\"target\":[\"https:\\\/\\\/diarioellabrador.cl\\\/index.php\\\/2026\\\/03\\\/10\\\/la-u-solo-empata-ante-udec-en-el-nacional-y-no-convence-en-la-liga-de-primera\\\/\"]}]},{\"@type\":\"ImageObject\",\"inLanguage\":\"es\",\"@id\":\"https:\\\/\\\/diarioellabrador.cl\\\/index.php\\\/2026\\\/03\\\/10\\\/la-u-solo-empata-ante-udec-en-el-nacional-y-no-convence-en-la-liga-de-primera\\\/#primaryimage\",\"url\":\"https:\\\/\\\/diarioellabrador.cl\\\/wp-content\\\/uploads\\\/2026\\\/03\\\/La-U-de-Paqui-Meneghini-solo-empata-ante-UdeC-en-el-Nacional-y-no-convence-en-la-Liga-de-Primera.jpg\",\"contentUrl\":\"https:\\\/\\\/diarioellabrador.cl\\\/wp-content\\\/uploads\\\/2026\\\/03\\\/La-U-de-Paqui-Meneghini-solo-empata-ante-UdeC-en-el-Nacional-y-no-convence-en-la-Liga-de-Primera.jpg\",\"width\":1200,\"height\":740},{\"@type\":\"BreadcrumbList\",\"@id\":\"https:\\\/\\\/diarioellabrador.cl\\\/index.php\\\/2026\\\/03\\\/10\\\/la-u-solo-empata-ante-udec-en-el-nacional-y-no-convence-en-la-liga-de-primera\\\/#breadcrumb\",\"itemListElement\":[{\"@type\":\"ListItem\",\"position\":1,\"name\":\"Portada\",\"item\":\"https:\\\/\\\/diarioellabrador.cl\\\/\"},{\"@type\":\"ListItem\",\"position\":2,\"name\":\"La U solo empata ante UdeC en el Nacional y no convence en la Liga de Primera\"}]},{\"@type\":\"WebSite\",\"@id\":\"https:\\\/\\\/diarioellabrador.cl\\\/#website\",\"url\":\"https:\\\/\\\/diarioellabrador.cl\\\/\",\"name\":\"Diario El Labrador\",\"description\":\"Haciendo noticia desde 1921\",\"publisher\":{\"@id\":\"https:\\\/\\\/diarioellabrador.cl\\\/#organization\"},\"potentialAction\":[{\"@type\":\"SearchAction\",\"target\":{\"@type\":\"EntryPoint\",\"urlTemplate\":\"https:\\\/\\\/diarioellabrador.cl\\\/?s={search_term_string}\"},\"query-input\":{\"@type\":\"PropertyValueSpecification\",\"valueRequired\":true,\"valueName\":\"search_term_string\"}}],\"inLanguage\":\"es\"},{\"@type\":\"Organization\",\"@id\":\"https:\\\/\\\/diarioellabrador.cl\\\/#organization\",\"name\":\"Diario El Labrador\",\"url\":\"https:\\\/\\\/diarioellabrador.cl\\\/\",\"logo\":{\"@type\":\"ImageObject\",\"inLanguage\":\"es\",\"@id\":\"https:\\\/\\\/diarioellabrador.cl\\\/#\\\/schema\\\/logo\\\/image\\\/\",\"url\":\"https:\\\/\\\/diarioellabrador.cl\\\/wp-content\\\/uploads\\\/2025\\\/02\\\/cropped-Logo-Icono.png\",\"contentUrl\":\"https:\\\/\\\/diarioellabrador.cl\\\/wp-content\\\/uploads\\\/2025\\\/02\\\/cropped-Logo-Icono.png\",\"width\":512,\"height\":512,\"caption\":\"Diario El Labrador\"},\"image\":{\"@id\":\"https:\\\/\\\/diarioellabrador.cl\\\/#\\\/schema\\\/logo\\\/image\\\/\"},\"sameAs\":[\"https:\\\/\\\/web.facebook.com\\\/profile.php?id=61576120840621\",\"https:\\\/\\\/x.com\\\/ElLabradorOf\",\"https:\\\/\\\/www.instagram.com\\\/diarioellabradoroficial\\\/\"]},{\"@type\":\"Person\",\"@id\":\"https:\\\/\\\/diarioellabrador.cl\\\/#\\\/schema\\\/person\\\/bc25ff80b4563f9c7f4bd7855df01685\",\"name\":\"Editor\",\"image\":{\"@type\":\"ImageObject\",\"inLanguage\":\"es\",\"@id\":\"https:\\\/\\\/secure.gravatar.com\\\/avatar\\\/109c326cf2be5c04f048c2c2a2b8b6ef44bf3d8d1d3d4c55d0ac40c4bc994684?s=96&d=mm&r=g\",\"url\":\"https:\\\/\\\/secure.gravatar.com\\\/avatar\\\/109c326cf2be5c04f048c2c2a2b8b6ef44bf3d8d1d3d4c55d0ac40c4bc994684?s=96&d=mm&r=g\",\"contentUrl\":\"https:\\\/\\\/secure.gravatar.com\\\/avatar\\\/109c326cf2be5c04f048c2c2a2b8b6ef44bf3d8d1d3d4c55d0ac40c4bc994684?s=96&d=mm&r=g\",\"caption\":\"Editor\"},\"url\":\"https:\\\/\\\/diarioellabrador.cl\\\/index.php\\\/author\\\/editor\\\/\"}]}<\/script>\n<!-- \/ Yoast SEO plugin. -->","yoast_head_json":{"title":"La U solo empata ante UdeC en el Nacional y no convence en la Liga de Primera - Diario El Labrador","robots":{"index":"index","follow":"follow","max-snippet":"max-snippet:-1","max-image-preview":"max-image-preview:large","max-video-preview":"max-video-preview:-1"},"canonical":"https:\/\/diarioellabrador.cl\/index.php\/2026\/03\/10\/la-u-solo-empata-ante-udec-en-el-nacional-y-no-convence-en-la-liga-de-primera\/","og_locale":"es_ES","og_type":"article","og_title":"La U solo empata ante UdeC en el Nacional y no convence en la Liga de Primera - Diario El Labrador","og_description":"La U no puede despegar en la Liga de Primera 2026. El cuadro azul solo timbr\u00f3 este lunes un empate a un gol ante Universidad de Concepci\u00f3n, en el cruce que cerr\u00f3 la fecha 6 del torneo. Con la igualdad en el Estadio Nacional, el \u2018Rom\u00e1ntico Viajero\u2019 se estacion\u00f3 en el decimotercer lugar de la Leer m\u00e1s","og_url":"https:\/\/diarioellabrador.cl\/index.php\/2026\/03\/10\/la-u-solo-empata-ante-udec-en-el-nacional-y-no-convence-en-la-liga-de-primera\/","og_site_name":"Diario El Labrador","article_publisher":"https:\/\/web.facebook.com\/profile.php?id=61576120840621","article_published_time":"2026-03-10T21:30:02+00:00","article_modified_time":"2026-03-10T21:30:04+00:00","og_image":[{"width":1200,"height":740,"url":"https:\/\/diarioellabrador.cl\/wp-content\/uploads\/2026\/03\/La-U-de-Paqui-Meneghini-solo-empata-ante-UdeC-en-el-Nacional-y-no-convence-en-la-Liga-de-Primera.jpg","type":"image\/jpeg"}],"author":"Editor","twitter_card":"summary_large_image","twitter_creator":"@ElLabradorOf","twitter_site":"@ElLabradorOf","twitter_misc":{"Escrito por":"Editor","Tiempo de lectura":"3 minutos"},"schema":{"@context":"https:\/\/schema.org","@graph":[{"@type":"Article","@id":"https:\/\/diarioellabrador.cl\/index.php\/2026\/03\/10\/la-u-solo-empata-ante-udec-en-el-nacional-y-no-convence-en-la-liga-de-primera\/#article","isPartOf":{"@id":"https:\/\/diarioellabrador.cl\/index.php\/2026\/03\/10\/la-u-solo-empata-ante-udec-en-el-nacional-y-no-convence-en-la-liga-de-primera\/"},"author":{"name":"Editor","@id":"https:\/\/diarioellabrador.cl\/#\/schema\/person\/bc25ff80b4563f9c7f4bd7855df01685"},"headline":"La U solo empata ante UdeC en el Nacional y no convence en la Liga de Primera","datePublished":"2026-03-10T21:30:02+00:00","dateModified":"2026-03-10T21:30:04+00:00","mainEntityOfPage":{"@id":"https:\/\/diarioellabrador.cl\/index.php\/2026\/03\/10\/la-u-solo-empata-ante-udec-en-el-nacional-y-no-convence-en-la-liga-de-primera\/"},"wordCount":623,"commentCount":0,"publisher":{"@id":"https:\/\/diarioellabrador.cl\/#organization"},"image":{"@id":"https:\/\/diarioellabrador.cl\/index.php\/2026\/03\/10\/la-u-solo-empata-ante-udec-en-el-nacional-y-no-convence-en-la-liga-de-primera\/#primaryimage"},"thumbnailUrl":"https:\/\/diarioellabrador.cl\/wp-content\/uploads\/2026\/03\/La-U-de-Paqui-Meneghini-solo-empata-ante-UdeC-en-el-Nacional-y-no-convence-en-la-Liga-de-Primera.jpg","articleSection":["Deportes"],"inLanguage":"es","potentialAction":[{"@type":"CommentAction","name":"Comment","target":["https:\/\/diarioellabrador.cl\/index.php\/2026\/03\/10\/la-u-solo-empata-ante-udec-en-el-nacional-y-no-convence-en-la-liga-de-primera\/#respond"]}]},{"@type":"WebPage","@id":"https:\/\/diarioellabrador.cl\/index.php\/2026\/03\/10\/la-u-solo-empata-ante-udec-en-el-nacional-y-no-convence-en-la-liga-de-primera\/","url":"https:\/\/diarioellabrador.cl\/index.php\/2026\/03\/10\/la-u-solo-empata-ante-udec-en-el-nacional-y-no-convence-en-la-liga-de-primera\/","name":"La U solo empata ante UdeC en el Nacional y no convence en la Liga de Primera - Diario El Labrador","isPartOf":{"@id":"https:\/\/diarioellabrador.cl\/#website"},"primaryImageOfPage":{"@id":"https:\/\/diarioellabrador.cl\/index.php\/2026\/03\/10\/la-u-solo-empata-ante-udec-en-el-nacional-y-no-convence-en-la-liga-de-primera\/#primaryimage"},"image":{"@id":"https:\/\/diarioellabrador.cl\/index.php\/2026\/03\/10\/la-u-solo-empata-ante-udec-en-el-nacional-y-no-convence-en-la-liga-de-primera\/#primaryimage"},"thumbnailUrl":"https:\/\/diarioellabrador.cl\/wp-content\/uploads\/2026\/03\/La-U-de-Paqui-Meneghini-solo-empata-ante-UdeC-en-el-Nacional-y-no-convence-en-la-Liga-de-Primera.jpg","datePublished":"2026-03-10T21:30:02+00:00","dateModified":"2026-03-10T21:30:04+00:00","breadcrumb":{"@id":"https:\/\/diarioellabrador.cl\/index.php\/2026\/03\/10\/la-u-solo-empata-ante-udec-en-el-nacional-y-no-convence-en-la-liga-de-primera\/#breadcrumb"},"inLanguage":"es","potentialAction":[{"@type":"ReadAction","target":["https:\/\/diarioellabrador.cl\/index.php\/2026\/03\/10\/la-u-solo-empata-ante-udec-en-el-nacional-y-no-convence-en-la-liga-de-primera\/"]}]},{"@type":"ImageObject","inLanguage":"es","@id":"https:\/\/diarioellabrador.cl\/index.php\/2026\/03\/10\/la-u-solo-empata-ante-udec-en-el-nacional-y-no-convence-en-la-liga-de-primera\/#primaryimage","url":"https:\/\/diarioellabrador.cl\/wp-content\/uploads\/2026\/03\/La-U-de-Paqui-Meneghini-solo-empata-ante-UdeC-en-el-Nacional-y-no-convence-en-la-Liga-de-Primera.jpg","contentUrl":"https:\/\/diarioellabrador.cl\/wp-content\/uploads\/2026\/03\/La-U-de-Paqui-Meneghini-solo-empata-ante-UdeC-en-el-Nacional-y-no-convence-en-la-Liga-de-Primera.jpg","width":1200,"height":740},{"@type":"BreadcrumbList","@id":"https:\/\/diarioellabrador.cl\/index.php\/2026\/03\/10\/la-u-solo-empata-ante-udec-en-el-nacional-y-no-convence-en-la-liga-de-primera\/#breadcrumb","itemListElement":[{"@type":"ListItem","position":1,"name":"Portada","item":"https:\/\/diarioellabrador.cl\/"},{"@type":"ListItem","position":2,"name":"La U solo empata ante UdeC en el Nacional y no convence en la Liga de Primera"}]},{"@type":"WebSite","@id":"https:\/\/diarioellabrador.cl\/#website","url":"https:\/\/diarioellabrador.cl\/","name":"Diario El Labrador","description":"Haciendo noticia desde 1921","publisher":{"@id":"https:\/\/diarioellabrador.cl\/#organization"},"potentialAction":[{"@type":"SearchAction","target":{"@type":"EntryPoint","urlTemplate":"https:\/\/diarioellabrador.cl\/?s={search_term_string}"},"query-input":{"@type":"PropertyValueSpecification","valueRequired":true,"valueName":"search_term_string"}}],"inLanguage":"es"},{"@type":"Organization","@id":"https:\/\/diarioellabrador.cl\/#organization","name":"Diario El Labrador","url":"https:\/\/diarioellabrador.cl\/","logo":{"@type":"ImageObject","inLanguage":"es","@id":"https:\/\/diarioellabrador.cl\/#\/schema\/logo\/image\/","url":"https:\/\/diarioellabrador.cl\/wp-content\/uploads\/2025\/02\/cropped-Logo-Icono.png","contentUrl":"https:\/\/diarioellabrador.cl\/wp-content\/uploads\/2025\/02\/cropped-Logo-Icono.png","width":512,"height":512,"caption":"Diario El Labrador"},"image":{"@id":"https:\/\/diarioellabrador.cl\/#\/schema\/logo\/image\/"},"sameAs":["https:\/\/web.facebook.com\/profile.php?id=61576120840621","https:\/\/x.com\/ElLabradorOf","https:\/\/www.instagram.com\/diarioellabradoroficial\/"]},{"@type":"Person","@id":"https:\/\/diarioellabrador.cl\/#\/schema\/person\/bc25ff80b4563f9c7f4bd7855df01685","name":"Editor","image":{"@type":"ImageObject","inLanguage":"es","@id":"https:\/\/secure.gravatar.com\/avatar\/109c326cf2be5c04f048c2c2a2b8b6ef44bf3d8d1d3d4c55d0ac40c4bc994684?s=96&d=mm&r=g","url":"https:\/\/secure.gravatar.com\/avatar\/109c326cf2be5c04f048c2c2a2b8b6ef44bf3d8d1d3d4c55d0ac40c4bc994684?s=96&d=mm&r=g","contentUrl":"https:\/\/secure.gravatar.com\/avatar\/109c326cf2be5c04f048c2c2a2b8b6ef44bf3d8d1d3d4c55d0ac40c4bc994684?s=96&d=mm&r=g","caption":"Editor"},"url":"https:\/\/diarioellabrador.cl\/index.php\/author\/editor\/"}]}},"_links":{"self":[{"href":"https:\/\/diarioellabrador.cl\/index.php\/wp-json\/wp\/v2\/posts\/16379","targetHints":{"allow":["GET"]}}],"collection":[{"href":"https:\/\/diarioellabrador.cl\/index.php\/wp-json\/wp\/v2\/posts"}],"about":[{"href":"https:\/\/diarioellabrador.cl\/index.php\/wp-json\/wp\/v2\/types\/post"}],"author":[{"embeddable":true,"href":"https:\/\/diarioellabrador.cl\/index.php\/wp-json\/wp\/v2\/users\/2"}],"replies":[{"embeddable":true,"href":"https:\/\/diarioellabrador.cl\/index.php\/wp-json\/wp\/v2\/comments?post=16379"}],"version-history":[{"count":1,"href":"https:\/\/diarioellabrador.cl\/index.php\/wp-json\/wp\/v2\/posts\/16379\/revisions"}],"predecessor-version":[{"id":16380,"href":"https:\/\/diarioellabrador.cl\/index.php\/wp-json\/wp\/v2\/posts\/16379\/revisions\/16380"}],"wp:featuredmedia":[{"embeddable":true,"href":"https:\/\/diarioellabrador.cl\/index.php\/wp-json\/wp\/v2\/media\/16359"}],"wp:attachment":[{"href":"https:\/\/diarioellabrador.cl\/index.php\/wp-json\/wp\/v2\/media?parent=16379"}],"wp:term":[{"taxonomy":"category","embeddable":true,"href":"https:\/\/diarioellabrador.cl\/index.php\/wp-json\/wp\/v2\/categories?post=16379"},{"taxonomy":"post_tag","embeddable":true,"href":"https:\/\/diarioellabrador.cl\/index.php\/wp-json\/wp\/v2\/tags?post=16379"}],"curies":[{"name":"wp","href":"https:\/\/api.w.org\/{rel}","templated":true}]}}