{"id":16357,"date":"2026-03-10T17:29:26","date_gmt":"2026-03-10T21:29:26","guid":{"rendered":"https:\/\/diarioellabrador.cl\/?p=16357"},"modified":"2026-03-10T17:29:27","modified_gmt":"2026-03-10T21:29:27","slug":"atletico-mineiro-condena-pelea-de-sus-jugadores-en-duelo-con-cruzeiro-y-avisa-de-medidas-necesarias","status":"publish","type":"post","link":"https:\/\/diarioellabrador.cl\/index.php\/2026\/03\/10\/atletico-mineiro-condena-pelea-de-sus-jugadores-en-duelo-con-cruzeiro-y-avisa-de-medidas-necesarias\/","title":{"rendered":"Atl\u00e9tico Mineiro condena pelea de sus jugadores en duelo con Cruzeiro y avisa de \u00abmedidas necesarias\u00bb"},"content":{"rendered":"\n<p><strong>Atl\u00e9tico Mineiro <\/strong>conden\u00f3 la trifulca ocurrida entre sus jugadores y los del Cruzeiro, durante la final del campeonato regional brasile\u00f1o disputada el domingo en Belo Horizonte, y calific\u00f3 de <strong>\u201clamentables\u201d las agresiones en el campo que ocasionaron la expulsi\u00f3n de 23 futbolistas.<\/strong><\/p>\n\n\n\n<p>En un mensaje publicado en las redes sociales, el Mineiro se\u00f1al\u00f3 que el club y sus jugadores <strong>\u201cno toleran ninguna forma de violencia en el f\u00fatbol\u201d<\/strong> y reafirm\u00f3 su compromiso con el respeto, el juego limpio y los valores que deben guiarlo.<\/p>\n\n\n\n<p>Asimismo, el conjunto de Belo Horizonte asegur\u00f3 que tomar\u00e1 \u201clas medidas necesarias internamente\u201d, para evitar que ese tipo de situaciones se repitan.<\/p>\n\n\n\n<p>Horas antes, <strong>Hulk, delantero del Galo, ya hab\u00eda pedido disculpas<\/strong> a trav\u00e9s de las redes.<\/p>\n\n\n\n<p>El principal artillero del Mineiro se\u00f1al\u00f3 que, aunque la rivalidad hace parte del deporte, el respeto siempre debe prevalecer sobre cualquier emoci\u00f3n.<\/p>\n\n\n\n<p><strong>\u201cPido disculpas a todos los que estuvieron en el estadio, a quienes lo vieron por televisi\u00f3n y, especialmente, a los ni\u00f1os<\/strong> que ven el f\u00fatbol como inspiraci\u00f3n. Lo que vimos en el campo no es el ejemplo que queremos dar\u201d, afirm\u00f3.<\/p>\n\n\n\n<p>Hasta el momento, Cruzeiro no se ha pronunciado sobre el tema y en las redes solo aparecen fotograf\u00edas relativas a su victoria en el torneo regional.<\/p>\n\n\n\n<p>El incidente ocurri\u00f3 antes de finalizar el partido que defin\u00eda el Campeonato Mineiro y del que sali\u00f3 victorioso <strong>Cruzeiro al imponerse por 1-0 ante el Galo.<\/strong><\/p>\n\n\n\n<p>La pelea comenz\u00f3 con una disputa entre el centrocampista del Cruzeiro Christian y el portero del Atletico MG Everson, que se enzarzaron en la disputa de un bal\u00f3n.<\/p>\n\n\n\n<p>A partir de este instante se arm\u00f3 una violenta trifulca en la que<strong> volaron pu\u00f1os y patadas entre jugadores por toda la cancha y que tard\u00f3 diez minutos en ser aplacada.<\/strong><\/p>\n\n\n\n<p><strong>El \u00e1rbitro Matheus Canda\u00e7an decidi\u00f3 23 expulsione<\/strong>s: la de Christian, por golpear a Everson \u201cen la cabeza con la espinilla, con fuerza excesiva e intensidad alta\u201d, y al guardameta por \u201cagredir al rival con brutalidad, golpe\u00e1ndole con la rodilla en la cara\u201d.<\/p>\n\n\n\n<p>Los otros 21 expulsados fueron, por el Cruzeiro, Casio, Fagner, Fabricio Bruno, Joao Marcelo, Villalba, Kaua Prates, Lucas Romero, Matheus Henrique, Walace, Gerson y Kaio Jorge; y por el Atl\u00e9tico Mineiro, Gabriel Delfim, Preciado, Lyanco, Ruan Tressoldi, Junior Alonso, Renan Lodi, Alan Franco, Alan Minda, Cassierra y Hulk.<\/p>\n\n\n\n<p>Estas 21 expulsiones fueron justificadas por (\u2026) \u201cgolpear y dar pu\u00f1etazos y patadas a sus adversarios (en la reyerta), no siendo posible mostrar la tarjeta roja debido al tumulto\u201d.<\/p>\n\n\n\n<p><strong>Las 23 rojas se convirtieron en un nuevo r\u00e9cord en la historia del f\u00fatbol brasile\u00f1o<\/strong>, luego de las 22 decretadas en el Portuguesa-Botafogo del torneo R\u00edo-Sao Paulo en 1954.<\/p>\n","protected":false},"excerpt":{"rendered":"<p>Atl\u00e9tico Mineiro conden\u00f3 la trifulca ocurrida entre sus jugadores y los del Cruzeiro, durante la final del campeonato regional brasile\u00f1o disputada el domingo en Belo Horizonte, y calific\u00f3 de \u201clamentables\u201d las agresiones en el campo que ocasionaron la expulsi\u00f3n de 23 futbolistas. En un mensaje publicado en las redes sociales, el Mineiro se\u00f1al\u00f3 que el<\/p>\n<div class=\"read-more-wrapper\"><a class=\"read-more\" href=\"https:\/\/diarioellabrador.cl\/index.php\/2026\/03\/10\/atletico-mineiro-condena-pelea-de-sus-jugadores-en-duelo-con-cruzeiro-y-avisa-de-medidas-necesarias\/\" title=\"Leer m\u00e1s\"> <span class=\"button \">Leer m\u00e1s<\/span><\/a><\/div>\n","protected":false},"author":2,"featured_media":16358,"comment_status":"open","ping_status":"open","sticky":false,"template":"","format":"standard","meta":{"footnotes":""},"categories":[4],"tags":[],"class_list":["post-16357","post","type-post","status-publish","format-standard","has-post-thumbnail","hentry","category-deportes"],"yoast_head":"<!-- This site is optimized with the Yoast SEO plugin v27.5 - https:\/\/yoast.com\/product\/yoast-seo-wordpress\/ -->\n<title>Atl\u00e9tico Mineiro condena pelea de sus jugadores en duelo con Cruzeiro y avisa de &quot;medidas necesarias&quot; - Diario El Labrador<\/title>\n<meta name=\"robots\" content=\"index, follow, max-snippet:-1, max-image-preview:large, max-video-preview:-1\" \/>\n<link rel=\"canonical\" href=\"https:\/\/diarioellabrador.cl\/index.php\/2026\/03\/10\/atletico-mineiro-condena-pelea-de-sus-jugadores-en-duelo-con-cruzeiro-y-avisa-de-medidas-necesarias\/\" \/>\n<meta property=\"og:locale\" content=\"es_ES\" \/>\n<meta property=\"og:type\" content=\"article\" \/>\n<meta property=\"og:title\" content=\"Atl\u00e9tico Mineiro condena pelea de sus jugadores en duelo con Cruzeiro y avisa de &quot;medidas necesarias&quot; - Diario El Labrador\" \/>\n<meta property=\"og:description\" content=\"Atl\u00e9tico Mineiro conden\u00f3 la trifulca ocurrida entre sus jugadores y los del Cruzeiro, durante la final del campeonato regional brasile\u00f1o disputada el domingo en Belo Horizonte, y calific\u00f3 de \u201clamentables\u201d las agresiones en el campo que ocasionaron la expulsi\u00f3n de 23 futbolistas. En un mensaje publicado en las redes sociales, el Mineiro se\u00f1al\u00f3 que el Leer m\u00e1s\" \/>\n<meta property=\"og:url\" content=\"https:\/\/diarioellabrador.cl\/index.php\/2026\/03\/10\/atletico-mineiro-condena-pelea-de-sus-jugadores-en-duelo-con-cruzeiro-y-avisa-de-medidas-necesarias\/\" \/>\n<meta property=\"og:site_name\" content=\"Diario El Labrador\" \/>\n<meta property=\"article:publisher\" content=\"https:\/\/web.facebook.com\/profile.php?id=61576120840621\" \/>\n<meta property=\"article:published_time\" content=\"2026-03-10T21:29:26+00:00\" \/>\n<meta property=\"article:modified_time\" content=\"2026-03-10T21:29:27+00:00\" \/>\n<meta property=\"og:image\" content=\"https:\/\/diarioellabrador.cl\/wp-content\/uploads\/2026\/03\/Atletico-Mineiro-condena-pelea-de-sus-jugadores-en-duelo-con-Cruzeiro-y-avisa-de-medidas-necesarias.jpg\" \/>\n\t<meta property=\"og:image:width\" content=\"1200\" \/>\n\t<meta property=\"og:image:height\" content=\"650\" \/>\n\t<meta property=\"og:image:type\" content=\"image\/jpeg\" \/>\n<meta name=\"author\" content=\"Editor\" \/>\n<meta name=\"twitter:card\" content=\"summary_large_image\" \/>\n<meta name=\"twitter:creator\" content=\"@ElLabradorOf\" \/>\n<meta name=\"twitter:site\" content=\"@ElLabradorOf\" \/>\n<meta name=\"twitter:label1\" content=\"Escrito por\" \/>\n\t<meta name=\"twitter:data1\" content=\"Editor\" \/>\n\t<meta name=\"twitter:label2\" content=\"Tiempo de lectura\" \/>\n\t<meta name=\"twitter:data2\" content=\"3 minutos\" \/>\n<script type=\"application\/ld+json\" class=\"yoast-schema-graph\">{\"@context\":\"https:\\\/\\\/schema.org\",\"@graph\":[{\"@type\":\"Article\",\"@id\":\"https:\\\/\\\/diarioellabrador.cl\\\/index.php\\\/2026\\\/03\\\/10\\\/atletico-mineiro-condena-pelea-de-sus-jugadores-en-duelo-con-cruzeiro-y-avisa-de-medidas-necesarias\\\/#article\",\"isPartOf\":{\"@id\":\"https:\\\/\\\/diarioellabrador.cl\\\/index.php\\\/2026\\\/03\\\/10\\\/atletico-mineiro-condena-pelea-de-sus-jugadores-en-duelo-con-cruzeiro-y-avisa-de-medidas-necesarias\\\/\"},\"author\":{\"name\":\"Editor\",\"@id\":\"https:\\\/\\\/diarioellabrador.cl\\\/#\\\/schema\\\/person\\\/bc25ff80b4563f9c7f4bd7855df01685\"},\"headline\":\"Atl\u00e9tico Mineiro condena pelea de sus jugadores en duelo con Cruzeiro y avisa de \u00abmedidas necesarias\u00bb\",\"datePublished\":\"2026-03-10T21:29:26+00:00\",\"dateModified\":\"2026-03-10T21:29:27+00:00\",\"mainEntityOfPage\":{\"@id\":\"https:\\\/\\\/diarioellabrador.cl\\\/index.php\\\/2026\\\/03\\\/10\\\/atletico-mineiro-condena-pelea-de-sus-jugadores-en-duelo-con-cruzeiro-y-avisa-de-medidas-necesarias\\\/\"},\"wordCount\":477,\"commentCount\":0,\"publisher\":{\"@id\":\"https:\\\/\\\/diarioellabrador.cl\\\/#organization\"},\"image\":{\"@id\":\"https:\\\/\\\/diarioellabrador.cl\\\/index.php\\\/2026\\\/03\\\/10\\\/atletico-mineiro-condena-pelea-de-sus-jugadores-en-duelo-con-cruzeiro-y-avisa-de-medidas-necesarias\\\/#primaryimage\"},\"thumbnailUrl\":\"https:\\\/\\\/diarioellabrador.cl\\\/wp-content\\\/uploads\\\/2026\\\/03\\\/Atletico-Mineiro-condena-pelea-de-sus-jugadores-en-duelo-con-Cruzeiro-y-avisa-de-medidas-necesarias.jpg\",\"articleSection\":[\"Deportes\"],\"inLanguage\":\"es\",\"potentialAction\":[{\"@type\":\"CommentAction\",\"name\":\"Comment\",\"target\":[\"https:\\\/\\\/diarioellabrador.cl\\\/index.php\\\/2026\\\/03\\\/10\\\/atletico-mineiro-condena-pelea-de-sus-jugadores-en-duelo-con-cruzeiro-y-avisa-de-medidas-necesarias\\\/#respond\"]}]},{\"@type\":\"WebPage\",\"@id\":\"https:\\\/\\\/diarioellabrador.cl\\\/index.php\\\/2026\\\/03\\\/10\\\/atletico-mineiro-condena-pelea-de-sus-jugadores-en-duelo-con-cruzeiro-y-avisa-de-medidas-necesarias\\\/\",\"url\":\"https:\\\/\\\/diarioellabrador.cl\\\/index.php\\\/2026\\\/03\\\/10\\\/atletico-mineiro-condena-pelea-de-sus-jugadores-en-duelo-con-cruzeiro-y-avisa-de-medidas-necesarias\\\/\",\"name\":\"Atl\u00e9tico Mineiro condena pelea de sus jugadores en duelo con Cruzeiro y avisa de \\\"medidas necesarias\\\" - Diario El Labrador\",\"isPartOf\":{\"@id\":\"https:\\\/\\\/diarioellabrador.cl\\\/#website\"},\"primaryImageOfPage\":{\"@id\":\"https:\\\/\\\/diarioellabrador.cl\\\/index.php\\\/2026\\\/03\\\/10\\\/atletico-mineiro-condena-pelea-de-sus-jugadores-en-duelo-con-cruzeiro-y-avisa-de-medidas-necesarias\\\/#primaryimage\"},\"image\":{\"@id\":\"https:\\\/\\\/diarioellabrador.cl\\\/index.php\\\/2026\\\/03\\\/10\\\/atletico-mineiro-condena-pelea-de-sus-jugadores-en-duelo-con-cruzeiro-y-avisa-de-medidas-necesarias\\\/#primaryimage\"},\"thumbnailUrl\":\"https:\\\/\\\/diarioellabrador.cl\\\/wp-content\\\/uploads\\\/2026\\\/03\\\/Atletico-Mineiro-condena-pelea-de-sus-jugadores-en-duelo-con-Cruzeiro-y-avisa-de-medidas-necesarias.jpg\",\"datePublished\":\"2026-03-10T21:29:26+00:00\",\"dateModified\":\"2026-03-10T21:29:27+00:00\",\"breadcrumb\":{\"@id\":\"https:\\\/\\\/diarioellabrador.cl\\\/index.php\\\/2026\\\/03\\\/10\\\/atletico-mineiro-condena-pelea-de-sus-jugadores-en-duelo-con-cruzeiro-y-avisa-de-medidas-necesarias\\\/#breadcrumb\"},\"inLanguage\":\"es\",\"potentialAction\":[{\"@type\":\"ReadAction\",\"target\":[\"https:\\\/\\\/diarioellabrador.cl\\\/index.php\\\/2026\\\/03\\\/10\\\/atletico-mineiro-condena-pelea-de-sus-jugadores-en-duelo-con-cruzeiro-y-avisa-de-medidas-necesarias\\\/\"]}]},{\"@type\":\"ImageObject\",\"inLanguage\":\"es\",\"@id\":\"https:\\\/\\\/diarioellabrador.cl\\\/index.php\\\/2026\\\/03\\\/10\\\/atletico-mineiro-condena-pelea-de-sus-jugadores-en-duelo-con-cruzeiro-y-avisa-de-medidas-necesarias\\\/#primaryimage\",\"url\":\"https:\\\/\\\/diarioellabrador.cl\\\/wp-content\\\/uploads\\\/2026\\\/03\\\/Atletico-Mineiro-condena-pelea-de-sus-jugadores-en-duelo-con-Cruzeiro-y-avisa-de-medidas-necesarias.jpg\",\"contentUrl\":\"https:\\\/\\\/diarioellabrador.cl\\\/wp-content\\\/uploads\\\/2026\\\/03\\\/Atletico-Mineiro-condena-pelea-de-sus-jugadores-en-duelo-con-Cruzeiro-y-avisa-de-medidas-necesarias.jpg\",\"width\":1200,\"height\":650},{\"@type\":\"BreadcrumbList\",\"@id\":\"https:\\\/\\\/diarioellabrador.cl\\\/index.php\\\/2026\\\/03\\\/10\\\/atletico-mineiro-condena-pelea-de-sus-jugadores-en-duelo-con-cruzeiro-y-avisa-de-medidas-necesarias\\\/#breadcrumb\",\"itemListElement\":[{\"@type\":\"ListItem\",\"position\":1,\"name\":\"Portada\",\"item\":\"https:\\\/\\\/diarioellabrador.cl\\\/\"},{\"@type\":\"ListItem\",\"position\":2,\"name\":\"Atl\u00e9tico Mineiro condena pelea de sus jugadores en duelo con Cruzeiro y avisa de \u00abmedidas necesarias\u00bb\"}]},{\"@type\":\"WebSite\",\"@id\":\"https:\\\/\\\/diarioellabrador.cl\\\/#website\",\"url\":\"https:\\\/\\\/diarioellabrador.cl\\\/\",\"name\":\"Diario El Labrador\",\"description\":\"Haciendo noticia desde 1921\",\"publisher\":{\"@id\":\"https:\\\/\\\/diarioellabrador.cl\\\/#organization\"},\"potentialAction\":[{\"@type\":\"SearchAction\",\"target\":{\"@type\":\"EntryPoint\",\"urlTemplate\":\"https:\\\/\\\/diarioellabrador.cl\\\/?s={search_term_string}\"},\"query-input\":{\"@type\":\"PropertyValueSpecification\",\"valueRequired\":true,\"valueName\":\"search_term_string\"}}],\"inLanguage\":\"es\"},{\"@type\":\"Organization\",\"@id\":\"https:\\\/\\\/diarioellabrador.cl\\\/#organization\",\"name\":\"Diario El Labrador\",\"url\":\"https:\\\/\\\/diarioellabrador.cl\\\/\",\"logo\":{\"@type\":\"ImageObject\",\"inLanguage\":\"es\",\"@id\":\"https:\\\/\\\/diarioellabrador.cl\\\/#\\\/schema\\\/logo\\\/image\\\/\",\"url\":\"https:\\\/\\\/diarioellabrador.cl\\\/wp-content\\\/uploads\\\/2025\\\/02\\\/cropped-Logo-Icono.png\",\"contentUrl\":\"https:\\\/\\\/diarioellabrador.cl\\\/wp-content\\\/uploads\\\/2025\\\/02\\\/cropped-Logo-Icono.png\",\"width\":512,\"height\":512,\"caption\":\"Diario El Labrador\"},\"image\":{\"@id\":\"https:\\\/\\\/diarioellabrador.cl\\\/#\\\/schema\\\/logo\\\/image\\\/\"},\"sameAs\":[\"https:\\\/\\\/web.facebook.com\\\/profile.php?id=61576120840621\",\"https:\\\/\\\/x.com\\\/ElLabradorOf\",\"https:\\\/\\\/www.instagram.com\\\/diarioellabradoroficial\\\/\"]},{\"@type\":\"Person\",\"@id\":\"https:\\\/\\\/diarioellabrador.cl\\\/#\\\/schema\\\/person\\\/bc25ff80b4563f9c7f4bd7855df01685\",\"name\":\"Editor\",\"image\":{\"@type\":\"ImageObject\",\"inLanguage\":\"es\",\"@id\":\"https:\\\/\\\/secure.gravatar.com\\\/avatar\\\/109c326cf2be5c04f048c2c2a2b8b6ef44bf3d8d1d3d4c55d0ac40c4bc994684?s=96&d=mm&r=g\",\"url\":\"https:\\\/\\\/secure.gravatar.com\\\/avatar\\\/109c326cf2be5c04f048c2c2a2b8b6ef44bf3d8d1d3d4c55d0ac40c4bc994684?s=96&d=mm&r=g\",\"contentUrl\":\"https:\\\/\\\/secure.gravatar.com\\\/avatar\\\/109c326cf2be5c04f048c2c2a2b8b6ef44bf3d8d1d3d4c55d0ac40c4bc994684?s=96&d=mm&r=g\",\"caption\":\"Editor\"},\"url\":\"https:\\\/\\\/diarioellabrador.cl\\\/index.php\\\/author\\\/editor\\\/\"}]}<\/script>\n<!-- \/ Yoast SEO plugin. -->","yoast_head_json":{"title":"Atl\u00e9tico Mineiro condena pelea de sus jugadores en duelo con Cruzeiro y avisa de \"medidas necesarias\" - Diario El Labrador","robots":{"index":"index","follow":"follow","max-snippet":"max-snippet:-1","max-image-preview":"max-image-preview:large","max-video-preview":"max-video-preview:-1"},"canonical":"https:\/\/diarioellabrador.cl\/index.php\/2026\/03\/10\/atletico-mineiro-condena-pelea-de-sus-jugadores-en-duelo-con-cruzeiro-y-avisa-de-medidas-necesarias\/","og_locale":"es_ES","og_type":"article","og_title":"Atl\u00e9tico Mineiro condena pelea de sus jugadores en duelo con Cruzeiro y avisa de \"medidas necesarias\" - Diario El Labrador","og_description":"Atl\u00e9tico Mineiro conden\u00f3 la trifulca ocurrida entre sus jugadores y los del Cruzeiro, durante la final del campeonato regional brasile\u00f1o disputada el domingo en Belo Horizonte, y calific\u00f3 de \u201clamentables\u201d las agresiones en el campo que ocasionaron la expulsi\u00f3n de 23 futbolistas. En un mensaje publicado en las redes sociales, el Mineiro se\u00f1al\u00f3 que el Leer m\u00e1s","og_url":"https:\/\/diarioellabrador.cl\/index.php\/2026\/03\/10\/atletico-mineiro-condena-pelea-de-sus-jugadores-en-duelo-con-cruzeiro-y-avisa-de-medidas-necesarias\/","og_site_name":"Diario El Labrador","article_publisher":"https:\/\/web.facebook.com\/profile.php?id=61576120840621","article_published_time":"2026-03-10T21:29:26+00:00","article_modified_time":"2026-03-10T21:29:27+00:00","og_image":[{"width":1200,"height":650,"url":"https:\/\/diarioellabrador.cl\/wp-content\/uploads\/2026\/03\/Atletico-Mineiro-condena-pelea-de-sus-jugadores-en-duelo-con-Cruzeiro-y-avisa-de-medidas-necesarias.jpg","type":"image\/jpeg"}],"author":"Editor","twitter_card":"summary_large_image","twitter_creator":"@ElLabradorOf","twitter_site":"@ElLabradorOf","twitter_misc":{"Escrito por":"Editor","Tiempo de lectura":"3 minutos"},"schema":{"@context":"https:\/\/schema.org","@graph":[{"@type":"Article","@id":"https:\/\/diarioellabrador.cl\/index.php\/2026\/03\/10\/atletico-mineiro-condena-pelea-de-sus-jugadores-en-duelo-con-cruzeiro-y-avisa-de-medidas-necesarias\/#article","isPartOf":{"@id":"https:\/\/diarioellabrador.cl\/index.php\/2026\/03\/10\/atletico-mineiro-condena-pelea-de-sus-jugadores-en-duelo-con-cruzeiro-y-avisa-de-medidas-necesarias\/"},"author":{"name":"Editor","@id":"https:\/\/diarioellabrador.cl\/#\/schema\/person\/bc25ff80b4563f9c7f4bd7855df01685"},"headline":"Atl\u00e9tico Mineiro condena pelea de sus jugadores en duelo con Cruzeiro y avisa de \u00abmedidas necesarias\u00bb","datePublished":"2026-03-10T21:29:26+00:00","dateModified":"2026-03-10T21:29:27+00:00","mainEntityOfPage":{"@id":"https:\/\/diarioellabrador.cl\/index.php\/2026\/03\/10\/atletico-mineiro-condena-pelea-de-sus-jugadores-en-duelo-con-cruzeiro-y-avisa-de-medidas-necesarias\/"},"wordCount":477,"commentCount":0,"publisher":{"@id":"https:\/\/diarioellabrador.cl\/#organization"},"image":{"@id":"https:\/\/diarioellabrador.cl\/index.php\/2026\/03\/10\/atletico-mineiro-condena-pelea-de-sus-jugadores-en-duelo-con-cruzeiro-y-avisa-de-medidas-necesarias\/#primaryimage"},"thumbnailUrl":"https:\/\/diarioellabrador.cl\/wp-content\/uploads\/2026\/03\/Atletico-Mineiro-condena-pelea-de-sus-jugadores-en-duelo-con-Cruzeiro-y-avisa-de-medidas-necesarias.jpg","articleSection":["Deportes"],"inLanguage":"es","potentialAction":[{"@type":"CommentAction","name":"Comment","target":["https:\/\/diarioellabrador.cl\/index.php\/2026\/03\/10\/atletico-mineiro-condena-pelea-de-sus-jugadores-en-duelo-con-cruzeiro-y-avisa-de-medidas-necesarias\/#respond"]}]},{"@type":"WebPage","@id":"https:\/\/diarioellabrador.cl\/index.php\/2026\/03\/10\/atletico-mineiro-condena-pelea-de-sus-jugadores-en-duelo-con-cruzeiro-y-avisa-de-medidas-necesarias\/","url":"https:\/\/diarioellabrador.cl\/index.php\/2026\/03\/10\/atletico-mineiro-condena-pelea-de-sus-jugadores-en-duelo-con-cruzeiro-y-avisa-de-medidas-necesarias\/","name":"Atl\u00e9tico Mineiro condena pelea de sus jugadores en duelo con Cruzeiro y avisa de \"medidas necesarias\" - Diario El Labrador","isPartOf":{"@id":"https:\/\/diarioellabrador.cl\/#website"},"primaryImageOfPage":{"@id":"https:\/\/diarioellabrador.cl\/index.php\/2026\/03\/10\/atletico-mineiro-condena-pelea-de-sus-jugadores-en-duelo-con-cruzeiro-y-avisa-de-medidas-necesarias\/#primaryimage"},"image":{"@id":"https:\/\/diarioellabrador.cl\/index.php\/2026\/03\/10\/atletico-mineiro-condena-pelea-de-sus-jugadores-en-duelo-con-cruzeiro-y-avisa-de-medidas-necesarias\/#primaryimage"},"thumbnailUrl":"https:\/\/diarioellabrador.cl\/wp-content\/uploads\/2026\/03\/Atletico-Mineiro-condena-pelea-de-sus-jugadores-en-duelo-con-Cruzeiro-y-avisa-de-medidas-necesarias.jpg","datePublished":"2026-03-10T21:29:26+00:00","dateModified":"2026-03-10T21:29:27+00:00","breadcrumb":{"@id":"https:\/\/diarioellabrador.cl\/index.php\/2026\/03\/10\/atletico-mineiro-condena-pelea-de-sus-jugadores-en-duelo-con-cruzeiro-y-avisa-de-medidas-necesarias\/#breadcrumb"},"inLanguage":"es","potentialAction":[{"@type":"ReadAction","target":["https:\/\/diarioellabrador.cl\/index.php\/2026\/03\/10\/atletico-mineiro-condena-pelea-de-sus-jugadores-en-duelo-con-cruzeiro-y-avisa-de-medidas-necesarias\/"]}]},{"@type":"ImageObject","inLanguage":"es","@id":"https:\/\/diarioellabrador.cl\/index.php\/2026\/03\/10\/atletico-mineiro-condena-pelea-de-sus-jugadores-en-duelo-con-cruzeiro-y-avisa-de-medidas-necesarias\/#primaryimage","url":"https:\/\/diarioellabrador.cl\/wp-content\/uploads\/2026\/03\/Atletico-Mineiro-condena-pelea-de-sus-jugadores-en-duelo-con-Cruzeiro-y-avisa-de-medidas-necesarias.jpg","contentUrl":"https:\/\/diarioellabrador.cl\/wp-content\/uploads\/2026\/03\/Atletico-Mineiro-condena-pelea-de-sus-jugadores-en-duelo-con-Cruzeiro-y-avisa-de-medidas-necesarias.jpg","width":1200,"height":650},{"@type":"BreadcrumbList","@id":"https:\/\/diarioellabrador.cl\/index.php\/2026\/03\/10\/atletico-mineiro-condena-pelea-de-sus-jugadores-en-duelo-con-cruzeiro-y-avisa-de-medidas-necesarias\/#breadcrumb","itemListElement":[{"@type":"ListItem","position":1,"name":"Portada","item":"https:\/\/diarioellabrador.cl\/"},{"@type":"ListItem","position":2,"name":"Atl\u00e9tico Mineiro condena pelea de sus jugadores en duelo con Cruzeiro y avisa de \u00abmedidas necesarias\u00bb"}]},{"@type":"WebSite","@id":"https:\/\/diarioellabrador.cl\/#website","url":"https:\/\/diarioellabrador.cl\/","name":"Diario El Labrador","description":"Haciendo noticia desde 1921","publisher":{"@id":"https:\/\/diarioellabrador.cl\/#organization"},"potentialAction":[{"@type":"SearchAction","target":{"@type":"EntryPoint","urlTemplate":"https:\/\/diarioellabrador.cl\/?s={search_term_string}"},"query-input":{"@type":"PropertyValueSpecification","valueRequired":true,"valueName":"search_term_string"}}],"inLanguage":"es"},{"@type":"Organization","@id":"https:\/\/diarioellabrador.cl\/#organization","name":"Diario El Labrador","url":"https:\/\/diarioellabrador.cl\/","logo":{"@type":"ImageObject","inLanguage":"es","@id":"https:\/\/diarioellabrador.cl\/#\/schema\/logo\/image\/","url":"https:\/\/diarioellabrador.cl\/wp-content\/uploads\/2025\/02\/cropped-Logo-Icono.png","contentUrl":"https:\/\/diarioellabrador.cl\/wp-content\/uploads\/2025\/02\/cropped-Logo-Icono.png","width":512,"height":512,"caption":"Diario El Labrador"},"image":{"@id":"https:\/\/diarioellabrador.cl\/#\/schema\/logo\/image\/"},"sameAs":["https:\/\/web.facebook.com\/profile.php?id=61576120840621","https:\/\/x.com\/ElLabradorOf","https:\/\/www.instagram.com\/diarioellabradoroficial\/"]},{"@type":"Person","@id":"https:\/\/diarioellabrador.cl\/#\/schema\/person\/bc25ff80b4563f9c7f4bd7855df01685","name":"Editor","image":{"@type":"ImageObject","inLanguage":"es","@id":"https:\/\/secure.gravatar.com\/avatar\/109c326cf2be5c04f048c2c2a2b8b6ef44bf3d8d1d3d4c55d0ac40c4bc994684?s=96&d=mm&r=g","url":"https:\/\/secure.gravatar.com\/avatar\/109c326cf2be5c04f048c2c2a2b8b6ef44bf3d8d1d3d4c55d0ac40c4bc994684?s=96&d=mm&r=g","contentUrl":"https:\/\/secure.gravatar.com\/avatar\/109c326cf2be5c04f048c2c2a2b8b6ef44bf3d8d1d3d4c55d0ac40c4bc994684?s=96&d=mm&r=g","caption":"Editor"},"url":"https:\/\/diarioellabrador.cl\/index.php\/author\/editor\/"}]}},"_links":{"self":[{"href":"https:\/\/diarioellabrador.cl\/index.php\/wp-json\/wp\/v2\/posts\/16357","targetHints":{"allow":["GET"]}}],"collection":[{"href":"https:\/\/diarioellabrador.cl\/index.php\/wp-json\/wp\/v2\/posts"}],"about":[{"href":"https:\/\/diarioellabrador.cl\/index.php\/wp-json\/wp\/v2\/types\/post"}],"author":[{"embeddable":true,"href":"https:\/\/diarioellabrador.cl\/index.php\/wp-json\/wp\/v2\/users\/2"}],"replies":[{"embeddable":true,"href":"https:\/\/diarioellabrador.cl\/index.php\/wp-json\/wp\/v2\/comments?post=16357"}],"version-history":[{"count":1,"href":"https:\/\/diarioellabrador.cl\/index.php\/wp-json\/wp\/v2\/posts\/16357\/revisions"}],"predecessor-version":[{"id":16378,"href":"https:\/\/diarioellabrador.cl\/index.php\/wp-json\/wp\/v2\/posts\/16357\/revisions\/16378"}],"wp:featuredmedia":[{"embeddable":true,"href":"https:\/\/diarioellabrador.cl\/index.php\/wp-json\/wp\/v2\/media\/16358"}],"wp:attachment":[{"href":"https:\/\/diarioellabrador.cl\/index.php\/wp-json\/wp\/v2\/media?parent=16357"}],"wp:term":[{"taxonomy":"category","embeddable":true,"href":"https:\/\/diarioellabrador.cl\/index.php\/wp-json\/wp\/v2\/categories?post=16357"},{"taxonomy":"post_tag","embeddable":true,"href":"https:\/\/diarioellabrador.cl\/index.php\/wp-json\/wp\/v2\/tags?post=16357"}],"curies":[{"name":"wp","href":"https:\/\/api.w.org\/{rel}","templated":true}]}}