{"id":16355,"date":"2026-03-10T17:27:40","date_gmt":"2026-03-10T21:27:40","guid":{"rendered":"https:\/\/diarioellabrador.cl\/?p=16355"},"modified":"2026-03-11T16:03:11","modified_gmt":"2026-03-11T20:03:11","slug":"probidad-legado-y-educacion-la-pocima-y-la-mezcla-perfecta-contra-la-corrupcion","status":"publish","type":"post","link":"https:\/\/diarioellabrador.cl\/index.php\/2026\/03\/10\/probidad-legado-y-educacion-la-pocima-y-la-mezcla-perfecta-contra-la-corrupcion\/","title":{"rendered":"\u00abProbidad, legado y educaci\u00f3n, la p\u00f3cima y la mezcla perfecta contra la corrupci\u00f3n\u00bb"},"content":{"rendered":"<div class=\"wp-block-image\">\n<figure class=\"alignleft size-thumbnail\"><img loading=\"lazy\" decoding=\"async\" width=\"150\" height=\"150\" src=\"https:\/\/diarioellabrador.cl\/wp-content\/uploads\/2025\/07\/2025-07-23-002718-150x150.png\" alt=\"\" class=\"wp-image-6023\" srcset=\"https:\/\/diarioellabrador.cl\/wp-content\/uploads\/2025\/07\/2025-07-23-002718-150x150.png 150w, https:\/\/diarioellabrador.cl\/wp-content\/uploads\/2025\/07\/2025-07-23-002718-95x95.png 95w, https:\/\/diarioellabrador.cl\/wp-content\/uploads\/2025\/07\/2025-07-23-002718-140x140.png 140w\" sizes=\"auto, (max-width: 150px) 100vw, 150px\" \/><\/figure>\n<\/div>\n\n\n<p><\/p>\n\n\n\n<p><strong>Por Marco Antonio Ram\u00edrez Mobarec&nbsp;<\/strong><\/p>\n\n\n\n<p><em>\u00c1rea de la educaci\u00f3n, Area de Psicolog\u00eda Pericial y Reparatoria en ASI, \u00c1rea de la administraci\u00f3n y Desarrollo Social, \u00c1rea Del Deporte y Alto Rendimiento<\/em><\/p>\n\n\n\n<br>\n<br>\n\n\n\n<p><\/p>\n\n\n\n<p>Estimados lectores, dejar un legado libre de corrupci\u00f3n es fundamental por m\u00faltiples razones que impactan tanto a nivel individual como colectivo.<\/p>\n\n\n\n<p>A nivel personal se puede visualizar una gran integridad y paz mental, ya que el vivir y actuar con honestidad genera una sensaci\u00f3n de coherencia entre lo que se piensa, se dice y se hace, y esto sin duda alguna evita cargas emocionales como la culpa, la ansiedad y el temor por ser descubierto alg\u00fan d\u00eda por realizar acciones incorrectas, o el remordimiento al interior&nbsp; del esp\u00edritu por haber&nbsp; da\u00f1ado conscientemente&nbsp; a otros, permitiendo una vida m\u00e1s tranquila y con una autoestima mas elevada.<\/p>\n\n\n\n<p>El legado basado en valores se gana el respeto y la admiraci\u00f3n genuina de las personas, a total diferencia de la influencia obtenida por medios corruptos, que suelen ser muy ef\u00edmeros y basada en el miedo o en el inter\u00e9s totalmente personal, y sin embargo el gran reconocimiento por actos honestos perdura y se convierte en un ejemplo a seguir.<\/p>\n\n\n\n<p>Cuando las personas dejan legados basados en la transparencia, las buenas costumbres y la \u00e9tica, contribuyen a consolidar instituciones s\u00f3lidas, y&nbsp; esto es muy clave para el funcionamiento de la sociedad, ya que instituciones confiables garantizan la justicia, la igualdad de oportunidades y el bienestar com\u00fan.<\/p>\n\n\n\n<p>Sin embargo cuando la corrupci\u00f3n desv\u00eda un buen material humano y adem\u00e1s de los recursos que podr\u00edan destinarse a educaci\u00f3n, salud, infraestructura y otros sectores prioritarios que necesita la ciudadan\u00eda, lamentablemente todo se vuelve muy nocivo para y con el bienestar de toda una comunidad.<\/p>\n\n\n\n<p>Un legado libre de corrupci\u00f3n promueve el uso responsable de los recursos, lo que favorece el desarrollo econ\u00f3mico y social a largo plazo, beneficiando a las generaciones futuras.<\/p>\n\n\n\n<p>Los ejemplos de personas que han construido su legado con honestidad sirven de gu\u00eda para los j\u00f3venes y para las nuevas generaciones, ya que les muestran que es posible alcanzar el \u00e9xito y hacer una diferencia positiva sin recurrir a pr\u00e1cticas totalmente deshonestas, fomentando una cultura de \u00e9tica y responsabilidad en la sociedad.<\/p>\n\n\n\n<p>En resumen, un legado sin corrupci\u00f3n no solo es un testimonio de la val\u00eda de una persona, sino tambi\u00e9n un regalo para la sociedad, que contribuye a construir un mundo m\u00e1s justo, equitativo, sostenible y fuera de todo lo nocivo.<\/p>\n\n\n\n<p>Realizar acciones sin caer en lo incorrecto es fundamental por varias razones, como por ejemplo para el individuo, ya que al actuar siempre de manera correcta, refuerza la sensaci\u00f3n de coherencia entre lo que se piensa, se dice y se hace, lo que fortalece la autoestima y la confianza en uno mismo y especialmente en los dem\u00e1s.<\/p>\n\n\n\n<p>En muchas ocasiones nos hemos encontrado frente a consecuencias legales y muy personales por ver a individuos con ciertos tipos de cargos p\u00fablicos de realizar y adem\u00e1s de promover sin temor diversos actos de corrupci\u00f3n.<\/p>\n\n\n\n<p>Cuando las personas act\u00faan de manera correcta y con la educaci\u00f3n y probidad adecuada, se construye un entorno de confianza mutua, lo que facilita las relaciones interpersonales, el trabajo en equipo y el desarrollo sano de la comunidad, teniendo un orden, y las correspondientes normas y valores que definen lo \u00abcorrecto\u00bb, y que son la base del orden social, y respetarlos ayuda a mantener la estabilidad y a evitar conflictos que podr\u00edan desestabilizar la sociedad en un corto plazo.<\/p>\n\n\n\n<p>Actuar de manera correcta tambi\u00e9n implica considerar el impacto de nuestras acciones en el medio ambiente y en las generaciones venideras, promoviendo un desarrollo sostenible, con la transmisi\u00f3n de ejemplo y de valores.<\/p>\n\n\n\n<p>Las acciones correctas sirven de ejemplo para los dem\u00e1s, especialmente para los m\u00e1s j\u00f3venes, contribuyendo a la transmisi\u00f3n de valores \u00e9ticos y morales positivos.<\/p>\n\n\n\n<p>Actuar sin caer en lo incorrecto no solo beneficia a cada persona individualmente, sino que tambi\u00e9n contribuye a construir una sociedad m\u00e1s justa, segura y armoniosa.<\/p>\n\n\n\n<p>Hay una frase que resuena a veces con mucha fuerza y refleja una esperanza muy extendida, y es que la transparencia y la verdad terminan por imponerse ante la corrupci\u00f3n en el sector p\u00fablico.<\/p>\n\n\n\n<p>La corrupci\u00f3n en el \u00e1mbito p\u00fablico es un problema que de una u otra forma afecta a muchas sociedades, generando a&nbsp; futuro una tremenda desconfianza en las instituciones, y todo por la desviaci\u00f3n de recursos que podr\u00edan destinarse a tener un personal id\u00f3neo, para obtener un bienestar social y dar a conocer el da\u00f1o a la equidad, aunque en algunos casos los procesos del descubrimiento y de la sanci\u00f3n pueden ser lentos y complejos, e incluso hasta quedar sin las sanciones correspondientes, pero siempre existen mecanismos como la auditor\u00eda p\u00fablica, la&nbsp; gran e importante labor de los medios de comunicaci\u00f3n, la participaci\u00f3n ciudadana a trav\u00e9s de las redes sociales y las instituciones de control que buscan poner al descubierto estas pr\u00e1cticas y hacer responsables a quienes las cometen.<\/p>\n\n\n\n<p>Es importante destacar que la lucha contra la corrupci\u00f3n requiere el compromiso de todos, desde las autoridades que deben aplicar las leyes con rigor, hasta los ciudadanos que deben estar informados y participar activamente en la vigilancia de las gestiones p\u00fablicas.<\/p>\n\n\n\n<p>Mis estimados lectores, siempre en la vida hay que actuar con honestidad, con los conocimientos adecuados, con probidad, rectitud, con humildad y respeto, y especialmente cuando se est\u00e1 trabajando y\/o a cargo de ni\u00f1os y ni\u00f1as, y de la educaci\u00f3n de las nuevas generaciones, por que lo mas importante y hermoso es entregar y dejar valores s\u00f3lidos a los educandos, los cuales son el futuro de un pa\u00eds.<\/p>\n\n\n\n<p>Hasta la pr\u00f3xima semana&nbsp;<\/p>\n","protected":false},"excerpt":{"rendered":"<p>Por Marco Antonio Ram\u00edrez Mobarec&nbsp; \u00c1rea de la educaci\u00f3n, Area de Psicolog\u00eda Pericial y Reparatoria en ASI, \u00c1rea de la administraci\u00f3n y Desarrollo Social, \u00c1rea Del Deporte y Alto Rendimiento Estimados lectores, dejar un legado libre de corrupci\u00f3n es fundamental por m\u00faltiples razones que impactan tanto a nivel individual como colectivo. A nivel personal se<\/p>\n<div class=\"read-more-wrapper\"><a class=\"read-more\" href=\"https:\/\/diarioellabrador.cl\/index.php\/2026\/03\/10\/probidad-legado-y-educacion-la-pocima-y-la-mezcla-perfecta-contra-la-corrupcion\/\" title=\"Leer m\u00e1s\"> <span class=\"button \">Leer m\u00e1s<\/span><\/a><\/div>\n","protected":false},"author":2,"featured_media":16417,"comment_status":"open","ping_status":"open","sticky":false,"template":"","format":"standard","meta":{"footnotes":""},"categories":[9],"tags":[],"class_list":["post-16355","post","type-post","status-publish","format-standard","has-post-thumbnail","hentry","category-opinion"],"yoast_head":"<!-- This site is optimized with the Yoast SEO plugin v27.5 - https:\/\/yoast.com\/product\/yoast-seo-wordpress\/ -->\n<title>&quot;Probidad, legado y educaci\u00f3n, la p\u00f3cima y la mezcla perfecta contra la corrupci\u00f3n&quot; - Diario El Labrador<\/title>\n<meta name=\"robots\" content=\"index, follow, max-snippet:-1, max-image-preview:large, max-video-preview:-1\" \/>\n<link rel=\"canonical\" href=\"https:\/\/diarioellabrador.cl\/index.php\/2026\/03\/10\/probidad-legado-y-educacion-la-pocima-y-la-mezcla-perfecta-contra-la-corrupcion\/\" \/>\n<meta property=\"og:locale\" content=\"es_ES\" \/>\n<meta property=\"og:type\" content=\"article\" \/>\n<meta property=\"og:title\" content=\"&quot;Probidad, legado y educaci\u00f3n, la p\u00f3cima y la mezcla perfecta contra la corrupci\u00f3n&quot; - Diario El Labrador\" \/>\n<meta property=\"og:description\" content=\"Por Marco Antonio Ram\u00edrez Mobarec&nbsp; \u00c1rea de la educaci\u00f3n, Area de Psicolog\u00eda Pericial y Reparatoria en ASI, \u00c1rea de la administraci\u00f3n y Desarrollo Social, \u00c1rea Del Deporte y Alto Rendimiento Estimados lectores, dejar un legado libre de corrupci\u00f3n es fundamental por m\u00faltiples razones que impactan tanto a nivel individual como colectivo. A nivel personal se Leer m\u00e1s\" \/>\n<meta property=\"og:url\" content=\"https:\/\/diarioellabrador.cl\/index.php\/2026\/03\/10\/probidad-legado-y-educacion-la-pocima-y-la-mezcla-perfecta-contra-la-corrupcion\/\" \/>\n<meta property=\"og:site_name\" content=\"Diario El Labrador\" \/>\n<meta property=\"article:publisher\" content=\"https:\/\/web.facebook.com\/profile.php?id=61576120840621\" \/>\n<meta property=\"article:published_time\" content=\"2026-03-10T21:27:40+00:00\" \/>\n<meta property=\"article:modified_time\" content=\"2026-03-11T20:03:11+00:00\" \/>\n<meta property=\"og:image\" content=\"https:\/\/diarioellabrador.cl\/wp-content\/uploads\/2026\/03\/ChatGPT-Image-11-mar-2026-04_58_59-p.m-1024x683.png\" \/>\n\t<meta property=\"og:image:width\" content=\"1024\" \/>\n\t<meta property=\"og:image:height\" content=\"683\" \/>\n\t<meta property=\"og:image:type\" content=\"image\/png\" \/>\n<meta name=\"author\" content=\"Editor\" \/>\n<meta name=\"twitter:card\" content=\"summary_large_image\" \/>\n<meta name=\"twitter:creator\" content=\"@ElLabradorOf\" \/>\n<meta name=\"twitter:site\" content=\"@ElLabradorOf\" \/>\n<meta name=\"twitter:label1\" content=\"Escrito por\" \/>\n\t<meta name=\"twitter:data1\" content=\"Editor\" \/>\n\t<meta name=\"twitter:label2\" content=\"Tiempo de lectura\" \/>\n\t<meta name=\"twitter:data2\" content=\"5 minutos\" \/>\n<script type=\"application\/ld+json\" class=\"yoast-schema-graph\">{\"@context\":\"https:\\\/\\\/schema.org\",\"@graph\":[{\"@type\":\"Article\",\"@id\":\"https:\\\/\\\/diarioellabrador.cl\\\/index.php\\\/2026\\\/03\\\/10\\\/probidad-legado-y-educacion-la-pocima-y-la-mezcla-perfecta-contra-la-corrupcion\\\/#article\",\"isPartOf\":{\"@id\":\"https:\\\/\\\/diarioellabrador.cl\\\/index.php\\\/2026\\\/03\\\/10\\\/probidad-legado-y-educacion-la-pocima-y-la-mezcla-perfecta-contra-la-corrupcion\\\/\"},\"author\":{\"name\":\"Editor\",\"@id\":\"https:\\\/\\\/diarioellabrador.cl\\\/#\\\/schema\\\/person\\\/bc25ff80b4563f9c7f4bd7855df01685\"},\"headline\":\"\u00abProbidad, legado y educaci\u00f3n, la p\u00f3cima y la mezcla perfecta contra la corrupci\u00f3n\u00bb\",\"datePublished\":\"2026-03-10T21:27:40+00:00\",\"dateModified\":\"2026-03-11T20:03:11+00:00\",\"mainEntityOfPage\":{\"@id\":\"https:\\\/\\\/diarioellabrador.cl\\\/index.php\\\/2026\\\/03\\\/10\\\/probidad-legado-y-educacion-la-pocima-y-la-mezcla-perfecta-contra-la-corrupcion\\\/\"},\"wordCount\":1032,\"commentCount\":0,\"publisher\":{\"@id\":\"https:\\\/\\\/diarioellabrador.cl\\\/#organization\"},\"image\":{\"@id\":\"https:\\\/\\\/diarioellabrador.cl\\\/index.php\\\/2026\\\/03\\\/10\\\/probidad-legado-y-educacion-la-pocima-y-la-mezcla-perfecta-contra-la-corrupcion\\\/#primaryimage\"},\"thumbnailUrl\":\"https:\\\/\\\/diarioellabrador.cl\\\/wp-content\\\/uploads\\\/2026\\\/03\\\/ChatGPT-Image-11-mar-2026-04_58_59-p.m.png\",\"articleSection\":[\"Opini\u00f3n\"],\"inLanguage\":\"es\",\"potentialAction\":[{\"@type\":\"CommentAction\",\"name\":\"Comment\",\"target\":[\"https:\\\/\\\/diarioellabrador.cl\\\/index.php\\\/2026\\\/03\\\/10\\\/probidad-legado-y-educacion-la-pocima-y-la-mezcla-perfecta-contra-la-corrupcion\\\/#respond\"]}]},{\"@type\":\"WebPage\",\"@id\":\"https:\\\/\\\/diarioellabrador.cl\\\/index.php\\\/2026\\\/03\\\/10\\\/probidad-legado-y-educacion-la-pocima-y-la-mezcla-perfecta-contra-la-corrupcion\\\/\",\"url\":\"https:\\\/\\\/diarioellabrador.cl\\\/index.php\\\/2026\\\/03\\\/10\\\/probidad-legado-y-educacion-la-pocima-y-la-mezcla-perfecta-contra-la-corrupcion\\\/\",\"name\":\"\\\"Probidad, legado y educaci\u00f3n, la p\u00f3cima y la mezcla perfecta contra la corrupci\u00f3n\\\" - Diario El Labrador\",\"isPartOf\":{\"@id\":\"https:\\\/\\\/diarioellabrador.cl\\\/#website\"},\"primaryImageOfPage\":{\"@id\":\"https:\\\/\\\/diarioellabrador.cl\\\/index.php\\\/2026\\\/03\\\/10\\\/probidad-legado-y-educacion-la-pocima-y-la-mezcla-perfecta-contra-la-corrupcion\\\/#primaryimage\"},\"image\":{\"@id\":\"https:\\\/\\\/diarioellabrador.cl\\\/index.php\\\/2026\\\/03\\\/10\\\/probidad-legado-y-educacion-la-pocima-y-la-mezcla-perfecta-contra-la-corrupcion\\\/#primaryimage\"},\"thumbnailUrl\":\"https:\\\/\\\/diarioellabrador.cl\\\/wp-content\\\/uploads\\\/2026\\\/03\\\/ChatGPT-Image-11-mar-2026-04_58_59-p.m.png\",\"datePublished\":\"2026-03-10T21:27:40+00:00\",\"dateModified\":\"2026-03-11T20:03:11+00:00\",\"breadcrumb\":{\"@id\":\"https:\\\/\\\/diarioellabrador.cl\\\/index.php\\\/2026\\\/03\\\/10\\\/probidad-legado-y-educacion-la-pocima-y-la-mezcla-perfecta-contra-la-corrupcion\\\/#breadcrumb\"},\"inLanguage\":\"es\",\"potentialAction\":[{\"@type\":\"ReadAction\",\"target\":[\"https:\\\/\\\/diarioellabrador.cl\\\/index.php\\\/2026\\\/03\\\/10\\\/probidad-legado-y-educacion-la-pocima-y-la-mezcla-perfecta-contra-la-corrupcion\\\/\"]}]},{\"@type\":\"ImageObject\",\"inLanguage\":\"es\",\"@id\":\"https:\\\/\\\/diarioellabrador.cl\\\/index.php\\\/2026\\\/03\\\/10\\\/probidad-legado-y-educacion-la-pocima-y-la-mezcla-perfecta-contra-la-corrupcion\\\/#primaryimage\",\"url\":\"https:\\\/\\\/diarioellabrador.cl\\\/wp-content\\\/uploads\\\/2026\\\/03\\\/ChatGPT-Image-11-mar-2026-04_58_59-p.m.png\",\"contentUrl\":\"https:\\\/\\\/diarioellabrador.cl\\\/wp-content\\\/uploads\\\/2026\\\/03\\\/ChatGPT-Image-11-mar-2026-04_58_59-p.m.png\",\"width\":1536,\"height\":1024},{\"@type\":\"BreadcrumbList\",\"@id\":\"https:\\\/\\\/diarioellabrador.cl\\\/index.php\\\/2026\\\/03\\\/10\\\/probidad-legado-y-educacion-la-pocima-y-la-mezcla-perfecta-contra-la-corrupcion\\\/#breadcrumb\",\"itemListElement\":[{\"@type\":\"ListItem\",\"position\":1,\"name\":\"Portada\",\"item\":\"https:\\\/\\\/diarioellabrador.cl\\\/\"},{\"@type\":\"ListItem\",\"position\":2,\"name\":\"\u00abProbidad, legado y educaci\u00f3n, la p\u00f3cima y la mezcla perfecta contra la corrupci\u00f3n\u00bb\"}]},{\"@type\":\"WebSite\",\"@id\":\"https:\\\/\\\/diarioellabrador.cl\\\/#website\",\"url\":\"https:\\\/\\\/diarioellabrador.cl\\\/\",\"name\":\"Diario El Labrador\",\"description\":\"Haciendo noticia desde 1921\",\"publisher\":{\"@id\":\"https:\\\/\\\/diarioellabrador.cl\\\/#organization\"},\"potentialAction\":[{\"@type\":\"SearchAction\",\"target\":{\"@type\":\"EntryPoint\",\"urlTemplate\":\"https:\\\/\\\/diarioellabrador.cl\\\/?s={search_term_string}\"},\"query-input\":{\"@type\":\"PropertyValueSpecification\",\"valueRequired\":true,\"valueName\":\"search_term_string\"}}],\"inLanguage\":\"es\"},{\"@type\":\"Organization\",\"@id\":\"https:\\\/\\\/diarioellabrador.cl\\\/#organization\",\"name\":\"Diario El Labrador\",\"url\":\"https:\\\/\\\/diarioellabrador.cl\\\/\",\"logo\":{\"@type\":\"ImageObject\",\"inLanguage\":\"es\",\"@id\":\"https:\\\/\\\/diarioellabrador.cl\\\/#\\\/schema\\\/logo\\\/image\\\/\",\"url\":\"https:\\\/\\\/diarioellabrador.cl\\\/wp-content\\\/uploads\\\/2025\\\/02\\\/cropped-Logo-Icono.png\",\"contentUrl\":\"https:\\\/\\\/diarioellabrador.cl\\\/wp-content\\\/uploads\\\/2025\\\/02\\\/cropped-Logo-Icono.png\",\"width\":512,\"height\":512,\"caption\":\"Diario El Labrador\"},\"image\":{\"@id\":\"https:\\\/\\\/diarioellabrador.cl\\\/#\\\/schema\\\/logo\\\/image\\\/\"},\"sameAs\":[\"https:\\\/\\\/web.facebook.com\\\/profile.php?id=61576120840621\",\"https:\\\/\\\/x.com\\\/ElLabradorOf\",\"https:\\\/\\\/www.instagram.com\\\/diarioellabradoroficial\\\/\"]},{\"@type\":\"Person\",\"@id\":\"https:\\\/\\\/diarioellabrador.cl\\\/#\\\/schema\\\/person\\\/bc25ff80b4563f9c7f4bd7855df01685\",\"name\":\"Editor\",\"image\":{\"@type\":\"ImageObject\",\"inLanguage\":\"es\",\"@id\":\"https:\\\/\\\/secure.gravatar.com\\\/avatar\\\/109c326cf2be5c04f048c2c2a2b8b6ef44bf3d8d1d3d4c55d0ac40c4bc994684?s=96&d=mm&r=g\",\"url\":\"https:\\\/\\\/secure.gravatar.com\\\/avatar\\\/109c326cf2be5c04f048c2c2a2b8b6ef44bf3d8d1d3d4c55d0ac40c4bc994684?s=96&d=mm&r=g\",\"contentUrl\":\"https:\\\/\\\/secure.gravatar.com\\\/avatar\\\/109c326cf2be5c04f048c2c2a2b8b6ef44bf3d8d1d3d4c55d0ac40c4bc994684?s=96&d=mm&r=g\",\"caption\":\"Editor\"},\"url\":\"https:\\\/\\\/diarioellabrador.cl\\\/index.php\\\/author\\\/editor\\\/\"}]}<\/script>\n<!-- \/ Yoast SEO plugin. -->","yoast_head_json":{"title":"\"Probidad, legado y educaci\u00f3n, la p\u00f3cima y la mezcla perfecta contra la corrupci\u00f3n\" - Diario El Labrador","robots":{"index":"index","follow":"follow","max-snippet":"max-snippet:-1","max-image-preview":"max-image-preview:large","max-video-preview":"max-video-preview:-1"},"canonical":"https:\/\/diarioellabrador.cl\/index.php\/2026\/03\/10\/probidad-legado-y-educacion-la-pocima-y-la-mezcla-perfecta-contra-la-corrupcion\/","og_locale":"es_ES","og_type":"article","og_title":"\"Probidad, legado y educaci\u00f3n, la p\u00f3cima y la mezcla perfecta contra la corrupci\u00f3n\" - Diario El Labrador","og_description":"Por Marco Antonio Ram\u00edrez Mobarec&nbsp; \u00c1rea de la educaci\u00f3n, Area de Psicolog\u00eda Pericial y Reparatoria en ASI, \u00c1rea de la administraci\u00f3n y Desarrollo Social, \u00c1rea Del Deporte y Alto Rendimiento Estimados lectores, dejar un legado libre de corrupci\u00f3n es fundamental por m\u00faltiples razones que impactan tanto a nivel individual como colectivo. A nivel personal se Leer m\u00e1s","og_url":"https:\/\/diarioellabrador.cl\/index.php\/2026\/03\/10\/probidad-legado-y-educacion-la-pocima-y-la-mezcla-perfecta-contra-la-corrupcion\/","og_site_name":"Diario El Labrador","article_publisher":"https:\/\/web.facebook.com\/profile.php?id=61576120840621","article_published_time":"2026-03-10T21:27:40+00:00","article_modified_time":"2026-03-11T20:03:11+00:00","og_image":[{"width":1024,"height":683,"url":"https:\/\/diarioellabrador.cl\/wp-content\/uploads\/2026\/03\/ChatGPT-Image-11-mar-2026-04_58_59-p.m-1024x683.png","type":"image\/png"}],"author":"Editor","twitter_card":"summary_large_image","twitter_creator":"@ElLabradorOf","twitter_site":"@ElLabradorOf","twitter_misc":{"Escrito por":"Editor","Tiempo de lectura":"5 minutos"},"schema":{"@context":"https:\/\/schema.org","@graph":[{"@type":"Article","@id":"https:\/\/diarioellabrador.cl\/index.php\/2026\/03\/10\/probidad-legado-y-educacion-la-pocima-y-la-mezcla-perfecta-contra-la-corrupcion\/#article","isPartOf":{"@id":"https:\/\/diarioellabrador.cl\/index.php\/2026\/03\/10\/probidad-legado-y-educacion-la-pocima-y-la-mezcla-perfecta-contra-la-corrupcion\/"},"author":{"name":"Editor","@id":"https:\/\/diarioellabrador.cl\/#\/schema\/person\/bc25ff80b4563f9c7f4bd7855df01685"},"headline":"\u00abProbidad, legado y educaci\u00f3n, la p\u00f3cima y la mezcla perfecta contra la corrupci\u00f3n\u00bb","datePublished":"2026-03-10T21:27:40+00:00","dateModified":"2026-03-11T20:03:11+00:00","mainEntityOfPage":{"@id":"https:\/\/diarioellabrador.cl\/index.php\/2026\/03\/10\/probidad-legado-y-educacion-la-pocima-y-la-mezcla-perfecta-contra-la-corrupcion\/"},"wordCount":1032,"commentCount":0,"publisher":{"@id":"https:\/\/diarioellabrador.cl\/#organization"},"image":{"@id":"https:\/\/diarioellabrador.cl\/index.php\/2026\/03\/10\/probidad-legado-y-educacion-la-pocima-y-la-mezcla-perfecta-contra-la-corrupcion\/#primaryimage"},"thumbnailUrl":"https:\/\/diarioellabrador.cl\/wp-content\/uploads\/2026\/03\/ChatGPT-Image-11-mar-2026-04_58_59-p.m.png","articleSection":["Opini\u00f3n"],"inLanguage":"es","potentialAction":[{"@type":"CommentAction","name":"Comment","target":["https:\/\/diarioellabrador.cl\/index.php\/2026\/03\/10\/probidad-legado-y-educacion-la-pocima-y-la-mezcla-perfecta-contra-la-corrupcion\/#respond"]}]},{"@type":"WebPage","@id":"https:\/\/diarioellabrador.cl\/index.php\/2026\/03\/10\/probidad-legado-y-educacion-la-pocima-y-la-mezcla-perfecta-contra-la-corrupcion\/","url":"https:\/\/diarioellabrador.cl\/index.php\/2026\/03\/10\/probidad-legado-y-educacion-la-pocima-y-la-mezcla-perfecta-contra-la-corrupcion\/","name":"\"Probidad, legado y educaci\u00f3n, la p\u00f3cima y la mezcla perfecta contra la corrupci\u00f3n\" - Diario El Labrador","isPartOf":{"@id":"https:\/\/diarioellabrador.cl\/#website"},"primaryImageOfPage":{"@id":"https:\/\/diarioellabrador.cl\/index.php\/2026\/03\/10\/probidad-legado-y-educacion-la-pocima-y-la-mezcla-perfecta-contra-la-corrupcion\/#primaryimage"},"image":{"@id":"https:\/\/diarioellabrador.cl\/index.php\/2026\/03\/10\/probidad-legado-y-educacion-la-pocima-y-la-mezcla-perfecta-contra-la-corrupcion\/#primaryimage"},"thumbnailUrl":"https:\/\/diarioellabrador.cl\/wp-content\/uploads\/2026\/03\/ChatGPT-Image-11-mar-2026-04_58_59-p.m.png","datePublished":"2026-03-10T21:27:40+00:00","dateModified":"2026-03-11T20:03:11+00:00","breadcrumb":{"@id":"https:\/\/diarioellabrador.cl\/index.php\/2026\/03\/10\/probidad-legado-y-educacion-la-pocima-y-la-mezcla-perfecta-contra-la-corrupcion\/#breadcrumb"},"inLanguage":"es","potentialAction":[{"@type":"ReadAction","target":["https:\/\/diarioellabrador.cl\/index.php\/2026\/03\/10\/probidad-legado-y-educacion-la-pocima-y-la-mezcla-perfecta-contra-la-corrupcion\/"]}]},{"@type":"ImageObject","inLanguage":"es","@id":"https:\/\/diarioellabrador.cl\/index.php\/2026\/03\/10\/probidad-legado-y-educacion-la-pocima-y-la-mezcla-perfecta-contra-la-corrupcion\/#primaryimage","url":"https:\/\/diarioellabrador.cl\/wp-content\/uploads\/2026\/03\/ChatGPT-Image-11-mar-2026-04_58_59-p.m.png","contentUrl":"https:\/\/diarioellabrador.cl\/wp-content\/uploads\/2026\/03\/ChatGPT-Image-11-mar-2026-04_58_59-p.m.png","width":1536,"height":1024},{"@type":"BreadcrumbList","@id":"https:\/\/diarioellabrador.cl\/index.php\/2026\/03\/10\/probidad-legado-y-educacion-la-pocima-y-la-mezcla-perfecta-contra-la-corrupcion\/#breadcrumb","itemListElement":[{"@type":"ListItem","position":1,"name":"Portada","item":"https:\/\/diarioellabrador.cl\/"},{"@type":"ListItem","position":2,"name":"\u00abProbidad, legado y educaci\u00f3n, la p\u00f3cima y la mezcla perfecta contra la corrupci\u00f3n\u00bb"}]},{"@type":"WebSite","@id":"https:\/\/diarioellabrador.cl\/#website","url":"https:\/\/diarioellabrador.cl\/","name":"Diario El Labrador","description":"Haciendo noticia desde 1921","publisher":{"@id":"https:\/\/diarioellabrador.cl\/#organization"},"potentialAction":[{"@type":"SearchAction","target":{"@type":"EntryPoint","urlTemplate":"https:\/\/diarioellabrador.cl\/?s={search_term_string}"},"query-input":{"@type":"PropertyValueSpecification","valueRequired":true,"valueName":"search_term_string"}}],"inLanguage":"es"},{"@type":"Organization","@id":"https:\/\/diarioellabrador.cl\/#organization","name":"Diario El Labrador","url":"https:\/\/diarioellabrador.cl\/","logo":{"@type":"ImageObject","inLanguage":"es","@id":"https:\/\/diarioellabrador.cl\/#\/schema\/logo\/image\/","url":"https:\/\/diarioellabrador.cl\/wp-content\/uploads\/2025\/02\/cropped-Logo-Icono.png","contentUrl":"https:\/\/diarioellabrador.cl\/wp-content\/uploads\/2025\/02\/cropped-Logo-Icono.png","width":512,"height":512,"caption":"Diario El Labrador"},"image":{"@id":"https:\/\/diarioellabrador.cl\/#\/schema\/logo\/image\/"},"sameAs":["https:\/\/web.facebook.com\/profile.php?id=61576120840621","https:\/\/x.com\/ElLabradorOf","https:\/\/www.instagram.com\/diarioellabradoroficial\/"]},{"@type":"Person","@id":"https:\/\/diarioellabrador.cl\/#\/schema\/person\/bc25ff80b4563f9c7f4bd7855df01685","name":"Editor","image":{"@type":"ImageObject","inLanguage":"es","@id":"https:\/\/secure.gravatar.com\/avatar\/109c326cf2be5c04f048c2c2a2b8b6ef44bf3d8d1d3d4c55d0ac40c4bc994684?s=96&d=mm&r=g","url":"https:\/\/secure.gravatar.com\/avatar\/109c326cf2be5c04f048c2c2a2b8b6ef44bf3d8d1d3d4c55d0ac40c4bc994684?s=96&d=mm&r=g","contentUrl":"https:\/\/secure.gravatar.com\/avatar\/109c326cf2be5c04f048c2c2a2b8b6ef44bf3d8d1d3d4c55d0ac40c4bc994684?s=96&d=mm&r=g","caption":"Editor"},"url":"https:\/\/diarioellabrador.cl\/index.php\/author\/editor\/"}]}},"_links":{"self":[{"href":"https:\/\/diarioellabrador.cl\/index.php\/wp-json\/wp\/v2\/posts\/16355","targetHints":{"allow":["GET"]}}],"collection":[{"href":"https:\/\/diarioellabrador.cl\/index.php\/wp-json\/wp\/v2\/posts"}],"about":[{"href":"https:\/\/diarioellabrador.cl\/index.php\/wp-json\/wp\/v2\/types\/post"}],"author":[{"embeddable":true,"href":"https:\/\/diarioellabrador.cl\/index.php\/wp-json\/wp\/v2\/users\/2"}],"replies":[{"embeddable":true,"href":"https:\/\/diarioellabrador.cl\/index.php\/wp-json\/wp\/v2\/comments?post=16355"}],"version-history":[{"count":2,"href":"https:\/\/diarioellabrador.cl\/index.php\/wp-json\/wp\/v2\/posts\/16355\/revisions"}],"predecessor-version":[{"id":16419,"href":"https:\/\/diarioellabrador.cl\/index.php\/wp-json\/wp\/v2\/posts\/16355\/revisions\/16419"}],"wp:featuredmedia":[{"embeddable":true,"href":"https:\/\/diarioellabrador.cl\/index.php\/wp-json\/wp\/v2\/media\/16417"}],"wp:attachment":[{"href":"https:\/\/diarioellabrador.cl\/index.php\/wp-json\/wp\/v2\/media?parent=16355"}],"wp:term":[{"taxonomy":"category","embeddable":true,"href":"https:\/\/diarioellabrador.cl\/index.php\/wp-json\/wp\/v2\/categories?post=16355"},{"taxonomy":"post_tag","embeddable":true,"href":"https:\/\/diarioellabrador.cl\/index.php\/wp-json\/wp\/v2\/tags?post=16355"}],"curies":[{"name":"wp","href":"https:\/\/api.w.org\/{rel}","templated":true}]}}