{"id":16341,"date":"2026-03-09T17:58:09","date_gmt":"2026-03-09T21:58:09","guid":{"rendered":"https:\/\/diarioellabrador.cl\/?p=16341"},"modified":"2026-03-09T17:58:14","modified_gmt":"2026-03-09T21:58:14","slug":"autoridad-provincial-bastian-alarcon-junto-a-conaf-hacen-entrega-de-500-arboles-a-municipalidad-de-maria-pinto","status":"publish","type":"post","link":"https:\/\/diarioellabrador.cl\/index.php\/2026\/03\/09\/autoridad-provincial-bastian-alarcon-junto-a-conaf-hacen-entrega-de-500-arboles-a-municipalidad-de-maria-pinto\/","title":{"rendered":"Autoridad Provincial Basti\u00e1n Alarc\u00f3n junto a CONAF hacen entrega de 500 \u00e1rboles a Municipalidad de Mar\u00eda Pinto"},"content":{"rendered":"\n<ul class=\"wp-block-list\">\n<li><strong>La iniciativa busca fortalecer el cuidado del medio ambiente y beneficiar a comunidades y juntas de vecinos de la comuna.<\/strong><\/li>\n<\/ul>\n\n\n\n<p>Hasta Municipalidad de Mar\u00eda Pinto lleg\u00f3 el delegado presidencial provincial de Melipilla, Basti\u00e1n Alarc\u00f3n, junto al jefe provincial de CONAF, Alejandro Borquez, y el jefe del Departamento de Protecci\u00f3n Contra Incendios Forestales del Distrito Melipilla de CONAF, Pedro Parada, con el objetivo de hacer entrega de 500 \u00e1rboles que ser\u00e1n destinados a comunidades y juntas de vecinos de la comuna.<\/p>\n\n\n\n<p>La entrega fue recibida por la alcaldesa de Mar\u00eda Pinto, Jessica Mualim, quien valor\u00f3 la iniciativa que permitir\u00e1 fortalecer el cuidado del entorno natural y contribuir a la protecci\u00f3n del ecosistema local.<\/p>\n\n\n\n<p>Durante la instancia, el delegado presidencial provincial de Melipilla, Basti\u00e1n Alarc\u00f3n, destac\u00f3 el trabajo conjunto desarrollado entre las instituciones para impulsar acciones en favor del medio ambiente.<\/p>\n\n\n\n<p>\u201cDe esta reuni\u00f3n hemos sacado en limpio no solamente la donaci\u00f3n de \u00e1rboles, sino que tambi\u00e9n la limpieza de un importante sector de Mar\u00eda Pinto, que es la cantera, y tambi\u00e9n la fiscalizaci\u00f3n de algunos lugares cr\u00edticos donde no se est\u00e1 respetando el bosque nativo, donde hay que fiscalizar. Nosotros somos ecologistas de coraz\u00f3n con la alcaldesa, y esperamos y valoramos tambi\u00e9n el aporte que hacen los \u00e1rboles de bosque nativos para el ecosistema y la calidad de vida de todos los mariapintanos\u201d, a\u00f1adiendo que \u201cno solamente estamos con la entrega de los \u00e1rboles, sino que tambi\u00e9n con la fiscalizaci\u00f3n hasta el \u00faltimo d\u00eda que me corresponde como delegado\u201d, valorando el trabajo de la alcaldesa en beneficio del medio ambiente, as\u00ed tambi\u00e9n la labor de CONAF en materia del resguardo de los ecosistemas y prevenci\u00f3n de incendios forestales.&nbsp;<\/p>\n\n\n\n<p>Por su parte, la alcaldesa Jessica Mualim puntualiz\u00f3 que \u201cse ha trabajado durante algunos meses junto a CONAF para la donaci\u00f3n de \u00e1rboles a las comunidades, juntas de vecinos, y lugares que hab\u00edan estado dominados por los vertederos ilegales, como es el caso de Santa Luisa. Hoy recibimos con mucho cari\u00f1o estos 500 \u00e1rboles que nos entrega CONAF a trav\u00e9s de este trabajo mancomunado el cual quiero agradecer. Trabajar por la naturaleza es lo mejor que nos puede pasar, porque vamos recuperando los espacios perdidos, los cuales lamentablemente hab\u00edan ganado los residuos, y esperamos que la gente tome este regalo, tanto para sus juntas de vecinos, jardines, comunidades y en las \u00e1reas que m\u00e1s necesitamos proteger para nuestros ni\u00f1os\u201d, agradeciendo al delegado provincial de Melipilla Basti\u00e1n Alarc\u00f3n, adem\u00e1s de CONAF la gesti\u00f3n realizada.<\/p>\n\n\n\n<p>Asimismo, Alejandro Borquez, Jefe provincial de CONAF, valor\u00f3 el trabajo mancomunado de las instituciones. \u201cPara nosotros es grato como instituci\u00f3n participar en esta donaci\u00f3n, a petici\u00f3n de Delegaci\u00f3n Presidencial Provincial de Melipilla y Municipalidad de Mar\u00eda Pinto, con el fin de arborizar un sector y recuperarlos para la comunidad.&nbsp; Evidentemente que un terreno con arborizaci\u00f3n es un punto a favor de la comunidad, y nosotros vamos a seguir siendo participes de este programa de arborizaci\u00f3n en Melipilla y Talagante.\u201d&nbsp;<\/p>\n\n\n\n<p>Finalmente, el Jefe del departamento de Protecci\u00f3n Contra Incendios Forestales del Distrito Melipilla de CONAF, Pedro Parada, a\u00f1adi\u00f3 que como instituci\u00f3n, \u201csiempre hemos estado preocupados de acompa\u00f1ar a los vecinos, a quienes hacemos un llamado a tambi\u00e9n acompa\u00f1arnos a nosotros y estar preparados, a que tengan sus medidas de mitigaci\u00f3n para prevenir los incendios forestales, de forma que no causen un da\u00f1o mayor\u201d, concluy\u00f3.<\/p>\n","protected":false},"excerpt":{"rendered":"<p>Hasta Municipalidad de Mar\u00eda Pinto lleg\u00f3 el delegado presidencial provincial de Melipilla, Basti\u00e1n Alarc\u00f3n, junto al jefe provincial de CONAF, Alejandro Borquez, y el jefe del Departamento de Protecci\u00f3n Contra Incendios Forestales del Distrito Melipilla de CONAF, Pedro Parada, con el objetivo de hacer entrega de 500 \u00e1rboles que ser\u00e1n destinados a comunidades y juntas<\/p>\n<div class=\"read-more-wrapper\"><a class=\"read-more\" href=\"https:\/\/diarioellabrador.cl\/index.php\/2026\/03\/09\/autoridad-provincial-bastian-alarcon-junto-a-conaf-hacen-entrega-de-500-arboles-a-municipalidad-de-maria-pinto\/\" title=\"Leer m\u00e1s\"> <span class=\"button \">Leer m\u00e1s<\/span><\/a><\/div>\n","protected":false},"author":2,"featured_media":16288,"comment_status":"open","ping_status":"open","sticky":false,"template":"","format":"standard","meta":{"footnotes":""},"categories":[1],"tags":[],"class_list":["post-16341","post","type-post","status-publish","format-standard","has-post-thumbnail","hentry","category-cronica"],"yoast_head":"<!-- This site is optimized with the Yoast SEO plugin v27.5 - https:\/\/yoast.com\/product\/yoast-seo-wordpress\/ -->\n<title>Autoridad Provincial Basti\u00e1n Alarc\u00f3n junto a CONAF hacen entrega de 500 \u00e1rboles a Municipalidad de Mar\u00eda Pinto - Diario El Labrador<\/title>\n<meta name=\"robots\" content=\"index, follow, max-snippet:-1, max-image-preview:large, max-video-preview:-1\" \/>\n<link rel=\"canonical\" href=\"https:\/\/diarioellabrador.cl\/index.php\/2026\/03\/09\/autoridad-provincial-bastian-alarcon-junto-a-conaf-hacen-entrega-de-500-arboles-a-municipalidad-de-maria-pinto\/\" \/>\n<meta property=\"og:locale\" content=\"es_ES\" \/>\n<meta property=\"og:type\" content=\"article\" \/>\n<meta property=\"og:title\" content=\"Autoridad Provincial Basti\u00e1n Alarc\u00f3n junto a CONAF hacen entrega de 500 \u00e1rboles a Municipalidad de Mar\u00eda Pinto - Diario El Labrador\" \/>\n<meta property=\"og:description\" content=\"Hasta Municipalidad de Mar\u00eda Pinto lleg\u00f3 el delegado presidencial provincial de Melipilla, Basti\u00e1n Alarc\u00f3n, junto al jefe provincial de CONAF, Alejandro Borquez, y el jefe del Departamento de Protecci\u00f3n Contra Incendios Forestales del Distrito Melipilla de CONAF, Pedro Parada, con el objetivo de hacer entrega de 500 \u00e1rboles que ser\u00e1n destinados a comunidades y juntas Leer m\u00e1s\" \/>\n<meta property=\"og:url\" content=\"https:\/\/diarioellabrador.cl\/index.php\/2026\/03\/09\/autoridad-provincial-bastian-alarcon-junto-a-conaf-hacen-entrega-de-500-arboles-a-municipalidad-de-maria-pinto\/\" \/>\n<meta property=\"og:site_name\" content=\"Diario El Labrador\" \/>\n<meta property=\"article:publisher\" content=\"https:\/\/web.facebook.com\/profile.php?id=61576120840621\" \/>\n<meta property=\"article:published_time\" content=\"2026-03-09T21:58:09+00:00\" \/>\n<meta property=\"article:modified_time\" content=\"2026-03-09T21:58:14+00:00\" \/>\n<meta property=\"og:image\" content=\"https:\/\/diarioellabrador.cl\/wp-content\/uploads\/2026\/03\/Autoridad-Provincial-Bastian-Alarcon-junto-a-CONAF-hacen-entrega-de-500-arboles-a-Municipalidad-de-Maria-Pinto-2-scaled.jpeg\" \/>\n\t<meta property=\"og:image:width\" content=\"2560\" \/>\n\t<meta property=\"og:image:height\" content=\"1920\" \/>\n\t<meta property=\"og:image:type\" content=\"image\/jpeg\" \/>\n<meta name=\"author\" content=\"Editor\" \/>\n<meta name=\"twitter:card\" content=\"summary_large_image\" \/>\n<meta name=\"twitter:creator\" content=\"@ElLabradorOf\" \/>\n<meta name=\"twitter:site\" content=\"@ElLabradorOf\" \/>\n<meta name=\"twitter:label1\" content=\"Escrito por\" \/>\n\t<meta name=\"twitter:data1\" content=\"Editor\" \/>\n\t<meta name=\"twitter:label2\" content=\"Tiempo de lectura\" \/>\n\t<meta name=\"twitter:data2\" content=\"3 minutos\" \/>\n<script type=\"application\/ld+json\" class=\"yoast-schema-graph\">{\"@context\":\"https:\\\/\\\/schema.org\",\"@graph\":[{\"@type\":\"Article\",\"@id\":\"https:\\\/\\\/diarioellabrador.cl\\\/index.php\\\/2026\\\/03\\\/09\\\/autoridad-provincial-bastian-alarcon-junto-a-conaf-hacen-entrega-de-500-arboles-a-municipalidad-de-maria-pinto\\\/#article\",\"isPartOf\":{\"@id\":\"https:\\\/\\\/diarioellabrador.cl\\\/index.php\\\/2026\\\/03\\\/09\\\/autoridad-provincial-bastian-alarcon-junto-a-conaf-hacen-entrega-de-500-arboles-a-municipalidad-de-maria-pinto\\\/\"},\"author\":{\"name\":\"Editor\",\"@id\":\"https:\\\/\\\/diarioellabrador.cl\\\/#\\\/schema\\\/person\\\/bc25ff80b4563f9c7f4bd7855df01685\"},\"headline\":\"Autoridad Provincial Basti\u00e1n Alarc\u00f3n junto a CONAF hacen entrega de 500 \u00e1rboles a Municipalidad de Mar\u00eda Pinto\",\"datePublished\":\"2026-03-09T21:58:09+00:00\",\"dateModified\":\"2026-03-09T21:58:14+00:00\",\"mainEntityOfPage\":{\"@id\":\"https:\\\/\\\/diarioellabrador.cl\\\/index.php\\\/2026\\\/03\\\/09\\\/autoridad-provincial-bastian-alarcon-junto-a-conaf-hacen-entrega-de-500-arboles-a-municipalidad-de-maria-pinto\\\/\"},\"wordCount\":623,\"commentCount\":0,\"publisher\":{\"@id\":\"https:\\\/\\\/diarioellabrador.cl\\\/#organization\"},\"image\":{\"@id\":\"https:\\\/\\\/diarioellabrador.cl\\\/index.php\\\/2026\\\/03\\\/09\\\/autoridad-provincial-bastian-alarcon-junto-a-conaf-hacen-entrega-de-500-arboles-a-municipalidad-de-maria-pinto\\\/#primaryimage\"},\"thumbnailUrl\":\"https:\\\/\\\/diarioellabrador.cl\\\/wp-content\\\/uploads\\\/2026\\\/03\\\/Autoridad-Provincial-Bastian-Alarcon-junto-a-CONAF-hacen-entrega-de-500-arboles-a-Municipalidad-de-Maria-Pinto-2-scaled.jpeg\",\"articleSection\":[\"Cr\u00f3nica\"],\"inLanguage\":\"es\",\"potentialAction\":[{\"@type\":\"CommentAction\",\"name\":\"Comment\",\"target\":[\"https:\\\/\\\/diarioellabrador.cl\\\/index.php\\\/2026\\\/03\\\/09\\\/autoridad-provincial-bastian-alarcon-junto-a-conaf-hacen-entrega-de-500-arboles-a-municipalidad-de-maria-pinto\\\/#respond\"]}]},{\"@type\":\"WebPage\",\"@id\":\"https:\\\/\\\/diarioellabrador.cl\\\/index.php\\\/2026\\\/03\\\/09\\\/autoridad-provincial-bastian-alarcon-junto-a-conaf-hacen-entrega-de-500-arboles-a-municipalidad-de-maria-pinto\\\/\",\"url\":\"https:\\\/\\\/diarioellabrador.cl\\\/index.php\\\/2026\\\/03\\\/09\\\/autoridad-provincial-bastian-alarcon-junto-a-conaf-hacen-entrega-de-500-arboles-a-municipalidad-de-maria-pinto\\\/\",\"name\":\"Autoridad Provincial Basti\u00e1n Alarc\u00f3n junto a CONAF hacen entrega de 500 \u00e1rboles a Municipalidad de Mar\u00eda Pinto - Diario El Labrador\",\"isPartOf\":{\"@id\":\"https:\\\/\\\/diarioellabrador.cl\\\/#website\"},\"primaryImageOfPage\":{\"@id\":\"https:\\\/\\\/diarioellabrador.cl\\\/index.php\\\/2026\\\/03\\\/09\\\/autoridad-provincial-bastian-alarcon-junto-a-conaf-hacen-entrega-de-500-arboles-a-municipalidad-de-maria-pinto\\\/#primaryimage\"},\"image\":{\"@id\":\"https:\\\/\\\/diarioellabrador.cl\\\/index.php\\\/2026\\\/03\\\/09\\\/autoridad-provincial-bastian-alarcon-junto-a-conaf-hacen-entrega-de-500-arboles-a-municipalidad-de-maria-pinto\\\/#primaryimage\"},\"thumbnailUrl\":\"https:\\\/\\\/diarioellabrador.cl\\\/wp-content\\\/uploads\\\/2026\\\/03\\\/Autoridad-Provincial-Bastian-Alarcon-junto-a-CONAF-hacen-entrega-de-500-arboles-a-Municipalidad-de-Maria-Pinto-2-scaled.jpeg\",\"datePublished\":\"2026-03-09T21:58:09+00:00\",\"dateModified\":\"2026-03-09T21:58:14+00:00\",\"breadcrumb\":{\"@id\":\"https:\\\/\\\/diarioellabrador.cl\\\/index.php\\\/2026\\\/03\\\/09\\\/autoridad-provincial-bastian-alarcon-junto-a-conaf-hacen-entrega-de-500-arboles-a-municipalidad-de-maria-pinto\\\/#breadcrumb\"},\"inLanguage\":\"es\",\"potentialAction\":[{\"@type\":\"ReadAction\",\"target\":[\"https:\\\/\\\/diarioellabrador.cl\\\/index.php\\\/2026\\\/03\\\/09\\\/autoridad-provincial-bastian-alarcon-junto-a-conaf-hacen-entrega-de-500-arboles-a-municipalidad-de-maria-pinto\\\/\"]}]},{\"@type\":\"ImageObject\",\"inLanguage\":\"es\",\"@id\":\"https:\\\/\\\/diarioellabrador.cl\\\/index.php\\\/2026\\\/03\\\/09\\\/autoridad-provincial-bastian-alarcon-junto-a-conaf-hacen-entrega-de-500-arboles-a-municipalidad-de-maria-pinto\\\/#primaryimage\",\"url\":\"https:\\\/\\\/diarioellabrador.cl\\\/wp-content\\\/uploads\\\/2026\\\/03\\\/Autoridad-Provincial-Bastian-Alarcon-junto-a-CONAF-hacen-entrega-de-500-arboles-a-Municipalidad-de-Maria-Pinto-2-scaled.jpeg\",\"contentUrl\":\"https:\\\/\\\/diarioellabrador.cl\\\/wp-content\\\/uploads\\\/2026\\\/03\\\/Autoridad-Provincial-Bastian-Alarcon-junto-a-CONAF-hacen-entrega-de-500-arboles-a-Municipalidad-de-Maria-Pinto-2-scaled.jpeg\",\"width\":2560,\"height\":1920},{\"@type\":\"BreadcrumbList\",\"@id\":\"https:\\\/\\\/diarioellabrador.cl\\\/index.php\\\/2026\\\/03\\\/09\\\/autoridad-provincial-bastian-alarcon-junto-a-conaf-hacen-entrega-de-500-arboles-a-municipalidad-de-maria-pinto\\\/#breadcrumb\",\"itemListElement\":[{\"@type\":\"ListItem\",\"position\":1,\"name\":\"Portada\",\"item\":\"https:\\\/\\\/diarioellabrador.cl\\\/\"},{\"@type\":\"ListItem\",\"position\":2,\"name\":\"Autoridad Provincial Basti\u00e1n Alarc\u00f3n junto a CONAF hacen entrega de 500 \u00e1rboles a Municipalidad de Mar\u00eda Pinto\"}]},{\"@type\":\"WebSite\",\"@id\":\"https:\\\/\\\/diarioellabrador.cl\\\/#website\",\"url\":\"https:\\\/\\\/diarioellabrador.cl\\\/\",\"name\":\"Diario El Labrador\",\"description\":\"Haciendo noticia desde 1921\",\"publisher\":{\"@id\":\"https:\\\/\\\/diarioellabrador.cl\\\/#organization\"},\"potentialAction\":[{\"@type\":\"SearchAction\",\"target\":{\"@type\":\"EntryPoint\",\"urlTemplate\":\"https:\\\/\\\/diarioellabrador.cl\\\/?s={search_term_string}\"},\"query-input\":{\"@type\":\"PropertyValueSpecification\",\"valueRequired\":true,\"valueName\":\"search_term_string\"}}],\"inLanguage\":\"es\"},{\"@type\":\"Organization\",\"@id\":\"https:\\\/\\\/diarioellabrador.cl\\\/#organization\",\"name\":\"Diario El Labrador\",\"url\":\"https:\\\/\\\/diarioellabrador.cl\\\/\",\"logo\":{\"@type\":\"ImageObject\",\"inLanguage\":\"es\",\"@id\":\"https:\\\/\\\/diarioellabrador.cl\\\/#\\\/schema\\\/logo\\\/image\\\/\",\"url\":\"https:\\\/\\\/diarioellabrador.cl\\\/wp-content\\\/uploads\\\/2025\\\/02\\\/cropped-Logo-Icono.png\",\"contentUrl\":\"https:\\\/\\\/diarioellabrador.cl\\\/wp-content\\\/uploads\\\/2025\\\/02\\\/cropped-Logo-Icono.png\",\"width\":512,\"height\":512,\"caption\":\"Diario El Labrador\"},\"image\":{\"@id\":\"https:\\\/\\\/diarioellabrador.cl\\\/#\\\/schema\\\/logo\\\/image\\\/\"},\"sameAs\":[\"https:\\\/\\\/web.facebook.com\\\/profile.php?id=61576120840621\",\"https:\\\/\\\/x.com\\\/ElLabradorOf\",\"https:\\\/\\\/www.instagram.com\\\/diarioellabradoroficial\\\/\"]},{\"@type\":\"Person\",\"@id\":\"https:\\\/\\\/diarioellabrador.cl\\\/#\\\/schema\\\/person\\\/bc25ff80b4563f9c7f4bd7855df01685\",\"name\":\"Editor\",\"image\":{\"@type\":\"ImageObject\",\"inLanguage\":\"es\",\"@id\":\"https:\\\/\\\/secure.gravatar.com\\\/avatar\\\/109c326cf2be5c04f048c2c2a2b8b6ef44bf3d8d1d3d4c55d0ac40c4bc994684?s=96&d=mm&r=g\",\"url\":\"https:\\\/\\\/secure.gravatar.com\\\/avatar\\\/109c326cf2be5c04f048c2c2a2b8b6ef44bf3d8d1d3d4c55d0ac40c4bc994684?s=96&d=mm&r=g\",\"contentUrl\":\"https:\\\/\\\/secure.gravatar.com\\\/avatar\\\/109c326cf2be5c04f048c2c2a2b8b6ef44bf3d8d1d3d4c55d0ac40c4bc994684?s=96&d=mm&r=g\",\"caption\":\"Editor\"},\"url\":\"https:\\\/\\\/diarioellabrador.cl\\\/index.php\\\/author\\\/editor\\\/\"}]}<\/script>\n<!-- \/ Yoast SEO plugin. -->","yoast_head_json":{"title":"Autoridad Provincial Basti\u00e1n Alarc\u00f3n junto a CONAF hacen entrega de 500 \u00e1rboles a Municipalidad de Mar\u00eda Pinto - Diario El Labrador","robots":{"index":"index","follow":"follow","max-snippet":"max-snippet:-1","max-image-preview":"max-image-preview:large","max-video-preview":"max-video-preview:-1"},"canonical":"https:\/\/diarioellabrador.cl\/index.php\/2026\/03\/09\/autoridad-provincial-bastian-alarcon-junto-a-conaf-hacen-entrega-de-500-arboles-a-municipalidad-de-maria-pinto\/","og_locale":"es_ES","og_type":"article","og_title":"Autoridad Provincial Basti\u00e1n Alarc\u00f3n junto a CONAF hacen entrega de 500 \u00e1rboles a Municipalidad de Mar\u00eda Pinto - Diario El Labrador","og_description":"Hasta Municipalidad de Mar\u00eda Pinto lleg\u00f3 el delegado presidencial provincial de Melipilla, Basti\u00e1n Alarc\u00f3n, junto al jefe provincial de CONAF, Alejandro Borquez, y el jefe del Departamento de Protecci\u00f3n Contra Incendios Forestales del Distrito Melipilla de CONAF, Pedro Parada, con el objetivo de hacer entrega de 500 \u00e1rboles que ser\u00e1n destinados a comunidades y juntas Leer m\u00e1s","og_url":"https:\/\/diarioellabrador.cl\/index.php\/2026\/03\/09\/autoridad-provincial-bastian-alarcon-junto-a-conaf-hacen-entrega-de-500-arboles-a-municipalidad-de-maria-pinto\/","og_site_name":"Diario El Labrador","article_publisher":"https:\/\/web.facebook.com\/profile.php?id=61576120840621","article_published_time":"2026-03-09T21:58:09+00:00","article_modified_time":"2026-03-09T21:58:14+00:00","og_image":[{"width":2560,"height":1920,"url":"https:\/\/diarioellabrador.cl\/wp-content\/uploads\/2026\/03\/Autoridad-Provincial-Bastian-Alarcon-junto-a-CONAF-hacen-entrega-de-500-arboles-a-Municipalidad-de-Maria-Pinto-2-scaled.jpeg","type":"image\/jpeg"}],"author":"Editor","twitter_card":"summary_large_image","twitter_creator":"@ElLabradorOf","twitter_site":"@ElLabradorOf","twitter_misc":{"Escrito por":"Editor","Tiempo de lectura":"3 minutos"},"schema":{"@context":"https:\/\/schema.org","@graph":[{"@type":"Article","@id":"https:\/\/diarioellabrador.cl\/index.php\/2026\/03\/09\/autoridad-provincial-bastian-alarcon-junto-a-conaf-hacen-entrega-de-500-arboles-a-municipalidad-de-maria-pinto\/#article","isPartOf":{"@id":"https:\/\/diarioellabrador.cl\/index.php\/2026\/03\/09\/autoridad-provincial-bastian-alarcon-junto-a-conaf-hacen-entrega-de-500-arboles-a-municipalidad-de-maria-pinto\/"},"author":{"name":"Editor","@id":"https:\/\/diarioellabrador.cl\/#\/schema\/person\/bc25ff80b4563f9c7f4bd7855df01685"},"headline":"Autoridad Provincial Basti\u00e1n Alarc\u00f3n junto a CONAF hacen entrega de 500 \u00e1rboles a Municipalidad de Mar\u00eda Pinto","datePublished":"2026-03-09T21:58:09+00:00","dateModified":"2026-03-09T21:58:14+00:00","mainEntityOfPage":{"@id":"https:\/\/diarioellabrador.cl\/index.php\/2026\/03\/09\/autoridad-provincial-bastian-alarcon-junto-a-conaf-hacen-entrega-de-500-arboles-a-municipalidad-de-maria-pinto\/"},"wordCount":623,"commentCount":0,"publisher":{"@id":"https:\/\/diarioellabrador.cl\/#organization"},"image":{"@id":"https:\/\/diarioellabrador.cl\/index.php\/2026\/03\/09\/autoridad-provincial-bastian-alarcon-junto-a-conaf-hacen-entrega-de-500-arboles-a-municipalidad-de-maria-pinto\/#primaryimage"},"thumbnailUrl":"https:\/\/diarioellabrador.cl\/wp-content\/uploads\/2026\/03\/Autoridad-Provincial-Bastian-Alarcon-junto-a-CONAF-hacen-entrega-de-500-arboles-a-Municipalidad-de-Maria-Pinto-2-scaled.jpeg","articleSection":["Cr\u00f3nica"],"inLanguage":"es","potentialAction":[{"@type":"CommentAction","name":"Comment","target":["https:\/\/diarioellabrador.cl\/index.php\/2026\/03\/09\/autoridad-provincial-bastian-alarcon-junto-a-conaf-hacen-entrega-de-500-arboles-a-municipalidad-de-maria-pinto\/#respond"]}]},{"@type":"WebPage","@id":"https:\/\/diarioellabrador.cl\/index.php\/2026\/03\/09\/autoridad-provincial-bastian-alarcon-junto-a-conaf-hacen-entrega-de-500-arboles-a-municipalidad-de-maria-pinto\/","url":"https:\/\/diarioellabrador.cl\/index.php\/2026\/03\/09\/autoridad-provincial-bastian-alarcon-junto-a-conaf-hacen-entrega-de-500-arboles-a-municipalidad-de-maria-pinto\/","name":"Autoridad Provincial Basti\u00e1n Alarc\u00f3n junto a CONAF hacen entrega de 500 \u00e1rboles a Municipalidad de Mar\u00eda Pinto - Diario El Labrador","isPartOf":{"@id":"https:\/\/diarioellabrador.cl\/#website"},"primaryImageOfPage":{"@id":"https:\/\/diarioellabrador.cl\/index.php\/2026\/03\/09\/autoridad-provincial-bastian-alarcon-junto-a-conaf-hacen-entrega-de-500-arboles-a-municipalidad-de-maria-pinto\/#primaryimage"},"image":{"@id":"https:\/\/diarioellabrador.cl\/index.php\/2026\/03\/09\/autoridad-provincial-bastian-alarcon-junto-a-conaf-hacen-entrega-de-500-arboles-a-municipalidad-de-maria-pinto\/#primaryimage"},"thumbnailUrl":"https:\/\/diarioellabrador.cl\/wp-content\/uploads\/2026\/03\/Autoridad-Provincial-Bastian-Alarcon-junto-a-CONAF-hacen-entrega-de-500-arboles-a-Municipalidad-de-Maria-Pinto-2-scaled.jpeg","datePublished":"2026-03-09T21:58:09+00:00","dateModified":"2026-03-09T21:58:14+00:00","breadcrumb":{"@id":"https:\/\/diarioellabrador.cl\/index.php\/2026\/03\/09\/autoridad-provincial-bastian-alarcon-junto-a-conaf-hacen-entrega-de-500-arboles-a-municipalidad-de-maria-pinto\/#breadcrumb"},"inLanguage":"es","potentialAction":[{"@type":"ReadAction","target":["https:\/\/diarioellabrador.cl\/index.php\/2026\/03\/09\/autoridad-provincial-bastian-alarcon-junto-a-conaf-hacen-entrega-de-500-arboles-a-municipalidad-de-maria-pinto\/"]}]},{"@type":"ImageObject","inLanguage":"es","@id":"https:\/\/diarioellabrador.cl\/index.php\/2026\/03\/09\/autoridad-provincial-bastian-alarcon-junto-a-conaf-hacen-entrega-de-500-arboles-a-municipalidad-de-maria-pinto\/#primaryimage","url":"https:\/\/diarioellabrador.cl\/wp-content\/uploads\/2026\/03\/Autoridad-Provincial-Bastian-Alarcon-junto-a-CONAF-hacen-entrega-de-500-arboles-a-Municipalidad-de-Maria-Pinto-2-scaled.jpeg","contentUrl":"https:\/\/diarioellabrador.cl\/wp-content\/uploads\/2026\/03\/Autoridad-Provincial-Bastian-Alarcon-junto-a-CONAF-hacen-entrega-de-500-arboles-a-Municipalidad-de-Maria-Pinto-2-scaled.jpeg","width":2560,"height":1920},{"@type":"BreadcrumbList","@id":"https:\/\/diarioellabrador.cl\/index.php\/2026\/03\/09\/autoridad-provincial-bastian-alarcon-junto-a-conaf-hacen-entrega-de-500-arboles-a-municipalidad-de-maria-pinto\/#breadcrumb","itemListElement":[{"@type":"ListItem","position":1,"name":"Portada","item":"https:\/\/diarioellabrador.cl\/"},{"@type":"ListItem","position":2,"name":"Autoridad Provincial Basti\u00e1n Alarc\u00f3n junto a CONAF hacen entrega de 500 \u00e1rboles a Municipalidad de Mar\u00eda Pinto"}]},{"@type":"WebSite","@id":"https:\/\/diarioellabrador.cl\/#website","url":"https:\/\/diarioellabrador.cl\/","name":"Diario El Labrador","description":"Haciendo noticia desde 1921","publisher":{"@id":"https:\/\/diarioellabrador.cl\/#organization"},"potentialAction":[{"@type":"SearchAction","target":{"@type":"EntryPoint","urlTemplate":"https:\/\/diarioellabrador.cl\/?s={search_term_string}"},"query-input":{"@type":"PropertyValueSpecification","valueRequired":true,"valueName":"search_term_string"}}],"inLanguage":"es"},{"@type":"Organization","@id":"https:\/\/diarioellabrador.cl\/#organization","name":"Diario El Labrador","url":"https:\/\/diarioellabrador.cl\/","logo":{"@type":"ImageObject","inLanguage":"es","@id":"https:\/\/diarioellabrador.cl\/#\/schema\/logo\/image\/","url":"https:\/\/diarioellabrador.cl\/wp-content\/uploads\/2025\/02\/cropped-Logo-Icono.png","contentUrl":"https:\/\/diarioellabrador.cl\/wp-content\/uploads\/2025\/02\/cropped-Logo-Icono.png","width":512,"height":512,"caption":"Diario El Labrador"},"image":{"@id":"https:\/\/diarioellabrador.cl\/#\/schema\/logo\/image\/"},"sameAs":["https:\/\/web.facebook.com\/profile.php?id=61576120840621","https:\/\/x.com\/ElLabradorOf","https:\/\/www.instagram.com\/diarioellabradoroficial\/"]},{"@type":"Person","@id":"https:\/\/diarioellabrador.cl\/#\/schema\/person\/bc25ff80b4563f9c7f4bd7855df01685","name":"Editor","image":{"@type":"ImageObject","inLanguage":"es","@id":"https:\/\/secure.gravatar.com\/avatar\/109c326cf2be5c04f048c2c2a2b8b6ef44bf3d8d1d3d4c55d0ac40c4bc994684?s=96&d=mm&r=g","url":"https:\/\/secure.gravatar.com\/avatar\/109c326cf2be5c04f048c2c2a2b8b6ef44bf3d8d1d3d4c55d0ac40c4bc994684?s=96&d=mm&r=g","contentUrl":"https:\/\/secure.gravatar.com\/avatar\/109c326cf2be5c04f048c2c2a2b8b6ef44bf3d8d1d3d4c55d0ac40c4bc994684?s=96&d=mm&r=g","caption":"Editor"},"url":"https:\/\/diarioellabrador.cl\/index.php\/author\/editor\/"}]}},"_links":{"self":[{"href":"https:\/\/diarioellabrador.cl\/index.php\/wp-json\/wp\/v2\/posts\/16341","targetHints":{"allow":["GET"]}}],"collection":[{"href":"https:\/\/diarioellabrador.cl\/index.php\/wp-json\/wp\/v2\/posts"}],"about":[{"href":"https:\/\/diarioellabrador.cl\/index.php\/wp-json\/wp\/v2\/types\/post"}],"author":[{"embeddable":true,"href":"https:\/\/diarioellabrador.cl\/index.php\/wp-json\/wp\/v2\/users\/2"}],"replies":[{"embeddable":true,"href":"https:\/\/diarioellabrador.cl\/index.php\/wp-json\/wp\/v2\/comments?post=16341"}],"version-history":[{"count":1,"href":"https:\/\/diarioellabrador.cl\/index.php\/wp-json\/wp\/v2\/posts\/16341\/revisions"}],"predecessor-version":[{"id":16342,"href":"https:\/\/diarioellabrador.cl\/index.php\/wp-json\/wp\/v2\/posts\/16341\/revisions\/16342"}],"wp:featuredmedia":[{"embeddable":true,"href":"https:\/\/diarioellabrador.cl\/index.php\/wp-json\/wp\/v2\/media\/16288"}],"wp:attachment":[{"href":"https:\/\/diarioellabrador.cl\/index.php\/wp-json\/wp\/v2\/media?parent=16341"}],"wp:term":[{"taxonomy":"category","embeddable":true,"href":"https:\/\/diarioellabrador.cl\/index.php\/wp-json\/wp\/v2\/categories?post=16341"},{"taxonomy":"post_tag","embeddable":true,"href":"https:\/\/diarioellabrador.cl\/index.php\/wp-json\/wp\/v2\/tags?post=16341"}],"curies":[{"name":"wp","href":"https:\/\/api.w.org\/{rel}","templated":true}]}}