{"id":16337,"date":"2026-03-09T17:56:51","date_gmt":"2026-03-09T21:56:51","guid":{"rendered":"https:\/\/diarioellabrador.cl\/?p=16337"},"modified":"2026-03-09T17:56:53","modified_gmt":"2026-03-09T21:56:53","slug":"gran-cicletada-familiar-el-bajo-un-recorrido-con-historia-este-29-de-marzo-en-melipilla","status":"publish","type":"post","link":"https:\/\/diarioellabrador.cl\/index.php\/2026\/03\/09\/gran-cicletada-familiar-el-bajo-un-recorrido-con-historia-este-29-de-marzo-en-melipilla\/","title":{"rendered":"Gran Cicletada Familiar el Bajo: Un recorrido con historia este 29 de marzo en Melipilla"},"content":{"rendered":"\n<p>Por Johnny Ahumada Sep\u00falveda<\/p>\n\n\n\n<p>Este domingo 29 de marzo a las 09:00 horas de la ma\u00f1ana ser\u00e1 la gran Cicletada Familiar que recordar\u00e1 la historia de El Bajo en Melipilla.<\/p>\n\n\n\n<p>En un afiche que fue publicado en redes sociales, se visibiliz\u00f3 una invitaci\u00f3n cordial a todos los que quieran ser parte de esta iniciativa que combina el deporte y la cultura patrimonial de la comuna de Melipilla.<\/p>\n\n\n\n<p>El Consejo Ecol\u00f3gico de Melipilla pide un \u00fanico requisito para tener un buen panorama: Llevar casco, una botella con agua y protector solar. Este mismo Consejo es el que est\u00e1 fomentando el deporte en la comuna, y est\u00e1 buscando la realizaci\u00f3n de m\u00e1s ciclov\u00edas para la comunidad melipillana.<\/p>\n\n\n\n<p>El punto de encuentro ser\u00e1 al frente de la Plaza de Armas, frente al Teatro Serrano, y tiene una iniciativa cultural que invita a todas las personas a participar, durante el recorrido compartir\u00e1n historias y relatos del patrimonio hist\u00f3rico del Bajo, en una actividad pensada para disfrutar en familia, aprender y fortalecer el v\u00ednculo de la comunidad aleda\u00f1a.<\/p>\n\n\n\n<p>Seg\u00fan informaciones locales y expuestas en redes sociales: Ser\u00e1 una actividad abierta y gratuita para toda la comunidad, donde se espera fomentar a los j\u00f3venes, ni\u00f1os y adultos mayores.<\/p>\n\n\n\n<p>En la p\u00e1gina de Facebook del Consejo Ecol\u00f3gico de Melipilla dejan a todas las personas invitadas a participar con un mensaje claro \u201c\u00a1Trae tu bicicleta, invita a tu familia y amigos, pedaleemos juntos por nuestra historia!\u201d.<\/p>\n\n\n\n<p>El Consejo Ecol\u00f3gico de la comuna ha estado presente en muchas cicletadas familiares durante el verano y el resto del a\u00f1o, una similar fue la cicletada que tuvo lugar en Lumbreras el 22 de febrero, que fue un \u00e9xito total en participaciones.<\/p>\n","protected":false},"excerpt":{"rendered":"<p>Por Johnny Ahumada Sep\u00falveda Este domingo 29 de marzo a las 09:00 horas de la ma\u00f1ana ser\u00e1 la gran Cicletada Familiar que recordar\u00e1 la historia de El Bajo en Melipilla. En un afiche que fue publicado en redes sociales, se visibiliz\u00f3 una invitaci\u00f3n cordial a todos los que quieran ser parte de esta iniciativa que<\/p>\n<div class=\"read-more-wrapper\"><a class=\"read-more\" href=\"https:\/\/diarioellabrador.cl\/index.php\/2026\/03\/09\/gran-cicletada-familiar-el-bajo-un-recorrido-con-historia-este-29-de-marzo-en-melipilla\/\" title=\"Leer m\u00e1s\"> <span class=\"button \">Leer m\u00e1s<\/span><\/a><\/div>\n","protected":false},"author":2,"featured_media":16287,"comment_status":"open","ping_status":"open","sticky":false,"template":"","format":"standard","meta":{"footnotes":""},"categories":[1],"tags":[],"class_list":["post-16337","post","type-post","status-publish","format-standard","has-post-thumbnail","hentry","category-cronica"],"yoast_head":"<!-- This site is optimized with the Yoast SEO plugin v27.5 - https:\/\/yoast.com\/product\/yoast-seo-wordpress\/ -->\n<title>Gran Cicletada Familiar el Bajo: Un recorrido con historia este 29 de marzo en Melipilla - Diario El Labrador<\/title>\n<meta name=\"robots\" content=\"index, follow, max-snippet:-1, max-image-preview:large, max-video-preview:-1\" \/>\n<link rel=\"canonical\" href=\"https:\/\/diarioellabrador.cl\/index.php\/2026\/03\/09\/gran-cicletada-familiar-el-bajo-un-recorrido-con-historia-este-29-de-marzo-en-melipilla\/\" \/>\n<meta property=\"og:locale\" content=\"es_ES\" \/>\n<meta property=\"og:type\" content=\"article\" \/>\n<meta property=\"og:title\" content=\"Gran Cicletada Familiar el Bajo: Un recorrido con historia este 29 de marzo en Melipilla - Diario El Labrador\" \/>\n<meta property=\"og:description\" content=\"Por Johnny Ahumada Sep\u00falveda Este domingo 29 de marzo a las 09:00 horas de la ma\u00f1ana ser\u00e1 la gran Cicletada Familiar que recordar\u00e1 la historia de El Bajo en Melipilla. En un afiche que fue publicado en redes sociales, se visibiliz\u00f3 una invitaci\u00f3n cordial a todos los que quieran ser parte de esta iniciativa que Leer m\u00e1s\" \/>\n<meta property=\"og:url\" content=\"https:\/\/diarioellabrador.cl\/index.php\/2026\/03\/09\/gran-cicletada-familiar-el-bajo-un-recorrido-con-historia-este-29-de-marzo-en-melipilla\/\" \/>\n<meta property=\"og:site_name\" content=\"Diario El Labrador\" \/>\n<meta property=\"article:publisher\" content=\"https:\/\/web.facebook.com\/profile.php?id=61576120840621\" \/>\n<meta property=\"article:published_time\" content=\"2026-03-09T21:56:51+00:00\" \/>\n<meta property=\"article:modified_time\" content=\"2026-03-09T21:56:53+00:00\" \/>\n<meta property=\"og:image\" content=\"https:\/\/diarioellabrador.cl\/wp-content\/uploads\/2026\/03\/Gran-Cicletada-Familiar-el-Bajo-Un-recorrido-con-historia-este-29-de-marzo-en-Melipilla.jpg\" \/>\n\t<meta property=\"og:image:width\" content=\"1180\" \/>\n\t<meta property=\"og:image:height\" content=\"721\" \/>\n\t<meta property=\"og:image:type\" content=\"image\/jpeg\" \/>\n<meta name=\"author\" content=\"Editor\" \/>\n<meta name=\"twitter:card\" content=\"summary_large_image\" \/>\n<meta name=\"twitter:creator\" content=\"@ElLabradorOf\" \/>\n<meta name=\"twitter:site\" content=\"@ElLabradorOf\" \/>\n<meta name=\"twitter:label1\" content=\"Escrito por\" \/>\n\t<meta name=\"twitter:data1\" content=\"Editor\" \/>\n\t<meta name=\"twitter:label2\" content=\"Tiempo de lectura\" \/>\n\t<meta name=\"twitter:data2\" content=\"2 minutos\" \/>\n<script type=\"application\/ld+json\" class=\"yoast-schema-graph\">{\"@context\":\"https:\\\/\\\/schema.org\",\"@graph\":[{\"@type\":\"Article\",\"@id\":\"https:\\\/\\\/diarioellabrador.cl\\\/index.php\\\/2026\\\/03\\\/09\\\/gran-cicletada-familiar-el-bajo-un-recorrido-con-historia-este-29-de-marzo-en-melipilla\\\/#article\",\"isPartOf\":{\"@id\":\"https:\\\/\\\/diarioellabrador.cl\\\/index.php\\\/2026\\\/03\\\/09\\\/gran-cicletada-familiar-el-bajo-un-recorrido-con-historia-este-29-de-marzo-en-melipilla\\\/\"},\"author\":{\"name\":\"Editor\",\"@id\":\"https:\\\/\\\/diarioellabrador.cl\\\/#\\\/schema\\\/person\\\/bc25ff80b4563f9c7f4bd7855df01685\"},\"headline\":\"Gran Cicletada Familiar el Bajo: Un recorrido con historia este 29 de marzo en Melipilla\",\"datePublished\":\"2026-03-09T21:56:51+00:00\",\"dateModified\":\"2026-03-09T21:56:53+00:00\",\"mainEntityOfPage\":{\"@id\":\"https:\\\/\\\/diarioellabrador.cl\\\/index.php\\\/2026\\\/03\\\/09\\\/gran-cicletada-familiar-el-bajo-un-recorrido-con-historia-este-29-de-marzo-en-melipilla\\\/\"},\"wordCount\":309,\"commentCount\":0,\"publisher\":{\"@id\":\"https:\\\/\\\/diarioellabrador.cl\\\/#organization\"},\"image\":{\"@id\":\"https:\\\/\\\/diarioellabrador.cl\\\/index.php\\\/2026\\\/03\\\/09\\\/gran-cicletada-familiar-el-bajo-un-recorrido-con-historia-este-29-de-marzo-en-melipilla\\\/#primaryimage\"},\"thumbnailUrl\":\"https:\\\/\\\/diarioellabrador.cl\\\/wp-content\\\/uploads\\\/2026\\\/03\\\/Gran-Cicletada-Familiar-el-Bajo-Un-recorrido-con-historia-este-29-de-marzo-en-Melipilla.jpg\",\"articleSection\":[\"Cr\u00f3nica\"],\"inLanguage\":\"es\",\"potentialAction\":[{\"@type\":\"CommentAction\",\"name\":\"Comment\",\"target\":[\"https:\\\/\\\/diarioellabrador.cl\\\/index.php\\\/2026\\\/03\\\/09\\\/gran-cicletada-familiar-el-bajo-un-recorrido-con-historia-este-29-de-marzo-en-melipilla\\\/#respond\"]}]},{\"@type\":\"WebPage\",\"@id\":\"https:\\\/\\\/diarioellabrador.cl\\\/index.php\\\/2026\\\/03\\\/09\\\/gran-cicletada-familiar-el-bajo-un-recorrido-con-historia-este-29-de-marzo-en-melipilla\\\/\",\"url\":\"https:\\\/\\\/diarioellabrador.cl\\\/index.php\\\/2026\\\/03\\\/09\\\/gran-cicletada-familiar-el-bajo-un-recorrido-con-historia-este-29-de-marzo-en-melipilla\\\/\",\"name\":\"Gran Cicletada Familiar el Bajo: Un recorrido con historia este 29 de marzo en Melipilla - Diario El Labrador\",\"isPartOf\":{\"@id\":\"https:\\\/\\\/diarioellabrador.cl\\\/#website\"},\"primaryImageOfPage\":{\"@id\":\"https:\\\/\\\/diarioellabrador.cl\\\/index.php\\\/2026\\\/03\\\/09\\\/gran-cicletada-familiar-el-bajo-un-recorrido-con-historia-este-29-de-marzo-en-melipilla\\\/#primaryimage\"},\"image\":{\"@id\":\"https:\\\/\\\/diarioellabrador.cl\\\/index.php\\\/2026\\\/03\\\/09\\\/gran-cicletada-familiar-el-bajo-un-recorrido-con-historia-este-29-de-marzo-en-melipilla\\\/#primaryimage\"},\"thumbnailUrl\":\"https:\\\/\\\/diarioellabrador.cl\\\/wp-content\\\/uploads\\\/2026\\\/03\\\/Gran-Cicletada-Familiar-el-Bajo-Un-recorrido-con-historia-este-29-de-marzo-en-Melipilla.jpg\",\"datePublished\":\"2026-03-09T21:56:51+00:00\",\"dateModified\":\"2026-03-09T21:56:53+00:00\",\"breadcrumb\":{\"@id\":\"https:\\\/\\\/diarioellabrador.cl\\\/index.php\\\/2026\\\/03\\\/09\\\/gran-cicletada-familiar-el-bajo-un-recorrido-con-historia-este-29-de-marzo-en-melipilla\\\/#breadcrumb\"},\"inLanguage\":\"es\",\"potentialAction\":[{\"@type\":\"ReadAction\",\"target\":[\"https:\\\/\\\/diarioellabrador.cl\\\/index.php\\\/2026\\\/03\\\/09\\\/gran-cicletada-familiar-el-bajo-un-recorrido-con-historia-este-29-de-marzo-en-melipilla\\\/\"]}]},{\"@type\":\"ImageObject\",\"inLanguage\":\"es\",\"@id\":\"https:\\\/\\\/diarioellabrador.cl\\\/index.php\\\/2026\\\/03\\\/09\\\/gran-cicletada-familiar-el-bajo-un-recorrido-con-historia-este-29-de-marzo-en-melipilla\\\/#primaryimage\",\"url\":\"https:\\\/\\\/diarioellabrador.cl\\\/wp-content\\\/uploads\\\/2026\\\/03\\\/Gran-Cicletada-Familiar-el-Bajo-Un-recorrido-con-historia-este-29-de-marzo-en-Melipilla.jpg\",\"contentUrl\":\"https:\\\/\\\/diarioellabrador.cl\\\/wp-content\\\/uploads\\\/2026\\\/03\\\/Gran-Cicletada-Familiar-el-Bajo-Un-recorrido-con-historia-este-29-de-marzo-en-Melipilla.jpg\",\"width\":1180,\"height\":721},{\"@type\":\"BreadcrumbList\",\"@id\":\"https:\\\/\\\/diarioellabrador.cl\\\/index.php\\\/2026\\\/03\\\/09\\\/gran-cicletada-familiar-el-bajo-un-recorrido-con-historia-este-29-de-marzo-en-melipilla\\\/#breadcrumb\",\"itemListElement\":[{\"@type\":\"ListItem\",\"position\":1,\"name\":\"Portada\",\"item\":\"https:\\\/\\\/diarioellabrador.cl\\\/\"},{\"@type\":\"ListItem\",\"position\":2,\"name\":\"Gran Cicletada Familiar el Bajo: Un recorrido con historia este 29 de marzo en Melipilla\"}]},{\"@type\":\"WebSite\",\"@id\":\"https:\\\/\\\/diarioellabrador.cl\\\/#website\",\"url\":\"https:\\\/\\\/diarioellabrador.cl\\\/\",\"name\":\"Diario El Labrador\",\"description\":\"Haciendo noticia desde 1921\",\"publisher\":{\"@id\":\"https:\\\/\\\/diarioellabrador.cl\\\/#organization\"},\"potentialAction\":[{\"@type\":\"SearchAction\",\"target\":{\"@type\":\"EntryPoint\",\"urlTemplate\":\"https:\\\/\\\/diarioellabrador.cl\\\/?s={search_term_string}\"},\"query-input\":{\"@type\":\"PropertyValueSpecification\",\"valueRequired\":true,\"valueName\":\"search_term_string\"}}],\"inLanguage\":\"es\"},{\"@type\":\"Organization\",\"@id\":\"https:\\\/\\\/diarioellabrador.cl\\\/#organization\",\"name\":\"Diario El Labrador\",\"url\":\"https:\\\/\\\/diarioellabrador.cl\\\/\",\"logo\":{\"@type\":\"ImageObject\",\"inLanguage\":\"es\",\"@id\":\"https:\\\/\\\/diarioellabrador.cl\\\/#\\\/schema\\\/logo\\\/image\\\/\",\"url\":\"https:\\\/\\\/diarioellabrador.cl\\\/wp-content\\\/uploads\\\/2025\\\/02\\\/cropped-Logo-Icono.png\",\"contentUrl\":\"https:\\\/\\\/diarioellabrador.cl\\\/wp-content\\\/uploads\\\/2025\\\/02\\\/cropped-Logo-Icono.png\",\"width\":512,\"height\":512,\"caption\":\"Diario El Labrador\"},\"image\":{\"@id\":\"https:\\\/\\\/diarioellabrador.cl\\\/#\\\/schema\\\/logo\\\/image\\\/\"},\"sameAs\":[\"https:\\\/\\\/web.facebook.com\\\/profile.php?id=61576120840621\",\"https:\\\/\\\/x.com\\\/ElLabradorOf\",\"https:\\\/\\\/www.instagram.com\\\/diarioellabradoroficial\\\/\"]},{\"@type\":\"Person\",\"@id\":\"https:\\\/\\\/diarioellabrador.cl\\\/#\\\/schema\\\/person\\\/bc25ff80b4563f9c7f4bd7855df01685\",\"name\":\"Editor\",\"image\":{\"@type\":\"ImageObject\",\"inLanguage\":\"es\",\"@id\":\"https:\\\/\\\/secure.gravatar.com\\\/avatar\\\/109c326cf2be5c04f048c2c2a2b8b6ef44bf3d8d1d3d4c55d0ac40c4bc994684?s=96&d=mm&r=g\",\"url\":\"https:\\\/\\\/secure.gravatar.com\\\/avatar\\\/109c326cf2be5c04f048c2c2a2b8b6ef44bf3d8d1d3d4c55d0ac40c4bc994684?s=96&d=mm&r=g\",\"contentUrl\":\"https:\\\/\\\/secure.gravatar.com\\\/avatar\\\/109c326cf2be5c04f048c2c2a2b8b6ef44bf3d8d1d3d4c55d0ac40c4bc994684?s=96&d=mm&r=g\",\"caption\":\"Editor\"},\"url\":\"https:\\\/\\\/diarioellabrador.cl\\\/index.php\\\/author\\\/editor\\\/\"}]}<\/script>\n<!-- \/ Yoast SEO plugin. -->","yoast_head_json":{"title":"Gran Cicletada Familiar el Bajo: Un recorrido con historia este 29 de marzo en Melipilla - Diario El Labrador","robots":{"index":"index","follow":"follow","max-snippet":"max-snippet:-1","max-image-preview":"max-image-preview:large","max-video-preview":"max-video-preview:-1"},"canonical":"https:\/\/diarioellabrador.cl\/index.php\/2026\/03\/09\/gran-cicletada-familiar-el-bajo-un-recorrido-con-historia-este-29-de-marzo-en-melipilla\/","og_locale":"es_ES","og_type":"article","og_title":"Gran Cicletada Familiar el Bajo: Un recorrido con historia este 29 de marzo en Melipilla - Diario El Labrador","og_description":"Por Johnny Ahumada Sep\u00falveda Este domingo 29 de marzo a las 09:00 horas de la ma\u00f1ana ser\u00e1 la gran Cicletada Familiar que recordar\u00e1 la historia de El Bajo en Melipilla. En un afiche que fue publicado en redes sociales, se visibiliz\u00f3 una invitaci\u00f3n cordial a todos los que quieran ser parte de esta iniciativa que Leer m\u00e1s","og_url":"https:\/\/diarioellabrador.cl\/index.php\/2026\/03\/09\/gran-cicletada-familiar-el-bajo-un-recorrido-con-historia-este-29-de-marzo-en-melipilla\/","og_site_name":"Diario El Labrador","article_publisher":"https:\/\/web.facebook.com\/profile.php?id=61576120840621","article_published_time":"2026-03-09T21:56:51+00:00","article_modified_time":"2026-03-09T21:56:53+00:00","og_image":[{"width":1180,"height":721,"url":"https:\/\/diarioellabrador.cl\/wp-content\/uploads\/2026\/03\/Gran-Cicletada-Familiar-el-Bajo-Un-recorrido-con-historia-este-29-de-marzo-en-Melipilla.jpg","type":"image\/jpeg"}],"author":"Editor","twitter_card":"summary_large_image","twitter_creator":"@ElLabradorOf","twitter_site":"@ElLabradorOf","twitter_misc":{"Escrito por":"Editor","Tiempo de lectura":"2 minutos"},"schema":{"@context":"https:\/\/schema.org","@graph":[{"@type":"Article","@id":"https:\/\/diarioellabrador.cl\/index.php\/2026\/03\/09\/gran-cicletada-familiar-el-bajo-un-recorrido-con-historia-este-29-de-marzo-en-melipilla\/#article","isPartOf":{"@id":"https:\/\/diarioellabrador.cl\/index.php\/2026\/03\/09\/gran-cicletada-familiar-el-bajo-un-recorrido-con-historia-este-29-de-marzo-en-melipilla\/"},"author":{"name":"Editor","@id":"https:\/\/diarioellabrador.cl\/#\/schema\/person\/bc25ff80b4563f9c7f4bd7855df01685"},"headline":"Gran Cicletada Familiar el Bajo: Un recorrido con historia este 29 de marzo en Melipilla","datePublished":"2026-03-09T21:56:51+00:00","dateModified":"2026-03-09T21:56:53+00:00","mainEntityOfPage":{"@id":"https:\/\/diarioellabrador.cl\/index.php\/2026\/03\/09\/gran-cicletada-familiar-el-bajo-un-recorrido-con-historia-este-29-de-marzo-en-melipilla\/"},"wordCount":309,"commentCount":0,"publisher":{"@id":"https:\/\/diarioellabrador.cl\/#organization"},"image":{"@id":"https:\/\/diarioellabrador.cl\/index.php\/2026\/03\/09\/gran-cicletada-familiar-el-bajo-un-recorrido-con-historia-este-29-de-marzo-en-melipilla\/#primaryimage"},"thumbnailUrl":"https:\/\/diarioellabrador.cl\/wp-content\/uploads\/2026\/03\/Gran-Cicletada-Familiar-el-Bajo-Un-recorrido-con-historia-este-29-de-marzo-en-Melipilla.jpg","articleSection":["Cr\u00f3nica"],"inLanguage":"es","potentialAction":[{"@type":"CommentAction","name":"Comment","target":["https:\/\/diarioellabrador.cl\/index.php\/2026\/03\/09\/gran-cicletada-familiar-el-bajo-un-recorrido-con-historia-este-29-de-marzo-en-melipilla\/#respond"]}]},{"@type":"WebPage","@id":"https:\/\/diarioellabrador.cl\/index.php\/2026\/03\/09\/gran-cicletada-familiar-el-bajo-un-recorrido-con-historia-este-29-de-marzo-en-melipilla\/","url":"https:\/\/diarioellabrador.cl\/index.php\/2026\/03\/09\/gran-cicletada-familiar-el-bajo-un-recorrido-con-historia-este-29-de-marzo-en-melipilla\/","name":"Gran Cicletada Familiar el Bajo: Un recorrido con historia este 29 de marzo en Melipilla - Diario El Labrador","isPartOf":{"@id":"https:\/\/diarioellabrador.cl\/#website"},"primaryImageOfPage":{"@id":"https:\/\/diarioellabrador.cl\/index.php\/2026\/03\/09\/gran-cicletada-familiar-el-bajo-un-recorrido-con-historia-este-29-de-marzo-en-melipilla\/#primaryimage"},"image":{"@id":"https:\/\/diarioellabrador.cl\/index.php\/2026\/03\/09\/gran-cicletada-familiar-el-bajo-un-recorrido-con-historia-este-29-de-marzo-en-melipilla\/#primaryimage"},"thumbnailUrl":"https:\/\/diarioellabrador.cl\/wp-content\/uploads\/2026\/03\/Gran-Cicletada-Familiar-el-Bajo-Un-recorrido-con-historia-este-29-de-marzo-en-Melipilla.jpg","datePublished":"2026-03-09T21:56:51+00:00","dateModified":"2026-03-09T21:56:53+00:00","breadcrumb":{"@id":"https:\/\/diarioellabrador.cl\/index.php\/2026\/03\/09\/gran-cicletada-familiar-el-bajo-un-recorrido-con-historia-este-29-de-marzo-en-melipilla\/#breadcrumb"},"inLanguage":"es","potentialAction":[{"@type":"ReadAction","target":["https:\/\/diarioellabrador.cl\/index.php\/2026\/03\/09\/gran-cicletada-familiar-el-bajo-un-recorrido-con-historia-este-29-de-marzo-en-melipilla\/"]}]},{"@type":"ImageObject","inLanguage":"es","@id":"https:\/\/diarioellabrador.cl\/index.php\/2026\/03\/09\/gran-cicletada-familiar-el-bajo-un-recorrido-con-historia-este-29-de-marzo-en-melipilla\/#primaryimage","url":"https:\/\/diarioellabrador.cl\/wp-content\/uploads\/2026\/03\/Gran-Cicletada-Familiar-el-Bajo-Un-recorrido-con-historia-este-29-de-marzo-en-Melipilla.jpg","contentUrl":"https:\/\/diarioellabrador.cl\/wp-content\/uploads\/2026\/03\/Gran-Cicletada-Familiar-el-Bajo-Un-recorrido-con-historia-este-29-de-marzo-en-Melipilla.jpg","width":1180,"height":721},{"@type":"BreadcrumbList","@id":"https:\/\/diarioellabrador.cl\/index.php\/2026\/03\/09\/gran-cicletada-familiar-el-bajo-un-recorrido-con-historia-este-29-de-marzo-en-melipilla\/#breadcrumb","itemListElement":[{"@type":"ListItem","position":1,"name":"Portada","item":"https:\/\/diarioellabrador.cl\/"},{"@type":"ListItem","position":2,"name":"Gran Cicletada Familiar el Bajo: Un recorrido con historia este 29 de marzo en Melipilla"}]},{"@type":"WebSite","@id":"https:\/\/diarioellabrador.cl\/#website","url":"https:\/\/diarioellabrador.cl\/","name":"Diario El Labrador","description":"Haciendo noticia desde 1921","publisher":{"@id":"https:\/\/diarioellabrador.cl\/#organization"},"potentialAction":[{"@type":"SearchAction","target":{"@type":"EntryPoint","urlTemplate":"https:\/\/diarioellabrador.cl\/?s={search_term_string}"},"query-input":{"@type":"PropertyValueSpecification","valueRequired":true,"valueName":"search_term_string"}}],"inLanguage":"es"},{"@type":"Organization","@id":"https:\/\/diarioellabrador.cl\/#organization","name":"Diario El Labrador","url":"https:\/\/diarioellabrador.cl\/","logo":{"@type":"ImageObject","inLanguage":"es","@id":"https:\/\/diarioellabrador.cl\/#\/schema\/logo\/image\/","url":"https:\/\/diarioellabrador.cl\/wp-content\/uploads\/2025\/02\/cropped-Logo-Icono.png","contentUrl":"https:\/\/diarioellabrador.cl\/wp-content\/uploads\/2025\/02\/cropped-Logo-Icono.png","width":512,"height":512,"caption":"Diario El Labrador"},"image":{"@id":"https:\/\/diarioellabrador.cl\/#\/schema\/logo\/image\/"},"sameAs":["https:\/\/web.facebook.com\/profile.php?id=61576120840621","https:\/\/x.com\/ElLabradorOf","https:\/\/www.instagram.com\/diarioellabradoroficial\/"]},{"@type":"Person","@id":"https:\/\/diarioellabrador.cl\/#\/schema\/person\/bc25ff80b4563f9c7f4bd7855df01685","name":"Editor","image":{"@type":"ImageObject","inLanguage":"es","@id":"https:\/\/secure.gravatar.com\/avatar\/109c326cf2be5c04f048c2c2a2b8b6ef44bf3d8d1d3d4c55d0ac40c4bc994684?s=96&d=mm&r=g","url":"https:\/\/secure.gravatar.com\/avatar\/109c326cf2be5c04f048c2c2a2b8b6ef44bf3d8d1d3d4c55d0ac40c4bc994684?s=96&d=mm&r=g","contentUrl":"https:\/\/secure.gravatar.com\/avatar\/109c326cf2be5c04f048c2c2a2b8b6ef44bf3d8d1d3d4c55d0ac40c4bc994684?s=96&d=mm&r=g","caption":"Editor"},"url":"https:\/\/diarioellabrador.cl\/index.php\/author\/editor\/"}]}},"_links":{"self":[{"href":"https:\/\/diarioellabrador.cl\/index.php\/wp-json\/wp\/v2\/posts\/16337","targetHints":{"allow":["GET"]}}],"collection":[{"href":"https:\/\/diarioellabrador.cl\/index.php\/wp-json\/wp\/v2\/posts"}],"about":[{"href":"https:\/\/diarioellabrador.cl\/index.php\/wp-json\/wp\/v2\/types\/post"}],"author":[{"embeddable":true,"href":"https:\/\/diarioellabrador.cl\/index.php\/wp-json\/wp\/v2\/users\/2"}],"replies":[{"embeddable":true,"href":"https:\/\/diarioellabrador.cl\/index.php\/wp-json\/wp\/v2\/comments?post=16337"}],"version-history":[{"count":1,"href":"https:\/\/diarioellabrador.cl\/index.php\/wp-json\/wp\/v2\/posts\/16337\/revisions"}],"predecessor-version":[{"id":16338,"href":"https:\/\/diarioellabrador.cl\/index.php\/wp-json\/wp\/v2\/posts\/16337\/revisions\/16338"}],"wp:featuredmedia":[{"embeddable":true,"href":"https:\/\/diarioellabrador.cl\/index.php\/wp-json\/wp\/v2\/media\/16287"}],"wp:attachment":[{"href":"https:\/\/diarioellabrador.cl\/index.php\/wp-json\/wp\/v2\/media?parent=16337"}],"wp:term":[{"taxonomy":"category","embeddable":true,"href":"https:\/\/diarioellabrador.cl\/index.php\/wp-json\/wp\/v2\/categories?post=16337"},{"taxonomy":"post_tag","embeddable":true,"href":"https:\/\/diarioellabrador.cl\/index.php\/wp-json\/wp\/v2\/tags?post=16337"}],"curies":[{"name":"wp","href":"https:\/\/api.w.org\/{rel}","templated":true}]}}