{"id":16334,"date":"2026-03-09T17:56:12","date_gmt":"2026-03-09T21:56:12","guid":{"rendered":"https:\/\/diarioellabrador.cl\/?p=16334"},"modified":"2026-03-09T17:56:20","modified_gmt":"2026-03-09T21:56:20","slug":"maria-pinto-abre-postulacion-al-programa-de-ayudas-tecnicas-2026","status":"publish","type":"post","link":"https:\/\/diarioellabrador.cl\/index.php\/2026\/03\/09\/maria-pinto-abre-postulacion-al-programa-de-ayudas-tecnicas-2026\/","title":{"rendered":"Mar\u00eda Pinto abre postulaci\u00f3n al Programa de Ayudas T\u00e9cnicas 2026"},"content":{"rendered":"\n<p>La&nbsp;Ilustre Municipalidad de Mar\u00eda Pinto&nbsp;inform\u00f3 a la comunidad que ya se encuentra abierta la convocatoria al&nbsp;<strong>Programa de Ayudas T\u00e9cnicas Regular 2026<\/strong>, iniciativa que busca apoyar a personas con discapacidad mediante la entrega de implementos que contribuyan a mejorar su calidad de vida y autonom\u00eda.<\/p>\n\n\n\n<p>El proceso de postulaci\u00f3n se realiza a trav\u00e9s del portal de la&nbsp;Servicio Nacional de la Discapacidad, entidad que administra este beneficio a nivel nacional.<\/p>\n\n\n\n<p>Entre los requisitos establecidos para postular se encuentra&nbsp;<strong>tener desde 10 a\u00f1os de edad, estar inscrito en el Registro Nacional de la Discapacidad, contar con Registro Social de Hogares hasta el 70% y no haber recibido ayudas t\u00e9cnicas durante el a\u00f1o 2025<\/strong>.<\/p>\n\n\n\n<p>Las postulaciones est\u00e1n abiertas&nbsp;<strong>desde el jueves 5 de marzo a las 12:00 horas hasta el martes 7 de abril a las 12:00 horas<\/strong>, y deben realizarse de manera online en el sitio oficial del programa.<\/p>\n\n\n\n<p><img loading=\"lazy\" decoding=\"async\" width=\"32\" height=\"32\" src=\"\" alt=\"\ud83d\udcbb\">&nbsp;<strong>Postulaci\u00f3n:<\/strong>&nbsp;<a href=\"https:\/\/portal.senadis.cl\/\" target=\"_blank\" rel=\"noreferrer noopener\">https:\/\/portal.senadis.cl\/<\/a><\/p>\n\n\n\n<p>Quienes requieran orientaci\u00f3n o apoyo para realizar el tr\u00e1mite pueden acercarse al&nbsp;<strong>Departamento Social de la municipalidad<\/strong>, donde se est\u00e1 brindando acompa\u00f1amiento durante el proceso. El horario de atenci\u00f3n es&nbsp;<strong>de 08:30 a 14:00 horas<\/strong>.<\/p>\n\n\n\n<p>Para m\u00e1s informaci\u00f3n, las personas interesadas pueden comunicarse al&nbsp;<strong>tel\u00e9fono 22 835 1936 (anexo 29 o 70)<\/strong>&nbsp;o al&nbsp;<strong>WhatsApp +56 9 7163 3141<\/strong>.<\/p>\n","protected":false},"excerpt":{"rendered":"<p>La&nbsp;Ilustre Municipalidad de Mar\u00eda Pinto&nbsp;inform\u00f3 a la comunidad que ya se encuentra abierta la convocatoria al&nbsp;Programa de Ayudas T\u00e9cnicas Regular 2026, iniciativa que busca apoyar a personas con discapacidad mediante la entrega de implementos que contribuyan a mejorar su calidad de vida y autonom\u00eda. El proceso de postulaci\u00f3n se realiza a trav\u00e9s del portal de<\/p>\n<div class=\"read-more-wrapper\"><a class=\"read-more\" href=\"https:\/\/diarioellabrador.cl\/index.php\/2026\/03\/09\/maria-pinto-abre-postulacion-al-programa-de-ayudas-tecnicas-2026\/\" title=\"Leer m\u00e1s\"> <span class=\"button \">Leer m\u00e1s<\/span><\/a><\/div>\n","protected":false},"author":2,"featured_media":16291,"comment_status":"open","ping_status":"open","sticky":false,"template":"","format":"standard","meta":{"footnotes":""},"categories":[1],"tags":[],"class_list":["post-16334","post","type-post","status-publish","format-standard","has-post-thumbnail","hentry","category-cronica"],"yoast_head":"<!-- This site is optimized with the Yoast SEO plugin v27.5 - https:\/\/yoast.com\/product\/yoast-seo-wordpress\/ -->\n<title>Mar\u00eda Pinto abre postulaci\u00f3n al Programa de Ayudas T\u00e9cnicas 2026 - Diario El Labrador<\/title>\n<meta name=\"robots\" content=\"index, follow, max-snippet:-1, max-image-preview:large, max-video-preview:-1\" \/>\n<link rel=\"canonical\" href=\"https:\/\/diarioellabrador.cl\/index.php\/2026\/03\/09\/maria-pinto-abre-postulacion-al-programa-de-ayudas-tecnicas-2026\/\" \/>\n<meta property=\"og:locale\" content=\"es_ES\" \/>\n<meta property=\"og:type\" content=\"article\" \/>\n<meta property=\"og:title\" content=\"Mar\u00eda Pinto abre postulaci\u00f3n al Programa de Ayudas T\u00e9cnicas 2026 - Diario El Labrador\" \/>\n<meta property=\"og:description\" content=\"La&nbsp;Ilustre Municipalidad de Mar\u00eda Pinto&nbsp;inform\u00f3 a la comunidad que ya se encuentra abierta la convocatoria al&nbsp;Programa de Ayudas T\u00e9cnicas Regular 2026, iniciativa que busca apoyar a personas con discapacidad mediante la entrega de implementos que contribuyan a mejorar su calidad de vida y autonom\u00eda. El proceso de postulaci\u00f3n se realiza a trav\u00e9s del portal de Leer m\u00e1s\" \/>\n<meta property=\"og:url\" content=\"https:\/\/diarioellabrador.cl\/index.php\/2026\/03\/09\/maria-pinto-abre-postulacion-al-programa-de-ayudas-tecnicas-2026\/\" \/>\n<meta property=\"og:site_name\" content=\"Diario El Labrador\" \/>\n<meta property=\"article:publisher\" content=\"https:\/\/web.facebook.com\/profile.php?id=61576120840621\" \/>\n<meta property=\"article:published_time\" content=\"2026-03-09T21:56:12+00:00\" \/>\n<meta property=\"article:modified_time\" content=\"2026-03-09T21:56:20+00:00\" \/>\n<meta property=\"og:image\" content=\"https:\/\/diarioellabrador.cl\/wp-content\/uploads\/2026\/03\/Maria-Pinto-abre-postulacion-al-Programa-de-Ayudas-Tecnicas-2026.jpeg\" \/>\n\t<meta property=\"og:image:width\" content=\"1080\" \/>\n\t<meta property=\"og:image:height\" content=\"1080\" \/>\n\t<meta property=\"og:image:type\" content=\"image\/jpeg\" \/>\n<meta name=\"author\" content=\"Editor\" \/>\n<meta name=\"twitter:card\" content=\"summary_large_image\" \/>\n<meta name=\"twitter:creator\" content=\"@ElLabradorOf\" \/>\n<meta name=\"twitter:site\" content=\"@ElLabradorOf\" \/>\n<meta name=\"twitter:label1\" content=\"Escrito por\" \/>\n\t<meta name=\"twitter:data1\" content=\"Editor\" \/>\n\t<meta name=\"twitter:label2\" content=\"Tiempo de lectura\" \/>\n\t<meta name=\"twitter:data2\" content=\"2 minutos\" \/>\n<script type=\"application\/ld+json\" class=\"yoast-schema-graph\">{\"@context\":\"https:\\\/\\\/schema.org\",\"@graph\":[{\"@type\":\"Article\",\"@id\":\"https:\\\/\\\/diarioellabrador.cl\\\/index.php\\\/2026\\\/03\\\/09\\\/maria-pinto-abre-postulacion-al-programa-de-ayudas-tecnicas-2026\\\/#article\",\"isPartOf\":{\"@id\":\"https:\\\/\\\/diarioellabrador.cl\\\/index.php\\\/2026\\\/03\\\/09\\\/maria-pinto-abre-postulacion-al-programa-de-ayudas-tecnicas-2026\\\/\"},\"author\":{\"name\":\"Editor\",\"@id\":\"https:\\\/\\\/diarioellabrador.cl\\\/#\\\/schema\\\/person\\\/bc25ff80b4563f9c7f4bd7855df01685\"},\"headline\":\"Mar\u00eda Pinto abre postulaci\u00f3n al Programa de Ayudas T\u00e9cnicas 2026\",\"datePublished\":\"2026-03-09T21:56:12+00:00\",\"dateModified\":\"2026-03-09T21:56:20+00:00\",\"mainEntityOfPage\":{\"@id\":\"https:\\\/\\\/diarioellabrador.cl\\\/index.php\\\/2026\\\/03\\\/09\\\/maria-pinto-abre-postulacion-al-programa-de-ayudas-tecnicas-2026\\\/\"},\"wordCount\":237,\"commentCount\":0,\"publisher\":{\"@id\":\"https:\\\/\\\/diarioellabrador.cl\\\/#organization\"},\"image\":{\"@id\":\"https:\\\/\\\/diarioellabrador.cl\\\/index.php\\\/2026\\\/03\\\/09\\\/maria-pinto-abre-postulacion-al-programa-de-ayudas-tecnicas-2026\\\/#primaryimage\"},\"thumbnailUrl\":\"https:\\\/\\\/diarioellabrador.cl\\\/wp-content\\\/uploads\\\/2026\\\/03\\\/Maria-Pinto-abre-postulacion-al-Programa-de-Ayudas-Tecnicas-2026.jpeg\",\"articleSection\":[\"Cr\u00f3nica\"],\"inLanguage\":\"es\",\"potentialAction\":[{\"@type\":\"CommentAction\",\"name\":\"Comment\",\"target\":[\"https:\\\/\\\/diarioellabrador.cl\\\/index.php\\\/2026\\\/03\\\/09\\\/maria-pinto-abre-postulacion-al-programa-de-ayudas-tecnicas-2026\\\/#respond\"]}]},{\"@type\":\"WebPage\",\"@id\":\"https:\\\/\\\/diarioellabrador.cl\\\/index.php\\\/2026\\\/03\\\/09\\\/maria-pinto-abre-postulacion-al-programa-de-ayudas-tecnicas-2026\\\/\",\"url\":\"https:\\\/\\\/diarioellabrador.cl\\\/index.php\\\/2026\\\/03\\\/09\\\/maria-pinto-abre-postulacion-al-programa-de-ayudas-tecnicas-2026\\\/\",\"name\":\"Mar\u00eda Pinto abre postulaci\u00f3n al Programa de Ayudas T\u00e9cnicas 2026 - Diario El Labrador\",\"isPartOf\":{\"@id\":\"https:\\\/\\\/diarioellabrador.cl\\\/#website\"},\"primaryImageOfPage\":{\"@id\":\"https:\\\/\\\/diarioellabrador.cl\\\/index.php\\\/2026\\\/03\\\/09\\\/maria-pinto-abre-postulacion-al-programa-de-ayudas-tecnicas-2026\\\/#primaryimage\"},\"image\":{\"@id\":\"https:\\\/\\\/diarioellabrador.cl\\\/index.php\\\/2026\\\/03\\\/09\\\/maria-pinto-abre-postulacion-al-programa-de-ayudas-tecnicas-2026\\\/#primaryimage\"},\"thumbnailUrl\":\"https:\\\/\\\/diarioellabrador.cl\\\/wp-content\\\/uploads\\\/2026\\\/03\\\/Maria-Pinto-abre-postulacion-al-Programa-de-Ayudas-Tecnicas-2026.jpeg\",\"datePublished\":\"2026-03-09T21:56:12+00:00\",\"dateModified\":\"2026-03-09T21:56:20+00:00\",\"breadcrumb\":{\"@id\":\"https:\\\/\\\/diarioellabrador.cl\\\/index.php\\\/2026\\\/03\\\/09\\\/maria-pinto-abre-postulacion-al-programa-de-ayudas-tecnicas-2026\\\/#breadcrumb\"},\"inLanguage\":\"es\",\"potentialAction\":[{\"@type\":\"ReadAction\",\"target\":[\"https:\\\/\\\/diarioellabrador.cl\\\/index.php\\\/2026\\\/03\\\/09\\\/maria-pinto-abre-postulacion-al-programa-de-ayudas-tecnicas-2026\\\/\"]}]},{\"@type\":\"ImageObject\",\"inLanguage\":\"es\",\"@id\":\"https:\\\/\\\/diarioellabrador.cl\\\/index.php\\\/2026\\\/03\\\/09\\\/maria-pinto-abre-postulacion-al-programa-de-ayudas-tecnicas-2026\\\/#primaryimage\",\"url\":\"https:\\\/\\\/diarioellabrador.cl\\\/wp-content\\\/uploads\\\/2026\\\/03\\\/Maria-Pinto-abre-postulacion-al-Programa-de-Ayudas-Tecnicas-2026.jpeg\",\"contentUrl\":\"https:\\\/\\\/diarioellabrador.cl\\\/wp-content\\\/uploads\\\/2026\\\/03\\\/Maria-Pinto-abre-postulacion-al-Programa-de-Ayudas-Tecnicas-2026.jpeg\",\"width\":1080,\"height\":1080},{\"@type\":\"BreadcrumbList\",\"@id\":\"https:\\\/\\\/diarioellabrador.cl\\\/index.php\\\/2026\\\/03\\\/09\\\/maria-pinto-abre-postulacion-al-programa-de-ayudas-tecnicas-2026\\\/#breadcrumb\",\"itemListElement\":[{\"@type\":\"ListItem\",\"position\":1,\"name\":\"Portada\",\"item\":\"https:\\\/\\\/diarioellabrador.cl\\\/\"},{\"@type\":\"ListItem\",\"position\":2,\"name\":\"Mar\u00eda Pinto abre postulaci\u00f3n al Programa de Ayudas T\u00e9cnicas 2026\"}]},{\"@type\":\"WebSite\",\"@id\":\"https:\\\/\\\/diarioellabrador.cl\\\/#website\",\"url\":\"https:\\\/\\\/diarioellabrador.cl\\\/\",\"name\":\"Diario El Labrador\",\"description\":\"Haciendo noticia desde 1921\",\"publisher\":{\"@id\":\"https:\\\/\\\/diarioellabrador.cl\\\/#organization\"},\"potentialAction\":[{\"@type\":\"SearchAction\",\"target\":{\"@type\":\"EntryPoint\",\"urlTemplate\":\"https:\\\/\\\/diarioellabrador.cl\\\/?s={search_term_string}\"},\"query-input\":{\"@type\":\"PropertyValueSpecification\",\"valueRequired\":true,\"valueName\":\"search_term_string\"}}],\"inLanguage\":\"es\"},{\"@type\":\"Organization\",\"@id\":\"https:\\\/\\\/diarioellabrador.cl\\\/#organization\",\"name\":\"Diario El Labrador\",\"url\":\"https:\\\/\\\/diarioellabrador.cl\\\/\",\"logo\":{\"@type\":\"ImageObject\",\"inLanguage\":\"es\",\"@id\":\"https:\\\/\\\/diarioellabrador.cl\\\/#\\\/schema\\\/logo\\\/image\\\/\",\"url\":\"https:\\\/\\\/diarioellabrador.cl\\\/wp-content\\\/uploads\\\/2025\\\/02\\\/cropped-Logo-Icono.png\",\"contentUrl\":\"https:\\\/\\\/diarioellabrador.cl\\\/wp-content\\\/uploads\\\/2025\\\/02\\\/cropped-Logo-Icono.png\",\"width\":512,\"height\":512,\"caption\":\"Diario El Labrador\"},\"image\":{\"@id\":\"https:\\\/\\\/diarioellabrador.cl\\\/#\\\/schema\\\/logo\\\/image\\\/\"},\"sameAs\":[\"https:\\\/\\\/web.facebook.com\\\/profile.php?id=61576120840621\",\"https:\\\/\\\/x.com\\\/ElLabradorOf\",\"https:\\\/\\\/www.instagram.com\\\/diarioellabradoroficial\\\/\"]},{\"@type\":\"Person\",\"@id\":\"https:\\\/\\\/diarioellabrador.cl\\\/#\\\/schema\\\/person\\\/bc25ff80b4563f9c7f4bd7855df01685\",\"name\":\"Editor\",\"image\":{\"@type\":\"ImageObject\",\"inLanguage\":\"es\",\"@id\":\"https:\\\/\\\/secure.gravatar.com\\\/avatar\\\/109c326cf2be5c04f048c2c2a2b8b6ef44bf3d8d1d3d4c55d0ac40c4bc994684?s=96&d=mm&r=g\",\"url\":\"https:\\\/\\\/secure.gravatar.com\\\/avatar\\\/109c326cf2be5c04f048c2c2a2b8b6ef44bf3d8d1d3d4c55d0ac40c4bc994684?s=96&d=mm&r=g\",\"contentUrl\":\"https:\\\/\\\/secure.gravatar.com\\\/avatar\\\/109c326cf2be5c04f048c2c2a2b8b6ef44bf3d8d1d3d4c55d0ac40c4bc994684?s=96&d=mm&r=g\",\"caption\":\"Editor\"},\"url\":\"https:\\\/\\\/diarioellabrador.cl\\\/index.php\\\/author\\\/editor\\\/\"}]}<\/script>\n<!-- \/ Yoast SEO plugin. -->","yoast_head_json":{"title":"Mar\u00eda Pinto abre postulaci\u00f3n al Programa de Ayudas T\u00e9cnicas 2026 - Diario El Labrador","robots":{"index":"index","follow":"follow","max-snippet":"max-snippet:-1","max-image-preview":"max-image-preview:large","max-video-preview":"max-video-preview:-1"},"canonical":"https:\/\/diarioellabrador.cl\/index.php\/2026\/03\/09\/maria-pinto-abre-postulacion-al-programa-de-ayudas-tecnicas-2026\/","og_locale":"es_ES","og_type":"article","og_title":"Mar\u00eda Pinto abre postulaci\u00f3n al Programa de Ayudas T\u00e9cnicas 2026 - Diario El Labrador","og_description":"La&nbsp;Ilustre Municipalidad de Mar\u00eda Pinto&nbsp;inform\u00f3 a la comunidad que ya se encuentra abierta la convocatoria al&nbsp;Programa de Ayudas T\u00e9cnicas Regular 2026, iniciativa que busca apoyar a personas con discapacidad mediante la entrega de implementos que contribuyan a mejorar su calidad de vida y autonom\u00eda. El proceso de postulaci\u00f3n se realiza a trav\u00e9s del portal de Leer m\u00e1s","og_url":"https:\/\/diarioellabrador.cl\/index.php\/2026\/03\/09\/maria-pinto-abre-postulacion-al-programa-de-ayudas-tecnicas-2026\/","og_site_name":"Diario El Labrador","article_publisher":"https:\/\/web.facebook.com\/profile.php?id=61576120840621","article_published_time":"2026-03-09T21:56:12+00:00","article_modified_time":"2026-03-09T21:56:20+00:00","og_image":[{"width":1080,"height":1080,"url":"https:\/\/diarioellabrador.cl\/wp-content\/uploads\/2026\/03\/Maria-Pinto-abre-postulacion-al-Programa-de-Ayudas-Tecnicas-2026.jpeg","type":"image\/jpeg"}],"author":"Editor","twitter_card":"summary_large_image","twitter_creator":"@ElLabradorOf","twitter_site":"@ElLabradorOf","twitter_misc":{"Escrito por":"Editor","Tiempo de lectura":"2 minutos"},"schema":{"@context":"https:\/\/schema.org","@graph":[{"@type":"Article","@id":"https:\/\/diarioellabrador.cl\/index.php\/2026\/03\/09\/maria-pinto-abre-postulacion-al-programa-de-ayudas-tecnicas-2026\/#article","isPartOf":{"@id":"https:\/\/diarioellabrador.cl\/index.php\/2026\/03\/09\/maria-pinto-abre-postulacion-al-programa-de-ayudas-tecnicas-2026\/"},"author":{"name":"Editor","@id":"https:\/\/diarioellabrador.cl\/#\/schema\/person\/bc25ff80b4563f9c7f4bd7855df01685"},"headline":"Mar\u00eda Pinto abre postulaci\u00f3n al Programa de Ayudas T\u00e9cnicas 2026","datePublished":"2026-03-09T21:56:12+00:00","dateModified":"2026-03-09T21:56:20+00:00","mainEntityOfPage":{"@id":"https:\/\/diarioellabrador.cl\/index.php\/2026\/03\/09\/maria-pinto-abre-postulacion-al-programa-de-ayudas-tecnicas-2026\/"},"wordCount":237,"commentCount":0,"publisher":{"@id":"https:\/\/diarioellabrador.cl\/#organization"},"image":{"@id":"https:\/\/diarioellabrador.cl\/index.php\/2026\/03\/09\/maria-pinto-abre-postulacion-al-programa-de-ayudas-tecnicas-2026\/#primaryimage"},"thumbnailUrl":"https:\/\/diarioellabrador.cl\/wp-content\/uploads\/2026\/03\/Maria-Pinto-abre-postulacion-al-Programa-de-Ayudas-Tecnicas-2026.jpeg","articleSection":["Cr\u00f3nica"],"inLanguage":"es","potentialAction":[{"@type":"CommentAction","name":"Comment","target":["https:\/\/diarioellabrador.cl\/index.php\/2026\/03\/09\/maria-pinto-abre-postulacion-al-programa-de-ayudas-tecnicas-2026\/#respond"]}]},{"@type":"WebPage","@id":"https:\/\/diarioellabrador.cl\/index.php\/2026\/03\/09\/maria-pinto-abre-postulacion-al-programa-de-ayudas-tecnicas-2026\/","url":"https:\/\/diarioellabrador.cl\/index.php\/2026\/03\/09\/maria-pinto-abre-postulacion-al-programa-de-ayudas-tecnicas-2026\/","name":"Mar\u00eda Pinto abre postulaci\u00f3n al Programa de Ayudas T\u00e9cnicas 2026 - Diario El Labrador","isPartOf":{"@id":"https:\/\/diarioellabrador.cl\/#website"},"primaryImageOfPage":{"@id":"https:\/\/diarioellabrador.cl\/index.php\/2026\/03\/09\/maria-pinto-abre-postulacion-al-programa-de-ayudas-tecnicas-2026\/#primaryimage"},"image":{"@id":"https:\/\/diarioellabrador.cl\/index.php\/2026\/03\/09\/maria-pinto-abre-postulacion-al-programa-de-ayudas-tecnicas-2026\/#primaryimage"},"thumbnailUrl":"https:\/\/diarioellabrador.cl\/wp-content\/uploads\/2026\/03\/Maria-Pinto-abre-postulacion-al-Programa-de-Ayudas-Tecnicas-2026.jpeg","datePublished":"2026-03-09T21:56:12+00:00","dateModified":"2026-03-09T21:56:20+00:00","breadcrumb":{"@id":"https:\/\/diarioellabrador.cl\/index.php\/2026\/03\/09\/maria-pinto-abre-postulacion-al-programa-de-ayudas-tecnicas-2026\/#breadcrumb"},"inLanguage":"es","potentialAction":[{"@type":"ReadAction","target":["https:\/\/diarioellabrador.cl\/index.php\/2026\/03\/09\/maria-pinto-abre-postulacion-al-programa-de-ayudas-tecnicas-2026\/"]}]},{"@type":"ImageObject","inLanguage":"es","@id":"https:\/\/diarioellabrador.cl\/index.php\/2026\/03\/09\/maria-pinto-abre-postulacion-al-programa-de-ayudas-tecnicas-2026\/#primaryimage","url":"https:\/\/diarioellabrador.cl\/wp-content\/uploads\/2026\/03\/Maria-Pinto-abre-postulacion-al-Programa-de-Ayudas-Tecnicas-2026.jpeg","contentUrl":"https:\/\/diarioellabrador.cl\/wp-content\/uploads\/2026\/03\/Maria-Pinto-abre-postulacion-al-Programa-de-Ayudas-Tecnicas-2026.jpeg","width":1080,"height":1080},{"@type":"BreadcrumbList","@id":"https:\/\/diarioellabrador.cl\/index.php\/2026\/03\/09\/maria-pinto-abre-postulacion-al-programa-de-ayudas-tecnicas-2026\/#breadcrumb","itemListElement":[{"@type":"ListItem","position":1,"name":"Portada","item":"https:\/\/diarioellabrador.cl\/"},{"@type":"ListItem","position":2,"name":"Mar\u00eda Pinto abre postulaci\u00f3n al Programa de Ayudas T\u00e9cnicas 2026"}]},{"@type":"WebSite","@id":"https:\/\/diarioellabrador.cl\/#website","url":"https:\/\/diarioellabrador.cl\/","name":"Diario El Labrador","description":"Haciendo noticia desde 1921","publisher":{"@id":"https:\/\/diarioellabrador.cl\/#organization"},"potentialAction":[{"@type":"SearchAction","target":{"@type":"EntryPoint","urlTemplate":"https:\/\/diarioellabrador.cl\/?s={search_term_string}"},"query-input":{"@type":"PropertyValueSpecification","valueRequired":true,"valueName":"search_term_string"}}],"inLanguage":"es"},{"@type":"Organization","@id":"https:\/\/diarioellabrador.cl\/#organization","name":"Diario El Labrador","url":"https:\/\/diarioellabrador.cl\/","logo":{"@type":"ImageObject","inLanguage":"es","@id":"https:\/\/diarioellabrador.cl\/#\/schema\/logo\/image\/","url":"https:\/\/diarioellabrador.cl\/wp-content\/uploads\/2025\/02\/cropped-Logo-Icono.png","contentUrl":"https:\/\/diarioellabrador.cl\/wp-content\/uploads\/2025\/02\/cropped-Logo-Icono.png","width":512,"height":512,"caption":"Diario El Labrador"},"image":{"@id":"https:\/\/diarioellabrador.cl\/#\/schema\/logo\/image\/"},"sameAs":["https:\/\/web.facebook.com\/profile.php?id=61576120840621","https:\/\/x.com\/ElLabradorOf","https:\/\/www.instagram.com\/diarioellabradoroficial\/"]},{"@type":"Person","@id":"https:\/\/diarioellabrador.cl\/#\/schema\/person\/bc25ff80b4563f9c7f4bd7855df01685","name":"Editor","image":{"@type":"ImageObject","inLanguage":"es","@id":"https:\/\/secure.gravatar.com\/avatar\/109c326cf2be5c04f048c2c2a2b8b6ef44bf3d8d1d3d4c55d0ac40c4bc994684?s=96&d=mm&r=g","url":"https:\/\/secure.gravatar.com\/avatar\/109c326cf2be5c04f048c2c2a2b8b6ef44bf3d8d1d3d4c55d0ac40c4bc994684?s=96&d=mm&r=g","contentUrl":"https:\/\/secure.gravatar.com\/avatar\/109c326cf2be5c04f048c2c2a2b8b6ef44bf3d8d1d3d4c55d0ac40c4bc994684?s=96&d=mm&r=g","caption":"Editor"},"url":"https:\/\/diarioellabrador.cl\/index.php\/author\/editor\/"}]}},"_links":{"self":[{"href":"https:\/\/diarioellabrador.cl\/index.php\/wp-json\/wp\/v2\/posts\/16334","targetHints":{"allow":["GET"]}}],"collection":[{"href":"https:\/\/diarioellabrador.cl\/index.php\/wp-json\/wp\/v2\/posts"}],"about":[{"href":"https:\/\/diarioellabrador.cl\/index.php\/wp-json\/wp\/v2\/types\/post"}],"author":[{"embeddable":true,"href":"https:\/\/diarioellabrador.cl\/index.php\/wp-json\/wp\/v2\/users\/2"}],"replies":[{"embeddable":true,"href":"https:\/\/diarioellabrador.cl\/index.php\/wp-json\/wp\/v2\/comments?post=16334"}],"version-history":[{"count":1,"href":"https:\/\/diarioellabrador.cl\/index.php\/wp-json\/wp\/v2\/posts\/16334\/revisions"}],"predecessor-version":[{"id":16336,"href":"https:\/\/diarioellabrador.cl\/index.php\/wp-json\/wp\/v2\/posts\/16334\/revisions\/16336"}],"wp:featuredmedia":[{"embeddable":true,"href":"https:\/\/diarioellabrador.cl\/index.php\/wp-json\/wp\/v2\/media\/16291"}],"wp:attachment":[{"href":"https:\/\/diarioellabrador.cl\/index.php\/wp-json\/wp\/v2\/media?parent=16334"}],"wp:term":[{"taxonomy":"category","embeddable":true,"href":"https:\/\/diarioellabrador.cl\/index.php\/wp-json\/wp\/v2\/categories?post=16334"},{"taxonomy":"post_tag","embeddable":true,"href":"https:\/\/diarioellabrador.cl\/index.php\/wp-json\/wp\/v2\/tags?post=16334"}],"curies":[{"name":"wp","href":"https:\/\/api.w.org\/{rel}","templated":true}]}}