{"id":16330,"date":"2026-03-09T17:54:34","date_gmt":"2026-03-09T21:54:34","guid":{"rendered":"https:\/\/diarioellabrador.cl\/?p=16330"},"modified":"2026-03-09T17:54:36","modified_gmt":"2026-03-09T21:54:36","slug":"delincuentes-roban-vehiculo-desde-vivienda-en-las-mercedes","status":"publish","type":"post","link":"https:\/\/diarioellabrador.cl\/index.php\/2026\/03\/09\/delincuentes-roban-vehiculo-desde-vivienda-en-las-mercedes\/","title":{"rendered":"Delincuentes roban veh\u00edculo desde vivienda en Las Mercedes"},"content":{"rendered":"\n<p>Un grupo de delincuentes ingres\u00f3 en horas de la madrugada del lunes hasta una vivienda del sector Las Mercedes en la comuna de Mar\u00eda Pinto.<\/p>\n\n\n\n<p>El hecho se registr\u00f3 espec\u00edficamente en una casa habitaci\u00f3n del callej\u00f3n El Tranque, cuando a eso de las 02:00 am, un grupo indeterminado de sujetos ingres\u00f3 al recinto, para luego amarrar a las v\u00edctimas y robar especies menores junto con un autom\u00f3vil con el cual escaparon.<\/p>\n\n\n\n<p>Se trata de un Suzuki Baleno, placa patente JT KC-94, la cual ya fue encargada a todas las unidades policiales del pa\u00eds.<\/p>\n\n\n\n<p>En tanto, personal de la Tenencia de Carabineros ya inici\u00f3 la investigaci\u00f3n para dar con el paradero de los antisociales.<\/p>\n","protected":false},"excerpt":{"rendered":"<p>Un grupo de delincuentes ingres\u00f3 en horas de la madrugada del lunes hasta una vivienda del sector Las Mercedes en la comuna de Mar\u00eda Pinto. El hecho se registr\u00f3 espec\u00edficamente en una casa habitaci\u00f3n del callej\u00f3n El Tranque, cuando a eso de las 02:00 am, un grupo indeterminado de sujetos ingres\u00f3 al recinto, para luego<\/p>\n<div class=\"read-more-wrapper\"><a class=\"read-more\" href=\"https:\/\/diarioellabrador.cl\/index.php\/2026\/03\/09\/delincuentes-roban-vehiculo-desde-vivienda-en-las-mercedes\/\" title=\"Leer m\u00e1s\"> <span class=\"button \">Leer m\u00e1s<\/span><\/a><\/div>\n","protected":false},"author":2,"featured_media":16282,"comment_status":"open","ping_status":"open","sticky":false,"template":"","format":"standard","meta":{"footnotes":""},"categories":[1],"tags":[],"class_list":["post-16330","post","type-post","status-publish","format-standard","has-post-thumbnail","hentry","category-cronica"],"yoast_head":"<!-- This site is optimized with the Yoast SEO plugin v27.5 - https:\/\/yoast.com\/product\/yoast-seo-wordpress\/ -->\n<title>Delincuentes roban veh\u00edculo desde vivienda en Las Mercedes - Diario El Labrador<\/title>\n<meta name=\"robots\" content=\"index, follow, max-snippet:-1, max-image-preview:large, max-video-preview:-1\" \/>\n<link rel=\"canonical\" href=\"https:\/\/diarioellabrador.cl\/index.php\/2026\/03\/09\/delincuentes-roban-vehiculo-desde-vivienda-en-las-mercedes\/\" \/>\n<meta property=\"og:locale\" content=\"es_ES\" \/>\n<meta property=\"og:type\" content=\"article\" \/>\n<meta property=\"og:title\" content=\"Delincuentes roban veh\u00edculo desde vivienda en Las Mercedes - Diario El Labrador\" \/>\n<meta property=\"og:description\" content=\"Un grupo de delincuentes ingres\u00f3 en horas de la madrugada del lunes hasta una vivienda del sector Las Mercedes en la comuna de Mar\u00eda Pinto. El hecho se registr\u00f3 espec\u00edficamente en una casa habitaci\u00f3n del callej\u00f3n El Tranque, cuando a eso de las 02:00 am, un grupo indeterminado de sujetos ingres\u00f3 al recinto, para luego Leer m\u00e1s\" \/>\n<meta property=\"og:url\" content=\"https:\/\/diarioellabrador.cl\/index.php\/2026\/03\/09\/delincuentes-roban-vehiculo-desde-vivienda-en-las-mercedes\/\" \/>\n<meta property=\"og:site_name\" content=\"Diario El Labrador\" \/>\n<meta property=\"article:publisher\" content=\"https:\/\/web.facebook.com\/profile.php?id=61576120840621\" \/>\n<meta property=\"article:published_time\" content=\"2026-03-09T21:54:34+00:00\" \/>\n<meta property=\"article:modified_time\" content=\"2026-03-09T21:54:36+00:00\" \/>\n<meta property=\"og:image\" content=\"https:\/\/diarioellabrador.cl\/wp-content\/uploads\/2026\/03\/Delincuentes-roban-vehiculo-desde-vivienda-en-Las-Mercedes.jpg\" \/>\n\t<meta property=\"og:image:width\" content=\"1206\" \/>\n\t<meta property=\"og:image:height\" content=\"1411\" \/>\n\t<meta property=\"og:image:type\" content=\"image\/jpeg\" \/>\n<meta name=\"author\" content=\"Editor\" \/>\n<meta name=\"twitter:card\" content=\"summary_large_image\" \/>\n<meta name=\"twitter:creator\" content=\"@ElLabradorOf\" \/>\n<meta name=\"twitter:site\" content=\"@ElLabradorOf\" \/>\n<meta name=\"twitter:label1\" content=\"Escrito por\" \/>\n\t<meta name=\"twitter:data1\" content=\"Editor\" \/>\n\t<meta name=\"twitter:label2\" content=\"Tiempo de lectura\" \/>\n\t<meta name=\"twitter:data2\" content=\"1 minuto\" \/>\n<script type=\"application\/ld+json\" class=\"yoast-schema-graph\">{\"@context\":\"https:\\\/\\\/schema.org\",\"@graph\":[{\"@type\":\"Article\",\"@id\":\"https:\\\/\\\/diarioellabrador.cl\\\/index.php\\\/2026\\\/03\\\/09\\\/delincuentes-roban-vehiculo-desde-vivienda-en-las-mercedes\\\/#article\",\"isPartOf\":{\"@id\":\"https:\\\/\\\/diarioellabrador.cl\\\/index.php\\\/2026\\\/03\\\/09\\\/delincuentes-roban-vehiculo-desde-vivienda-en-las-mercedes\\\/\"},\"author\":{\"name\":\"Editor\",\"@id\":\"https:\\\/\\\/diarioellabrador.cl\\\/#\\\/schema\\\/person\\\/bc25ff80b4563f9c7f4bd7855df01685\"},\"headline\":\"Delincuentes roban veh\u00edculo desde vivienda en Las Mercedes\",\"datePublished\":\"2026-03-09T21:54:34+00:00\",\"dateModified\":\"2026-03-09T21:54:36+00:00\",\"mainEntityOfPage\":{\"@id\":\"https:\\\/\\\/diarioellabrador.cl\\\/index.php\\\/2026\\\/03\\\/09\\\/delincuentes-roban-vehiculo-desde-vivienda-en-las-mercedes\\\/\"},\"wordCount\":129,\"commentCount\":0,\"publisher\":{\"@id\":\"https:\\\/\\\/diarioellabrador.cl\\\/#organization\"},\"image\":{\"@id\":\"https:\\\/\\\/diarioellabrador.cl\\\/index.php\\\/2026\\\/03\\\/09\\\/delincuentes-roban-vehiculo-desde-vivienda-en-las-mercedes\\\/#primaryimage\"},\"thumbnailUrl\":\"https:\\\/\\\/diarioellabrador.cl\\\/wp-content\\\/uploads\\\/2026\\\/03\\\/Delincuentes-roban-vehiculo-desde-vivienda-en-Las-Mercedes.jpg\",\"articleSection\":[\"Cr\u00f3nica\"],\"inLanguage\":\"es\",\"potentialAction\":[{\"@type\":\"CommentAction\",\"name\":\"Comment\",\"target\":[\"https:\\\/\\\/diarioellabrador.cl\\\/index.php\\\/2026\\\/03\\\/09\\\/delincuentes-roban-vehiculo-desde-vivienda-en-las-mercedes\\\/#respond\"]}]},{\"@type\":\"WebPage\",\"@id\":\"https:\\\/\\\/diarioellabrador.cl\\\/index.php\\\/2026\\\/03\\\/09\\\/delincuentes-roban-vehiculo-desde-vivienda-en-las-mercedes\\\/\",\"url\":\"https:\\\/\\\/diarioellabrador.cl\\\/index.php\\\/2026\\\/03\\\/09\\\/delincuentes-roban-vehiculo-desde-vivienda-en-las-mercedes\\\/\",\"name\":\"Delincuentes roban veh\u00edculo desde vivienda en Las Mercedes - Diario El Labrador\",\"isPartOf\":{\"@id\":\"https:\\\/\\\/diarioellabrador.cl\\\/#website\"},\"primaryImageOfPage\":{\"@id\":\"https:\\\/\\\/diarioellabrador.cl\\\/index.php\\\/2026\\\/03\\\/09\\\/delincuentes-roban-vehiculo-desde-vivienda-en-las-mercedes\\\/#primaryimage\"},\"image\":{\"@id\":\"https:\\\/\\\/diarioellabrador.cl\\\/index.php\\\/2026\\\/03\\\/09\\\/delincuentes-roban-vehiculo-desde-vivienda-en-las-mercedes\\\/#primaryimage\"},\"thumbnailUrl\":\"https:\\\/\\\/diarioellabrador.cl\\\/wp-content\\\/uploads\\\/2026\\\/03\\\/Delincuentes-roban-vehiculo-desde-vivienda-en-Las-Mercedes.jpg\",\"datePublished\":\"2026-03-09T21:54:34+00:00\",\"dateModified\":\"2026-03-09T21:54:36+00:00\",\"breadcrumb\":{\"@id\":\"https:\\\/\\\/diarioellabrador.cl\\\/index.php\\\/2026\\\/03\\\/09\\\/delincuentes-roban-vehiculo-desde-vivienda-en-las-mercedes\\\/#breadcrumb\"},\"inLanguage\":\"es\",\"potentialAction\":[{\"@type\":\"ReadAction\",\"target\":[\"https:\\\/\\\/diarioellabrador.cl\\\/index.php\\\/2026\\\/03\\\/09\\\/delincuentes-roban-vehiculo-desde-vivienda-en-las-mercedes\\\/\"]}]},{\"@type\":\"ImageObject\",\"inLanguage\":\"es\",\"@id\":\"https:\\\/\\\/diarioellabrador.cl\\\/index.php\\\/2026\\\/03\\\/09\\\/delincuentes-roban-vehiculo-desde-vivienda-en-las-mercedes\\\/#primaryimage\",\"url\":\"https:\\\/\\\/diarioellabrador.cl\\\/wp-content\\\/uploads\\\/2026\\\/03\\\/Delincuentes-roban-vehiculo-desde-vivienda-en-Las-Mercedes.jpg\",\"contentUrl\":\"https:\\\/\\\/diarioellabrador.cl\\\/wp-content\\\/uploads\\\/2026\\\/03\\\/Delincuentes-roban-vehiculo-desde-vivienda-en-Las-Mercedes.jpg\",\"width\":1206,\"height\":1411,\"caption\":\"Screenshot\"},{\"@type\":\"BreadcrumbList\",\"@id\":\"https:\\\/\\\/diarioellabrador.cl\\\/index.php\\\/2026\\\/03\\\/09\\\/delincuentes-roban-vehiculo-desde-vivienda-en-las-mercedes\\\/#breadcrumb\",\"itemListElement\":[{\"@type\":\"ListItem\",\"position\":1,\"name\":\"Portada\",\"item\":\"https:\\\/\\\/diarioellabrador.cl\\\/\"},{\"@type\":\"ListItem\",\"position\":2,\"name\":\"Delincuentes roban veh\u00edculo desde vivienda en Las Mercedes\"}]},{\"@type\":\"WebSite\",\"@id\":\"https:\\\/\\\/diarioellabrador.cl\\\/#website\",\"url\":\"https:\\\/\\\/diarioellabrador.cl\\\/\",\"name\":\"Diario El Labrador\",\"description\":\"Haciendo noticia desde 1921\",\"publisher\":{\"@id\":\"https:\\\/\\\/diarioellabrador.cl\\\/#organization\"},\"potentialAction\":[{\"@type\":\"SearchAction\",\"target\":{\"@type\":\"EntryPoint\",\"urlTemplate\":\"https:\\\/\\\/diarioellabrador.cl\\\/?s={search_term_string}\"},\"query-input\":{\"@type\":\"PropertyValueSpecification\",\"valueRequired\":true,\"valueName\":\"search_term_string\"}}],\"inLanguage\":\"es\"},{\"@type\":\"Organization\",\"@id\":\"https:\\\/\\\/diarioellabrador.cl\\\/#organization\",\"name\":\"Diario El Labrador\",\"url\":\"https:\\\/\\\/diarioellabrador.cl\\\/\",\"logo\":{\"@type\":\"ImageObject\",\"inLanguage\":\"es\",\"@id\":\"https:\\\/\\\/diarioellabrador.cl\\\/#\\\/schema\\\/logo\\\/image\\\/\",\"url\":\"https:\\\/\\\/diarioellabrador.cl\\\/wp-content\\\/uploads\\\/2025\\\/02\\\/cropped-Logo-Icono.png\",\"contentUrl\":\"https:\\\/\\\/diarioellabrador.cl\\\/wp-content\\\/uploads\\\/2025\\\/02\\\/cropped-Logo-Icono.png\",\"width\":512,\"height\":512,\"caption\":\"Diario El Labrador\"},\"image\":{\"@id\":\"https:\\\/\\\/diarioellabrador.cl\\\/#\\\/schema\\\/logo\\\/image\\\/\"},\"sameAs\":[\"https:\\\/\\\/web.facebook.com\\\/profile.php?id=61576120840621\",\"https:\\\/\\\/x.com\\\/ElLabradorOf\",\"https:\\\/\\\/www.instagram.com\\\/diarioellabradoroficial\\\/\"]},{\"@type\":\"Person\",\"@id\":\"https:\\\/\\\/diarioellabrador.cl\\\/#\\\/schema\\\/person\\\/bc25ff80b4563f9c7f4bd7855df01685\",\"name\":\"Editor\",\"image\":{\"@type\":\"ImageObject\",\"inLanguage\":\"es\",\"@id\":\"https:\\\/\\\/secure.gravatar.com\\\/avatar\\\/109c326cf2be5c04f048c2c2a2b8b6ef44bf3d8d1d3d4c55d0ac40c4bc994684?s=96&d=mm&r=g\",\"url\":\"https:\\\/\\\/secure.gravatar.com\\\/avatar\\\/109c326cf2be5c04f048c2c2a2b8b6ef44bf3d8d1d3d4c55d0ac40c4bc994684?s=96&d=mm&r=g\",\"contentUrl\":\"https:\\\/\\\/secure.gravatar.com\\\/avatar\\\/109c326cf2be5c04f048c2c2a2b8b6ef44bf3d8d1d3d4c55d0ac40c4bc994684?s=96&d=mm&r=g\",\"caption\":\"Editor\"},\"url\":\"https:\\\/\\\/diarioellabrador.cl\\\/index.php\\\/author\\\/editor\\\/\"}]}<\/script>\n<!-- \/ Yoast SEO plugin. -->","yoast_head_json":{"title":"Delincuentes roban veh\u00edculo desde vivienda en Las Mercedes - Diario El Labrador","robots":{"index":"index","follow":"follow","max-snippet":"max-snippet:-1","max-image-preview":"max-image-preview:large","max-video-preview":"max-video-preview:-1"},"canonical":"https:\/\/diarioellabrador.cl\/index.php\/2026\/03\/09\/delincuentes-roban-vehiculo-desde-vivienda-en-las-mercedes\/","og_locale":"es_ES","og_type":"article","og_title":"Delincuentes roban veh\u00edculo desde vivienda en Las Mercedes - Diario El Labrador","og_description":"Un grupo de delincuentes ingres\u00f3 en horas de la madrugada del lunes hasta una vivienda del sector Las Mercedes en la comuna de Mar\u00eda Pinto. El hecho se registr\u00f3 espec\u00edficamente en una casa habitaci\u00f3n del callej\u00f3n El Tranque, cuando a eso de las 02:00 am, un grupo indeterminado de sujetos ingres\u00f3 al recinto, para luego Leer m\u00e1s","og_url":"https:\/\/diarioellabrador.cl\/index.php\/2026\/03\/09\/delincuentes-roban-vehiculo-desde-vivienda-en-las-mercedes\/","og_site_name":"Diario El Labrador","article_publisher":"https:\/\/web.facebook.com\/profile.php?id=61576120840621","article_published_time":"2026-03-09T21:54:34+00:00","article_modified_time":"2026-03-09T21:54:36+00:00","og_image":[{"width":1206,"height":1411,"url":"https:\/\/diarioellabrador.cl\/wp-content\/uploads\/2026\/03\/Delincuentes-roban-vehiculo-desde-vivienda-en-Las-Mercedes.jpg","type":"image\/jpeg"}],"author":"Editor","twitter_card":"summary_large_image","twitter_creator":"@ElLabradorOf","twitter_site":"@ElLabradorOf","twitter_misc":{"Escrito por":"Editor","Tiempo de lectura":"1 minuto"},"schema":{"@context":"https:\/\/schema.org","@graph":[{"@type":"Article","@id":"https:\/\/diarioellabrador.cl\/index.php\/2026\/03\/09\/delincuentes-roban-vehiculo-desde-vivienda-en-las-mercedes\/#article","isPartOf":{"@id":"https:\/\/diarioellabrador.cl\/index.php\/2026\/03\/09\/delincuentes-roban-vehiculo-desde-vivienda-en-las-mercedes\/"},"author":{"name":"Editor","@id":"https:\/\/diarioellabrador.cl\/#\/schema\/person\/bc25ff80b4563f9c7f4bd7855df01685"},"headline":"Delincuentes roban veh\u00edculo desde vivienda en Las Mercedes","datePublished":"2026-03-09T21:54:34+00:00","dateModified":"2026-03-09T21:54:36+00:00","mainEntityOfPage":{"@id":"https:\/\/diarioellabrador.cl\/index.php\/2026\/03\/09\/delincuentes-roban-vehiculo-desde-vivienda-en-las-mercedes\/"},"wordCount":129,"commentCount":0,"publisher":{"@id":"https:\/\/diarioellabrador.cl\/#organization"},"image":{"@id":"https:\/\/diarioellabrador.cl\/index.php\/2026\/03\/09\/delincuentes-roban-vehiculo-desde-vivienda-en-las-mercedes\/#primaryimage"},"thumbnailUrl":"https:\/\/diarioellabrador.cl\/wp-content\/uploads\/2026\/03\/Delincuentes-roban-vehiculo-desde-vivienda-en-Las-Mercedes.jpg","articleSection":["Cr\u00f3nica"],"inLanguage":"es","potentialAction":[{"@type":"CommentAction","name":"Comment","target":["https:\/\/diarioellabrador.cl\/index.php\/2026\/03\/09\/delincuentes-roban-vehiculo-desde-vivienda-en-las-mercedes\/#respond"]}]},{"@type":"WebPage","@id":"https:\/\/diarioellabrador.cl\/index.php\/2026\/03\/09\/delincuentes-roban-vehiculo-desde-vivienda-en-las-mercedes\/","url":"https:\/\/diarioellabrador.cl\/index.php\/2026\/03\/09\/delincuentes-roban-vehiculo-desde-vivienda-en-las-mercedes\/","name":"Delincuentes roban veh\u00edculo desde vivienda en Las Mercedes - Diario El Labrador","isPartOf":{"@id":"https:\/\/diarioellabrador.cl\/#website"},"primaryImageOfPage":{"@id":"https:\/\/diarioellabrador.cl\/index.php\/2026\/03\/09\/delincuentes-roban-vehiculo-desde-vivienda-en-las-mercedes\/#primaryimage"},"image":{"@id":"https:\/\/diarioellabrador.cl\/index.php\/2026\/03\/09\/delincuentes-roban-vehiculo-desde-vivienda-en-las-mercedes\/#primaryimage"},"thumbnailUrl":"https:\/\/diarioellabrador.cl\/wp-content\/uploads\/2026\/03\/Delincuentes-roban-vehiculo-desde-vivienda-en-Las-Mercedes.jpg","datePublished":"2026-03-09T21:54:34+00:00","dateModified":"2026-03-09T21:54:36+00:00","breadcrumb":{"@id":"https:\/\/diarioellabrador.cl\/index.php\/2026\/03\/09\/delincuentes-roban-vehiculo-desde-vivienda-en-las-mercedes\/#breadcrumb"},"inLanguage":"es","potentialAction":[{"@type":"ReadAction","target":["https:\/\/diarioellabrador.cl\/index.php\/2026\/03\/09\/delincuentes-roban-vehiculo-desde-vivienda-en-las-mercedes\/"]}]},{"@type":"ImageObject","inLanguage":"es","@id":"https:\/\/diarioellabrador.cl\/index.php\/2026\/03\/09\/delincuentes-roban-vehiculo-desde-vivienda-en-las-mercedes\/#primaryimage","url":"https:\/\/diarioellabrador.cl\/wp-content\/uploads\/2026\/03\/Delincuentes-roban-vehiculo-desde-vivienda-en-Las-Mercedes.jpg","contentUrl":"https:\/\/diarioellabrador.cl\/wp-content\/uploads\/2026\/03\/Delincuentes-roban-vehiculo-desde-vivienda-en-Las-Mercedes.jpg","width":1206,"height":1411,"caption":"Screenshot"},{"@type":"BreadcrumbList","@id":"https:\/\/diarioellabrador.cl\/index.php\/2026\/03\/09\/delincuentes-roban-vehiculo-desde-vivienda-en-las-mercedes\/#breadcrumb","itemListElement":[{"@type":"ListItem","position":1,"name":"Portada","item":"https:\/\/diarioellabrador.cl\/"},{"@type":"ListItem","position":2,"name":"Delincuentes roban veh\u00edculo desde vivienda en Las Mercedes"}]},{"@type":"WebSite","@id":"https:\/\/diarioellabrador.cl\/#website","url":"https:\/\/diarioellabrador.cl\/","name":"Diario El Labrador","description":"Haciendo noticia desde 1921","publisher":{"@id":"https:\/\/diarioellabrador.cl\/#organization"},"potentialAction":[{"@type":"SearchAction","target":{"@type":"EntryPoint","urlTemplate":"https:\/\/diarioellabrador.cl\/?s={search_term_string}"},"query-input":{"@type":"PropertyValueSpecification","valueRequired":true,"valueName":"search_term_string"}}],"inLanguage":"es"},{"@type":"Organization","@id":"https:\/\/diarioellabrador.cl\/#organization","name":"Diario El Labrador","url":"https:\/\/diarioellabrador.cl\/","logo":{"@type":"ImageObject","inLanguage":"es","@id":"https:\/\/diarioellabrador.cl\/#\/schema\/logo\/image\/","url":"https:\/\/diarioellabrador.cl\/wp-content\/uploads\/2025\/02\/cropped-Logo-Icono.png","contentUrl":"https:\/\/diarioellabrador.cl\/wp-content\/uploads\/2025\/02\/cropped-Logo-Icono.png","width":512,"height":512,"caption":"Diario El Labrador"},"image":{"@id":"https:\/\/diarioellabrador.cl\/#\/schema\/logo\/image\/"},"sameAs":["https:\/\/web.facebook.com\/profile.php?id=61576120840621","https:\/\/x.com\/ElLabradorOf","https:\/\/www.instagram.com\/diarioellabradoroficial\/"]},{"@type":"Person","@id":"https:\/\/diarioellabrador.cl\/#\/schema\/person\/bc25ff80b4563f9c7f4bd7855df01685","name":"Editor","image":{"@type":"ImageObject","inLanguage":"es","@id":"https:\/\/secure.gravatar.com\/avatar\/109c326cf2be5c04f048c2c2a2b8b6ef44bf3d8d1d3d4c55d0ac40c4bc994684?s=96&d=mm&r=g","url":"https:\/\/secure.gravatar.com\/avatar\/109c326cf2be5c04f048c2c2a2b8b6ef44bf3d8d1d3d4c55d0ac40c4bc994684?s=96&d=mm&r=g","contentUrl":"https:\/\/secure.gravatar.com\/avatar\/109c326cf2be5c04f048c2c2a2b8b6ef44bf3d8d1d3d4c55d0ac40c4bc994684?s=96&d=mm&r=g","caption":"Editor"},"url":"https:\/\/diarioellabrador.cl\/index.php\/author\/editor\/"}]}},"_links":{"self":[{"href":"https:\/\/diarioellabrador.cl\/index.php\/wp-json\/wp\/v2\/posts\/16330","targetHints":{"allow":["GET"]}}],"collection":[{"href":"https:\/\/diarioellabrador.cl\/index.php\/wp-json\/wp\/v2\/posts"}],"about":[{"href":"https:\/\/diarioellabrador.cl\/index.php\/wp-json\/wp\/v2\/types\/post"}],"author":[{"embeddable":true,"href":"https:\/\/diarioellabrador.cl\/index.php\/wp-json\/wp\/v2\/users\/2"}],"replies":[{"embeddable":true,"href":"https:\/\/diarioellabrador.cl\/index.php\/wp-json\/wp\/v2\/comments?post=16330"}],"version-history":[{"count":1,"href":"https:\/\/diarioellabrador.cl\/index.php\/wp-json\/wp\/v2\/posts\/16330\/revisions"}],"predecessor-version":[{"id":16331,"href":"https:\/\/diarioellabrador.cl\/index.php\/wp-json\/wp\/v2\/posts\/16330\/revisions\/16331"}],"wp:featuredmedia":[{"embeddable":true,"href":"https:\/\/diarioellabrador.cl\/index.php\/wp-json\/wp\/v2\/media\/16282"}],"wp:attachment":[{"href":"https:\/\/diarioellabrador.cl\/index.php\/wp-json\/wp\/v2\/media?parent=16330"}],"wp:term":[{"taxonomy":"category","embeddable":true,"href":"https:\/\/diarioellabrador.cl\/index.php\/wp-json\/wp\/v2\/categories?post=16330"},{"taxonomy":"post_tag","embeddable":true,"href":"https:\/\/diarioellabrador.cl\/index.php\/wp-json\/wp\/v2\/tags?post=16330"}],"curies":[{"name":"wp","href":"https:\/\/api.w.org\/{rel}","templated":true}]}}