{"id":16326,"date":"2026-03-09T17:53:35","date_gmt":"2026-03-09T21:53:35","guid":{"rendered":"https:\/\/diarioellabrador.cl\/?p=16326"},"modified":"2026-03-09T17:53:37","modified_gmt":"2026-03-09T21:53:37","slug":"8m-gobierno-de-santiago-y-sernameg-firman-convenio-que-fortalece-la-atencion-a-victimas-de-violencias-de-genero","status":"publish","type":"post","link":"https:\/\/diarioellabrador.cl\/index.php\/2026\/03\/09\/8m-gobierno-de-santiago-y-sernameg-firman-convenio-que-fortalece-la-atencion-a-victimas-de-violencias-de-genero\/","title":{"rendered":"8M: Gobierno de Santiago y\u00a0SernamEG\u00a0firman convenio que fortalece la atenci\u00f3n a v\u00edctimas de violencias de g\u00e9nero\u00a0"},"content":{"rendered":"\n<ul class=\"wp-block-list\">\n<li>La alianza permitir\u00e1 que los recursos provenientes de multas por violencia\u00a0intrafamiliar\u00a0se destinen directamente a centros de atenci\u00f3n, protecci\u00f3n y reparaci\u00f3n para mujeres.\u00a0<\/li>\n<\/ul>\n\n\n\n<p>En el marco del D\u00eda Internacional de la Mujer y del Mes de la Mujer, el Gobierno de Santiago y el Servicio Nacional de la Mujer y la Equidad de G\u00e9nero (SernamEG),&nbsp;suscribieron un convenio de transferencia de recursos destinado a fortalecer la red de atenci\u00f3n a v\u00edctimas de violencia de g\u00e9nero.&nbsp;<\/p>\n\n\n\n<p>En una ceremonia en el Palacio Regional de Santiago, la directora nacional del&nbsp;SernamEG, Priscilla Carrasco,&nbsp;y el gobernador de Santiago, Claudio Orrego,&nbsp;formalizaron el acuerdo interinstitucional que destina los recursos provenientes de las multas establecidas en el art\u00edculo 8\u00b0 de la Ley 20.066 sobre Violencia Intrafamiliar para fortalecer los centros especializados de atenci\u00f3n, protecci\u00f3n y reparaci\u00f3n de mujeres v\u00edctimas de violencias en la regi\u00f3n.&nbsp;<\/p>\n\n\n\n<p>Para el gobernador de Santiago, Claudio Orrego,&nbsp;\u201ccuando asumimos como Gobierno de Santiago entendimos que la igualdad de g\u00e9nero deb\u00eda traducirse en pol\u00edticas p\u00fablicas concretas. Por eso, junto a nuestro&nbsp;Consejo&nbsp;Asesor, hemos impulsado programas en salud, cuidados, empleo y prevenci\u00f3n de la violencia intrafamiliar en toda la regi\u00f3n. Hoy este convenio permite que los recursos provenientes de multas por violencia intrafamiliar se destinen directamente a fortalecer la atenci\u00f3n, protecci\u00f3n y acompa\u00f1amiento de las mujeres v\u00edctimas de violencia. Nuestro compromiso es que estas pol\u00edticas trasciendan a las autoridades de turno y se consoliden como parte permanente del desarrollo de la Regi\u00f3n Metropolitana\u201d.&nbsp;<\/p>\n\n\n\n<p>\u201cCuando articulamos esfuerzos entre instituciones, avanzamos de manera concreta en el derecho de las mujeres a una vida libre de violencias. Este convenio con el Gobierno de Santiago refleja una se\u00f1al concreta: los recursos que se generan a partir de sanciones por violencia intrafamiliar hoy se transforman en apoyo directo para las mujeres que han sido v\u00edctimas. Es una medida justa y coherente con el mandato del Estado de garantizar una vida libre de violencias\u201d, afirm\u00f3 la directora nacional del&nbsp;SernamEG, Priscilla Carrasco.&nbsp;<\/p>\n\n\n\n<p>La iniciativa se enmarca en la Estrategia Regional de Desarrollo 2024\u20132035 y en la implementaci\u00f3n de la Pol\u00edtica Regional para la Igualdad de G\u00e9nero 2024\u20132029, en su eje de Vida Libre de Violencia de G\u00e9nero, consolidando una acci\u00f3n concreta que articula compromisos estrat\u00e9gicos con medidas efectivas de apoyo a las v\u00edctimas. &nbsp;<\/p>\n\n\n\n<p>En la instancia, ambas instituciones reafirmaron su compromiso con la igualdad de g\u00e9nero y el enfoque de derechos, subrayando la importancia de avanzar en pol\u00edticas p\u00fablicas que no solo prevengan la violencia, sino que tambi\u00e9n aseguren atenci\u00f3n oportuna, protecci\u00f3n efectiva y reparaci\u00f3n integral para las mujeres.&nbsp;<\/p>\n","protected":false},"excerpt":{"rendered":"<p>En el marco del D\u00eda Internacional de la Mujer y del Mes de la Mujer, el Gobierno de Santiago y el Servicio Nacional de la Mujer y la Equidad de G\u00e9nero (SernamEG),&nbsp;suscribieron un convenio de transferencia de recursos destinado a fortalecer la red de atenci\u00f3n a v\u00edctimas de violencia de g\u00e9nero.&nbsp; En una ceremonia en<\/p>\n<div class=\"read-more-wrapper\"><a class=\"read-more\" href=\"https:\/\/diarioellabrador.cl\/index.php\/2026\/03\/09\/8m-gobierno-de-santiago-y-sernameg-firman-convenio-que-fortalece-la-atencion-a-victimas-de-violencias-de-genero\/\" title=\"Leer m\u00e1s\"> <span class=\"button \">Leer m\u00e1s<\/span><\/a><\/div>\n","protected":false},"author":2,"featured_media":16284,"comment_status":"open","ping_status":"open","sticky":false,"template":"","format":"standard","meta":{"footnotes":""},"categories":[1],"tags":[],"class_list":["post-16326","post","type-post","status-publish","format-standard","has-post-thumbnail","hentry","category-cronica"],"yoast_head":"<!-- This site is optimized with the Yoast SEO plugin v27.5 - https:\/\/yoast.com\/product\/yoast-seo-wordpress\/ -->\n<title>8M: Gobierno de Santiago y\u00a0SernamEG\u00a0firman convenio que fortalece la atenci\u00f3n a v\u00edctimas de violencias de g\u00e9nero\u00a0 - Diario El Labrador<\/title>\n<meta name=\"robots\" content=\"index, follow, max-snippet:-1, max-image-preview:large, max-video-preview:-1\" \/>\n<link rel=\"canonical\" href=\"https:\/\/diarioellabrador.cl\/index.php\/2026\/03\/09\/8m-gobierno-de-santiago-y-sernameg-firman-convenio-que-fortalece-la-atencion-a-victimas-de-violencias-de-genero\/\" \/>\n<meta property=\"og:locale\" content=\"es_ES\" \/>\n<meta property=\"og:type\" content=\"article\" \/>\n<meta property=\"og:title\" content=\"8M: Gobierno de Santiago y\u00a0SernamEG\u00a0firman convenio que fortalece la atenci\u00f3n a v\u00edctimas de violencias de g\u00e9nero\u00a0 - Diario El Labrador\" \/>\n<meta property=\"og:description\" content=\"En el marco del D\u00eda Internacional de la Mujer y del Mes de la Mujer, el Gobierno de Santiago y el Servicio Nacional de la Mujer y la Equidad de G\u00e9nero (SernamEG),&nbsp;suscribieron un convenio de transferencia de recursos destinado a fortalecer la red de atenci\u00f3n a v\u00edctimas de violencia de g\u00e9nero.&nbsp; En una ceremonia en Leer m\u00e1s\" \/>\n<meta property=\"og:url\" content=\"https:\/\/diarioellabrador.cl\/index.php\/2026\/03\/09\/8m-gobierno-de-santiago-y-sernameg-firman-convenio-que-fortalece-la-atencion-a-victimas-de-violencias-de-genero\/\" \/>\n<meta property=\"og:site_name\" content=\"Diario El Labrador\" \/>\n<meta property=\"article:publisher\" content=\"https:\/\/web.facebook.com\/profile.php?id=61576120840621\" \/>\n<meta property=\"article:published_time\" content=\"2026-03-09T21:53:35+00:00\" \/>\n<meta property=\"article:modified_time\" content=\"2026-03-09T21:53:37+00:00\" \/>\n<meta property=\"og:image\" content=\"https:\/\/diarioellabrador.cl\/wp-content\/uploads\/2026\/03\/8M-Gobierno-de-Santiago-y-SernamEG-firman-convenio-que-fortalece-la-atencion-a-victimas-de-violencias-de-genero-2.jpeg\" \/>\n\t<meta property=\"og:image:width\" content=\"1280\" \/>\n\t<meta property=\"og:image:height\" content=\"1076\" \/>\n\t<meta property=\"og:image:type\" content=\"image\/jpeg\" \/>\n<meta name=\"author\" content=\"Editor\" \/>\n<meta name=\"twitter:card\" content=\"summary_large_image\" \/>\n<meta name=\"twitter:creator\" content=\"@ElLabradorOf\" \/>\n<meta name=\"twitter:site\" content=\"@ElLabradorOf\" \/>\n<meta name=\"twitter:label1\" content=\"Escrito por\" \/>\n\t<meta name=\"twitter:data1\" content=\"Editor\" \/>\n\t<meta name=\"twitter:label2\" content=\"Tiempo de lectura\" \/>\n\t<meta name=\"twitter:data2\" content=\"3 minutos\" \/>\n<script type=\"application\/ld+json\" class=\"yoast-schema-graph\">{\"@context\":\"https:\\\/\\\/schema.org\",\"@graph\":[{\"@type\":\"Article\",\"@id\":\"https:\\\/\\\/diarioellabrador.cl\\\/index.php\\\/2026\\\/03\\\/09\\\/8m-gobierno-de-santiago-y-sernameg-firman-convenio-que-fortalece-la-atencion-a-victimas-de-violencias-de-genero\\\/#article\",\"isPartOf\":{\"@id\":\"https:\\\/\\\/diarioellabrador.cl\\\/index.php\\\/2026\\\/03\\\/09\\\/8m-gobierno-de-santiago-y-sernameg-firman-convenio-que-fortalece-la-atencion-a-victimas-de-violencias-de-genero\\\/\"},\"author\":{\"name\":\"Editor\",\"@id\":\"https:\\\/\\\/diarioellabrador.cl\\\/#\\\/schema\\\/person\\\/bc25ff80b4563f9c7f4bd7855df01685\"},\"headline\":\"8M: Gobierno de Santiago y\u00a0SernamEG\u00a0firman convenio que fortalece la atenci\u00f3n a v\u00edctimas de violencias de g\u00e9nero\u00a0\",\"datePublished\":\"2026-03-09T21:53:35+00:00\",\"dateModified\":\"2026-03-09T21:53:37+00:00\",\"mainEntityOfPage\":{\"@id\":\"https:\\\/\\\/diarioellabrador.cl\\\/index.php\\\/2026\\\/03\\\/09\\\/8m-gobierno-de-santiago-y-sernameg-firman-convenio-que-fortalece-la-atencion-a-victimas-de-violencias-de-genero\\\/\"},\"wordCount\":496,\"commentCount\":0,\"publisher\":{\"@id\":\"https:\\\/\\\/diarioellabrador.cl\\\/#organization\"},\"image\":{\"@id\":\"https:\\\/\\\/diarioellabrador.cl\\\/index.php\\\/2026\\\/03\\\/09\\\/8m-gobierno-de-santiago-y-sernameg-firman-convenio-que-fortalece-la-atencion-a-victimas-de-violencias-de-genero\\\/#primaryimage\"},\"thumbnailUrl\":\"https:\\\/\\\/diarioellabrador.cl\\\/wp-content\\\/uploads\\\/2026\\\/03\\\/8M-Gobierno-de-Santiago-y-SernamEG-firman-convenio-que-fortalece-la-atencion-a-victimas-de-violencias-de-genero-2.jpeg\",\"articleSection\":[\"Cr\u00f3nica\"],\"inLanguage\":\"es\",\"potentialAction\":[{\"@type\":\"CommentAction\",\"name\":\"Comment\",\"target\":[\"https:\\\/\\\/diarioellabrador.cl\\\/index.php\\\/2026\\\/03\\\/09\\\/8m-gobierno-de-santiago-y-sernameg-firman-convenio-que-fortalece-la-atencion-a-victimas-de-violencias-de-genero\\\/#respond\"]}]},{\"@type\":\"WebPage\",\"@id\":\"https:\\\/\\\/diarioellabrador.cl\\\/index.php\\\/2026\\\/03\\\/09\\\/8m-gobierno-de-santiago-y-sernameg-firman-convenio-que-fortalece-la-atencion-a-victimas-de-violencias-de-genero\\\/\",\"url\":\"https:\\\/\\\/diarioellabrador.cl\\\/index.php\\\/2026\\\/03\\\/09\\\/8m-gobierno-de-santiago-y-sernameg-firman-convenio-que-fortalece-la-atencion-a-victimas-de-violencias-de-genero\\\/\",\"name\":\"8M: Gobierno de Santiago y\u00a0SernamEG\u00a0firman convenio que fortalece la atenci\u00f3n a v\u00edctimas de violencias de g\u00e9nero\u00a0 - Diario El Labrador\",\"isPartOf\":{\"@id\":\"https:\\\/\\\/diarioellabrador.cl\\\/#website\"},\"primaryImageOfPage\":{\"@id\":\"https:\\\/\\\/diarioellabrador.cl\\\/index.php\\\/2026\\\/03\\\/09\\\/8m-gobierno-de-santiago-y-sernameg-firman-convenio-que-fortalece-la-atencion-a-victimas-de-violencias-de-genero\\\/#primaryimage\"},\"image\":{\"@id\":\"https:\\\/\\\/diarioellabrador.cl\\\/index.php\\\/2026\\\/03\\\/09\\\/8m-gobierno-de-santiago-y-sernameg-firman-convenio-que-fortalece-la-atencion-a-victimas-de-violencias-de-genero\\\/#primaryimage\"},\"thumbnailUrl\":\"https:\\\/\\\/diarioellabrador.cl\\\/wp-content\\\/uploads\\\/2026\\\/03\\\/8M-Gobierno-de-Santiago-y-SernamEG-firman-convenio-que-fortalece-la-atencion-a-victimas-de-violencias-de-genero-2.jpeg\",\"datePublished\":\"2026-03-09T21:53:35+00:00\",\"dateModified\":\"2026-03-09T21:53:37+00:00\",\"breadcrumb\":{\"@id\":\"https:\\\/\\\/diarioellabrador.cl\\\/index.php\\\/2026\\\/03\\\/09\\\/8m-gobierno-de-santiago-y-sernameg-firman-convenio-que-fortalece-la-atencion-a-victimas-de-violencias-de-genero\\\/#breadcrumb\"},\"inLanguage\":\"es\",\"potentialAction\":[{\"@type\":\"ReadAction\",\"target\":[\"https:\\\/\\\/diarioellabrador.cl\\\/index.php\\\/2026\\\/03\\\/09\\\/8m-gobierno-de-santiago-y-sernameg-firman-convenio-que-fortalece-la-atencion-a-victimas-de-violencias-de-genero\\\/\"]}]},{\"@type\":\"ImageObject\",\"inLanguage\":\"es\",\"@id\":\"https:\\\/\\\/diarioellabrador.cl\\\/index.php\\\/2026\\\/03\\\/09\\\/8m-gobierno-de-santiago-y-sernameg-firman-convenio-que-fortalece-la-atencion-a-victimas-de-violencias-de-genero\\\/#primaryimage\",\"url\":\"https:\\\/\\\/diarioellabrador.cl\\\/wp-content\\\/uploads\\\/2026\\\/03\\\/8M-Gobierno-de-Santiago-y-SernamEG-firman-convenio-que-fortalece-la-atencion-a-victimas-de-violencias-de-genero-2.jpeg\",\"contentUrl\":\"https:\\\/\\\/diarioellabrador.cl\\\/wp-content\\\/uploads\\\/2026\\\/03\\\/8M-Gobierno-de-Santiago-y-SernamEG-firman-convenio-que-fortalece-la-atencion-a-victimas-de-violencias-de-genero-2.jpeg\",\"width\":1280,\"height\":1076},{\"@type\":\"BreadcrumbList\",\"@id\":\"https:\\\/\\\/diarioellabrador.cl\\\/index.php\\\/2026\\\/03\\\/09\\\/8m-gobierno-de-santiago-y-sernameg-firman-convenio-que-fortalece-la-atencion-a-victimas-de-violencias-de-genero\\\/#breadcrumb\",\"itemListElement\":[{\"@type\":\"ListItem\",\"position\":1,\"name\":\"Portada\",\"item\":\"https:\\\/\\\/diarioellabrador.cl\\\/\"},{\"@type\":\"ListItem\",\"position\":2,\"name\":\"8M: Gobierno de Santiago y\u00a0SernamEG\u00a0firman convenio que fortalece la atenci\u00f3n a v\u00edctimas de violencias de g\u00e9nero\u00a0\"}]},{\"@type\":\"WebSite\",\"@id\":\"https:\\\/\\\/diarioellabrador.cl\\\/#website\",\"url\":\"https:\\\/\\\/diarioellabrador.cl\\\/\",\"name\":\"Diario El Labrador\",\"description\":\"Haciendo noticia desde 1921\",\"publisher\":{\"@id\":\"https:\\\/\\\/diarioellabrador.cl\\\/#organization\"},\"potentialAction\":[{\"@type\":\"SearchAction\",\"target\":{\"@type\":\"EntryPoint\",\"urlTemplate\":\"https:\\\/\\\/diarioellabrador.cl\\\/?s={search_term_string}\"},\"query-input\":{\"@type\":\"PropertyValueSpecification\",\"valueRequired\":true,\"valueName\":\"search_term_string\"}}],\"inLanguage\":\"es\"},{\"@type\":\"Organization\",\"@id\":\"https:\\\/\\\/diarioellabrador.cl\\\/#organization\",\"name\":\"Diario El Labrador\",\"url\":\"https:\\\/\\\/diarioellabrador.cl\\\/\",\"logo\":{\"@type\":\"ImageObject\",\"inLanguage\":\"es\",\"@id\":\"https:\\\/\\\/diarioellabrador.cl\\\/#\\\/schema\\\/logo\\\/image\\\/\",\"url\":\"https:\\\/\\\/diarioellabrador.cl\\\/wp-content\\\/uploads\\\/2025\\\/02\\\/cropped-Logo-Icono.png\",\"contentUrl\":\"https:\\\/\\\/diarioellabrador.cl\\\/wp-content\\\/uploads\\\/2025\\\/02\\\/cropped-Logo-Icono.png\",\"width\":512,\"height\":512,\"caption\":\"Diario El Labrador\"},\"image\":{\"@id\":\"https:\\\/\\\/diarioellabrador.cl\\\/#\\\/schema\\\/logo\\\/image\\\/\"},\"sameAs\":[\"https:\\\/\\\/web.facebook.com\\\/profile.php?id=61576120840621\",\"https:\\\/\\\/x.com\\\/ElLabradorOf\",\"https:\\\/\\\/www.instagram.com\\\/diarioellabradoroficial\\\/\"]},{\"@type\":\"Person\",\"@id\":\"https:\\\/\\\/diarioellabrador.cl\\\/#\\\/schema\\\/person\\\/bc25ff80b4563f9c7f4bd7855df01685\",\"name\":\"Editor\",\"image\":{\"@type\":\"ImageObject\",\"inLanguage\":\"es\",\"@id\":\"https:\\\/\\\/secure.gravatar.com\\\/avatar\\\/109c326cf2be5c04f048c2c2a2b8b6ef44bf3d8d1d3d4c55d0ac40c4bc994684?s=96&d=mm&r=g\",\"url\":\"https:\\\/\\\/secure.gravatar.com\\\/avatar\\\/109c326cf2be5c04f048c2c2a2b8b6ef44bf3d8d1d3d4c55d0ac40c4bc994684?s=96&d=mm&r=g\",\"contentUrl\":\"https:\\\/\\\/secure.gravatar.com\\\/avatar\\\/109c326cf2be5c04f048c2c2a2b8b6ef44bf3d8d1d3d4c55d0ac40c4bc994684?s=96&d=mm&r=g\",\"caption\":\"Editor\"},\"url\":\"https:\\\/\\\/diarioellabrador.cl\\\/index.php\\\/author\\\/editor\\\/\"}]}<\/script>\n<!-- \/ Yoast SEO plugin. -->","yoast_head_json":{"title":"8M: Gobierno de Santiago y\u00a0SernamEG\u00a0firman convenio que fortalece la atenci\u00f3n a v\u00edctimas de violencias de g\u00e9nero\u00a0 - Diario El Labrador","robots":{"index":"index","follow":"follow","max-snippet":"max-snippet:-1","max-image-preview":"max-image-preview:large","max-video-preview":"max-video-preview:-1"},"canonical":"https:\/\/diarioellabrador.cl\/index.php\/2026\/03\/09\/8m-gobierno-de-santiago-y-sernameg-firman-convenio-que-fortalece-la-atencion-a-victimas-de-violencias-de-genero\/","og_locale":"es_ES","og_type":"article","og_title":"8M: Gobierno de Santiago y\u00a0SernamEG\u00a0firman convenio que fortalece la atenci\u00f3n a v\u00edctimas de violencias de g\u00e9nero\u00a0 - Diario El Labrador","og_description":"En el marco del D\u00eda Internacional de la Mujer y del Mes de la Mujer, el Gobierno de Santiago y el Servicio Nacional de la Mujer y la Equidad de G\u00e9nero (SernamEG),&nbsp;suscribieron un convenio de transferencia de recursos destinado a fortalecer la red de atenci\u00f3n a v\u00edctimas de violencia de g\u00e9nero.&nbsp; En una ceremonia en Leer m\u00e1s","og_url":"https:\/\/diarioellabrador.cl\/index.php\/2026\/03\/09\/8m-gobierno-de-santiago-y-sernameg-firman-convenio-que-fortalece-la-atencion-a-victimas-de-violencias-de-genero\/","og_site_name":"Diario El Labrador","article_publisher":"https:\/\/web.facebook.com\/profile.php?id=61576120840621","article_published_time":"2026-03-09T21:53:35+00:00","article_modified_time":"2026-03-09T21:53:37+00:00","og_image":[{"width":1280,"height":1076,"url":"https:\/\/diarioellabrador.cl\/wp-content\/uploads\/2026\/03\/8M-Gobierno-de-Santiago-y-SernamEG-firman-convenio-que-fortalece-la-atencion-a-victimas-de-violencias-de-genero-2.jpeg","type":"image\/jpeg"}],"author":"Editor","twitter_card":"summary_large_image","twitter_creator":"@ElLabradorOf","twitter_site":"@ElLabradorOf","twitter_misc":{"Escrito por":"Editor","Tiempo de lectura":"3 minutos"},"schema":{"@context":"https:\/\/schema.org","@graph":[{"@type":"Article","@id":"https:\/\/diarioellabrador.cl\/index.php\/2026\/03\/09\/8m-gobierno-de-santiago-y-sernameg-firman-convenio-que-fortalece-la-atencion-a-victimas-de-violencias-de-genero\/#article","isPartOf":{"@id":"https:\/\/diarioellabrador.cl\/index.php\/2026\/03\/09\/8m-gobierno-de-santiago-y-sernameg-firman-convenio-que-fortalece-la-atencion-a-victimas-de-violencias-de-genero\/"},"author":{"name":"Editor","@id":"https:\/\/diarioellabrador.cl\/#\/schema\/person\/bc25ff80b4563f9c7f4bd7855df01685"},"headline":"8M: Gobierno de Santiago y\u00a0SernamEG\u00a0firman convenio que fortalece la atenci\u00f3n a v\u00edctimas de violencias de g\u00e9nero\u00a0","datePublished":"2026-03-09T21:53:35+00:00","dateModified":"2026-03-09T21:53:37+00:00","mainEntityOfPage":{"@id":"https:\/\/diarioellabrador.cl\/index.php\/2026\/03\/09\/8m-gobierno-de-santiago-y-sernameg-firman-convenio-que-fortalece-la-atencion-a-victimas-de-violencias-de-genero\/"},"wordCount":496,"commentCount":0,"publisher":{"@id":"https:\/\/diarioellabrador.cl\/#organization"},"image":{"@id":"https:\/\/diarioellabrador.cl\/index.php\/2026\/03\/09\/8m-gobierno-de-santiago-y-sernameg-firman-convenio-que-fortalece-la-atencion-a-victimas-de-violencias-de-genero\/#primaryimage"},"thumbnailUrl":"https:\/\/diarioellabrador.cl\/wp-content\/uploads\/2026\/03\/8M-Gobierno-de-Santiago-y-SernamEG-firman-convenio-que-fortalece-la-atencion-a-victimas-de-violencias-de-genero-2.jpeg","articleSection":["Cr\u00f3nica"],"inLanguage":"es","potentialAction":[{"@type":"CommentAction","name":"Comment","target":["https:\/\/diarioellabrador.cl\/index.php\/2026\/03\/09\/8m-gobierno-de-santiago-y-sernameg-firman-convenio-que-fortalece-la-atencion-a-victimas-de-violencias-de-genero\/#respond"]}]},{"@type":"WebPage","@id":"https:\/\/diarioellabrador.cl\/index.php\/2026\/03\/09\/8m-gobierno-de-santiago-y-sernameg-firman-convenio-que-fortalece-la-atencion-a-victimas-de-violencias-de-genero\/","url":"https:\/\/diarioellabrador.cl\/index.php\/2026\/03\/09\/8m-gobierno-de-santiago-y-sernameg-firman-convenio-que-fortalece-la-atencion-a-victimas-de-violencias-de-genero\/","name":"8M: Gobierno de Santiago y\u00a0SernamEG\u00a0firman convenio que fortalece la atenci\u00f3n a v\u00edctimas de violencias de g\u00e9nero\u00a0 - Diario El Labrador","isPartOf":{"@id":"https:\/\/diarioellabrador.cl\/#website"},"primaryImageOfPage":{"@id":"https:\/\/diarioellabrador.cl\/index.php\/2026\/03\/09\/8m-gobierno-de-santiago-y-sernameg-firman-convenio-que-fortalece-la-atencion-a-victimas-de-violencias-de-genero\/#primaryimage"},"image":{"@id":"https:\/\/diarioellabrador.cl\/index.php\/2026\/03\/09\/8m-gobierno-de-santiago-y-sernameg-firman-convenio-que-fortalece-la-atencion-a-victimas-de-violencias-de-genero\/#primaryimage"},"thumbnailUrl":"https:\/\/diarioellabrador.cl\/wp-content\/uploads\/2026\/03\/8M-Gobierno-de-Santiago-y-SernamEG-firman-convenio-que-fortalece-la-atencion-a-victimas-de-violencias-de-genero-2.jpeg","datePublished":"2026-03-09T21:53:35+00:00","dateModified":"2026-03-09T21:53:37+00:00","breadcrumb":{"@id":"https:\/\/diarioellabrador.cl\/index.php\/2026\/03\/09\/8m-gobierno-de-santiago-y-sernameg-firman-convenio-que-fortalece-la-atencion-a-victimas-de-violencias-de-genero\/#breadcrumb"},"inLanguage":"es","potentialAction":[{"@type":"ReadAction","target":["https:\/\/diarioellabrador.cl\/index.php\/2026\/03\/09\/8m-gobierno-de-santiago-y-sernameg-firman-convenio-que-fortalece-la-atencion-a-victimas-de-violencias-de-genero\/"]}]},{"@type":"ImageObject","inLanguage":"es","@id":"https:\/\/diarioellabrador.cl\/index.php\/2026\/03\/09\/8m-gobierno-de-santiago-y-sernameg-firman-convenio-que-fortalece-la-atencion-a-victimas-de-violencias-de-genero\/#primaryimage","url":"https:\/\/diarioellabrador.cl\/wp-content\/uploads\/2026\/03\/8M-Gobierno-de-Santiago-y-SernamEG-firman-convenio-que-fortalece-la-atencion-a-victimas-de-violencias-de-genero-2.jpeg","contentUrl":"https:\/\/diarioellabrador.cl\/wp-content\/uploads\/2026\/03\/8M-Gobierno-de-Santiago-y-SernamEG-firman-convenio-que-fortalece-la-atencion-a-victimas-de-violencias-de-genero-2.jpeg","width":1280,"height":1076},{"@type":"BreadcrumbList","@id":"https:\/\/diarioellabrador.cl\/index.php\/2026\/03\/09\/8m-gobierno-de-santiago-y-sernameg-firman-convenio-que-fortalece-la-atencion-a-victimas-de-violencias-de-genero\/#breadcrumb","itemListElement":[{"@type":"ListItem","position":1,"name":"Portada","item":"https:\/\/diarioellabrador.cl\/"},{"@type":"ListItem","position":2,"name":"8M: Gobierno de Santiago y\u00a0SernamEG\u00a0firman convenio que fortalece la atenci\u00f3n a v\u00edctimas de violencias de g\u00e9nero\u00a0"}]},{"@type":"WebSite","@id":"https:\/\/diarioellabrador.cl\/#website","url":"https:\/\/diarioellabrador.cl\/","name":"Diario El Labrador","description":"Haciendo noticia desde 1921","publisher":{"@id":"https:\/\/diarioellabrador.cl\/#organization"},"potentialAction":[{"@type":"SearchAction","target":{"@type":"EntryPoint","urlTemplate":"https:\/\/diarioellabrador.cl\/?s={search_term_string}"},"query-input":{"@type":"PropertyValueSpecification","valueRequired":true,"valueName":"search_term_string"}}],"inLanguage":"es"},{"@type":"Organization","@id":"https:\/\/diarioellabrador.cl\/#organization","name":"Diario El Labrador","url":"https:\/\/diarioellabrador.cl\/","logo":{"@type":"ImageObject","inLanguage":"es","@id":"https:\/\/diarioellabrador.cl\/#\/schema\/logo\/image\/","url":"https:\/\/diarioellabrador.cl\/wp-content\/uploads\/2025\/02\/cropped-Logo-Icono.png","contentUrl":"https:\/\/diarioellabrador.cl\/wp-content\/uploads\/2025\/02\/cropped-Logo-Icono.png","width":512,"height":512,"caption":"Diario El Labrador"},"image":{"@id":"https:\/\/diarioellabrador.cl\/#\/schema\/logo\/image\/"},"sameAs":["https:\/\/web.facebook.com\/profile.php?id=61576120840621","https:\/\/x.com\/ElLabradorOf","https:\/\/www.instagram.com\/diarioellabradoroficial\/"]},{"@type":"Person","@id":"https:\/\/diarioellabrador.cl\/#\/schema\/person\/bc25ff80b4563f9c7f4bd7855df01685","name":"Editor","image":{"@type":"ImageObject","inLanguage":"es","@id":"https:\/\/secure.gravatar.com\/avatar\/109c326cf2be5c04f048c2c2a2b8b6ef44bf3d8d1d3d4c55d0ac40c4bc994684?s=96&d=mm&r=g","url":"https:\/\/secure.gravatar.com\/avatar\/109c326cf2be5c04f048c2c2a2b8b6ef44bf3d8d1d3d4c55d0ac40c4bc994684?s=96&d=mm&r=g","contentUrl":"https:\/\/secure.gravatar.com\/avatar\/109c326cf2be5c04f048c2c2a2b8b6ef44bf3d8d1d3d4c55d0ac40c4bc994684?s=96&d=mm&r=g","caption":"Editor"},"url":"https:\/\/diarioellabrador.cl\/index.php\/author\/editor\/"}]}},"_links":{"self":[{"href":"https:\/\/diarioellabrador.cl\/index.php\/wp-json\/wp\/v2\/posts\/16326","targetHints":{"allow":["GET"]}}],"collection":[{"href":"https:\/\/diarioellabrador.cl\/index.php\/wp-json\/wp\/v2\/posts"}],"about":[{"href":"https:\/\/diarioellabrador.cl\/index.php\/wp-json\/wp\/v2\/types\/post"}],"author":[{"embeddable":true,"href":"https:\/\/diarioellabrador.cl\/index.php\/wp-json\/wp\/v2\/users\/2"}],"replies":[{"embeddable":true,"href":"https:\/\/diarioellabrador.cl\/index.php\/wp-json\/wp\/v2\/comments?post=16326"}],"version-history":[{"count":1,"href":"https:\/\/diarioellabrador.cl\/index.php\/wp-json\/wp\/v2\/posts\/16326\/revisions"}],"predecessor-version":[{"id":16327,"href":"https:\/\/diarioellabrador.cl\/index.php\/wp-json\/wp\/v2\/posts\/16326\/revisions\/16327"}],"wp:featuredmedia":[{"embeddable":true,"href":"https:\/\/diarioellabrador.cl\/index.php\/wp-json\/wp\/v2\/media\/16284"}],"wp:attachment":[{"href":"https:\/\/diarioellabrador.cl\/index.php\/wp-json\/wp\/v2\/media?parent=16326"}],"wp:term":[{"taxonomy":"category","embeddable":true,"href":"https:\/\/diarioellabrador.cl\/index.php\/wp-json\/wp\/v2\/categories?post=16326"},{"taxonomy":"post_tag","embeddable":true,"href":"https:\/\/diarioellabrador.cl\/index.php\/wp-json\/wp\/v2\/tags?post=16326"}],"curies":[{"name":"wp","href":"https:\/\/api.w.org\/{rel}","templated":true}]}}