{"id":16324,"date":"2026-03-09T17:52:45","date_gmt":"2026-03-09T21:52:45","guid":{"rendered":"https:\/\/diarioellabrador.cl\/?p=16324"},"modified":"2026-03-09T17:52:46","modified_gmt":"2026-03-09T21:52:46","slug":"delegado-provincial-de-melipilla-bastian-alarcon-encabeza-jornada-informativa-en-el-marco-de-la-conmemoracion-del-dia-internacional-de-la-mujer","status":"publish","type":"post","link":"https:\/\/diarioellabrador.cl\/index.php\/2026\/03\/09\/delegado-provincial-de-melipilla-bastian-alarcon-encabeza-jornada-informativa-en-el-marco-de-la-conmemoracion-del-dia-internacional-de-la-mujer\/","title":{"rendered":"Delegado Provincial de Melipilla Basti\u00e1n Alarc\u00f3n encabeza jornada informativa en el marco de la Conmemoraci\u00f3n del D\u00eda Internacional de la Mujer"},"content":{"rendered":"\n<ul class=\"wp-block-list\">\n<li><strong>La actividad, organizada junto a Fundaci\u00f3n PRODEMU, permiti\u00f3 dar a conocer programas y herramientas disponibles para fortalecer la autonom\u00eda de la mujer, adem\u00e1s de generar un espacio de reflexi\u00f3n sobre los desaf\u00edos pendientes en materia de equidad de g\u00e9nero.<\/strong><\/li>\n<\/ul>\n\n\n\n<p>El delegado presidencial provincial de Melipilla, Basti\u00e1n Alarc\u00f3n, encabez\u00f3 una jornada informativa en el marco de la conmemoraci\u00f3n del D\u00eda Internacional de la Mujer, instancia en la que se dieron a conocer diversas herramientas, programas y oportunidades disponibles desde el Gobierno para fortalecer la autonom\u00eda y el desarrollo de la mujer en el territorio.<\/p>\n\n\n\n<p>La actividad fue organizada por Delegaci\u00f3n Presidencial Provincial de Melipilla en conjunto con Fundaci\u00f3n PRODEMU, oportunidad en la que adem\u00e1s se abord\u00f3 la historia y el significado del 8 de marzo, relevando la importancia de promover espacios de di\u00e1logo y reflexi\u00f3n sobre el rol de las mujeres frente a los actuales desaf\u00edos, as\u00ed tambi\u00e9n se abord\u00f3 temas como la brecha salarial, la violencia contra las mujeres, el trabajo de cuidados y la corresponsabilidad.<\/p>\n\n\n\n<p>El delegado presidencial provincial de Melipilla, Basti\u00e1n Alarc\u00f3n, destac\u00f3 la relevancia de este tipo de iniciativas para avanzar en mayor igualdad de oportunidades. \u201cEn el marco de la conmemoraci\u00f3n del D\u00eda Internacional de la Mujer quisimos generar un espacio de encuentro junto a PRODEMU para conversar sobre los avances que se han logrado en materia de g\u00e9nero, pero tambi\u00e9n sobre los desaf\u00edos que a\u00fan tenemos como sociedad, como la brecha salarial, la violencia contra las mujeres y el reconocimiento del trabajo de cuidados. Como Gobierno seguiremos impulsando iniciativas y programas que fortalezcan la autonom\u00eda y el desarrollo de las mujeres de nuestra provincia\u201d, se\u00f1al\u00f3.<\/p>\n\n\n\n<p>En esta l\u00ednea, precis\u00f3 que \u201ces importante destacar el permanente trabajo que realiza PRODEMU en el territorio, acercando herramientas, programas y oportunidades concretas para fortalecer la autonom\u00eda econ\u00f3mica, personal y social de las mujeres. Asimismo, relevar la labor articulada que desarrollan los distintos servicios p\u00fablicos del territorio en materia de g\u00e9nero, impulsando pol\u00edticas, iniciativas y espacios de apoyo que permiten avanzar hacia una sociedad con mayor igualdad de oportunidades para las mujeres de nuestra provincia\u201d.<\/p>\n\n\n\n<p>Finalmente, desde la Delegaci\u00f3n Presidencial Provincial destacaron la importancia de continuar promoviendo espacios de encuentro, informaci\u00f3n y reflexi\u00f3n junto a los servicios p\u00fablicos y organizaciones del territorio, con el objetivo de avanzar hacia una sociedad con m\u00e1s igualdad de oportunidades para todas y todos.<\/p>\n","protected":false},"excerpt":{"rendered":"<p>El delegado presidencial provincial de Melipilla, Basti\u00e1n Alarc\u00f3n, encabez\u00f3 una jornada informativa en el marco de la conmemoraci\u00f3n del D\u00eda Internacional de la Mujer, instancia en la que se dieron a conocer diversas herramientas, programas y oportunidades disponibles desde el Gobierno para fortalecer la autonom\u00eda y el desarrollo de la mujer en el territorio. La<\/p>\n<div class=\"read-more-wrapper\"><a class=\"read-more\" href=\"https:\/\/diarioellabrador.cl\/index.php\/2026\/03\/09\/delegado-provincial-de-melipilla-bastian-alarcon-encabeza-jornada-informativa-en-el-marco-de-la-conmemoracion-del-dia-internacional-de-la-mujer\/\" title=\"Leer m\u00e1s\"> <span class=\"button \">Leer m\u00e1s<\/span><\/a><\/div>\n","protected":false},"author":2,"featured_media":16289,"comment_status":"open","ping_status":"open","sticky":false,"template":"","format":"standard","meta":{"footnotes":""},"categories":[1],"tags":[],"class_list":["post-16324","post","type-post","status-publish","format-standard","has-post-thumbnail","hentry","category-cronica"],"yoast_head":"<!-- This site is optimized with the Yoast SEO plugin v27.5 - https:\/\/yoast.com\/product\/yoast-seo-wordpress\/ -->\n<title>Delegado Provincial de Melipilla Basti\u00e1n Alarc\u00f3n encabeza jornada informativa en el marco de la Conmemoraci\u00f3n del D\u00eda Internacional de la Mujer - Diario El Labrador<\/title>\n<meta name=\"robots\" content=\"index, follow, max-snippet:-1, max-image-preview:large, max-video-preview:-1\" \/>\n<link rel=\"canonical\" href=\"https:\/\/diarioellabrador.cl\/index.php\/2026\/03\/09\/delegado-provincial-de-melipilla-bastian-alarcon-encabeza-jornada-informativa-en-el-marco-de-la-conmemoracion-del-dia-internacional-de-la-mujer\/\" \/>\n<meta property=\"og:locale\" content=\"es_ES\" \/>\n<meta property=\"og:type\" content=\"article\" \/>\n<meta property=\"og:title\" content=\"Delegado Provincial de Melipilla Basti\u00e1n Alarc\u00f3n encabeza jornada informativa en el marco de la Conmemoraci\u00f3n del D\u00eda Internacional de la Mujer - Diario El Labrador\" \/>\n<meta property=\"og:description\" content=\"El delegado presidencial provincial de Melipilla, Basti\u00e1n Alarc\u00f3n, encabez\u00f3 una jornada informativa en el marco de la conmemoraci\u00f3n del D\u00eda Internacional de la Mujer, instancia en la que se dieron a conocer diversas herramientas, programas y oportunidades disponibles desde el Gobierno para fortalecer la autonom\u00eda y el desarrollo de la mujer en el territorio. La Leer m\u00e1s\" \/>\n<meta property=\"og:url\" content=\"https:\/\/diarioellabrador.cl\/index.php\/2026\/03\/09\/delegado-provincial-de-melipilla-bastian-alarcon-encabeza-jornada-informativa-en-el-marco-de-la-conmemoracion-del-dia-internacional-de-la-mujer\/\" \/>\n<meta property=\"og:site_name\" content=\"Diario El Labrador\" \/>\n<meta property=\"article:publisher\" content=\"https:\/\/web.facebook.com\/profile.php?id=61576120840621\" \/>\n<meta property=\"article:published_time\" content=\"2026-03-09T21:52:45+00:00\" \/>\n<meta property=\"article:modified_time\" content=\"2026-03-09T21:52:46+00:00\" \/>\n<meta property=\"og:image\" content=\"https:\/\/diarioellabrador.cl\/wp-content\/uploads\/2026\/03\/Delegado-Provincial-de-Melipilla-Bastian-Alarcon-encabeza-jornada-informativa-en-el-marco-de-la-Conmemoracion-del-Dia-Internacional-de-la-Mujer-1.jpg\" \/>\n\t<meta property=\"og:image:width\" content=\"2048\" \/>\n\t<meta property=\"og:image:height\" content=\"1536\" \/>\n\t<meta property=\"og:image:type\" content=\"image\/jpeg\" \/>\n<meta name=\"author\" content=\"Editor\" \/>\n<meta name=\"twitter:card\" content=\"summary_large_image\" \/>\n<meta name=\"twitter:creator\" content=\"@ElLabradorOf\" \/>\n<meta name=\"twitter:site\" content=\"@ElLabradorOf\" \/>\n<meta name=\"twitter:label1\" content=\"Escrito por\" \/>\n\t<meta name=\"twitter:data1\" content=\"Editor\" \/>\n\t<meta name=\"twitter:label2\" content=\"Tiempo de lectura\" \/>\n\t<meta name=\"twitter:data2\" content=\"2 minutos\" \/>\n<script type=\"application\/ld+json\" class=\"yoast-schema-graph\">{\"@context\":\"https:\\\/\\\/schema.org\",\"@graph\":[{\"@type\":\"Article\",\"@id\":\"https:\\\/\\\/diarioellabrador.cl\\\/index.php\\\/2026\\\/03\\\/09\\\/delegado-provincial-de-melipilla-bastian-alarcon-encabeza-jornada-informativa-en-el-marco-de-la-conmemoracion-del-dia-internacional-de-la-mujer\\\/#article\",\"isPartOf\":{\"@id\":\"https:\\\/\\\/diarioellabrador.cl\\\/index.php\\\/2026\\\/03\\\/09\\\/delegado-provincial-de-melipilla-bastian-alarcon-encabeza-jornada-informativa-en-el-marco-de-la-conmemoracion-del-dia-internacional-de-la-mujer\\\/\"},\"author\":{\"name\":\"Editor\",\"@id\":\"https:\\\/\\\/diarioellabrador.cl\\\/#\\\/schema\\\/person\\\/bc25ff80b4563f9c7f4bd7855df01685\"},\"headline\":\"Delegado Provincial de Melipilla Basti\u00e1n Alarc\u00f3n encabeza jornada informativa en el marco de la Conmemoraci\u00f3n del D\u00eda Internacional de la Mujer\",\"datePublished\":\"2026-03-09T21:52:45+00:00\",\"dateModified\":\"2026-03-09T21:52:46+00:00\",\"mainEntityOfPage\":{\"@id\":\"https:\\\/\\\/diarioellabrador.cl\\\/index.php\\\/2026\\\/03\\\/09\\\/delegado-provincial-de-melipilla-bastian-alarcon-encabeza-jornada-informativa-en-el-marco-de-la-conmemoracion-del-dia-internacional-de-la-mujer\\\/\"},\"wordCount\":452,\"commentCount\":0,\"publisher\":{\"@id\":\"https:\\\/\\\/diarioellabrador.cl\\\/#organization\"},\"image\":{\"@id\":\"https:\\\/\\\/diarioellabrador.cl\\\/index.php\\\/2026\\\/03\\\/09\\\/delegado-provincial-de-melipilla-bastian-alarcon-encabeza-jornada-informativa-en-el-marco-de-la-conmemoracion-del-dia-internacional-de-la-mujer\\\/#primaryimage\"},\"thumbnailUrl\":\"https:\\\/\\\/diarioellabrador.cl\\\/wp-content\\\/uploads\\\/2026\\\/03\\\/Delegado-Provincial-de-Melipilla-Bastian-Alarcon-encabeza-jornada-informativa-en-el-marco-de-la-Conmemoracion-del-Dia-Internacional-de-la-Mujer-1.jpg\",\"articleSection\":[\"Cr\u00f3nica\"],\"inLanguage\":\"es\",\"potentialAction\":[{\"@type\":\"CommentAction\",\"name\":\"Comment\",\"target\":[\"https:\\\/\\\/diarioellabrador.cl\\\/index.php\\\/2026\\\/03\\\/09\\\/delegado-provincial-de-melipilla-bastian-alarcon-encabeza-jornada-informativa-en-el-marco-de-la-conmemoracion-del-dia-internacional-de-la-mujer\\\/#respond\"]}]},{\"@type\":\"WebPage\",\"@id\":\"https:\\\/\\\/diarioellabrador.cl\\\/index.php\\\/2026\\\/03\\\/09\\\/delegado-provincial-de-melipilla-bastian-alarcon-encabeza-jornada-informativa-en-el-marco-de-la-conmemoracion-del-dia-internacional-de-la-mujer\\\/\",\"url\":\"https:\\\/\\\/diarioellabrador.cl\\\/index.php\\\/2026\\\/03\\\/09\\\/delegado-provincial-de-melipilla-bastian-alarcon-encabeza-jornada-informativa-en-el-marco-de-la-conmemoracion-del-dia-internacional-de-la-mujer\\\/\",\"name\":\"Delegado Provincial de Melipilla Basti\u00e1n Alarc\u00f3n encabeza jornada informativa en el marco de la Conmemoraci\u00f3n del D\u00eda Internacional de la Mujer - Diario El Labrador\",\"isPartOf\":{\"@id\":\"https:\\\/\\\/diarioellabrador.cl\\\/#website\"},\"primaryImageOfPage\":{\"@id\":\"https:\\\/\\\/diarioellabrador.cl\\\/index.php\\\/2026\\\/03\\\/09\\\/delegado-provincial-de-melipilla-bastian-alarcon-encabeza-jornada-informativa-en-el-marco-de-la-conmemoracion-del-dia-internacional-de-la-mujer\\\/#primaryimage\"},\"image\":{\"@id\":\"https:\\\/\\\/diarioellabrador.cl\\\/index.php\\\/2026\\\/03\\\/09\\\/delegado-provincial-de-melipilla-bastian-alarcon-encabeza-jornada-informativa-en-el-marco-de-la-conmemoracion-del-dia-internacional-de-la-mujer\\\/#primaryimage\"},\"thumbnailUrl\":\"https:\\\/\\\/diarioellabrador.cl\\\/wp-content\\\/uploads\\\/2026\\\/03\\\/Delegado-Provincial-de-Melipilla-Bastian-Alarcon-encabeza-jornada-informativa-en-el-marco-de-la-Conmemoracion-del-Dia-Internacional-de-la-Mujer-1.jpg\",\"datePublished\":\"2026-03-09T21:52:45+00:00\",\"dateModified\":\"2026-03-09T21:52:46+00:00\",\"breadcrumb\":{\"@id\":\"https:\\\/\\\/diarioellabrador.cl\\\/index.php\\\/2026\\\/03\\\/09\\\/delegado-provincial-de-melipilla-bastian-alarcon-encabeza-jornada-informativa-en-el-marco-de-la-conmemoracion-del-dia-internacional-de-la-mujer\\\/#breadcrumb\"},\"inLanguage\":\"es\",\"potentialAction\":[{\"@type\":\"ReadAction\",\"target\":[\"https:\\\/\\\/diarioellabrador.cl\\\/index.php\\\/2026\\\/03\\\/09\\\/delegado-provincial-de-melipilla-bastian-alarcon-encabeza-jornada-informativa-en-el-marco-de-la-conmemoracion-del-dia-internacional-de-la-mujer\\\/\"]}]},{\"@type\":\"ImageObject\",\"inLanguage\":\"es\",\"@id\":\"https:\\\/\\\/diarioellabrador.cl\\\/index.php\\\/2026\\\/03\\\/09\\\/delegado-provincial-de-melipilla-bastian-alarcon-encabeza-jornada-informativa-en-el-marco-de-la-conmemoracion-del-dia-internacional-de-la-mujer\\\/#primaryimage\",\"url\":\"https:\\\/\\\/diarioellabrador.cl\\\/wp-content\\\/uploads\\\/2026\\\/03\\\/Delegado-Provincial-de-Melipilla-Bastian-Alarcon-encabeza-jornada-informativa-en-el-marco-de-la-Conmemoracion-del-Dia-Internacional-de-la-Mujer-1.jpg\",\"contentUrl\":\"https:\\\/\\\/diarioellabrador.cl\\\/wp-content\\\/uploads\\\/2026\\\/03\\\/Delegado-Provincial-de-Melipilla-Bastian-Alarcon-encabeza-jornada-informativa-en-el-marco-de-la-Conmemoracion-del-Dia-Internacional-de-la-Mujer-1.jpg\",\"width\":2048,\"height\":1536},{\"@type\":\"BreadcrumbList\",\"@id\":\"https:\\\/\\\/diarioellabrador.cl\\\/index.php\\\/2026\\\/03\\\/09\\\/delegado-provincial-de-melipilla-bastian-alarcon-encabeza-jornada-informativa-en-el-marco-de-la-conmemoracion-del-dia-internacional-de-la-mujer\\\/#breadcrumb\",\"itemListElement\":[{\"@type\":\"ListItem\",\"position\":1,\"name\":\"Portada\",\"item\":\"https:\\\/\\\/diarioellabrador.cl\\\/\"},{\"@type\":\"ListItem\",\"position\":2,\"name\":\"Delegado Provincial de Melipilla Basti\u00e1n Alarc\u00f3n encabeza jornada informativa en el marco de la Conmemoraci\u00f3n del D\u00eda Internacional de la Mujer\"}]},{\"@type\":\"WebSite\",\"@id\":\"https:\\\/\\\/diarioellabrador.cl\\\/#website\",\"url\":\"https:\\\/\\\/diarioellabrador.cl\\\/\",\"name\":\"Diario El Labrador\",\"description\":\"Haciendo noticia desde 1921\",\"publisher\":{\"@id\":\"https:\\\/\\\/diarioellabrador.cl\\\/#organization\"},\"potentialAction\":[{\"@type\":\"SearchAction\",\"target\":{\"@type\":\"EntryPoint\",\"urlTemplate\":\"https:\\\/\\\/diarioellabrador.cl\\\/?s={search_term_string}\"},\"query-input\":{\"@type\":\"PropertyValueSpecification\",\"valueRequired\":true,\"valueName\":\"search_term_string\"}}],\"inLanguage\":\"es\"},{\"@type\":\"Organization\",\"@id\":\"https:\\\/\\\/diarioellabrador.cl\\\/#organization\",\"name\":\"Diario El Labrador\",\"url\":\"https:\\\/\\\/diarioellabrador.cl\\\/\",\"logo\":{\"@type\":\"ImageObject\",\"inLanguage\":\"es\",\"@id\":\"https:\\\/\\\/diarioellabrador.cl\\\/#\\\/schema\\\/logo\\\/image\\\/\",\"url\":\"https:\\\/\\\/diarioellabrador.cl\\\/wp-content\\\/uploads\\\/2025\\\/02\\\/cropped-Logo-Icono.png\",\"contentUrl\":\"https:\\\/\\\/diarioellabrador.cl\\\/wp-content\\\/uploads\\\/2025\\\/02\\\/cropped-Logo-Icono.png\",\"width\":512,\"height\":512,\"caption\":\"Diario El Labrador\"},\"image\":{\"@id\":\"https:\\\/\\\/diarioellabrador.cl\\\/#\\\/schema\\\/logo\\\/image\\\/\"},\"sameAs\":[\"https:\\\/\\\/web.facebook.com\\\/profile.php?id=61576120840621\",\"https:\\\/\\\/x.com\\\/ElLabradorOf\",\"https:\\\/\\\/www.instagram.com\\\/diarioellabradoroficial\\\/\"]},{\"@type\":\"Person\",\"@id\":\"https:\\\/\\\/diarioellabrador.cl\\\/#\\\/schema\\\/person\\\/bc25ff80b4563f9c7f4bd7855df01685\",\"name\":\"Editor\",\"image\":{\"@type\":\"ImageObject\",\"inLanguage\":\"es\",\"@id\":\"https:\\\/\\\/secure.gravatar.com\\\/avatar\\\/109c326cf2be5c04f048c2c2a2b8b6ef44bf3d8d1d3d4c55d0ac40c4bc994684?s=96&d=mm&r=g\",\"url\":\"https:\\\/\\\/secure.gravatar.com\\\/avatar\\\/109c326cf2be5c04f048c2c2a2b8b6ef44bf3d8d1d3d4c55d0ac40c4bc994684?s=96&d=mm&r=g\",\"contentUrl\":\"https:\\\/\\\/secure.gravatar.com\\\/avatar\\\/109c326cf2be5c04f048c2c2a2b8b6ef44bf3d8d1d3d4c55d0ac40c4bc994684?s=96&d=mm&r=g\",\"caption\":\"Editor\"},\"url\":\"https:\\\/\\\/diarioellabrador.cl\\\/index.php\\\/author\\\/editor\\\/\"}]}<\/script>\n<!-- \/ Yoast SEO plugin. -->","yoast_head_json":{"title":"Delegado Provincial de Melipilla Basti\u00e1n Alarc\u00f3n encabeza jornada informativa en el marco de la Conmemoraci\u00f3n del D\u00eda Internacional de la Mujer - Diario El Labrador","robots":{"index":"index","follow":"follow","max-snippet":"max-snippet:-1","max-image-preview":"max-image-preview:large","max-video-preview":"max-video-preview:-1"},"canonical":"https:\/\/diarioellabrador.cl\/index.php\/2026\/03\/09\/delegado-provincial-de-melipilla-bastian-alarcon-encabeza-jornada-informativa-en-el-marco-de-la-conmemoracion-del-dia-internacional-de-la-mujer\/","og_locale":"es_ES","og_type":"article","og_title":"Delegado Provincial de Melipilla Basti\u00e1n Alarc\u00f3n encabeza jornada informativa en el marco de la Conmemoraci\u00f3n del D\u00eda Internacional de la Mujer - Diario El Labrador","og_description":"El delegado presidencial provincial de Melipilla, Basti\u00e1n Alarc\u00f3n, encabez\u00f3 una jornada informativa en el marco de la conmemoraci\u00f3n del D\u00eda Internacional de la Mujer, instancia en la que se dieron a conocer diversas herramientas, programas y oportunidades disponibles desde el Gobierno para fortalecer la autonom\u00eda y el desarrollo de la mujer en el territorio. La Leer m\u00e1s","og_url":"https:\/\/diarioellabrador.cl\/index.php\/2026\/03\/09\/delegado-provincial-de-melipilla-bastian-alarcon-encabeza-jornada-informativa-en-el-marco-de-la-conmemoracion-del-dia-internacional-de-la-mujer\/","og_site_name":"Diario El Labrador","article_publisher":"https:\/\/web.facebook.com\/profile.php?id=61576120840621","article_published_time":"2026-03-09T21:52:45+00:00","article_modified_time":"2026-03-09T21:52:46+00:00","og_image":[{"width":2048,"height":1536,"url":"https:\/\/diarioellabrador.cl\/wp-content\/uploads\/2026\/03\/Delegado-Provincial-de-Melipilla-Bastian-Alarcon-encabeza-jornada-informativa-en-el-marco-de-la-Conmemoracion-del-Dia-Internacional-de-la-Mujer-1.jpg","type":"image\/jpeg"}],"author":"Editor","twitter_card":"summary_large_image","twitter_creator":"@ElLabradorOf","twitter_site":"@ElLabradorOf","twitter_misc":{"Escrito por":"Editor","Tiempo de lectura":"2 minutos"},"schema":{"@context":"https:\/\/schema.org","@graph":[{"@type":"Article","@id":"https:\/\/diarioellabrador.cl\/index.php\/2026\/03\/09\/delegado-provincial-de-melipilla-bastian-alarcon-encabeza-jornada-informativa-en-el-marco-de-la-conmemoracion-del-dia-internacional-de-la-mujer\/#article","isPartOf":{"@id":"https:\/\/diarioellabrador.cl\/index.php\/2026\/03\/09\/delegado-provincial-de-melipilla-bastian-alarcon-encabeza-jornada-informativa-en-el-marco-de-la-conmemoracion-del-dia-internacional-de-la-mujer\/"},"author":{"name":"Editor","@id":"https:\/\/diarioellabrador.cl\/#\/schema\/person\/bc25ff80b4563f9c7f4bd7855df01685"},"headline":"Delegado Provincial de Melipilla Basti\u00e1n Alarc\u00f3n encabeza jornada informativa en el marco de la Conmemoraci\u00f3n del D\u00eda Internacional de la Mujer","datePublished":"2026-03-09T21:52:45+00:00","dateModified":"2026-03-09T21:52:46+00:00","mainEntityOfPage":{"@id":"https:\/\/diarioellabrador.cl\/index.php\/2026\/03\/09\/delegado-provincial-de-melipilla-bastian-alarcon-encabeza-jornada-informativa-en-el-marco-de-la-conmemoracion-del-dia-internacional-de-la-mujer\/"},"wordCount":452,"commentCount":0,"publisher":{"@id":"https:\/\/diarioellabrador.cl\/#organization"},"image":{"@id":"https:\/\/diarioellabrador.cl\/index.php\/2026\/03\/09\/delegado-provincial-de-melipilla-bastian-alarcon-encabeza-jornada-informativa-en-el-marco-de-la-conmemoracion-del-dia-internacional-de-la-mujer\/#primaryimage"},"thumbnailUrl":"https:\/\/diarioellabrador.cl\/wp-content\/uploads\/2026\/03\/Delegado-Provincial-de-Melipilla-Bastian-Alarcon-encabeza-jornada-informativa-en-el-marco-de-la-Conmemoracion-del-Dia-Internacional-de-la-Mujer-1.jpg","articleSection":["Cr\u00f3nica"],"inLanguage":"es","potentialAction":[{"@type":"CommentAction","name":"Comment","target":["https:\/\/diarioellabrador.cl\/index.php\/2026\/03\/09\/delegado-provincial-de-melipilla-bastian-alarcon-encabeza-jornada-informativa-en-el-marco-de-la-conmemoracion-del-dia-internacional-de-la-mujer\/#respond"]}]},{"@type":"WebPage","@id":"https:\/\/diarioellabrador.cl\/index.php\/2026\/03\/09\/delegado-provincial-de-melipilla-bastian-alarcon-encabeza-jornada-informativa-en-el-marco-de-la-conmemoracion-del-dia-internacional-de-la-mujer\/","url":"https:\/\/diarioellabrador.cl\/index.php\/2026\/03\/09\/delegado-provincial-de-melipilla-bastian-alarcon-encabeza-jornada-informativa-en-el-marco-de-la-conmemoracion-del-dia-internacional-de-la-mujer\/","name":"Delegado Provincial de Melipilla Basti\u00e1n Alarc\u00f3n encabeza jornada informativa en el marco de la Conmemoraci\u00f3n del D\u00eda Internacional de la Mujer - Diario El Labrador","isPartOf":{"@id":"https:\/\/diarioellabrador.cl\/#website"},"primaryImageOfPage":{"@id":"https:\/\/diarioellabrador.cl\/index.php\/2026\/03\/09\/delegado-provincial-de-melipilla-bastian-alarcon-encabeza-jornada-informativa-en-el-marco-de-la-conmemoracion-del-dia-internacional-de-la-mujer\/#primaryimage"},"image":{"@id":"https:\/\/diarioellabrador.cl\/index.php\/2026\/03\/09\/delegado-provincial-de-melipilla-bastian-alarcon-encabeza-jornada-informativa-en-el-marco-de-la-conmemoracion-del-dia-internacional-de-la-mujer\/#primaryimage"},"thumbnailUrl":"https:\/\/diarioellabrador.cl\/wp-content\/uploads\/2026\/03\/Delegado-Provincial-de-Melipilla-Bastian-Alarcon-encabeza-jornada-informativa-en-el-marco-de-la-Conmemoracion-del-Dia-Internacional-de-la-Mujer-1.jpg","datePublished":"2026-03-09T21:52:45+00:00","dateModified":"2026-03-09T21:52:46+00:00","breadcrumb":{"@id":"https:\/\/diarioellabrador.cl\/index.php\/2026\/03\/09\/delegado-provincial-de-melipilla-bastian-alarcon-encabeza-jornada-informativa-en-el-marco-de-la-conmemoracion-del-dia-internacional-de-la-mujer\/#breadcrumb"},"inLanguage":"es","potentialAction":[{"@type":"ReadAction","target":["https:\/\/diarioellabrador.cl\/index.php\/2026\/03\/09\/delegado-provincial-de-melipilla-bastian-alarcon-encabeza-jornada-informativa-en-el-marco-de-la-conmemoracion-del-dia-internacional-de-la-mujer\/"]}]},{"@type":"ImageObject","inLanguage":"es","@id":"https:\/\/diarioellabrador.cl\/index.php\/2026\/03\/09\/delegado-provincial-de-melipilla-bastian-alarcon-encabeza-jornada-informativa-en-el-marco-de-la-conmemoracion-del-dia-internacional-de-la-mujer\/#primaryimage","url":"https:\/\/diarioellabrador.cl\/wp-content\/uploads\/2026\/03\/Delegado-Provincial-de-Melipilla-Bastian-Alarcon-encabeza-jornada-informativa-en-el-marco-de-la-Conmemoracion-del-Dia-Internacional-de-la-Mujer-1.jpg","contentUrl":"https:\/\/diarioellabrador.cl\/wp-content\/uploads\/2026\/03\/Delegado-Provincial-de-Melipilla-Bastian-Alarcon-encabeza-jornada-informativa-en-el-marco-de-la-Conmemoracion-del-Dia-Internacional-de-la-Mujer-1.jpg","width":2048,"height":1536},{"@type":"BreadcrumbList","@id":"https:\/\/diarioellabrador.cl\/index.php\/2026\/03\/09\/delegado-provincial-de-melipilla-bastian-alarcon-encabeza-jornada-informativa-en-el-marco-de-la-conmemoracion-del-dia-internacional-de-la-mujer\/#breadcrumb","itemListElement":[{"@type":"ListItem","position":1,"name":"Portada","item":"https:\/\/diarioellabrador.cl\/"},{"@type":"ListItem","position":2,"name":"Delegado Provincial de Melipilla Basti\u00e1n Alarc\u00f3n encabeza jornada informativa en el marco de la Conmemoraci\u00f3n del D\u00eda Internacional de la Mujer"}]},{"@type":"WebSite","@id":"https:\/\/diarioellabrador.cl\/#website","url":"https:\/\/diarioellabrador.cl\/","name":"Diario El Labrador","description":"Haciendo noticia desde 1921","publisher":{"@id":"https:\/\/diarioellabrador.cl\/#organization"},"potentialAction":[{"@type":"SearchAction","target":{"@type":"EntryPoint","urlTemplate":"https:\/\/diarioellabrador.cl\/?s={search_term_string}"},"query-input":{"@type":"PropertyValueSpecification","valueRequired":true,"valueName":"search_term_string"}}],"inLanguage":"es"},{"@type":"Organization","@id":"https:\/\/diarioellabrador.cl\/#organization","name":"Diario El Labrador","url":"https:\/\/diarioellabrador.cl\/","logo":{"@type":"ImageObject","inLanguage":"es","@id":"https:\/\/diarioellabrador.cl\/#\/schema\/logo\/image\/","url":"https:\/\/diarioellabrador.cl\/wp-content\/uploads\/2025\/02\/cropped-Logo-Icono.png","contentUrl":"https:\/\/diarioellabrador.cl\/wp-content\/uploads\/2025\/02\/cropped-Logo-Icono.png","width":512,"height":512,"caption":"Diario El Labrador"},"image":{"@id":"https:\/\/diarioellabrador.cl\/#\/schema\/logo\/image\/"},"sameAs":["https:\/\/web.facebook.com\/profile.php?id=61576120840621","https:\/\/x.com\/ElLabradorOf","https:\/\/www.instagram.com\/diarioellabradoroficial\/"]},{"@type":"Person","@id":"https:\/\/diarioellabrador.cl\/#\/schema\/person\/bc25ff80b4563f9c7f4bd7855df01685","name":"Editor","image":{"@type":"ImageObject","inLanguage":"es","@id":"https:\/\/secure.gravatar.com\/avatar\/109c326cf2be5c04f048c2c2a2b8b6ef44bf3d8d1d3d4c55d0ac40c4bc994684?s=96&d=mm&r=g","url":"https:\/\/secure.gravatar.com\/avatar\/109c326cf2be5c04f048c2c2a2b8b6ef44bf3d8d1d3d4c55d0ac40c4bc994684?s=96&d=mm&r=g","contentUrl":"https:\/\/secure.gravatar.com\/avatar\/109c326cf2be5c04f048c2c2a2b8b6ef44bf3d8d1d3d4c55d0ac40c4bc994684?s=96&d=mm&r=g","caption":"Editor"},"url":"https:\/\/diarioellabrador.cl\/index.php\/author\/editor\/"}]}},"_links":{"self":[{"href":"https:\/\/diarioellabrador.cl\/index.php\/wp-json\/wp\/v2\/posts\/16324","targetHints":{"allow":["GET"]}}],"collection":[{"href":"https:\/\/diarioellabrador.cl\/index.php\/wp-json\/wp\/v2\/posts"}],"about":[{"href":"https:\/\/diarioellabrador.cl\/index.php\/wp-json\/wp\/v2\/types\/post"}],"author":[{"embeddable":true,"href":"https:\/\/diarioellabrador.cl\/index.php\/wp-json\/wp\/v2\/users\/2"}],"replies":[{"embeddable":true,"href":"https:\/\/diarioellabrador.cl\/index.php\/wp-json\/wp\/v2\/comments?post=16324"}],"version-history":[{"count":1,"href":"https:\/\/diarioellabrador.cl\/index.php\/wp-json\/wp\/v2\/posts\/16324\/revisions"}],"predecessor-version":[{"id":16325,"href":"https:\/\/diarioellabrador.cl\/index.php\/wp-json\/wp\/v2\/posts\/16324\/revisions\/16325"}],"wp:featuredmedia":[{"embeddable":true,"href":"https:\/\/diarioellabrador.cl\/index.php\/wp-json\/wp\/v2\/media\/16289"}],"wp:attachment":[{"href":"https:\/\/diarioellabrador.cl\/index.php\/wp-json\/wp\/v2\/media?parent=16324"}],"wp:term":[{"taxonomy":"category","embeddable":true,"href":"https:\/\/diarioellabrador.cl\/index.php\/wp-json\/wp\/v2\/categories?post=16324"},{"taxonomy":"post_tag","embeddable":true,"href":"https:\/\/diarioellabrador.cl\/index.php\/wp-json\/wp\/v2\/tags?post=16324"}],"curies":[{"name":"wp","href":"https:\/\/api.w.org\/{rel}","templated":true}]}}