{"id":16318,"date":"2026-03-09T17:50:58","date_gmt":"2026-03-09T21:50:58","guid":{"rendered":"https:\/\/diarioellabrador.cl\/?p=16318"},"modified":"2026-03-09T17:51:00","modified_gmt":"2026-03-09T21:51:00","slug":"ladron-que-fue-sorprendido-robando-al-interior-de-una-parcela-debera-cumplir-34-horas-de-servicios-a-la-comunidad","status":"publish","type":"post","link":"https:\/\/diarioellabrador.cl\/index.php\/2026\/03\/09\/ladron-que-fue-sorprendido-robando-al-interior-de-una-parcela-debera-cumplir-34-horas-de-servicios-a-la-comunidad\/","title":{"rendered":"Ladr\u00f3n que fue sorprendido robando al interior de una parcela deber\u00e1 cumplir 34 horas de servicios a la comunidad"},"content":{"rendered":"\n<p>En el Tribunal de Garant\u00eda de Talagante se realiz\u00f3 el juicio oral simplificado en contra de autor de robo en lugar no habitado.<\/p>\n\n\n\n<p>Se indic\u00f3 que el d\u00eda 23 de septiembre del a\u00f1o 2025 en horas de la ma\u00f1ana, el imputado procedi\u00f3 a ingresar a la parcela ubicada en avenida de Las Palmeras de la comuna de Pe\u00f1aflor, lugar donde cort\u00f3 el alambre de p\u00faa y escal\u00f3 el cierre perimetral del lugar. Para una vez en su interior, proceder a sustraer paltas avaluadas en la suma de 100.000 pesos, siendo sorprendido con la especie en su en su poder al interior de la refer\u00eda propiedad.<\/p>\n\n\n\n<p>La magistrado dictamin\u00f3 que se condena a David Q.C. por su responsabilidad como autor de un delito de robo con fuerza en las cosas, perpetrado en lugar no habitado, en grado de frustrado, a la pena de sesenta y un d\u00edas de presidio menor en su grado m\u00ednimo.<\/p>\n\n\n\n<p>&nbsp;Que reuniendo el sentenciado los requisitos contemplados en la ley, la pena privativa de libertad deber\u00e1 cumplirla bajo la pena sustitutiva de prestaci\u00f3n de servicios en beneficio de la comunidad donde deber\u00e1 realizar un total de 34 horas.<\/p>\n","protected":false},"excerpt":{"rendered":"<p>En el Tribunal de Garant\u00eda de Talagante se realiz\u00f3 el juicio oral simplificado en contra de autor de robo en lugar no habitado. Se indic\u00f3 que el d\u00eda 23 de septiembre del a\u00f1o 2025 en horas de la ma\u00f1ana, el imputado procedi\u00f3 a ingresar a la parcela ubicada en avenida de Las Palmeras de la<\/p>\n<div class=\"read-more-wrapper\"><a class=\"read-more\" href=\"https:\/\/diarioellabrador.cl\/index.php\/2026\/03\/09\/ladron-que-fue-sorprendido-robando-al-interior-de-una-parcela-debera-cumplir-34-horas-de-servicios-a-la-comunidad\/\" title=\"Leer m\u00e1s\"> <span class=\"button \">Leer m\u00e1s<\/span><\/a><\/div>\n","protected":false},"author":2,"featured_media":16278,"comment_status":"open","ping_status":"open","sticky":false,"template":"","format":"standard","meta":{"footnotes":""},"categories":[3],"tags":[],"class_list":["post-16318","post","type-post","status-publish","format-standard","has-post-thumbnail","hentry","category-policial"],"yoast_head":"<!-- This site is optimized with the Yoast SEO plugin v27.5 - https:\/\/yoast.com\/product\/yoast-seo-wordpress\/ -->\n<title>Ladr\u00f3n que fue sorprendido robando al interior de una parcela deber\u00e1 cumplir 34 horas de servicios a la comunidad - Diario El Labrador<\/title>\n<meta name=\"robots\" content=\"index, follow, max-snippet:-1, max-image-preview:large, max-video-preview:-1\" \/>\n<link rel=\"canonical\" href=\"https:\/\/diarioellabrador.cl\/index.php\/2026\/03\/09\/ladron-que-fue-sorprendido-robando-al-interior-de-una-parcela-debera-cumplir-34-horas-de-servicios-a-la-comunidad\/\" \/>\n<meta property=\"og:locale\" content=\"es_ES\" \/>\n<meta property=\"og:type\" content=\"article\" \/>\n<meta property=\"og:title\" content=\"Ladr\u00f3n que fue sorprendido robando al interior de una parcela deber\u00e1 cumplir 34 horas de servicios a la comunidad - Diario El Labrador\" \/>\n<meta property=\"og:description\" content=\"En el Tribunal de Garant\u00eda de Talagante se realiz\u00f3 el juicio oral simplificado en contra de autor de robo en lugar no habitado. Se indic\u00f3 que el d\u00eda 23 de septiembre del a\u00f1o 2025 en horas de la ma\u00f1ana, el imputado procedi\u00f3 a ingresar a la parcela ubicada en avenida de Las Palmeras de la Leer m\u00e1s\" \/>\n<meta property=\"og:url\" content=\"https:\/\/diarioellabrador.cl\/index.php\/2026\/03\/09\/ladron-que-fue-sorprendido-robando-al-interior-de-una-parcela-debera-cumplir-34-horas-de-servicios-a-la-comunidad\/\" \/>\n<meta property=\"og:site_name\" content=\"Diario El Labrador\" \/>\n<meta property=\"article:publisher\" content=\"https:\/\/web.facebook.com\/profile.php?id=61576120840621\" \/>\n<meta property=\"article:published_time\" content=\"2026-03-09T21:50:58+00:00\" \/>\n<meta property=\"article:modified_time\" content=\"2026-03-09T21:51:00+00:00\" \/>\n<meta property=\"og:image\" content=\"https:\/\/diarioellabrador.cl\/wp-content\/uploads\/2026\/03\/Ladron-que-fue-sorprendido-robando-al-interior-de-una-parcela-debera-cumplir-34-horas-de-servicios-a-la-comunidad.jpg\" \/>\n\t<meta property=\"og:image:width\" content=\"1199\" \/>\n\t<meta property=\"og:image:height\" content=\"800\" \/>\n\t<meta property=\"og:image:type\" content=\"image\/jpeg\" \/>\n<meta name=\"author\" content=\"Editor\" \/>\n<meta name=\"twitter:card\" content=\"summary_large_image\" \/>\n<meta name=\"twitter:creator\" content=\"@ElLabradorOf\" \/>\n<meta name=\"twitter:site\" content=\"@ElLabradorOf\" \/>\n<meta name=\"twitter:label1\" content=\"Escrito por\" \/>\n\t<meta name=\"twitter:data1\" content=\"Editor\" \/>\n\t<meta name=\"twitter:label2\" content=\"Tiempo de lectura\" \/>\n\t<meta name=\"twitter:data2\" content=\"2 minutos\" \/>\n<script type=\"application\/ld+json\" class=\"yoast-schema-graph\">{\"@context\":\"https:\\\/\\\/schema.org\",\"@graph\":[{\"@type\":\"Article\",\"@id\":\"https:\\\/\\\/diarioellabrador.cl\\\/index.php\\\/2026\\\/03\\\/09\\\/ladron-que-fue-sorprendido-robando-al-interior-de-una-parcela-debera-cumplir-34-horas-de-servicios-a-la-comunidad\\\/#article\",\"isPartOf\":{\"@id\":\"https:\\\/\\\/diarioellabrador.cl\\\/index.php\\\/2026\\\/03\\\/09\\\/ladron-que-fue-sorprendido-robando-al-interior-de-una-parcela-debera-cumplir-34-horas-de-servicios-a-la-comunidad\\\/\"},\"author\":{\"name\":\"Editor\",\"@id\":\"https:\\\/\\\/diarioellabrador.cl\\\/#\\\/schema\\\/person\\\/bc25ff80b4563f9c7f4bd7855df01685\"},\"headline\":\"Ladr\u00f3n que fue sorprendido robando al interior de una parcela deber\u00e1 cumplir 34 horas de servicios a la comunidad\",\"datePublished\":\"2026-03-09T21:50:58+00:00\",\"dateModified\":\"2026-03-09T21:51:00+00:00\",\"mainEntityOfPage\":{\"@id\":\"https:\\\/\\\/diarioellabrador.cl\\\/index.php\\\/2026\\\/03\\\/09\\\/ladron-que-fue-sorprendido-robando-al-interior-de-una-parcela-debera-cumplir-34-horas-de-servicios-a-la-comunidad\\\/\"},\"wordCount\":218,\"commentCount\":0,\"publisher\":{\"@id\":\"https:\\\/\\\/diarioellabrador.cl\\\/#organization\"},\"image\":{\"@id\":\"https:\\\/\\\/diarioellabrador.cl\\\/index.php\\\/2026\\\/03\\\/09\\\/ladron-que-fue-sorprendido-robando-al-interior-de-una-parcela-debera-cumplir-34-horas-de-servicios-a-la-comunidad\\\/#primaryimage\"},\"thumbnailUrl\":\"https:\\\/\\\/diarioellabrador.cl\\\/wp-content\\\/uploads\\\/2026\\\/03\\\/Ladron-que-fue-sorprendido-robando-al-interior-de-una-parcela-debera-cumplir-34-horas-de-servicios-a-la-comunidad.jpg\",\"articleSection\":[\"Policial\"],\"inLanguage\":\"es\",\"potentialAction\":[{\"@type\":\"CommentAction\",\"name\":\"Comment\",\"target\":[\"https:\\\/\\\/diarioellabrador.cl\\\/index.php\\\/2026\\\/03\\\/09\\\/ladron-que-fue-sorprendido-robando-al-interior-de-una-parcela-debera-cumplir-34-horas-de-servicios-a-la-comunidad\\\/#respond\"]}]},{\"@type\":\"WebPage\",\"@id\":\"https:\\\/\\\/diarioellabrador.cl\\\/index.php\\\/2026\\\/03\\\/09\\\/ladron-que-fue-sorprendido-robando-al-interior-de-una-parcela-debera-cumplir-34-horas-de-servicios-a-la-comunidad\\\/\",\"url\":\"https:\\\/\\\/diarioellabrador.cl\\\/index.php\\\/2026\\\/03\\\/09\\\/ladron-que-fue-sorprendido-robando-al-interior-de-una-parcela-debera-cumplir-34-horas-de-servicios-a-la-comunidad\\\/\",\"name\":\"Ladr\u00f3n que fue sorprendido robando al interior de una parcela deber\u00e1 cumplir 34 horas de servicios a la comunidad - Diario El Labrador\",\"isPartOf\":{\"@id\":\"https:\\\/\\\/diarioellabrador.cl\\\/#website\"},\"primaryImageOfPage\":{\"@id\":\"https:\\\/\\\/diarioellabrador.cl\\\/index.php\\\/2026\\\/03\\\/09\\\/ladron-que-fue-sorprendido-robando-al-interior-de-una-parcela-debera-cumplir-34-horas-de-servicios-a-la-comunidad\\\/#primaryimage\"},\"image\":{\"@id\":\"https:\\\/\\\/diarioellabrador.cl\\\/index.php\\\/2026\\\/03\\\/09\\\/ladron-que-fue-sorprendido-robando-al-interior-de-una-parcela-debera-cumplir-34-horas-de-servicios-a-la-comunidad\\\/#primaryimage\"},\"thumbnailUrl\":\"https:\\\/\\\/diarioellabrador.cl\\\/wp-content\\\/uploads\\\/2026\\\/03\\\/Ladron-que-fue-sorprendido-robando-al-interior-de-una-parcela-debera-cumplir-34-horas-de-servicios-a-la-comunidad.jpg\",\"datePublished\":\"2026-03-09T21:50:58+00:00\",\"dateModified\":\"2026-03-09T21:51:00+00:00\",\"breadcrumb\":{\"@id\":\"https:\\\/\\\/diarioellabrador.cl\\\/index.php\\\/2026\\\/03\\\/09\\\/ladron-que-fue-sorprendido-robando-al-interior-de-una-parcela-debera-cumplir-34-horas-de-servicios-a-la-comunidad\\\/#breadcrumb\"},\"inLanguage\":\"es\",\"potentialAction\":[{\"@type\":\"ReadAction\",\"target\":[\"https:\\\/\\\/diarioellabrador.cl\\\/index.php\\\/2026\\\/03\\\/09\\\/ladron-que-fue-sorprendido-robando-al-interior-de-una-parcela-debera-cumplir-34-horas-de-servicios-a-la-comunidad\\\/\"]}]},{\"@type\":\"ImageObject\",\"inLanguage\":\"es\",\"@id\":\"https:\\\/\\\/diarioellabrador.cl\\\/index.php\\\/2026\\\/03\\\/09\\\/ladron-que-fue-sorprendido-robando-al-interior-de-una-parcela-debera-cumplir-34-horas-de-servicios-a-la-comunidad\\\/#primaryimage\",\"url\":\"https:\\\/\\\/diarioellabrador.cl\\\/wp-content\\\/uploads\\\/2026\\\/03\\\/Ladron-que-fue-sorprendido-robando-al-interior-de-una-parcela-debera-cumplir-34-horas-de-servicios-a-la-comunidad.jpg\",\"contentUrl\":\"https:\\\/\\\/diarioellabrador.cl\\\/wp-content\\\/uploads\\\/2026\\\/03\\\/Ladron-que-fue-sorprendido-robando-al-interior-de-una-parcela-debera-cumplir-34-horas-de-servicios-a-la-comunidad.jpg\",\"width\":1199,\"height\":800},{\"@type\":\"BreadcrumbList\",\"@id\":\"https:\\\/\\\/diarioellabrador.cl\\\/index.php\\\/2026\\\/03\\\/09\\\/ladron-que-fue-sorprendido-robando-al-interior-de-una-parcela-debera-cumplir-34-horas-de-servicios-a-la-comunidad\\\/#breadcrumb\",\"itemListElement\":[{\"@type\":\"ListItem\",\"position\":1,\"name\":\"Portada\",\"item\":\"https:\\\/\\\/diarioellabrador.cl\\\/\"},{\"@type\":\"ListItem\",\"position\":2,\"name\":\"Ladr\u00f3n que fue sorprendido robando al interior de una parcela deber\u00e1 cumplir 34 horas de servicios a la comunidad\"}]},{\"@type\":\"WebSite\",\"@id\":\"https:\\\/\\\/diarioellabrador.cl\\\/#website\",\"url\":\"https:\\\/\\\/diarioellabrador.cl\\\/\",\"name\":\"Diario El Labrador\",\"description\":\"Haciendo noticia desde 1921\",\"publisher\":{\"@id\":\"https:\\\/\\\/diarioellabrador.cl\\\/#organization\"},\"potentialAction\":[{\"@type\":\"SearchAction\",\"target\":{\"@type\":\"EntryPoint\",\"urlTemplate\":\"https:\\\/\\\/diarioellabrador.cl\\\/?s={search_term_string}\"},\"query-input\":{\"@type\":\"PropertyValueSpecification\",\"valueRequired\":true,\"valueName\":\"search_term_string\"}}],\"inLanguage\":\"es\"},{\"@type\":\"Organization\",\"@id\":\"https:\\\/\\\/diarioellabrador.cl\\\/#organization\",\"name\":\"Diario El Labrador\",\"url\":\"https:\\\/\\\/diarioellabrador.cl\\\/\",\"logo\":{\"@type\":\"ImageObject\",\"inLanguage\":\"es\",\"@id\":\"https:\\\/\\\/diarioellabrador.cl\\\/#\\\/schema\\\/logo\\\/image\\\/\",\"url\":\"https:\\\/\\\/diarioellabrador.cl\\\/wp-content\\\/uploads\\\/2025\\\/02\\\/cropped-Logo-Icono.png\",\"contentUrl\":\"https:\\\/\\\/diarioellabrador.cl\\\/wp-content\\\/uploads\\\/2025\\\/02\\\/cropped-Logo-Icono.png\",\"width\":512,\"height\":512,\"caption\":\"Diario El Labrador\"},\"image\":{\"@id\":\"https:\\\/\\\/diarioellabrador.cl\\\/#\\\/schema\\\/logo\\\/image\\\/\"},\"sameAs\":[\"https:\\\/\\\/web.facebook.com\\\/profile.php?id=61576120840621\",\"https:\\\/\\\/x.com\\\/ElLabradorOf\",\"https:\\\/\\\/www.instagram.com\\\/diarioellabradoroficial\\\/\"]},{\"@type\":\"Person\",\"@id\":\"https:\\\/\\\/diarioellabrador.cl\\\/#\\\/schema\\\/person\\\/bc25ff80b4563f9c7f4bd7855df01685\",\"name\":\"Editor\",\"image\":{\"@type\":\"ImageObject\",\"inLanguage\":\"es\",\"@id\":\"https:\\\/\\\/secure.gravatar.com\\\/avatar\\\/109c326cf2be5c04f048c2c2a2b8b6ef44bf3d8d1d3d4c55d0ac40c4bc994684?s=96&d=mm&r=g\",\"url\":\"https:\\\/\\\/secure.gravatar.com\\\/avatar\\\/109c326cf2be5c04f048c2c2a2b8b6ef44bf3d8d1d3d4c55d0ac40c4bc994684?s=96&d=mm&r=g\",\"contentUrl\":\"https:\\\/\\\/secure.gravatar.com\\\/avatar\\\/109c326cf2be5c04f048c2c2a2b8b6ef44bf3d8d1d3d4c55d0ac40c4bc994684?s=96&d=mm&r=g\",\"caption\":\"Editor\"},\"url\":\"https:\\\/\\\/diarioellabrador.cl\\\/index.php\\\/author\\\/editor\\\/\"}]}<\/script>\n<!-- \/ Yoast SEO plugin. -->","yoast_head_json":{"title":"Ladr\u00f3n que fue sorprendido robando al interior de una parcela deber\u00e1 cumplir 34 horas de servicios a la comunidad - Diario El Labrador","robots":{"index":"index","follow":"follow","max-snippet":"max-snippet:-1","max-image-preview":"max-image-preview:large","max-video-preview":"max-video-preview:-1"},"canonical":"https:\/\/diarioellabrador.cl\/index.php\/2026\/03\/09\/ladron-que-fue-sorprendido-robando-al-interior-de-una-parcela-debera-cumplir-34-horas-de-servicios-a-la-comunidad\/","og_locale":"es_ES","og_type":"article","og_title":"Ladr\u00f3n que fue sorprendido robando al interior de una parcela deber\u00e1 cumplir 34 horas de servicios a la comunidad - Diario El Labrador","og_description":"En el Tribunal de Garant\u00eda de Talagante se realiz\u00f3 el juicio oral simplificado en contra de autor de robo en lugar no habitado. Se indic\u00f3 que el d\u00eda 23 de septiembre del a\u00f1o 2025 en horas de la ma\u00f1ana, el imputado procedi\u00f3 a ingresar a la parcela ubicada en avenida de Las Palmeras de la Leer m\u00e1s","og_url":"https:\/\/diarioellabrador.cl\/index.php\/2026\/03\/09\/ladron-que-fue-sorprendido-robando-al-interior-de-una-parcela-debera-cumplir-34-horas-de-servicios-a-la-comunidad\/","og_site_name":"Diario El Labrador","article_publisher":"https:\/\/web.facebook.com\/profile.php?id=61576120840621","article_published_time":"2026-03-09T21:50:58+00:00","article_modified_time":"2026-03-09T21:51:00+00:00","og_image":[{"width":1199,"height":800,"url":"https:\/\/diarioellabrador.cl\/wp-content\/uploads\/2026\/03\/Ladron-que-fue-sorprendido-robando-al-interior-de-una-parcela-debera-cumplir-34-horas-de-servicios-a-la-comunidad.jpg","type":"image\/jpeg"}],"author":"Editor","twitter_card":"summary_large_image","twitter_creator":"@ElLabradorOf","twitter_site":"@ElLabradorOf","twitter_misc":{"Escrito por":"Editor","Tiempo de lectura":"2 minutos"},"schema":{"@context":"https:\/\/schema.org","@graph":[{"@type":"Article","@id":"https:\/\/diarioellabrador.cl\/index.php\/2026\/03\/09\/ladron-que-fue-sorprendido-robando-al-interior-de-una-parcela-debera-cumplir-34-horas-de-servicios-a-la-comunidad\/#article","isPartOf":{"@id":"https:\/\/diarioellabrador.cl\/index.php\/2026\/03\/09\/ladron-que-fue-sorprendido-robando-al-interior-de-una-parcela-debera-cumplir-34-horas-de-servicios-a-la-comunidad\/"},"author":{"name":"Editor","@id":"https:\/\/diarioellabrador.cl\/#\/schema\/person\/bc25ff80b4563f9c7f4bd7855df01685"},"headline":"Ladr\u00f3n que fue sorprendido robando al interior de una parcela deber\u00e1 cumplir 34 horas de servicios a la comunidad","datePublished":"2026-03-09T21:50:58+00:00","dateModified":"2026-03-09T21:51:00+00:00","mainEntityOfPage":{"@id":"https:\/\/diarioellabrador.cl\/index.php\/2026\/03\/09\/ladron-que-fue-sorprendido-robando-al-interior-de-una-parcela-debera-cumplir-34-horas-de-servicios-a-la-comunidad\/"},"wordCount":218,"commentCount":0,"publisher":{"@id":"https:\/\/diarioellabrador.cl\/#organization"},"image":{"@id":"https:\/\/diarioellabrador.cl\/index.php\/2026\/03\/09\/ladron-que-fue-sorprendido-robando-al-interior-de-una-parcela-debera-cumplir-34-horas-de-servicios-a-la-comunidad\/#primaryimage"},"thumbnailUrl":"https:\/\/diarioellabrador.cl\/wp-content\/uploads\/2026\/03\/Ladron-que-fue-sorprendido-robando-al-interior-de-una-parcela-debera-cumplir-34-horas-de-servicios-a-la-comunidad.jpg","articleSection":["Policial"],"inLanguage":"es","potentialAction":[{"@type":"CommentAction","name":"Comment","target":["https:\/\/diarioellabrador.cl\/index.php\/2026\/03\/09\/ladron-que-fue-sorprendido-robando-al-interior-de-una-parcela-debera-cumplir-34-horas-de-servicios-a-la-comunidad\/#respond"]}]},{"@type":"WebPage","@id":"https:\/\/diarioellabrador.cl\/index.php\/2026\/03\/09\/ladron-que-fue-sorprendido-robando-al-interior-de-una-parcela-debera-cumplir-34-horas-de-servicios-a-la-comunidad\/","url":"https:\/\/diarioellabrador.cl\/index.php\/2026\/03\/09\/ladron-que-fue-sorprendido-robando-al-interior-de-una-parcela-debera-cumplir-34-horas-de-servicios-a-la-comunidad\/","name":"Ladr\u00f3n que fue sorprendido robando al interior de una parcela deber\u00e1 cumplir 34 horas de servicios a la comunidad - Diario El Labrador","isPartOf":{"@id":"https:\/\/diarioellabrador.cl\/#website"},"primaryImageOfPage":{"@id":"https:\/\/diarioellabrador.cl\/index.php\/2026\/03\/09\/ladron-que-fue-sorprendido-robando-al-interior-de-una-parcela-debera-cumplir-34-horas-de-servicios-a-la-comunidad\/#primaryimage"},"image":{"@id":"https:\/\/diarioellabrador.cl\/index.php\/2026\/03\/09\/ladron-que-fue-sorprendido-robando-al-interior-de-una-parcela-debera-cumplir-34-horas-de-servicios-a-la-comunidad\/#primaryimage"},"thumbnailUrl":"https:\/\/diarioellabrador.cl\/wp-content\/uploads\/2026\/03\/Ladron-que-fue-sorprendido-robando-al-interior-de-una-parcela-debera-cumplir-34-horas-de-servicios-a-la-comunidad.jpg","datePublished":"2026-03-09T21:50:58+00:00","dateModified":"2026-03-09T21:51:00+00:00","breadcrumb":{"@id":"https:\/\/diarioellabrador.cl\/index.php\/2026\/03\/09\/ladron-que-fue-sorprendido-robando-al-interior-de-una-parcela-debera-cumplir-34-horas-de-servicios-a-la-comunidad\/#breadcrumb"},"inLanguage":"es","potentialAction":[{"@type":"ReadAction","target":["https:\/\/diarioellabrador.cl\/index.php\/2026\/03\/09\/ladron-que-fue-sorprendido-robando-al-interior-de-una-parcela-debera-cumplir-34-horas-de-servicios-a-la-comunidad\/"]}]},{"@type":"ImageObject","inLanguage":"es","@id":"https:\/\/diarioellabrador.cl\/index.php\/2026\/03\/09\/ladron-que-fue-sorprendido-robando-al-interior-de-una-parcela-debera-cumplir-34-horas-de-servicios-a-la-comunidad\/#primaryimage","url":"https:\/\/diarioellabrador.cl\/wp-content\/uploads\/2026\/03\/Ladron-que-fue-sorprendido-robando-al-interior-de-una-parcela-debera-cumplir-34-horas-de-servicios-a-la-comunidad.jpg","contentUrl":"https:\/\/diarioellabrador.cl\/wp-content\/uploads\/2026\/03\/Ladron-que-fue-sorprendido-robando-al-interior-de-una-parcela-debera-cumplir-34-horas-de-servicios-a-la-comunidad.jpg","width":1199,"height":800},{"@type":"BreadcrumbList","@id":"https:\/\/diarioellabrador.cl\/index.php\/2026\/03\/09\/ladron-que-fue-sorprendido-robando-al-interior-de-una-parcela-debera-cumplir-34-horas-de-servicios-a-la-comunidad\/#breadcrumb","itemListElement":[{"@type":"ListItem","position":1,"name":"Portada","item":"https:\/\/diarioellabrador.cl\/"},{"@type":"ListItem","position":2,"name":"Ladr\u00f3n que fue sorprendido robando al interior de una parcela deber\u00e1 cumplir 34 horas de servicios a la comunidad"}]},{"@type":"WebSite","@id":"https:\/\/diarioellabrador.cl\/#website","url":"https:\/\/diarioellabrador.cl\/","name":"Diario El Labrador","description":"Haciendo noticia desde 1921","publisher":{"@id":"https:\/\/diarioellabrador.cl\/#organization"},"potentialAction":[{"@type":"SearchAction","target":{"@type":"EntryPoint","urlTemplate":"https:\/\/diarioellabrador.cl\/?s={search_term_string}"},"query-input":{"@type":"PropertyValueSpecification","valueRequired":true,"valueName":"search_term_string"}}],"inLanguage":"es"},{"@type":"Organization","@id":"https:\/\/diarioellabrador.cl\/#organization","name":"Diario El Labrador","url":"https:\/\/diarioellabrador.cl\/","logo":{"@type":"ImageObject","inLanguage":"es","@id":"https:\/\/diarioellabrador.cl\/#\/schema\/logo\/image\/","url":"https:\/\/diarioellabrador.cl\/wp-content\/uploads\/2025\/02\/cropped-Logo-Icono.png","contentUrl":"https:\/\/diarioellabrador.cl\/wp-content\/uploads\/2025\/02\/cropped-Logo-Icono.png","width":512,"height":512,"caption":"Diario El Labrador"},"image":{"@id":"https:\/\/diarioellabrador.cl\/#\/schema\/logo\/image\/"},"sameAs":["https:\/\/web.facebook.com\/profile.php?id=61576120840621","https:\/\/x.com\/ElLabradorOf","https:\/\/www.instagram.com\/diarioellabradoroficial\/"]},{"@type":"Person","@id":"https:\/\/diarioellabrador.cl\/#\/schema\/person\/bc25ff80b4563f9c7f4bd7855df01685","name":"Editor","image":{"@type":"ImageObject","inLanguage":"es","@id":"https:\/\/secure.gravatar.com\/avatar\/109c326cf2be5c04f048c2c2a2b8b6ef44bf3d8d1d3d4c55d0ac40c4bc994684?s=96&d=mm&r=g","url":"https:\/\/secure.gravatar.com\/avatar\/109c326cf2be5c04f048c2c2a2b8b6ef44bf3d8d1d3d4c55d0ac40c4bc994684?s=96&d=mm&r=g","contentUrl":"https:\/\/secure.gravatar.com\/avatar\/109c326cf2be5c04f048c2c2a2b8b6ef44bf3d8d1d3d4c55d0ac40c4bc994684?s=96&d=mm&r=g","caption":"Editor"},"url":"https:\/\/diarioellabrador.cl\/index.php\/author\/editor\/"}]}},"_links":{"self":[{"href":"https:\/\/diarioellabrador.cl\/index.php\/wp-json\/wp\/v2\/posts\/16318","targetHints":{"allow":["GET"]}}],"collection":[{"href":"https:\/\/diarioellabrador.cl\/index.php\/wp-json\/wp\/v2\/posts"}],"about":[{"href":"https:\/\/diarioellabrador.cl\/index.php\/wp-json\/wp\/v2\/types\/post"}],"author":[{"embeddable":true,"href":"https:\/\/diarioellabrador.cl\/index.php\/wp-json\/wp\/v2\/users\/2"}],"replies":[{"embeddable":true,"href":"https:\/\/diarioellabrador.cl\/index.php\/wp-json\/wp\/v2\/comments?post=16318"}],"version-history":[{"count":1,"href":"https:\/\/diarioellabrador.cl\/index.php\/wp-json\/wp\/v2\/posts\/16318\/revisions"}],"predecessor-version":[{"id":16319,"href":"https:\/\/diarioellabrador.cl\/index.php\/wp-json\/wp\/v2\/posts\/16318\/revisions\/16319"}],"wp:featuredmedia":[{"embeddable":true,"href":"https:\/\/diarioellabrador.cl\/index.php\/wp-json\/wp\/v2\/media\/16278"}],"wp:attachment":[{"href":"https:\/\/diarioellabrador.cl\/index.php\/wp-json\/wp\/v2\/media?parent=16318"}],"wp:term":[{"taxonomy":"category","embeddable":true,"href":"https:\/\/diarioellabrador.cl\/index.php\/wp-json\/wp\/v2\/categories?post=16318"},{"taxonomy":"post_tag","embeddable":true,"href":"https:\/\/diarioellabrador.cl\/index.php\/wp-json\/wp\/v2\/tags?post=16318"}],"curies":[{"name":"wp","href":"https:\/\/api.w.org\/{rel}","templated":true}]}}