{"id":16314,"date":"2026-03-09T17:50:04","date_gmt":"2026-03-09T21:50:04","guid":{"rendered":"https:\/\/diarioellabrador.cl\/?p=16314"},"modified":"2026-03-09T17:50:05","modified_gmt":"2026-03-09T21:50:05","slug":"entregan-sentencia-para-microtraficante-que-fue-detenido-en-la-calle-ana-fuentes","status":"publish","type":"post","link":"https:\/\/diarioellabrador.cl\/index.php\/2026\/03\/09\/entregan-sentencia-para-microtraficante-que-fue-detenido-en-la-calle-ana-fuentes\/","title":{"rendered":"Entregan sentencia para microtraficante que fue detenido en la calle Ana Fuentes"},"content":{"rendered":"\n<p>En el Tribunal de Garant\u00eda de Melipilla se realiz\u00f3 la audiencia en contra de sujeto que dedicaba a la venta de drogas.<\/p>\n\n\n\n<p>La Fiscal\u00eda detall\u00f3 que el d\u00eda 17 de septiembre del a\u00f1o 2025, siendo las 16:30 horas aproximadamente, personal policial de Carabineros, observa la venta de drogas desde el exterior del inmueble ubicado en calle Ana Fuentes en la comuna de Melipilla, por parte del imputado Juan O.C. y luego al ingresar a dicho domicilio encontraron 33 envoltorios con clorhidrato de coca\u00edna, 2 envoltorios con coca\u00edna, 12 envoltorios de papel cuadriculado con marihuana, 1084 papeles cuadriculados contenedores de pasta base de coca\u00edna, adem\u00e1s se incauta en el lugar la suma de $573.500 en dinero en efectivo, dinero proveniente de la venta de drogas.<\/p>\n\n\n\n<p>El magistrado dictamin\u00f3 que se condena a Juan O.C. como autor del delito de tr\u00e1fico il\u00edcito de drogas, en grado de desarrollo consumado, a sufrir la pena de tres a\u00f1os y un d\u00eda de presidio menor en su grado m\u00e1ximo.<\/p>\n\n\n\n<p>Que, reuni\u00e9ndose los requisitos de la Ley, se le otorga la pena sustitutiva de libertad vigilada intensiva, quedando sujeto al control del CRS Santiago Occidente. Asimismo, se fija como condici\u00f3n especial realizar actividades laborales licitas. Debiendo presentarse el d\u00eda 24 de marzo de 2026.<\/p>\n","protected":false},"excerpt":{"rendered":"<p>En el Tribunal de Garant\u00eda de Melipilla se realiz\u00f3 la audiencia en contra de sujeto que dedicaba a la venta de drogas. La Fiscal\u00eda detall\u00f3 que el d\u00eda 17 de septiembre del a\u00f1o 2025, siendo las 16:30 horas aproximadamente, personal policial de Carabineros, observa la venta de drogas desde el exterior del inmueble ubicado en<\/p>\n<div class=\"read-more-wrapper\"><a class=\"read-more\" href=\"https:\/\/diarioellabrador.cl\/index.php\/2026\/03\/09\/entregan-sentencia-para-microtraficante-que-fue-detenido-en-la-calle-ana-fuentes\/\" title=\"Leer m\u00e1s\"> <span class=\"button \">Leer m\u00e1s<\/span><\/a><\/div>\n","protected":false},"author":2,"featured_media":16277,"comment_status":"open","ping_status":"open","sticky":false,"template":"","format":"standard","meta":{"footnotes":""},"categories":[3],"tags":[],"class_list":["post-16314","post","type-post","status-publish","format-standard","has-post-thumbnail","hentry","category-policial"],"yoast_head":"<!-- This site is optimized with the Yoast SEO plugin v27.5 - https:\/\/yoast.com\/product\/yoast-seo-wordpress\/ -->\n<title>Entregan sentencia para microtraficante que fue detenido en la calle Ana Fuentes - Diario El Labrador<\/title>\n<meta name=\"robots\" content=\"index, follow, max-snippet:-1, max-image-preview:large, max-video-preview:-1\" \/>\n<link rel=\"canonical\" href=\"https:\/\/diarioellabrador.cl\/index.php\/2026\/03\/09\/entregan-sentencia-para-microtraficante-que-fue-detenido-en-la-calle-ana-fuentes\/\" \/>\n<meta property=\"og:locale\" content=\"es_ES\" \/>\n<meta property=\"og:type\" content=\"article\" \/>\n<meta property=\"og:title\" content=\"Entregan sentencia para microtraficante que fue detenido en la calle Ana Fuentes - Diario El Labrador\" \/>\n<meta property=\"og:description\" content=\"En el Tribunal de Garant\u00eda de Melipilla se realiz\u00f3 la audiencia en contra de sujeto que dedicaba a la venta de drogas. La Fiscal\u00eda detall\u00f3 que el d\u00eda 17 de septiembre del a\u00f1o 2025, siendo las 16:30 horas aproximadamente, personal policial de Carabineros, observa la venta de drogas desde el exterior del inmueble ubicado en Leer m\u00e1s\" \/>\n<meta property=\"og:url\" content=\"https:\/\/diarioellabrador.cl\/index.php\/2026\/03\/09\/entregan-sentencia-para-microtraficante-que-fue-detenido-en-la-calle-ana-fuentes\/\" \/>\n<meta property=\"og:site_name\" content=\"Diario El Labrador\" \/>\n<meta property=\"article:publisher\" content=\"https:\/\/web.facebook.com\/profile.php?id=61576120840621\" \/>\n<meta property=\"article:published_time\" content=\"2026-03-09T21:50:04+00:00\" \/>\n<meta property=\"article:modified_time\" content=\"2026-03-09T21:50:05+00:00\" \/>\n<meta property=\"og:image\" content=\"https:\/\/diarioellabrador.cl\/wp-content\/uploads\/2026\/03\/Entregan-sentencia-para-microtraficante-que-fue-detenido-en-la-calle-Ana-Fuentes1.jpg\" \/>\n\t<meta property=\"og:image:width\" content=\"694\" \/>\n\t<meta property=\"og:image:height\" content=\"633\" \/>\n\t<meta property=\"og:image:type\" content=\"image\/jpeg\" \/>\n<meta name=\"author\" content=\"Editor\" \/>\n<meta name=\"twitter:card\" content=\"summary_large_image\" \/>\n<meta name=\"twitter:creator\" content=\"@ElLabradorOf\" \/>\n<meta name=\"twitter:site\" content=\"@ElLabradorOf\" \/>\n<meta name=\"twitter:label1\" content=\"Escrito por\" \/>\n\t<meta name=\"twitter:data1\" content=\"Editor\" \/>\n\t<meta name=\"twitter:label2\" content=\"Tiempo de lectura\" \/>\n\t<meta name=\"twitter:data2\" content=\"2 minutos\" \/>\n<script type=\"application\/ld+json\" class=\"yoast-schema-graph\">{\"@context\":\"https:\\\/\\\/schema.org\",\"@graph\":[{\"@type\":\"Article\",\"@id\":\"https:\\\/\\\/diarioellabrador.cl\\\/index.php\\\/2026\\\/03\\\/09\\\/entregan-sentencia-para-microtraficante-que-fue-detenido-en-la-calle-ana-fuentes\\\/#article\",\"isPartOf\":{\"@id\":\"https:\\\/\\\/diarioellabrador.cl\\\/index.php\\\/2026\\\/03\\\/09\\\/entregan-sentencia-para-microtraficante-que-fue-detenido-en-la-calle-ana-fuentes\\\/\"},\"author\":{\"name\":\"Editor\",\"@id\":\"https:\\\/\\\/diarioellabrador.cl\\\/#\\\/schema\\\/person\\\/bc25ff80b4563f9c7f4bd7855df01685\"},\"headline\":\"Entregan sentencia para microtraficante que fue detenido en la calle Ana Fuentes\",\"datePublished\":\"2026-03-09T21:50:04+00:00\",\"dateModified\":\"2026-03-09T21:50:05+00:00\",\"mainEntityOfPage\":{\"@id\":\"https:\\\/\\\/diarioellabrador.cl\\\/index.php\\\/2026\\\/03\\\/09\\\/entregan-sentencia-para-microtraficante-que-fue-detenido-en-la-calle-ana-fuentes\\\/\"},\"wordCount\":228,\"commentCount\":0,\"publisher\":{\"@id\":\"https:\\\/\\\/diarioellabrador.cl\\\/#organization\"},\"image\":{\"@id\":\"https:\\\/\\\/diarioellabrador.cl\\\/index.php\\\/2026\\\/03\\\/09\\\/entregan-sentencia-para-microtraficante-que-fue-detenido-en-la-calle-ana-fuentes\\\/#primaryimage\"},\"thumbnailUrl\":\"https:\\\/\\\/diarioellabrador.cl\\\/wp-content\\\/uploads\\\/2026\\\/03\\\/Entregan-sentencia-para-microtraficante-que-fue-detenido-en-la-calle-Ana-Fuentes1.jpg\",\"articleSection\":[\"Policial\"],\"inLanguage\":\"es\",\"potentialAction\":[{\"@type\":\"CommentAction\",\"name\":\"Comment\",\"target\":[\"https:\\\/\\\/diarioellabrador.cl\\\/index.php\\\/2026\\\/03\\\/09\\\/entregan-sentencia-para-microtraficante-que-fue-detenido-en-la-calle-ana-fuentes\\\/#respond\"]}]},{\"@type\":\"WebPage\",\"@id\":\"https:\\\/\\\/diarioellabrador.cl\\\/index.php\\\/2026\\\/03\\\/09\\\/entregan-sentencia-para-microtraficante-que-fue-detenido-en-la-calle-ana-fuentes\\\/\",\"url\":\"https:\\\/\\\/diarioellabrador.cl\\\/index.php\\\/2026\\\/03\\\/09\\\/entregan-sentencia-para-microtraficante-que-fue-detenido-en-la-calle-ana-fuentes\\\/\",\"name\":\"Entregan sentencia para microtraficante que fue detenido en la calle Ana Fuentes - Diario El Labrador\",\"isPartOf\":{\"@id\":\"https:\\\/\\\/diarioellabrador.cl\\\/#website\"},\"primaryImageOfPage\":{\"@id\":\"https:\\\/\\\/diarioellabrador.cl\\\/index.php\\\/2026\\\/03\\\/09\\\/entregan-sentencia-para-microtraficante-que-fue-detenido-en-la-calle-ana-fuentes\\\/#primaryimage\"},\"image\":{\"@id\":\"https:\\\/\\\/diarioellabrador.cl\\\/index.php\\\/2026\\\/03\\\/09\\\/entregan-sentencia-para-microtraficante-que-fue-detenido-en-la-calle-ana-fuentes\\\/#primaryimage\"},\"thumbnailUrl\":\"https:\\\/\\\/diarioellabrador.cl\\\/wp-content\\\/uploads\\\/2026\\\/03\\\/Entregan-sentencia-para-microtraficante-que-fue-detenido-en-la-calle-Ana-Fuentes1.jpg\",\"datePublished\":\"2026-03-09T21:50:04+00:00\",\"dateModified\":\"2026-03-09T21:50:05+00:00\",\"breadcrumb\":{\"@id\":\"https:\\\/\\\/diarioellabrador.cl\\\/index.php\\\/2026\\\/03\\\/09\\\/entregan-sentencia-para-microtraficante-que-fue-detenido-en-la-calle-ana-fuentes\\\/#breadcrumb\"},\"inLanguage\":\"es\",\"potentialAction\":[{\"@type\":\"ReadAction\",\"target\":[\"https:\\\/\\\/diarioellabrador.cl\\\/index.php\\\/2026\\\/03\\\/09\\\/entregan-sentencia-para-microtraficante-que-fue-detenido-en-la-calle-ana-fuentes\\\/\"]}]},{\"@type\":\"ImageObject\",\"inLanguage\":\"es\",\"@id\":\"https:\\\/\\\/diarioellabrador.cl\\\/index.php\\\/2026\\\/03\\\/09\\\/entregan-sentencia-para-microtraficante-que-fue-detenido-en-la-calle-ana-fuentes\\\/#primaryimage\",\"url\":\"https:\\\/\\\/diarioellabrador.cl\\\/wp-content\\\/uploads\\\/2026\\\/03\\\/Entregan-sentencia-para-microtraficante-que-fue-detenido-en-la-calle-Ana-Fuentes1.jpg\",\"contentUrl\":\"https:\\\/\\\/diarioellabrador.cl\\\/wp-content\\\/uploads\\\/2026\\\/03\\\/Entregan-sentencia-para-microtraficante-que-fue-detenido-en-la-calle-Ana-Fuentes1.jpg\",\"width\":694,\"height\":633},{\"@type\":\"BreadcrumbList\",\"@id\":\"https:\\\/\\\/diarioellabrador.cl\\\/index.php\\\/2026\\\/03\\\/09\\\/entregan-sentencia-para-microtraficante-que-fue-detenido-en-la-calle-ana-fuentes\\\/#breadcrumb\",\"itemListElement\":[{\"@type\":\"ListItem\",\"position\":1,\"name\":\"Portada\",\"item\":\"https:\\\/\\\/diarioellabrador.cl\\\/\"},{\"@type\":\"ListItem\",\"position\":2,\"name\":\"Entregan sentencia para microtraficante que fue detenido en la calle Ana Fuentes\"}]},{\"@type\":\"WebSite\",\"@id\":\"https:\\\/\\\/diarioellabrador.cl\\\/#website\",\"url\":\"https:\\\/\\\/diarioellabrador.cl\\\/\",\"name\":\"Diario El Labrador\",\"description\":\"Haciendo noticia desde 1921\",\"publisher\":{\"@id\":\"https:\\\/\\\/diarioellabrador.cl\\\/#organization\"},\"potentialAction\":[{\"@type\":\"SearchAction\",\"target\":{\"@type\":\"EntryPoint\",\"urlTemplate\":\"https:\\\/\\\/diarioellabrador.cl\\\/?s={search_term_string}\"},\"query-input\":{\"@type\":\"PropertyValueSpecification\",\"valueRequired\":true,\"valueName\":\"search_term_string\"}}],\"inLanguage\":\"es\"},{\"@type\":\"Organization\",\"@id\":\"https:\\\/\\\/diarioellabrador.cl\\\/#organization\",\"name\":\"Diario El Labrador\",\"url\":\"https:\\\/\\\/diarioellabrador.cl\\\/\",\"logo\":{\"@type\":\"ImageObject\",\"inLanguage\":\"es\",\"@id\":\"https:\\\/\\\/diarioellabrador.cl\\\/#\\\/schema\\\/logo\\\/image\\\/\",\"url\":\"https:\\\/\\\/diarioellabrador.cl\\\/wp-content\\\/uploads\\\/2025\\\/02\\\/cropped-Logo-Icono.png\",\"contentUrl\":\"https:\\\/\\\/diarioellabrador.cl\\\/wp-content\\\/uploads\\\/2025\\\/02\\\/cropped-Logo-Icono.png\",\"width\":512,\"height\":512,\"caption\":\"Diario El Labrador\"},\"image\":{\"@id\":\"https:\\\/\\\/diarioellabrador.cl\\\/#\\\/schema\\\/logo\\\/image\\\/\"},\"sameAs\":[\"https:\\\/\\\/web.facebook.com\\\/profile.php?id=61576120840621\",\"https:\\\/\\\/x.com\\\/ElLabradorOf\",\"https:\\\/\\\/www.instagram.com\\\/diarioellabradoroficial\\\/\"]},{\"@type\":\"Person\",\"@id\":\"https:\\\/\\\/diarioellabrador.cl\\\/#\\\/schema\\\/person\\\/bc25ff80b4563f9c7f4bd7855df01685\",\"name\":\"Editor\",\"image\":{\"@type\":\"ImageObject\",\"inLanguage\":\"es\",\"@id\":\"https:\\\/\\\/secure.gravatar.com\\\/avatar\\\/109c326cf2be5c04f048c2c2a2b8b6ef44bf3d8d1d3d4c55d0ac40c4bc994684?s=96&d=mm&r=g\",\"url\":\"https:\\\/\\\/secure.gravatar.com\\\/avatar\\\/109c326cf2be5c04f048c2c2a2b8b6ef44bf3d8d1d3d4c55d0ac40c4bc994684?s=96&d=mm&r=g\",\"contentUrl\":\"https:\\\/\\\/secure.gravatar.com\\\/avatar\\\/109c326cf2be5c04f048c2c2a2b8b6ef44bf3d8d1d3d4c55d0ac40c4bc994684?s=96&d=mm&r=g\",\"caption\":\"Editor\"},\"url\":\"https:\\\/\\\/diarioellabrador.cl\\\/index.php\\\/author\\\/editor\\\/\"}]}<\/script>\n<!-- \/ Yoast SEO plugin. -->","yoast_head_json":{"title":"Entregan sentencia para microtraficante que fue detenido en la calle Ana Fuentes - Diario El Labrador","robots":{"index":"index","follow":"follow","max-snippet":"max-snippet:-1","max-image-preview":"max-image-preview:large","max-video-preview":"max-video-preview:-1"},"canonical":"https:\/\/diarioellabrador.cl\/index.php\/2026\/03\/09\/entregan-sentencia-para-microtraficante-que-fue-detenido-en-la-calle-ana-fuentes\/","og_locale":"es_ES","og_type":"article","og_title":"Entregan sentencia para microtraficante que fue detenido en la calle Ana Fuentes - Diario El Labrador","og_description":"En el Tribunal de Garant\u00eda de Melipilla se realiz\u00f3 la audiencia en contra de sujeto que dedicaba a la venta de drogas. La Fiscal\u00eda detall\u00f3 que el d\u00eda 17 de septiembre del a\u00f1o 2025, siendo las 16:30 horas aproximadamente, personal policial de Carabineros, observa la venta de drogas desde el exterior del inmueble ubicado en Leer m\u00e1s","og_url":"https:\/\/diarioellabrador.cl\/index.php\/2026\/03\/09\/entregan-sentencia-para-microtraficante-que-fue-detenido-en-la-calle-ana-fuentes\/","og_site_name":"Diario El Labrador","article_publisher":"https:\/\/web.facebook.com\/profile.php?id=61576120840621","article_published_time":"2026-03-09T21:50:04+00:00","article_modified_time":"2026-03-09T21:50:05+00:00","og_image":[{"width":694,"height":633,"url":"https:\/\/diarioellabrador.cl\/wp-content\/uploads\/2026\/03\/Entregan-sentencia-para-microtraficante-que-fue-detenido-en-la-calle-Ana-Fuentes1.jpg","type":"image\/jpeg"}],"author":"Editor","twitter_card":"summary_large_image","twitter_creator":"@ElLabradorOf","twitter_site":"@ElLabradorOf","twitter_misc":{"Escrito por":"Editor","Tiempo de lectura":"2 minutos"},"schema":{"@context":"https:\/\/schema.org","@graph":[{"@type":"Article","@id":"https:\/\/diarioellabrador.cl\/index.php\/2026\/03\/09\/entregan-sentencia-para-microtraficante-que-fue-detenido-en-la-calle-ana-fuentes\/#article","isPartOf":{"@id":"https:\/\/diarioellabrador.cl\/index.php\/2026\/03\/09\/entregan-sentencia-para-microtraficante-que-fue-detenido-en-la-calle-ana-fuentes\/"},"author":{"name":"Editor","@id":"https:\/\/diarioellabrador.cl\/#\/schema\/person\/bc25ff80b4563f9c7f4bd7855df01685"},"headline":"Entregan sentencia para microtraficante que fue detenido en la calle Ana Fuentes","datePublished":"2026-03-09T21:50:04+00:00","dateModified":"2026-03-09T21:50:05+00:00","mainEntityOfPage":{"@id":"https:\/\/diarioellabrador.cl\/index.php\/2026\/03\/09\/entregan-sentencia-para-microtraficante-que-fue-detenido-en-la-calle-ana-fuentes\/"},"wordCount":228,"commentCount":0,"publisher":{"@id":"https:\/\/diarioellabrador.cl\/#organization"},"image":{"@id":"https:\/\/diarioellabrador.cl\/index.php\/2026\/03\/09\/entregan-sentencia-para-microtraficante-que-fue-detenido-en-la-calle-ana-fuentes\/#primaryimage"},"thumbnailUrl":"https:\/\/diarioellabrador.cl\/wp-content\/uploads\/2026\/03\/Entregan-sentencia-para-microtraficante-que-fue-detenido-en-la-calle-Ana-Fuentes1.jpg","articleSection":["Policial"],"inLanguage":"es","potentialAction":[{"@type":"CommentAction","name":"Comment","target":["https:\/\/diarioellabrador.cl\/index.php\/2026\/03\/09\/entregan-sentencia-para-microtraficante-que-fue-detenido-en-la-calle-ana-fuentes\/#respond"]}]},{"@type":"WebPage","@id":"https:\/\/diarioellabrador.cl\/index.php\/2026\/03\/09\/entregan-sentencia-para-microtraficante-que-fue-detenido-en-la-calle-ana-fuentes\/","url":"https:\/\/diarioellabrador.cl\/index.php\/2026\/03\/09\/entregan-sentencia-para-microtraficante-que-fue-detenido-en-la-calle-ana-fuentes\/","name":"Entregan sentencia para microtraficante que fue detenido en la calle Ana Fuentes - Diario El Labrador","isPartOf":{"@id":"https:\/\/diarioellabrador.cl\/#website"},"primaryImageOfPage":{"@id":"https:\/\/diarioellabrador.cl\/index.php\/2026\/03\/09\/entregan-sentencia-para-microtraficante-que-fue-detenido-en-la-calle-ana-fuentes\/#primaryimage"},"image":{"@id":"https:\/\/diarioellabrador.cl\/index.php\/2026\/03\/09\/entregan-sentencia-para-microtraficante-que-fue-detenido-en-la-calle-ana-fuentes\/#primaryimage"},"thumbnailUrl":"https:\/\/diarioellabrador.cl\/wp-content\/uploads\/2026\/03\/Entregan-sentencia-para-microtraficante-que-fue-detenido-en-la-calle-Ana-Fuentes1.jpg","datePublished":"2026-03-09T21:50:04+00:00","dateModified":"2026-03-09T21:50:05+00:00","breadcrumb":{"@id":"https:\/\/diarioellabrador.cl\/index.php\/2026\/03\/09\/entregan-sentencia-para-microtraficante-que-fue-detenido-en-la-calle-ana-fuentes\/#breadcrumb"},"inLanguage":"es","potentialAction":[{"@type":"ReadAction","target":["https:\/\/diarioellabrador.cl\/index.php\/2026\/03\/09\/entregan-sentencia-para-microtraficante-que-fue-detenido-en-la-calle-ana-fuentes\/"]}]},{"@type":"ImageObject","inLanguage":"es","@id":"https:\/\/diarioellabrador.cl\/index.php\/2026\/03\/09\/entregan-sentencia-para-microtraficante-que-fue-detenido-en-la-calle-ana-fuentes\/#primaryimage","url":"https:\/\/diarioellabrador.cl\/wp-content\/uploads\/2026\/03\/Entregan-sentencia-para-microtraficante-que-fue-detenido-en-la-calle-Ana-Fuentes1.jpg","contentUrl":"https:\/\/diarioellabrador.cl\/wp-content\/uploads\/2026\/03\/Entregan-sentencia-para-microtraficante-que-fue-detenido-en-la-calle-Ana-Fuentes1.jpg","width":694,"height":633},{"@type":"BreadcrumbList","@id":"https:\/\/diarioellabrador.cl\/index.php\/2026\/03\/09\/entregan-sentencia-para-microtraficante-que-fue-detenido-en-la-calle-ana-fuentes\/#breadcrumb","itemListElement":[{"@type":"ListItem","position":1,"name":"Portada","item":"https:\/\/diarioellabrador.cl\/"},{"@type":"ListItem","position":2,"name":"Entregan sentencia para microtraficante que fue detenido en la calle Ana Fuentes"}]},{"@type":"WebSite","@id":"https:\/\/diarioellabrador.cl\/#website","url":"https:\/\/diarioellabrador.cl\/","name":"Diario El Labrador","description":"Haciendo noticia desde 1921","publisher":{"@id":"https:\/\/diarioellabrador.cl\/#organization"},"potentialAction":[{"@type":"SearchAction","target":{"@type":"EntryPoint","urlTemplate":"https:\/\/diarioellabrador.cl\/?s={search_term_string}"},"query-input":{"@type":"PropertyValueSpecification","valueRequired":true,"valueName":"search_term_string"}}],"inLanguage":"es"},{"@type":"Organization","@id":"https:\/\/diarioellabrador.cl\/#organization","name":"Diario El Labrador","url":"https:\/\/diarioellabrador.cl\/","logo":{"@type":"ImageObject","inLanguage":"es","@id":"https:\/\/diarioellabrador.cl\/#\/schema\/logo\/image\/","url":"https:\/\/diarioellabrador.cl\/wp-content\/uploads\/2025\/02\/cropped-Logo-Icono.png","contentUrl":"https:\/\/diarioellabrador.cl\/wp-content\/uploads\/2025\/02\/cropped-Logo-Icono.png","width":512,"height":512,"caption":"Diario El Labrador"},"image":{"@id":"https:\/\/diarioellabrador.cl\/#\/schema\/logo\/image\/"},"sameAs":["https:\/\/web.facebook.com\/profile.php?id=61576120840621","https:\/\/x.com\/ElLabradorOf","https:\/\/www.instagram.com\/diarioellabradoroficial\/"]},{"@type":"Person","@id":"https:\/\/diarioellabrador.cl\/#\/schema\/person\/bc25ff80b4563f9c7f4bd7855df01685","name":"Editor","image":{"@type":"ImageObject","inLanguage":"es","@id":"https:\/\/secure.gravatar.com\/avatar\/109c326cf2be5c04f048c2c2a2b8b6ef44bf3d8d1d3d4c55d0ac40c4bc994684?s=96&d=mm&r=g","url":"https:\/\/secure.gravatar.com\/avatar\/109c326cf2be5c04f048c2c2a2b8b6ef44bf3d8d1d3d4c55d0ac40c4bc994684?s=96&d=mm&r=g","contentUrl":"https:\/\/secure.gravatar.com\/avatar\/109c326cf2be5c04f048c2c2a2b8b6ef44bf3d8d1d3d4c55d0ac40c4bc994684?s=96&d=mm&r=g","caption":"Editor"},"url":"https:\/\/diarioellabrador.cl\/index.php\/author\/editor\/"}]}},"_links":{"self":[{"href":"https:\/\/diarioellabrador.cl\/index.php\/wp-json\/wp\/v2\/posts\/16314","targetHints":{"allow":["GET"]}}],"collection":[{"href":"https:\/\/diarioellabrador.cl\/index.php\/wp-json\/wp\/v2\/posts"}],"about":[{"href":"https:\/\/diarioellabrador.cl\/index.php\/wp-json\/wp\/v2\/types\/post"}],"author":[{"embeddable":true,"href":"https:\/\/diarioellabrador.cl\/index.php\/wp-json\/wp\/v2\/users\/2"}],"replies":[{"embeddable":true,"href":"https:\/\/diarioellabrador.cl\/index.php\/wp-json\/wp\/v2\/comments?post=16314"}],"version-history":[{"count":1,"href":"https:\/\/diarioellabrador.cl\/index.php\/wp-json\/wp\/v2\/posts\/16314\/revisions"}],"predecessor-version":[{"id":16315,"href":"https:\/\/diarioellabrador.cl\/index.php\/wp-json\/wp\/v2\/posts\/16314\/revisions\/16315"}],"wp:featuredmedia":[{"embeddable":true,"href":"https:\/\/diarioellabrador.cl\/index.php\/wp-json\/wp\/v2\/media\/16277"}],"wp:attachment":[{"href":"https:\/\/diarioellabrador.cl\/index.php\/wp-json\/wp\/v2\/media?parent=16314"}],"wp:term":[{"taxonomy":"category","embeddable":true,"href":"https:\/\/diarioellabrador.cl\/index.php\/wp-json\/wp\/v2\/categories?post=16314"},{"taxonomy":"post_tag","embeddable":true,"href":"https:\/\/diarioellabrador.cl\/index.php\/wp-json\/wp\/v2\/tags?post=16314"}],"curies":[{"name":"wp","href":"https:\/\/api.w.org\/{rel}","templated":true}]}}