{"id":16312,"date":"2026-03-09T17:49:28","date_gmt":"2026-03-09T21:49:28","guid":{"rendered":"https:\/\/diarioellabrador.cl\/?p=16312"},"modified":"2026-03-09T17:49:30","modified_gmt":"2026-03-09T21:49:30","slug":"buscan-dar-con-el-paradero-de-sujetos-que-golpearon-y-mataron-de-un-disparo-en-la-cabeza-a-un-hombre-en-el-sector-poniente-de-melipilla","status":"publish","type":"post","link":"https:\/\/diarioellabrador.cl\/index.php\/2026\/03\/09\/buscan-dar-con-el-paradero-de-sujetos-que-golpearon-y-mataron-de-un-disparo-en-la-cabeza-a-un-hombre-en-el-sector-poniente-de-melipilla\/","title":{"rendered":"Buscan dar con el paradero de sujetos que golpearon y mataron de un disparo en la cabeza a un hombre en el sector poniente de Melipilla"},"content":{"rendered":"\n<p>La Fiscal\u00eda ECOH est\u00e1 investigando un homicidio que ocurri\u00f3 durante la noche del domingo en la comuna de Melipilla, luego de sufrir una golpiza por parte de 4 personas. La V\u00edctima habr\u00eda denunciado un ataque el a\u00f1o pasado.<\/p>\n\n\n\n<p>Alrededor de las 20 horas, un hombre identificado como Osvaldo Mu\u00f1oz Y\u00e1\u00f1ez fue interceptado por al menos cuatro personas en la poblaci\u00f3n Padre Benjam\u00edn Ulloa. Este grupo comenz\u00f3 a golpearlo brutalmente.<\/p>\n\n\n\n<p>Los agresores una vez que la v\u00edctima estaba en el suelo procedieron a efectuar al menos 4 disparos, dos de los cuales impactaron directamente en el cuerpo del hombre agredido, uno en la zona del gl\u00fateo y otro en el cr\u00e1neo, posteriormente los antisociales salieron huyendo abandonado.<\/p>\n\n\n\n<p>Luego fue trasladado al consultorio Elgueta y luego fue derivado al servicio de urgencia del Hospital San Jos\u00e9 de Melipilla. En el centro asistencial fue intervenido quir\u00fargicamente por m\u00e1s de 4 horas, pese a los esfuerzos m\u00e9dicos desplegados, la v\u00edctima falleci\u00f3 producto de la gravedad de la lesi\u00f3n.<\/p>\n\n\n\n<p>El fallecido es un ciudadano chileno de 25 a\u00f1os, quien contaba con antecedentes policiales por diversos delitos, tales como microtr\u00e1fico, porte ilegal de armas, entre otros. En ese sentido, la fiscal Camila Palma, de la Fiscal\u00eda ECOH, se\u00f1al\u00f3 que se trabaja con la Brigada de Homicidios y el Laboratorio de Criminal\u00edstica de la PDI para aclarar lo ocurrido.<\/p>\n","protected":false},"excerpt":{"rendered":"<p>La Fiscal\u00eda ECOH est\u00e1 investigando un homicidio que ocurri\u00f3 durante la noche del domingo en la comuna de Melipilla, luego de sufrir una golpiza por parte de 4 personas. La V\u00edctima habr\u00eda denunciado un ataque el a\u00f1o pasado. Alrededor de las 20 horas, un hombre identificado como Osvaldo Mu\u00f1oz Y\u00e1\u00f1ez fue interceptado por al menos<\/p>\n<div class=\"read-more-wrapper\"><a class=\"read-more\" href=\"https:\/\/diarioellabrador.cl\/index.php\/2026\/03\/09\/buscan-dar-con-el-paradero-de-sujetos-que-golpearon-y-mataron-de-un-disparo-en-la-cabeza-a-un-hombre-en-el-sector-poniente-de-melipilla\/\" title=\"Leer m\u00e1s\"> <span class=\"button \">Leer m\u00e1s<\/span><\/a><\/div>\n","protected":false},"author":2,"featured_media":16276,"comment_status":"open","ping_status":"open","sticky":false,"template":"","format":"standard","meta":{"footnotes":""},"categories":[14,3],"tags":[],"class_list":["post-16312","post","type-post","status-publish","format-standard","has-post-thumbnail","hentry","category-destacados","category-policial"],"yoast_head":"<!-- This site is optimized with the Yoast SEO plugin v27.5 - https:\/\/yoast.com\/product\/yoast-seo-wordpress\/ -->\n<title>Buscan dar con el paradero de sujetos que golpearon y mataron de un disparo en la cabeza a un hombre en el sector poniente de Melipilla - Diario El Labrador<\/title>\n<meta name=\"robots\" content=\"index, follow, max-snippet:-1, max-image-preview:large, max-video-preview:-1\" \/>\n<link rel=\"canonical\" href=\"https:\/\/diarioellabrador.cl\/index.php\/2026\/03\/09\/buscan-dar-con-el-paradero-de-sujetos-que-golpearon-y-mataron-de-un-disparo-en-la-cabeza-a-un-hombre-en-el-sector-poniente-de-melipilla\/\" \/>\n<meta property=\"og:locale\" content=\"es_ES\" \/>\n<meta property=\"og:type\" content=\"article\" \/>\n<meta property=\"og:title\" content=\"Buscan dar con el paradero de sujetos que golpearon y mataron de un disparo en la cabeza a un hombre en el sector poniente de Melipilla - Diario El Labrador\" \/>\n<meta property=\"og:description\" content=\"La Fiscal\u00eda ECOH est\u00e1 investigando un homicidio que ocurri\u00f3 durante la noche del domingo en la comuna de Melipilla, luego de sufrir una golpiza por parte de 4 personas. La V\u00edctima habr\u00eda denunciado un ataque el a\u00f1o pasado. Alrededor de las 20 horas, un hombre identificado como Osvaldo Mu\u00f1oz Y\u00e1\u00f1ez fue interceptado por al menos Leer m\u00e1s\" \/>\n<meta property=\"og:url\" content=\"https:\/\/diarioellabrador.cl\/index.php\/2026\/03\/09\/buscan-dar-con-el-paradero-de-sujetos-que-golpearon-y-mataron-de-un-disparo-en-la-cabeza-a-un-hombre-en-el-sector-poniente-de-melipilla\/\" \/>\n<meta property=\"og:site_name\" content=\"Diario El Labrador\" \/>\n<meta property=\"article:publisher\" content=\"https:\/\/web.facebook.com\/profile.php?id=61576120840621\" \/>\n<meta property=\"article:published_time\" content=\"2026-03-09T21:49:28+00:00\" \/>\n<meta property=\"article:modified_time\" content=\"2026-03-09T21:49:30+00:00\" \/>\n<meta property=\"og:image\" content=\"https:\/\/diarioellabrador.cl\/wp-content\/uploads\/2026\/03\/Buscan-dar-con-el-paradero-de-sujetos-que-golpearon-y-mataron-de-un-disparo-en-la-cabeza-a-un-hombre-en-el-sector-poniente-de-Melipilla8.jpg\" \/>\n\t<meta property=\"og:image:width\" content=\"710\" \/>\n\t<meta property=\"og:image:height\" content=\"399\" \/>\n\t<meta property=\"og:image:type\" content=\"image\/jpeg\" \/>\n<meta name=\"author\" content=\"Editor\" \/>\n<meta name=\"twitter:card\" content=\"summary_large_image\" \/>\n<meta name=\"twitter:creator\" content=\"@ElLabradorOf\" \/>\n<meta name=\"twitter:site\" content=\"@ElLabradorOf\" \/>\n<meta name=\"twitter:label1\" content=\"Escrito por\" \/>\n\t<meta name=\"twitter:data1\" content=\"Editor\" \/>\n\t<meta name=\"twitter:label2\" content=\"Tiempo de lectura\" \/>\n\t<meta name=\"twitter:data2\" content=\"2 minutos\" \/>\n<script type=\"application\/ld+json\" class=\"yoast-schema-graph\">{\"@context\":\"https:\\\/\\\/schema.org\",\"@graph\":[{\"@type\":\"Article\",\"@id\":\"https:\\\/\\\/diarioellabrador.cl\\\/index.php\\\/2026\\\/03\\\/09\\\/buscan-dar-con-el-paradero-de-sujetos-que-golpearon-y-mataron-de-un-disparo-en-la-cabeza-a-un-hombre-en-el-sector-poniente-de-melipilla\\\/#article\",\"isPartOf\":{\"@id\":\"https:\\\/\\\/diarioellabrador.cl\\\/index.php\\\/2026\\\/03\\\/09\\\/buscan-dar-con-el-paradero-de-sujetos-que-golpearon-y-mataron-de-un-disparo-en-la-cabeza-a-un-hombre-en-el-sector-poniente-de-melipilla\\\/\"},\"author\":{\"name\":\"Editor\",\"@id\":\"https:\\\/\\\/diarioellabrador.cl\\\/#\\\/schema\\\/person\\\/bc25ff80b4563f9c7f4bd7855df01685\"},\"headline\":\"Buscan dar con el paradero de sujetos que golpearon y mataron de un disparo en la cabeza a un hombre en el sector poniente de Melipilla\",\"datePublished\":\"2026-03-09T21:49:28+00:00\",\"dateModified\":\"2026-03-09T21:49:30+00:00\",\"mainEntityOfPage\":{\"@id\":\"https:\\\/\\\/diarioellabrador.cl\\\/index.php\\\/2026\\\/03\\\/09\\\/buscan-dar-con-el-paradero-de-sujetos-que-golpearon-y-mataron-de-un-disparo-en-la-cabeza-a-un-hombre-en-el-sector-poniente-de-melipilla\\\/\"},\"wordCount\":264,\"commentCount\":0,\"publisher\":{\"@id\":\"https:\\\/\\\/diarioellabrador.cl\\\/#organization\"},\"image\":{\"@id\":\"https:\\\/\\\/diarioellabrador.cl\\\/index.php\\\/2026\\\/03\\\/09\\\/buscan-dar-con-el-paradero-de-sujetos-que-golpearon-y-mataron-de-un-disparo-en-la-cabeza-a-un-hombre-en-el-sector-poniente-de-melipilla\\\/#primaryimage\"},\"thumbnailUrl\":\"https:\\\/\\\/diarioellabrador.cl\\\/wp-content\\\/uploads\\\/2026\\\/03\\\/Buscan-dar-con-el-paradero-de-sujetos-que-golpearon-y-mataron-de-un-disparo-en-la-cabeza-a-un-hombre-en-el-sector-poniente-de-Melipilla8.jpg\",\"articleSection\":[\"Destacados\",\"Policial\"],\"inLanguage\":\"es\",\"potentialAction\":[{\"@type\":\"CommentAction\",\"name\":\"Comment\",\"target\":[\"https:\\\/\\\/diarioellabrador.cl\\\/index.php\\\/2026\\\/03\\\/09\\\/buscan-dar-con-el-paradero-de-sujetos-que-golpearon-y-mataron-de-un-disparo-en-la-cabeza-a-un-hombre-en-el-sector-poniente-de-melipilla\\\/#respond\"]}]},{\"@type\":\"WebPage\",\"@id\":\"https:\\\/\\\/diarioellabrador.cl\\\/index.php\\\/2026\\\/03\\\/09\\\/buscan-dar-con-el-paradero-de-sujetos-que-golpearon-y-mataron-de-un-disparo-en-la-cabeza-a-un-hombre-en-el-sector-poniente-de-melipilla\\\/\",\"url\":\"https:\\\/\\\/diarioellabrador.cl\\\/index.php\\\/2026\\\/03\\\/09\\\/buscan-dar-con-el-paradero-de-sujetos-que-golpearon-y-mataron-de-un-disparo-en-la-cabeza-a-un-hombre-en-el-sector-poniente-de-melipilla\\\/\",\"name\":\"Buscan dar con el paradero de sujetos que golpearon y mataron de un disparo en la cabeza a un hombre en el sector poniente de Melipilla - Diario El Labrador\",\"isPartOf\":{\"@id\":\"https:\\\/\\\/diarioellabrador.cl\\\/#website\"},\"primaryImageOfPage\":{\"@id\":\"https:\\\/\\\/diarioellabrador.cl\\\/index.php\\\/2026\\\/03\\\/09\\\/buscan-dar-con-el-paradero-de-sujetos-que-golpearon-y-mataron-de-un-disparo-en-la-cabeza-a-un-hombre-en-el-sector-poniente-de-melipilla\\\/#primaryimage\"},\"image\":{\"@id\":\"https:\\\/\\\/diarioellabrador.cl\\\/index.php\\\/2026\\\/03\\\/09\\\/buscan-dar-con-el-paradero-de-sujetos-que-golpearon-y-mataron-de-un-disparo-en-la-cabeza-a-un-hombre-en-el-sector-poniente-de-melipilla\\\/#primaryimage\"},\"thumbnailUrl\":\"https:\\\/\\\/diarioellabrador.cl\\\/wp-content\\\/uploads\\\/2026\\\/03\\\/Buscan-dar-con-el-paradero-de-sujetos-que-golpearon-y-mataron-de-un-disparo-en-la-cabeza-a-un-hombre-en-el-sector-poniente-de-Melipilla8.jpg\",\"datePublished\":\"2026-03-09T21:49:28+00:00\",\"dateModified\":\"2026-03-09T21:49:30+00:00\",\"breadcrumb\":{\"@id\":\"https:\\\/\\\/diarioellabrador.cl\\\/index.php\\\/2026\\\/03\\\/09\\\/buscan-dar-con-el-paradero-de-sujetos-que-golpearon-y-mataron-de-un-disparo-en-la-cabeza-a-un-hombre-en-el-sector-poniente-de-melipilla\\\/#breadcrumb\"},\"inLanguage\":\"es\",\"potentialAction\":[{\"@type\":\"ReadAction\",\"target\":[\"https:\\\/\\\/diarioellabrador.cl\\\/index.php\\\/2026\\\/03\\\/09\\\/buscan-dar-con-el-paradero-de-sujetos-que-golpearon-y-mataron-de-un-disparo-en-la-cabeza-a-un-hombre-en-el-sector-poniente-de-melipilla\\\/\"]}]},{\"@type\":\"ImageObject\",\"inLanguage\":\"es\",\"@id\":\"https:\\\/\\\/diarioellabrador.cl\\\/index.php\\\/2026\\\/03\\\/09\\\/buscan-dar-con-el-paradero-de-sujetos-que-golpearon-y-mataron-de-un-disparo-en-la-cabeza-a-un-hombre-en-el-sector-poniente-de-melipilla\\\/#primaryimage\",\"url\":\"https:\\\/\\\/diarioellabrador.cl\\\/wp-content\\\/uploads\\\/2026\\\/03\\\/Buscan-dar-con-el-paradero-de-sujetos-que-golpearon-y-mataron-de-un-disparo-en-la-cabeza-a-un-hombre-en-el-sector-poniente-de-Melipilla8.jpg\",\"contentUrl\":\"https:\\\/\\\/diarioellabrador.cl\\\/wp-content\\\/uploads\\\/2026\\\/03\\\/Buscan-dar-con-el-paradero-de-sujetos-que-golpearon-y-mataron-de-un-disparo-en-la-cabeza-a-un-hombre-en-el-sector-poniente-de-Melipilla8.jpg\",\"width\":710,\"height\":399},{\"@type\":\"BreadcrumbList\",\"@id\":\"https:\\\/\\\/diarioellabrador.cl\\\/index.php\\\/2026\\\/03\\\/09\\\/buscan-dar-con-el-paradero-de-sujetos-que-golpearon-y-mataron-de-un-disparo-en-la-cabeza-a-un-hombre-en-el-sector-poniente-de-melipilla\\\/#breadcrumb\",\"itemListElement\":[{\"@type\":\"ListItem\",\"position\":1,\"name\":\"Portada\",\"item\":\"https:\\\/\\\/diarioellabrador.cl\\\/\"},{\"@type\":\"ListItem\",\"position\":2,\"name\":\"Buscan dar con el paradero de sujetos que golpearon y mataron de un disparo en la cabeza a un hombre en el sector poniente de Melipilla\"}]},{\"@type\":\"WebSite\",\"@id\":\"https:\\\/\\\/diarioellabrador.cl\\\/#website\",\"url\":\"https:\\\/\\\/diarioellabrador.cl\\\/\",\"name\":\"Diario El Labrador\",\"description\":\"Haciendo noticia desde 1921\",\"publisher\":{\"@id\":\"https:\\\/\\\/diarioellabrador.cl\\\/#organization\"},\"potentialAction\":[{\"@type\":\"SearchAction\",\"target\":{\"@type\":\"EntryPoint\",\"urlTemplate\":\"https:\\\/\\\/diarioellabrador.cl\\\/?s={search_term_string}\"},\"query-input\":{\"@type\":\"PropertyValueSpecification\",\"valueRequired\":true,\"valueName\":\"search_term_string\"}}],\"inLanguage\":\"es\"},{\"@type\":\"Organization\",\"@id\":\"https:\\\/\\\/diarioellabrador.cl\\\/#organization\",\"name\":\"Diario El Labrador\",\"url\":\"https:\\\/\\\/diarioellabrador.cl\\\/\",\"logo\":{\"@type\":\"ImageObject\",\"inLanguage\":\"es\",\"@id\":\"https:\\\/\\\/diarioellabrador.cl\\\/#\\\/schema\\\/logo\\\/image\\\/\",\"url\":\"https:\\\/\\\/diarioellabrador.cl\\\/wp-content\\\/uploads\\\/2025\\\/02\\\/cropped-Logo-Icono.png\",\"contentUrl\":\"https:\\\/\\\/diarioellabrador.cl\\\/wp-content\\\/uploads\\\/2025\\\/02\\\/cropped-Logo-Icono.png\",\"width\":512,\"height\":512,\"caption\":\"Diario El Labrador\"},\"image\":{\"@id\":\"https:\\\/\\\/diarioellabrador.cl\\\/#\\\/schema\\\/logo\\\/image\\\/\"},\"sameAs\":[\"https:\\\/\\\/web.facebook.com\\\/profile.php?id=61576120840621\",\"https:\\\/\\\/x.com\\\/ElLabradorOf\",\"https:\\\/\\\/www.instagram.com\\\/diarioellabradoroficial\\\/\"]},{\"@type\":\"Person\",\"@id\":\"https:\\\/\\\/diarioellabrador.cl\\\/#\\\/schema\\\/person\\\/bc25ff80b4563f9c7f4bd7855df01685\",\"name\":\"Editor\",\"image\":{\"@type\":\"ImageObject\",\"inLanguage\":\"es\",\"@id\":\"https:\\\/\\\/secure.gravatar.com\\\/avatar\\\/109c326cf2be5c04f048c2c2a2b8b6ef44bf3d8d1d3d4c55d0ac40c4bc994684?s=96&d=mm&r=g\",\"url\":\"https:\\\/\\\/secure.gravatar.com\\\/avatar\\\/109c326cf2be5c04f048c2c2a2b8b6ef44bf3d8d1d3d4c55d0ac40c4bc994684?s=96&d=mm&r=g\",\"contentUrl\":\"https:\\\/\\\/secure.gravatar.com\\\/avatar\\\/109c326cf2be5c04f048c2c2a2b8b6ef44bf3d8d1d3d4c55d0ac40c4bc994684?s=96&d=mm&r=g\",\"caption\":\"Editor\"},\"url\":\"https:\\\/\\\/diarioellabrador.cl\\\/index.php\\\/author\\\/editor\\\/\"}]}<\/script>\n<!-- \/ Yoast SEO plugin. -->","yoast_head_json":{"title":"Buscan dar con el paradero de sujetos que golpearon y mataron de un disparo en la cabeza a un hombre en el sector poniente de Melipilla - Diario El Labrador","robots":{"index":"index","follow":"follow","max-snippet":"max-snippet:-1","max-image-preview":"max-image-preview:large","max-video-preview":"max-video-preview:-1"},"canonical":"https:\/\/diarioellabrador.cl\/index.php\/2026\/03\/09\/buscan-dar-con-el-paradero-de-sujetos-que-golpearon-y-mataron-de-un-disparo-en-la-cabeza-a-un-hombre-en-el-sector-poniente-de-melipilla\/","og_locale":"es_ES","og_type":"article","og_title":"Buscan dar con el paradero de sujetos que golpearon y mataron de un disparo en la cabeza a un hombre en el sector poniente de Melipilla - Diario El Labrador","og_description":"La Fiscal\u00eda ECOH est\u00e1 investigando un homicidio que ocurri\u00f3 durante la noche del domingo en la comuna de Melipilla, luego de sufrir una golpiza por parte de 4 personas. La V\u00edctima habr\u00eda denunciado un ataque el a\u00f1o pasado. Alrededor de las 20 horas, un hombre identificado como Osvaldo Mu\u00f1oz Y\u00e1\u00f1ez fue interceptado por al menos Leer m\u00e1s","og_url":"https:\/\/diarioellabrador.cl\/index.php\/2026\/03\/09\/buscan-dar-con-el-paradero-de-sujetos-que-golpearon-y-mataron-de-un-disparo-en-la-cabeza-a-un-hombre-en-el-sector-poniente-de-melipilla\/","og_site_name":"Diario El Labrador","article_publisher":"https:\/\/web.facebook.com\/profile.php?id=61576120840621","article_published_time":"2026-03-09T21:49:28+00:00","article_modified_time":"2026-03-09T21:49:30+00:00","og_image":[{"width":710,"height":399,"url":"https:\/\/diarioellabrador.cl\/wp-content\/uploads\/2026\/03\/Buscan-dar-con-el-paradero-de-sujetos-que-golpearon-y-mataron-de-un-disparo-en-la-cabeza-a-un-hombre-en-el-sector-poniente-de-Melipilla8.jpg","type":"image\/jpeg"}],"author":"Editor","twitter_card":"summary_large_image","twitter_creator":"@ElLabradorOf","twitter_site":"@ElLabradorOf","twitter_misc":{"Escrito por":"Editor","Tiempo de lectura":"2 minutos"},"schema":{"@context":"https:\/\/schema.org","@graph":[{"@type":"Article","@id":"https:\/\/diarioellabrador.cl\/index.php\/2026\/03\/09\/buscan-dar-con-el-paradero-de-sujetos-que-golpearon-y-mataron-de-un-disparo-en-la-cabeza-a-un-hombre-en-el-sector-poniente-de-melipilla\/#article","isPartOf":{"@id":"https:\/\/diarioellabrador.cl\/index.php\/2026\/03\/09\/buscan-dar-con-el-paradero-de-sujetos-que-golpearon-y-mataron-de-un-disparo-en-la-cabeza-a-un-hombre-en-el-sector-poniente-de-melipilla\/"},"author":{"name":"Editor","@id":"https:\/\/diarioellabrador.cl\/#\/schema\/person\/bc25ff80b4563f9c7f4bd7855df01685"},"headline":"Buscan dar con el paradero de sujetos que golpearon y mataron de un disparo en la cabeza a un hombre en el sector poniente de Melipilla","datePublished":"2026-03-09T21:49:28+00:00","dateModified":"2026-03-09T21:49:30+00:00","mainEntityOfPage":{"@id":"https:\/\/diarioellabrador.cl\/index.php\/2026\/03\/09\/buscan-dar-con-el-paradero-de-sujetos-que-golpearon-y-mataron-de-un-disparo-en-la-cabeza-a-un-hombre-en-el-sector-poniente-de-melipilla\/"},"wordCount":264,"commentCount":0,"publisher":{"@id":"https:\/\/diarioellabrador.cl\/#organization"},"image":{"@id":"https:\/\/diarioellabrador.cl\/index.php\/2026\/03\/09\/buscan-dar-con-el-paradero-de-sujetos-que-golpearon-y-mataron-de-un-disparo-en-la-cabeza-a-un-hombre-en-el-sector-poniente-de-melipilla\/#primaryimage"},"thumbnailUrl":"https:\/\/diarioellabrador.cl\/wp-content\/uploads\/2026\/03\/Buscan-dar-con-el-paradero-de-sujetos-que-golpearon-y-mataron-de-un-disparo-en-la-cabeza-a-un-hombre-en-el-sector-poniente-de-Melipilla8.jpg","articleSection":["Destacados","Policial"],"inLanguage":"es","potentialAction":[{"@type":"CommentAction","name":"Comment","target":["https:\/\/diarioellabrador.cl\/index.php\/2026\/03\/09\/buscan-dar-con-el-paradero-de-sujetos-que-golpearon-y-mataron-de-un-disparo-en-la-cabeza-a-un-hombre-en-el-sector-poniente-de-melipilla\/#respond"]}]},{"@type":"WebPage","@id":"https:\/\/diarioellabrador.cl\/index.php\/2026\/03\/09\/buscan-dar-con-el-paradero-de-sujetos-que-golpearon-y-mataron-de-un-disparo-en-la-cabeza-a-un-hombre-en-el-sector-poniente-de-melipilla\/","url":"https:\/\/diarioellabrador.cl\/index.php\/2026\/03\/09\/buscan-dar-con-el-paradero-de-sujetos-que-golpearon-y-mataron-de-un-disparo-en-la-cabeza-a-un-hombre-en-el-sector-poniente-de-melipilla\/","name":"Buscan dar con el paradero de sujetos que golpearon y mataron de un disparo en la cabeza a un hombre en el sector poniente de Melipilla - Diario El Labrador","isPartOf":{"@id":"https:\/\/diarioellabrador.cl\/#website"},"primaryImageOfPage":{"@id":"https:\/\/diarioellabrador.cl\/index.php\/2026\/03\/09\/buscan-dar-con-el-paradero-de-sujetos-que-golpearon-y-mataron-de-un-disparo-en-la-cabeza-a-un-hombre-en-el-sector-poniente-de-melipilla\/#primaryimage"},"image":{"@id":"https:\/\/diarioellabrador.cl\/index.php\/2026\/03\/09\/buscan-dar-con-el-paradero-de-sujetos-que-golpearon-y-mataron-de-un-disparo-en-la-cabeza-a-un-hombre-en-el-sector-poniente-de-melipilla\/#primaryimage"},"thumbnailUrl":"https:\/\/diarioellabrador.cl\/wp-content\/uploads\/2026\/03\/Buscan-dar-con-el-paradero-de-sujetos-que-golpearon-y-mataron-de-un-disparo-en-la-cabeza-a-un-hombre-en-el-sector-poniente-de-Melipilla8.jpg","datePublished":"2026-03-09T21:49:28+00:00","dateModified":"2026-03-09T21:49:30+00:00","breadcrumb":{"@id":"https:\/\/diarioellabrador.cl\/index.php\/2026\/03\/09\/buscan-dar-con-el-paradero-de-sujetos-que-golpearon-y-mataron-de-un-disparo-en-la-cabeza-a-un-hombre-en-el-sector-poniente-de-melipilla\/#breadcrumb"},"inLanguage":"es","potentialAction":[{"@type":"ReadAction","target":["https:\/\/diarioellabrador.cl\/index.php\/2026\/03\/09\/buscan-dar-con-el-paradero-de-sujetos-que-golpearon-y-mataron-de-un-disparo-en-la-cabeza-a-un-hombre-en-el-sector-poniente-de-melipilla\/"]}]},{"@type":"ImageObject","inLanguage":"es","@id":"https:\/\/diarioellabrador.cl\/index.php\/2026\/03\/09\/buscan-dar-con-el-paradero-de-sujetos-que-golpearon-y-mataron-de-un-disparo-en-la-cabeza-a-un-hombre-en-el-sector-poniente-de-melipilla\/#primaryimage","url":"https:\/\/diarioellabrador.cl\/wp-content\/uploads\/2026\/03\/Buscan-dar-con-el-paradero-de-sujetos-que-golpearon-y-mataron-de-un-disparo-en-la-cabeza-a-un-hombre-en-el-sector-poniente-de-Melipilla8.jpg","contentUrl":"https:\/\/diarioellabrador.cl\/wp-content\/uploads\/2026\/03\/Buscan-dar-con-el-paradero-de-sujetos-que-golpearon-y-mataron-de-un-disparo-en-la-cabeza-a-un-hombre-en-el-sector-poniente-de-Melipilla8.jpg","width":710,"height":399},{"@type":"BreadcrumbList","@id":"https:\/\/diarioellabrador.cl\/index.php\/2026\/03\/09\/buscan-dar-con-el-paradero-de-sujetos-que-golpearon-y-mataron-de-un-disparo-en-la-cabeza-a-un-hombre-en-el-sector-poniente-de-melipilla\/#breadcrumb","itemListElement":[{"@type":"ListItem","position":1,"name":"Portada","item":"https:\/\/diarioellabrador.cl\/"},{"@type":"ListItem","position":2,"name":"Buscan dar con el paradero de sujetos que golpearon y mataron de un disparo en la cabeza a un hombre en el sector poniente de Melipilla"}]},{"@type":"WebSite","@id":"https:\/\/diarioellabrador.cl\/#website","url":"https:\/\/diarioellabrador.cl\/","name":"Diario El Labrador","description":"Haciendo noticia desde 1921","publisher":{"@id":"https:\/\/diarioellabrador.cl\/#organization"},"potentialAction":[{"@type":"SearchAction","target":{"@type":"EntryPoint","urlTemplate":"https:\/\/diarioellabrador.cl\/?s={search_term_string}"},"query-input":{"@type":"PropertyValueSpecification","valueRequired":true,"valueName":"search_term_string"}}],"inLanguage":"es"},{"@type":"Organization","@id":"https:\/\/diarioellabrador.cl\/#organization","name":"Diario El Labrador","url":"https:\/\/diarioellabrador.cl\/","logo":{"@type":"ImageObject","inLanguage":"es","@id":"https:\/\/diarioellabrador.cl\/#\/schema\/logo\/image\/","url":"https:\/\/diarioellabrador.cl\/wp-content\/uploads\/2025\/02\/cropped-Logo-Icono.png","contentUrl":"https:\/\/diarioellabrador.cl\/wp-content\/uploads\/2025\/02\/cropped-Logo-Icono.png","width":512,"height":512,"caption":"Diario El Labrador"},"image":{"@id":"https:\/\/diarioellabrador.cl\/#\/schema\/logo\/image\/"},"sameAs":["https:\/\/web.facebook.com\/profile.php?id=61576120840621","https:\/\/x.com\/ElLabradorOf","https:\/\/www.instagram.com\/diarioellabradoroficial\/"]},{"@type":"Person","@id":"https:\/\/diarioellabrador.cl\/#\/schema\/person\/bc25ff80b4563f9c7f4bd7855df01685","name":"Editor","image":{"@type":"ImageObject","inLanguage":"es","@id":"https:\/\/secure.gravatar.com\/avatar\/109c326cf2be5c04f048c2c2a2b8b6ef44bf3d8d1d3d4c55d0ac40c4bc994684?s=96&d=mm&r=g","url":"https:\/\/secure.gravatar.com\/avatar\/109c326cf2be5c04f048c2c2a2b8b6ef44bf3d8d1d3d4c55d0ac40c4bc994684?s=96&d=mm&r=g","contentUrl":"https:\/\/secure.gravatar.com\/avatar\/109c326cf2be5c04f048c2c2a2b8b6ef44bf3d8d1d3d4c55d0ac40c4bc994684?s=96&d=mm&r=g","caption":"Editor"},"url":"https:\/\/diarioellabrador.cl\/index.php\/author\/editor\/"}]}},"_links":{"self":[{"href":"https:\/\/diarioellabrador.cl\/index.php\/wp-json\/wp\/v2\/posts\/16312","targetHints":{"allow":["GET"]}}],"collection":[{"href":"https:\/\/diarioellabrador.cl\/index.php\/wp-json\/wp\/v2\/posts"}],"about":[{"href":"https:\/\/diarioellabrador.cl\/index.php\/wp-json\/wp\/v2\/types\/post"}],"author":[{"embeddable":true,"href":"https:\/\/diarioellabrador.cl\/index.php\/wp-json\/wp\/v2\/users\/2"}],"replies":[{"embeddable":true,"href":"https:\/\/diarioellabrador.cl\/index.php\/wp-json\/wp\/v2\/comments?post=16312"}],"version-history":[{"count":1,"href":"https:\/\/diarioellabrador.cl\/index.php\/wp-json\/wp\/v2\/posts\/16312\/revisions"}],"predecessor-version":[{"id":16313,"href":"https:\/\/diarioellabrador.cl\/index.php\/wp-json\/wp\/v2\/posts\/16312\/revisions\/16313"}],"wp:featuredmedia":[{"embeddable":true,"href":"https:\/\/diarioellabrador.cl\/index.php\/wp-json\/wp\/v2\/media\/16276"}],"wp:attachment":[{"href":"https:\/\/diarioellabrador.cl\/index.php\/wp-json\/wp\/v2\/media?parent=16312"}],"wp:term":[{"taxonomy":"category","embeddable":true,"href":"https:\/\/diarioellabrador.cl\/index.php\/wp-json\/wp\/v2\/categories?post=16312"},{"taxonomy":"post_tag","embeddable":true,"href":"https:\/\/diarioellabrador.cl\/index.php\/wp-json\/wp\/v2\/tags?post=16312"}],"curies":[{"name":"wp","href":"https:\/\/api.w.org\/{rel}","templated":true}]}}