{"id":16310,"date":"2026-03-09T17:48:51","date_gmt":"2026-03-09T21:48:51","guid":{"rendered":"https:\/\/diarioellabrador.cl\/?p=16310"},"modified":"2026-03-09T17:48:52","modified_gmt":"2026-03-09T21:48:52","slug":"abarca-y-cortina-representamos-a-mucha-gente-y-le-dimos-una-alegria-grande-al-criadero","status":"publish","type":"post","link":"https:\/\/diarioellabrador.cl\/index.php\/2026\/03\/09\/abarca-y-cortina-representamos-a-mucha-gente-y-le-dimos-una-alegria-grande-al-criadero\/","title":{"rendered":"Abarca y Cortina: Representamos a mucha gente y le dimos una alegr\u00eda grande al criadero"},"content":{"rendered":"\n<p><strong>Autor: <\/strong>Redacci\u00f3n de H\u00e9ctor Parraguirre \/ Notas Alejandro Alegr\u00eda<\/p>\n\n\n\n<p><strong>Gonzalo Abarca<\/strong> y <strong>Crist\u00f3bal Cortina<\/strong>, los flamantes campeones del <strong>Clasificatorio Zona Centro de San Clemente<\/strong>, conversaron con <strong>CaballoyRodeo<\/strong> para expresas sus sensaciones tras ganar con 36 puntos buenos en <strong>Cuchu Cuchu<\/strong> <strong>y Despeinada<\/strong> para dejar al <strong>Criadero Agua de los Campos y Maquena<\/strong> inscrito para la <strong>Final del 77\u00b0 Campeonato Nacional de Rodeo.<\/strong><\/p>\n\n\n\n<p>Abarca coment\u00f3 que \u00abestoy contento, muy emocionado, porque no esper\u00e1bamos este resultado. Hab\u00edamos tenido un clasificatorio muy ingrato, pero gracias a Dios lo supimos sacar adelante. Fue bonito aqu\u00ed en la final y estoy contento por la familia, por el criadero, por don \u00edtalo (Zunino), por mi mujer, por mi mam\u00e1, por mi pap\u00e1, por todos los que nos apoyan, por los chiquillos que trabajan con nosotros. Yo creo que no hay sacrificio cuando trabajamos en lo que amamos, as\u00ed que estamos muy felices\u00bb.<\/p>\n\n\n\n<p>Cortina tambi\u00e9n manifest\u00f3 su alegr\u00eda por estar nuevamente en una final con su compa\u00f1ero, con el que se titularon campeones de Chile en 2023 con estas mismas mantas.<\/p>\n\n\n\n<p>\u00abEstoy feliz porque no es tan f\u00e1cil esto, as\u00ed que lograr este primer lugar es muy bueno. Representamos a mucha gente y gracias a Dios pudimos darle una alegr\u00eda grande, lograr este primer lugar y llegar hasta la Final de Chile\u00bb, se\u00f1al\u00f3.<\/p>\n\n\n\n<p>Con respecto al champion en San Clemente, donde sacaron ventaja con dos carreras grandes en los primeros toros, Crist\u00f3bal dijo: \u201cLos rodeos son as\u00ed, de repente se presentan las cosas y hay que tratar de aprovecharlas, hoy d\u00eda fue nuestra tarde, la aprovechamos y supimos sacar un n\u00famero azul\u00bb.<\/p>\n\n\n\n<p>La pareja de jinetes s\u00f3lo estar\u00e1 con una collera en Rancagua, pero ya asegurados en la Final de Chile.<\/p>\n\n\n\n<p>\u00abTodo pasa por algo, Dios sabe por qu\u00e9 hace las cosas, nos permiti\u00f3 estar con una collera ac\u00e1 y estamos en la Final. Estamos felices por el logro, tengo pocas palabras en este momento, nada m\u00e1s que agradecer por esto\u00bb, cerr\u00f3 Gonzalo Abarca.<\/p>\n","protected":false},"excerpt":{"rendered":"<p>Autor: Redacci\u00f3n de H\u00e9ctor Parraguirre \/ Notas Alejandro Alegr\u00eda Gonzalo Abarca y Crist\u00f3bal Cortina, los flamantes campeones del Clasificatorio Zona Centro de San Clemente, conversaron con CaballoyRodeo para expresas sus sensaciones tras ganar con 36 puntos buenos en Cuchu Cuchu y Despeinada para dejar al Criadero Agua de los Campos y Maquena inscrito para la<\/p>\n<div class=\"read-more-wrapper\"><a class=\"read-more\" href=\"https:\/\/diarioellabrador.cl\/index.php\/2026\/03\/09\/abarca-y-cortina-representamos-a-mucha-gente-y-le-dimos-una-alegria-grande-al-criadero\/\" title=\"Leer m\u00e1s\"> <span class=\"button \">Leer m\u00e1s<\/span><\/a><\/div>\n","protected":false},"author":2,"featured_media":16293,"comment_status":"open","ping_status":"open","sticky":false,"template":"","format":"standard","meta":{"footnotes":""},"categories":[5],"tags":[],"class_list":["post-16310","post","type-post","status-publish","format-standard","has-post-thumbnail","hentry","category-rodeo"],"yoast_head":"<!-- This site is optimized with the Yoast SEO plugin v27.5 - https:\/\/yoast.com\/product\/yoast-seo-wordpress\/ -->\n<title>Abarca y Cortina: Representamos a mucha gente y le dimos una alegr\u00eda grande al criadero - Diario El Labrador<\/title>\n<meta name=\"robots\" content=\"index, follow, max-snippet:-1, max-image-preview:large, max-video-preview:-1\" \/>\n<link rel=\"canonical\" href=\"https:\/\/diarioellabrador.cl\/index.php\/2026\/03\/09\/abarca-y-cortina-representamos-a-mucha-gente-y-le-dimos-una-alegria-grande-al-criadero\/\" \/>\n<meta property=\"og:locale\" content=\"es_ES\" \/>\n<meta property=\"og:type\" content=\"article\" \/>\n<meta property=\"og:title\" content=\"Abarca y Cortina: Representamos a mucha gente y le dimos una alegr\u00eda grande al criadero - Diario El Labrador\" \/>\n<meta property=\"og:description\" content=\"Autor: Redacci\u00f3n de H\u00e9ctor Parraguirre \/ Notas Alejandro Alegr\u00eda Gonzalo Abarca y Crist\u00f3bal Cortina, los flamantes campeones del Clasificatorio Zona Centro de San Clemente, conversaron con CaballoyRodeo para expresas sus sensaciones tras ganar con 36 puntos buenos en Cuchu Cuchu y Despeinada para dejar al Criadero Agua de los Campos y Maquena inscrito para la Leer m\u00e1s\" \/>\n<meta property=\"og:url\" content=\"https:\/\/diarioellabrador.cl\/index.php\/2026\/03\/09\/abarca-y-cortina-representamos-a-mucha-gente-y-le-dimos-una-alegria-grande-al-criadero\/\" \/>\n<meta property=\"og:site_name\" content=\"Diario El Labrador\" \/>\n<meta property=\"article:publisher\" content=\"https:\/\/web.facebook.com\/profile.php?id=61576120840621\" \/>\n<meta property=\"article:published_time\" content=\"2026-03-09T21:48:51+00:00\" \/>\n<meta property=\"article:modified_time\" content=\"2026-03-09T21:48:52+00:00\" \/>\n<meta property=\"og:image\" content=\"https:\/\/diarioellabrador.cl\/wp-content\/uploads\/2026\/03\/Abarca-y-Cortina-Representamos-a-mucha-gente-y-le-dimos-una-alegria-grande-al-criadero.jpg\" \/>\n\t<meta property=\"og:image:width\" content=\"750\" \/>\n\t<meta property=\"og:image:height\" content=\"389\" \/>\n\t<meta property=\"og:image:type\" content=\"image\/jpeg\" \/>\n<meta name=\"author\" content=\"Editor\" \/>\n<meta name=\"twitter:card\" content=\"summary_large_image\" \/>\n<meta name=\"twitter:creator\" content=\"@ElLabradorOf\" \/>\n<meta name=\"twitter:site\" content=\"@ElLabradorOf\" \/>\n<meta name=\"twitter:label1\" content=\"Escrito por\" \/>\n\t<meta name=\"twitter:data1\" content=\"Editor\" \/>\n\t<meta name=\"twitter:label2\" content=\"Tiempo de lectura\" \/>\n\t<meta name=\"twitter:data2\" content=\"2 minutos\" \/>\n<script type=\"application\/ld+json\" class=\"yoast-schema-graph\">{\"@context\":\"https:\\\/\\\/schema.org\",\"@graph\":[{\"@type\":\"Article\",\"@id\":\"https:\\\/\\\/diarioellabrador.cl\\\/index.php\\\/2026\\\/03\\\/09\\\/abarca-y-cortina-representamos-a-mucha-gente-y-le-dimos-una-alegria-grande-al-criadero\\\/#article\",\"isPartOf\":{\"@id\":\"https:\\\/\\\/diarioellabrador.cl\\\/index.php\\\/2026\\\/03\\\/09\\\/abarca-y-cortina-representamos-a-mucha-gente-y-le-dimos-una-alegria-grande-al-criadero\\\/\"},\"author\":{\"name\":\"Editor\",\"@id\":\"https:\\\/\\\/diarioellabrador.cl\\\/#\\\/schema\\\/person\\\/bc25ff80b4563f9c7f4bd7855df01685\"},\"headline\":\"Abarca y Cortina: Representamos a mucha gente y le dimos una alegr\u00eda grande al criadero\",\"datePublished\":\"2026-03-09T21:48:51+00:00\",\"dateModified\":\"2026-03-09T21:48:52+00:00\",\"mainEntityOfPage\":{\"@id\":\"https:\\\/\\\/diarioellabrador.cl\\\/index.php\\\/2026\\\/03\\\/09\\\/abarca-y-cortina-representamos-a-mucha-gente-y-le-dimos-una-alegria-grande-al-criadero\\\/\"},\"wordCount\":356,\"commentCount\":0,\"publisher\":{\"@id\":\"https:\\\/\\\/diarioellabrador.cl\\\/#organization\"},\"image\":{\"@id\":\"https:\\\/\\\/diarioellabrador.cl\\\/index.php\\\/2026\\\/03\\\/09\\\/abarca-y-cortina-representamos-a-mucha-gente-y-le-dimos-una-alegria-grande-al-criadero\\\/#primaryimage\"},\"thumbnailUrl\":\"https:\\\/\\\/diarioellabrador.cl\\\/wp-content\\\/uploads\\\/2026\\\/03\\\/Abarca-y-Cortina-Representamos-a-mucha-gente-y-le-dimos-una-alegria-grande-al-criadero.jpg\",\"articleSection\":[\"Rodeo\"],\"inLanguage\":\"es\",\"potentialAction\":[{\"@type\":\"CommentAction\",\"name\":\"Comment\",\"target\":[\"https:\\\/\\\/diarioellabrador.cl\\\/index.php\\\/2026\\\/03\\\/09\\\/abarca-y-cortina-representamos-a-mucha-gente-y-le-dimos-una-alegria-grande-al-criadero\\\/#respond\"]}]},{\"@type\":\"WebPage\",\"@id\":\"https:\\\/\\\/diarioellabrador.cl\\\/index.php\\\/2026\\\/03\\\/09\\\/abarca-y-cortina-representamos-a-mucha-gente-y-le-dimos-una-alegria-grande-al-criadero\\\/\",\"url\":\"https:\\\/\\\/diarioellabrador.cl\\\/index.php\\\/2026\\\/03\\\/09\\\/abarca-y-cortina-representamos-a-mucha-gente-y-le-dimos-una-alegria-grande-al-criadero\\\/\",\"name\":\"Abarca y Cortina: Representamos a mucha gente y le dimos una alegr\u00eda grande al criadero - Diario El Labrador\",\"isPartOf\":{\"@id\":\"https:\\\/\\\/diarioellabrador.cl\\\/#website\"},\"primaryImageOfPage\":{\"@id\":\"https:\\\/\\\/diarioellabrador.cl\\\/index.php\\\/2026\\\/03\\\/09\\\/abarca-y-cortina-representamos-a-mucha-gente-y-le-dimos-una-alegria-grande-al-criadero\\\/#primaryimage\"},\"image\":{\"@id\":\"https:\\\/\\\/diarioellabrador.cl\\\/index.php\\\/2026\\\/03\\\/09\\\/abarca-y-cortina-representamos-a-mucha-gente-y-le-dimos-una-alegria-grande-al-criadero\\\/#primaryimage\"},\"thumbnailUrl\":\"https:\\\/\\\/diarioellabrador.cl\\\/wp-content\\\/uploads\\\/2026\\\/03\\\/Abarca-y-Cortina-Representamos-a-mucha-gente-y-le-dimos-una-alegria-grande-al-criadero.jpg\",\"datePublished\":\"2026-03-09T21:48:51+00:00\",\"dateModified\":\"2026-03-09T21:48:52+00:00\",\"breadcrumb\":{\"@id\":\"https:\\\/\\\/diarioellabrador.cl\\\/index.php\\\/2026\\\/03\\\/09\\\/abarca-y-cortina-representamos-a-mucha-gente-y-le-dimos-una-alegria-grande-al-criadero\\\/#breadcrumb\"},\"inLanguage\":\"es\",\"potentialAction\":[{\"@type\":\"ReadAction\",\"target\":[\"https:\\\/\\\/diarioellabrador.cl\\\/index.php\\\/2026\\\/03\\\/09\\\/abarca-y-cortina-representamos-a-mucha-gente-y-le-dimos-una-alegria-grande-al-criadero\\\/\"]}]},{\"@type\":\"ImageObject\",\"inLanguage\":\"es\",\"@id\":\"https:\\\/\\\/diarioellabrador.cl\\\/index.php\\\/2026\\\/03\\\/09\\\/abarca-y-cortina-representamos-a-mucha-gente-y-le-dimos-una-alegria-grande-al-criadero\\\/#primaryimage\",\"url\":\"https:\\\/\\\/diarioellabrador.cl\\\/wp-content\\\/uploads\\\/2026\\\/03\\\/Abarca-y-Cortina-Representamos-a-mucha-gente-y-le-dimos-una-alegria-grande-al-criadero.jpg\",\"contentUrl\":\"https:\\\/\\\/diarioellabrador.cl\\\/wp-content\\\/uploads\\\/2026\\\/03\\\/Abarca-y-Cortina-Representamos-a-mucha-gente-y-le-dimos-una-alegria-grande-al-criadero.jpg\",\"width\":750,\"height\":389},{\"@type\":\"BreadcrumbList\",\"@id\":\"https:\\\/\\\/diarioellabrador.cl\\\/index.php\\\/2026\\\/03\\\/09\\\/abarca-y-cortina-representamos-a-mucha-gente-y-le-dimos-una-alegria-grande-al-criadero\\\/#breadcrumb\",\"itemListElement\":[{\"@type\":\"ListItem\",\"position\":1,\"name\":\"Portada\",\"item\":\"https:\\\/\\\/diarioellabrador.cl\\\/\"},{\"@type\":\"ListItem\",\"position\":2,\"name\":\"Abarca y Cortina: Representamos a mucha gente y le dimos una alegr\u00eda grande al criadero\"}]},{\"@type\":\"WebSite\",\"@id\":\"https:\\\/\\\/diarioellabrador.cl\\\/#website\",\"url\":\"https:\\\/\\\/diarioellabrador.cl\\\/\",\"name\":\"Diario El Labrador\",\"description\":\"Haciendo noticia desde 1921\",\"publisher\":{\"@id\":\"https:\\\/\\\/diarioellabrador.cl\\\/#organization\"},\"potentialAction\":[{\"@type\":\"SearchAction\",\"target\":{\"@type\":\"EntryPoint\",\"urlTemplate\":\"https:\\\/\\\/diarioellabrador.cl\\\/?s={search_term_string}\"},\"query-input\":{\"@type\":\"PropertyValueSpecification\",\"valueRequired\":true,\"valueName\":\"search_term_string\"}}],\"inLanguage\":\"es\"},{\"@type\":\"Organization\",\"@id\":\"https:\\\/\\\/diarioellabrador.cl\\\/#organization\",\"name\":\"Diario El Labrador\",\"url\":\"https:\\\/\\\/diarioellabrador.cl\\\/\",\"logo\":{\"@type\":\"ImageObject\",\"inLanguage\":\"es\",\"@id\":\"https:\\\/\\\/diarioellabrador.cl\\\/#\\\/schema\\\/logo\\\/image\\\/\",\"url\":\"https:\\\/\\\/diarioellabrador.cl\\\/wp-content\\\/uploads\\\/2025\\\/02\\\/cropped-Logo-Icono.png\",\"contentUrl\":\"https:\\\/\\\/diarioellabrador.cl\\\/wp-content\\\/uploads\\\/2025\\\/02\\\/cropped-Logo-Icono.png\",\"width\":512,\"height\":512,\"caption\":\"Diario El Labrador\"},\"image\":{\"@id\":\"https:\\\/\\\/diarioellabrador.cl\\\/#\\\/schema\\\/logo\\\/image\\\/\"},\"sameAs\":[\"https:\\\/\\\/web.facebook.com\\\/profile.php?id=61576120840621\",\"https:\\\/\\\/x.com\\\/ElLabradorOf\",\"https:\\\/\\\/www.instagram.com\\\/diarioellabradoroficial\\\/\"]},{\"@type\":\"Person\",\"@id\":\"https:\\\/\\\/diarioellabrador.cl\\\/#\\\/schema\\\/person\\\/bc25ff80b4563f9c7f4bd7855df01685\",\"name\":\"Editor\",\"image\":{\"@type\":\"ImageObject\",\"inLanguage\":\"es\",\"@id\":\"https:\\\/\\\/secure.gravatar.com\\\/avatar\\\/109c326cf2be5c04f048c2c2a2b8b6ef44bf3d8d1d3d4c55d0ac40c4bc994684?s=96&d=mm&r=g\",\"url\":\"https:\\\/\\\/secure.gravatar.com\\\/avatar\\\/109c326cf2be5c04f048c2c2a2b8b6ef44bf3d8d1d3d4c55d0ac40c4bc994684?s=96&d=mm&r=g\",\"contentUrl\":\"https:\\\/\\\/secure.gravatar.com\\\/avatar\\\/109c326cf2be5c04f048c2c2a2b8b6ef44bf3d8d1d3d4c55d0ac40c4bc994684?s=96&d=mm&r=g\",\"caption\":\"Editor\"},\"url\":\"https:\\\/\\\/diarioellabrador.cl\\\/index.php\\\/author\\\/editor\\\/\"}]}<\/script>\n<!-- \/ Yoast SEO plugin. -->","yoast_head_json":{"title":"Abarca y Cortina: Representamos a mucha gente y le dimos una alegr\u00eda grande al criadero - Diario El Labrador","robots":{"index":"index","follow":"follow","max-snippet":"max-snippet:-1","max-image-preview":"max-image-preview:large","max-video-preview":"max-video-preview:-1"},"canonical":"https:\/\/diarioellabrador.cl\/index.php\/2026\/03\/09\/abarca-y-cortina-representamos-a-mucha-gente-y-le-dimos-una-alegria-grande-al-criadero\/","og_locale":"es_ES","og_type":"article","og_title":"Abarca y Cortina: Representamos a mucha gente y le dimos una alegr\u00eda grande al criadero - Diario El Labrador","og_description":"Autor: Redacci\u00f3n de H\u00e9ctor Parraguirre \/ Notas Alejandro Alegr\u00eda Gonzalo Abarca y Crist\u00f3bal Cortina, los flamantes campeones del Clasificatorio Zona Centro de San Clemente, conversaron con CaballoyRodeo para expresas sus sensaciones tras ganar con 36 puntos buenos en Cuchu Cuchu y Despeinada para dejar al Criadero Agua de los Campos y Maquena inscrito para la Leer m\u00e1s","og_url":"https:\/\/diarioellabrador.cl\/index.php\/2026\/03\/09\/abarca-y-cortina-representamos-a-mucha-gente-y-le-dimos-una-alegria-grande-al-criadero\/","og_site_name":"Diario El Labrador","article_publisher":"https:\/\/web.facebook.com\/profile.php?id=61576120840621","article_published_time":"2026-03-09T21:48:51+00:00","article_modified_time":"2026-03-09T21:48:52+00:00","og_image":[{"width":750,"height":389,"url":"https:\/\/diarioellabrador.cl\/wp-content\/uploads\/2026\/03\/Abarca-y-Cortina-Representamos-a-mucha-gente-y-le-dimos-una-alegria-grande-al-criadero.jpg","type":"image\/jpeg"}],"author":"Editor","twitter_card":"summary_large_image","twitter_creator":"@ElLabradorOf","twitter_site":"@ElLabradorOf","twitter_misc":{"Escrito por":"Editor","Tiempo de lectura":"2 minutos"},"schema":{"@context":"https:\/\/schema.org","@graph":[{"@type":"Article","@id":"https:\/\/diarioellabrador.cl\/index.php\/2026\/03\/09\/abarca-y-cortina-representamos-a-mucha-gente-y-le-dimos-una-alegria-grande-al-criadero\/#article","isPartOf":{"@id":"https:\/\/diarioellabrador.cl\/index.php\/2026\/03\/09\/abarca-y-cortina-representamos-a-mucha-gente-y-le-dimos-una-alegria-grande-al-criadero\/"},"author":{"name":"Editor","@id":"https:\/\/diarioellabrador.cl\/#\/schema\/person\/bc25ff80b4563f9c7f4bd7855df01685"},"headline":"Abarca y Cortina: Representamos a mucha gente y le dimos una alegr\u00eda grande al criadero","datePublished":"2026-03-09T21:48:51+00:00","dateModified":"2026-03-09T21:48:52+00:00","mainEntityOfPage":{"@id":"https:\/\/diarioellabrador.cl\/index.php\/2026\/03\/09\/abarca-y-cortina-representamos-a-mucha-gente-y-le-dimos-una-alegria-grande-al-criadero\/"},"wordCount":356,"commentCount":0,"publisher":{"@id":"https:\/\/diarioellabrador.cl\/#organization"},"image":{"@id":"https:\/\/diarioellabrador.cl\/index.php\/2026\/03\/09\/abarca-y-cortina-representamos-a-mucha-gente-y-le-dimos-una-alegria-grande-al-criadero\/#primaryimage"},"thumbnailUrl":"https:\/\/diarioellabrador.cl\/wp-content\/uploads\/2026\/03\/Abarca-y-Cortina-Representamos-a-mucha-gente-y-le-dimos-una-alegria-grande-al-criadero.jpg","articleSection":["Rodeo"],"inLanguage":"es","potentialAction":[{"@type":"CommentAction","name":"Comment","target":["https:\/\/diarioellabrador.cl\/index.php\/2026\/03\/09\/abarca-y-cortina-representamos-a-mucha-gente-y-le-dimos-una-alegria-grande-al-criadero\/#respond"]}]},{"@type":"WebPage","@id":"https:\/\/diarioellabrador.cl\/index.php\/2026\/03\/09\/abarca-y-cortina-representamos-a-mucha-gente-y-le-dimos-una-alegria-grande-al-criadero\/","url":"https:\/\/diarioellabrador.cl\/index.php\/2026\/03\/09\/abarca-y-cortina-representamos-a-mucha-gente-y-le-dimos-una-alegria-grande-al-criadero\/","name":"Abarca y Cortina: Representamos a mucha gente y le dimos una alegr\u00eda grande al criadero - Diario El Labrador","isPartOf":{"@id":"https:\/\/diarioellabrador.cl\/#website"},"primaryImageOfPage":{"@id":"https:\/\/diarioellabrador.cl\/index.php\/2026\/03\/09\/abarca-y-cortina-representamos-a-mucha-gente-y-le-dimos-una-alegria-grande-al-criadero\/#primaryimage"},"image":{"@id":"https:\/\/diarioellabrador.cl\/index.php\/2026\/03\/09\/abarca-y-cortina-representamos-a-mucha-gente-y-le-dimos-una-alegria-grande-al-criadero\/#primaryimage"},"thumbnailUrl":"https:\/\/diarioellabrador.cl\/wp-content\/uploads\/2026\/03\/Abarca-y-Cortina-Representamos-a-mucha-gente-y-le-dimos-una-alegria-grande-al-criadero.jpg","datePublished":"2026-03-09T21:48:51+00:00","dateModified":"2026-03-09T21:48:52+00:00","breadcrumb":{"@id":"https:\/\/diarioellabrador.cl\/index.php\/2026\/03\/09\/abarca-y-cortina-representamos-a-mucha-gente-y-le-dimos-una-alegria-grande-al-criadero\/#breadcrumb"},"inLanguage":"es","potentialAction":[{"@type":"ReadAction","target":["https:\/\/diarioellabrador.cl\/index.php\/2026\/03\/09\/abarca-y-cortina-representamos-a-mucha-gente-y-le-dimos-una-alegria-grande-al-criadero\/"]}]},{"@type":"ImageObject","inLanguage":"es","@id":"https:\/\/diarioellabrador.cl\/index.php\/2026\/03\/09\/abarca-y-cortina-representamos-a-mucha-gente-y-le-dimos-una-alegria-grande-al-criadero\/#primaryimage","url":"https:\/\/diarioellabrador.cl\/wp-content\/uploads\/2026\/03\/Abarca-y-Cortina-Representamos-a-mucha-gente-y-le-dimos-una-alegria-grande-al-criadero.jpg","contentUrl":"https:\/\/diarioellabrador.cl\/wp-content\/uploads\/2026\/03\/Abarca-y-Cortina-Representamos-a-mucha-gente-y-le-dimos-una-alegria-grande-al-criadero.jpg","width":750,"height":389},{"@type":"BreadcrumbList","@id":"https:\/\/diarioellabrador.cl\/index.php\/2026\/03\/09\/abarca-y-cortina-representamos-a-mucha-gente-y-le-dimos-una-alegria-grande-al-criadero\/#breadcrumb","itemListElement":[{"@type":"ListItem","position":1,"name":"Portada","item":"https:\/\/diarioellabrador.cl\/"},{"@type":"ListItem","position":2,"name":"Abarca y Cortina: Representamos a mucha gente y le dimos una alegr\u00eda grande al criadero"}]},{"@type":"WebSite","@id":"https:\/\/diarioellabrador.cl\/#website","url":"https:\/\/diarioellabrador.cl\/","name":"Diario El Labrador","description":"Haciendo noticia desde 1921","publisher":{"@id":"https:\/\/diarioellabrador.cl\/#organization"},"potentialAction":[{"@type":"SearchAction","target":{"@type":"EntryPoint","urlTemplate":"https:\/\/diarioellabrador.cl\/?s={search_term_string}"},"query-input":{"@type":"PropertyValueSpecification","valueRequired":true,"valueName":"search_term_string"}}],"inLanguage":"es"},{"@type":"Organization","@id":"https:\/\/diarioellabrador.cl\/#organization","name":"Diario El Labrador","url":"https:\/\/diarioellabrador.cl\/","logo":{"@type":"ImageObject","inLanguage":"es","@id":"https:\/\/diarioellabrador.cl\/#\/schema\/logo\/image\/","url":"https:\/\/diarioellabrador.cl\/wp-content\/uploads\/2025\/02\/cropped-Logo-Icono.png","contentUrl":"https:\/\/diarioellabrador.cl\/wp-content\/uploads\/2025\/02\/cropped-Logo-Icono.png","width":512,"height":512,"caption":"Diario El Labrador"},"image":{"@id":"https:\/\/diarioellabrador.cl\/#\/schema\/logo\/image\/"},"sameAs":["https:\/\/web.facebook.com\/profile.php?id=61576120840621","https:\/\/x.com\/ElLabradorOf","https:\/\/www.instagram.com\/diarioellabradoroficial\/"]},{"@type":"Person","@id":"https:\/\/diarioellabrador.cl\/#\/schema\/person\/bc25ff80b4563f9c7f4bd7855df01685","name":"Editor","image":{"@type":"ImageObject","inLanguage":"es","@id":"https:\/\/secure.gravatar.com\/avatar\/109c326cf2be5c04f048c2c2a2b8b6ef44bf3d8d1d3d4c55d0ac40c4bc994684?s=96&d=mm&r=g","url":"https:\/\/secure.gravatar.com\/avatar\/109c326cf2be5c04f048c2c2a2b8b6ef44bf3d8d1d3d4c55d0ac40c4bc994684?s=96&d=mm&r=g","contentUrl":"https:\/\/secure.gravatar.com\/avatar\/109c326cf2be5c04f048c2c2a2b8b6ef44bf3d8d1d3d4c55d0ac40c4bc994684?s=96&d=mm&r=g","caption":"Editor"},"url":"https:\/\/diarioellabrador.cl\/index.php\/author\/editor\/"}]}},"_links":{"self":[{"href":"https:\/\/diarioellabrador.cl\/index.php\/wp-json\/wp\/v2\/posts\/16310","targetHints":{"allow":["GET"]}}],"collection":[{"href":"https:\/\/diarioellabrador.cl\/index.php\/wp-json\/wp\/v2\/posts"}],"about":[{"href":"https:\/\/diarioellabrador.cl\/index.php\/wp-json\/wp\/v2\/types\/post"}],"author":[{"embeddable":true,"href":"https:\/\/diarioellabrador.cl\/index.php\/wp-json\/wp\/v2\/users\/2"}],"replies":[{"embeddable":true,"href":"https:\/\/diarioellabrador.cl\/index.php\/wp-json\/wp\/v2\/comments?post=16310"}],"version-history":[{"count":1,"href":"https:\/\/diarioellabrador.cl\/index.php\/wp-json\/wp\/v2\/posts\/16310\/revisions"}],"predecessor-version":[{"id":16311,"href":"https:\/\/diarioellabrador.cl\/index.php\/wp-json\/wp\/v2\/posts\/16310\/revisions\/16311"}],"wp:featuredmedia":[{"embeddable":true,"href":"https:\/\/diarioellabrador.cl\/index.php\/wp-json\/wp\/v2\/media\/16293"}],"wp:attachment":[{"href":"https:\/\/diarioellabrador.cl\/index.php\/wp-json\/wp\/v2\/media?parent=16310"}],"wp:term":[{"taxonomy":"category","embeddable":true,"href":"https:\/\/diarioellabrador.cl\/index.php\/wp-json\/wp\/v2\/categories?post=16310"},{"taxonomy":"post_tag","embeddable":true,"href":"https:\/\/diarioellabrador.cl\/index.php\/wp-json\/wp\/v2\/tags?post=16310"}],"curies":[{"name":"wp","href":"https:\/\/api.w.org\/{rel}","templated":true}]}}