{"id":16308,"date":"2026-03-09T17:48:25","date_gmt":"2026-03-09T21:48:25","guid":{"rendered":"https:\/\/diarioellabrador.cl\/?p=16308"},"modified":"2026-03-09T17:48:26","modified_gmt":"2026-03-09T21:48:26","slug":"agua-de-los-campos-se-impuso-en-san-clemente-y-se-candidateo-para-el-nacional","status":"publish","type":"post","link":"https:\/\/diarioellabrador.cl\/index.php\/2026\/03\/09\/agua-de-los-campos-se-impuso-en-san-clemente-y-se-candidateo-para-el-nacional\/","title":{"rendered":"Agua de los Campos se impuso en San Clemente y se candidate\u00f3 para el Nacional"},"content":{"rendered":"\n<p><strong>Autor: <\/strong><a href=\"https:\/\/www.caballoyrodeo.cl\/portal_rodeo\/site\/artic\/20240223\/pags\/20240223201413.html\">Alejandro Alegr\u00eda Torres<\/a><\/p>\n\n\n\n<p>El <strong>Criadero Agua de los Campos y Maquena <\/strong>se impuso este domingo con autoridad y solidez en el <strong>Clasificatorio Centro <\/strong>que organiz\u00f3 la <strong>Asociaci\u00f3n Talca <\/strong>en la <strong>Medialuna \u00abFernando Hurtado Echenique\u00bb de San Clemente<\/strong>, transform\u00e1ndose en un potente candidato para lograr un nuevo t\u00edtulo en el <strong>Campeonato Nacional de Rodeo<\/strong>.<\/p>\n\n\n\n<p><strong>Gonzalo Abarca <\/strong>y <strong>Crist\u00f3bal Cortina <\/strong>(Asociaci\u00f3n Maipo Norte) mostraron el oficio y la compenetraci\u00f3n que los llev\u00f3 a alcanzar la m\u00e1xima gloria corralera en 2023 y montando a la pareja mixta <strong>Cuchu Cuchu <\/strong>y <strong>Despeinada <\/strong>se impusieron sumando un total de 36 puntos buenos, en una presentaci\u00f3n en donde marcaron diferencias en los dos primeros toros con s\u00f3lidas carreras de 12 y 11 buenos, y luego aseguraron la victoria sumando ocho y cinco en los \u00faltimos dos animales.<\/p>\n\n\n\n<p>La final del selectivo centro comenz\u00f3 con la premiaci\u00f3n de la Zona Centro a sus mejores representantes de la temporada, siendo elegidos <strong>Iv\u00e1n Guerra <\/strong>como <strong>Mejor Dirigente <\/strong>y <strong>Juan Pablo Cardemil<\/strong> como <strong>Mejor Deportista<\/strong>. Adem\u00e1s, tambi\u00e9n se reconoci\u00f3 al gobernador de la Regi\u00f3n del Maule, <strong>Pedro Alvarez-Salamanca<\/strong>, por su enorme aporte al rodeo y las tradiciones.<\/p>\n\n\n\n<p>Despu\u00e9s se escogi\u00f3 al <strong>Sello de Raza de San Clemente<\/strong>, decisi\u00f3n que tuvo como jurado al ex campe\u00f3n nacional <strong>Guillermo Barra<\/strong>, quien fue acompa\u00f1ado por el dos veces ganador en Rancagua y director de la Federaci\u00f3n del Rodeo Chileno, <strong>Jos\u00e9 Manuel Pozo<\/strong>. \u00abMemo\u00bb Barra y Pozo se inclinaron por el potro <strong>Compa\u00f1\u00eda de las Mercedes Mano a Mano<\/strong>, montado por <strong>Emiliano Ruiz<\/strong>, e hijo de Peleco Mono Mono en la yegua El Trapiche Florencia.<\/p>\n\n\n\n<h3 class=\"wp-block-heading\"><strong>\u00a1Comienza la acci\u00f3n en las quinchas!<\/strong><\/h3>\n\n\n\n<p>Fueron 43 colleras las que finalmente lucharon por el cupo directo a la Serie de Campeones del Champion de Chile, debido a que el Criadero Grosella con Marco Flores y Manuel Honold (Curic\u00f3) se tuvo que retirar por lesi\u00f3n de la yegua Serenata. Y de inmediato hubo grandes emociones. El primer animal de la final cont\u00f3 con dos espectaculares carreras de 13 puntos buenos. La primera la realiz\u00f3 el <strong>Criadero Taitao II <\/strong>con <strong>Diego Pacheco <\/strong>y <strong>Emiliano Ruiz <\/strong>(Colchagua y Santiago Oriente) en las yeguas <strong>Safira <\/strong>y <strong>Estelita<\/strong>, y la segunda la hicieron <strong>Luis Felipe Villela <\/strong>y <strong>Rodrigo Gallardo <\/strong>(O&#8217;Higgins y Los Andes) en <strong>El Ideal Eterna<\/strong> y <strong>El Codiciado Rotoso Precioso.<\/strong><\/p>\n\n\n\n<p>Tambi\u00e9n otras colleras marcaron en grande en ese huacho. Con 12 comenzaron <strong>Luis Catal\u00e1n<\/strong> y <strong>Eduardo Cort\u00e9s<\/strong> (Asociaci\u00f3n Santiago Sur) en <strong>La Constanza Valentino<\/strong> y <strong>Santa Ana de Melipilla Guindao<\/strong>, al igual que <strong>Diego Pacheco <\/strong>y <strong>Emiliano Ruiz <\/strong>en los potros <strong>Santa Isabel Orgullo<\/strong> y <strong>Compa\u00f1\u00eda de Las Mercedes Mano a Mano<\/strong>. Adem\u00e1s, ese mismo puntaje fue logrado por <strong>Agua de los Campos y Maquena<\/strong>, quienes tambi\u00e9n partieron gozando de los aplausos de las tribunas gracias a dos colgadas de cuatro de <strong>Gonzalo Abarca <\/strong>en el <strong>Cuchu Cuchu <\/strong>y una de tres de <strong>Crist\u00f3bal Cortina <\/strong>en la <strong>Despeinada.<\/strong><\/p>\n\n\n\n<p>El segundo animal fue corrido por 20 colleras de seis buenos hacia arriba. En ese momento quienes tomaron el liderato y marcaron la carrera m\u00e1s grandota fueron Abarca y Cortina, quienes demostraron que iban con todo por los m\u00e1ximos honores del selectivo. Esta vez fueron seis a la mano de \u00abToto\u00bb Cortina, que fueron correspondidos por una nueva colgada del ijar de Abarca para atr\u00e1s, con lo que llegaron a imponentes 23 puntos en dos animales. Como escoltas quedaron dos parejas con 20 buenos: Catal\u00e1n y Cort\u00e9s que sumaron ocho, y Taitao II que concret\u00f3 siete.<\/p>\n\n\n\n<p>El tercer toro cont\u00f3 con la presencia de 12 parejas de 14 puntos buenos o m\u00e1s. Es fue el momento en que el p\u00fablico local rugi\u00f3 con m\u00e1s fuerza y quienes motivaron esa acci\u00f3n fueron <strong>los hermanos Lineros<\/strong> (Talca Oriente), quienes sumaron una extraordinaria \u00abcarrera perfecta\u00bb con <strong>Francisco <\/strong>a la mano en <strong>Do\u00f1a Dora II Famoso<\/strong> y <strong>Levis <\/strong>para atr\u00e1s en <strong>Mar\u00eda Ester Adencul Revuelto<\/strong>. Una arremetida que los dej\u00f3 como los favoritos de la parcialidad anfitriona y como firmes candidatos al t\u00edtulo al sumar un total de 29 puntos.<\/p>\n\n\n\n<p>Sin embargo, la ruidosa y alegre barra talquina no intimid\u00f3 a los experimentados representantes del Agua de los Campos y Maquena, quienes, aprovechando estrat\u00e9gicamente que corrieron de los \u00faltimos, supieron que dos atajadas eran suficientes para continuar aferrados al liderato. Y las hicieron. Pese a que Abarca no sum\u00f3 para adelante en su primer viaje, s\u00ed marc\u00f3 una de cuatro de la pura pata en su segundo intento. Mientras que el tres veces campe\u00f3n nacional se luci\u00f3 con una linda colgada de medio. As\u00ed llegaron a 31 y entraron al animal decisivo con la primera opci\u00f3n de ganar.<\/p>\n\n\n\n<p>El cuarto animal fue protagonizado por seis colleras, con un corte de 25 puntos. Luis Catal\u00e1n y Eduardo Cort\u00e9s fueron los primeros en participar y sumaron cuatro buenos para culminar con importantes 32 puntos buenos en Valentino y Guindao. Ese puntaje, a la postre, <strong>les vali\u00f3 a los debutantes en Rancagua lograr un importante y emocionante tercer lugar en San Clemente.<\/strong><\/p>\n\n\n\n<p>Diego Pacheco y Emiliano Ruiz tuvieron su primera oportunidad, esta vez en las yeguas de Taitao II, pero solamente pudieron lograr una atajada de cuatro realizada por el propietario del criadero. Con cinco buenos, llegaron a 33, puntos que <strong>les permiti\u00f3 conseguir el vicecampeonato en el Clasificatorio Centro.<\/strong><\/p>\n\n\n\n<p>En ese momento hubo un corte de luz, que detuvo el champion, instante que fue aprovechado para la parcialidad local para aleonar a sus representantes con el grito: \u00a1Lineros! \u00a1Lineros! Y salieron a la cancha los hermanos Francisco y Levis, con su caracter\u00edstica garra, sin embarga no fue suficiente para dejar contenta a su barra. Sumaron solos dos buenos, luego de un pi\u00f1o a la mano de atr\u00e1s, quedando con 31. De todas maneras, el p\u00fablico aplaudi\u00f3 de pie su esfuerzo y esp\u00edritu deportivo.<\/p>\n\n\n\n<p>Segunda oportunidad para Diego Pacheco y Emiliano Ruiz, los amigos que regresaron este a\u00f1o a compartir corral y deseos de llegar arriba. Esta vez en los potros Orgullo y Mano a Mano no pudieron atajar, sumaron solo el punto de salida y finalizaron con 28.<\/p>\n\n\n\n<p>Les toc\u00f3 el turno a otros locales, al Criadero Manantiales de Pelarco, con Rodrigo Morales, que no err\u00f3 ninguna atajada en la Series de Campeones, y Cristi\u00e1n \u00abTato\u00bb Meza. Los de Talca Oriente sumaron seis puntos en Lautaro y Espigada, terminando con 31 buenos y sumando un buen apronte para Rancagua.<\/p>\n\n\n\n<p>Y lleg\u00f3 el momento que decidi\u00f3 el paso directo a El Chileno. Agua de los Campos y Maquena entr\u00f3 al api\u00f1adero con el conocimiento de que con una atajada eran los campeones del Clasificatorio Centro y la aseguraron. Fue Gonzalo Abarca quien se matricul\u00f3 con la colgada del t\u00edtulo, una de cuatro buenos para atr\u00e1s, que los llev\u00f3 a cosechar un total de 36. Un nuevo t\u00edtulo para una de las parejas de jinetes m\u00e1s consolidadas de la actualidad, quienes esta vez con una sola collera, pero ya clasificada de forma directa a la Serie de Campeones de Rancagua, ir\u00e1n por su segundo t\u00edtulo corriendo juntos. Sin ninguna duda,<strong> son s\u00f3lidos candidatos a inscribir nuevamente sus nombres en la Copa de Campeones.<\/strong><\/p>\n","protected":false},"excerpt":{"rendered":"<p>Autor: Alejandro Alegr\u00eda Torres El Criadero Agua de los Campos y Maquena se impuso este domingo con autoridad y solidez en el Clasificatorio Centro que organiz\u00f3 la Asociaci\u00f3n Talca en la Medialuna \u00abFernando Hurtado Echenique\u00bb de San Clemente, transform\u00e1ndose en un potente candidato para lograr un nuevo t\u00edtulo en el Campeonato Nacional de Rodeo. Gonzalo<\/p>\n<div class=\"read-more-wrapper\"><a class=\"read-more\" href=\"https:\/\/diarioellabrador.cl\/index.php\/2026\/03\/09\/agua-de-los-campos-se-impuso-en-san-clemente-y-se-candidateo-para-el-nacional\/\" title=\"Leer m\u00e1s\"> <span class=\"button \">Leer m\u00e1s<\/span><\/a><\/div>\n","protected":false},"author":2,"featured_media":16294,"comment_status":"open","ping_status":"open","sticky":false,"template":"","format":"standard","meta":{"footnotes":""},"categories":[5],"tags":[],"class_list":["post-16308","post","type-post","status-publish","format-standard","has-post-thumbnail","hentry","category-rodeo"],"yoast_head":"<!-- This site is optimized with the Yoast SEO plugin v27.5 - https:\/\/yoast.com\/product\/yoast-seo-wordpress\/ -->\n<title>Agua de los Campos se impuso en San Clemente y se candidate\u00f3 para el Nacional - Diario El Labrador<\/title>\n<meta name=\"robots\" content=\"index, follow, max-snippet:-1, max-image-preview:large, max-video-preview:-1\" \/>\n<link rel=\"canonical\" href=\"https:\/\/diarioellabrador.cl\/index.php\/2026\/03\/09\/agua-de-los-campos-se-impuso-en-san-clemente-y-se-candidateo-para-el-nacional\/\" \/>\n<meta property=\"og:locale\" content=\"es_ES\" \/>\n<meta property=\"og:type\" content=\"article\" \/>\n<meta property=\"og:title\" content=\"Agua de los Campos se impuso en San Clemente y se candidate\u00f3 para el Nacional - Diario El Labrador\" \/>\n<meta property=\"og:description\" content=\"Autor: Alejandro Alegr\u00eda Torres El Criadero Agua de los Campos y Maquena se impuso este domingo con autoridad y solidez en el Clasificatorio Centro que organiz\u00f3 la Asociaci\u00f3n Talca en la Medialuna \u00abFernando Hurtado Echenique\u00bb de San Clemente, transform\u00e1ndose en un potente candidato para lograr un nuevo t\u00edtulo en el Campeonato Nacional de Rodeo. Gonzalo Leer m\u00e1s\" \/>\n<meta property=\"og:url\" content=\"https:\/\/diarioellabrador.cl\/index.php\/2026\/03\/09\/agua-de-los-campos-se-impuso-en-san-clemente-y-se-candidateo-para-el-nacional\/\" \/>\n<meta property=\"og:site_name\" content=\"Diario El Labrador\" \/>\n<meta property=\"article:publisher\" content=\"https:\/\/web.facebook.com\/profile.php?id=61576120840621\" \/>\n<meta property=\"article:published_time\" content=\"2026-03-09T21:48:25+00:00\" \/>\n<meta property=\"article:modified_time\" content=\"2026-03-09T21:48:26+00:00\" \/>\n<meta property=\"og:image\" content=\"https:\/\/diarioellabrador.cl\/wp-content\/uploads\/2026\/03\/Agua-de-los-Campos-se-impuso-en-San-Clemente-y-se-candidateo-para-el-Nacional.jpg\" \/>\n\t<meta property=\"og:image:width\" content=\"750\" \/>\n\t<meta property=\"og:image:height\" content=\"389\" \/>\n\t<meta property=\"og:image:type\" content=\"image\/jpeg\" \/>\n<meta name=\"author\" content=\"Editor\" \/>\n<meta name=\"twitter:card\" content=\"summary_large_image\" \/>\n<meta name=\"twitter:creator\" content=\"@ElLabradorOf\" \/>\n<meta name=\"twitter:site\" content=\"@ElLabradorOf\" \/>\n<meta name=\"twitter:label1\" content=\"Escrito por\" \/>\n\t<meta name=\"twitter:data1\" content=\"Editor\" \/>\n\t<meta name=\"twitter:label2\" content=\"Tiempo de lectura\" \/>\n\t<meta name=\"twitter:data2\" content=\"6 minutos\" \/>\n<script type=\"application\/ld+json\" class=\"yoast-schema-graph\">{\"@context\":\"https:\\\/\\\/schema.org\",\"@graph\":[{\"@type\":\"Article\",\"@id\":\"https:\\\/\\\/diarioellabrador.cl\\\/index.php\\\/2026\\\/03\\\/09\\\/agua-de-los-campos-se-impuso-en-san-clemente-y-se-candidateo-para-el-nacional\\\/#article\",\"isPartOf\":{\"@id\":\"https:\\\/\\\/diarioellabrador.cl\\\/index.php\\\/2026\\\/03\\\/09\\\/agua-de-los-campos-se-impuso-en-san-clemente-y-se-candidateo-para-el-nacional\\\/\"},\"author\":{\"name\":\"Editor\",\"@id\":\"https:\\\/\\\/diarioellabrador.cl\\\/#\\\/schema\\\/person\\\/bc25ff80b4563f9c7f4bd7855df01685\"},\"headline\":\"Agua de los Campos se impuso en San Clemente y se candidate\u00f3 para el Nacional\",\"datePublished\":\"2026-03-09T21:48:25+00:00\",\"dateModified\":\"2026-03-09T21:48:26+00:00\",\"mainEntityOfPage\":{\"@id\":\"https:\\\/\\\/diarioellabrador.cl\\\/index.php\\\/2026\\\/03\\\/09\\\/agua-de-los-campos-se-impuso-en-san-clemente-y-se-candidateo-para-el-nacional\\\/\"},\"wordCount\":1232,\"commentCount\":0,\"publisher\":{\"@id\":\"https:\\\/\\\/diarioellabrador.cl\\\/#organization\"},\"image\":{\"@id\":\"https:\\\/\\\/diarioellabrador.cl\\\/index.php\\\/2026\\\/03\\\/09\\\/agua-de-los-campos-se-impuso-en-san-clemente-y-se-candidateo-para-el-nacional\\\/#primaryimage\"},\"thumbnailUrl\":\"https:\\\/\\\/diarioellabrador.cl\\\/wp-content\\\/uploads\\\/2026\\\/03\\\/Agua-de-los-Campos-se-impuso-en-San-Clemente-y-se-candidateo-para-el-Nacional.jpg\",\"articleSection\":[\"Rodeo\"],\"inLanguage\":\"es\",\"potentialAction\":[{\"@type\":\"CommentAction\",\"name\":\"Comment\",\"target\":[\"https:\\\/\\\/diarioellabrador.cl\\\/index.php\\\/2026\\\/03\\\/09\\\/agua-de-los-campos-se-impuso-en-san-clemente-y-se-candidateo-para-el-nacional\\\/#respond\"]}]},{\"@type\":\"WebPage\",\"@id\":\"https:\\\/\\\/diarioellabrador.cl\\\/index.php\\\/2026\\\/03\\\/09\\\/agua-de-los-campos-se-impuso-en-san-clemente-y-se-candidateo-para-el-nacional\\\/\",\"url\":\"https:\\\/\\\/diarioellabrador.cl\\\/index.php\\\/2026\\\/03\\\/09\\\/agua-de-los-campos-se-impuso-en-san-clemente-y-se-candidateo-para-el-nacional\\\/\",\"name\":\"Agua de los Campos se impuso en San Clemente y se candidate\u00f3 para el Nacional - Diario El Labrador\",\"isPartOf\":{\"@id\":\"https:\\\/\\\/diarioellabrador.cl\\\/#website\"},\"primaryImageOfPage\":{\"@id\":\"https:\\\/\\\/diarioellabrador.cl\\\/index.php\\\/2026\\\/03\\\/09\\\/agua-de-los-campos-se-impuso-en-san-clemente-y-se-candidateo-para-el-nacional\\\/#primaryimage\"},\"image\":{\"@id\":\"https:\\\/\\\/diarioellabrador.cl\\\/index.php\\\/2026\\\/03\\\/09\\\/agua-de-los-campos-se-impuso-en-san-clemente-y-se-candidateo-para-el-nacional\\\/#primaryimage\"},\"thumbnailUrl\":\"https:\\\/\\\/diarioellabrador.cl\\\/wp-content\\\/uploads\\\/2026\\\/03\\\/Agua-de-los-Campos-se-impuso-en-San-Clemente-y-se-candidateo-para-el-Nacional.jpg\",\"datePublished\":\"2026-03-09T21:48:25+00:00\",\"dateModified\":\"2026-03-09T21:48:26+00:00\",\"breadcrumb\":{\"@id\":\"https:\\\/\\\/diarioellabrador.cl\\\/index.php\\\/2026\\\/03\\\/09\\\/agua-de-los-campos-se-impuso-en-san-clemente-y-se-candidateo-para-el-nacional\\\/#breadcrumb\"},\"inLanguage\":\"es\",\"potentialAction\":[{\"@type\":\"ReadAction\",\"target\":[\"https:\\\/\\\/diarioellabrador.cl\\\/index.php\\\/2026\\\/03\\\/09\\\/agua-de-los-campos-se-impuso-en-san-clemente-y-se-candidateo-para-el-nacional\\\/\"]}]},{\"@type\":\"ImageObject\",\"inLanguage\":\"es\",\"@id\":\"https:\\\/\\\/diarioellabrador.cl\\\/index.php\\\/2026\\\/03\\\/09\\\/agua-de-los-campos-se-impuso-en-san-clemente-y-se-candidateo-para-el-nacional\\\/#primaryimage\",\"url\":\"https:\\\/\\\/diarioellabrador.cl\\\/wp-content\\\/uploads\\\/2026\\\/03\\\/Agua-de-los-Campos-se-impuso-en-San-Clemente-y-se-candidateo-para-el-Nacional.jpg\",\"contentUrl\":\"https:\\\/\\\/diarioellabrador.cl\\\/wp-content\\\/uploads\\\/2026\\\/03\\\/Agua-de-los-Campos-se-impuso-en-San-Clemente-y-se-candidateo-para-el-Nacional.jpg\",\"width\":750,\"height\":389},{\"@type\":\"BreadcrumbList\",\"@id\":\"https:\\\/\\\/diarioellabrador.cl\\\/index.php\\\/2026\\\/03\\\/09\\\/agua-de-los-campos-se-impuso-en-san-clemente-y-se-candidateo-para-el-nacional\\\/#breadcrumb\",\"itemListElement\":[{\"@type\":\"ListItem\",\"position\":1,\"name\":\"Portada\",\"item\":\"https:\\\/\\\/diarioellabrador.cl\\\/\"},{\"@type\":\"ListItem\",\"position\":2,\"name\":\"Agua de los Campos se impuso en San Clemente y se candidate\u00f3 para el Nacional\"}]},{\"@type\":\"WebSite\",\"@id\":\"https:\\\/\\\/diarioellabrador.cl\\\/#website\",\"url\":\"https:\\\/\\\/diarioellabrador.cl\\\/\",\"name\":\"Diario El Labrador\",\"description\":\"Haciendo noticia desde 1921\",\"publisher\":{\"@id\":\"https:\\\/\\\/diarioellabrador.cl\\\/#organization\"},\"potentialAction\":[{\"@type\":\"SearchAction\",\"target\":{\"@type\":\"EntryPoint\",\"urlTemplate\":\"https:\\\/\\\/diarioellabrador.cl\\\/?s={search_term_string}\"},\"query-input\":{\"@type\":\"PropertyValueSpecification\",\"valueRequired\":true,\"valueName\":\"search_term_string\"}}],\"inLanguage\":\"es\"},{\"@type\":\"Organization\",\"@id\":\"https:\\\/\\\/diarioellabrador.cl\\\/#organization\",\"name\":\"Diario El Labrador\",\"url\":\"https:\\\/\\\/diarioellabrador.cl\\\/\",\"logo\":{\"@type\":\"ImageObject\",\"inLanguage\":\"es\",\"@id\":\"https:\\\/\\\/diarioellabrador.cl\\\/#\\\/schema\\\/logo\\\/image\\\/\",\"url\":\"https:\\\/\\\/diarioellabrador.cl\\\/wp-content\\\/uploads\\\/2025\\\/02\\\/cropped-Logo-Icono.png\",\"contentUrl\":\"https:\\\/\\\/diarioellabrador.cl\\\/wp-content\\\/uploads\\\/2025\\\/02\\\/cropped-Logo-Icono.png\",\"width\":512,\"height\":512,\"caption\":\"Diario El Labrador\"},\"image\":{\"@id\":\"https:\\\/\\\/diarioellabrador.cl\\\/#\\\/schema\\\/logo\\\/image\\\/\"},\"sameAs\":[\"https:\\\/\\\/web.facebook.com\\\/profile.php?id=61576120840621\",\"https:\\\/\\\/x.com\\\/ElLabradorOf\",\"https:\\\/\\\/www.instagram.com\\\/diarioellabradoroficial\\\/\"]},{\"@type\":\"Person\",\"@id\":\"https:\\\/\\\/diarioellabrador.cl\\\/#\\\/schema\\\/person\\\/bc25ff80b4563f9c7f4bd7855df01685\",\"name\":\"Editor\",\"image\":{\"@type\":\"ImageObject\",\"inLanguage\":\"es\",\"@id\":\"https:\\\/\\\/secure.gravatar.com\\\/avatar\\\/109c326cf2be5c04f048c2c2a2b8b6ef44bf3d8d1d3d4c55d0ac40c4bc994684?s=96&d=mm&r=g\",\"url\":\"https:\\\/\\\/secure.gravatar.com\\\/avatar\\\/109c326cf2be5c04f048c2c2a2b8b6ef44bf3d8d1d3d4c55d0ac40c4bc994684?s=96&d=mm&r=g\",\"contentUrl\":\"https:\\\/\\\/secure.gravatar.com\\\/avatar\\\/109c326cf2be5c04f048c2c2a2b8b6ef44bf3d8d1d3d4c55d0ac40c4bc994684?s=96&d=mm&r=g\",\"caption\":\"Editor\"},\"url\":\"https:\\\/\\\/diarioellabrador.cl\\\/index.php\\\/author\\\/editor\\\/\"}]}<\/script>\n<!-- \/ Yoast SEO plugin. -->","yoast_head_json":{"title":"Agua de los Campos se impuso en San Clemente y se candidate\u00f3 para el Nacional - Diario El Labrador","robots":{"index":"index","follow":"follow","max-snippet":"max-snippet:-1","max-image-preview":"max-image-preview:large","max-video-preview":"max-video-preview:-1"},"canonical":"https:\/\/diarioellabrador.cl\/index.php\/2026\/03\/09\/agua-de-los-campos-se-impuso-en-san-clemente-y-se-candidateo-para-el-nacional\/","og_locale":"es_ES","og_type":"article","og_title":"Agua de los Campos se impuso en San Clemente y se candidate\u00f3 para el Nacional - Diario El Labrador","og_description":"Autor: Alejandro Alegr\u00eda Torres El Criadero Agua de los Campos y Maquena se impuso este domingo con autoridad y solidez en el Clasificatorio Centro que organiz\u00f3 la Asociaci\u00f3n Talca en la Medialuna \u00abFernando Hurtado Echenique\u00bb de San Clemente, transform\u00e1ndose en un potente candidato para lograr un nuevo t\u00edtulo en el Campeonato Nacional de Rodeo. Gonzalo Leer m\u00e1s","og_url":"https:\/\/diarioellabrador.cl\/index.php\/2026\/03\/09\/agua-de-los-campos-se-impuso-en-san-clemente-y-se-candidateo-para-el-nacional\/","og_site_name":"Diario El Labrador","article_publisher":"https:\/\/web.facebook.com\/profile.php?id=61576120840621","article_published_time":"2026-03-09T21:48:25+00:00","article_modified_time":"2026-03-09T21:48:26+00:00","og_image":[{"width":750,"height":389,"url":"https:\/\/diarioellabrador.cl\/wp-content\/uploads\/2026\/03\/Agua-de-los-Campos-se-impuso-en-San-Clemente-y-se-candidateo-para-el-Nacional.jpg","type":"image\/jpeg"}],"author":"Editor","twitter_card":"summary_large_image","twitter_creator":"@ElLabradorOf","twitter_site":"@ElLabradorOf","twitter_misc":{"Escrito por":"Editor","Tiempo de lectura":"6 minutos"},"schema":{"@context":"https:\/\/schema.org","@graph":[{"@type":"Article","@id":"https:\/\/diarioellabrador.cl\/index.php\/2026\/03\/09\/agua-de-los-campos-se-impuso-en-san-clemente-y-se-candidateo-para-el-nacional\/#article","isPartOf":{"@id":"https:\/\/diarioellabrador.cl\/index.php\/2026\/03\/09\/agua-de-los-campos-se-impuso-en-san-clemente-y-se-candidateo-para-el-nacional\/"},"author":{"name":"Editor","@id":"https:\/\/diarioellabrador.cl\/#\/schema\/person\/bc25ff80b4563f9c7f4bd7855df01685"},"headline":"Agua de los Campos se impuso en San Clemente y se candidate\u00f3 para el Nacional","datePublished":"2026-03-09T21:48:25+00:00","dateModified":"2026-03-09T21:48:26+00:00","mainEntityOfPage":{"@id":"https:\/\/diarioellabrador.cl\/index.php\/2026\/03\/09\/agua-de-los-campos-se-impuso-en-san-clemente-y-se-candidateo-para-el-nacional\/"},"wordCount":1232,"commentCount":0,"publisher":{"@id":"https:\/\/diarioellabrador.cl\/#organization"},"image":{"@id":"https:\/\/diarioellabrador.cl\/index.php\/2026\/03\/09\/agua-de-los-campos-se-impuso-en-san-clemente-y-se-candidateo-para-el-nacional\/#primaryimage"},"thumbnailUrl":"https:\/\/diarioellabrador.cl\/wp-content\/uploads\/2026\/03\/Agua-de-los-Campos-se-impuso-en-San-Clemente-y-se-candidateo-para-el-Nacional.jpg","articleSection":["Rodeo"],"inLanguage":"es","potentialAction":[{"@type":"CommentAction","name":"Comment","target":["https:\/\/diarioellabrador.cl\/index.php\/2026\/03\/09\/agua-de-los-campos-se-impuso-en-san-clemente-y-se-candidateo-para-el-nacional\/#respond"]}]},{"@type":"WebPage","@id":"https:\/\/diarioellabrador.cl\/index.php\/2026\/03\/09\/agua-de-los-campos-se-impuso-en-san-clemente-y-se-candidateo-para-el-nacional\/","url":"https:\/\/diarioellabrador.cl\/index.php\/2026\/03\/09\/agua-de-los-campos-se-impuso-en-san-clemente-y-se-candidateo-para-el-nacional\/","name":"Agua de los Campos se impuso en San Clemente y se candidate\u00f3 para el Nacional - Diario El Labrador","isPartOf":{"@id":"https:\/\/diarioellabrador.cl\/#website"},"primaryImageOfPage":{"@id":"https:\/\/diarioellabrador.cl\/index.php\/2026\/03\/09\/agua-de-los-campos-se-impuso-en-san-clemente-y-se-candidateo-para-el-nacional\/#primaryimage"},"image":{"@id":"https:\/\/diarioellabrador.cl\/index.php\/2026\/03\/09\/agua-de-los-campos-se-impuso-en-san-clemente-y-se-candidateo-para-el-nacional\/#primaryimage"},"thumbnailUrl":"https:\/\/diarioellabrador.cl\/wp-content\/uploads\/2026\/03\/Agua-de-los-Campos-se-impuso-en-San-Clemente-y-se-candidateo-para-el-Nacional.jpg","datePublished":"2026-03-09T21:48:25+00:00","dateModified":"2026-03-09T21:48:26+00:00","breadcrumb":{"@id":"https:\/\/diarioellabrador.cl\/index.php\/2026\/03\/09\/agua-de-los-campos-se-impuso-en-san-clemente-y-se-candidateo-para-el-nacional\/#breadcrumb"},"inLanguage":"es","potentialAction":[{"@type":"ReadAction","target":["https:\/\/diarioellabrador.cl\/index.php\/2026\/03\/09\/agua-de-los-campos-se-impuso-en-san-clemente-y-se-candidateo-para-el-nacional\/"]}]},{"@type":"ImageObject","inLanguage":"es","@id":"https:\/\/diarioellabrador.cl\/index.php\/2026\/03\/09\/agua-de-los-campos-se-impuso-en-san-clemente-y-se-candidateo-para-el-nacional\/#primaryimage","url":"https:\/\/diarioellabrador.cl\/wp-content\/uploads\/2026\/03\/Agua-de-los-Campos-se-impuso-en-San-Clemente-y-se-candidateo-para-el-Nacional.jpg","contentUrl":"https:\/\/diarioellabrador.cl\/wp-content\/uploads\/2026\/03\/Agua-de-los-Campos-se-impuso-en-San-Clemente-y-se-candidateo-para-el-Nacional.jpg","width":750,"height":389},{"@type":"BreadcrumbList","@id":"https:\/\/diarioellabrador.cl\/index.php\/2026\/03\/09\/agua-de-los-campos-se-impuso-en-san-clemente-y-se-candidateo-para-el-nacional\/#breadcrumb","itemListElement":[{"@type":"ListItem","position":1,"name":"Portada","item":"https:\/\/diarioellabrador.cl\/"},{"@type":"ListItem","position":2,"name":"Agua de los Campos se impuso en San Clemente y se candidate\u00f3 para el Nacional"}]},{"@type":"WebSite","@id":"https:\/\/diarioellabrador.cl\/#website","url":"https:\/\/diarioellabrador.cl\/","name":"Diario El Labrador","description":"Haciendo noticia desde 1921","publisher":{"@id":"https:\/\/diarioellabrador.cl\/#organization"},"potentialAction":[{"@type":"SearchAction","target":{"@type":"EntryPoint","urlTemplate":"https:\/\/diarioellabrador.cl\/?s={search_term_string}"},"query-input":{"@type":"PropertyValueSpecification","valueRequired":true,"valueName":"search_term_string"}}],"inLanguage":"es"},{"@type":"Organization","@id":"https:\/\/diarioellabrador.cl\/#organization","name":"Diario El Labrador","url":"https:\/\/diarioellabrador.cl\/","logo":{"@type":"ImageObject","inLanguage":"es","@id":"https:\/\/diarioellabrador.cl\/#\/schema\/logo\/image\/","url":"https:\/\/diarioellabrador.cl\/wp-content\/uploads\/2025\/02\/cropped-Logo-Icono.png","contentUrl":"https:\/\/diarioellabrador.cl\/wp-content\/uploads\/2025\/02\/cropped-Logo-Icono.png","width":512,"height":512,"caption":"Diario El Labrador"},"image":{"@id":"https:\/\/diarioellabrador.cl\/#\/schema\/logo\/image\/"},"sameAs":["https:\/\/web.facebook.com\/profile.php?id=61576120840621","https:\/\/x.com\/ElLabradorOf","https:\/\/www.instagram.com\/diarioellabradoroficial\/"]},{"@type":"Person","@id":"https:\/\/diarioellabrador.cl\/#\/schema\/person\/bc25ff80b4563f9c7f4bd7855df01685","name":"Editor","image":{"@type":"ImageObject","inLanguage":"es","@id":"https:\/\/secure.gravatar.com\/avatar\/109c326cf2be5c04f048c2c2a2b8b6ef44bf3d8d1d3d4c55d0ac40c4bc994684?s=96&d=mm&r=g","url":"https:\/\/secure.gravatar.com\/avatar\/109c326cf2be5c04f048c2c2a2b8b6ef44bf3d8d1d3d4c55d0ac40c4bc994684?s=96&d=mm&r=g","contentUrl":"https:\/\/secure.gravatar.com\/avatar\/109c326cf2be5c04f048c2c2a2b8b6ef44bf3d8d1d3d4c55d0ac40c4bc994684?s=96&d=mm&r=g","caption":"Editor"},"url":"https:\/\/diarioellabrador.cl\/index.php\/author\/editor\/"}]}},"_links":{"self":[{"href":"https:\/\/diarioellabrador.cl\/index.php\/wp-json\/wp\/v2\/posts\/16308","targetHints":{"allow":["GET"]}}],"collection":[{"href":"https:\/\/diarioellabrador.cl\/index.php\/wp-json\/wp\/v2\/posts"}],"about":[{"href":"https:\/\/diarioellabrador.cl\/index.php\/wp-json\/wp\/v2\/types\/post"}],"author":[{"embeddable":true,"href":"https:\/\/diarioellabrador.cl\/index.php\/wp-json\/wp\/v2\/users\/2"}],"replies":[{"embeddable":true,"href":"https:\/\/diarioellabrador.cl\/index.php\/wp-json\/wp\/v2\/comments?post=16308"}],"version-history":[{"count":1,"href":"https:\/\/diarioellabrador.cl\/index.php\/wp-json\/wp\/v2\/posts\/16308\/revisions"}],"predecessor-version":[{"id":16309,"href":"https:\/\/diarioellabrador.cl\/index.php\/wp-json\/wp\/v2\/posts\/16308\/revisions\/16309"}],"wp:featuredmedia":[{"embeddable":true,"href":"https:\/\/diarioellabrador.cl\/index.php\/wp-json\/wp\/v2\/media\/16294"}],"wp:attachment":[{"href":"https:\/\/diarioellabrador.cl\/index.php\/wp-json\/wp\/v2\/media?parent=16308"}],"wp:term":[{"taxonomy":"category","embeddable":true,"href":"https:\/\/diarioellabrador.cl\/index.php\/wp-json\/wp\/v2\/categories?post=16308"},{"taxonomy":"post_tag","embeddable":true,"href":"https:\/\/diarioellabrador.cl\/index.php\/wp-json\/wp\/v2\/tags?post=16308"}],"curies":[{"name":"wp","href":"https:\/\/api.w.org\/{rel}","templated":true}]}}