{"id":16306,"date":"2026-03-09T17:47:54","date_gmt":"2026-03-09T21:47:54","guid":{"rendered":"https:\/\/diarioellabrador.cl\/?p=16306"},"modified":"2026-03-09T17:47:56","modified_gmt":"2026-03-09T21:47:56","slug":"escandalosa-pelea-y-23-expulsados-clasico-cruzeiro-atletico-mineiro-termina-en-bochorno-mundial","status":"publish","type":"post","link":"https:\/\/diarioellabrador.cl\/index.php\/2026\/03\/09\/escandalosa-pelea-y-23-expulsados-clasico-cruzeiro-atletico-mineiro-termina-en-bochorno-mundial\/","title":{"rendered":"Escandalosa pelea y 23 expulsados: cl\u00e1sico Cruzeiro-Atl\u00e9tico Mineiro termina en bochorno mundial"},"content":{"rendered":"\n<p>La final del campeonato mineiro entre el <strong>Cruzeiro y el Atl\u00e9tico Mineiro<\/strong>, disputado en el estadio Mineirao de Belo Horizonte, pasar\u00e1 a la historia por la pelea generalizada sobre el c\u00e9sped entre los componentes de ambos equipos justo antes del final <strong>y las 23 expulsiones que decret\u00f3 el colegiado tras la contienda<\/strong>, que no pudo mostrar en el momento ante la magnitud del tumulto.<\/p>\n\n\n\n<p><strong>Las 23 rojas suponen un nuevo r\u00e9cord en la historia del f\u00fatbol brasile\u00f1o<\/strong>, una m\u00e1s que las que se decretaron en el Portuguesa-Botafogo del torneo R\u00edo-Sao Paulo en 1954.<\/p>\n\n\n\n<p>Con 1-0 a favor del Cruzeiro, con gol de Kaio Jorge a los 60 minutos, el tremendo bochorno, <strong>en la que hubo pu\u00f1etazos y patadas a lo largo de todo el terreno de juego<\/strong>, comenz\u00f3 con una disputa entre el centrocampista del Cruzeiro Christian y el meta del Atletico MG Everson, que se enzarzaron en la lucha de un bal\u00f3n.<\/p>\n\n\n\n<p>A partir de este instante se organiz\u00f3 una tremenda reyerta que comenz\u00f3 en dicha porter\u00ed<strong>a y acab\u00f3 llegando pr\u00e1cticamente a la otra meta entre golpes, pu\u00f1etazos, patadas, carreras,<\/strong> que tard\u00f3 en ser aplacada para poder disputarse el minuto final del encuentro.<\/p>\n\n\n\n<p>El colegiado Matheus Canda\u00e7an posteriormente decidi\u00f3 23 expulsiones, 21 de ellas justificadas as\u00ed:<strong> \u201cExpulsado por, durante la reyerta general tras la finalizaci\u00f3n del partido, golpear y dar pu\u00f1etazos y patadas a sus adversarios<\/strong>, no siendo posible mostrar la tarjeta roja debido al tumulto\u201d.<\/p>\n\n\n\n<p>Las dos excepciones fueron las de Christian, expulsado por golpear a Everson \u201cen la cabeza con la espinilla (canillera), con fuerza excesiva e intensidad alta\u201d, y el guardameta por \u201cagredir al rival con brutalidad, golpe\u00e1ndole con la rodilla en la cara\u201d.<\/p>\n\n\n\n<p>Los otros 21 expulsados fueron, por el Cruzeiro, Casio, Fagner, Fabricio Bruno, Joao Marcelo, Villalba, Kaua Prates, Lucas Romero, Matheus Henrique, Walace, Gerson y Kaio Jorge; y por el Atl\u00e9tico Mineiro, Gabriel Delfim, Preciado, Lyanco, Ruan Tressoldi, Junior Alonso, Renan Lodi, Alan Franco, Alan Minda, Cassierra y Hulk.<\/p>\n\n\n\n<p>\u201cExpulsado por, durante la reyerta general tras la finalizaci\u00f3n del partido, golpear y dar pu\u00f1etazos y patadas a sus adversarios, no siendo posible mostrar la tarjeta roja debido al tumulto\u201d, es el argumento oficial en el acta de su decisi\u00f3n.<strong> Todos tendr\u00e1n que cumplir la sanci\u00f3n en la pr\u00f3xima edici\u00f3n del Campeonato Mineiro.<\/strong><\/p>\n","protected":false},"excerpt":{"rendered":"<p>La final del campeonato mineiro entre el Cruzeiro y el Atl\u00e9tico Mineiro, disputado en el estadio Mineirao de Belo Horizonte, pasar\u00e1 a la historia por la pelea generalizada sobre el c\u00e9sped entre los componentes de ambos equipos justo antes del final y las 23 expulsiones que decret\u00f3 el colegiado tras la contienda, que no pudo<\/p>\n<div class=\"read-more-wrapper\"><a class=\"read-more\" href=\"https:\/\/diarioellabrador.cl\/index.php\/2026\/03\/09\/escandalosa-pelea-y-23-expulsados-clasico-cruzeiro-atletico-mineiro-termina-en-bochorno-mundial\/\" title=\"Leer m\u00e1s\"> <span class=\"button \">Leer m\u00e1s<\/span><\/a><\/div>\n","protected":false},"author":2,"featured_media":16295,"comment_status":"open","ping_status":"open","sticky":false,"template":"","format":"standard","meta":{"footnotes":""},"categories":[4],"tags":[],"class_list":["post-16306","post","type-post","status-publish","format-standard","has-post-thumbnail","hentry","category-deportes"],"yoast_head":"<!-- This site is optimized with the Yoast SEO plugin v27.5 - https:\/\/yoast.com\/product\/yoast-seo-wordpress\/ -->\n<title>Escandalosa pelea y 23 expulsados: cl\u00e1sico Cruzeiro-Atl\u00e9tico Mineiro termina en bochorno mundial - Diario El Labrador<\/title>\n<meta name=\"robots\" content=\"index, follow, max-snippet:-1, max-image-preview:large, max-video-preview:-1\" \/>\n<link rel=\"canonical\" href=\"https:\/\/diarioellabrador.cl\/index.php\/2026\/03\/09\/escandalosa-pelea-y-23-expulsados-clasico-cruzeiro-atletico-mineiro-termina-en-bochorno-mundial\/\" \/>\n<meta property=\"og:locale\" content=\"es_ES\" \/>\n<meta property=\"og:type\" content=\"article\" \/>\n<meta property=\"og:title\" content=\"Escandalosa pelea y 23 expulsados: cl\u00e1sico Cruzeiro-Atl\u00e9tico Mineiro termina en bochorno mundial - Diario El Labrador\" \/>\n<meta property=\"og:description\" content=\"La final del campeonato mineiro entre el Cruzeiro y el Atl\u00e9tico Mineiro, disputado en el estadio Mineirao de Belo Horizonte, pasar\u00e1 a la historia por la pelea generalizada sobre el c\u00e9sped entre los componentes de ambos equipos justo antes del final y las 23 expulsiones que decret\u00f3 el colegiado tras la contienda, que no pudo Leer m\u00e1s\" \/>\n<meta property=\"og:url\" content=\"https:\/\/diarioellabrador.cl\/index.php\/2026\/03\/09\/escandalosa-pelea-y-23-expulsados-clasico-cruzeiro-atletico-mineiro-termina-en-bochorno-mundial\/\" \/>\n<meta property=\"og:site_name\" content=\"Diario El Labrador\" \/>\n<meta property=\"article:publisher\" content=\"https:\/\/web.facebook.com\/profile.php?id=61576120840621\" \/>\n<meta property=\"article:published_time\" content=\"2026-03-09T21:47:54+00:00\" \/>\n<meta property=\"article:modified_time\" content=\"2026-03-09T21:47:56+00:00\" \/>\n<meta property=\"og:image\" content=\"https:\/\/diarioellabrador.cl\/wp-content\/uploads\/2026\/03\/Escandalosa-pelea-y-23-expulsados-clasico-Cruzeiro-Atletico-Mineiro-termina-en-bochorno-mundial.jpg\" \/>\n\t<meta property=\"og:image:width\" content=\"860\" \/>\n\t<meta property=\"og:image:height\" content=\"550\" \/>\n\t<meta property=\"og:image:type\" content=\"image\/jpeg\" \/>\n<meta name=\"author\" content=\"Editor\" \/>\n<meta name=\"twitter:card\" content=\"summary_large_image\" \/>\n<meta name=\"twitter:creator\" content=\"@ElLabradorOf\" \/>\n<meta name=\"twitter:site\" content=\"@ElLabradorOf\" \/>\n<meta name=\"twitter:label1\" content=\"Escrito por\" \/>\n\t<meta name=\"twitter:data1\" content=\"Editor\" \/>\n\t<meta name=\"twitter:label2\" content=\"Tiempo de lectura\" \/>\n\t<meta name=\"twitter:data2\" content=\"2 minutos\" \/>\n<script type=\"application\/ld+json\" class=\"yoast-schema-graph\">{\"@context\":\"https:\\\/\\\/schema.org\",\"@graph\":[{\"@type\":\"Article\",\"@id\":\"https:\\\/\\\/diarioellabrador.cl\\\/index.php\\\/2026\\\/03\\\/09\\\/escandalosa-pelea-y-23-expulsados-clasico-cruzeiro-atletico-mineiro-termina-en-bochorno-mundial\\\/#article\",\"isPartOf\":{\"@id\":\"https:\\\/\\\/diarioellabrador.cl\\\/index.php\\\/2026\\\/03\\\/09\\\/escandalosa-pelea-y-23-expulsados-clasico-cruzeiro-atletico-mineiro-termina-en-bochorno-mundial\\\/\"},\"author\":{\"name\":\"Editor\",\"@id\":\"https:\\\/\\\/diarioellabrador.cl\\\/#\\\/schema\\\/person\\\/bc25ff80b4563f9c7f4bd7855df01685\"},\"headline\":\"Escandalosa pelea y 23 expulsados: cl\u00e1sico Cruzeiro-Atl\u00e9tico Mineiro termina en bochorno mundial\",\"datePublished\":\"2026-03-09T21:47:54+00:00\",\"dateModified\":\"2026-03-09T21:47:56+00:00\",\"mainEntityOfPage\":{\"@id\":\"https:\\\/\\\/diarioellabrador.cl\\\/index.php\\\/2026\\\/03\\\/09\\\/escandalosa-pelea-y-23-expulsados-clasico-cruzeiro-atletico-mineiro-termina-en-bochorno-mundial\\\/\"},\"wordCount\":409,\"commentCount\":0,\"publisher\":{\"@id\":\"https:\\\/\\\/diarioellabrador.cl\\\/#organization\"},\"image\":{\"@id\":\"https:\\\/\\\/diarioellabrador.cl\\\/index.php\\\/2026\\\/03\\\/09\\\/escandalosa-pelea-y-23-expulsados-clasico-cruzeiro-atletico-mineiro-termina-en-bochorno-mundial\\\/#primaryimage\"},\"thumbnailUrl\":\"https:\\\/\\\/diarioellabrador.cl\\\/wp-content\\\/uploads\\\/2026\\\/03\\\/Escandalosa-pelea-y-23-expulsados-clasico-Cruzeiro-Atletico-Mineiro-termina-en-bochorno-mundial.jpg\",\"articleSection\":[\"Deportes\"],\"inLanguage\":\"es\",\"potentialAction\":[{\"@type\":\"CommentAction\",\"name\":\"Comment\",\"target\":[\"https:\\\/\\\/diarioellabrador.cl\\\/index.php\\\/2026\\\/03\\\/09\\\/escandalosa-pelea-y-23-expulsados-clasico-cruzeiro-atletico-mineiro-termina-en-bochorno-mundial\\\/#respond\"]}]},{\"@type\":\"WebPage\",\"@id\":\"https:\\\/\\\/diarioellabrador.cl\\\/index.php\\\/2026\\\/03\\\/09\\\/escandalosa-pelea-y-23-expulsados-clasico-cruzeiro-atletico-mineiro-termina-en-bochorno-mundial\\\/\",\"url\":\"https:\\\/\\\/diarioellabrador.cl\\\/index.php\\\/2026\\\/03\\\/09\\\/escandalosa-pelea-y-23-expulsados-clasico-cruzeiro-atletico-mineiro-termina-en-bochorno-mundial\\\/\",\"name\":\"Escandalosa pelea y 23 expulsados: cl\u00e1sico Cruzeiro-Atl\u00e9tico Mineiro termina en bochorno mundial - Diario El Labrador\",\"isPartOf\":{\"@id\":\"https:\\\/\\\/diarioellabrador.cl\\\/#website\"},\"primaryImageOfPage\":{\"@id\":\"https:\\\/\\\/diarioellabrador.cl\\\/index.php\\\/2026\\\/03\\\/09\\\/escandalosa-pelea-y-23-expulsados-clasico-cruzeiro-atletico-mineiro-termina-en-bochorno-mundial\\\/#primaryimage\"},\"image\":{\"@id\":\"https:\\\/\\\/diarioellabrador.cl\\\/index.php\\\/2026\\\/03\\\/09\\\/escandalosa-pelea-y-23-expulsados-clasico-cruzeiro-atletico-mineiro-termina-en-bochorno-mundial\\\/#primaryimage\"},\"thumbnailUrl\":\"https:\\\/\\\/diarioellabrador.cl\\\/wp-content\\\/uploads\\\/2026\\\/03\\\/Escandalosa-pelea-y-23-expulsados-clasico-Cruzeiro-Atletico-Mineiro-termina-en-bochorno-mundial.jpg\",\"datePublished\":\"2026-03-09T21:47:54+00:00\",\"dateModified\":\"2026-03-09T21:47:56+00:00\",\"breadcrumb\":{\"@id\":\"https:\\\/\\\/diarioellabrador.cl\\\/index.php\\\/2026\\\/03\\\/09\\\/escandalosa-pelea-y-23-expulsados-clasico-cruzeiro-atletico-mineiro-termina-en-bochorno-mundial\\\/#breadcrumb\"},\"inLanguage\":\"es\",\"potentialAction\":[{\"@type\":\"ReadAction\",\"target\":[\"https:\\\/\\\/diarioellabrador.cl\\\/index.php\\\/2026\\\/03\\\/09\\\/escandalosa-pelea-y-23-expulsados-clasico-cruzeiro-atletico-mineiro-termina-en-bochorno-mundial\\\/\"]}]},{\"@type\":\"ImageObject\",\"inLanguage\":\"es\",\"@id\":\"https:\\\/\\\/diarioellabrador.cl\\\/index.php\\\/2026\\\/03\\\/09\\\/escandalosa-pelea-y-23-expulsados-clasico-cruzeiro-atletico-mineiro-termina-en-bochorno-mundial\\\/#primaryimage\",\"url\":\"https:\\\/\\\/diarioellabrador.cl\\\/wp-content\\\/uploads\\\/2026\\\/03\\\/Escandalosa-pelea-y-23-expulsados-clasico-Cruzeiro-Atletico-Mineiro-termina-en-bochorno-mundial.jpg\",\"contentUrl\":\"https:\\\/\\\/diarioellabrador.cl\\\/wp-content\\\/uploads\\\/2026\\\/03\\\/Escandalosa-pelea-y-23-expulsados-clasico-Cruzeiro-Atletico-Mineiro-termina-en-bochorno-mundial.jpg\",\"width\":860,\"height\":550},{\"@type\":\"BreadcrumbList\",\"@id\":\"https:\\\/\\\/diarioellabrador.cl\\\/index.php\\\/2026\\\/03\\\/09\\\/escandalosa-pelea-y-23-expulsados-clasico-cruzeiro-atletico-mineiro-termina-en-bochorno-mundial\\\/#breadcrumb\",\"itemListElement\":[{\"@type\":\"ListItem\",\"position\":1,\"name\":\"Portada\",\"item\":\"https:\\\/\\\/diarioellabrador.cl\\\/\"},{\"@type\":\"ListItem\",\"position\":2,\"name\":\"Escandalosa pelea y 23 expulsados: cl\u00e1sico Cruzeiro-Atl\u00e9tico Mineiro termina en bochorno mundial\"}]},{\"@type\":\"WebSite\",\"@id\":\"https:\\\/\\\/diarioellabrador.cl\\\/#website\",\"url\":\"https:\\\/\\\/diarioellabrador.cl\\\/\",\"name\":\"Diario El Labrador\",\"description\":\"Haciendo noticia desde 1921\",\"publisher\":{\"@id\":\"https:\\\/\\\/diarioellabrador.cl\\\/#organization\"},\"potentialAction\":[{\"@type\":\"SearchAction\",\"target\":{\"@type\":\"EntryPoint\",\"urlTemplate\":\"https:\\\/\\\/diarioellabrador.cl\\\/?s={search_term_string}\"},\"query-input\":{\"@type\":\"PropertyValueSpecification\",\"valueRequired\":true,\"valueName\":\"search_term_string\"}}],\"inLanguage\":\"es\"},{\"@type\":\"Organization\",\"@id\":\"https:\\\/\\\/diarioellabrador.cl\\\/#organization\",\"name\":\"Diario El Labrador\",\"url\":\"https:\\\/\\\/diarioellabrador.cl\\\/\",\"logo\":{\"@type\":\"ImageObject\",\"inLanguage\":\"es\",\"@id\":\"https:\\\/\\\/diarioellabrador.cl\\\/#\\\/schema\\\/logo\\\/image\\\/\",\"url\":\"https:\\\/\\\/diarioellabrador.cl\\\/wp-content\\\/uploads\\\/2025\\\/02\\\/cropped-Logo-Icono.png\",\"contentUrl\":\"https:\\\/\\\/diarioellabrador.cl\\\/wp-content\\\/uploads\\\/2025\\\/02\\\/cropped-Logo-Icono.png\",\"width\":512,\"height\":512,\"caption\":\"Diario El Labrador\"},\"image\":{\"@id\":\"https:\\\/\\\/diarioellabrador.cl\\\/#\\\/schema\\\/logo\\\/image\\\/\"},\"sameAs\":[\"https:\\\/\\\/web.facebook.com\\\/profile.php?id=61576120840621\",\"https:\\\/\\\/x.com\\\/ElLabradorOf\",\"https:\\\/\\\/www.instagram.com\\\/diarioellabradoroficial\\\/\"]},{\"@type\":\"Person\",\"@id\":\"https:\\\/\\\/diarioellabrador.cl\\\/#\\\/schema\\\/person\\\/bc25ff80b4563f9c7f4bd7855df01685\",\"name\":\"Editor\",\"image\":{\"@type\":\"ImageObject\",\"inLanguage\":\"es\",\"@id\":\"https:\\\/\\\/secure.gravatar.com\\\/avatar\\\/109c326cf2be5c04f048c2c2a2b8b6ef44bf3d8d1d3d4c55d0ac40c4bc994684?s=96&d=mm&r=g\",\"url\":\"https:\\\/\\\/secure.gravatar.com\\\/avatar\\\/109c326cf2be5c04f048c2c2a2b8b6ef44bf3d8d1d3d4c55d0ac40c4bc994684?s=96&d=mm&r=g\",\"contentUrl\":\"https:\\\/\\\/secure.gravatar.com\\\/avatar\\\/109c326cf2be5c04f048c2c2a2b8b6ef44bf3d8d1d3d4c55d0ac40c4bc994684?s=96&d=mm&r=g\",\"caption\":\"Editor\"},\"url\":\"https:\\\/\\\/diarioellabrador.cl\\\/index.php\\\/author\\\/editor\\\/\"}]}<\/script>\n<!-- \/ Yoast SEO plugin. -->","yoast_head_json":{"title":"Escandalosa pelea y 23 expulsados: cl\u00e1sico Cruzeiro-Atl\u00e9tico Mineiro termina en bochorno mundial - Diario El Labrador","robots":{"index":"index","follow":"follow","max-snippet":"max-snippet:-1","max-image-preview":"max-image-preview:large","max-video-preview":"max-video-preview:-1"},"canonical":"https:\/\/diarioellabrador.cl\/index.php\/2026\/03\/09\/escandalosa-pelea-y-23-expulsados-clasico-cruzeiro-atletico-mineiro-termina-en-bochorno-mundial\/","og_locale":"es_ES","og_type":"article","og_title":"Escandalosa pelea y 23 expulsados: cl\u00e1sico Cruzeiro-Atl\u00e9tico Mineiro termina en bochorno mundial - Diario El Labrador","og_description":"La final del campeonato mineiro entre el Cruzeiro y el Atl\u00e9tico Mineiro, disputado en el estadio Mineirao de Belo Horizonte, pasar\u00e1 a la historia por la pelea generalizada sobre el c\u00e9sped entre los componentes de ambos equipos justo antes del final y las 23 expulsiones que decret\u00f3 el colegiado tras la contienda, que no pudo Leer m\u00e1s","og_url":"https:\/\/diarioellabrador.cl\/index.php\/2026\/03\/09\/escandalosa-pelea-y-23-expulsados-clasico-cruzeiro-atletico-mineiro-termina-en-bochorno-mundial\/","og_site_name":"Diario El Labrador","article_publisher":"https:\/\/web.facebook.com\/profile.php?id=61576120840621","article_published_time":"2026-03-09T21:47:54+00:00","article_modified_time":"2026-03-09T21:47:56+00:00","og_image":[{"width":860,"height":550,"url":"https:\/\/diarioellabrador.cl\/wp-content\/uploads\/2026\/03\/Escandalosa-pelea-y-23-expulsados-clasico-Cruzeiro-Atletico-Mineiro-termina-en-bochorno-mundial.jpg","type":"image\/jpeg"}],"author":"Editor","twitter_card":"summary_large_image","twitter_creator":"@ElLabradorOf","twitter_site":"@ElLabradorOf","twitter_misc":{"Escrito por":"Editor","Tiempo de lectura":"2 minutos"},"schema":{"@context":"https:\/\/schema.org","@graph":[{"@type":"Article","@id":"https:\/\/diarioellabrador.cl\/index.php\/2026\/03\/09\/escandalosa-pelea-y-23-expulsados-clasico-cruzeiro-atletico-mineiro-termina-en-bochorno-mundial\/#article","isPartOf":{"@id":"https:\/\/diarioellabrador.cl\/index.php\/2026\/03\/09\/escandalosa-pelea-y-23-expulsados-clasico-cruzeiro-atletico-mineiro-termina-en-bochorno-mundial\/"},"author":{"name":"Editor","@id":"https:\/\/diarioellabrador.cl\/#\/schema\/person\/bc25ff80b4563f9c7f4bd7855df01685"},"headline":"Escandalosa pelea y 23 expulsados: cl\u00e1sico Cruzeiro-Atl\u00e9tico Mineiro termina en bochorno mundial","datePublished":"2026-03-09T21:47:54+00:00","dateModified":"2026-03-09T21:47:56+00:00","mainEntityOfPage":{"@id":"https:\/\/diarioellabrador.cl\/index.php\/2026\/03\/09\/escandalosa-pelea-y-23-expulsados-clasico-cruzeiro-atletico-mineiro-termina-en-bochorno-mundial\/"},"wordCount":409,"commentCount":0,"publisher":{"@id":"https:\/\/diarioellabrador.cl\/#organization"},"image":{"@id":"https:\/\/diarioellabrador.cl\/index.php\/2026\/03\/09\/escandalosa-pelea-y-23-expulsados-clasico-cruzeiro-atletico-mineiro-termina-en-bochorno-mundial\/#primaryimage"},"thumbnailUrl":"https:\/\/diarioellabrador.cl\/wp-content\/uploads\/2026\/03\/Escandalosa-pelea-y-23-expulsados-clasico-Cruzeiro-Atletico-Mineiro-termina-en-bochorno-mundial.jpg","articleSection":["Deportes"],"inLanguage":"es","potentialAction":[{"@type":"CommentAction","name":"Comment","target":["https:\/\/diarioellabrador.cl\/index.php\/2026\/03\/09\/escandalosa-pelea-y-23-expulsados-clasico-cruzeiro-atletico-mineiro-termina-en-bochorno-mundial\/#respond"]}]},{"@type":"WebPage","@id":"https:\/\/diarioellabrador.cl\/index.php\/2026\/03\/09\/escandalosa-pelea-y-23-expulsados-clasico-cruzeiro-atletico-mineiro-termina-en-bochorno-mundial\/","url":"https:\/\/diarioellabrador.cl\/index.php\/2026\/03\/09\/escandalosa-pelea-y-23-expulsados-clasico-cruzeiro-atletico-mineiro-termina-en-bochorno-mundial\/","name":"Escandalosa pelea y 23 expulsados: cl\u00e1sico Cruzeiro-Atl\u00e9tico Mineiro termina en bochorno mundial - Diario El Labrador","isPartOf":{"@id":"https:\/\/diarioellabrador.cl\/#website"},"primaryImageOfPage":{"@id":"https:\/\/diarioellabrador.cl\/index.php\/2026\/03\/09\/escandalosa-pelea-y-23-expulsados-clasico-cruzeiro-atletico-mineiro-termina-en-bochorno-mundial\/#primaryimage"},"image":{"@id":"https:\/\/diarioellabrador.cl\/index.php\/2026\/03\/09\/escandalosa-pelea-y-23-expulsados-clasico-cruzeiro-atletico-mineiro-termina-en-bochorno-mundial\/#primaryimage"},"thumbnailUrl":"https:\/\/diarioellabrador.cl\/wp-content\/uploads\/2026\/03\/Escandalosa-pelea-y-23-expulsados-clasico-Cruzeiro-Atletico-Mineiro-termina-en-bochorno-mundial.jpg","datePublished":"2026-03-09T21:47:54+00:00","dateModified":"2026-03-09T21:47:56+00:00","breadcrumb":{"@id":"https:\/\/diarioellabrador.cl\/index.php\/2026\/03\/09\/escandalosa-pelea-y-23-expulsados-clasico-cruzeiro-atletico-mineiro-termina-en-bochorno-mundial\/#breadcrumb"},"inLanguage":"es","potentialAction":[{"@type":"ReadAction","target":["https:\/\/diarioellabrador.cl\/index.php\/2026\/03\/09\/escandalosa-pelea-y-23-expulsados-clasico-cruzeiro-atletico-mineiro-termina-en-bochorno-mundial\/"]}]},{"@type":"ImageObject","inLanguage":"es","@id":"https:\/\/diarioellabrador.cl\/index.php\/2026\/03\/09\/escandalosa-pelea-y-23-expulsados-clasico-cruzeiro-atletico-mineiro-termina-en-bochorno-mundial\/#primaryimage","url":"https:\/\/diarioellabrador.cl\/wp-content\/uploads\/2026\/03\/Escandalosa-pelea-y-23-expulsados-clasico-Cruzeiro-Atletico-Mineiro-termina-en-bochorno-mundial.jpg","contentUrl":"https:\/\/diarioellabrador.cl\/wp-content\/uploads\/2026\/03\/Escandalosa-pelea-y-23-expulsados-clasico-Cruzeiro-Atletico-Mineiro-termina-en-bochorno-mundial.jpg","width":860,"height":550},{"@type":"BreadcrumbList","@id":"https:\/\/diarioellabrador.cl\/index.php\/2026\/03\/09\/escandalosa-pelea-y-23-expulsados-clasico-cruzeiro-atletico-mineiro-termina-en-bochorno-mundial\/#breadcrumb","itemListElement":[{"@type":"ListItem","position":1,"name":"Portada","item":"https:\/\/diarioellabrador.cl\/"},{"@type":"ListItem","position":2,"name":"Escandalosa pelea y 23 expulsados: cl\u00e1sico Cruzeiro-Atl\u00e9tico Mineiro termina en bochorno mundial"}]},{"@type":"WebSite","@id":"https:\/\/diarioellabrador.cl\/#website","url":"https:\/\/diarioellabrador.cl\/","name":"Diario El Labrador","description":"Haciendo noticia desde 1921","publisher":{"@id":"https:\/\/diarioellabrador.cl\/#organization"},"potentialAction":[{"@type":"SearchAction","target":{"@type":"EntryPoint","urlTemplate":"https:\/\/diarioellabrador.cl\/?s={search_term_string}"},"query-input":{"@type":"PropertyValueSpecification","valueRequired":true,"valueName":"search_term_string"}}],"inLanguage":"es"},{"@type":"Organization","@id":"https:\/\/diarioellabrador.cl\/#organization","name":"Diario El Labrador","url":"https:\/\/diarioellabrador.cl\/","logo":{"@type":"ImageObject","inLanguage":"es","@id":"https:\/\/diarioellabrador.cl\/#\/schema\/logo\/image\/","url":"https:\/\/diarioellabrador.cl\/wp-content\/uploads\/2025\/02\/cropped-Logo-Icono.png","contentUrl":"https:\/\/diarioellabrador.cl\/wp-content\/uploads\/2025\/02\/cropped-Logo-Icono.png","width":512,"height":512,"caption":"Diario El Labrador"},"image":{"@id":"https:\/\/diarioellabrador.cl\/#\/schema\/logo\/image\/"},"sameAs":["https:\/\/web.facebook.com\/profile.php?id=61576120840621","https:\/\/x.com\/ElLabradorOf","https:\/\/www.instagram.com\/diarioellabradoroficial\/"]},{"@type":"Person","@id":"https:\/\/diarioellabrador.cl\/#\/schema\/person\/bc25ff80b4563f9c7f4bd7855df01685","name":"Editor","image":{"@type":"ImageObject","inLanguage":"es","@id":"https:\/\/secure.gravatar.com\/avatar\/109c326cf2be5c04f048c2c2a2b8b6ef44bf3d8d1d3d4c55d0ac40c4bc994684?s=96&d=mm&r=g","url":"https:\/\/secure.gravatar.com\/avatar\/109c326cf2be5c04f048c2c2a2b8b6ef44bf3d8d1d3d4c55d0ac40c4bc994684?s=96&d=mm&r=g","contentUrl":"https:\/\/secure.gravatar.com\/avatar\/109c326cf2be5c04f048c2c2a2b8b6ef44bf3d8d1d3d4c55d0ac40c4bc994684?s=96&d=mm&r=g","caption":"Editor"},"url":"https:\/\/diarioellabrador.cl\/index.php\/author\/editor\/"}]}},"_links":{"self":[{"href":"https:\/\/diarioellabrador.cl\/index.php\/wp-json\/wp\/v2\/posts\/16306","targetHints":{"allow":["GET"]}}],"collection":[{"href":"https:\/\/diarioellabrador.cl\/index.php\/wp-json\/wp\/v2\/posts"}],"about":[{"href":"https:\/\/diarioellabrador.cl\/index.php\/wp-json\/wp\/v2\/types\/post"}],"author":[{"embeddable":true,"href":"https:\/\/diarioellabrador.cl\/index.php\/wp-json\/wp\/v2\/users\/2"}],"replies":[{"embeddable":true,"href":"https:\/\/diarioellabrador.cl\/index.php\/wp-json\/wp\/v2\/comments?post=16306"}],"version-history":[{"count":1,"href":"https:\/\/diarioellabrador.cl\/index.php\/wp-json\/wp\/v2\/posts\/16306\/revisions"}],"predecessor-version":[{"id":16307,"href":"https:\/\/diarioellabrador.cl\/index.php\/wp-json\/wp\/v2\/posts\/16306\/revisions\/16307"}],"wp:featuredmedia":[{"embeddable":true,"href":"https:\/\/diarioellabrador.cl\/index.php\/wp-json\/wp\/v2\/media\/16295"}],"wp:attachment":[{"href":"https:\/\/diarioellabrador.cl\/index.php\/wp-json\/wp\/v2\/media?parent=16306"}],"wp:term":[{"taxonomy":"category","embeddable":true,"href":"https:\/\/diarioellabrador.cl\/index.php\/wp-json\/wp\/v2\/categories?post=16306"},{"taxonomy":"post_tag","embeddable":true,"href":"https:\/\/diarioellabrador.cl\/index.php\/wp-json\/wp\/v2\/tags?post=16306"}],"curies":[{"name":"wp","href":"https:\/\/api.w.org\/{rel}","templated":true}]}}