{"id":16304,"date":"2026-03-09T17:47:24","date_gmt":"2026-03-09T21:47:24","guid":{"rendered":"https:\/\/diarioellabrador.cl\/?p=16304"},"modified":"2026-03-09T17:47:26","modified_gmt":"2026-03-09T21:47:26","slug":"nicolas-bisquertt-brilla-en-juegos-paralimpicos-2026-esquiador-alpino-gana-su-primer-diploma-olimpico","status":"publish","type":"post","link":"https:\/\/diarioellabrador.cl\/index.php\/2026\/03\/09\/nicolas-bisquertt-brilla-en-juegos-paralimpicos-2026-esquiador-alpino-gana-su-primer-diploma-olimpico\/","title":{"rendered":"Nicol\u00e1s Bisquertt brilla en Juegos Paral\u00edmpicos 2026: esquiador alpino gana su primer Diploma Ol\u00edmpico"},"content":{"rendered":"\n<p><strong>Nicol\u00e1s Bisquertt, esquiador alpino chileno<\/strong>, alcanz\u00f3 este lunes el octavo lugar en S\u00faper Gigante de Milano-Cortina 2026 y le dio a Chile su mejor resultado hist\u00f3rico en los <strong>Juegos Paral\u00edmpicos de Invierno<\/strong>.<\/p>\n\n\n\n<p>El nacional, que hab\u00eda logrado en dos ocasiones el noveno puesto, <strong>alcanz\u00f3 esta vez la posici\u00f3n que le permite adem\u00e1s hacerse de su primer Diploma Paral\u00edmpico.<\/strong><\/p>\n\n\n\n<p>Resultado que lo revalida en su posici\u00f3n como el <strong>mejor nacional en los ol\u00edmpicos invernales<\/strong>. Thomas Grob ocup\u00f3 el onceavo lugar en el esqu\u00ed alpino combinado en Nagano 1998 y es el segundo mejor.<\/p>\n\n\n\n<p>Cabe destacar que Bisquertt viene demostrando su capacidad desde hace a\u00f1os. En uno de los \u00faltimos aprontes para los Juegos, en Juegos Mundiales Universitarios de Invierno de la FISU 2025, en Tur\u00edn, <strong>el esquiador fue medalla de oro y de plata en su disciplina.<\/strong><\/p>\n\n\n\n<p>Y, como ya est\u00e1 dicho, llega con la experiencia de <strong>PyeongChang 2018 y Beijing 2022.<\/strong><\/p>\n\n\n\n<h2 class=\"wp-block-heading\">Nicol\u00e1s Bisquertt sigue en los Juegos Paral\u00edmpicos 2026<\/h2>\n\n\n\n<p>Luego de romperla en el S\u00faper Gigante, el atleta de 27 a\u00f1os debe manejar la euforia utilizarla a su favor para lo que viene.<\/p>\n\n\n\n<p>El martes vuelve a la pista, para el combinado alpino, mientras que el tanto el viernes 13 como el domingo 15 se medir\u00e1 en el <strong>vertiginoso eslalon<\/strong>.<\/p>\n","protected":false},"excerpt":{"rendered":"<p>Nicol\u00e1s Bisquertt, esquiador alpino chileno, alcanz\u00f3 este lunes el octavo lugar en S\u00faper Gigante de Milano-Cortina 2026 y le dio a Chile su mejor resultado hist\u00f3rico en los Juegos Paral\u00edmpicos de Invierno. El nacional, que hab\u00eda logrado en dos ocasiones el noveno puesto, alcanz\u00f3 esta vez la posici\u00f3n que le permite adem\u00e1s hacerse de su<\/p>\n<div class=\"read-more-wrapper\"><a class=\"read-more\" href=\"https:\/\/diarioellabrador.cl\/index.php\/2026\/03\/09\/nicolas-bisquertt-brilla-en-juegos-paralimpicos-2026-esquiador-alpino-gana-su-primer-diploma-olimpico\/\" title=\"Leer m\u00e1s\"> <span class=\"button \">Leer m\u00e1s<\/span><\/a><\/div>\n","protected":false},"author":2,"featured_media":16298,"comment_status":"open","ping_status":"open","sticky":false,"template":"","format":"standard","meta":{"footnotes":""},"categories":[4],"tags":[],"class_list":["post-16304","post","type-post","status-publish","format-standard","has-post-thumbnail","hentry","category-deportes"],"yoast_head":"<!-- This site is optimized with the Yoast SEO plugin v27.5 - https:\/\/yoast.com\/product\/yoast-seo-wordpress\/ -->\n<title>Nicol\u00e1s Bisquertt brilla en Juegos Paral\u00edmpicos 2026: esquiador alpino gana su primer Diploma Ol\u00edmpico - Diario El Labrador<\/title>\n<meta name=\"robots\" content=\"index, follow, max-snippet:-1, max-image-preview:large, max-video-preview:-1\" \/>\n<link rel=\"canonical\" href=\"https:\/\/diarioellabrador.cl\/index.php\/2026\/03\/09\/nicolas-bisquertt-brilla-en-juegos-paralimpicos-2026-esquiador-alpino-gana-su-primer-diploma-olimpico\/\" \/>\n<meta property=\"og:locale\" content=\"es_ES\" \/>\n<meta property=\"og:type\" content=\"article\" \/>\n<meta property=\"og:title\" content=\"Nicol\u00e1s Bisquertt brilla en Juegos Paral\u00edmpicos 2026: esquiador alpino gana su primer Diploma Ol\u00edmpico - Diario El Labrador\" \/>\n<meta property=\"og:description\" content=\"Nicol\u00e1s Bisquertt, esquiador alpino chileno, alcanz\u00f3 este lunes el octavo lugar en S\u00faper Gigante de Milano-Cortina 2026 y le dio a Chile su mejor resultado hist\u00f3rico en los Juegos Paral\u00edmpicos de Invierno. El nacional, que hab\u00eda logrado en dos ocasiones el noveno puesto, alcanz\u00f3 esta vez la posici\u00f3n que le permite adem\u00e1s hacerse de su Leer m\u00e1s\" \/>\n<meta property=\"og:url\" content=\"https:\/\/diarioellabrador.cl\/index.php\/2026\/03\/09\/nicolas-bisquertt-brilla-en-juegos-paralimpicos-2026-esquiador-alpino-gana-su-primer-diploma-olimpico\/\" \/>\n<meta property=\"og:site_name\" content=\"Diario El Labrador\" \/>\n<meta property=\"article:publisher\" content=\"https:\/\/web.facebook.com\/profile.php?id=61576120840621\" \/>\n<meta property=\"article:published_time\" content=\"2026-03-09T21:47:24+00:00\" \/>\n<meta property=\"article:modified_time\" content=\"2026-03-09T21:47:26+00:00\" \/>\n<meta property=\"og:image\" content=\"https:\/\/diarioellabrador.cl\/wp-content\/uploads\/2026\/03\/Nicolas-Bisquertt-brilla-en-Juegos-Paralimpicos-2026-esquiador-alpino-gana-su-primer-Diploma-Olimpico.jpg\" \/>\n\t<meta property=\"og:image:width\" content=\"2440\" \/>\n\t<meta property=\"og:image:height\" content=\"1372\" \/>\n\t<meta property=\"og:image:type\" content=\"image\/jpeg\" \/>\n<meta name=\"author\" content=\"Editor\" \/>\n<meta name=\"twitter:card\" content=\"summary_large_image\" \/>\n<meta name=\"twitter:creator\" content=\"@ElLabradorOf\" \/>\n<meta name=\"twitter:site\" content=\"@ElLabradorOf\" \/>\n<meta name=\"twitter:label1\" content=\"Escrito por\" \/>\n\t<meta name=\"twitter:data1\" content=\"Editor\" \/>\n\t<meta name=\"twitter:label2\" content=\"Tiempo de lectura\" \/>\n\t<meta name=\"twitter:data2\" content=\"2 minutos\" \/>\n<script type=\"application\/ld+json\" class=\"yoast-schema-graph\">{\"@context\":\"https:\\\/\\\/schema.org\",\"@graph\":[{\"@type\":\"Article\",\"@id\":\"https:\\\/\\\/diarioellabrador.cl\\\/index.php\\\/2026\\\/03\\\/09\\\/nicolas-bisquertt-brilla-en-juegos-paralimpicos-2026-esquiador-alpino-gana-su-primer-diploma-olimpico\\\/#article\",\"isPartOf\":{\"@id\":\"https:\\\/\\\/diarioellabrador.cl\\\/index.php\\\/2026\\\/03\\\/09\\\/nicolas-bisquertt-brilla-en-juegos-paralimpicos-2026-esquiador-alpino-gana-su-primer-diploma-olimpico\\\/\"},\"author\":{\"name\":\"Editor\",\"@id\":\"https:\\\/\\\/diarioellabrador.cl\\\/#\\\/schema\\\/person\\\/bc25ff80b4563f9c7f4bd7855df01685\"},\"headline\":\"Nicol\u00e1s Bisquertt brilla en Juegos Paral\u00edmpicos 2026: esquiador alpino gana su primer Diploma Ol\u00edmpico\",\"datePublished\":\"2026-03-09T21:47:24+00:00\",\"dateModified\":\"2026-03-09T21:47:26+00:00\",\"mainEntityOfPage\":{\"@id\":\"https:\\\/\\\/diarioellabrador.cl\\\/index.php\\\/2026\\\/03\\\/09\\\/nicolas-bisquertt-brilla-en-juegos-paralimpicos-2026-esquiador-alpino-gana-su-primer-diploma-olimpico\\\/\"},\"wordCount\":233,\"commentCount\":0,\"publisher\":{\"@id\":\"https:\\\/\\\/diarioellabrador.cl\\\/#organization\"},\"image\":{\"@id\":\"https:\\\/\\\/diarioellabrador.cl\\\/index.php\\\/2026\\\/03\\\/09\\\/nicolas-bisquertt-brilla-en-juegos-paralimpicos-2026-esquiador-alpino-gana-su-primer-diploma-olimpico\\\/#primaryimage\"},\"thumbnailUrl\":\"https:\\\/\\\/diarioellabrador.cl\\\/wp-content\\\/uploads\\\/2026\\\/03\\\/Nicolas-Bisquertt-brilla-en-Juegos-Paralimpicos-2026-esquiador-alpino-gana-su-primer-Diploma-Olimpico.jpg\",\"articleSection\":[\"Deportes\"],\"inLanguage\":\"es\",\"potentialAction\":[{\"@type\":\"CommentAction\",\"name\":\"Comment\",\"target\":[\"https:\\\/\\\/diarioellabrador.cl\\\/index.php\\\/2026\\\/03\\\/09\\\/nicolas-bisquertt-brilla-en-juegos-paralimpicos-2026-esquiador-alpino-gana-su-primer-diploma-olimpico\\\/#respond\"]}]},{\"@type\":\"WebPage\",\"@id\":\"https:\\\/\\\/diarioellabrador.cl\\\/index.php\\\/2026\\\/03\\\/09\\\/nicolas-bisquertt-brilla-en-juegos-paralimpicos-2026-esquiador-alpino-gana-su-primer-diploma-olimpico\\\/\",\"url\":\"https:\\\/\\\/diarioellabrador.cl\\\/index.php\\\/2026\\\/03\\\/09\\\/nicolas-bisquertt-brilla-en-juegos-paralimpicos-2026-esquiador-alpino-gana-su-primer-diploma-olimpico\\\/\",\"name\":\"Nicol\u00e1s Bisquertt brilla en Juegos Paral\u00edmpicos 2026: esquiador alpino gana su primer Diploma Ol\u00edmpico - Diario El Labrador\",\"isPartOf\":{\"@id\":\"https:\\\/\\\/diarioellabrador.cl\\\/#website\"},\"primaryImageOfPage\":{\"@id\":\"https:\\\/\\\/diarioellabrador.cl\\\/index.php\\\/2026\\\/03\\\/09\\\/nicolas-bisquertt-brilla-en-juegos-paralimpicos-2026-esquiador-alpino-gana-su-primer-diploma-olimpico\\\/#primaryimage\"},\"image\":{\"@id\":\"https:\\\/\\\/diarioellabrador.cl\\\/index.php\\\/2026\\\/03\\\/09\\\/nicolas-bisquertt-brilla-en-juegos-paralimpicos-2026-esquiador-alpino-gana-su-primer-diploma-olimpico\\\/#primaryimage\"},\"thumbnailUrl\":\"https:\\\/\\\/diarioellabrador.cl\\\/wp-content\\\/uploads\\\/2026\\\/03\\\/Nicolas-Bisquertt-brilla-en-Juegos-Paralimpicos-2026-esquiador-alpino-gana-su-primer-Diploma-Olimpico.jpg\",\"datePublished\":\"2026-03-09T21:47:24+00:00\",\"dateModified\":\"2026-03-09T21:47:26+00:00\",\"breadcrumb\":{\"@id\":\"https:\\\/\\\/diarioellabrador.cl\\\/index.php\\\/2026\\\/03\\\/09\\\/nicolas-bisquertt-brilla-en-juegos-paralimpicos-2026-esquiador-alpino-gana-su-primer-diploma-olimpico\\\/#breadcrumb\"},\"inLanguage\":\"es\",\"potentialAction\":[{\"@type\":\"ReadAction\",\"target\":[\"https:\\\/\\\/diarioellabrador.cl\\\/index.php\\\/2026\\\/03\\\/09\\\/nicolas-bisquertt-brilla-en-juegos-paralimpicos-2026-esquiador-alpino-gana-su-primer-diploma-olimpico\\\/\"]}]},{\"@type\":\"ImageObject\",\"inLanguage\":\"es\",\"@id\":\"https:\\\/\\\/diarioellabrador.cl\\\/index.php\\\/2026\\\/03\\\/09\\\/nicolas-bisquertt-brilla-en-juegos-paralimpicos-2026-esquiador-alpino-gana-su-primer-diploma-olimpico\\\/#primaryimage\",\"url\":\"https:\\\/\\\/diarioellabrador.cl\\\/wp-content\\\/uploads\\\/2026\\\/03\\\/Nicolas-Bisquertt-brilla-en-Juegos-Paralimpicos-2026-esquiador-alpino-gana-su-primer-Diploma-Olimpico.jpg\",\"contentUrl\":\"https:\\\/\\\/diarioellabrador.cl\\\/wp-content\\\/uploads\\\/2026\\\/03\\\/Nicolas-Bisquertt-brilla-en-Juegos-Paralimpicos-2026-esquiador-alpino-gana-su-primer-Diploma-Olimpico.jpg\",\"width\":2440,\"height\":1372},{\"@type\":\"BreadcrumbList\",\"@id\":\"https:\\\/\\\/diarioellabrador.cl\\\/index.php\\\/2026\\\/03\\\/09\\\/nicolas-bisquertt-brilla-en-juegos-paralimpicos-2026-esquiador-alpino-gana-su-primer-diploma-olimpico\\\/#breadcrumb\",\"itemListElement\":[{\"@type\":\"ListItem\",\"position\":1,\"name\":\"Portada\",\"item\":\"https:\\\/\\\/diarioellabrador.cl\\\/\"},{\"@type\":\"ListItem\",\"position\":2,\"name\":\"Nicol\u00e1s Bisquertt brilla en Juegos Paral\u00edmpicos 2026: esquiador alpino gana su primer Diploma Ol\u00edmpico\"}]},{\"@type\":\"WebSite\",\"@id\":\"https:\\\/\\\/diarioellabrador.cl\\\/#website\",\"url\":\"https:\\\/\\\/diarioellabrador.cl\\\/\",\"name\":\"Diario El Labrador\",\"description\":\"Haciendo noticia desde 1921\",\"publisher\":{\"@id\":\"https:\\\/\\\/diarioellabrador.cl\\\/#organization\"},\"potentialAction\":[{\"@type\":\"SearchAction\",\"target\":{\"@type\":\"EntryPoint\",\"urlTemplate\":\"https:\\\/\\\/diarioellabrador.cl\\\/?s={search_term_string}\"},\"query-input\":{\"@type\":\"PropertyValueSpecification\",\"valueRequired\":true,\"valueName\":\"search_term_string\"}}],\"inLanguage\":\"es\"},{\"@type\":\"Organization\",\"@id\":\"https:\\\/\\\/diarioellabrador.cl\\\/#organization\",\"name\":\"Diario El Labrador\",\"url\":\"https:\\\/\\\/diarioellabrador.cl\\\/\",\"logo\":{\"@type\":\"ImageObject\",\"inLanguage\":\"es\",\"@id\":\"https:\\\/\\\/diarioellabrador.cl\\\/#\\\/schema\\\/logo\\\/image\\\/\",\"url\":\"https:\\\/\\\/diarioellabrador.cl\\\/wp-content\\\/uploads\\\/2025\\\/02\\\/cropped-Logo-Icono.png\",\"contentUrl\":\"https:\\\/\\\/diarioellabrador.cl\\\/wp-content\\\/uploads\\\/2025\\\/02\\\/cropped-Logo-Icono.png\",\"width\":512,\"height\":512,\"caption\":\"Diario El Labrador\"},\"image\":{\"@id\":\"https:\\\/\\\/diarioellabrador.cl\\\/#\\\/schema\\\/logo\\\/image\\\/\"},\"sameAs\":[\"https:\\\/\\\/web.facebook.com\\\/profile.php?id=61576120840621\",\"https:\\\/\\\/x.com\\\/ElLabradorOf\",\"https:\\\/\\\/www.instagram.com\\\/diarioellabradoroficial\\\/\"]},{\"@type\":\"Person\",\"@id\":\"https:\\\/\\\/diarioellabrador.cl\\\/#\\\/schema\\\/person\\\/bc25ff80b4563f9c7f4bd7855df01685\",\"name\":\"Editor\",\"image\":{\"@type\":\"ImageObject\",\"inLanguage\":\"es\",\"@id\":\"https:\\\/\\\/secure.gravatar.com\\\/avatar\\\/109c326cf2be5c04f048c2c2a2b8b6ef44bf3d8d1d3d4c55d0ac40c4bc994684?s=96&d=mm&r=g\",\"url\":\"https:\\\/\\\/secure.gravatar.com\\\/avatar\\\/109c326cf2be5c04f048c2c2a2b8b6ef44bf3d8d1d3d4c55d0ac40c4bc994684?s=96&d=mm&r=g\",\"contentUrl\":\"https:\\\/\\\/secure.gravatar.com\\\/avatar\\\/109c326cf2be5c04f048c2c2a2b8b6ef44bf3d8d1d3d4c55d0ac40c4bc994684?s=96&d=mm&r=g\",\"caption\":\"Editor\"},\"url\":\"https:\\\/\\\/diarioellabrador.cl\\\/index.php\\\/author\\\/editor\\\/\"}]}<\/script>\n<!-- \/ Yoast SEO plugin. -->","yoast_head_json":{"title":"Nicol\u00e1s Bisquertt brilla en Juegos Paral\u00edmpicos 2026: esquiador alpino gana su primer Diploma Ol\u00edmpico - Diario El Labrador","robots":{"index":"index","follow":"follow","max-snippet":"max-snippet:-1","max-image-preview":"max-image-preview:large","max-video-preview":"max-video-preview:-1"},"canonical":"https:\/\/diarioellabrador.cl\/index.php\/2026\/03\/09\/nicolas-bisquertt-brilla-en-juegos-paralimpicos-2026-esquiador-alpino-gana-su-primer-diploma-olimpico\/","og_locale":"es_ES","og_type":"article","og_title":"Nicol\u00e1s Bisquertt brilla en Juegos Paral\u00edmpicos 2026: esquiador alpino gana su primer Diploma Ol\u00edmpico - Diario El Labrador","og_description":"Nicol\u00e1s Bisquertt, esquiador alpino chileno, alcanz\u00f3 este lunes el octavo lugar en S\u00faper Gigante de Milano-Cortina 2026 y le dio a Chile su mejor resultado hist\u00f3rico en los Juegos Paral\u00edmpicos de Invierno. El nacional, que hab\u00eda logrado en dos ocasiones el noveno puesto, alcanz\u00f3 esta vez la posici\u00f3n que le permite adem\u00e1s hacerse de su Leer m\u00e1s","og_url":"https:\/\/diarioellabrador.cl\/index.php\/2026\/03\/09\/nicolas-bisquertt-brilla-en-juegos-paralimpicos-2026-esquiador-alpino-gana-su-primer-diploma-olimpico\/","og_site_name":"Diario El Labrador","article_publisher":"https:\/\/web.facebook.com\/profile.php?id=61576120840621","article_published_time":"2026-03-09T21:47:24+00:00","article_modified_time":"2026-03-09T21:47:26+00:00","og_image":[{"width":2440,"height":1372,"url":"https:\/\/diarioellabrador.cl\/wp-content\/uploads\/2026\/03\/Nicolas-Bisquertt-brilla-en-Juegos-Paralimpicos-2026-esquiador-alpino-gana-su-primer-Diploma-Olimpico.jpg","type":"image\/jpeg"}],"author":"Editor","twitter_card":"summary_large_image","twitter_creator":"@ElLabradorOf","twitter_site":"@ElLabradorOf","twitter_misc":{"Escrito por":"Editor","Tiempo de lectura":"2 minutos"},"schema":{"@context":"https:\/\/schema.org","@graph":[{"@type":"Article","@id":"https:\/\/diarioellabrador.cl\/index.php\/2026\/03\/09\/nicolas-bisquertt-brilla-en-juegos-paralimpicos-2026-esquiador-alpino-gana-su-primer-diploma-olimpico\/#article","isPartOf":{"@id":"https:\/\/diarioellabrador.cl\/index.php\/2026\/03\/09\/nicolas-bisquertt-brilla-en-juegos-paralimpicos-2026-esquiador-alpino-gana-su-primer-diploma-olimpico\/"},"author":{"name":"Editor","@id":"https:\/\/diarioellabrador.cl\/#\/schema\/person\/bc25ff80b4563f9c7f4bd7855df01685"},"headline":"Nicol\u00e1s Bisquertt brilla en Juegos Paral\u00edmpicos 2026: esquiador alpino gana su primer Diploma Ol\u00edmpico","datePublished":"2026-03-09T21:47:24+00:00","dateModified":"2026-03-09T21:47:26+00:00","mainEntityOfPage":{"@id":"https:\/\/diarioellabrador.cl\/index.php\/2026\/03\/09\/nicolas-bisquertt-brilla-en-juegos-paralimpicos-2026-esquiador-alpino-gana-su-primer-diploma-olimpico\/"},"wordCount":233,"commentCount":0,"publisher":{"@id":"https:\/\/diarioellabrador.cl\/#organization"},"image":{"@id":"https:\/\/diarioellabrador.cl\/index.php\/2026\/03\/09\/nicolas-bisquertt-brilla-en-juegos-paralimpicos-2026-esquiador-alpino-gana-su-primer-diploma-olimpico\/#primaryimage"},"thumbnailUrl":"https:\/\/diarioellabrador.cl\/wp-content\/uploads\/2026\/03\/Nicolas-Bisquertt-brilla-en-Juegos-Paralimpicos-2026-esquiador-alpino-gana-su-primer-Diploma-Olimpico.jpg","articleSection":["Deportes"],"inLanguage":"es","potentialAction":[{"@type":"CommentAction","name":"Comment","target":["https:\/\/diarioellabrador.cl\/index.php\/2026\/03\/09\/nicolas-bisquertt-brilla-en-juegos-paralimpicos-2026-esquiador-alpino-gana-su-primer-diploma-olimpico\/#respond"]}]},{"@type":"WebPage","@id":"https:\/\/diarioellabrador.cl\/index.php\/2026\/03\/09\/nicolas-bisquertt-brilla-en-juegos-paralimpicos-2026-esquiador-alpino-gana-su-primer-diploma-olimpico\/","url":"https:\/\/diarioellabrador.cl\/index.php\/2026\/03\/09\/nicolas-bisquertt-brilla-en-juegos-paralimpicos-2026-esquiador-alpino-gana-su-primer-diploma-olimpico\/","name":"Nicol\u00e1s Bisquertt brilla en Juegos Paral\u00edmpicos 2026: esquiador alpino gana su primer Diploma Ol\u00edmpico - Diario El Labrador","isPartOf":{"@id":"https:\/\/diarioellabrador.cl\/#website"},"primaryImageOfPage":{"@id":"https:\/\/diarioellabrador.cl\/index.php\/2026\/03\/09\/nicolas-bisquertt-brilla-en-juegos-paralimpicos-2026-esquiador-alpino-gana-su-primer-diploma-olimpico\/#primaryimage"},"image":{"@id":"https:\/\/diarioellabrador.cl\/index.php\/2026\/03\/09\/nicolas-bisquertt-brilla-en-juegos-paralimpicos-2026-esquiador-alpino-gana-su-primer-diploma-olimpico\/#primaryimage"},"thumbnailUrl":"https:\/\/diarioellabrador.cl\/wp-content\/uploads\/2026\/03\/Nicolas-Bisquertt-brilla-en-Juegos-Paralimpicos-2026-esquiador-alpino-gana-su-primer-Diploma-Olimpico.jpg","datePublished":"2026-03-09T21:47:24+00:00","dateModified":"2026-03-09T21:47:26+00:00","breadcrumb":{"@id":"https:\/\/diarioellabrador.cl\/index.php\/2026\/03\/09\/nicolas-bisquertt-brilla-en-juegos-paralimpicos-2026-esquiador-alpino-gana-su-primer-diploma-olimpico\/#breadcrumb"},"inLanguage":"es","potentialAction":[{"@type":"ReadAction","target":["https:\/\/diarioellabrador.cl\/index.php\/2026\/03\/09\/nicolas-bisquertt-brilla-en-juegos-paralimpicos-2026-esquiador-alpino-gana-su-primer-diploma-olimpico\/"]}]},{"@type":"ImageObject","inLanguage":"es","@id":"https:\/\/diarioellabrador.cl\/index.php\/2026\/03\/09\/nicolas-bisquertt-brilla-en-juegos-paralimpicos-2026-esquiador-alpino-gana-su-primer-diploma-olimpico\/#primaryimage","url":"https:\/\/diarioellabrador.cl\/wp-content\/uploads\/2026\/03\/Nicolas-Bisquertt-brilla-en-Juegos-Paralimpicos-2026-esquiador-alpino-gana-su-primer-Diploma-Olimpico.jpg","contentUrl":"https:\/\/diarioellabrador.cl\/wp-content\/uploads\/2026\/03\/Nicolas-Bisquertt-brilla-en-Juegos-Paralimpicos-2026-esquiador-alpino-gana-su-primer-Diploma-Olimpico.jpg","width":2440,"height":1372},{"@type":"BreadcrumbList","@id":"https:\/\/diarioellabrador.cl\/index.php\/2026\/03\/09\/nicolas-bisquertt-brilla-en-juegos-paralimpicos-2026-esquiador-alpino-gana-su-primer-diploma-olimpico\/#breadcrumb","itemListElement":[{"@type":"ListItem","position":1,"name":"Portada","item":"https:\/\/diarioellabrador.cl\/"},{"@type":"ListItem","position":2,"name":"Nicol\u00e1s Bisquertt brilla en Juegos Paral\u00edmpicos 2026: esquiador alpino gana su primer Diploma Ol\u00edmpico"}]},{"@type":"WebSite","@id":"https:\/\/diarioellabrador.cl\/#website","url":"https:\/\/diarioellabrador.cl\/","name":"Diario El Labrador","description":"Haciendo noticia desde 1921","publisher":{"@id":"https:\/\/diarioellabrador.cl\/#organization"},"potentialAction":[{"@type":"SearchAction","target":{"@type":"EntryPoint","urlTemplate":"https:\/\/diarioellabrador.cl\/?s={search_term_string}"},"query-input":{"@type":"PropertyValueSpecification","valueRequired":true,"valueName":"search_term_string"}}],"inLanguage":"es"},{"@type":"Organization","@id":"https:\/\/diarioellabrador.cl\/#organization","name":"Diario El Labrador","url":"https:\/\/diarioellabrador.cl\/","logo":{"@type":"ImageObject","inLanguage":"es","@id":"https:\/\/diarioellabrador.cl\/#\/schema\/logo\/image\/","url":"https:\/\/diarioellabrador.cl\/wp-content\/uploads\/2025\/02\/cropped-Logo-Icono.png","contentUrl":"https:\/\/diarioellabrador.cl\/wp-content\/uploads\/2025\/02\/cropped-Logo-Icono.png","width":512,"height":512,"caption":"Diario El Labrador"},"image":{"@id":"https:\/\/diarioellabrador.cl\/#\/schema\/logo\/image\/"},"sameAs":["https:\/\/web.facebook.com\/profile.php?id=61576120840621","https:\/\/x.com\/ElLabradorOf","https:\/\/www.instagram.com\/diarioellabradoroficial\/"]},{"@type":"Person","@id":"https:\/\/diarioellabrador.cl\/#\/schema\/person\/bc25ff80b4563f9c7f4bd7855df01685","name":"Editor","image":{"@type":"ImageObject","inLanguage":"es","@id":"https:\/\/secure.gravatar.com\/avatar\/109c326cf2be5c04f048c2c2a2b8b6ef44bf3d8d1d3d4c55d0ac40c4bc994684?s=96&d=mm&r=g","url":"https:\/\/secure.gravatar.com\/avatar\/109c326cf2be5c04f048c2c2a2b8b6ef44bf3d8d1d3d4c55d0ac40c4bc994684?s=96&d=mm&r=g","contentUrl":"https:\/\/secure.gravatar.com\/avatar\/109c326cf2be5c04f048c2c2a2b8b6ef44bf3d8d1d3d4c55d0ac40c4bc994684?s=96&d=mm&r=g","caption":"Editor"},"url":"https:\/\/diarioellabrador.cl\/index.php\/author\/editor\/"}]}},"_links":{"self":[{"href":"https:\/\/diarioellabrador.cl\/index.php\/wp-json\/wp\/v2\/posts\/16304","targetHints":{"allow":["GET"]}}],"collection":[{"href":"https:\/\/diarioellabrador.cl\/index.php\/wp-json\/wp\/v2\/posts"}],"about":[{"href":"https:\/\/diarioellabrador.cl\/index.php\/wp-json\/wp\/v2\/types\/post"}],"author":[{"embeddable":true,"href":"https:\/\/diarioellabrador.cl\/index.php\/wp-json\/wp\/v2\/users\/2"}],"replies":[{"embeddable":true,"href":"https:\/\/diarioellabrador.cl\/index.php\/wp-json\/wp\/v2\/comments?post=16304"}],"version-history":[{"count":1,"href":"https:\/\/diarioellabrador.cl\/index.php\/wp-json\/wp\/v2\/posts\/16304\/revisions"}],"predecessor-version":[{"id":16305,"href":"https:\/\/diarioellabrador.cl\/index.php\/wp-json\/wp\/v2\/posts\/16304\/revisions\/16305"}],"wp:featuredmedia":[{"embeddable":true,"href":"https:\/\/diarioellabrador.cl\/index.php\/wp-json\/wp\/v2\/media\/16298"}],"wp:attachment":[{"href":"https:\/\/diarioellabrador.cl\/index.php\/wp-json\/wp\/v2\/media?parent=16304"}],"wp:term":[{"taxonomy":"category","embeddable":true,"href":"https:\/\/diarioellabrador.cl\/index.php\/wp-json\/wp\/v2\/categories?post=16304"},{"taxonomy":"post_tag","embeddable":true,"href":"https:\/\/diarioellabrador.cl\/index.php\/wp-json\/wp\/v2\/tags?post=16304"}],"curies":[{"name":"wp","href":"https:\/\/api.w.org\/{rel}","templated":true}]}}