{"id":16273,"date":"2026-03-09T17:45:57","date_gmt":"2026-03-09T21:45:57","guid":{"rendered":"https:\/\/diarioellabrador.cl\/?p=16273"},"modified":"2026-03-10T00:20:15","modified_gmt":"2026-03-10T04:20:15","slug":"entre-bandas-y-temblores-las-anecdotas-del-cambio-de-mando-en-chile","status":"publish","type":"post","link":"https:\/\/diarioellabrador.cl\/index.php\/2026\/03\/09\/entre-bandas-y-temblores-las-anecdotas-del-cambio-de-mando-en-chile\/","title":{"rendered":"Entre bandas y temblores: las an\u00e9cdotas del cambio de mando en Chile"},"content":{"rendered":"<div class=\"wp-block-image\">\n<figure class=\"alignleft size-thumbnail\"><img loading=\"lazy\" decoding=\"async\" width=\"150\" height=\"150\" src=\"https:\/\/diarioellabrador.cl\/wp-content\/uploads\/2026\/03\/UDLA_Entre-bandas-y-temblores-las-anecdotas-del-cambio-de-mando-Jose-Pedro-Hernandez-150x150.jpg\" alt=\"\" class=\"wp-image-16274\" srcset=\"https:\/\/diarioellabrador.cl\/wp-content\/uploads\/2026\/03\/UDLA_Entre-bandas-y-temblores-las-anecdotas-del-cambio-de-mando-Jose-Pedro-Hernandez-150x150.jpg 150w, https:\/\/diarioellabrador.cl\/wp-content\/uploads\/2026\/03\/UDLA_Entre-bandas-y-temblores-las-anecdotas-del-cambio-de-mando-Jose-Pedro-Hernandez-95x95.jpg 95w, https:\/\/diarioellabrador.cl\/wp-content\/uploads\/2026\/03\/UDLA_Entre-bandas-y-temblores-las-anecdotas-del-cambio-de-mando-Jose-Pedro-Hernandez-140x140.jpg 140w\" sizes=\"auto, (max-width: 150px) 100vw, 150px\" \/><\/figure>\n<\/div>\n\n\n<p><br><br><br><strong>Jos\u00e9 Pedro Hern\u00e1ndez<\/strong><br>H<strong>istoriador y acad\u00e9mico de Universidad de Las Am\u00e9ricas<\/strong><\/p>\n\n\n\n<br>\n<br>\n\n\n\n<p>En Chile, el cambio de mando es uno de esos rituales que parecen escritos con pluma antigua: solemne, republicano, lleno de s\u00edmbolos y protocolos. El Presidente en ejercicio entrega la banda y la piocha al mandatario electo, y el pa\u00eds, al menos por un momento, se ordena en torno a esa escena. Pero cuando una tradici\u00f3n se repite por m\u00e1s de dos siglos, es inevitable que ocurra m\u00e1s de un chascarro.<\/p>\n\n\n\n<p>Partamos por los s\u00edmbolos. La piocha de O\u2019Higgins, peque\u00f1a pero cargada de historia, pasa de presidente en presidente sin intermediarios. La superstici\u00f3n popular advierte que, si cae al suelo, augura tiempos turbulentos, y como en Chile se toman en serio, el episodio en que Arturo Alessandri Palma la dej\u00f3 caer aliment\u00f3 la leyenda, sobre todo cuando su gobierno enfrent\u00f3 fuertes tensiones pol\u00edticas. La banda presidencial, en cambio, no es una reliquia \u00fanica, cada Presidente tiene la suya, y es el presidente o presidenta del Senado quien la coloca sobre sus hombros. Nada se deja al azar.<\/p>\n\n\n\n<p>En 1896, un siniestro oblig\u00f3 a trasladar la ceremonia desde el Congreso Nacional en Santiago a la Casa Central de la Universidad de Chile. Y en 1906, tras un devastador terremoto, el acto debi\u00f3 hacerse en el colegio Sagrados Corazones. S\u00ed, un Presidente asumiendo en un colegio. La historia tiene esas iron\u00edas.<\/p>\n\n\n\n<p>Con el retorno a la democracia en 1990, la ceremonia fue breve, apenas media hora. Todo parec\u00eda perfectamente calculado, hasta que el Ford Galaxie 500 que deb\u00eda trasladar a Patricio Aylwin se qued\u00f3 sin bencina. La escena pudo haber sido de pel\u00edcula, pero bast\u00f3 que el chofer pusiera dinero de su bolsillo para salvar la dignidad del momento.<\/p>\n\n\n\n<p>En 1994, durante el traspaso a Eduardo Frei, son\u00f3 un celular en pleno acto. Hoy ser\u00eda anecd\u00f3tico, pero entonces, cuando el tel\u00e9fono celular era casi un lujo ex\u00f3tico, provoc\u00f3 risas nerviosas. Como si fuera poco, el presidente de la C\u00e1mara de Diputados se qued\u00f3 sin l\u00e1piz y tuvo que pedir uno prestado para firmar. Tan simple, tan humano.<\/p>\n\n\n\n<p>En 2000, la nota la puso la madre de Ricardo Lagos, quien le desliz\u00f3 con ternura que pensara bien en lo que se estaba metiendo. Y en 2010, mientras Michelle Bachelet entregaba el mando a Sebasti\u00e1n Pi\u00f1era, una fuerte r\u00e9plica del terremoto, con alarma de tsunami incluida, remeci\u00f3 el Congreso en Valpara\u00edso. Las delegaciones extranjeras, poco habituadas a estos vaivenes tel\u00faricos, no sab\u00edan si mirar el techo o seguir el protocolo.<\/p>\n\n\n\n<p>M\u00e1s recientemente, las vueltas algo desorientadas del Presidente Gabriel Boric al inicio de su investidura arrancaron sonrisas espont\u00e1neas. Porque as\u00ed es nuestra historia republicana, solemne en el papel, pero profundamente humana en la pr\u00e1ctica. Y quiz\u00e1 all\u00ed radique su encanto.<\/p>\n","protected":false},"excerpt":{"rendered":"<p>Jos\u00e9 Pedro Hern\u00e1ndezHistoriador y acad\u00e9mico de Universidad de Las Am\u00e9ricas En Chile, el cambio de mando es uno de esos rituales que parecen escritos con pluma antigua: solemne, republicano, lleno de s\u00edmbolos y protocolos. El Presidente en ejercicio entrega la banda y la piocha al mandatario electo, y el pa\u00eds, al menos por un momento,<\/p>\n<div class=\"read-more-wrapper\"><a class=\"read-more\" href=\"https:\/\/diarioellabrador.cl\/index.php\/2026\/03\/09\/entre-bandas-y-temblores-las-anecdotas-del-cambio-de-mando-en-chile\/\" title=\"Leer m\u00e1s\"> <span class=\"button \">Leer m\u00e1s<\/span><\/a><\/div>\n","protected":false},"author":2,"featured_media":16348,"comment_status":"open","ping_status":"open","sticky":false,"template":"","format":"standard","meta":{"footnotes":""},"categories":[9],"tags":[],"class_list":["post-16273","post","type-post","status-publish","format-standard","has-post-thumbnail","hentry","category-opinion"],"yoast_head":"<!-- This site is optimized with the Yoast SEO plugin v27.5 - https:\/\/yoast.com\/product\/yoast-seo-wordpress\/ -->\n<title>Entre bandas y temblores: las an\u00e9cdotas del cambio de mando en Chile - Diario El Labrador<\/title>\n<meta name=\"robots\" content=\"index, follow, max-snippet:-1, max-image-preview:large, max-video-preview:-1\" \/>\n<link rel=\"canonical\" href=\"https:\/\/diarioellabrador.cl\/index.php\/2026\/03\/09\/entre-bandas-y-temblores-las-anecdotas-del-cambio-de-mando-en-chile\/\" \/>\n<meta property=\"og:locale\" content=\"es_ES\" \/>\n<meta property=\"og:type\" content=\"article\" \/>\n<meta property=\"og:title\" content=\"Entre bandas y temblores: las an\u00e9cdotas del cambio de mando en Chile - Diario El Labrador\" \/>\n<meta property=\"og:description\" content=\"Jos\u00e9 Pedro Hern\u00e1ndezHistoriador y acad\u00e9mico de Universidad de Las Am\u00e9ricas En Chile, el cambio de mando es uno de esos rituales que parecen escritos con pluma antigua: solemne, republicano, lleno de s\u00edmbolos y protocolos. El Presidente en ejercicio entrega la banda y la piocha al mandatario electo, y el pa\u00eds, al menos por un momento, Leer m\u00e1s\" \/>\n<meta property=\"og:url\" content=\"https:\/\/diarioellabrador.cl\/index.php\/2026\/03\/09\/entre-bandas-y-temblores-las-anecdotas-del-cambio-de-mando-en-chile\/\" \/>\n<meta property=\"og:site_name\" content=\"Diario El Labrador\" \/>\n<meta property=\"article:publisher\" content=\"https:\/\/web.facebook.com\/profile.php?id=61576120840621\" \/>\n<meta property=\"article:published_time\" content=\"2026-03-09T21:45:57+00:00\" \/>\n<meta property=\"article:modified_time\" content=\"2026-03-10T04:20:15+00:00\" \/>\n<meta property=\"og:image\" content=\"https:\/\/diarioellabrador.cl\/wp-content\/uploads\/2026\/03\/ChatGPT-Image-10-mar-2026-01_19_43-a.m-1024x683.png\" \/>\n\t<meta property=\"og:image:width\" content=\"1024\" \/>\n\t<meta property=\"og:image:height\" content=\"683\" \/>\n\t<meta property=\"og:image:type\" content=\"image\/png\" \/>\n<meta name=\"author\" content=\"Editor\" \/>\n<meta name=\"twitter:card\" content=\"summary_large_image\" \/>\n<meta name=\"twitter:creator\" content=\"@ElLabradorOf\" \/>\n<meta name=\"twitter:site\" content=\"@ElLabradorOf\" \/>\n<meta name=\"twitter:label1\" content=\"Escrito por\" \/>\n\t<meta name=\"twitter:data1\" content=\"Editor\" \/>\n\t<meta name=\"twitter:label2\" content=\"Tiempo de lectura\" \/>\n\t<meta name=\"twitter:data2\" content=\"3 minutos\" \/>\n<script type=\"application\/ld+json\" class=\"yoast-schema-graph\">{\"@context\":\"https:\\\/\\\/schema.org\",\"@graph\":[{\"@type\":\"Article\",\"@id\":\"https:\\\/\\\/diarioellabrador.cl\\\/index.php\\\/2026\\\/03\\\/09\\\/entre-bandas-y-temblores-las-anecdotas-del-cambio-de-mando-en-chile\\\/#article\",\"isPartOf\":{\"@id\":\"https:\\\/\\\/diarioellabrador.cl\\\/index.php\\\/2026\\\/03\\\/09\\\/entre-bandas-y-temblores-las-anecdotas-del-cambio-de-mando-en-chile\\\/\"},\"author\":{\"name\":\"Editor\",\"@id\":\"https:\\\/\\\/diarioellabrador.cl\\\/#\\\/schema\\\/person\\\/bc25ff80b4563f9c7f4bd7855df01685\"},\"headline\":\"Entre bandas y temblores: las an\u00e9cdotas del cambio de mando en Chile\",\"datePublished\":\"2026-03-09T21:45:57+00:00\",\"dateModified\":\"2026-03-10T04:20:15+00:00\",\"mainEntityOfPage\":{\"@id\":\"https:\\\/\\\/diarioellabrador.cl\\\/index.php\\\/2026\\\/03\\\/09\\\/entre-bandas-y-temblores-las-anecdotas-del-cambio-de-mando-en-chile\\\/\"},\"wordCount\":495,\"commentCount\":0,\"publisher\":{\"@id\":\"https:\\\/\\\/diarioellabrador.cl\\\/#organization\"},\"image\":{\"@id\":\"https:\\\/\\\/diarioellabrador.cl\\\/index.php\\\/2026\\\/03\\\/09\\\/entre-bandas-y-temblores-las-anecdotas-del-cambio-de-mando-en-chile\\\/#primaryimage\"},\"thumbnailUrl\":\"https:\\\/\\\/diarioellabrador.cl\\\/wp-content\\\/uploads\\\/2026\\\/03\\\/ChatGPT-Image-10-mar-2026-01_19_43-a.m.png\",\"articleSection\":[\"Opini\u00f3n\"],\"inLanguage\":\"es\",\"potentialAction\":[{\"@type\":\"CommentAction\",\"name\":\"Comment\",\"target\":[\"https:\\\/\\\/diarioellabrador.cl\\\/index.php\\\/2026\\\/03\\\/09\\\/entre-bandas-y-temblores-las-anecdotas-del-cambio-de-mando-en-chile\\\/#respond\"]}]},{\"@type\":\"WebPage\",\"@id\":\"https:\\\/\\\/diarioellabrador.cl\\\/index.php\\\/2026\\\/03\\\/09\\\/entre-bandas-y-temblores-las-anecdotas-del-cambio-de-mando-en-chile\\\/\",\"url\":\"https:\\\/\\\/diarioellabrador.cl\\\/index.php\\\/2026\\\/03\\\/09\\\/entre-bandas-y-temblores-las-anecdotas-del-cambio-de-mando-en-chile\\\/\",\"name\":\"Entre bandas y temblores: las an\u00e9cdotas del cambio de mando en Chile - Diario El Labrador\",\"isPartOf\":{\"@id\":\"https:\\\/\\\/diarioellabrador.cl\\\/#website\"},\"primaryImageOfPage\":{\"@id\":\"https:\\\/\\\/diarioellabrador.cl\\\/index.php\\\/2026\\\/03\\\/09\\\/entre-bandas-y-temblores-las-anecdotas-del-cambio-de-mando-en-chile\\\/#primaryimage\"},\"image\":{\"@id\":\"https:\\\/\\\/diarioellabrador.cl\\\/index.php\\\/2026\\\/03\\\/09\\\/entre-bandas-y-temblores-las-anecdotas-del-cambio-de-mando-en-chile\\\/#primaryimage\"},\"thumbnailUrl\":\"https:\\\/\\\/diarioellabrador.cl\\\/wp-content\\\/uploads\\\/2026\\\/03\\\/ChatGPT-Image-10-mar-2026-01_19_43-a.m.png\",\"datePublished\":\"2026-03-09T21:45:57+00:00\",\"dateModified\":\"2026-03-10T04:20:15+00:00\",\"breadcrumb\":{\"@id\":\"https:\\\/\\\/diarioellabrador.cl\\\/index.php\\\/2026\\\/03\\\/09\\\/entre-bandas-y-temblores-las-anecdotas-del-cambio-de-mando-en-chile\\\/#breadcrumb\"},\"inLanguage\":\"es\",\"potentialAction\":[{\"@type\":\"ReadAction\",\"target\":[\"https:\\\/\\\/diarioellabrador.cl\\\/index.php\\\/2026\\\/03\\\/09\\\/entre-bandas-y-temblores-las-anecdotas-del-cambio-de-mando-en-chile\\\/\"]}]},{\"@type\":\"ImageObject\",\"inLanguage\":\"es\",\"@id\":\"https:\\\/\\\/diarioellabrador.cl\\\/index.php\\\/2026\\\/03\\\/09\\\/entre-bandas-y-temblores-las-anecdotas-del-cambio-de-mando-en-chile\\\/#primaryimage\",\"url\":\"https:\\\/\\\/diarioellabrador.cl\\\/wp-content\\\/uploads\\\/2026\\\/03\\\/ChatGPT-Image-10-mar-2026-01_19_43-a.m.png\",\"contentUrl\":\"https:\\\/\\\/diarioellabrador.cl\\\/wp-content\\\/uploads\\\/2026\\\/03\\\/ChatGPT-Image-10-mar-2026-01_19_43-a.m.png\",\"width\":1536,\"height\":1024},{\"@type\":\"BreadcrumbList\",\"@id\":\"https:\\\/\\\/diarioellabrador.cl\\\/index.php\\\/2026\\\/03\\\/09\\\/entre-bandas-y-temblores-las-anecdotas-del-cambio-de-mando-en-chile\\\/#breadcrumb\",\"itemListElement\":[{\"@type\":\"ListItem\",\"position\":1,\"name\":\"Portada\",\"item\":\"https:\\\/\\\/diarioellabrador.cl\\\/\"},{\"@type\":\"ListItem\",\"position\":2,\"name\":\"Entre bandas y temblores: las an\u00e9cdotas del cambio de mando en Chile\"}]},{\"@type\":\"WebSite\",\"@id\":\"https:\\\/\\\/diarioellabrador.cl\\\/#website\",\"url\":\"https:\\\/\\\/diarioellabrador.cl\\\/\",\"name\":\"Diario El Labrador\",\"description\":\"Haciendo noticia desde 1921\",\"publisher\":{\"@id\":\"https:\\\/\\\/diarioellabrador.cl\\\/#organization\"},\"potentialAction\":[{\"@type\":\"SearchAction\",\"target\":{\"@type\":\"EntryPoint\",\"urlTemplate\":\"https:\\\/\\\/diarioellabrador.cl\\\/?s={search_term_string}\"},\"query-input\":{\"@type\":\"PropertyValueSpecification\",\"valueRequired\":true,\"valueName\":\"search_term_string\"}}],\"inLanguage\":\"es\"},{\"@type\":\"Organization\",\"@id\":\"https:\\\/\\\/diarioellabrador.cl\\\/#organization\",\"name\":\"Diario El Labrador\",\"url\":\"https:\\\/\\\/diarioellabrador.cl\\\/\",\"logo\":{\"@type\":\"ImageObject\",\"inLanguage\":\"es\",\"@id\":\"https:\\\/\\\/diarioellabrador.cl\\\/#\\\/schema\\\/logo\\\/image\\\/\",\"url\":\"https:\\\/\\\/diarioellabrador.cl\\\/wp-content\\\/uploads\\\/2025\\\/02\\\/cropped-Logo-Icono.png\",\"contentUrl\":\"https:\\\/\\\/diarioellabrador.cl\\\/wp-content\\\/uploads\\\/2025\\\/02\\\/cropped-Logo-Icono.png\",\"width\":512,\"height\":512,\"caption\":\"Diario El Labrador\"},\"image\":{\"@id\":\"https:\\\/\\\/diarioellabrador.cl\\\/#\\\/schema\\\/logo\\\/image\\\/\"},\"sameAs\":[\"https:\\\/\\\/web.facebook.com\\\/profile.php?id=61576120840621\",\"https:\\\/\\\/x.com\\\/ElLabradorOf\",\"https:\\\/\\\/www.instagram.com\\\/diarioellabradoroficial\\\/\"]},{\"@type\":\"Person\",\"@id\":\"https:\\\/\\\/diarioellabrador.cl\\\/#\\\/schema\\\/person\\\/bc25ff80b4563f9c7f4bd7855df01685\",\"name\":\"Editor\",\"image\":{\"@type\":\"ImageObject\",\"inLanguage\":\"es\",\"@id\":\"https:\\\/\\\/secure.gravatar.com\\\/avatar\\\/109c326cf2be5c04f048c2c2a2b8b6ef44bf3d8d1d3d4c55d0ac40c4bc994684?s=96&d=mm&r=g\",\"url\":\"https:\\\/\\\/secure.gravatar.com\\\/avatar\\\/109c326cf2be5c04f048c2c2a2b8b6ef44bf3d8d1d3d4c55d0ac40c4bc994684?s=96&d=mm&r=g\",\"contentUrl\":\"https:\\\/\\\/secure.gravatar.com\\\/avatar\\\/109c326cf2be5c04f048c2c2a2b8b6ef44bf3d8d1d3d4c55d0ac40c4bc994684?s=96&d=mm&r=g\",\"caption\":\"Editor\"},\"url\":\"https:\\\/\\\/diarioellabrador.cl\\\/index.php\\\/author\\\/editor\\\/\"}]}<\/script>\n<!-- \/ Yoast SEO plugin. -->","yoast_head_json":{"title":"Entre bandas y temblores: las an\u00e9cdotas del cambio de mando en Chile - Diario El Labrador","robots":{"index":"index","follow":"follow","max-snippet":"max-snippet:-1","max-image-preview":"max-image-preview:large","max-video-preview":"max-video-preview:-1"},"canonical":"https:\/\/diarioellabrador.cl\/index.php\/2026\/03\/09\/entre-bandas-y-temblores-las-anecdotas-del-cambio-de-mando-en-chile\/","og_locale":"es_ES","og_type":"article","og_title":"Entre bandas y temblores: las an\u00e9cdotas del cambio de mando en Chile - Diario El Labrador","og_description":"Jos\u00e9 Pedro Hern\u00e1ndezHistoriador y acad\u00e9mico de Universidad de Las Am\u00e9ricas En Chile, el cambio de mando es uno de esos rituales que parecen escritos con pluma antigua: solemne, republicano, lleno de s\u00edmbolos y protocolos. El Presidente en ejercicio entrega la banda y la piocha al mandatario electo, y el pa\u00eds, al menos por un momento, Leer m\u00e1s","og_url":"https:\/\/diarioellabrador.cl\/index.php\/2026\/03\/09\/entre-bandas-y-temblores-las-anecdotas-del-cambio-de-mando-en-chile\/","og_site_name":"Diario El Labrador","article_publisher":"https:\/\/web.facebook.com\/profile.php?id=61576120840621","article_published_time":"2026-03-09T21:45:57+00:00","article_modified_time":"2026-03-10T04:20:15+00:00","og_image":[{"width":1024,"height":683,"url":"https:\/\/diarioellabrador.cl\/wp-content\/uploads\/2026\/03\/ChatGPT-Image-10-mar-2026-01_19_43-a.m-1024x683.png","type":"image\/png"}],"author":"Editor","twitter_card":"summary_large_image","twitter_creator":"@ElLabradorOf","twitter_site":"@ElLabradorOf","twitter_misc":{"Escrito por":"Editor","Tiempo de lectura":"3 minutos"},"schema":{"@context":"https:\/\/schema.org","@graph":[{"@type":"Article","@id":"https:\/\/diarioellabrador.cl\/index.php\/2026\/03\/09\/entre-bandas-y-temblores-las-anecdotas-del-cambio-de-mando-en-chile\/#article","isPartOf":{"@id":"https:\/\/diarioellabrador.cl\/index.php\/2026\/03\/09\/entre-bandas-y-temblores-las-anecdotas-del-cambio-de-mando-en-chile\/"},"author":{"name":"Editor","@id":"https:\/\/diarioellabrador.cl\/#\/schema\/person\/bc25ff80b4563f9c7f4bd7855df01685"},"headline":"Entre bandas y temblores: las an\u00e9cdotas del cambio de mando en Chile","datePublished":"2026-03-09T21:45:57+00:00","dateModified":"2026-03-10T04:20:15+00:00","mainEntityOfPage":{"@id":"https:\/\/diarioellabrador.cl\/index.php\/2026\/03\/09\/entre-bandas-y-temblores-las-anecdotas-del-cambio-de-mando-en-chile\/"},"wordCount":495,"commentCount":0,"publisher":{"@id":"https:\/\/diarioellabrador.cl\/#organization"},"image":{"@id":"https:\/\/diarioellabrador.cl\/index.php\/2026\/03\/09\/entre-bandas-y-temblores-las-anecdotas-del-cambio-de-mando-en-chile\/#primaryimage"},"thumbnailUrl":"https:\/\/diarioellabrador.cl\/wp-content\/uploads\/2026\/03\/ChatGPT-Image-10-mar-2026-01_19_43-a.m.png","articleSection":["Opini\u00f3n"],"inLanguage":"es","potentialAction":[{"@type":"CommentAction","name":"Comment","target":["https:\/\/diarioellabrador.cl\/index.php\/2026\/03\/09\/entre-bandas-y-temblores-las-anecdotas-del-cambio-de-mando-en-chile\/#respond"]}]},{"@type":"WebPage","@id":"https:\/\/diarioellabrador.cl\/index.php\/2026\/03\/09\/entre-bandas-y-temblores-las-anecdotas-del-cambio-de-mando-en-chile\/","url":"https:\/\/diarioellabrador.cl\/index.php\/2026\/03\/09\/entre-bandas-y-temblores-las-anecdotas-del-cambio-de-mando-en-chile\/","name":"Entre bandas y temblores: las an\u00e9cdotas del cambio de mando en Chile - Diario El Labrador","isPartOf":{"@id":"https:\/\/diarioellabrador.cl\/#website"},"primaryImageOfPage":{"@id":"https:\/\/diarioellabrador.cl\/index.php\/2026\/03\/09\/entre-bandas-y-temblores-las-anecdotas-del-cambio-de-mando-en-chile\/#primaryimage"},"image":{"@id":"https:\/\/diarioellabrador.cl\/index.php\/2026\/03\/09\/entre-bandas-y-temblores-las-anecdotas-del-cambio-de-mando-en-chile\/#primaryimage"},"thumbnailUrl":"https:\/\/diarioellabrador.cl\/wp-content\/uploads\/2026\/03\/ChatGPT-Image-10-mar-2026-01_19_43-a.m.png","datePublished":"2026-03-09T21:45:57+00:00","dateModified":"2026-03-10T04:20:15+00:00","breadcrumb":{"@id":"https:\/\/diarioellabrador.cl\/index.php\/2026\/03\/09\/entre-bandas-y-temblores-las-anecdotas-del-cambio-de-mando-en-chile\/#breadcrumb"},"inLanguage":"es","potentialAction":[{"@type":"ReadAction","target":["https:\/\/diarioellabrador.cl\/index.php\/2026\/03\/09\/entre-bandas-y-temblores-las-anecdotas-del-cambio-de-mando-en-chile\/"]}]},{"@type":"ImageObject","inLanguage":"es","@id":"https:\/\/diarioellabrador.cl\/index.php\/2026\/03\/09\/entre-bandas-y-temblores-las-anecdotas-del-cambio-de-mando-en-chile\/#primaryimage","url":"https:\/\/diarioellabrador.cl\/wp-content\/uploads\/2026\/03\/ChatGPT-Image-10-mar-2026-01_19_43-a.m.png","contentUrl":"https:\/\/diarioellabrador.cl\/wp-content\/uploads\/2026\/03\/ChatGPT-Image-10-mar-2026-01_19_43-a.m.png","width":1536,"height":1024},{"@type":"BreadcrumbList","@id":"https:\/\/diarioellabrador.cl\/index.php\/2026\/03\/09\/entre-bandas-y-temblores-las-anecdotas-del-cambio-de-mando-en-chile\/#breadcrumb","itemListElement":[{"@type":"ListItem","position":1,"name":"Portada","item":"https:\/\/diarioellabrador.cl\/"},{"@type":"ListItem","position":2,"name":"Entre bandas y temblores: las an\u00e9cdotas del cambio de mando en Chile"}]},{"@type":"WebSite","@id":"https:\/\/diarioellabrador.cl\/#website","url":"https:\/\/diarioellabrador.cl\/","name":"Diario El Labrador","description":"Haciendo noticia desde 1921","publisher":{"@id":"https:\/\/diarioellabrador.cl\/#organization"},"potentialAction":[{"@type":"SearchAction","target":{"@type":"EntryPoint","urlTemplate":"https:\/\/diarioellabrador.cl\/?s={search_term_string}"},"query-input":{"@type":"PropertyValueSpecification","valueRequired":true,"valueName":"search_term_string"}}],"inLanguage":"es"},{"@type":"Organization","@id":"https:\/\/diarioellabrador.cl\/#organization","name":"Diario El Labrador","url":"https:\/\/diarioellabrador.cl\/","logo":{"@type":"ImageObject","inLanguage":"es","@id":"https:\/\/diarioellabrador.cl\/#\/schema\/logo\/image\/","url":"https:\/\/diarioellabrador.cl\/wp-content\/uploads\/2025\/02\/cropped-Logo-Icono.png","contentUrl":"https:\/\/diarioellabrador.cl\/wp-content\/uploads\/2025\/02\/cropped-Logo-Icono.png","width":512,"height":512,"caption":"Diario El Labrador"},"image":{"@id":"https:\/\/diarioellabrador.cl\/#\/schema\/logo\/image\/"},"sameAs":["https:\/\/web.facebook.com\/profile.php?id=61576120840621","https:\/\/x.com\/ElLabradorOf","https:\/\/www.instagram.com\/diarioellabradoroficial\/"]},{"@type":"Person","@id":"https:\/\/diarioellabrador.cl\/#\/schema\/person\/bc25ff80b4563f9c7f4bd7855df01685","name":"Editor","image":{"@type":"ImageObject","inLanguage":"es","@id":"https:\/\/secure.gravatar.com\/avatar\/109c326cf2be5c04f048c2c2a2b8b6ef44bf3d8d1d3d4c55d0ac40c4bc994684?s=96&d=mm&r=g","url":"https:\/\/secure.gravatar.com\/avatar\/109c326cf2be5c04f048c2c2a2b8b6ef44bf3d8d1d3d4c55d0ac40c4bc994684?s=96&d=mm&r=g","contentUrl":"https:\/\/secure.gravatar.com\/avatar\/109c326cf2be5c04f048c2c2a2b8b6ef44bf3d8d1d3d4c55d0ac40c4bc994684?s=96&d=mm&r=g","caption":"Editor"},"url":"https:\/\/diarioellabrador.cl\/index.php\/author\/editor\/"}]}},"_links":{"self":[{"href":"https:\/\/diarioellabrador.cl\/index.php\/wp-json\/wp\/v2\/posts\/16273","targetHints":{"allow":["GET"]}}],"collection":[{"href":"https:\/\/diarioellabrador.cl\/index.php\/wp-json\/wp\/v2\/posts"}],"about":[{"href":"https:\/\/diarioellabrador.cl\/index.php\/wp-json\/wp\/v2\/types\/post"}],"author":[{"embeddable":true,"href":"https:\/\/diarioellabrador.cl\/index.php\/wp-json\/wp\/v2\/users\/2"}],"replies":[{"embeddable":true,"href":"https:\/\/diarioellabrador.cl\/index.php\/wp-json\/wp\/v2\/comments?post=16273"}],"version-history":[{"count":2,"href":"https:\/\/diarioellabrador.cl\/index.php\/wp-json\/wp\/v2\/posts\/16273\/revisions"}],"predecessor-version":[{"id":16349,"href":"https:\/\/diarioellabrador.cl\/index.php\/wp-json\/wp\/v2\/posts\/16273\/revisions\/16349"}],"wp:featuredmedia":[{"embeddable":true,"href":"https:\/\/diarioellabrador.cl\/index.php\/wp-json\/wp\/v2\/media\/16348"}],"wp:attachment":[{"href":"https:\/\/diarioellabrador.cl\/index.php\/wp-json\/wp\/v2\/media?parent=16273"}],"wp:term":[{"taxonomy":"category","embeddable":true,"href":"https:\/\/diarioellabrador.cl\/index.php\/wp-json\/wp\/v2\/categories?post=16273"},{"taxonomy":"post_tag","embeddable":true,"href":"https:\/\/diarioellabrador.cl\/index.php\/wp-json\/wp\/v2\/tags?post=16273"}],"curies":[{"name":"wp","href":"https:\/\/api.w.org\/{rel}","templated":true}]}}