{"id":16248,"date":"2026-03-07T18:22:00","date_gmt":"2026-03-07T22:22:00","guid":{"rendered":"https:\/\/diarioellabrador.cl\/?p=16248"},"modified":"2026-03-07T16:22:39","modified_gmt":"2026-03-07T20:22:39","slug":"delegado-presidencial-provincial-bastian-alarcon-realiza-reconocimiento-a-carabineros-de-melipilla-en-cierre-de-su-gestion","status":"publish","type":"post","link":"https:\/\/diarioellabrador.cl\/index.php\/2026\/03\/07\/delegado-presidencial-provincial-bastian-alarcon-realiza-reconocimiento-a-carabineros-de-melipilla-en-cierre-de-su-gestion\/","title":{"rendered":"Delegado presidencial provincial Basti\u00e1n Alarc\u00f3n realiza reconocimiento a Carabineros de Melipilla en cierre de su gesti\u00f3n"},"content":{"rendered":"\n<ul class=\"wp-block-list\">\n<li><strong>Se trat\u00f3 de un encuentro protocolar, en el cual agradeci\u00f3 el apoyo en los diversos dispositivos efectuados a nivel territorial en pos de la seguridad del territorio.<\/strong><\/li>\n<\/ul>\n\n\n\n<p>En el marco del cierre de gesti\u00f3n, el delegado presidencial provincial de Melipilla, Basti\u00e1n Alarc\u00f3n, sostuvo un desayuno protocolar y de reconocimiento con el ex Comisario de la 24\u00b0 Comisar\u00eda de Melipilla y actual Teniente Coronel, Rodrigo Vera, subprefecto de los servicios de la Prefectura Costa; adem\u00e1s del comisario de la 24\u00b0 Comisar\u00eda, mayor Claudio Escobar; y el Subcomisario de los servicios de la 24\u00aa Comisar\u00eda de Carabineros, capit\u00e1n Fernando Vivar.<\/p>\n\n\n\n<p>Durante la actividad, la autoridad provincial hizo entrega de oficios de reconocimiento a los funcionarios policiales por su compromiso con la labor de resguardo y servicio en el territorio, destacando el trabajo efectuado durante el per\u00edodo en que ejerci\u00f3 funciones como delegado presidencial provincial.<\/p>\n\n\n\n<p>\u201cFue una reuni\u00f3n de reconocimiento respecto la labor de carabineros durante este a\u00f1o y tres meses en que he ejercido como Delegado Presidencial Provincial de Melipilla, donde destacamos resultados como la tasa de detenci\u00f3n m\u00e1s alta de la Regi\u00f3n Metropolitana, que adem\u00e1s resalta a nivel nacional, un foco estrat\u00e9gico que se debe al trabajo que ha realizado, en este caso, el ex comisario Rodrigo Vera Seguin, el ex coronel Jorge Hidalgo, el capit\u00e1n Fernando Vivar, misiones que tendr\u00e1 que incorporar el nuevo comisario de Melipilla, y el prefecto de la Prefectura Costa\u201d, indic\u00f3. &nbsp;&nbsp;<\/p>\n\n\n\n<p>En este sentido, explic\u00f3 que la instancia tambi\u00e9n tuvo como objetivo entregar un reconocimiento p\u00fablico a la labor de funcionarios policiales, puntualizando que se hizo entrega de \u201coficios de reconocimiento a la labor realizada por el actual comandante Rodrigo Vera y el Capit\u00e1n Fernando Vivar\u201d, resaltando que adem\u00e1s se hizo entrega de una medalla de honor, \u201cque representa nuestro esp\u00edritu melipillano con nuestro h\u00e9roe patrio local Ignacio Serrano Montaner, al comandante Teniente Coronel Rodrigo Vera, quien sigue trabajando a nivel Prefectura Costa, que involucra Melipilla y Talagante\u201d.<\/p>\n\n\n\n<p>En este sentido, el delegado agreg\u00f3 que durante el encuentro tambi\u00e9n se realiz\u00f3 un balance del trabajo conjunto desarrollado en materia de seguridad en la provincia, destacando diversos operativos desarrollados de forma coordinada. Entre ellos, mencion\u00f3 decomisos efectuados por la comisar\u00eda de Melipilla que superan las 14 mil unidades de medicamentos y cigarrillos de contrabando, adem\u00e1s de operativos intersectoriales junto al GOPE, allanamientos de viviendas y otras acciones coordinadas. \u201cEste es un trabajo sostenido que ha sido posible gracias a la coordinaci\u00f3n entre Carabineros, Delegaci\u00f3n Presidencial Provincial, los municipios, las polic\u00edas y distintos servicios p\u00fablicos, lo que ha permitido avanzar en mejores condiciones de seguridad para nuestras vecinas y vecinos\u201d.<\/p>\n\n\n\n<p>Asimismo, el Teniente Coronel, Rodrigo Vera, actual subprefecto de los servicios de la Prefectura Costa, valor\u00f3 la instancia. \u201cAgradecer la gentileza de nuestro delegado, que nos invit\u00f3 a compartir un momento de camarader\u00eda en Delegaci\u00f3n Presidencial. En esta ocasi\u00f3n agradecimos el trabajo colaborativo que hemos desarrollado durante estos meses, donde hemos obtenido grandes resultados en materia de seguridad\u201d.<\/p>\n\n\n\n<p>En esta l\u00ednea, enfatiz\u00f3 que \u201clos resultados est\u00e1n a la vista, trabajo en las ferias, aumento en la incautaci\u00f3n de droga y armas de fuego, mantener una tasa de detenci\u00f3n por sobre la media nacional, todo esto no es al azar, sino que es un trabajo colaborativo que hemos desarrollado, en que tambi\u00e9n agradecimos los esfuerzos en materia de seguridad desarrollado junto a otras instituciones, acciones lideradas por nuestro delegado, y ese es el recuerdo que nos llevamos, un trabajo respetuoso, comprometido, siempre orientado a la comunidad\u201d, concluy\u00f3.<\/p>\n","protected":false},"excerpt":{"rendered":"<p>En el marco del cierre de gesti\u00f3n, el delegado presidencial provincial de Melipilla, Basti\u00e1n Alarc\u00f3n, sostuvo un desayuno protocolar y de reconocimiento con el ex Comisario de la 24\u00b0 Comisar\u00eda de Melipilla y actual Teniente Coronel, Rodrigo Vera, subprefecto de los servicios de la Prefectura Costa; adem\u00e1s del comisario de la 24\u00b0 Comisar\u00eda, mayor Claudio<\/p>\n<div class=\"read-more-wrapper\"><a class=\"read-more\" href=\"https:\/\/diarioellabrador.cl\/index.php\/2026\/03\/07\/delegado-presidencial-provincial-bastian-alarcon-realiza-reconocimiento-a-carabineros-de-melipilla-en-cierre-de-su-gestion\/\" title=\"Leer m\u00e1s\"> <span class=\"button \">Leer m\u00e1s<\/span><\/a><\/div>\n","protected":false},"author":2,"featured_media":16211,"comment_status":"open","ping_status":"open","sticky":false,"template":"","format":"standard","meta":{"footnotes":""},"categories":[1],"tags":[],"class_list":["post-16248","post","type-post","status-publish","format-standard","has-post-thumbnail","hentry","category-cronica"],"yoast_head":"<!-- This site is optimized with the Yoast SEO plugin v27.5 - https:\/\/yoast.com\/product\/yoast-seo-wordpress\/ -->\n<title>Delegado presidencial provincial Basti\u00e1n Alarc\u00f3n realiza reconocimiento a Carabineros de Melipilla en cierre de su gesti\u00f3n - Diario El Labrador<\/title>\n<meta name=\"robots\" content=\"index, follow, max-snippet:-1, max-image-preview:large, max-video-preview:-1\" \/>\n<link rel=\"canonical\" href=\"https:\/\/diarioellabrador.cl\/index.php\/2026\/03\/07\/delegado-presidencial-provincial-bastian-alarcon-realiza-reconocimiento-a-carabineros-de-melipilla-en-cierre-de-su-gestion\/\" \/>\n<meta property=\"og:locale\" content=\"es_ES\" \/>\n<meta property=\"og:type\" content=\"article\" \/>\n<meta property=\"og:title\" content=\"Delegado presidencial provincial Basti\u00e1n Alarc\u00f3n realiza reconocimiento a Carabineros de Melipilla en cierre de su gesti\u00f3n - Diario El Labrador\" \/>\n<meta property=\"og:description\" content=\"En el marco del cierre de gesti\u00f3n, el delegado presidencial provincial de Melipilla, Basti\u00e1n Alarc\u00f3n, sostuvo un desayuno protocolar y de reconocimiento con el ex Comisario de la 24\u00b0 Comisar\u00eda de Melipilla y actual Teniente Coronel, Rodrigo Vera, subprefecto de los servicios de la Prefectura Costa; adem\u00e1s del comisario de la 24\u00b0 Comisar\u00eda, mayor Claudio Leer m\u00e1s\" \/>\n<meta property=\"og:url\" content=\"https:\/\/diarioellabrador.cl\/index.php\/2026\/03\/07\/delegado-presidencial-provincial-bastian-alarcon-realiza-reconocimiento-a-carabineros-de-melipilla-en-cierre-de-su-gestion\/\" \/>\n<meta property=\"og:site_name\" content=\"Diario El Labrador\" \/>\n<meta property=\"article:publisher\" content=\"https:\/\/web.facebook.com\/profile.php?id=61576120840621\" \/>\n<meta property=\"article:published_time\" content=\"2026-03-07T22:22:00+00:00\" \/>\n<meta property=\"og:image\" content=\"https:\/\/diarioellabrador.cl\/wp-content\/uploads\/2026\/03\/Desayuno-reconocimiento-Carabineros-2026-scaled.jpeg\" \/>\n\t<meta property=\"og:image:width\" content=\"2560\" \/>\n\t<meta property=\"og:image:height\" content=\"1920\" \/>\n\t<meta property=\"og:image:type\" content=\"image\/jpeg\" \/>\n<meta name=\"author\" content=\"Editor\" \/>\n<meta name=\"twitter:card\" content=\"summary_large_image\" \/>\n<meta name=\"twitter:creator\" content=\"@ElLabradorOf\" \/>\n<meta name=\"twitter:site\" content=\"@ElLabradorOf\" \/>\n<meta name=\"twitter:label1\" content=\"Escrito por\" \/>\n\t<meta name=\"twitter:data1\" content=\"Editor\" \/>\n\t<meta name=\"twitter:label2\" content=\"Tiempo de lectura\" \/>\n\t<meta name=\"twitter:data2\" content=\"3 minutos\" \/>\n<script type=\"application\/ld+json\" class=\"yoast-schema-graph\">{\"@context\":\"https:\\\/\\\/schema.org\",\"@graph\":[{\"@type\":\"Article\",\"@id\":\"https:\\\/\\\/diarioellabrador.cl\\\/index.php\\\/2026\\\/03\\\/07\\\/delegado-presidencial-provincial-bastian-alarcon-realiza-reconocimiento-a-carabineros-de-melipilla-en-cierre-de-su-gestion\\\/#article\",\"isPartOf\":{\"@id\":\"https:\\\/\\\/diarioellabrador.cl\\\/index.php\\\/2026\\\/03\\\/07\\\/delegado-presidencial-provincial-bastian-alarcon-realiza-reconocimiento-a-carabineros-de-melipilla-en-cierre-de-su-gestion\\\/\"},\"author\":{\"name\":\"Editor\",\"@id\":\"https:\\\/\\\/diarioellabrador.cl\\\/#\\\/schema\\\/person\\\/bc25ff80b4563f9c7f4bd7855df01685\"},\"headline\":\"Delegado presidencial provincial Basti\u00e1n Alarc\u00f3n realiza reconocimiento a Carabineros de Melipilla en cierre de su gesti\u00f3n\",\"datePublished\":\"2026-03-07T22:22:00+00:00\",\"mainEntityOfPage\":{\"@id\":\"https:\\\/\\\/diarioellabrador.cl\\\/index.php\\\/2026\\\/03\\\/07\\\/delegado-presidencial-provincial-bastian-alarcon-realiza-reconocimiento-a-carabineros-de-melipilla-en-cierre-de-su-gestion\\\/\"},\"wordCount\":633,\"commentCount\":0,\"publisher\":{\"@id\":\"https:\\\/\\\/diarioellabrador.cl\\\/#organization\"},\"image\":{\"@id\":\"https:\\\/\\\/diarioellabrador.cl\\\/index.php\\\/2026\\\/03\\\/07\\\/delegado-presidencial-provincial-bastian-alarcon-realiza-reconocimiento-a-carabineros-de-melipilla-en-cierre-de-su-gestion\\\/#primaryimage\"},\"thumbnailUrl\":\"https:\\\/\\\/diarioellabrador.cl\\\/wp-content\\\/uploads\\\/2026\\\/03\\\/Desayuno-reconocimiento-Carabineros-2026-scaled.jpeg\",\"articleSection\":[\"Cr\u00f3nica\"],\"inLanguage\":\"es\",\"potentialAction\":[{\"@type\":\"CommentAction\",\"name\":\"Comment\",\"target\":[\"https:\\\/\\\/diarioellabrador.cl\\\/index.php\\\/2026\\\/03\\\/07\\\/delegado-presidencial-provincial-bastian-alarcon-realiza-reconocimiento-a-carabineros-de-melipilla-en-cierre-de-su-gestion\\\/#respond\"]}]},{\"@type\":\"WebPage\",\"@id\":\"https:\\\/\\\/diarioellabrador.cl\\\/index.php\\\/2026\\\/03\\\/07\\\/delegado-presidencial-provincial-bastian-alarcon-realiza-reconocimiento-a-carabineros-de-melipilla-en-cierre-de-su-gestion\\\/\",\"url\":\"https:\\\/\\\/diarioellabrador.cl\\\/index.php\\\/2026\\\/03\\\/07\\\/delegado-presidencial-provincial-bastian-alarcon-realiza-reconocimiento-a-carabineros-de-melipilla-en-cierre-de-su-gestion\\\/\",\"name\":\"Delegado presidencial provincial Basti\u00e1n Alarc\u00f3n realiza reconocimiento a Carabineros de Melipilla en cierre de su gesti\u00f3n - Diario El Labrador\",\"isPartOf\":{\"@id\":\"https:\\\/\\\/diarioellabrador.cl\\\/#website\"},\"primaryImageOfPage\":{\"@id\":\"https:\\\/\\\/diarioellabrador.cl\\\/index.php\\\/2026\\\/03\\\/07\\\/delegado-presidencial-provincial-bastian-alarcon-realiza-reconocimiento-a-carabineros-de-melipilla-en-cierre-de-su-gestion\\\/#primaryimage\"},\"image\":{\"@id\":\"https:\\\/\\\/diarioellabrador.cl\\\/index.php\\\/2026\\\/03\\\/07\\\/delegado-presidencial-provincial-bastian-alarcon-realiza-reconocimiento-a-carabineros-de-melipilla-en-cierre-de-su-gestion\\\/#primaryimage\"},\"thumbnailUrl\":\"https:\\\/\\\/diarioellabrador.cl\\\/wp-content\\\/uploads\\\/2026\\\/03\\\/Desayuno-reconocimiento-Carabineros-2026-scaled.jpeg\",\"datePublished\":\"2026-03-07T22:22:00+00:00\",\"breadcrumb\":{\"@id\":\"https:\\\/\\\/diarioellabrador.cl\\\/index.php\\\/2026\\\/03\\\/07\\\/delegado-presidencial-provincial-bastian-alarcon-realiza-reconocimiento-a-carabineros-de-melipilla-en-cierre-de-su-gestion\\\/#breadcrumb\"},\"inLanguage\":\"es\",\"potentialAction\":[{\"@type\":\"ReadAction\",\"target\":[\"https:\\\/\\\/diarioellabrador.cl\\\/index.php\\\/2026\\\/03\\\/07\\\/delegado-presidencial-provincial-bastian-alarcon-realiza-reconocimiento-a-carabineros-de-melipilla-en-cierre-de-su-gestion\\\/\"]}]},{\"@type\":\"ImageObject\",\"inLanguage\":\"es\",\"@id\":\"https:\\\/\\\/diarioellabrador.cl\\\/index.php\\\/2026\\\/03\\\/07\\\/delegado-presidencial-provincial-bastian-alarcon-realiza-reconocimiento-a-carabineros-de-melipilla-en-cierre-de-su-gestion\\\/#primaryimage\",\"url\":\"https:\\\/\\\/diarioellabrador.cl\\\/wp-content\\\/uploads\\\/2026\\\/03\\\/Desayuno-reconocimiento-Carabineros-2026-scaled.jpeg\",\"contentUrl\":\"https:\\\/\\\/diarioellabrador.cl\\\/wp-content\\\/uploads\\\/2026\\\/03\\\/Desayuno-reconocimiento-Carabineros-2026-scaled.jpeg\",\"width\":2560,\"height\":1920},{\"@type\":\"BreadcrumbList\",\"@id\":\"https:\\\/\\\/diarioellabrador.cl\\\/index.php\\\/2026\\\/03\\\/07\\\/delegado-presidencial-provincial-bastian-alarcon-realiza-reconocimiento-a-carabineros-de-melipilla-en-cierre-de-su-gestion\\\/#breadcrumb\",\"itemListElement\":[{\"@type\":\"ListItem\",\"position\":1,\"name\":\"Portada\",\"item\":\"https:\\\/\\\/diarioellabrador.cl\\\/\"},{\"@type\":\"ListItem\",\"position\":2,\"name\":\"Delegado presidencial provincial Basti\u00e1n Alarc\u00f3n realiza reconocimiento a Carabineros de Melipilla en cierre de su gesti\u00f3n\"}]},{\"@type\":\"WebSite\",\"@id\":\"https:\\\/\\\/diarioellabrador.cl\\\/#website\",\"url\":\"https:\\\/\\\/diarioellabrador.cl\\\/\",\"name\":\"Diario El Labrador\",\"description\":\"Haciendo noticia desde 1921\",\"publisher\":{\"@id\":\"https:\\\/\\\/diarioellabrador.cl\\\/#organization\"},\"potentialAction\":[{\"@type\":\"SearchAction\",\"target\":{\"@type\":\"EntryPoint\",\"urlTemplate\":\"https:\\\/\\\/diarioellabrador.cl\\\/?s={search_term_string}\"},\"query-input\":{\"@type\":\"PropertyValueSpecification\",\"valueRequired\":true,\"valueName\":\"search_term_string\"}}],\"inLanguage\":\"es\"},{\"@type\":\"Organization\",\"@id\":\"https:\\\/\\\/diarioellabrador.cl\\\/#organization\",\"name\":\"Diario El Labrador\",\"url\":\"https:\\\/\\\/diarioellabrador.cl\\\/\",\"logo\":{\"@type\":\"ImageObject\",\"inLanguage\":\"es\",\"@id\":\"https:\\\/\\\/diarioellabrador.cl\\\/#\\\/schema\\\/logo\\\/image\\\/\",\"url\":\"https:\\\/\\\/diarioellabrador.cl\\\/wp-content\\\/uploads\\\/2025\\\/02\\\/cropped-Logo-Icono.png\",\"contentUrl\":\"https:\\\/\\\/diarioellabrador.cl\\\/wp-content\\\/uploads\\\/2025\\\/02\\\/cropped-Logo-Icono.png\",\"width\":512,\"height\":512,\"caption\":\"Diario El Labrador\"},\"image\":{\"@id\":\"https:\\\/\\\/diarioellabrador.cl\\\/#\\\/schema\\\/logo\\\/image\\\/\"},\"sameAs\":[\"https:\\\/\\\/web.facebook.com\\\/profile.php?id=61576120840621\",\"https:\\\/\\\/x.com\\\/ElLabradorOf\",\"https:\\\/\\\/www.instagram.com\\\/diarioellabradoroficial\\\/\"]},{\"@type\":\"Person\",\"@id\":\"https:\\\/\\\/diarioellabrador.cl\\\/#\\\/schema\\\/person\\\/bc25ff80b4563f9c7f4bd7855df01685\",\"name\":\"Editor\",\"image\":{\"@type\":\"ImageObject\",\"inLanguage\":\"es\",\"@id\":\"https:\\\/\\\/secure.gravatar.com\\\/avatar\\\/109c326cf2be5c04f048c2c2a2b8b6ef44bf3d8d1d3d4c55d0ac40c4bc994684?s=96&d=mm&r=g\",\"url\":\"https:\\\/\\\/secure.gravatar.com\\\/avatar\\\/109c326cf2be5c04f048c2c2a2b8b6ef44bf3d8d1d3d4c55d0ac40c4bc994684?s=96&d=mm&r=g\",\"contentUrl\":\"https:\\\/\\\/secure.gravatar.com\\\/avatar\\\/109c326cf2be5c04f048c2c2a2b8b6ef44bf3d8d1d3d4c55d0ac40c4bc994684?s=96&d=mm&r=g\",\"caption\":\"Editor\"},\"url\":\"https:\\\/\\\/diarioellabrador.cl\\\/index.php\\\/author\\\/editor\\\/\"}]}<\/script>\n<!-- \/ Yoast SEO plugin. -->","yoast_head_json":{"title":"Delegado presidencial provincial Basti\u00e1n Alarc\u00f3n realiza reconocimiento a Carabineros de Melipilla en cierre de su gesti\u00f3n - Diario El Labrador","robots":{"index":"index","follow":"follow","max-snippet":"max-snippet:-1","max-image-preview":"max-image-preview:large","max-video-preview":"max-video-preview:-1"},"canonical":"https:\/\/diarioellabrador.cl\/index.php\/2026\/03\/07\/delegado-presidencial-provincial-bastian-alarcon-realiza-reconocimiento-a-carabineros-de-melipilla-en-cierre-de-su-gestion\/","og_locale":"es_ES","og_type":"article","og_title":"Delegado presidencial provincial Basti\u00e1n Alarc\u00f3n realiza reconocimiento a Carabineros de Melipilla en cierre de su gesti\u00f3n - Diario El Labrador","og_description":"En el marco del cierre de gesti\u00f3n, el delegado presidencial provincial de Melipilla, Basti\u00e1n Alarc\u00f3n, sostuvo un desayuno protocolar y de reconocimiento con el ex Comisario de la 24\u00b0 Comisar\u00eda de Melipilla y actual Teniente Coronel, Rodrigo Vera, subprefecto de los servicios de la Prefectura Costa; adem\u00e1s del comisario de la 24\u00b0 Comisar\u00eda, mayor Claudio Leer m\u00e1s","og_url":"https:\/\/diarioellabrador.cl\/index.php\/2026\/03\/07\/delegado-presidencial-provincial-bastian-alarcon-realiza-reconocimiento-a-carabineros-de-melipilla-en-cierre-de-su-gestion\/","og_site_name":"Diario El Labrador","article_publisher":"https:\/\/web.facebook.com\/profile.php?id=61576120840621","article_published_time":"2026-03-07T22:22:00+00:00","og_image":[{"width":2560,"height":1920,"url":"https:\/\/diarioellabrador.cl\/wp-content\/uploads\/2026\/03\/Desayuno-reconocimiento-Carabineros-2026-scaled.jpeg","type":"image\/jpeg"}],"author":"Editor","twitter_card":"summary_large_image","twitter_creator":"@ElLabradorOf","twitter_site":"@ElLabradorOf","twitter_misc":{"Escrito por":"Editor","Tiempo de lectura":"3 minutos"},"schema":{"@context":"https:\/\/schema.org","@graph":[{"@type":"Article","@id":"https:\/\/diarioellabrador.cl\/index.php\/2026\/03\/07\/delegado-presidencial-provincial-bastian-alarcon-realiza-reconocimiento-a-carabineros-de-melipilla-en-cierre-de-su-gestion\/#article","isPartOf":{"@id":"https:\/\/diarioellabrador.cl\/index.php\/2026\/03\/07\/delegado-presidencial-provincial-bastian-alarcon-realiza-reconocimiento-a-carabineros-de-melipilla-en-cierre-de-su-gestion\/"},"author":{"name":"Editor","@id":"https:\/\/diarioellabrador.cl\/#\/schema\/person\/bc25ff80b4563f9c7f4bd7855df01685"},"headline":"Delegado presidencial provincial Basti\u00e1n Alarc\u00f3n realiza reconocimiento a Carabineros de Melipilla en cierre de su gesti\u00f3n","datePublished":"2026-03-07T22:22:00+00:00","mainEntityOfPage":{"@id":"https:\/\/diarioellabrador.cl\/index.php\/2026\/03\/07\/delegado-presidencial-provincial-bastian-alarcon-realiza-reconocimiento-a-carabineros-de-melipilla-en-cierre-de-su-gestion\/"},"wordCount":633,"commentCount":0,"publisher":{"@id":"https:\/\/diarioellabrador.cl\/#organization"},"image":{"@id":"https:\/\/diarioellabrador.cl\/index.php\/2026\/03\/07\/delegado-presidencial-provincial-bastian-alarcon-realiza-reconocimiento-a-carabineros-de-melipilla-en-cierre-de-su-gestion\/#primaryimage"},"thumbnailUrl":"https:\/\/diarioellabrador.cl\/wp-content\/uploads\/2026\/03\/Desayuno-reconocimiento-Carabineros-2026-scaled.jpeg","articleSection":["Cr\u00f3nica"],"inLanguage":"es","potentialAction":[{"@type":"CommentAction","name":"Comment","target":["https:\/\/diarioellabrador.cl\/index.php\/2026\/03\/07\/delegado-presidencial-provincial-bastian-alarcon-realiza-reconocimiento-a-carabineros-de-melipilla-en-cierre-de-su-gestion\/#respond"]}]},{"@type":"WebPage","@id":"https:\/\/diarioellabrador.cl\/index.php\/2026\/03\/07\/delegado-presidencial-provincial-bastian-alarcon-realiza-reconocimiento-a-carabineros-de-melipilla-en-cierre-de-su-gestion\/","url":"https:\/\/diarioellabrador.cl\/index.php\/2026\/03\/07\/delegado-presidencial-provincial-bastian-alarcon-realiza-reconocimiento-a-carabineros-de-melipilla-en-cierre-de-su-gestion\/","name":"Delegado presidencial provincial Basti\u00e1n Alarc\u00f3n realiza reconocimiento a Carabineros de Melipilla en cierre de su gesti\u00f3n - Diario El Labrador","isPartOf":{"@id":"https:\/\/diarioellabrador.cl\/#website"},"primaryImageOfPage":{"@id":"https:\/\/diarioellabrador.cl\/index.php\/2026\/03\/07\/delegado-presidencial-provincial-bastian-alarcon-realiza-reconocimiento-a-carabineros-de-melipilla-en-cierre-de-su-gestion\/#primaryimage"},"image":{"@id":"https:\/\/diarioellabrador.cl\/index.php\/2026\/03\/07\/delegado-presidencial-provincial-bastian-alarcon-realiza-reconocimiento-a-carabineros-de-melipilla-en-cierre-de-su-gestion\/#primaryimage"},"thumbnailUrl":"https:\/\/diarioellabrador.cl\/wp-content\/uploads\/2026\/03\/Desayuno-reconocimiento-Carabineros-2026-scaled.jpeg","datePublished":"2026-03-07T22:22:00+00:00","breadcrumb":{"@id":"https:\/\/diarioellabrador.cl\/index.php\/2026\/03\/07\/delegado-presidencial-provincial-bastian-alarcon-realiza-reconocimiento-a-carabineros-de-melipilla-en-cierre-de-su-gestion\/#breadcrumb"},"inLanguage":"es","potentialAction":[{"@type":"ReadAction","target":["https:\/\/diarioellabrador.cl\/index.php\/2026\/03\/07\/delegado-presidencial-provincial-bastian-alarcon-realiza-reconocimiento-a-carabineros-de-melipilla-en-cierre-de-su-gestion\/"]}]},{"@type":"ImageObject","inLanguage":"es","@id":"https:\/\/diarioellabrador.cl\/index.php\/2026\/03\/07\/delegado-presidencial-provincial-bastian-alarcon-realiza-reconocimiento-a-carabineros-de-melipilla-en-cierre-de-su-gestion\/#primaryimage","url":"https:\/\/diarioellabrador.cl\/wp-content\/uploads\/2026\/03\/Desayuno-reconocimiento-Carabineros-2026-scaled.jpeg","contentUrl":"https:\/\/diarioellabrador.cl\/wp-content\/uploads\/2026\/03\/Desayuno-reconocimiento-Carabineros-2026-scaled.jpeg","width":2560,"height":1920},{"@type":"BreadcrumbList","@id":"https:\/\/diarioellabrador.cl\/index.php\/2026\/03\/07\/delegado-presidencial-provincial-bastian-alarcon-realiza-reconocimiento-a-carabineros-de-melipilla-en-cierre-de-su-gestion\/#breadcrumb","itemListElement":[{"@type":"ListItem","position":1,"name":"Portada","item":"https:\/\/diarioellabrador.cl\/"},{"@type":"ListItem","position":2,"name":"Delegado presidencial provincial Basti\u00e1n Alarc\u00f3n realiza reconocimiento a Carabineros de Melipilla en cierre de su gesti\u00f3n"}]},{"@type":"WebSite","@id":"https:\/\/diarioellabrador.cl\/#website","url":"https:\/\/diarioellabrador.cl\/","name":"Diario El Labrador","description":"Haciendo noticia desde 1921","publisher":{"@id":"https:\/\/diarioellabrador.cl\/#organization"},"potentialAction":[{"@type":"SearchAction","target":{"@type":"EntryPoint","urlTemplate":"https:\/\/diarioellabrador.cl\/?s={search_term_string}"},"query-input":{"@type":"PropertyValueSpecification","valueRequired":true,"valueName":"search_term_string"}}],"inLanguage":"es"},{"@type":"Organization","@id":"https:\/\/diarioellabrador.cl\/#organization","name":"Diario El Labrador","url":"https:\/\/diarioellabrador.cl\/","logo":{"@type":"ImageObject","inLanguage":"es","@id":"https:\/\/diarioellabrador.cl\/#\/schema\/logo\/image\/","url":"https:\/\/diarioellabrador.cl\/wp-content\/uploads\/2025\/02\/cropped-Logo-Icono.png","contentUrl":"https:\/\/diarioellabrador.cl\/wp-content\/uploads\/2025\/02\/cropped-Logo-Icono.png","width":512,"height":512,"caption":"Diario El Labrador"},"image":{"@id":"https:\/\/diarioellabrador.cl\/#\/schema\/logo\/image\/"},"sameAs":["https:\/\/web.facebook.com\/profile.php?id=61576120840621","https:\/\/x.com\/ElLabradorOf","https:\/\/www.instagram.com\/diarioellabradoroficial\/"]},{"@type":"Person","@id":"https:\/\/diarioellabrador.cl\/#\/schema\/person\/bc25ff80b4563f9c7f4bd7855df01685","name":"Editor","image":{"@type":"ImageObject","inLanguage":"es","@id":"https:\/\/secure.gravatar.com\/avatar\/109c326cf2be5c04f048c2c2a2b8b6ef44bf3d8d1d3d4c55d0ac40c4bc994684?s=96&d=mm&r=g","url":"https:\/\/secure.gravatar.com\/avatar\/109c326cf2be5c04f048c2c2a2b8b6ef44bf3d8d1d3d4c55d0ac40c4bc994684?s=96&d=mm&r=g","contentUrl":"https:\/\/secure.gravatar.com\/avatar\/109c326cf2be5c04f048c2c2a2b8b6ef44bf3d8d1d3d4c55d0ac40c4bc994684?s=96&d=mm&r=g","caption":"Editor"},"url":"https:\/\/diarioellabrador.cl\/index.php\/author\/editor\/"}]}},"_links":{"self":[{"href":"https:\/\/diarioellabrador.cl\/index.php\/wp-json\/wp\/v2\/posts\/16248","targetHints":{"allow":["GET"]}}],"collection":[{"href":"https:\/\/diarioellabrador.cl\/index.php\/wp-json\/wp\/v2\/posts"}],"about":[{"href":"https:\/\/diarioellabrador.cl\/index.php\/wp-json\/wp\/v2\/types\/post"}],"author":[{"embeddable":true,"href":"https:\/\/diarioellabrador.cl\/index.php\/wp-json\/wp\/v2\/users\/2"}],"replies":[{"embeddable":true,"href":"https:\/\/diarioellabrador.cl\/index.php\/wp-json\/wp\/v2\/comments?post=16248"}],"version-history":[{"count":1,"href":"https:\/\/diarioellabrador.cl\/index.php\/wp-json\/wp\/v2\/posts\/16248\/revisions"}],"predecessor-version":[{"id":16249,"href":"https:\/\/diarioellabrador.cl\/index.php\/wp-json\/wp\/v2\/posts\/16248\/revisions\/16249"}],"wp:featuredmedia":[{"embeddable":true,"href":"https:\/\/diarioellabrador.cl\/index.php\/wp-json\/wp\/v2\/media\/16211"}],"wp:attachment":[{"href":"https:\/\/diarioellabrador.cl\/index.php\/wp-json\/wp\/v2\/media?parent=16248"}],"wp:term":[{"taxonomy":"category","embeddable":true,"href":"https:\/\/diarioellabrador.cl\/index.php\/wp-json\/wp\/v2\/categories?post=16248"},{"taxonomy":"post_tag","embeddable":true,"href":"https:\/\/diarioellabrador.cl\/index.php\/wp-json\/wp\/v2\/tags?post=16248"}],"curies":[{"name":"wp","href":"https:\/\/api.w.org\/{rel}","templated":true}]}}