{"id":16246,"date":"2026-03-07T18:21:00","date_gmt":"2026-03-07T22:21:00","guid":{"rendered":"https:\/\/diarioellabrador.cl\/?p=16246"},"modified":"2026-03-07T16:21:58","modified_gmt":"2026-03-07T20:21:58","slug":"municipio-en-terreno-acerca-servicios-a-vecinos-de-melipilla","status":"publish","type":"post","link":"https:\/\/diarioellabrador.cl\/index.php\/2026\/03\/07\/municipio-en-terreno-acerca-servicios-a-vecinos-de-melipilla\/","title":{"rendered":"Municipio en Terreno acerca servicios a vecinos de Melipilla"},"content":{"rendered":"\n<p>Una positiva jornada de&nbsp;<strong>Municipio en Terreno<\/strong>&nbsp;fue realizada en la Plaza del CECOSF Padre Demetrio, instancia en la que la&nbsp;Municipalidad de Melipilla&nbsp;acerc\u00f3 diversos servicios municipales directamente a la comunidad.<\/p>\n\n\n\n<p>Durante la actividad, los vecinos pudieron acceder a atenciones, orientaci\u00f3n y tr\u00e1mites en distintas \u00e1reas, entre ellas el&nbsp;<strong>Registro Social de Hogares<\/strong>,&nbsp;<strong>Atenci\u00f3n Social y Prestaciones Monetarias<\/strong>,&nbsp;<strong>Oficina de Personas Mayores y Discapacidad<\/strong>,&nbsp;<strong>Red Local de Apoyos y Cuidados<\/strong>,&nbsp;<strong>Oficina de la Ni\u00f1ez<\/strong>&nbsp;y&nbsp;<strong>Prevenci\u00f3n de Riesgos y Desastres<\/strong>.<\/p>\n\n\n\n<p>Asimismo, dispusieron de servicios de salud como&nbsp;<strong>Cl\u00ednica Ginecol\u00f3gica M\u00f3vil<\/strong>,&nbsp;<strong>EMPA para adultos<\/strong>, adem\u00e1s de&nbsp;<strong>vacunaci\u00f3n antirr\u00e1bica y desparasitaci\u00f3n para mascotas<\/strong>, facilitando el acceso a prestaciones para las familias y sus animales de compa\u00f1\u00eda.<\/p>\n\n\n\n<p>La jornada tambi\u00e9n cont\u00f3 con la participaci\u00f3n del&nbsp;<strong>CECOSF Padre Demetrio<\/strong>, que se sum\u00f3 con vacunas de la&nbsp;<strong>Campa\u00f1a de Invierno<\/strong>, permitiendo que los vecinos accedieran a esta importante protecci\u00f3n en el mismo lugar.<\/p>\n","protected":false},"excerpt":{"rendered":"<p>Una positiva jornada de&nbsp;Municipio en Terreno&nbsp;fue realizada en la Plaza del CECOSF Padre Demetrio, instancia en la que la&nbsp;Municipalidad de Melipilla&nbsp;acerc\u00f3 diversos servicios municipales directamente a la comunidad. Durante la actividad, los vecinos pudieron acceder a atenciones, orientaci\u00f3n y tr\u00e1mites en distintas \u00e1reas, entre ellas el&nbsp;Registro Social de Hogares,&nbsp;Atenci\u00f3n Social y Prestaciones Monetarias,&nbsp;Oficina de Personas<\/p>\n<div class=\"read-more-wrapper\"><a class=\"read-more\" href=\"https:\/\/diarioellabrador.cl\/index.php\/2026\/03\/07\/municipio-en-terreno-acerca-servicios-a-vecinos-de-melipilla\/\" title=\"Leer m\u00e1s\"> <span class=\"button \">Leer m\u00e1s<\/span><\/a><\/div>\n","protected":false},"author":2,"featured_media":16216,"comment_status":"open","ping_status":"open","sticky":false,"template":"","format":"standard","meta":{"footnotes":""},"categories":[1],"tags":[],"class_list":["post-16246","post","type-post","status-publish","format-standard","has-post-thumbnail","hentry","category-cronica"],"yoast_head":"<!-- This site is optimized with the Yoast SEO plugin v27.5 - https:\/\/yoast.com\/product\/yoast-seo-wordpress\/ -->\n<title>Municipio en Terreno acerca servicios a vecinos de Melipilla - Diario El Labrador<\/title>\n<meta name=\"robots\" content=\"index, follow, max-snippet:-1, max-image-preview:large, max-video-preview:-1\" \/>\n<link rel=\"canonical\" href=\"https:\/\/diarioellabrador.cl\/index.php\/2026\/03\/07\/municipio-en-terreno-acerca-servicios-a-vecinos-de-melipilla\/\" \/>\n<meta property=\"og:locale\" content=\"es_ES\" \/>\n<meta property=\"og:type\" content=\"article\" \/>\n<meta property=\"og:title\" content=\"Municipio en Terreno acerca servicios a vecinos de Melipilla - Diario El Labrador\" \/>\n<meta property=\"og:description\" content=\"Una positiva jornada de&nbsp;Municipio en Terreno&nbsp;fue realizada en la Plaza del CECOSF Padre Demetrio, instancia en la que la&nbsp;Municipalidad de Melipilla&nbsp;acerc\u00f3 diversos servicios municipales directamente a la comunidad. Durante la actividad, los vecinos pudieron acceder a atenciones, orientaci\u00f3n y tr\u00e1mites en distintas \u00e1reas, entre ellas el&nbsp;Registro Social de Hogares,&nbsp;Atenci\u00f3n Social y Prestaciones Monetarias,&nbsp;Oficina de Personas Leer m\u00e1s\" \/>\n<meta property=\"og:url\" content=\"https:\/\/diarioellabrador.cl\/index.php\/2026\/03\/07\/municipio-en-terreno-acerca-servicios-a-vecinos-de-melipilla\/\" \/>\n<meta property=\"og:site_name\" content=\"Diario El Labrador\" \/>\n<meta property=\"article:publisher\" content=\"https:\/\/web.facebook.com\/profile.php?id=61576120840621\" \/>\n<meta property=\"article:published_time\" content=\"2026-03-07T22:21:00+00:00\" \/>\n<meta property=\"og:image\" content=\"https:\/\/diarioellabrador.cl\/wp-content\/uploads\/2026\/03\/Municipio-en-Terreno-acerca-servicios-a-vecinos-de-Melipilla.jpeg\" \/>\n\t<meta property=\"og:image:width\" content=\"1290\" \/>\n\t<meta property=\"og:image:height\" content=\"743\" \/>\n\t<meta property=\"og:image:type\" content=\"image\/jpeg\" \/>\n<meta name=\"author\" content=\"Editor\" \/>\n<meta name=\"twitter:card\" content=\"summary_large_image\" \/>\n<meta name=\"twitter:creator\" content=\"@ElLabradorOf\" \/>\n<meta name=\"twitter:site\" content=\"@ElLabradorOf\" \/>\n<meta name=\"twitter:label1\" content=\"Escrito por\" \/>\n\t<meta name=\"twitter:data1\" content=\"Editor\" \/>\n\t<meta name=\"twitter:label2\" content=\"Tiempo de lectura\" \/>\n\t<meta name=\"twitter:data2\" content=\"1 minuto\" \/>\n<script type=\"application\/ld+json\" class=\"yoast-schema-graph\">{\"@context\":\"https:\\\/\\\/schema.org\",\"@graph\":[{\"@type\":\"Article\",\"@id\":\"https:\\\/\\\/diarioellabrador.cl\\\/index.php\\\/2026\\\/03\\\/07\\\/municipio-en-terreno-acerca-servicios-a-vecinos-de-melipilla\\\/#article\",\"isPartOf\":{\"@id\":\"https:\\\/\\\/diarioellabrador.cl\\\/index.php\\\/2026\\\/03\\\/07\\\/municipio-en-terreno-acerca-servicios-a-vecinos-de-melipilla\\\/\"},\"author\":{\"name\":\"Editor\",\"@id\":\"https:\\\/\\\/diarioellabrador.cl\\\/#\\\/schema\\\/person\\\/bc25ff80b4563f9c7f4bd7855df01685\"},\"headline\":\"Municipio en Terreno acerca servicios a vecinos de Melipilla\",\"datePublished\":\"2026-03-07T22:21:00+00:00\",\"mainEntityOfPage\":{\"@id\":\"https:\\\/\\\/diarioellabrador.cl\\\/index.php\\\/2026\\\/03\\\/07\\\/municipio-en-terreno-acerca-servicios-a-vecinos-de-melipilla\\\/\"},\"wordCount\":191,\"commentCount\":0,\"publisher\":{\"@id\":\"https:\\\/\\\/diarioellabrador.cl\\\/#organization\"},\"image\":{\"@id\":\"https:\\\/\\\/diarioellabrador.cl\\\/index.php\\\/2026\\\/03\\\/07\\\/municipio-en-terreno-acerca-servicios-a-vecinos-de-melipilla\\\/#primaryimage\"},\"thumbnailUrl\":\"https:\\\/\\\/diarioellabrador.cl\\\/wp-content\\\/uploads\\\/2026\\\/03\\\/Municipio-en-Terreno-acerca-servicios-a-vecinos-de-Melipilla.jpeg\",\"articleSection\":[\"Cr\u00f3nica\"],\"inLanguage\":\"es\",\"potentialAction\":[{\"@type\":\"CommentAction\",\"name\":\"Comment\",\"target\":[\"https:\\\/\\\/diarioellabrador.cl\\\/index.php\\\/2026\\\/03\\\/07\\\/municipio-en-terreno-acerca-servicios-a-vecinos-de-melipilla\\\/#respond\"]}]},{\"@type\":\"WebPage\",\"@id\":\"https:\\\/\\\/diarioellabrador.cl\\\/index.php\\\/2026\\\/03\\\/07\\\/municipio-en-terreno-acerca-servicios-a-vecinos-de-melipilla\\\/\",\"url\":\"https:\\\/\\\/diarioellabrador.cl\\\/index.php\\\/2026\\\/03\\\/07\\\/municipio-en-terreno-acerca-servicios-a-vecinos-de-melipilla\\\/\",\"name\":\"Municipio en Terreno acerca servicios a vecinos de Melipilla - Diario El Labrador\",\"isPartOf\":{\"@id\":\"https:\\\/\\\/diarioellabrador.cl\\\/#website\"},\"primaryImageOfPage\":{\"@id\":\"https:\\\/\\\/diarioellabrador.cl\\\/index.php\\\/2026\\\/03\\\/07\\\/municipio-en-terreno-acerca-servicios-a-vecinos-de-melipilla\\\/#primaryimage\"},\"image\":{\"@id\":\"https:\\\/\\\/diarioellabrador.cl\\\/index.php\\\/2026\\\/03\\\/07\\\/municipio-en-terreno-acerca-servicios-a-vecinos-de-melipilla\\\/#primaryimage\"},\"thumbnailUrl\":\"https:\\\/\\\/diarioellabrador.cl\\\/wp-content\\\/uploads\\\/2026\\\/03\\\/Municipio-en-Terreno-acerca-servicios-a-vecinos-de-Melipilla.jpeg\",\"datePublished\":\"2026-03-07T22:21:00+00:00\",\"breadcrumb\":{\"@id\":\"https:\\\/\\\/diarioellabrador.cl\\\/index.php\\\/2026\\\/03\\\/07\\\/municipio-en-terreno-acerca-servicios-a-vecinos-de-melipilla\\\/#breadcrumb\"},\"inLanguage\":\"es\",\"potentialAction\":[{\"@type\":\"ReadAction\",\"target\":[\"https:\\\/\\\/diarioellabrador.cl\\\/index.php\\\/2026\\\/03\\\/07\\\/municipio-en-terreno-acerca-servicios-a-vecinos-de-melipilla\\\/\"]}]},{\"@type\":\"ImageObject\",\"inLanguage\":\"es\",\"@id\":\"https:\\\/\\\/diarioellabrador.cl\\\/index.php\\\/2026\\\/03\\\/07\\\/municipio-en-terreno-acerca-servicios-a-vecinos-de-melipilla\\\/#primaryimage\",\"url\":\"https:\\\/\\\/diarioellabrador.cl\\\/wp-content\\\/uploads\\\/2026\\\/03\\\/Municipio-en-Terreno-acerca-servicios-a-vecinos-de-Melipilla.jpeg\",\"contentUrl\":\"https:\\\/\\\/diarioellabrador.cl\\\/wp-content\\\/uploads\\\/2026\\\/03\\\/Municipio-en-Terreno-acerca-servicios-a-vecinos-de-Melipilla.jpeg\",\"width\":1290,\"height\":743,\"caption\":\"Screenshot\"},{\"@type\":\"BreadcrumbList\",\"@id\":\"https:\\\/\\\/diarioellabrador.cl\\\/index.php\\\/2026\\\/03\\\/07\\\/municipio-en-terreno-acerca-servicios-a-vecinos-de-melipilla\\\/#breadcrumb\",\"itemListElement\":[{\"@type\":\"ListItem\",\"position\":1,\"name\":\"Portada\",\"item\":\"https:\\\/\\\/diarioellabrador.cl\\\/\"},{\"@type\":\"ListItem\",\"position\":2,\"name\":\"Municipio en Terreno acerca servicios a vecinos de Melipilla\"}]},{\"@type\":\"WebSite\",\"@id\":\"https:\\\/\\\/diarioellabrador.cl\\\/#website\",\"url\":\"https:\\\/\\\/diarioellabrador.cl\\\/\",\"name\":\"Diario El Labrador\",\"description\":\"Haciendo noticia desde 1921\",\"publisher\":{\"@id\":\"https:\\\/\\\/diarioellabrador.cl\\\/#organization\"},\"potentialAction\":[{\"@type\":\"SearchAction\",\"target\":{\"@type\":\"EntryPoint\",\"urlTemplate\":\"https:\\\/\\\/diarioellabrador.cl\\\/?s={search_term_string}\"},\"query-input\":{\"@type\":\"PropertyValueSpecification\",\"valueRequired\":true,\"valueName\":\"search_term_string\"}}],\"inLanguage\":\"es\"},{\"@type\":\"Organization\",\"@id\":\"https:\\\/\\\/diarioellabrador.cl\\\/#organization\",\"name\":\"Diario El Labrador\",\"url\":\"https:\\\/\\\/diarioellabrador.cl\\\/\",\"logo\":{\"@type\":\"ImageObject\",\"inLanguage\":\"es\",\"@id\":\"https:\\\/\\\/diarioellabrador.cl\\\/#\\\/schema\\\/logo\\\/image\\\/\",\"url\":\"https:\\\/\\\/diarioellabrador.cl\\\/wp-content\\\/uploads\\\/2025\\\/02\\\/cropped-Logo-Icono.png\",\"contentUrl\":\"https:\\\/\\\/diarioellabrador.cl\\\/wp-content\\\/uploads\\\/2025\\\/02\\\/cropped-Logo-Icono.png\",\"width\":512,\"height\":512,\"caption\":\"Diario El Labrador\"},\"image\":{\"@id\":\"https:\\\/\\\/diarioellabrador.cl\\\/#\\\/schema\\\/logo\\\/image\\\/\"},\"sameAs\":[\"https:\\\/\\\/web.facebook.com\\\/profile.php?id=61576120840621\",\"https:\\\/\\\/x.com\\\/ElLabradorOf\",\"https:\\\/\\\/www.instagram.com\\\/diarioellabradoroficial\\\/\"]},{\"@type\":\"Person\",\"@id\":\"https:\\\/\\\/diarioellabrador.cl\\\/#\\\/schema\\\/person\\\/bc25ff80b4563f9c7f4bd7855df01685\",\"name\":\"Editor\",\"image\":{\"@type\":\"ImageObject\",\"inLanguage\":\"es\",\"@id\":\"https:\\\/\\\/secure.gravatar.com\\\/avatar\\\/109c326cf2be5c04f048c2c2a2b8b6ef44bf3d8d1d3d4c55d0ac40c4bc994684?s=96&d=mm&r=g\",\"url\":\"https:\\\/\\\/secure.gravatar.com\\\/avatar\\\/109c326cf2be5c04f048c2c2a2b8b6ef44bf3d8d1d3d4c55d0ac40c4bc994684?s=96&d=mm&r=g\",\"contentUrl\":\"https:\\\/\\\/secure.gravatar.com\\\/avatar\\\/109c326cf2be5c04f048c2c2a2b8b6ef44bf3d8d1d3d4c55d0ac40c4bc994684?s=96&d=mm&r=g\",\"caption\":\"Editor\"},\"url\":\"https:\\\/\\\/diarioellabrador.cl\\\/index.php\\\/author\\\/editor\\\/\"}]}<\/script>\n<!-- \/ Yoast SEO plugin. -->","yoast_head_json":{"title":"Municipio en Terreno acerca servicios a vecinos de Melipilla - Diario El Labrador","robots":{"index":"index","follow":"follow","max-snippet":"max-snippet:-1","max-image-preview":"max-image-preview:large","max-video-preview":"max-video-preview:-1"},"canonical":"https:\/\/diarioellabrador.cl\/index.php\/2026\/03\/07\/municipio-en-terreno-acerca-servicios-a-vecinos-de-melipilla\/","og_locale":"es_ES","og_type":"article","og_title":"Municipio en Terreno acerca servicios a vecinos de Melipilla - Diario El Labrador","og_description":"Una positiva jornada de&nbsp;Municipio en Terreno&nbsp;fue realizada en la Plaza del CECOSF Padre Demetrio, instancia en la que la&nbsp;Municipalidad de Melipilla&nbsp;acerc\u00f3 diversos servicios municipales directamente a la comunidad. Durante la actividad, los vecinos pudieron acceder a atenciones, orientaci\u00f3n y tr\u00e1mites en distintas \u00e1reas, entre ellas el&nbsp;Registro Social de Hogares,&nbsp;Atenci\u00f3n Social y Prestaciones Monetarias,&nbsp;Oficina de Personas Leer m\u00e1s","og_url":"https:\/\/diarioellabrador.cl\/index.php\/2026\/03\/07\/municipio-en-terreno-acerca-servicios-a-vecinos-de-melipilla\/","og_site_name":"Diario El Labrador","article_publisher":"https:\/\/web.facebook.com\/profile.php?id=61576120840621","article_published_time":"2026-03-07T22:21:00+00:00","og_image":[{"width":1290,"height":743,"url":"https:\/\/diarioellabrador.cl\/wp-content\/uploads\/2026\/03\/Municipio-en-Terreno-acerca-servicios-a-vecinos-de-Melipilla.jpeg","type":"image\/jpeg"}],"author":"Editor","twitter_card":"summary_large_image","twitter_creator":"@ElLabradorOf","twitter_site":"@ElLabradorOf","twitter_misc":{"Escrito por":"Editor","Tiempo de lectura":"1 minuto"},"schema":{"@context":"https:\/\/schema.org","@graph":[{"@type":"Article","@id":"https:\/\/diarioellabrador.cl\/index.php\/2026\/03\/07\/municipio-en-terreno-acerca-servicios-a-vecinos-de-melipilla\/#article","isPartOf":{"@id":"https:\/\/diarioellabrador.cl\/index.php\/2026\/03\/07\/municipio-en-terreno-acerca-servicios-a-vecinos-de-melipilla\/"},"author":{"name":"Editor","@id":"https:\/\/diarioellabrador.cl\/#\/schema\/person\/bc25ff80b4563f9c7f4bd7855df01685"},"headline":"Municipio en Terreno acerca servicios a vecinos de Melipilla","datePublished":"2026-03-07T22:21:00+00:00","mainEntityOfPage":{"@id":"https:\/\/diarioellabrador.cl\/index.php\/2026\/03\/07\/municipio-en-terreno-acerca-servicios-a-vecinos-de-melipilla\/"},"wordCount":191,"commentCount":0,"publisher":{"@id":"https:\/\/diarioellabrador.cl\/#organization"},"image":{"@id":"https:\/\/diarioellabrador.cl\/index.php\/2026\/03\/07\/municipio-en-terreno-acerca-servicios-a-vecinos-de-melipilla\/#primaryimage"},"thumbnailUrl":"https:\/\/diarioellabrador.cl\/wp-content\/uploads\/2026\/03\/Municipio-en-Terreno-acerca-servicios-a-vecinos-de-Melipilla.jpeg","articleSection":["Cr\u00f3nica"],"inLanguage":"es","potentialAction":[{"@type":"CommentAction","name":"Comment","target":["https:\/\/diarioellabrador.cl\/index.php\/2026\/03\/07\/municipio-en-terreno-acerca-servicios-a-vecinos-de-melipilla\/#respond"]}]},{"@type":"WebPage","@id":"https:\/\/diarioellabrador.cl\/index.php\/2026\/03\/07\/municipio-en-terreno-acerca-servicios-a-vecinos-de-melipilla\/","url":"https:\/\/diarioellabrador.cl\/index.php\/2026\/03\/07\/municipio-en-terreno-acerca-servicios-a-vecinos-de-melipilla\/","name":"Municipio en Terreno acerca servicios a vecinos de Melipilla - Diario El Labrador","isPartOf":{"@id":"https:\/\/diarioellabrador.cl\/#website"},"primaryImageOfPage":{"@id":"https:\/\/diarioellabrador.cl\/index.php\/2026\/03\/07\/municipio-en-terreno-acerca-servicios-a-vecinos-de-melipilla\/#primaryimage"},"image":{"@id":"https:\/\/diarioellabrador.cl\/index.php\/2026\/03\/07\/municipio-en-terreno-acerca-servicios-a-vecinos-de-melipilla\/#primaryimage"},"thumbnailUrl":"https:\/\/diarioellabrador.cl\/wp-content\/uploads\/2026\/03\/Municipio-en-Terreno-acerca-servicios-a-vecinos-de-Melipilla.jpeg","datePublished":"2026-03-07T22:21:00+00:00","breadcrumb":{"@id":"https:\/\/diarioellabrador.cl\/index.php\/2026\/03\/07\/municipio-en-terreno-acerca-servicios-a-vecinos-de-melipilla\/#breadcrumb"},"inLanguage":"es","potentialAction":[{"@type":"ReadAction","target":["https:\/\/diarioellabrador.cl\/index.php\/2026\/03\/07\/municipio-en-terreno-acerca-servicios-a-vecinos-de-melipilla\/"]}]},{"@type":"ImageObject","inLanguage":"es","@id":"https:\/\/diarioellabrador.cl\/index.php\/2026\/03\/07\/municipio-en-terreno-acerca-servicios-a-vecinos-de-melipilla\/#primaryimage","url":"https:\/\/diarioellabrador.cl\/wp-content\/uploads\/2026\/03\/Municipio-en-Terreno-acerca-servicios-a-vecinos-de-Melipilla.jpeg","contentUrl":"https:\/\/diarioellabrador.cl\/wp-content\/uploads\/2026\/03\/Municipio-en-Terreno-acerca-servicios-a-vecinos-de-Melipilla.jpeg","width":1290,"height":743,"caption":"Screenshot"},{"@type":"BreadcrumbList","@id":"https:\/\/diarioellabrador.cl\/index.php\/2026\/03\/07\/municipio-en-terreno-acerca-servicios-a-vecinos-de-melipilla\/#breadcrumb","itemListElement":[{"@type":"ListItem","position":1,"name":"Portada","item":"https:\/\/diarioellabrador.cl\/"},{"@type":"ListItem","position":2,"name":"Municipio en Terreno acerca servicios a vecinos de Melipilla"}]},{"@type":"WebSite","@id":"https:\/\/diarioellabrador.cl\/#website","url":"https:\/\/diarioellabrador.cl\/","name":"Diario El Labrador","description":"Haciendo noticia desde 1921","publisher":{"@id":"https:\/\/diarioellabrador.cl\/#organization"},"potentialAction":[{"@type":"SearchAction","target":{"@type":"EntryPoint","urlTemplate":"https:\/\/diarioellabrador.cl\/?s={search_term_string}"},"query-input":{"@type":"PropertyValueSpecification","valueRequired":true,"valueName":"search_term_string"}}],"inLanguage":"es"},{"@type":"Organization","@id":"https:\/\/diarioellabrador.cl\/#organization","name":"Diario El Labrador","url":"https:\/\/diarioellabrador.cl\/","logo":{"@type":"ImageObject","inLanguage":"es","@id":"https:\/\/diarioellabrador.cl\/#\/schema\/logo\/image\/","url":"https:\/\/diarioellabrador.cl\/wp-content\/uploads\/2025\/02\/cropped-Logo-Icono.png","contentUrl":"https:\/\/diarioellabrador.cl\/wp-content\/uploads\/2025\/02\/cropped-Logo-Icono.png","width":512,"height":512,"caption":"Diario El Labrador"},"image":{"@id":"https:\/\/diarioellabrador.cl\/#\/schema\/logo\/image\/"},"sameAs":["https:\/\/web.facebook.com\/profile.php?id=61576120840621","https:\/\/x.com\/ElLabradorOf","https:\/\/www.instagram.com\/diarioellabradoroficial\/"]},{"@type":"Person","@id":"https:\/\/diarioellabrador.cl\/#\/schema\/person\/bc25ff80b4563f9c7f4bd7855df01685","name":"Editor","image":{"@type":"ImageObject","inLanguage":"es","@id":"https:\/\/secure.gravatar.com\/avatar\/109c326cf2be5c04f048c2c2a2b8b6ef44bf3d8d1d3d4c55d0ac40c4bc994684?s=96&d=mm&r=g","url":"https:\/\/secure.gravatar.com\/avatar\/109c326cf2be5c04f048c2c2a2b8b6ef44bf3d8d1d3d4c55d0ac40c4bc994684?s=96&d=mm&r=g","contentUrl":"https:\/\/secure.gravatar.com\/avatar\/109c326cf2be5c04f048c2c2a2b8b6ef44bf3d8d1d3d4c55d0ac40c4bc994684?s=96&d=mm&r=g","caption":"Editor"},"url":"https:\/\/diarioellabrador.cl\/index.php\/author\/editor\/"}]}},"_links":{"self":[{"href":"https:\/\/diarioellabrador.cl\/index.php\/wp-json\/wp\/v2\/posts\/16246","targetHints":{"allow":["GET"]}}],"collection":[{"href":"https:\/\/diarioellabrador.cl\/index.php\/wp-json\/wp\/v2\/posts"}],"about":[{"href":"https:\/\/diarioellabrador.cl\/index.php\/wp-json\/wp\/v2\/types\/post"}],"author":[{"embeddable":true,"href":"https:\/\/diarioellabrador.cl\/index.php\/wp-json\/wp\/v2\/users\/2"}],"replies":[{"embeddable":true,"href":"https:\/\/diarioellabrador.cl\/index.php\/wp-json\/wp\/v2\/comments?post=16246"}],"version-history":[{"count":1,"href":"https:\/\/diarioellabrador.cl\/index.php\/wp-json\/wp\/v2\/posts\/16246\/revisions"}],"predecessor-version":[{"id":16247,"href":"https:\/\/diarioellabrador.cl\/index.php\/wp-json\/wp\/v2\/posts\/16246\/revisions\/16247"}],"wp:featuredmedia":[{"embeddable":true,"href":"https:\/\/diarioellabrador.cl\/index.php\/wp-json\/wp\/v2\/media\/16216"}],"wp:attachment":[{"href":"https:\/\/diarioellabrador.cl\/index.php\/wp-json\/wp\/v2\/media?parent=16246"}],"wp:term":[{"taxonomy":"category","embeddable":true,"href":"https:\/\/diarioellabrador.cl\/index.php\/wp-json\/wp\/v2\/categories?post=16246"},{"taxonomy":"post_tag","embeddable":true,"href":"https:\/\/diarioellabrador.cl\/index.php\/wp-json\/wp\/v2\/tags?post=16246"}],"curies":[{"name":"wp","href":"https:\/\/api.w.org\/{rel}","templated":true}]}}