{"id":16238,"date":"2026-03-07T18:18:00","date_gmt":"2026-03-07T22:18:00","guid":{"rendered":"https:\/\/diarioellabrador.cl\/?p=16238"},"modified":"2026-03-07T16:18:25","modified_gmt":"2026-03-07T20:18:25","slug":"delegado-provincial-bastian-alarcon-asiste-a-reunion-de-trabajo-con-las-juntas-de-vecinos-y-agrupaciones-de-artesanos-de-pomaire","status":"publish","type":"post","link":"https:\/\/diarioellabrador.cl\/index.php\/2026\/03\/07\/delegado-provincial-bastian-alarcon-asiste-a-reunion-de-trabajo-con-las-juntas-de-vecinos-y-agrupaciones-de-artesanos-de-pomaire\/","title":{"rendered":"Delegado Provincial Basti\u00e1n Alarc\u00f3n asiste a reuni\u00f3n de trabajo con las juntas de vecinos y agrupaciones de artesanos de Pomaire"},"content":{"rendered":"\n<ul class=\"wp-block-list\">\n<li><strong>Durante la jornada se abordaron diversas tem\u00e1ticas vinculadas a la seguridad del sector, con el objetivo de fortalecer la coordinaci\u00f3n entre las autoridades y la comunidad, considerando la relevancia de esta localidad tur\u00edstica, ampliamente visitada y reconocida en la provincia y regi\u00f3n.<\/strong><\/li>\n<\/ul>\n\n\n\n<p>Hasta la localidad de Pomaire lleg\u00f3 el delegado presidencial provincial de Melipilla, Basti\u00e1n Alarc\u00f3n, para participar de reuni\u00f3n de trabajo con las juntas de vecinos, C\u00e1mara de Comercio de Pomaire, y agrupaciones de artesanos, instancia que cont\u00f3 adem\u00e1s con la participaci\u00f3n del municipio y carabineros.<\/p>\n\n\n\n<p>Durante la jornada se abordaron diversas tem\u00e1ticas vinculadas a la seguridad, con el objetivo de fortalecer la coordinaci\u00f3n entre las autoridades y la comunidad, considerando la relevancia de esta localidad tur\u00edstica, la cual es ampliamente visitada y reconocida en la provincia y regi\u00f3n.<\/p>\n\n\n\n<p>La autoridad provincial agradeci\u00f3 la invitaci\u00f3n, destacando que se trata de una valiosa instancia de di\u00e1logo que permite avanzar en acciones conjuntas para resguardar la seguridad y el bienestar de locatarios, as\u00ed como vecinos, vecinas y visitantes.<\/p>\n\n\n\n<p>\u201cEstuvimos en Pomaire, concluyendo lo que es una reuni\u00f3n de seguridad, porque uno de los aspectos que queremos mejorar en la localidad de Pomaire, es la seguridad y ordenamiento p\u00fablico, esto no s\u00f3lo en beneficio del pomairino o pomairina, sino que tambi\u00e9n del turista. Sabemos que este es uno de los puntos m\u00e1s recorridos y buscados de la Regi\u00f3n Metropolitana en cuanto a turismo, y es un paso obligado para quienes van a la V Regi\u00f3n, por ello hay que mejorar lo que es el trato a los turistas, mejorar el ordenamiento en cuanto a veredas y calles, el tema de las fiscalizaciones a los restaurantes y volanteros, as\u00ed como asegurarse que los servicios que se adquieran en Pomaire sean de calidad, tanto comida como en atenci\u00f3n\u201d.<\/p>\n\n\n\n<p>En esta l\u00ednea, precis\u00f3 que en la reuni\u00f3n \u201cse abord\u00f3 lo que ser\u00e1n las pr\u00f3ximas fiscalizaciones, oportunidad en la cual se hizo un recuento de las fiscalizaciones de verano, las cuales pudimos coordinar como Delegaci\u00f3n Presidencial, donde tuvimos detenidos por Ley 20.000, adem\u00e1s de infracciones tanto con el tema de volanteros y restaurantes que no contaban con permiso y patente, los cuales fueron clausurados\u201d, operativos que se desarrollaron en compa\u00f1\u00eda de otros servicios p\u00fablicos, como Serem\u00ed de Salud.<\/p>\n\n\n\n<p>Por su parte, Rodrigo Toledo, presidente de la Junta de Vecinos de Pomaire, agradeci\u00f3 la asistencia y permanente apoyo del delegado Alarc\u00f3n. \u201cEstamos en esta mesa de trabajo hace bastante tiempo, y los aportes del delegado Basti\u00e1n Alarc\u00f3n y su jefa de gabinete Claudia Montero, han sido importantes para los avances de estos trabajos, ya que han sido ellos quienes han podido coordinar con distintos estamentos de Gobierno el trabajo de fiscalizaci\u00f3n en la localidad de Pomaire. Creo que hemos tenido avances importantes dentro de la comunidad, ya que las fiscalizaciones han sido valiosas, no s\u00f3lo para el turista que nos visita el fin de semana, sino que es una tranquilidad para nuestros vecinos y vecinas\u201d.<\/p>\n\n\n\n<p>Finalmente agreg\u00f3 que \u201cdesde las primeras reuniones el delegado y su jefa de gabinete tuvieron la disponibilidad de ayudar en todo esto, por tanto agradecerles. S\u00e9 que se retirar\u00e1n pronto por cambio de mando, pero agradecer siempre la disponibilidad que tuvieron con Pomaire, porque ha sido un avance relevante para nuestro pueblo\u201d, manifest\u00f3. &nbsp;<\/p>\n","protected":false},"excerpt":{"rendered":"<p>Hasta la localidad de Pomaire lleg\u00f3 el delegado presidencial provincial de Melipilla, Basti\u00e1n Alarc\u00f3n, para participar de reuni\u00f3n de trabajo con las juntas de vecinos, C\u00e1mara de Comercio de Pomaire, y agrupaciones de artesanos, instancia que cont\u00f3 adem\u00e1s con la participaci\u00f3n del municipio y carabineros. Durante la jornada se abordaron diversas tem\u00e1ticas vinculadas a la<\/p>\n<div class=\"read-more-wrapper\"><a class=\"read-more\" href=\"https:\/\/diarioellabrador.cl\/index.php\/2026\/03\/07\/delegado-provincial-bastian-alarcon-asiste-a-reunion-de-trabajo-con-las-juntas-de-vecinos-y-agrupaciones-de-artesanos-de-pomaire\/\" title=\"Leer m\u00e1s\"> <span class=\"button \">Leer m\u00e1s<\/span><\/a><\/div>\n","protected":false},"author":2,"featured_media":16213,"comment_status":"open","ping_status":"open","sticky":false,"template":"","format":"standard","meta":{"footnotes":""},"categories":[1],"tags":[],"class_list":["post-16238","post","type-post","status-publish","format-standard","has-post-thumbnail","hentry","category-cronica"],"yoast_head":"<!-- This site is optimized with the Yoast SEO plugin v27.5 - https:\/\/yoast.com\/product\/yoast-seo-wordpress\/ -->\n<title>Delegado Provincial Basti\u00e1n Alarc\u00f3n asiste a reuni\u00f3n de trabajo con las juntas de vecinos y agrupaciones de artesanos de Pomaire - Diario El Labrador<\/title>\n<meta name=\"robots\" content=\"index, follow, max-snippet:-1, max-image-preview:large, max-video-preview:-1\" \/>\n<link rel=\"canonical\" href=\"https:\/\/diarioellabrador.cl\/index.php\/2026\/03\/07\/delegado-provincial-bastian-alarcon-asiste-a-reunion-de-trabajo-con-las-juntas-de-vecinos-y-agrupaciones-de-artesanos-de-pomaire\/\" \/>\n<meta property=\"og:locale\" content=\"es_ES\" \/>\n<meta property=\"og:type\" content=\"article\" \/>\n<meta property=\"og:title\" content=\"Delegado Provincial Basti\u00e1n Alarc\u00f3n asiste a reuni\u00f3n de trabajo con las juntas de vecinos y agrupaciones de artesanos de Pomaire - Diario El Labrador\" \/>\n<meta property=\"og:description\" content=\"Hasta la localidad de Pomaire lleg\u00f3 el delegado presidencial provincial de Melipilla, Basti\u00e1n Alarc\u00f3n, para participar de reuni\u00f3n de trabajo con las juntas de vecinos, C\u00e1mara de Comercio de Pomaire, y agrupaciones de artesanos, instancia que cont\u00f3 adem\u00e1s con la participaci\u00f3n del municipio y carabineros. Durante la jornada se abordaron diversas tem\u00e1ticas vinculadas a la Leer m\u00e1s\" \/>\n<meta property=\"og:url\" content=\"https:\/\/diarioellabrador.cl\/index.php\/2026\/03\/07\/delegado-provincial-bastian-alarcon-asiste-a-reunion-de-trabajo-con-las-juntas-de-vecinos-y-agrupaciones-de-artesanos-de-pomaire\/\" \/>\n<meta property=\"og:site_name\" content=\"Diario El Labrador\" \/>\n<meta property=\"article:publisher\" content=\"https:\/\/web.facebook.com\/profile.php?id=61576120840621\" \/>\n<meta property=\"article:published_time\" content=\"2026-03-07T22:18:00+00:00\" \/>\n<meta property=\"og:image\" content=\"https:\/\/diarioellabrador.cl\/wp-content\/uploads\/2026\/03\/Delegado-Provincial-Bastian-Alarcon-asiste-a-reunion-de-trabajo-con-las-juntas-de-vecinos-y-agrupaciones-de-artesanos-de-Pomaire-1.jpg\" \/>\n\t<meta property=\"og:image:width\" content=\"2048\" \/>\n\t<meta property=\"og:image:height\" content=\"1536\" \/>\n\t<meta property=\"og:image:type\" content=\"image\/jpeg\" \/>\n<meta name=\"author\" content=\"Editor\" \/>\n<meta name=\"twitter:card\" content=\"summary_large_image\" \/>\n<meta name=\"twitter:creator\" content=\"@ElLabradorOf\" \/>\n<meta name=\"twitter:site\" content=\"@ElLabradorOf\" \/>\n<meta name=\"twitter:label1\" content=\"Escrito por\" \/>\n\t<meta name=\"twitter:data1\" content=\"Editor\" \/>\n\t<meta name=\"twitter:label2\" content=\"Tiempo de lectura\" \/>\n\t<meta name=\"twitter:data2\" content=\"3 minutos\" \/>\n<script type=\"application\/ld+json\" class=\"yoast-schema-graph\">{\"@context\":\"https:\\\/\\\/schema.org\",\"@graph\":[{\"@type\":\"Article\",\"@id\":\"https:\\\/\\\/diarioellabrador.cl\\\/index.php\\\/2026\\\/03\\\/07\\\/delegado-provincial-bastian-alarcon-asiste-a-reunion-de-trabajo-con-las-juntas-de-vecinos-y-agrupaciones-de-artesanos-de-pomaire\\\/#article\",\"isPartOf\":{\"@id\":\"https:\\\/\\\/diarioellabrador.cl\\\/index.php\\\/2026\\\/03\\\/07\\\/delegado-provincial-bastian-alarcon-asiste-a-reunion-de-trabajo-con-las-juntas-de-vecinos-y-agrupaciones-de-artesanos-de-pomaire\\\/\"},\"author\":{\"name\":\"Editor\",\"@id\":\"https:\\\/\\\/diarioellabrador.cl\\\/#\\\/schema\\\/person\\\/bc25ff80b4563f9c7f4bd7855df01685\"},\"headline\":\"Delegado Provincial Basti\u00e1n Alarc\u00f3n asiste a reuni\u00f3n de trabajo con las juntas de vecinos y agrupaciones de artesanos de Pomaire\",\"datePublished\":\"2026-03-07T22:18:00+00:00\",\"mainEntityOfPage\":{\"@id\":\"https:\\\/\\\/diarioellabrador.cl\\\/index.php\\\/2026\\\/03\\\/07\\\/delegado-provincial-bastian-alarcon-asiste-a-reunion-de-trabajo-con-las-juntas-de-vecinos-y-agrupaciones-de-artesanos-de-pomaire\\\/\"},\"wordCount\":602,\"commentCount\":0,\"publisher\":{\"@id\":\"https:\\\/\\\/diarioellabrador.cl\\\/#organization\"},\"image\":{\"@id\":\"https:\\\/\\\/diarioellabrador.cl\\\/index.php\\\/2026\\\/03\\\/07\\\/delegado-provincial-bastian-alarcon-asiste-a-reunion-de-trabajo-con-las-juntas-de-vecinos-y-agrupaciones-de-artesanos-de-pomaire\\\/#primaryimage\"},\"thumbnailUrl\":\"https:\\\/\\\/diarioellabrador.cl\\\/wp-content\\\/uploads\\\/2026\\\/03\\\/Delegado-Provincial-Bastian-Alarcon-asiste-a-reunion-de-trabajo-con-las-juntas-de-vecinos-y-agrupaciones-de-artesanos-de-Pomaire-1.jpg\",\"articleSection\":[\"Cr\u00f3nica\"],\"inLanguage\":\"es\",\"potentialAction\":[{\"@type\":\"CommentAction\",\"name\":\"Comment\",\"target\":[\"https:\\\/\\\/diarioellabrador.cl\\\/index.php\\\/2026\\\/03\\\/07\\\/delegado-provincial-bastian-alarcon-asiste-a-reunion-de-trabajo-con-las-juntas-de-vecinos-y-agrupaciones-de-artesanos-de-pomaire\\\/#respond\"]}]},{\"@type\":\"WebPage\",\"@id\":\"https:\\\/\\\/diarioellabrador.cl\\\/index.php\\\/2026\\\/03\\\/07\\\/delegado-provincial-bastian-alarcon-asiste-a-reunion-de-trabajo-con-las-juntas-de-vecinos-y-agrupaciones-de-artesanos-de-pomaire\\\/\",\"url\":\"https:\\\/\\\/diarioellabrador.cl\\\/index.php\\\/2026\\\/03\\\/07\\\/delegado-provincial-bastian-alarcon-asiste-a-reunion-de-trabajo-con-las-juntas-de-vecinos-y-agrupaciones-de-artesanos-de-pomaire\\\/\",\"name\":\"Delegado Provincial Basti\u00e1n Alarc\u00f3n asiste a reuni\u00f3n de trabajo con las juntas de vecinos y agrupaciones de artesanos de Pomaire - Diario El Labrador\",\"isPartOf\":{\"@id\":\"https:\\\/\\\/diarioellabrador.cl\\\/#website\"},\"primaryImageOfPage\":{\"@id\":\"https:\\\/\\\/diarioellabrador.cl\\\/index.php\\\/2026\\\/03\\\/07\\\/delegado-provincial-bastian-alarcon-asiste-a-reunion-de-trabajo-con-las-juntas-de-vecinos-y-agrupaciones-de-artesanos-de-pomaire\\\/#primaryimage\"},\"image\":{\"@id\":\"https:\\\/\\\/diarioellabrador.cl\\\/index.php\\\/2026\\\/03\\\/07\\\/delegado-provincial-bastian-alarcon-asiste-a-reunion-de-trabajo-con-las-juntas-de-vecinos-y-agrupaciones-de-artesanos-de-pomaire\\\/#primaryimage\"},\"thumbnailUrl\":\"https:\\\/\\\/diarioellabrador.cl\\\/wp-content\\\/uploads\\\/2026\\\/03\\\/Delegado-Provincial-Bastian-Alarcon-asiste-a-reunion-de-trabajo-con-las-juntas-de-vecinos-y-agrupaciones-de-artesanos-de-Pomaire-1.jpg\",\"datePublished\":\"2026-03-07T22:18:00+00:00\",\"breadcrumb\":{\"@id\":\"https:\\\/\\\/diarioellabrador.cl\\\/index.php\\\/2026\\\/03\\\/07\\\/delegado-provincial-bastian-alarcon-asiste-a-reunion-de-trabajo-con-las-juntas-de-vecinos-y-agrupaciones-de-artesanos-de-pomaire\\\/#breadcrumb\"},\"inLanguage\":\"es\",\"potentialAction\":[{\"@type\":\"ReadAction\",\"target\":[\"https:\\\/\\\/diarioellabrador.cl\\\/index.php\\\/2026\\\/03\\\/07\\\/delegado-provincial-bastian-alarcon-asiste-a-reunion-de-trabajo-con-las-juntas-de-vecinos-y-agrupaciones-de-artesanos-de-pomaire\\\/\"]}]},{\"@type\":\"ImageObject\",\"inLanguage\":\"es\",\"@id\":\"https:\\\/\\\/diarioellabrador.cl\\\/index.php\\\/2026\\\/03\\\/07\\\/delegado-provincial-bastian-alarcon-asiste-a-reunion-de-trabajo-con-las-juntas-de-vecinos-y-agrupaciones-de-artesanos-de-pomaire\\\/#primaryimage\",\"url\":\"https:\\\/\\\/diarioellabrador.cl\\\/wp-content\\\/uploads\\\/2026\\\/03\\\/Delegado-Provincial-Bastian-Alarcon-asiste-a-reunion-de-trabajo-con-las-juntas-de-vecinos-y-agrupaciones-de-artesanos-de-Pomaire-1.jpg\",\"contentUrl\":\"https:\\\/\\\/diarioellabrador.cl\\\/wp-content\\\/uploads\\\/2026\\\/03\\\/Delegado-Provincial-Bastian-Alarcon-asiste-a-reunion-de-trabajo-con-las-juntas-de-vecinos-y-agrupaciones-de-artesanos-de-Pomaire-1.jpg\",\"width\":2048,\"height\":1536},{\"@type\":\"BreadcrumbList\",\"@id\":\"https:\\\/\\\/diarioellabrador.cl\\\/index.php\\\/2026\\\/03\\\/07\\\/delegado-provincial-bastian-alarcon-asiste-a-reunion-de-trabajo-con-las-juntas-de-vecinos-y-agrupaciones-de-artesanos-de-pomaire\\\/#breadcrumb\",\"itemListElement\":[{\"@type\":\"ListItem\",\"position\":1,\"name\":\"Portada\",\"item\":\"https:\\\/\\\/diarioellabrador.cl\\\/\"},{\"@type\":\"ListItem\",\"position\":2,\"name\":\"Delegado Provincial Basti\u00e1n Alarc\u00f3n asiste a reuni\u00f3n de trabajo con las juntas de vecinos y agrupaciones de artesanos de Pomaire\"}]},{\"@type\":\"WebSite\",\"@id\":\"https:\\\/\\\/diarioellabrador.cl\\\/#website\",\"url\":\"https:\\\/\\\/diarioellabrador.cl\\\/\",\"name\":\"Diario El Labrador\",\"description\":\"Haciendo noticia desde 1921\",\"publisher\":{\"@id\":\"https:\\\/\\\/diarioellabrador.cl\\\/#organization\"},\"potentialAction\":[{\"@type\":\"SearchAction\",\"target\":{\"@type\":\"EntryPoint\",\"urlTemplate\":\"https:\\\/\\\/diarioellabrador.cl\\\/?s={search_term_string}\"},\"query-input\":{\"@type\":\"PropertyValueSpecification\",\"valueRequired\":true,\"valueName\":\"search_term_string\"}}],\"inLanguage\":\"es\"},{\"@type\":\"Organization\",\"@id\":\"https:\\\/\\\/diarioellabrador.cl\\\/#organization\",\"name\":\"Diario El Labrador\",\"url\":\"https:\\\/\\\/diarioellabrador.cl\\\/\",\"logo\":{\"@type\":\"ImageObject\",\"inLanguage\":\"es\",\"@id\":\"https:\\\/\\\/diarioellabrador.cl\\\/#\\\/schema\\\/logo\\\/image\\\/\",\"url\":\"https:\\\/\\\/diarioellabrador.cl\\\/wp-content\\\/uploads\\\/2025\\\/02\\\/cropped-Logo-Icono.png\",\"contentUrl\":\"https:\\\/\\\/diarioellabrador.cl\\\/wp-content\\\/uploads\\\/2025\\\/02\\\/cropped-Logo-Icono.png\",\"width\":512,\"height\":512,\"caption\":\"Diario El Labrador\"},\"image\":{\"@id\":\"https:\\\/\\\/diarioellabrador.cl\\\/#\\\/schema\\\/logo\\\/image\\\/\"},\"sameAs\":[\"https:\\\/\\\/web.facebook.com\\\/profile.php?id=61576120840621\",\"https:\\\/\\\/x.com\\\/ElLabradorOf\",\"https:\\\/\\\/www.instagram.com\\\/diarioellabradoroficial\\\/\"]},{\"@type\":\"Person\",\"@id\":\"https:\\\/\\\/diarioellabrador.cl\\\/#\\\/schema\\\/person\\\/bc25ff80b4563f9c7f4bd7855df01685\",\"name\":\"Editor\",\"image\":{\"@type\":\"ImageObject\",\"inLanguage\":\"es\",\"@id\":\"https:\\\/\\\/secure.gravatar.com\\\/avatar\\\/109c326cf2be5c04f048c2c2a2b8b6ef44bf3d8d1d3d4c55d0ac40c4bc994684?s=96&d=mm&r=g\",\"url\":\"https:\\\/\\\/secure.gravatar.com\\\/avatar\\\/109c326cf2be5c04f048c2c2a2b8b6ef44bf3d8d1d3d4c55d0ac40c4bc994684?s=96&d=mm&r=g\",\"contentUrl\":\"https:\\\/\\\/secure.gravatar.com\\\/avatar\\\/109c326cf2be5c04f048c2c2a2b8b6ef44bf3d8d1d3d4c55d0ac40c4bc994684?s=96&d=mm&r=g\",\"caption\":\"Editor\"},\"url\":\"https:\\\/\\\/diarioellabrador.cl\\\/index.php\\\/author\\\/editor\\\/\"}]}<\/script>\n<!-- \/ Yoast SEO plugin. -->","yoast_head_json":{"title":"Delegado Provincial Basti\u00e1n Alarc\u00f3n asiste a reuni\u00f3n de trabajo con las juntas de vecinos y agrupaciones de artesanos de Pomaire - Diario El Labrador","robots":{"index":"index","follow":"follow","max-snippet":"max-snippet:-1","max-image-preview":"max-image-preview:large","max-video-preview":"max-video-preview:-1"},"canonical":"https:\/\/diarioellabrador.cl\/index.php\/2026\/03\/07\/delegado-provincial-bastian-alarcon-asiste-a-reunion-de-trabajo-con-las-juntas-de-vecinos-y-agrupaciones-de-artesanos-de-pomaire\/","og_locale":"es_ES","og_type":"article","og_title":"Delegado Provincial Basti\u00e1n Alarc\u00f3n asiste a reuni\u00f3n de trabajo con las juntas de vecinos y agrupaciones de artesanos de Pomaire - Diario El Labrador","og_description":"Hasta la localidad de Pomaire lleg\u00f3 el delegado presidencial provincial de Melipilla, Basti\u00e1n Alarc\u00f3n, para participar de reuni\u00f3n de trabajo con las juntas de vecinos, C\u00e1mara de Comercio de Pomaire, y agrupaciones de artesanos, instancia que cont\u00f3 adem\u00e1s con la participaci\u00f3n del municipio y carabineros. Durante la jornada se abordaron diversas tem\u00e1ticas vinculadas a la Leer m\u00e1s","og_url":"https:\/\/diarioellabrador.cl\/index.php\/2026\/03\/07\/delegado-provincial-bastian-alarcon-asiste-a-reunion-de-trabajo-con-las-juntas-de-vecinos-y-agrupaciones-de-artesanos-de-pomaire\/","og_site_name":"Diario El Labrador","article_publisher":"https:\/\/web.facebook.com\/profile.php?id=61576120840621","article_published_time":"2026-03-07T22:18:00+00:00","og_image":[{"width":2048,"height":1536,"url":"https:\/\/diarioellabrador.cl\/wp-content\/uploads\/2026\/03\/Delegado-Provincial-Bastian-Alarcon-asiste-a-reunion-de-trabajo-con-las-juntas-de-vecinos-y-agrupaciones-de-artesanos-de-Pomaire-1.jpg","type":"image\/jpeg"}],"author":"Editor","twitter_card":"summary_large_image","twitter_creator":"@ElLabradorOf","twitter_site":"@ElLabradorOf","twitter_misc":{"Escrito por":"Editor","Tiempo de lectura":"3 minutos"},"schema":{"@context":"https:\/\/schema.org","@graph":[{"@type":"Article","@id":"https:\/\/diarioellabrador.cl\/index.php\/2026\/03\/07\/delegado-provincial-bastian-alarcon-asiste-a-reunion-de-trabajo-con-las-juntas-de-vecinos-y-agrupaciones-de-artesanos-de-pomaire\/#article","isPartOf":{"@id":"https:\/\/diarioellabrador.cl\/index.php\/2026\/03\/07\/delegado-provincial-bastian-alarcon-asiste-a-reunion-de-trabajo-con-las-juntas-de-vecinos-y-agrupaciones-de-artesanos-de-pomaire\/"},"author":{"name":"Editor","@id":"https:\/\/diarioellabrador.cl\/#\/schema\/person\/bc25ff80b4563f9c7f4bd7855df01685"},"headline":"Delegado Provincial Basti\u00e1n Alarc\u00f3n asiste a reuni\u00f3n de trabajo con las juntas de vecinos y agrupaciones de artesanos de Pomaire","datePublished":"2026-03-07T22:18:00+00:00","mainEntityOfPage":{"@id":"https:\/\/diarioellabrador.cl\/index.php\/2026\/03\/07\/delegado-provincial-bastian-alarcon-asiste-a-reunion-de-trabajo-con-las-juntas-de-vecinos-y-agrupaciones-de-artesanos-de-pomaire\/"},"wordCount":602,"commentCount":0,"publisher":{"@id":"https:\/\/diarioellabrador.cl\/#organization"},"image":{"@id":"https:\/\/diarioellabrador.cl\/index.php\/2026\/03\/07\/delegado-provincial-bastian-alarcon-asiste-a-reunion-de-trabajo-con-las-juntas-de-vecinos-y-agrupaciones-de-artesanos-de-pomaire\/#primaryimage"},"thumbnailUrl":"https:\/\/diarioellabrador.cl\/wp-content\/uploads\/2026\/03\/Delegado-Provincial-Bastian-Alarcon-asiste-a-reunion-de-trabajo-con-las-juntas-de-vecinos-y-agrupaciones-de-artesanos-de-Pomaire-1.jpg","articleSection":["Cr\u00f3nica"],"inLanguage":"es","potentialAction":[{"@type":"CommentAction","name":"Comment","target":["https:\/\/diarioellabrador.cl\/index.php\/2026\/03\/07\/delegado-provincial-bastian-alarcon-asiste-a-reunion-de-trabajo-con-las-juntas-de-vecinos-y-agrupaciones-de-artesanos-de-pomaire\/#respond"]}]},{"@type":"WebPage","@id":"https:\/\/diarioellabrador.cl\/index.php\/2026\/03\/07\/delegado-provincial-bastian-alarcon-asiste-a-reunion-de-trabajo-con-las-juntas-de-vecinos-y-agrupaciones-de-artesanos-de-pomaire\/","url":"https:\/\/diarioellabrador.cl\/index.php\/2026\/03\/07\/delegado-provincial-bastian-alarcon-asiste-a-reunion-de-trabajo-con-las-juntas-de-vecinos-y-agrupaciones-de-artesanos-de-pomaire\/","name":"Delegado Provincial Basti\u00e1n Alarc\u00f3n asiste a reuni\u00f3n de trabajo con las juntas de vecinos y agrupaciones de artesanos de Pomaire - Diario El Labrador","isPartOf":{"@id":"https:\/\/diarioellabrador.cl\/#website"},"primaryImageOfPage":{"@id":"https:\/\/diarioellabrador.cl\/index.php\/2026\/03\/07\/delegado-provincial-bastian-alarcon-asiste-a-reunion-de-trabajo-con-las-juntas-de-vecinos-y-agrupaciones-de-artesanos-de-pomaire\/#primaryimage"},"image":{"@id":"https:\/\/diarioellabrador.cl\/index.php\/2026\/03\/07\/delegado-provincial-bastian-alarcon-asiste-a-reunion-de-trabajo-con-las-juntas-de-vecinos-y-agrupaciones-de-artesanos-de-pomaire\/#primaryimage"},"thumbnailUrl":"https:\/\/diarioellabrador.cl\/wp-content\/uploads\/2026\/03\/Delegado-Provincial-Bastian-Alarcon-asiste-a-reunion-de-trabajo-con-las-juntas-de-vecinos-y-agrupaciones-de-artesanos-de-Pomaire-1.jpg","datePublished":"2026-03-07T22:18:00+00:00","breadcrumb":{"@id":"https:\/\/diarioellabrador.cl\/index.php\/2026\/03\/07\/delegado-provincial-bastian-alarcon-asiste-a-reunion-de-trabajo-con-las-juntas-de-vecinos-y-agrupaciones-de-artesanos-de-pomaire\/#breadcrumb"},"inLanguage":"es","potentialAction":[{"@type":"ReadAction","target":["https:\/\/diarioellabrador.cl\/index.php\/2026\/03\/07\/delegado-provincial-bastian-alarcon-asiste-a-reunion-de-trabajo-con-las-juntas-de-vecinos-y-agrupaciones-de-artesanos-de-pomaire\/"]}]},{"@type":"ImageObject","inLanguage":"es","@id":"https:\/\/diarioellabrador.cl\/index.php\/2026\/03\/07\/delegado-provincial-bastian-alarcon-asiste-a-reunion-de-trabajo-con-las-juntas-de-vecinos-y-agrupaciones-de-artesanos-de-pomaire\/#primaryimage","url":"https:\/\/diarioellabrador.cl\/wp-content\/uploads\/2026\/03\/Delegado-Provincial-Bastian-Alarcon-asiste-a-reunion-de-trabajo-con-las-juntas-de-vecinos-y-agrupaciones-de-artesanos-de-Pomaire-1.jpg","contentUrl":"https:\/\/diarioellabrador.cl\/wp-content\/uploads\/2026\/03\/Delegado-Provincial-Bastian-Alarcon-asiste-a-reunion-de-trabajo-con-las-juntas-de-vecinos-y-agrupaciones-de-artesanos-de-Pomaire-1.jpg","width":2048,"height":1536},{"@type":"BreadcrumbList","@id":"https:\/\/diarioellabrador.cl\/index.php\/2026\/03\/07\/delegado-provincial-bastian-alarcon-asiste-a-reunion-de-trabajo-con-las-juntas-de-vecinos-y-agrupaciones-de-artesanos-de-pomaire\/#breadcrumb","itemListElement":[{"@type":"ListItem","position":1,"name":"Portada","item":"https:\/\/diarioellabrador.cl\/"},{"@type":"ListItem","position":2,"name":"Delegado Provincial Basti\u00e1n Alarc\u00f3n asiste a reuni\u00f3n de trabajo con las juntas de vecinos y agrupaciones de artesanos de Pomaire"}]},{"@type":"WebSite","@id":"https:\/\/diarioellabrador.cl\/#website","url":"https:\/\/diarioellabrador.cl\/","name":"Diario El Labrador","description":"Haciendo noticia desde 1921","publisher":{"@id":"https:\/\/diarioellabrador.cl\/#organization"},"potentialAction":[{"@type":"SearchAction","target":{"@type":"EntryPoint","urlTemplate":"https:\/\/diarioellabrador.cl\/?s={search_term_string}"},"query-input":{"@type":"PropertyValueSpecification","valueRequired":true,"valueName":"search_term_string"}}],"inLanguage":"es"},{"@type":"Organization","@id":"https:\/\/diarioellabrador.cl\/#organization","name":"Diario El Labrador","url":"https:\/\/diarioellabrador.cl\/","logo":{"@type":"ImageObject","inLanguage":"es","@id":"https:\/\/diarioellabrador.cl\/#\/schema\/logo\/image\/","url":"https:\/\/diarioellabrador.cl\/wp-content\/uploads\/2025\/02\/cropped-Logo-Icono.png","contentUrl":"https:\/\/diarioellabrador.cl\/wp-content\/uploads\/2025\/02\/cropped-Logo-Icono.png","width":512,"height":512,"caption":"Diario El Labrador"},"image":{"@id":"https:\/\/diarioellabrador.cl\/#\/schema\/logo\/image\/"},"sameAs":["https:\/\/web.facebook.com\/profile.php?id=61576120840621","https:\/\/x.com\/ElLabradorOf","https:\/\/www.instagram.com\/diarioellabradoroficial\/"]},{"@type":"Person","@id":"https:\/\/diarioellabrador.cl\/#\/schema\/person\/bc25ff80b4563f9c7f4bd7855df01685","name":"Editor","image":{"@type":"ImageObject","inLanguage":"es","@id":"https:\/\/secure.gravatar.com\/avatar\/109c326cf2be5c04f048c2c2a2b8b6ef44bf3d8d1d3d4c55d0ac40c4bc994684?s=96&d=mm&r=g","url":"https:\/\/secure.gravatar.com\/avatar\/109c326cf2be5c04f048c2c2a2b8b6ef44bf3d8d1d3d4c55d0ac40c4bc994684?s=96&d=mm&r=g","contentUrl":"https:\/\/secure.gravatar.com\/avatar\/109c326cf2be5c04f048c2c2a2b8b6ef44bf3d8d1d3d4c55d0ac40c4bc994684?s=96&d=mm&r=g","caption":"Editor"},"url":"https:\/\/diarioellabrador.cl\/index.php\/author\/editor\/"}]}},"_links":{"self":[{"href":"https:\/\/diarioellabrador.cl\/index.php\/wp-json\/wp\/v2\/posts\/16238","targetHints":{"allow":["GET"]}}],"collection":[{"href":"https:\/\/diarioellabrador.cl\/index.php\/wp-json\/wp\/v2\/posts"}],"about":[{"href":"https:\/\/diarioellabrador.cl\/index.php\/wp-json\/wp\/v2\/types\/post"}],"author":[{"embeddable":true,"href":"https:\/\/diarioellabrador.cl\/index.php\/wp-json\/wp\/v2\/users\/2"}],"replies":[{"embeddable":true,"href":"https:\/\/diarioellabrador.cl\/index.php\/wp-json\/wp\/v2\/comments?post=16238"}],"version-history":[{"count":1,"href":"https:\/\/diarioellabrador.cl\/index.php\/wp-json\/wp\/v2\/posts\/16238\/revisions"}],"predecessor-version":[{"id":16239,"href":"https:\/\/diarioellabrador.cl\/index.php\/wp-json\/wp\/v2\/posts\/16238\/revisions\/16239"}],"wp:featuredmedia":[{"embeddable":true,"href":"https:\/\/diarioellabrador.cl\/index.php\/wp-json\/wp\/v2\/media\/16213"}],"wp:attachment":[{"href":"https:\/\/diarioellabrador.cl\/index.php\/wp-json\/wp\/v2\/media?parent=16238"}],"wp:term":[{"taxonomy":"category","embeddable":true,"href":"https:\/\/diarioellabrador.cl\/index.php\/wp-json\/wp\/v2\/categories?post=16238"},{"taxonomy":"post_tag","embeddable":true,"href":"https:\/\/diarioellabrador.cl\/index.php\/wp-json\/wp\/v2\/tags?post=16238"}],"curies":[{"name":"wp","href":"https:\/\/api.w.org\/{rel}","templated":true}]}}