{"id":16232,"date":"2026-03-07T18:15:00","date_gmt":"2026-03-07T22:15:00","guid":{"rendered":"https:\/\/diarioellabrador.cl\/?p=16232"},"modified":"2026-03-07T16:16:25","modified_gmt":"2026-03-07T20:16:25","slug":"entregan-sentencia-para-antisocial-que-arrebato-celular-a-la-victima-y-lo-golpeo-en-la-cabeza","status":"publish","type":"post","link":"https:\/\/diarioellabrador.cl\/index.php\/2026\/03\/07\/entregan-sentencia-para-antisocial-que-arrebato-celular-a-la-victima-y-lo-golpeo-en-la-cabeza\/","title":{"rendered":"Entregan sentencia para antisocial que arrebat\u00f3 celular a la v\u00edctima y lo golpe\u00f3 en la cabeza"},"content":{"rendered":"\n<p>En el Tribunal de Garant\u00eda de Melipilla entreg\u00f3 sentencia para sujeto que agredi\u00f3 en la cabeza a la v\u00edctima en medio de un asalto.<\/p>\n\n\n\n<p>La Fiscal\u00eda relat\u00f3 que el d\u00eda 25 de noviembre del a\u00f1o 2025, siendo aproximadamente las 19:49 horas, en circunstancias que la v\u00edctima caminaba por calle Merced al llegar a calle Ram\u00f3n Vio Valdivieso en la comuna de Melipilla, el imputado Claudio C.F. intent\u00f3 sustraer su tel\u00e9fono celular, al oponer resistencia, procedi\u00f3 a golpearlo en distintas partes del cuerpo.<\/p>\n\n\n\n<p>Luego de un forcejeo con la v\u00edctima, quien intentaba recuperar su tel\u00e9fono celular, momento en que el imputado lo golpea en la cabeza, procediendo la intervenci\u00f3n de terceras personas. Ante lo cual el acusado huye del lugar, resultando el afectado con una contusi\u00f3n en regi\u00f3n craneal, contusi\u00f3n y eritema adem\u00e1s de laceraci\u00f3n en regi\u00f3n fronto lateral de la cabeza.<\/p>\n\n\n\n<p>El magistrado sentenci\u00f3 que se condena a Claudio C.F. como autor del delito de robo con violencia, en grado de desarrollo consumado, a sufrir la pena de tres a\u00f1os y un d\u00eda de presidio menor en su grado m\u00e1ximo. Que, reuni\u00e9ndose los requisitos de la Ley, se le otorga la pena sustitutiva de libertad vigilada intensiva, debiendo dar cumplimento a los planes que elabore al efecto Gendarmer\u00eda de Chile. Debiendo presentarse el d\u00eda 16 de marzo de 2026.<\/p>\n","protected":false},"excerpt":{"rendered":"<p>En el Tribunal de Garant\u00eda de Melipilla entreg\u00f3 sentencia para sujeto que agredi\u00f3 en la cabeza a la v\u00edctima en medio de un asalto. La Fiscal\u00eda relat\u00f3 que el d\u00eda 25 de noviembre del a\u00f1o 2025, siendo aproximadamente las 19:49 horas, en circunstancias que la v\u00edctima caminaba por calle Merced al llegar a calle Ram\u00f3n<\/p>\n<div class=\"read-more-wrapper\"><a class=\"read-more\" href=\"https:\/\/diarioellabrador.cl\/index.php\/2026\/03\/07\/entregan-sentencia-para-antisocial-que-arrebato-celular-a-la-victima-y-lo-golpeo-en-la-cabeza\/\" title=\"Leer m\u00e1s\"> <span class=\"button \">Leer m\u00e1s<\/span><\/a><\/div>\n","protected":false},"author":2,"featured_media":16201,"comment_status":"open","ping_status":"open","sticky":false,"template":"","format":"standard","meta":{"footnotes":""},"categories":[3],"tags":[],"class_list":["post-16232","post","type-post","status-publish","format-standard","has-post-thumbnail","hentry","category-policial"],"yoast_head":"<!-- This site is optimized with the Yoast SEO plugin v27.5 - https:\/\/yoast.com\/product\/yoast-seo-wordpress\/ -->\n<title>Entregan sentencia para antisocial que arrebat\u00f3 celular a la v\u00edctima y lo golpe\u00f3 en la cabeza - Diario El Labrador<\/title>\n<meta name=\"robots\" content=\"index, follow, max-snippet:-1, max-image-preview:large, max-video-preview:-1\" \/>\n<link rel=\"canonical\" href=\"https:\/\/diarioellabrador.cl\/index.php\/2026\/03\/07\/entregan-sentencia-para-antisocial-que-arrebato-celular-a-la-victima-y-lo-golpeo-en-la-cabeza\/\" \/>\n<meta property=\"og:locale\" content=\"es_ES\" \/>\n<meta property=\"og:type\" content=\"article\" \/>\n<meta property=\"og:title\" content=\"Entregan sentencia para antisocial que arrebat\u00f3 celular a la v\u00edctima y lo golpe\u00f3 en la cabeza - Diario El Labrador\" \/>\n<meta property=\"og:description\" content=\"En el Tribunal de Garant\u00eda de Melipilla entreg\u00f3 sentencia para sujeto que agredi\u00f3 en la cabeza a la v\u00edctima en medio de un asalto. La Fiscal\u00eda relat\u00f3 que el d\u00eda 25 de noviembre del a\u00f1o 2025, siendo aproximadamente las 19:49 horas, en circunstancias que la v\u00edctima caminaba por calle Merced al llegar a calle Ram\u00f3n Leer m\u00e1s\" \/>\n<meta property=\"og:url\" content=\"https:\/\/diarioellabrador.cl\/index.php\/2026\/03\/07\/entregan-sentencia-para-antisocial-que-arrebato-celular-a-la-victima-y-lo-golpeo-en-la-cabeza\/\" \/>\n<meta property=\"og:site_name\" content=\"Diario El Labrador\" \/>\n<meta property=\"article:publisher\" content=\"https:\/\/web.facebook.com\/profile.php?id=61576120840621\" \/>\n<meta property=\"article:published_time\" content=\"2026-03-07T22:15:00+00:00\" \/>\n<meta property=\"og:image\" content=\"https:\/\/diarioellabrador.cl\/wp-content\/uploads\/2026\/03\/Entregan-sentencia-para-antisocial-que-arrebato-celular-a-la-victima-y-lo-golpeo-en-la-cabeza.png\" \/>\n\t<meta property=\"og:image:width\" content=\"730\" \/>\n\t<meta property=\"og:image:height\" content=\"443\" \/>\n\t<meta property=\"og:image:type\" content=\"image\/png\" \/>\n<meta name=\"author\" content=\"Editor\" \/>\n<meta name=\"twitter:card\" content=\"summary_large_image\" \/>\n<meta name=\"twitter:creator\" content=\"@ElLabradorOf\" \/>\n<meta name=\"twitter:site\" content=\"@ElLabradorOf\" \/>\n<meta name=\"twitter:label1\" content=\"Escrito por\" \/>\n\t<meta name=\"twitter:data1\" content=\"Editor\" \/>\n\t<meta name=\"twitter:label2\" content=\"Tiempo de lectura\" \/>\n\t<meta name=\"twitter:data2\" content=\"2 minutos\" \/>\n<script type=\"application\/ld+json\" class=\"yoast-schema-graph\">{\"@context\":\"https:\\\/\\\/schema.org\",\"@graph\":[{\"@type\":\"Article\",\"@id\":\"https:\\\/\\\/diarioellabrador.cl\\\/index.php\\\/2026\\\/03\\\/07\\\/entregan-sentencia-para-antisocial-que-arrebato-celular-a-la-victima-y-lo-golpeo-en-la-cabeza\\\/#article\",\"isPartOf\":{\"@id\":\"https:\\\/\\\/diarioellabrador.cl\\\/index.php\\\/2026\\\/03\\\/07\\\/entregan-sentencia-para-antisocial-que-arrebato-celular-a-la-victima-y-lo-golpeo-en-la-cabeza\\\/\"},\"author\":{\"name\":\"Editor\",\"@id\":\"https:\\\/\\\/diarioellabrador.cl\\\/#\\\/schema\\\/person\\\/bc25ff80b4563f9c7f4bd7855df01685\"},\"headline\":\"Entregan sentencia para antisocial que arrebat\u00f3 celular a la v\u00edctima y lo golpe\u00f3 en la cabeza\",\"datePublished\":\"2026-03-07T22:15:00+00:00\",\"mainEntityOfPage\":{\"@id\":\"https:\\\/\\\/diarioellabrador.cl\\\/index.php\\\/2026\\\/03\\\/07\\\/entregan-sentencia-para-antisocial-que-arrebato-celular-a-la-victima-y-lo-golpeo-en-la-cabeza\\\/\"},\"wordCount\":256,\"commentCount\":0,\"publisher\":{\"@id\":\"https:\\\/\\\/diarioellabrador.cl\\\/#organization\"},\"image\":{\"@id\":\"https:\\\/\\\/diarioellabrador.cl\\\/index.php\\\/2026\\\/03\\\/07\\\/entregan-sentencia-para-antisocial-que-arrebato-celular-a-la-victima-y-lo-golpeo-en-la-cabeza\\\/#primaryimage\"},\"thumbnailUrl\":\"https:\\\/\\\/diarioellabrador.cl\\\/wp-content\\\/uploads\\\/2026\\\/03\\\/Entregan-sentencia-para-antisocial-que-arrebato-celular-a-la-victima-y-lo-golpeo-en-la-cabeza.png\",\"articleSection\":[\"Policial\"],\"inLanguage\":\"es\",\"potentialAction\":[{\"@type\":\"CommentAction\",\"name\":\"Comment\",\"target\":[\"https:\\\/\\\/diarioellabrador.cl\\\/index.php\\\/2026\\\/03\\\/07\\\/entregan-sentencia-para-antisocial-que-arrebato-celular-a-la-victima-y-lo-golpeo-en-la-cabeza\\\/#respond\"]}]},{\"@type\":\"WebPage\",\"@id\":\"https:\\\/\\\/diarioellabrador.cl\\\/index.php\\\/2026\\\/03\\\/07\\\/entregan-sentencia-para-antisocial-que-arrebato-celular-a-la-victima-y-lo-golpeo-en-la-cabeza\\\/\",\"url\":\"https:\\\/\\\/diarioellabrador.cl\\\/index.php\\\/2026\\\/03\\\/07\\\/entregan-sentencia-para-antisocial-que-arrebato-celular-a-la-victima-y-lo-golpeo-en-la-cabeza\\\/\",\"name\":\"Entregan sentencia para antisocial que arrebat\u00f3 celular a la v\u00edctima y lo golpe\u00f3 en la cabeza - Diario El Labrador\",\"isPartOf\":{\"@id\":\"https:\\\/\\\/diarioellabrador.cl\\\/#website\"},\"primaryImageOfPage\":{\"@id\":\"https:\\\/\\\/diarioellabrador.cl\\\/index.php\\\/2026\\\/03\\\/07\\\/entregan-sentencia-para-antisocial-que-arrebato-celular-a-la-victima-y-lo-golpeo-en-la-cabeza\\\/#primaryimage\"},\"image\":{\"@id\":\"https:\\\/\\\/diarioellabrador.cl\\\/index.php\\\/2026\\\/03\\\/07\\\/entregan-sentencia-para-antisocial-que-arrebato-celular-a-la-victima-y-lo-golpeo-en-la-cabeza\\\/#primaryimage\"},\"thumbnailUrl\":\"https:\\\/\\\/diarioellabrador.cl\\\/wp-content\\\/uploads\\\/2026\\\/03\\\/Entregan-sentencia-para-antisocial-que-arrebato-celular-a-la-victima-y-lo-golpeo-en-la-cabeza.png\",\"datePublished\":\"2026-03-07T22:15:00+00:00\",\"breadcrumb\":{\"@id\":\"https:\\\/\\\/diarioellabrador.cl\\\/index.php\\\/2026\\\/03\\\/07\\\/entregan-sentencia-para-antisocial-que-arrebato-celular-a-la-victima-y-lo-golpeo-en-la-cabeza\\\/#breadcrumb\"},\"inLanguage\":\"es\",\"potentialAction\":[{\"@type\":\"ReadAction\",\"target\":[\"https:\\\/\\\/diarioellabrador.cl\\\/index.php\\\/2026\\\/03\\\/07\\\/entregan-sentencia-para-antisocial-que-arrebato-celular-a-la-victima-y-lo-golpeo-en-la-cabeza\\\/\"]}]},{\"@type\":\"ImageObject\",\"inLanguage\":\"es\",\"@id\":\"https:\\\/\\\/diarioellabrador.cl\\\/index.php\\\/2026\\\/03\\\/07\\\/entregan-sentencia-para-antisocial-que-arrebato-celular-a-la-victima-y-lo-golpeo-en-la-cabeza\\\/#primaryimage\",\"url\":\"https:\\\/\\\/diarioellabrador.cl\\\/wp-content\\\/uploads\\\/2026\\\/03\\\/Entregan-sentencia-para-antisocial-que-arrebato-celular-a-la-victima-y-lo-golpeo-en-la-cabeza.png\",\"contentUrl\":\"https:\\\/\\\/diarioellabrador.cl\\\/wp-content\\\/uploads\\\/2026\\\/03\\\/Entregan-sentencia-para-antisocial-que-arrebato-celular-a-la-victima-y-lo-golpeo-en-la-cabeza.png\",\"width\":730,\"height\":443},{\"@type\":\"BreadcrumbList\",\"@id\":\"https:\\\/\\\/diarioellabrador.cl\\\/index.php\\\/2026\\\/03\\\/07\\\/entregan-sentencia-para-antisocial-que-arrebato-celular-a-la-victima-y-lo-golpeo-en-la-cabeza\\\/#breadcrumb\",\"itemListElement\":[{\"@type\":\"ListItem\",\"position\":1,\"name\":\"Portada\",\"item\":\"https:\\\/\\\/diarioellabrador.cl\\\/\"},{\"@type\":\"ListItem\",\"position\":2,\"name\":\"Entregan sentencia para antisocial que arrebat\u00f3 celular a la v\u00edctima y lo golpe\u00f3 en la cabeza\"}]},{\"@type\":\"WebSite\",\"@id\":\"https:\\\/\\\/diarioellabrador.cl\\\/#website\",\"url\":\"https:\\\/\\\/diarioellabrador.cl\\\/\",\"name\":\"Diario El Labrador\",\"description\":\"Haciendo noticia desde 1921\",\"publisher\":{\"@id\":\"https:\\\/\\\/diarioellabrador.cl\\\/#organization\"},\"potentialAction\":[{\"@type\":\"SearchAction\",\"target\":{\"@type\":\"EntryPoint\",\"urlTemplate\":\"https:\\\/\\\/diarioellabrador.cl\\\/?s={search_term_string}\"},\"query-input\":{\"@type\":\"PropertyValueSpecification\",\"valueRequired\":true,\"valueName\":\"search_term_string\"}}],\"inLanguage\":\"es\"},{\"@type\":\"Organization\",\"@id\":\"https:\\\/\\\/diarioellabrador.cl\\\/#organization\",\"name\":\"Diario El Labrador\",\"url\":\"https:\\\/\\\/diarioellabrador.cl\\\/\",\"logo\":{\"@type\":\"ImageObject\",\"inLanguage\":\"es\",\"@id\":\"https:\\\/\\\/diarioellabrador.cl\\\/#\\\/schema\\\/logo\\\/image\\\/\",\"url\":\"https:\\\/\\\/diarioellabrador.cl\\\/wp-content\\\/uploads\\\/2025\\\/02\\\/cropped-Logo-Icono.png\",\"contentUrl\":\"https:\\\/\\\/diarioellabrador.cl\\\/wp-content\\\/uploads\\\/2025\\\/02\\\/cropped-Logo-Icono.png\",\"width\":512,\"height\":512,\"caption\":\"Diario El Labrador\"},\"image\":{\"@id\":\"https:\\\/\\\/diarioellabrador.cl\\\/#\\\/schema\\\/logo\\\/image\\\/\"},\"sameAs\":[\"https:\\\/\\\/web.facebook.com\\\/profile.php?id=61576120840621\",\"https:\\\/\\\/x.com\\\/ElLabradorOf\",\"https:\\\/\\\/www.instagram.com\\\/diarioellabradoroficial\\\/\"]},{\"@type\":\"Person\",\"@id\":\"https:\\\/\\\/diarioellabrador.cl\\\/#\\\/schema\\\/person\\\/bc25ff80b4563f9c7f4bd7855df01685\",\"name\":\"Editor\",\"image\":{\"@type\":\"ImageObject\",\"inLanguage\":\"es\",\"@id\":\"https:\\\/\\\/secure.gravatar.com\\\/avatar\\\/109c326cf2be5c04f048c2c2a2b8b6ef44bf3d8d1d3d4c55d0ac40c4bc994684?s=96&d=mm&r=g\",\"url\":\"https:\\\/\\\/secure.gravatar.com\\\/avatar\\\/109c326cf2be5c04f048c2c2a2b8b6ef44bf3d8d1d3d4c55d0ac40c4bc994684?s=96&d=mm&r=g\",\"contentUrl\":\"https:\\\/\\\/secure.gravatar.com\\\/avatar\\\/109c326cf2be5c04f048c2c2a2b8b6ef44bf3d8d1d3d4c55d0ac40c4bc994684?s=96&d=mm&r=g\",\"caption\":\"Editor\"},\"url\":\"https:\\\/\\\/diarioellabrador.cl\\\/index.php\\\/author\\\/editor\\\/\"}]}<\/script>\n<!-- \/ Yoast SEO plugin. -->","yoast_head_json":{"title":"Entregan sentencia para antisocial que arrebat\u00f3 celular a la v\u00edctima y lo golpe\u00f3 en la cabeza - Diario El Labrador","robots":{"index":"index","follow":"follow","max-snippet":"max-snippet:-1","max-image-preview":"max-image-preview:large","max-video-preview":"max-video-preview:-1"},"canonical":"https:\/\/diarioellabrador.cl\/index.php\/2026\/03\/07\/entregan-sentencia-para-antisocial-que-arrebato-celular-a-la-victima-y-lo-golpeo-en-la-cabeza\/","og_locale":"es_ES","og_type":"article","og_title":"Entregan sentencia para antisocial que arrebat\u00f3 celular a la v\u00edctima y lo golpe\u00f3 en la cabeza - Diario El Labrador","og_description":"En el Tribunal de Garant\u00eda de Melipilla entreg\u00f3 sentencia para sujeto que agredi\u00f3 en la cabeza a la v\u00edctima en medio de un asalto. La Fiscal\u00eda relat\u00f3 que el d\u00eda 25 de noviembre del a\u00f1o 2025, siendo aproximadamente las 19:49 horas, en circunstancias que la v\u00edctima caminaba por calle Merced al llegar a calle Ram\u00f3n Leer m\u00e1s","og_url":"https:\/\/diarioellabrador.cl\/index.php\/2026\/03\/07\/entregan-sentencia-para-antisocial-que-arrebato-celular-a-la-victima-y-lo-golpeo-en-la-cabeza\/","og_site_name":"Diario El Labrador","article_publisher":"https:\/\/web.facebook.com\/profile.php?id=61576120840621","article_published_time":"2026-03-07T22:15:00+00:00","og_image":[{"width":730,"height":443,"url":"https:\/\/diarioellabrador.cl\/wp-content\/uploads\/2026\/03\/Entregan-sentencia-para-antisocial-que-arrebato-celular-a-la-victima-y-lo-golpeo-en-la-cabeza.png","type":"image\/png"}],"author":"Editor","twitter_card":"summary_large_image","twitter_creator":"@ElLabradorOf","twitter_site":"@ElLabradorOf","twitter_misc":{"Escrito por":"Editor","Tiempo de lectura":"2 minutos"},"schema":{"@context":"https:\/\/schema.org","@graph":[{"@type":"Article","@id":"https:\/\/diarioellabrador.cl\/index.php\/2026\/03\/07\/entregan-sentencia-para-antisocial-que-arrebato-celular-a-la-victima-y-lo-golpeo-en-la-cabeza\/#article","isPartOf":{"@id":"https:\/\/diarioellabrador.cl\/index.php\/2026\/03\/07\/entregan-sentencia-para-antisocial-que-arrebato-celular-a-la-victima-y-lo-golpeo-en-la-cabeza\/"},"author":{"name":"Editor","@id":"https:\/\/diarioellabrador.cl\/#\/schema\/person\/bc25ff80b4563f9c7f4bd7855df01685"},"headline":"Entregan sentencia para antisocial que arrebat\u00f3 celular a la v\u00edctima y lo golpe\u00f3 en la cabeza","datePublished":"2026-03-07T22:15:00+00:00","mainEntityOfPage":{"@id":"https:\/\/diarioellabrador.cl\/index.php\/2026\/03\/07\/entregan-sentencia-para-antisocial-que-arrebato-celular-a-la-victima-y-lo-golpeo-en-la-cabeza\/"},"wordCount":256,"commentCount":0,"publisher":{"@id":"https:\/\/diarioellabrador.cl\/#organization"},"image":{"@id":"https:\/\/diarioellabrador.cl\/index.php\/2026\/03\/07\/entregan-sentencia-para-antisocial-que-arrebato-celular-a-la-victima-y-lo-golpeo-en-la-cabeza\/#primaryimage"},"thumbnailUrl":"https:\/\/diarioellabrador.cl\/wp-content\/uploads\/2026\/03\/Entregan-sentencia-para-antisocial-que-arrebato-celular-a-la-victima-y-lo-golpeo-en-la-cabeza.png","articleSection":["Policial"],"inLanguage":"es","potentialAction":[{"@type":"CommentAction","name":"Comment","target":["https:\/\/diarioellabrador.cl\/index.php\/2026\/03\/07\/entregan-sentencia-para-antisocial-que-arrebato-celular-a-la-victima-y-lo-golpeo-en-la-cabeza\/#respond"]}]},{"@type":"WebPage","@id":"https:\/\/diarioellabrador.cl\/index.php\/2026\/03\/07\/entregan-sentencia-para-antisocial-que-arrebato-celular-a-la-victima-y-lo-golpeo-en-la-cabeza\/","url":"https:\/\/diarioellabrador.cl\/index.php\/2026\/03\/07\/entregan-sentencia-para-antisocial-que-arrebato-celular-a-la-victima-y-lo-golpeo-en-la-cabeza\/","name":"Entregan sentencia para antisocial que arrebat\u00f3 celular a la v\u00edctima y lo golpe\u00f3 en la cabeza - Diario El Labrador","isPartOf":{"@id":"https:\/\/diarioellabrador.cl\/#website"},"primaryImageOfPage":{"@id":"https:\/\/diarioellabrador.cl\/index.php\/2026\/03\/07\/entregan-sentencia-para-antisocial-que-arrebato-celular-a-la-victima-y-lo-golpeo-en-la-cabeza\/#primaryimage"},"image":{"@id":"https:\/\/diarioellabrador.cl\/index.php\/2026\/03\/07\/entregan-sentencia-para-antisocial-que-arrebato-celular-a-la-victima-y-lo-golpeo-en-la-cabeza\/#primaryimage"},"thumbnailUrl":"https:\/\/diarioellabrador.cl\/wp-content\/uploads\/2026\/03\/Entregan-sentencia-para-antisocial-que-arrebato-celular-a-la-victima-y-lo-golpeo-en-la-cabeza.png","datePublished":"2026-03-07T22:15:00+00:00","breadcrumb":{"@id":"https:\/\/diarioellabrador.cl\/index.php\/2026\/03\/07\/entregan-sentencia-para-antisocial-que-arrebato-celular-a-la-victima-y-lo-golpeo-en-la-cabeza\/#breadcrumb"},"inLanguage":"es","potentialAction":[{"@type":"ReadAction","target":["https:\/\/diarioellabrador.cl\/index.php\/2026\/03\/07\/entregan-sentencia-para-antisocial-que-arrebato-celular-a-la-victima-y-lo-golpeo-en-la-cabeza\/"]}]},{"@type":"ImageObject","inLanguage":"es","@id":"https:\/\/diarioellabrador.cl\/index.php\/2026\/03\/07\/entregan-sentencia-para-antisocial-que-arrebato-celular-a-la-victima-y-lo-golpeo-en-la-cabeza\/#primaryimage","url":"https:\/\/diarioellabrador.cl\/wp-content\/uploads\/2026\/03\/Entregan-sentencia-para-antisocial-que-arrebato-celular-a-la-victima-y-lo-golpeo-en-la-cabeza.png","contentUrl":"https:\/\/diarioellabrador.cl\/wp-content\/uploads\/2026\/03\/Entregan-sentencia-para-antisocial-que-arrebato-celular-a-la-victima-y-lo-golpeo-en-la-cabeza.png","width":730,"height":443},{"@type":"BreadcrumbList","@id":"https:\/\/diarioellabrador.cl\/index.php\/2026\/03\/07\/entregan-sentencia-para-antisocial-que-arrebato-celular-a-la-victima-y-lo-golpeo-en-la-cabeza\/#breadcrumb","itemListElement":[{"@type":"ListItem","position":1,"name":"Portada","item":"https:\/\/diarioellabrador.cl\/"},{"@type":"ListItem","position":2,"name":"Entregan sentencia para antisocial que arrebat\u00f3 celular a la v\u00edctima y lo golpe\u00f3 en la cabeza"}]},{"@type":"WebSite","@id":"https:\/\/diarioellabrador.cl\/#website","url":"https:\/\/diarioellabrador.cl\/","name":"Diario El Labrador","description":"Haciendo noticia desde 1921","publisher":{"@id":"https:\/\/diarioellabrador.cl\/#organization"},"potentialAction":[{"@type":"SearchAction","target":{"@type":"EntryPoint","urlTemplate":"https:\/\/diarioellabrador.cl\/?s={search_term_string}"},"query-input":{"@type":"PropertyValueSpecification","valueRequired":true,"valueName":"search_term_string"}}],"inLanguage":"es"},{"@type":"Organization","@id":"https:\/\/diarioellabrador.cl\/#organization","name":"Diario El Labrador","url":"https:\/\/diarioellabrador.cl\/","logo":{"@type":"ImageObject","inLanguage":"es","@id":"https:\/\/diarioellabrador.cl\/#\/schema\/logo\/image\/","url":"https:\/\/diarioellabrador.cl\/wp-content\/uploads\/2025\/02\/cropped-Logo-Icono.png","contentUrl":"https:\/\/diarioellabrador.cl\/wp-content\/uploads\/2025\/02\/cropped-Logo-Icono.png","width":512,"height":512,"caption":"Diario El Labrador"},"image":{"@id":"https:\/\/diarioellabrador.cl\/#\/schema\/logo\/image\/"},"sameAs":["https:\/\/web.facebook.com\/profile.php?id=61576120840621","https:\/\/x.com\/ElLabradorOf","https:\/\/www.instagram.com\/diarioellabradoroficial\/"]},{"@type":"Person","@id":"https:\/\/diarioellabrador.cl\/#\/schema\/person\/bc25ff80b4563f9c7f4bd7855df01685","name":"Editor","image":{"@type":"ImageObject","inLanguage":"es","@id":"https:\/\/secure.gravatar.com\/avatar\/109c326cf2be5c04f048c2c2a2b8b6ef44bf3d8d1d3d4c55d0ac40c4bc994684?s=96&d=mm&r=g","url":"https:\/\/secure.gravatar.com\/avatar\/109c326cf2be5c04f048c2c2a2b8b6ef44bf3d8d1d3d4c55d0ac40c4bc994684?s=96&d=mm&r=g","contentUrl":"https:\/\/secure.gravatar.com\/avatar\/109c326cf2be5c04f048c2c2a2b8b6ef44bf3d8d1d3d4c55d0ac40c4bc994684?s=96&d=mm&r=g","caption":"Editor"},"url":"https:\/\/diarioellabrador.cl\/index.php\/author\/editor\/"}]}},"_links":{"self":[{"href":"https:\/\/diarioellabrador.cl\/index.php\/wp-json\/wp\/v2\/posts\/16232","targetHints":{"allow":["GET"]}}],"collection":[{"href":"https:\/\/diarioellabrador.cl\/index.php\/wp-json\/wp\/v2\/posts"}],"about":[{"href":"https:\/\/diarioellabrador.cl\/index.php\/wp-json\/wp\/v2\/types\/post"}],"author":[{"embeddable":true,"href":"https:\/\/diarioellabrador.cl\/index.php\/wp-json\/wp\/v2\/users\/2"}],"replies":[{"embeddable":true,"href":"https:\/\/diarioellabrador.cl\/index.php\/wp-json\/wp\/v2\/comments?post=16232"}],"version-history":[{"count":1,"href":"https:\/\/diarioellabrador.cl\/index.php\/wp-json\/wp\/v2\/posts\/16232\/revisions"}],"predecessor-version":[{"id":16233,"href":"https:\/\/diarioellabrador.cl\/index.php\/wp-json\/wp\/v2\/posts\/16232\/revisions\/16233"}],"wp:featuredmedia":[{"embeddable":true,"href":"https:\/\/diarioellabrador.cl\/index.php\/wp-json\/wp\/v2\/media\/16201"}],"wp:attachment":[{"href":"https:\/\/diarioellabrador.cl\/index.php\/wp-json\/wp\/v2\/media?parent=16232"}],"wp:term":[{"taxonomy":"category","embeddable":true,"href":"https:\/\/diarioellabrador.cl\/index.php\/wp-json\/wp\/v2\/categories?post=16232"},{"taxonomy":"post_tag","embeddable":true,"href":"https:\/\/diarioellabrador.cl\/index.php\/wp-json\/wp\/v2\/tags?post=16232"}],"curies":[{"name":"wp","href":"https:\/\/api.w.org\/{rel}","templated":true}]}}