{"id":1482,"date":"2025-04-07T18:32:58","date_gmt":"2025-04-07T22:32:58","guid":{"rendered":"https:\/\/diarioellabrador.cl\/?p=1482"},"modified":"2025-04-07T18:32:58","modified_gmt":"2025-04-07T22:32:58","slug":"comuna-de-alhue-recibio-nuevo-gobierno-en-terreno","status":"publish","type":"post","link":"https:\/\/diarioellabrador.cl\/index.php\/2025\/04\/07\/comuna-de-alhue-recibio-nuevo-gobierno-en-terreno\/","title":{"rendered":"Comuna de Alhu\u00e9 recibi\u00f3 nuevo Gobierno en Terreno"},"content":{"rendered":"\n<ul class=\"wp-block-list\">\n<li><strong>La actividad se desarroll\u00f3 en plaza de la comuna, donde participaron cerca de 20 servicios p\u00fablicos, privados y voluntariados. <\/strong><\/li>\n<\/ul>\n\n\n\n<p>Plaza de Armas de Alhu\u00e9 fue escenario de una nueva jornada de Gobierno en Terreno, actividad organizada por Delegaci\u00f3n Presidencial Provincial de Melipilla, instancia que reuni\u00f3 cerca de 20 servicios p\u00fablicos, privados y voluntariados.<\/p>\n\n\n\n<p>El delegado provincial de Melipilla, Basti\u00e1n Alarc\u00f3n, destac\u00f3 la gran participaci\u00f3n de los vecinos y vecinas, quienes pudieron efectuar diversos tr\u00e1mites de forma cercana y expedita.<\/p>\n\n\n\n<p>\u201cEstamos en la comuna de Alhu\u00e9 junto a la alcaldesa Marcela Chamorro, quien siempre nos acompa\u00f1a. En esta oportunidad estuvimos entregando un servicio a la comunidad, b\u00e1sicamente con atenci\u00f3n de usuarios para los diferentes servicios de Gobierno, que cuesta que lleguen a los sectores m\u00e1s alejados de la provincia como Alhu\u00e9, dada la extensi\u00f3n territorial que es muy vasta en la provincia. Los vecinos tuvieron por ejemplo a INDAP, ya que es zona de agricultura; vialidad para hacer sus requerimientos en materia vial; Prodemu viendo temas de mujer; CONAF entregando \u00e1rboles; a nuestra abogada de delegaci\u00f3n entregando asesor\u00eda jur\u00eddica, entre muchos servicios m\u00e1s\u201d, indicando que continuar\u00e1n efectuando actividades en terreno acercando los servicios a las personas.<\/p>\n\n\n\n<p>Por su parte, la alcaldesa Marcela Chamoro, valor\u00f3 la instancia. \u201cTuvimos la visita de Gobierno en Terreno, con la participaci\u00f3n de alrededor de 20 servicios p\u00fablicos, privados y voluntariados que estuvieron atendiendo a nuestros vecinos y vecinas de la comuna, donde el gran porcentaje de consultas se hizo al servicio de salud y vivienda. Hacemos un llamado a la comunidad a participar de estas actividades que acercan los servicios a sectores m\u00e1s apartados del centro de la provincia\u201d, agradeciendo la participaci\u00f3n y apoyo de los diversos profesionales de los servicios p\u00fablicos que se hicieron presente.<\/p>\n\n\n\n<figure class=\"wp-block-image size-full\"><img loading=\"lazy\" decoding=\"async\" width=\"1024\" height=\"768\" src=\"https:\/\/diarioellabrador.cl\/wp-content\/uploads\/2025\/04\/GET-Alhue-3.jpg\" alt=\"\" class=\"wp-image-1432\" srcset=\"https:\/\/diarioellabrador.cl\/wp-content\/uploads\/2025\/04\/GET-Alhue-3.jpg 1024w, https:\/\/diarioellabrador.cl\/wp-content\/uploads\/2025\/04\/GET-Alhue-3-300x225.jpg 300w, https:\/\/diarioellabrador.cl\/wp-content\/uploads\/2025\/04\/GET-Alhue-3-768x576.jpg 768w, https:\/\/diarioellabrador.cl\/wp-content\/uploads\/2025\/04\/GET-Alhue-3-800x600.jpg 800w, https:\/\/diarioellabrador.cl\/wp-content\/uploads\/2025\/04\/GET-Alhue-3-600x450.jpg 600w, https:\/\/diarioellabrador.cl\/wp-content\/uploads\/2025\/04\/GET-Alhue-3-400x300.jpg 400w\" sizes=\"auto, (max-width: 1024px) 100vw, 1024px\" \/><\/figure>\n","protected":false},"excerpt":{"rendered":"<p>Plaza de Armas de Alhu\u00e9 fue escenario de una nueva jornada de Gobierno en Terreno, actividad organizada por Delegaci\u00f3n Presidencial Provincial de Melipilla, instancia que reuni\u00f3 cerca de 20 servicios p\u00fablicos, privados y voluntariados. El delegado provincial de Melipilla, Basti\u00e1n Alarc\u00f3n, destac\u00f3 la gran participaci\u00f3n de los vecinos y vecinas, quienes pudieron efectuar diversos tr\u00e1mites<\/p>\n<div class=\"read-more-wrapper\"><a class=\"read-more\" href=\"https:\/\/diarioellabrador.cl\/index.php\/2025\/04\/07\/comuna-de-alhue-recibio-nuevo-gobierno-en-terreno\/\" title=\"Leer m\u00e1s\"> <span class=\"button \">Leer m\u00e1s<\/span><\/a><\/div>\n","protected":false},"author":2,"featured_media":1431,"comment_status":"open","ping_status":"open","sticky":false,"template":"","format":"standard","meta":{"footnotes":""},"categories":[1],"tags":[],"class_list":["post-1482","post","type-post","status-publish","format-standard","has-post-thumbnail","hentry","category-cronica"],"yoast_head":"<!-- This site is optimized with the Yoast SEO plugin v27.5 - https:\/\/yoast.com\/product\/yoast-seo-wordpress\/ -->\n<title>Comuna de Alhu\u00e9 recibi\u00f3 nuevo Gobierno en Terreno - Diario El Labrador<\/title>\n<meta name=\"robots\" content=\"index, follow, max-snippet:-1, max-image-preview:large, max-video-preview:-1\" \/>\n<link rel=\"canonical\" href=\"https:\/\/diarioellabrador.cl\/index.php\/2025\/04\/07\/comuna-de-alhue-recibio-nuevo-gobierno-en-terreno\/\" \/>\n<meta property=\"og:locale\" content=\"es_ES\" \/>\n<meta property=\"og:type\" content=\"article\" \/>\n<meta property=\"og:title\" content=\"Comuna de Alhu\u00e9 recibi\u00f3 nuevo Gobierno en Terreno - Diario El Labrador\" \/>\n<meta property=\"og:description\" content=\"Plaza de Armas de Alhu\u00e9 fue escenario de una nueva jornada de Gobierno en Terreno, actividad organizada por Delegaci\u00f3n Presidencial Provincial de Melipilla, instancia que reuni\u00f3 cerca de 20 servicios p\u00fablicos, privados y voluntariados. El delegado provincial de Melipilla, Basti\u00e1n Alarc\u00f3n, destac\u00f3 la gran participaci\u00f3n de los vecinos y vecinas, quienes pudieron efectuar diversos tr\u00e1mites Leer m\u00e1s\" \/>\n<meta property=\"og:url\" content=\"https:\/\/diarioellabrador.cl\/index.php\/2025\/04\/07\/comuna-de-alhue-recibio-nuevo-gobierno-en-terreno\/\" \/>\n<meta property=\"og:site_name\" content=\"Diario El Labrador\" \/>\n<meta property=\"article:publisher\" content=\"https:\/\/web.facebook.com\/profile.php?id=61576120840621\" \/>\n<meta property=\"article:published_time\" content=\"2025-04-07T22:32:58+00:00\" \/>\n<meta property=\"og:image\" content=\"https:\/\/diarioellabrador.cl\/wp-content\/uploads\/2025\/04\/GET-Alhue-2.jpg\" \/>\n\t<meta property=\"og:image:width\" content=\"1024\" \/>\n\t<meta property=\"og:image:height\" content=\"768\" \/>\n\t<meta property=\"og:image:type\" content=\"image\/jpeg\" \/>\n<meta name=\"author\" content=\"Editor\" \/>\n<meta name=\"twitter:card\" content=\"summary_large_image\" \/>\n<meta name=\"twitter:creator\" content=\"@ElLabradorOf\" \/>\n<meta name=\"twitter:site\" content=\"@ElLabradorOf\" \/>\n<meta name=\"twitter:label1\" content=\"Escrito por\" \/>\n\t<meta name=\"twitter:data1\" content=\"Editor\" \/>\n\t<meta name=\"twitter:label2\" content=\"Tiempo de lectura\" \/>\n\t<meta name=\"twitter:data2\" content=\"2 minutos\" \/>\n<script type=\"application\/ld+json\" class=\"yoast-schema-graph\">{\"@context\":\"https:\\\/\\\/schema.org\",\"@graph\":[{\"@type\":\"Article\",\"@id\":\"https:\\\/\\\/diarioellabrador.cl\\\/index.php\\\/2025\\\/04\\\/07\\\/comuna-de-alhue-recibio-nuevo-gobierno-en-terreno\\\/#article\",\"isPartOf\":{\"@id\":\"https:\\\/\\\/diarioellabrador.cl\\\/index.php\\\/2025\\\/04\\\/07\\\/comuna-de-alhue-recibio-nuevo-gobierno-en-terreno\\\/\"},\"author\":{\"name\":\"Editor\",\"@id\":\"https:\\\/\\\/diarioellabrador.cl\\\/#\\\/schema\\\/person\\\/bc25ff80b4563f9c7f4bd7855df01685\"},\"headline\":\"Comuna de Alhu\u00e9 recibi\u00f3 nuevo Gobierno en Terreno\",\"datePublished\":\"2025-04-07T22:32:58+00:00\",\"mainEntityOfPage\":{\"@id\":\"https:\\\/\\\/diarioellabrador.cl\\\/index.php\\\/2025\\\/04\\\/07\\\/comuna-de-alhue-recibio-nuevo-gobierno-en-terreno\\\/\"},\"wordCount\":317,\"commentCount\":0,\"publisher\":{\"@id\":\"https:\\\/\\\/diarioellabrador.cl\\\/#organization\"},\"image\":{\"@id\":\"https:\\\/\\\/diarioellabrador.cl\\\/index.php\\\/2025\\\/04\\\/07\\\/comuna-de-alhue-recibio-nuevo-gobierno-en-terreno\\\/#primaryimage\"},\"thumbnailUrl\":\"https:\\\/\\\/diarioellabrador.cl\\\/wp-content\\\/uploads\\\/2025\\\/04\\\/GET-Alhue-2.jpg\",\"articleSection\":[\"Cr\u00f3nica\"],\"inLanguage\":\"es\",\"potentialAction\":[{\"@type\":\"CommentAction\",\"name\":\"Comment\",\"target\":[\"https:\\\/\\\/diarioellabrador.cl\\\/index.php\\\/2025\\\/04\\\/07\\\/comuna-de-alhue-recibio-nuevo-gobierno-en-terreno\\\/#respond\"]}]},{\"@type\":\"WebPage\",\"@id\":\"https:\\\/\\\/diarioellabrador.cl\\\/index.php\\\/2025\\\/04\\\/07\\\/comuna-de-alhue-recibio-nuevo-gobierno-en-terreno\\\/\",\"url\":\"https:\\\/\\\/diarioellabrador.cl\\\/index.php\\\/2025\\\/04\\\/07\\\/comuna-de-alhue-recibio-nuevo-gobierno-en-terreno\\\/\",\"name\":\"Comuna de Alhu\u00e9 recibi\u00f3 nuevo Gobierno en Terreno - Diario El Labrador\",\"isPartOf\":{\"@id\":\"https:\\\/\\\/diarioellabrador.cl\\\/#website\"},\"primaryImageOfPage\":{\"@id\":\"https:\\\/\\\/diarioellabrador.cl\\\/index.php\\\/2025\\\/04\\\/07\\\/comuna-de-alhue-recibio-nuevo-gobierno-en-terreno\\\/#primaryimage\"},\"image\":{\"@id\":\"https:\\\/\\\/diarioellabrador.cl\\\/index.php\\\/2025\\\/04\\\/07\\\/comuna-de-alhue-recibio-nuevo-gobierno-en-terreno\\\/#primaryimage\"},\"thumbnailUrl\":\"https:\\\/\\\/diarioellabrador.cl\\\/wp-content\\\/uploads\\\/2025\\\/04\\\/GET-Alhue-2.jpg\",\"datePublished\":\"2025-04-07T22:32:58+00:00\",\"breadcrumb\":{\"@id\":\"https:\\\/\\\/diarioellabrador.cl\\\/index.php\\\/2025\\\/04\\\/07\\\/comuna-de-alhue-recibio-nuevo-gobierno-en-terreno\\\/#breadcrumb\"},\"inLanguage\":\"es\",\"potentialAction\":[{\"@type\":\"ReadAction\",\"target\":[\"https:\\\/\\\/diarioellabrador.cl\\\/index.php\\\/2025\\\/04\\\/07\\\/comuna-de-alhue-recibio-nuevo-gobierno-en-terreno\\\/\"]}]},{\"@type\":\"ImageObject\",\"inLanguage\":\"es\",\"@id\":\"https:\\\/\\\/diarioellabrador.cl\\\/index.php\\\/2025\\\/04\\\/07\\\/comuna-de-alhue-recibio-nuevo-gobierno-en-terreno\\\/#primaryimage\",\"url\":\"https:\\\/\\\/diarioellabrador.cl\\\/wp-content\\\/uploads\\\/2025\\\/04\\\/GET-Alhue-2.jpg\",\"contentUrl\":\"https:\\\/\\\/diarioellabrador.cl\\\/wp-content\\\/uploads\\\/2025\\\/04\\\/GET-Alhue-2.jpg\",\"width\":1024,\"height\":768},{\"@type\":\"BreadcrumbList\",\"@id\":\"https:\\\/\\\/diarioellabrador.cl\\\/index.php\\\/2025\\\/04\\\/07\\\/comuna-de-alhue-recibio-nuevo-gobierno-en-terreno\\\/#breadcrumb\",\"itemListElement\":[{\"@type\":\"ListItem\",\"position\":1,\"name\":\"Portada\",\"item\":\"https:\\\/\\\/diarioellabrador.cl\\\/\"},{\"@type\":\"ListItem\",\"position\":2,\"name\":\"Comuna de Alhu\u00e9 recibi\u00f3 nuevo Gobierno en Terreno\"}]},{\"@type\":\"WebSite\",\"@id\":\"https:\\\/\\\/diarioellabrador.cl\\\/#website\",\"url\":\"https:\\\/\\\/diarioellabrador.cl\\\/\",\"name\":\"Diario El Labrador\",\"description\":\"Haciendo noticia desde 1921\",\"publisher\":{\"@id\":\"https:\\\/\\\/diarioellabrador.cl\\\/#organization\"},\"potentialAction\":[{\"@type\":\"SearchAction\",\"target\":{\"@type\":\"EntryPoint\",\"urlTemplate\":\"https:\\\/\\\/diarioellabrador.cl\\\/?s={search_term_string}\"},\"query-input\":{\"@type\":\"PropertyValueSpecification\",\"valueRequired\":true,\"valueName\":\"search_term_string\"}}],\"inLanguage\":\"es\"},{\"@type\":\"Organization\",\"@id\":\"https:\\\/\\\/diarioellabrador.cl\\\/#organization\",\"name\":\"Diario El Labrador\",\"url\":\"https:\\\/\\\/diarioellabrador.cl\\\/\",\"logo\":{\"@type\":\"ImageObject\",\"inLanguage\":\"es\",\"@id\":\"https:\\\/\\\/diarioellabrador.cl\\\/#\\\/schema\\\/logo\\\/image\\\/\",\"url\":\"https:\\\/\\\/diarioellabrador.cl\\\/wp-content\\\/uploads\\\/2025\\\/02\\\/cropped-Logo-Icono.png\",\"contentUrl\":\"https:\\\/\\\/diarioellabrador.cl\\\/wp-content\\\/uploads\\\/2025\\\/02\\\/cropped-Logo-Icono.png\",\"width\":512,\"height\":512,\"caption\":\"Diario El Labrador\"},\"image\":{\"@id\":\"https:\\\/\\\/diarioellabrador.cl\\\/#\\\/schema\\\/logo\\\/image\\\/\"},\"sameAs\":[\"https:\\\/\\\/web.facebook.com\\\/profile.php?id=61576120840621\",\"https:\\\/\\\/x.com\\\/ElLabradorOf\",\"https:\\\/\\\/www.instagram.com\\\/diarioellabradoroficial\\\/\"]},{\"@type\":\"Person\",\"@id\":\"https:\\\/\\\/diarioellabrador.cl\\\/#\\\/schema\\\/person\\\/bc25ff80b4563f9c7f4bd7855df01685\",\"name\":\"Editor\",\"image\":{\"@type\":\"ImageObject\",\"inLanguage\":\"es\",\"@id\":\"https:\\\/\\\/secure.gravatar.com\\\/avatar\\\/109c326cf2be5c04f048c2c2a2b8b6ef44bf3d8d1d3d4c55d0ac40c4bc994684?s=96&d=mm&r=g\",\"url\":\"https:\\\/\\\/secure.gravatar.com\\\/avatar\\\/109c326cf2be5c04f048c2c2a2b8b6ef44bf3d8d1d3d4c55d0ac40c4bc994684?s=96&d=mm&r=g\",\"contentUrl\":\"https:\\\/\\\/secure.gravatar.com\\\/avatar\\\/109c326cf2be5c04f048c2c2a2b8b6ef44bf3d8d1d3d4c55d0ac40c4bc994684?s=96&d=mm&r=g\",\"caption\":\"Editor\"},\"url\":\"https:\\\/\\\/diarioellabrador.cl\\\/index.php\\\/author\\\/editor\\\/\"}]}<\/script>\n<!-- \/ Yoast SEO plugin. -->","yoast_head_json":{"title":"Comuna de Alhu\u00e9 recibi\u00f3 nuevo Gobierno en Terreno - Diario El Labrador","robots":{"index":"index","follow":"follow","max-snippet":"max-snippet:-1","max-image-preview":"max-image-preview:large","max-video-preview":"max-video-preview:-1"},"canonical":"https:\/\/diarioellabrador.cl\/index.php\/2025\/04\/07\/comuna-de-alhue-recibio-nuevo-gobierno-en-terreno\/","og_locale":"es_ES","og_type":"article","og_title":"Comuna de Alhu\u00e9 recibi\u00f3 nuevo Gobierno en Terreno - Diario El Labrador","og_description":"Plaza de Armas de Alhu\u00e9 fue escenario de una nueva jornada de Gobierno en Terreno, actividad organizada por Delegaci\u00f3n Presidencial Provincial de Melipilla, instancia que reuni\u00f3 cerca de 20 servicios p\u00fablicos, privados y voluntariados. El delegado provincial de Melipilla, Basti\u00e1n Alarc\u00f3n, destac\u00f3 la gran participaci\u00f3n de los vecinos y vecinas, quienes pudieron efectuar diversos tr\u00e1mites Leer m\u00e1s","og_url":"https:\/\/diarioellabrador.cl\/index.php\/2025\/04\/07\/comuna-de-alhue-recibio-nuevo-gobierno-en-terreno\/","og_site_name":"Diario El Labrador","article_publisher":"https:\/\/web.facebook.com\/profile.php?id=61576120840621","article_published_time":"2025-04-07T22:32:58+00:00","og_image":[{"width":1024,"height":768,"url":"https:\/\/diarioellabrador.cl\/wp-content\/uploads\/2025\/04\/GET-Alhue-2.jpg","type":"image\/jpeg"}],"author":"Editor","twitter_card":"summary_large_image","twitter_creator":"@ElLabradorOf","twitter_site":"@ElLabradorOf","twitter_misc":{"Escrito por":"Editor","Tiempo de lectura":"2 minutos"},"schema":{"@context":"https:\/\/schema.org","@graph":[{"@type":"Article","@id":"https:\/\/diarioellabrador.cl\/index.php\/2025\/04\/07\/comuna-de-alhue-recibio-nuevo-gobierno-en-terreno\/#article","isPartOf":{"@id":"https:\/\/diarioellabrador.cl\/index.php\/2025\/04\/07\/comuna-de-alhue-recibio-nuevo-gobierno-en-terreno\/"},"author":{"name":"Editor","@id":"https:\/\/diarioellabrador.cl\/#\/schema\/person\/bc25ff80b4563f9c7f4bd7855df01685"},"headline":"Comuna de Alhu\u00e9 recibi\u00f3 nuevo Gobierno en Terreno","datePublished":"2025-04-07T22:32:58+00:00","mainEntityOfPage":{"@id":"https:\/\/diarioellabrador.cl\/index.php\/2025\/04\/07\/comuna-de-alhue-recibio-nuevo-gobierno-en-terreno\/"},"wordCount":317,"commentCount":0,"publisher":{"@id":"https:\/\/diarioellabrador.cl\/#organization"},"image":{"@id":"https:\/\/diarioellabrador.cl\/index.php\/2025\/04\/07\/comuna-de-alhue-recibio-nuevo-gobierno-en-terreno\/#primaryimage"},"thumbnailUrl":"https:\/\/diarioellabrador.cl\/wp-content\/uploads\/2025\/04\/GET-Alhue-2.jpg","articleSection":["Cr\u00f3nica"],"inLanguage":"es","potentialAction":[{"@type":"CommentAction","name":"Comment","target":["https:\/\/diarioellabrador.cl\/index.php\/2025\/04\/07\/comuna-de-alhue-recibio-nuevo-gobierno-en-terreno\/#respond"]}]},{"@type":"WebPage","@id":"https:\/\/diarioellabrador.cl\/index.php\/2025\/04\/07\/comuna-de-alhue-recibio-nuevo-gobierno-en-terreno\/","url":"https:\/\/diarioellabrador.cl\/index.php\/2025\/04\/07\/comuna-de-alhue-recibio-nuevo-gobierno-en-terreno\/","name":"Comuna de Alhu\u00e9 recibi\u00f3 nuevo Gobierno en Terreno - Diario El Labrador","isPartOf":{"@id":"https:\/\/diarioellabrador.cl\/#website"},"primaryImageOfPage":{"@id":"https:\/\/diarioellabrador.cl\/index.php\/2025\/04\/07\/comuna-de-alhue-recibio-nuevo-gobierno-en-terreno\/#primaryimage"},"image":{"@id":"https:\/\/diarioellabrador.cl\/index.php\/2025\/04\/07\/comuna-de-alhue-recibio-nuevo-gobierno-en-terreno\/#primaryimage"},"thumbnailUrl":"https:\/\/diarioellabrador.cl\/wp-content\/uploads\/2025\/04\/GET-Alhue-2.jpg","datePublished":"2025-04-07T22:32:58+00:00","breadcrumb":{"@id":"https:\/\/diarioellabrador.cl\/index.php\/2025\/04\/07\/comuna-de-alhue-recibio-nuevo-gobierno-en-terreno\/#breadcrumb"},"inLanguage":"es","potentialAction":[{"@type":"ReadAction","target":["https:\/\/diarioellabrador.cl\/index.php\/2025\/04\/07\/comuna-de-alhue-recibio-nuevo-gobierno-en-terreno\/"]}]},{"@type":"ImageObject","inLanguage":"es","@id":"https:\/\/diarioellabrador.cl\/index.php\/2025\/04\/07\/comuna-de-alhue-recibio-nuevo-gobierno-en-terreno\/#primaryimage","url":"https:\/\/diarioellabrador.cl\/wp-content\/uploads\/2025\/04\/GET-Alhue-2.jpg","contentUrl":"https:\/\/diarioellabrador.cl\/wp-content\/uploads\/2025\/04\/GET-Alhue-2.jpg","width":1024,"height":768},{"@type":"BreadcrumbList","@id":"https:\/\/diarioellabrador.cl\/index.php\/2025\/04\/07\/comuna-de-alhue-recibio-nuevo-gobierno-en-terreno\/#breadcrumb","itemListElement":[{"@type":"ListItem","position":1,"name":"Portada","item":"https:\/\/diarioellabrador.cl\/"},{"@type":"ListItem","position":2,"name":"Comuna de Alhu\u00e9 recibi\u00f3 nuevo Gobierno en Terreno"}]},{"@type":"WebSite","@id":"https:\/\/diarioellabrador.cl\/#website","url":"https:\/\/diarioellabrador.cl\/","name":"Diario El Labrador","description":"Haciendo noticia desde 1921","publisher":{"@id":"https:\/\/diarioellabrador.cl\/#organization"},"potentialAction":[{"@type":"SearchAction","target":{"@type":"EntryPoint","urlTemplate":"https:\/\/diarioellabrador.cl\/?s={search_term_string}"},"query-input":{"@type":"PropertyValueSpecification","valueRequired":true,"valueName":"search_term_string"}}],"inLanguage":"es"},{"@type":"Organization","@id":"https:\/\/diarioellabrador.cl\/#organization","name":"Diario El Labrador","url":"https:\/\/diarioellabrador.cl\/","logo":{"@type":"ImageObject","inLanguage":"es","@id":"https:\/\/diarioellabrador.cl\/#\/schema\/logo\/image\/","url":"https:\/\/diarioellabrador.cl\/wp-content\/uploads\/2025\/02\/cropped-Logo-Icono.png","contentUrl":"https:\/\/diarioellabrador.cl\/wp-content\/uploads\/2025\/02\/cropped-Logo-Icono.png","width":512,"height":512,"caption":"Diario El Labrador"},"image":{"@id":"https:\/\/diarioellabrador.cl\/#\/schema\/logo\/image\/"},"sameAs":["https:\/\/web.facebook.com\/profile.php?id=61576120840621","https:\/\/x.com\/ElLabradorOf","https:\/\/www.instagram.com\/diarioellabradoroficial\/"]},{"@type":"Person","@id":"https:\/\/diarioellabrador.cl\/#\/schema\/person\/bc25ff80b4563f9c7f4bd7855df01685","name":"Editor","image":{"@type":"ImageObject","inLanguage":"es","@id":"https:\/\/secure.gravatar.com\/avatar\/109c326cf2be5c04f048c2c2a2b8b6ef44bf3d8d1d3d4c55d0ac40c4bc994684?s=96&d=mm&r=g","url":"https:\/\/secure.gravatar.com\/avatar\/109c326cf2be5c04f048c2c2a2b8b6ef44bf3d8d1d3d4c55d0ac40c4bc994684?s=96&d=mm&r=g","contentUrl":"https:\/\/secure.gravatar.com\/avatar\/109c326cf2be5c04f048c2c2a2b8b6ef44bf3d8d1d3d4c55d0ac40c4bc994684?s=96&d=mm&r=g","caption":"Editor"},"url":"https:\/\/diarioellabrador.cl\/index.php\/author\/editor\/"}]}},"_links":{"self":[{"href":"https:\/\/diarioellabrador.cl\/index.php\/wp-json\/wp\/v2\/posts\/1482","targetHints":{"allow":["GET"]}}],"collection":[{"href":"https:\/\/diarioellabrador.cl\/index.php\/wp-json\/wp\/v2\/posts"}],"about":[{"href":"https:\/\/diarioellabrador.cl\/index.php\/wp-json\/wp\/v2\/types\/post"}],"author":[{"embeddable":true,"href":"https:\/\/diarioellabrador.cl\/index.php\/wp-json\/wp\/v2\/users\/2"}],"replies":[{"embeddable":true,"href":"https:\/\/diarioellabrador.cl\/index.php\/wp-json\/wp\/v2\/comments?post=1482"}],"version-history":[{"count":1,"href":"https:\/\/diarioellabrador.cl\/index.php\/wp-json\/wp\/v2\/posts\/1482\/revisions"}],"predecessor-version":[{"id":1483,"href":"https:\/\/diarioellabrador.cl\/index.php\/wp-json\/wp\/v2\/posts\/1482\/revisions\/1483"}],"wp:featuredmedia":[{"embeddable":true,"href":"https:\/\/diarioellabrador.cl\/index.php\/wp-json\/wp\/v2\/media\/1431"}],"wp:attachment":[{"href":"https:\/\/diarioellabrador.cl\/index.php\/wp-json\/wp\/v2\/media?parent=1482"}],"wp:term":[{"taxonomy":"category","embeddable":true,"href":"https:\/\/diarioellabrador.cl\/index.php\/wp-json\/wp\/v2\/categories?post=1482"},{"taxonomy":"post_tag","embeddable":true,"href":"https:\/\/diarioellabrador.cl\/index.php\/wp-json\/wp\/v2\/tags?post=1482"}],"curies":[{"name":"wp","href":"https:\/\/api.w.org\/{rel}","templated":true}]}}