{"id":14225,"date":"2026-01-22T18:14:45","date_gmt":"2026-01-22T22:14:45","guid":{"rendered":"https:\/\/diarioellabrador.cl\/?p=14225"},"modified":"2026-01-22T18:14:46","modified_gmt":"2026-01-22T22:14:46","slug":"duoc-uc-impulsa-campana-solidaria-en-apoyo-a-damnificados-por-incendios-en-biobio-y-nuble","status":"publish","type":"post","link":"https:\/\/diarioellabrador.cl\/index.php\/2026\/01\/22\/duoc-uc-impulsa-campana-solidaria-en-apoyo-a-damnificados-por-incendios-en-biobio-y-nuble\/","title":{"rendered":"Duoc UC impulsa campa\u00f1a solidaria en apoyo a damnificados por incendios en Biob\u00edo y \u00d1uble"},"content":{"rendered":"\n<p><strong>La comunidad educativa de Sede Melipilla se moviliza para recolectar alimentos no perecibles y art\u00edculos de aseo, invitando a estudiantes, colaboradores y a la comunidad local de Melipilla a sumarse con aportes de r\u00e1pida entrega en apoyo a familias afectadas y equipos de Bomberos.<\/strong><\/p>\n\n\n\n<p>En un gesto de compromiso y solidaridad, la comunidad educativa de Duoc UC ha iniciado una campa\u00f1a de recolecci\u00f3n de alimentos no perecibles y art\u00edculos de aseo personal para ir en ayuda de las personas y familias afectadas por los incendios forestales que han impactado a las regiones de Biob\u00edo y \u00d1uble.<\/p>\n\n\n\n<p>La iniciativa busca reunir ayuda de r\u00e1pida entrega, destinada tanto a las familias damnificadas como a los equipos de Bomberos que se encuentran trabajando activamente en las zonas afectadas, enfrentando una de las emergencias m\u00e1s complejas de la temporada.<\/p>\n\n\n\n<p>Desde la sede Melipilla, Benjam\u00edn Chac\u00f3n, Gestor Pastoral de Duoc UC, destac\u00f3 el esp\u00edritu solidario de la comunidad e hizo un llamado a sumarse a esta cruzada: \u201cComo comunidad educativa creemos profundamente que la solidaridad se vive en acciones concretas. Invitamos a estudiantes, docentes, colaboradores y a toda la comunidad de Melipilla a acercarse a nuestra sede y ser parte de esta campa\u00f1a, porque cada aporte, por peque\u00f1o que parezca, puede entregar alivio y esperanza a quienes hoy lo est\u00e1n pasando mal\u201d.<\/p>\n\n\n\n<p>Por su parte, Mari\u00e1ngela Gracia, directora de Duoc UC Sede Melipilla, relev\u00f3 la importancia de la participaci\u00f3n y del compromiso social que caracteriza a la instituci\u00f3n: \u201cHacemos un llamado abierto a nuestra comunidad y al entorno a sumarse a esta campa\u00f1a solidaria. Los incendios han dejado a muchas familias en una situaci\u00f3n muy compleja, y hoy tenemos la oportunidad de ayudar de manera concreta, acerc\u00e1ndonos a la sede y colaborando con lo que est\u00e9 a nuestro alcance\u201d.<\/p>\n\n\n\n<p><strong>\u00bfQu\u00e9 se est\u00e1 recibiendo?<\/strong><\/p>\n\n\n\n<p><strong>Alimentos no perecibles:<\/strong> fideos, arroz, pur\u00e9 deshidratado, leche en polvo, legumbres, alimentos enlatados (solo con sistema abre f\u00e1cil), agua embotellada, bebidas isot\u00f3nicas y barras de cereal.<\/p>\n\n\n\n<p><strong>Art\u00edculos de aseo personal:<\/strong> papel higi\u00e9nico, jab\u00f3n y shampoo, cepillo y pasta de dientes, desodorante, toallitas h\u00famedas, pa\u00f1ales (ni\u00f1o y adulto) y toallas higi\u00e9nicas<\/p>\n\n\n\n<p><strong>Punto de acopio<\/strong><\/p>\n\n\n\n<p>Las donaciones se estar\u00e1n recibiendo hasta el lunes 26 de enero en la Sede Melipilla de Duoc UC, ubicada en Serrano 1105, de 08:30 a 19:00 horas en el hall de acceso.<\/p>\n\n\n\n<p>Duoc UC reitera la invitaci\u00f3n a toda la comunidad a participar de esta campa\u00f1a, recordando que cada aporte suma y puede transformarse en una ayuda concreta para quienes hoy m\u00e1s lo necesitan.<\/p>\n","protected":false},"excerpt":{"rendered":"<p>La comunidad educativa de Sede Melipilla se moviliza para recolectar alimentos no perecibles y art\u00edculos de aseo, invitando a estudiantes, colaboradores y a la comunidad local de Melipilla a sumarse con aportes de r\u00e1pida entrega en apoyo a familias afectadas y equipos de Bomberos. En un gesto de compromiso y solidaridad, la comunidad educativa de<\/p>\n<div class=\"read-more-wrapper\"><a class=\"read-more\" href=\"https:\/\/diarioellabrador.cl\/index.php\/2026\/01\/22\/duoc-uc-impulsa-campana-solidaria-en-apoyo-a-damnificados-por-incendios-en-biobio-y-nuble\/\" title=\"Leer m\u00e1s\"> <span class=\"button \">Leer m\u00e1s<\/span><\/a><\/div>\n","protected":false},"author":2,"featured_media":14161,"comment_status":"open","ping_status":"open","sticky":false,"template":"","format":"standard","meta":{"footnotes":""},"categories":[1],"tags":[],"class_list":["post-14225","post","type-post","status-publish","format-standard","has-post-thumbnail","hentry","category-cronica"],"yoast_head":"<!-- This site is optimized with the Yoast SEO plugin v27.5 - https:\/\/yoast.com\/product\/yoast-seo-wordpress\/ -->\n<title>Duoc UC impulsa campa\u00f1a solidaria en apoyo a damnificados por incendios en Biob\u00edo y \u00d1uble - Diario El Labrador<\/title>\n<meta name=\"robots\" content=\"index, follow, max-snippet:-1, max-image-preview:large, max-video-preview:-1\" \/>\n<link rel=\"canonical\" href=\"https:\/\/diarioellabrador.cl\/index.php\/2026\/01\/22\/duoc-uc-impulsa-campana-solidaria-en-apoyo-a-damnificados-por-incendios-en-biobio-y-nuble\/\" \/>\n<meta property=\"og:locale\" content=\"es_ES\" \/>\n<meta property=\"og:type\" content=\"article\" \/>\n<meta property=\"og:title\" content=\"Duoc UC impulsa campa\u00f1a solidaria en apoyo a damnificados por incendios en Biob\u00edo y \u00d1uble - Diario El Labrador\" \/>\n<meta property=\"og:description\" content=\"La comunidad educativa de Sede Melipilla se moviliza para recolectar alimentos no perecibles y art\u00edculos de aseo, invitando a estudiantes, colaboradores y a la comunidad local de Melipilla a sumarse con aportes de r\u00e1pida entrega en apoyo a familias afectadas y equipos de Bomberos. En un gesto de compromiso y solidaridad, la comunidad educativa de Leer m\u00e1s\" \/>\n<meta property=\"og:url\" content=\"https:\/\/diarioellabrador.cl\/index.php\/2026\/01\/22\/duoc-uc-impulsa-campana-solidaria-en-apoyo-a-damnificados-por-incendios-en-biobio-y-nuble\/\" \/>\n<meta property=\"og:site_name\" content=\"Diario El Labrador\" \/>\n<meta property=\"article:publisher\" content=\"https:\/\/web.facebook.com\/profile.php?id=61576120840621\" \/>\n<meta property=\"article:published_time\" content=\"2026-01-22T22:14:45+00:00\" \/>\n<meta property=\"article:modified_time\" content=\"2026-01-22T22:14:46+00:00\" \/>\n<meta property=\"og:image\" content=\"https:\/\/diarioellabrador.cl\/wp-content\/uploads\/2026\/01\/Duoc-UC-impulsa-campana-solidaria-en-apoyo-a-damnificados-por-incendios-en-Biobio-y-Nuble-2.jpeg\" \/>\n\t<meta property=\"og:image:width\" content=\"1200\" \/>\n\t<meta property=\"og:image:height\" content=\"1600\" \/>\n\t<meta property=\"og:image:type\" content=\"image\/jpeg\" \/>\n<meta name=\"author\" content=\"Editor\" \/>\n<meta name=\"twitter:card\" content=\"summary_large_image\" \/>\n<meta name=\"twitter:creator\" content=\"@ElLabradorOf\" \/>\n<meta name=\"twitter:site\" content=\"@ElLabradorOf\" \/>\n<meta name=\"twitter:label1\" content=\"Escrito por\" \/>\n\t<meta name=\"twitter:data1\" content=\"Editor\" \/>\n\t<meta name=\"twitter:label2\" content=\"Tiempo de lectura\" \/>\n\t<meta name=\"twitter:data2\" content=\"3 minutos\" \/>\n<script type=\"application\/ld+json\" class=\"yoast-schema-graph\">{\"@context\":\"https:\\\/\\\/schema.org\",\"@graph\":[{\"@type\":\"Article\",\"@id\":\"https:\\\/\\\/diarioellabrador.cl\\\/index.php\\\/2026\\\/01\\\/22\\\/duoc-uc-impulsa-campana-solidaria-en-apoyo-a-damnificados-por-incendios-en-biobio-y-nuble\\\/#article\",\"isPartOf\":{\"@id\":\"https:\\\/\\\/diarioellabrador.cl\\\/index.php\\\/2026\\\/01\\\/22\\\/duoc-uc-impulsa-campana-solidaria-en-apoyo-a-damnificados-por-incendios-en-biobio-y-nuble\\\/\"},\"author\":{\"name\":\"Editor\",\"@id\":\"https:\\\/\\\/diarioellabrador.cl\\\/#\\\/schema\\\/person\\\/bc25ff80b4563f9c7f4bd7855df01685\"},\"headline\":\"Duoc UC impulsa campa\u00f1a solidaria en apoyo a damnificados por incendios en Biob\u00edo y \u00d1uble\",\"datePublished\":\"2026-01-22T22:14:45+00:00\",\"dateModified\":\"2026-01-22T22:14:46+00:00\",\"mainEntityOfPage\":{\"@id\":\"https:\\\/\\\/diarioellabrador.cl\\\/index.php\\\/2026\\\/01\\\/22\\\/duoc-uc-impulsa-campana-solidaria-en-apoyo-a-damnificados-por-incendios-en-biobio-y-nuble\\\/\"},\"wordCount\":461,\"commentCount\":0,\"publisher\":{\"@id\":\"https:\\\/\\\/diarioellabrador.cl\\\/#organization\"},\"image\":{\"@id\":\"https:\\\/\\\/diarioellabrador.cl\\\/index.php\\\/2026\\\/01\\\/22\\\/duoc-uc-impulsa-campana-solidaria-en-apoyo-a-damnificados-por-incendios-en-biobio-y-nuble\\\/#primaryimage\"},\"thumbnailUrl\":\"https:\\\/\\\/diarioellabrador.cl\\\/wp-content\\\/uploads\\\/2026\\\/01\\\/Duoc-UC-impulsa-campana-solidaria-en-apoyo-a-damnificados-por-incendios-en-Biobio-y-Nuble-2.jpeg\",\"articleSection\":[\"Cr\u00f3nica\"],\"inLanguage\":\"es\",\"potentialAction\":[{\"@type\":\"CommentAction\",\"name\":\"Comment\",\"target\":[\"https:\\\/\\\/diarioellabrador.cl\\\/index.php\\\/2026\\\/01\\\/22\\\/duoc-uc-impulsa-campana-solidaria-en-apoyo-a-damnificados-por-incendios-en-biobio-y-nuble\\\/#respond\"]}]},{\"@type\":\"WebPage\",\"@id\":\"https:\\\/\\\/diarioellabrador.cl\\\/index.php\\\/2026\\\/01\\\/22\\\/duoc-uc-impulsa-campana-solidaria-en-apoyo-a-damnificados-por-incendios-en-biobio-y-nuble\\\/\",\"url\":\"https:\\\/\\\/diarioellabrador.cl\\\/index.php\\\/2026\\\/01\\\/22\\\/duoc-uc-impulsa-campana-solidaria-en-apoyo-a-damnificados-por-incendios-en-biobio-y-nuble\\\/\",\"name\":\"Duoc UC impulsa campa\u00f1a solidaria en apoyo a damnificados por incendios en Biob\u00edo y \u00d1uble - Diario El Labrador\",\"isPartOf\":{\"@id\":\"https:\\\/\\\/diarioellabrador.cl\\\/#website\"},\"primaryImageOfPage\":{\"@id\":\"https:\\\/\\\/diarioellabrador.cl\\\/index.php\\\/2026\\\/01\\\/22\\\/duoc-uc-impulsa-campana-solidaria-en-apoyo-a-damnificados-por-incendios-en-biobio-y-nuble\\\/#primaryimage\"},\"image\":{\"@id\":\"https:\\\/\\\/diarioellabrador.cl\\\/index.php\\\/2026\\\/01\\\/22\\\/duoc-uc-impulsa-campana-solidaria-en-apoyo-a-damnificados-por-incendios-en-biobio-y-nuble\\\/#primaryimage\"},\"thumbnailUrl\":\"https:\\\/\\\/diarioellabrador.cl\\\/wp-content\\\/uploads\\\/2026\\\/01\\\/Duoc-UC-impulsa-campana-solidaria-en-apoyo-a-damnificados-por-incendios-en-Biobio-y-Nuble-2.jpeg\",\"datePublished\":\"2026-01-22T22:14:45+00:00\",\"dateModified\":\"2026-01-22T22:14:46+00:00\",\"breadcrumb\":{\"@id\":\"https:\\\/\\\/diarioellabrador.cl\\\/index.php\\\/2026\\\/01\\\/22\\\/duoc-uc-impulsa-campana-solidaria-en-apoyo-a-damnificados-por-incendios-en-biobio-y-nuble\\\/#breadcrumb\"},\"inLanguage\":\"es\",\"potentialAction\":[{\"@type\":\"ReadAction\",\"target\":[\"https:\\\/\\\/diarioellabrador.cl\\\/index.php\\\/2026\\\/01\\\/22\\\/duoc-uc-impulsa-campana-solidaria-en-apoyo-a-damnificados-por-incendios-en-biobio-y-nuble\\\/\"]}]},{\"@type\":\"ImageObject\",\"inLanguage\":\"es\",\"@id\":\"https:\\\/\\\/diarioellabrador.cl\\\/index.php\\\/2026\\\/01\\\/22\\\/duoc-uc-impulsa-campana-solidaria-en-apoyo-a-damnificados-por-incendios-en-biobio-y-nuble\\\/#primaryimage\",\"url\":\"https:\\\/\\\/diarioellabrador.cl\\\/wp-content\\\/uploads\\\/2026\\\/01\\\/Duoc-UC-impulsa-campana-solidaria-en-apoyo-a-damnificados-por-incendios-en-Biobio-y-Nuble-2.jpeg\",\"contentUrl\":\"https:\\\/\\\/diarioellabrador.cl\\\/wp-content\\\/uploads\\\/2026\\\/01\\\/Duoc-UC-impulsa-campana-solidaria-en-apoyo-a-damnificados-por-incendios-en-Biobio-y-Nuble-2.jpeg\",\"width\":1200,\"height\":1600},{\"@type\":\"BreadcrumbList\",\"@id\":\"https:\\\/\\\/diarioellabrador.cl\\\/index.php\\\/2026\\\/01\\\/22\\\/duoc-uc-impulsa-campana-solidaria-en-apoyo-a-damnificados-por-incendios-en-biobio-y-nuble\\\/#breadcrumb\",\"itemListElement\":[{\"@type\":\"ListItem\",\"position\":1,\"name\":\"Portada\",\"item\":\"https:\\\/\\\/diarioellabrador.cl\\\/\"},{\"@type\":\"ListItem\",\"position\":2,\"name\":\"Duoc UC impulsa campa\u00f1a solidaria en apoyo a damnificados por incendios en Biob\u00edo y \u00d1uble\"}]},{\"@type\":\"WebSite\",\"@id\":\"https:\\\/\\\/diarioellabrador.cl\\\/#website\",\"url\":\"https:\\\/\\\/diarioellabrador.cl\\\/\",\"name\":\"Diario El Labrador\",\"description\":\"Haciendo noticia desde 1921\",\"publisher\":{\"@id\":\"https:\\\/\\\/diarioellabrador.cl\\\/#organization\"},\"potentialAction\":[{\"@type\":\"SearchAction\",\"target\":{\"@type\":\"EntryPoint\",\"urlTemplate\":\"https:\\\/\\\/diarioellabrador.cl\\\/?s={search_term_string}\"},\"query-input\":{\"@type\":\"PropertyValueSpecification\",\"valueRequired\":true,\"valueName\":\"search_term_string\"}}],\"inLanguage\":\"es\"},{\"@type\":\"Organization\",\"@id\":\"https:\\\/\\\/diarioellabrador.cl\\\/#organization\",\"name\":\"Diario El Labrador\",\"url\":\"https:\\\/\\\/diarioellabrador.cl\\\/\",\"logo\":{\"@type\":\"ImageObject\",\"inLanguage\":\"es\",\"@id\":\"https:\\\/\\\/diarioellabrador.cl\\\/#\\\/schema\\\/logo\\\/image\\\/\",\"url\":\"https:\\\/\\\/diarioellabrador.cl\\\/wp-content\\\/uploads\\\/2025\\\/02\\\/cropped-Logo-Icono.png\",\"contentUrl\":\"https:\\\/\\\/diarioellabrador.cl\\\/wp-content\\\/uploads\\\/2025\\\/02\\\/cropped-Logo-Icono.png\",\"width\":512,\"height\":512,\"caption\":\"Diario El Labrador\"},\"image\":{\"@id\":\"https:\\\/\\\/diarioellabrador.cl\\\/#\\\/schema\\\/logo\\\/image\\\/\"},\"sameAs\":[\"https:\\\/\\\/web.facebook.com\\\/profile.php?id=61576120840621\",\"https:\\\/\\\/x.com\\\/ElLabradorOf\",\"https:\\\/\\\/www.instagram.com\\\/diarioellabradoroficial\\\/\"]},{\"@type\":\"Person\",\"@id\":\"https:\\\/\\\/diarioellabrador.cl\\\/#\\\/schema\\\/person\\\/bc25ff80b4563f9c7f4bd7855df01685\",\"name\":\"Editor\",\"image\":{\"@type\":\"ImageObject\",\"inLanguage\":\"es\",\"@id\":\"https:\\\/\\\/secure.gravatar.com\\\/avatar\\\/109c326cf2be5c04f048c2c2a2b8b6ef44bf3d8d1d3d4c55d0ac40c4bc994684?s=96&d=mm&r=g\",\"url\":\"https:\\\/\\\/secure.gravatar.com\\\/avatar\\\/109c326cf2be5c04f048c2c2a2b8b6ef44bf3d8d1d3d4c55d0ac40c4bc994684?s=96&d=mm&r=g\",\"contentUrl\":\"https:\\\/\\\/secure.gravatar.com\\\/avatar\\\/109c326cf2be5c04f048c2c2a2b8b6ef44bf3d8d1d3d4c55d0ac40c4bc994684?s=96&d=mm&r=g\",\"caption\":\"Editor\"},\"url\":\"https:\\\/\\\/diarioellabrador.cl\\\/index.php\\\/author\\\/editor\\\/\"}]}<\/script>\n<!-- \/ Yoast SEO plugin. -->","yoast_head_json":{"title":"Duoc UC impulsa campa\u00f1a solidaria en apoyo a damnificados por incendios en Biob\u00edo y \u00d1uble - Diario El Labrador","robots":{"index":"index","follow":"follow","max-snippet":"max-snippet:-1","max-image-preview":"max-image-preview:large","max-video-preview":"max-video-preview:-1"},"canonical":"https:\/\/diarioellabrador.cl\/index.php\/2026\/01\/22\/duoc-uc-impulsa-campana-solidaria-en-apoyo-a-damnificados-por-incendios-en-biobio-y-nuble\/","og_locale":"es_ES","og_type":"article","og_title":"Duoc UC impulsa campa\u00f1a solidaria en apoyo a damnificados por incendios en Biob\u00edo y \u00d1uble - Diario El Labrador","og_description":"La comunidad educativa de Sede Melipilla se moviliza para recolectar alimentos no perecibles y art\u00edculos de aseo, invitando a estudiantes, colaboradores y a la comunidad local de Melipilla a sumarse con aportes de r\u00e1pida entrega en apoyo a familias afectadas y equipos de Bomberos. En un gesto de compromiso y solidaridad, la comunidad educativa de Leer m\u00e1s","og_url":"https:\/\/diarioellabrador.cl\/index.php\/2026\/01\/22\/duoc-uc-impulsa-campana-solidaria-en-apoyo-a-damnificados-por-incendios-en-biobio-y-nuble\/","og_site_name":"Diario El Labrador","article_publisher":"https:\/\/web.facebook.com\/profile.php?id=61576120840621","article_published_time":"2026-01-22T22:14:45+00:00","article_modified_time":"2026-01-22T22:14:46+00:00","og_image":[{"width":1200,"height":1600,"url":"https:\/\/diarioellabrador.cl\/wp-content\/uploads\/2026\/01\/Duoc-UC-impulsa-campana-solidaria-en-apoyo-a-damnificados-por-incendios-en-Biobio-y-Nuble-2.jpeg","type":"image\/jpeg"}],"author":"Editor","twitter_card":"summary_large_image","twitter_creator":"@ElLabradorOf","twitter_site":"@ElLabradorOf","twitter_misc":{"Escrito por":"Editor","Tiempo de lectura":"3 minutos"},"schema":{"@context":"https:\/\/schema.org","@graph":[{"@type":"Article","@id":"https:\/\/diarioellabrador.cl\/index.php\/2026\/01\/22\/duoc-uc-impulsa-campana-solidaria-en-apoyo-a-damnificados-por-incendios-en-biobio-y-nuble\/#article","isPartOf":{"@id":"https:\/\/diarioellabrador.cl\/index.php\/2026\/01\/22\/duoc-uc-impulsa-campana-solidaria-en-apoyo-a-damnificados-por-incendios-en-biobio-y-nuble\/"},"author":{"name":"Editor","@id":"https:\/\/diarioellabrador.cl\/#\/schema\/person\/bc25ff80b4563f9c7f4bd7855df01685"},"headline":"Duoc UC impulsa campa\u00f1a solidaria en apoyo a damnificados por incendios en Biob\u00edo y \u00d1uble","datePublished":"2026-01-22T22:14:45+00:00","dateModified":"2026-01-22T22:14:46+00:00","mainEntityOfPage":{"@id":"https:\/\/diarioellabrador.cl\/index.php\/2026\/01\/22\/duoc-uc-impulsa-campana-solidaria-en-apoyo-a-damnificados-por-incendios-en-biobio-y-nuble\/"},"wordCount":461,"commentCount":0,"publisher":{"@id":"https:\/\/diarioellabrador.cl\/#organization"},"image":{"@id":"https:\/\/diarioellabrador.cl\/index.php\/2026\/01\/22\/duoc-uc-impulsa-campana-solidaria-en-apoyo-a-damnificados-por-incendios-en-biobio-y-nuble\/#primaryimage"},"thumbnailUrl":"https:\/\/diarioellabrador.cl\/wp-content\/uploads\/2026\/01\/Duoc-UC-impulsa-campana-solidaria-en-apoyo-a-damnificados-por-incendios-en-Biobio-y-Nuble-2.jpeg","articleSection":["Cr\u00f3nica"],"inLanguage":"es","potentialAction":[{"@type":"CommentAction","name":"Comment","target":["https:\/\/diarioellabrador.cl\/index.php\/2026\/01\/22\/duoc-uc-impulsa-campana-solidaria-en-apoyo-a-damnificados-por-incendios-en-biobio-y-nuble\/#respond"]}]},{"@type":"WebPage","@id":"https:\/\/diarioellabrador.cl\/index.php\/2026\/01\/22\/duoc-uc-impulsa-campana-solidaria-en-apoyo-a-damnificados-por-incendios-en-biobio-y-nuble\/","url":"https:\/\/diarioellabrador.cl\/index.php\/2026\/01\/22\/duoc-uc-impulsa-campana-solidaria-en-apoyo-a-damnificados-por-incendios-en-biobio-y-nuble\/","name":"Duoc UC impulsa campa\u00f1a solidaria en apoyo a damnificados por incendios en Biob\u00edo y \u00d1uble - Diario El Labrador","isPartOf":{"@id":"https:\/\/diarioellabrador.cl\/#website"},"primaryImageOfPage":{"@id":"https:\/\/diarioellabrador.cl\/index.php\/2026\/01\/22\/duoc-uc-impulsa-campana-solidaria-en-apoyo-a-damnificados-por-incendios-en-biobio-y-nuble\/#primaryimage"},"image":{"@id":"https:\/\/diarioellabrador.cl\/index.php\/2026\/01\/22\/duoc-uc-impulsa-campana-solidaria-en-apoyo-a-damnificados-por-incendios-en-biobio-y-nuble\/#primaryimage"},"thumbnailUrl":"https:\/\/diarioellabrador.cl\/wp-content\/uploads\/2026\/01\/Duoc-UC-impulsa-campana-solidaria-en-apoyo-a-damnificados-por-incendios-en-Biobio-y-Nuble-2.jpeg","datePublished":"2026-01-22T22:14:45+00:00","dateModified":"2026-01-22T22:14:46+00:00","breadcrumb":{"@id":"https:\/\/diarioellabrador.cl\/index.php\/2026\/01\/22\/duoc-uc-impulsa-campana-solidaria-en-apoyo-a-damnificados-por-incendios-en-biobio-y-nuble\/#breadcrumb"},"inLanguage":"es","potentialAction":[{"@type":"ReadAction","target":["https:\/\/diarioellabrador.cl\/index.php\/2026\/01\/22\/duoc-uc-impulsa-campana-solidaria-en-apoyo-a-damnificados-por-incendios-en-biobio-y-nuble\/"]}]},{"@type":"ImageObject","inLanguage":"es","@id":"https:\/\/diarioellabrador.cl\/index.php\/2026\/01\/22\/duoc-uc-impulsa-campana-solidaria-en-apoyo-a-damnificados-por-incendios-en-biobio-y-nuble\/#primaryimage","url":"https:\/\/diarioellabrador.cl\/wp-content\/uploads\/2026\/01\/Duoc-UC-impulsa-campana-solidaria-en-apoyo-a-damnificados-por-incendios-en-Biobio-y-Nuble-2.jpeg","contentUrl":"https:\/\/diarioellabrador.cl\/wp-content\/uploads\/2026\/01\/Duoc-UC-impulsa-campana-solidaria-en-apoyo-a-damnificados-por-incendios-en-Biobio-y-Nuble-2.jpeg","width":1200,"height":1600},{"@type":"BreadcrumbList","@id":"https:\/\/diarioellabrador.cl\/index.php\/2026\/01\/22\/duoc-uc-impulsa-campana-solidaria-en-apoyo-a-damnificados-por-incendios-en-biobio-y-nuble\/#breadcrumb","itemListElement":[{"@type":"ListItem","position":1,"name":"Portada","item":"https:\/\/diarioellabrador.cl\/"},{"@type":"ListItem","position":2,"name":"Duoc UC impulsa campa\u00f1a solidaria en apoyo a damnificados por incendios en Biob\u00edo y \u00d1uble"}]},{"@type":"WebSite","@id":"https:\/\/diarioellabrador.cl\/#website","url":"https:\/\/diarioellabrador.cl\/","name":"Diario El Labrador","description":"Haciendo noticia desde 1921","publisher":{"@id":"https:\/\/diarioellabrador.cl\/#organization"},"potentialAction":[{"@type":"SearchAction","target":{"@type":"EntryPoint","urlTemplate":"https:\/\/diarioellabrador.cl\/?s={search_term_string}"},"query-input":{"@type":"PropertyValueSpecification","valueRequired":true,"valueName":"search_term_string"}}],"inLanguage":"es"},{"@type":"Organization","@id":"https:\/\/diarioellabrador.cl\/#organization","name":"Diario El Labrador","url":"https:\/\/diarioellabrador.cl\/","logo":{"@type":"ImageObject","inLanguage":"es","@id":"https:\/\/diarioellabrador.cl\/#\/schema\/logo\/image\/","url":"https:\/\/diarioellabrador.cl\/wp-content\/uploads\/2025\/02\/cropped-Logo-Icono.png","contentUrl":"https:\/\/diarioellabrador.cl\/wp-content\/uploads\/2025\/02\/cropped-Logo-Icono.png","width":512,"height":512,"caption":"Diario El Labrador"},"image":{"@id":"https:\/\/diarioellabrador.cl\/#\/schema\/logo\/image\/"},"sameAs":["https:\/\/web.facebook.com\/profile.php?id=61576120840621","https:\/\/x.com\/ElLabradorOf","https:\/\/www.instagram.com\/diarioellabradoroficial\/"]},{"@type":"Person","@id":"https:\/\/diarioellabrador.cl\/#\/schema\/person\/bc25ff80b4563f9c7f4bd7855df01685","name":"Editor","image":{"@type":"ImageObject","inLanguage":"es","@id":"https:\/\/secure.gravatar.com\/avatar\/109c326cf2be5c04f048c2c2a2b8b6ef44bf3d8d1d3d4c55d0ac40c4bc994684?s=96&d=mm&r=g","url":"https:\/\/secure.gravatar.com\/avatar\/109c326cf2be5c04f048c2c2a2b8b6ef44bf3d8d1d3d4c55d0ac40c4bc994684?s=96&d=mm&r=g","contentUrl":"https:\/\/secure.gravatar.com\/avatar\/109c326cf2be5c04f048c2c2a2b8b6ef44bf3d8d1d3d4c55d0ac40c4bc994684?s=96&d=mm&r=g","caption":"Editor"},"url":"https:\/\/diarioellabrador.cl\/index.php\/author\/editor\/"}]}},"_links":{"self":[{"href":"https:\/\/diarioellabrador.cl\/index.php\/wp-json\/wp\/v2\/posts\/14225","targetHints":{"allow":["GET"]}}],"collection":[{"href":"https:\/\/diarioellabrador.cl\/index.php\/wp-json\/wp\/v2\/posts"}],"about":[{"href":"https:\/\/diarioellabrador.cl\/index.php\/wp-json\/wp\/v2\/types\/post"}],"author":[{"embeddable":true,"href":"https:\/\/diarioellabrador.cl\/index.php\/wp-json\/wp\/v2\/users\/2"}],"replies":[{"embeddable":true,"href":"https:\/\/diarioellabrador.cl\/index.php\/wp-json\/wp\/v2\/comments?post=14225"}],"version-history":[{"count":1,"href":"https:\/\/diarioellabrador.cl\/index.php\/wp-json\/wp\/v2\/posts\/14225\/revisions"}],"predecessor-version":[{"id":14226,"href":"https:\/\/diarioellabrador.cl\/index.php\/wp-json\/wp\/v2\/posts\/14225\/revisions\/14226"}],"wp:featuredmedia":[{"embeddable":true,"href":"https:\/\/diarioellabrador.cl\/index.php\/wp-json\/wp\/v2\/media\/14161"}],"wp:attachment":[{"href":"https:\/\/diarioellabrador.cl\/index.php\/wp-json\/wp\/v2\/media?parent=14225"}],"wp:term":[{"taxonomy":"category","embeddable":true,"href":"https:\/\/diarioellabrador.cl\/index.php\/wp-json\/wp\/v2\/categories?post=14225"},{"taxonomy":"post_tag","embeddable":true,"href":"https:\/\/diarioellabrador.cl\/index.php\/wp-json\/wp\/v2\/tags?post=14225"}],"curies":[{"name":"wp","href":"https:\/\/api.w.org\/{rel}","templated":true}]}}