{"id":14221,"date":"2026-01-22T18:13:05","date_gmt":"2026-01-22T22:13:05","guid":{"rendered":"https:\/\/diarioellabrador.cl\/?p=14221"},"modified":"2026-01-22T18:13:06","modified_gmt":"2026-01-22T22:13:06","slug":"mas-de-34-millones-del-fondo-presidente-de-la-republica-reciben-organizaciones-de-la-provincia-de-melipilla","status":"publish","type":"post","link":"https:\/\/diarioellabrador.cl\/index.php\/2026\/01\/22\/mas-de-34-millones-del-fondo-presidente-de-la-republica-reciben-organizaciones-de-la-provincia-de-melipilla\/","title":{"rendered":"M\u00e1s de $34 millones del Fondo Presidente de la Rep\u00fablica reciben organizaciones de la Provincia de Melipilla"},"content":{"rendered":"\n<ul class=\"wp-block-list\">\n<li><strong>Dos agrupaciones de Curacav\u00ed, una de Mar\u00eda Pinto y cuatro de Melipilla fueron beneficiadas con recursos destinados a equipamiento e infraestructura, lo que les permitir\u00e1 fortalecer el trabajo comunitario en el \u00e1rea deportiva y cultural.<\/strong><\/li>\n<\/ul>\n\n\n\n<p>Un total superior a los 34 millones de pesos fueron adjudicados a siete organizaciones sociales de la Provincia de Melipilla, en el marco del Fondo Social Presidente de la Rep\u00fablica, l\u00ednea Fondo Nacional, iniciativa que busca fortalecer el desarrollo de organizaciones comunitarias a trav\u00e9s del financiamiento de proyectos de equipamiento e infraestructura.<\/p>\n\n\n\n<p>La autoridad provincial, Basti\u00e1n Alarc\u00f3n, realiz\u00f3 la entrega de los primeros recursos, destacando la importancia de este fondo como herramienta de apoyo al trabajo que desarrollan las organizaciones sociales en los distintos territorios de la provincia.<\/p>\n\n\n\n<p>\u201cEstamos contentos, porque el d\u00eda de hoy hemos podido entregar recursos para las organizaciones de la provincia, tanto en deporte, cultura y folclore, para poder beneficiar a las comunidades, con el fin de avanzar como sociedad, para tener distractores positivos, para sacar adelante a los j\u00f3venes y adultos mayores. Hemos entregado 34 millones de pesos, que se suman a las adjudicaciones del 2025, siendo esta la tercera entrega, donde llevamos casi 100 millones de pesos para las organizaciones, que sabemos que utilizar\u00e1n de buena forma, tanto para implementaci\u00f3n como infraestructura, para sacar adelante sus organizaciones\u201d.<\/p>\n\n\n\n<p>En tanto, Claudia Vargas, Presidenta del Club de Cuecas del Adulto Mayor, Brotes de Pasi\u00f3n, agradeci\u00f3 los recursos. \u201cPara nosotros es muy importante, haber podido postular y adquirir este proyecto, ya que es para la renovaci\u00f3n de las vestimentas para las chintas, tanto vestidos como la confecci\u00f3n. La vestimenta es muy cara, y al ser tan costosas, postulamos a estos recursos, donde estamos felices de poder haberlos obtenidos, as\u00ed renovar la vestimenta de las chicas, lo que esperamos hacer m\u00e1s adelante con los bailarines\u201d, agradeciendo a Delegaci\u00f3n Provincial y a todos quienes los apoyaron durante el proceso.<\/p>\n\n\n\n<p>Por su parte, Jos\u00e9 M\u00e1rquez, representante legal del Grupo Folcl\u00f3rico del Adulto Mayor, Zapateando la Cueca, valor\u00f3 el apoyo que entrega el fondo social. \u201cEstoy contento porque adquirimos este beneficio que nos da el Gobierno, el que usaremos en lo que corresponde. La importancia de este fondo es muy grande, porque somos un conjunto folcl\u00f3rico del adulto mayor -casi todos pensionados- donde los sueldos que tenemos son muy peque\u00f1os, y esto nos viene de perilla, para poder comprar sombreros y vestidos para las damas\u201d, agregando que est\u00e1n \u201ccontentos y agradecidos del Gobierno, y todo esto nos sirve de motivaci\u00f3n para seguir adelante con los proyectos que se presenten a futuro\u201d.<\/p>\n\n\n\n<p>Destacar que la comuna de Curacav\u00ed resultaron beneficiados la \u201cAgrupaci\u00f3n de V\u00f3leibol de Curacav\u00ed\u201d, y el \u201cClub Social, Deportivo y Cultural Somos La Roja Curacav\u00ed FC\u201d. En tanto, en Mar\u00eda Pinto, fue beneficiada la \u201cCorporaci\u00f3n Municipal\u201d con recursos destinados a la reparaci\u00f3n y mejoramiento del gimnasio municipal.<\/p>\n\n\n\n<p>Finalmente, en la comuna de Melipilla fueron adjudicadas cuatro organizaciones. El \u201cConjunto Folcl\u00f3rico Adulto Mayor Zapateando La Cueca\u201d, la \u201cAgrupaci\u00f3n de Ayuda y Esperanza Tantehue\u201d, adem\u00e1s del \u201cClub Deportivo Carmen Bajo\u201d y el \u201cClub de Cueca Brotes de Pasi\u00f3n\u201d.<\/p>\n","protected":false},"excerpt":{"rendered":"<p>Un total superior a los 34 millones de pesos fueron adjudicados a siete organizaciones sociales de la Provincia de Melipilla, en el marco del Fondo Social Presidente de la Rep\u00fablica, l\u00ednea Fondo Nacional, iniciativa que busca fortalecer el desarrollo de organizaciones comunitarias a trav\u00e9s del financiamiento de proyectos de equipamiento e infraestructura. La autoridad provincial,<\/p>\n<div class=\"read-more-wrapper\"><a class=\"read-more\" href=\"https:\/\/diarioellabrador.cl\/index.php\/2026\/01\/22\/mas-de-34-millones-del-fondo-presidente-de-la-republica-reciben-organizaciones-de-la-provincia-de-melipilla\/\" title=\"Leer m\u00e1s\"> <span class=\"button \">Leer m\u00e1s<\/span><\/a><\/div>\n","protected":false},"author":2,"featured_media":14162,"comment_status":"open","ping_status":"open","sticky":false,"template":"","format":"standard","meta":{"footnotes":""},"categories":[1],"tags":[],"class_list":["post-14221","post","type-post","status-publish","format-standard","has-post-thumbnail","hentry","category-cronica"],"yoast_head":"<!-- This site is optimized with the Yoast SEO plugin v27.5 - https:\/\/yoast.com\/product\/yoast-seo-wordpress\/ -->\n<title>M\u00e1s de $34 millones del Fondo Presidente de la Rep\u00fablica reciben organizaciones de la Provincia de Melipilla - Diario El Labrador<\/title>\n<meta name=\"robots\" content=\"index, follow, max-snippet:-1, max-image-preview:large, max-video-preview:-1\" \/>\n<link rel=\"canonical\" href=\"https:\/\/diarioellabrador.cl\/index.php\/2026\/01\/22\/mas-de-34-millones-del-fondo-presidente-de-la-republica-reciben-organizaciones-de-la-provincia-de-melipilla\/\" \/>\n<meta property=\"og:locale\" content=\"es_ES\" \/>\n<meta property=\"og:type\" content=\"article\" \/>\n<meta property=\"og:title\" content=\"M\u00e1s de $34 millones del Fondo Presidente de la Rep\u00fablica reciben organizaciones de la Provincia de Melipilla - Diario El Labrador\" \/>\n<meta property=\"og:description\" content=\"Un total superior a los 34 millones de pesos fueron adjudicados a siete organizaciones sociales de la Provincia de Melipilla, en el marco del Fondo Social Presidente de la Rep\u00fablica, l\u00ednea Fondo Nacional, iniciativa que busca fortalecer el desarrollo de organizaciones comunitarias a trav\u00e9s del financiamiento de proyectos de equipamiento e infraestructura. La autoridad provincial, Leer m\u00e1s\" \/>\n<meta property=\"og:url\" content=\"https:\/\/diarioellabrador.cl\/index.php\/2026\/01\/22\/mas-de-34-millones-del-fondo-presidente-de-la-republica-reciben-organizaciones-de-la-provincia-de-melipilla\/\" \/>\n<meta property=\"og:site_name\" content=\"Diario El Labrador\" \/>\n<meta property=\"article:publisher\" content=\"https:\/\/web.facebook.com\/profile.php?id=61576120840621\" \/>\n<meta property=\"article:published_time\" content=\"2026-01-22T22:13:05+00:00\" \/>\n<meta property=\"article:modified_time\" content=\"2026-01-22T22:13:06+00:00\" \/>\n<meta property=\"og:image\" content=\"https:\/\/diarioellabrador.cl\/wp-content\/uploads\/2026\/01\/Mas-de-34-millones-del-Fondo-Presidente-de-la-Republica-reciben-organizaciones-de-la-Provincia-de-Melipilla-1.jpeg\" \/>\n\t<meta property=\"og:image:width\" content=\"1280\" \/>\n\t<meta property=\"og:image:height\" content=\"960\" \/>\n\t<meta property=\"og:image:type\" content=\"image\/jpeg\" \/>\n<meta name=\"author\" content=\"Editor\" \/>\n<meta name=\"twitter:card\" content=\"summary_large_image\" \/>\n<meta name=\"twitter:creator\" content=\"@ElLabradorOf\" \/>\n<meta name=\"twitter:site\" content=\"@ElLabradorOf\" \/>\n<meta name=\"twitter:label1\" content=\"Escrito por\" \/>\n\t<meta name=\"twitter:data1\" content=\"Editor\" \/>\n\t<meta name=\"twitter:label2\" content=\"Tiempo de lectura\" \/>\n\t<meta name=\"twitter:data2\" content=\"3 minutos\" \/>\n<script type=\"application\/ld+json\" class=\"yoast-schema-graph\">{\"@context\":\"https:\\\/\\\/schema.org\",\"@graph\":[{\"@type\":\"Article\",\"@id\":\"https:\\\/\\\/diarioellabrador.cl\\\/index.php\\\/2026\\\/01\\\/22\\\/mas-de-34-millones-del-fondo-presidente-de-la-republica-reciben-organizaciones-de-la-provincia-de-melipilla\\\/#article\",\"isPartOf\":{\"@id\":\"https:\\\/\\\/diarioellabrador.cl\\\/index.php\\\/2026\\\/01\\\/22\\\/mas-de-34-millones-del-fondo-presidente-de-la-republica-reciben-organizaciones-de-la-provincia-de-melipilla\\\/\"},\"author\":{\"name\":\"Editor\",\"@id\":\"https:\\\/\\\/diarioellabrador.cl\\\/#\\\/schema\\\/person\\\/bc25ff80b4563f9c7f4bd7855df01685\"},\"headline\":\"M\u00e1s de $34 millones del Fondo Presidente de la Rep\u00fablica reciben organizaciones de la Provincia de Melipilla\",\"datePublished\":\"2026-01-22T22:13:05+00:00\",\"dateModified\":\"2026-01-22T22:13:06+00:00\",\"mainEntityOfPage\":{\"@id\":\"https:\\\/\\\/diarioellabrador.cl\\\/index.php\\\/2026\\\/01\\\/22\\\/mas-de-34-millones-del-fondo-presidente-de-la-republica-reciben-organizaciones-de-la-provincia-de-melipilla\\\/\"},\"wordCount\":555,\"commentCount\":0,\"publisher\":{\"@id\":\"https:\\\/\\\/diarioellabrador.cl\\\/#organization\"},\"image\":{\"@id\":\"https:\\\/\\\/diarioellabrador.cl\\\/index.php\\\/2026\\\/01\\\/22\\\/mas-de-34-millones-del-fondo-presidente-de-la-republica-reciben-organizaciones-de-la-provincia-de-melipilla\\\/#primaryimage\"},\"thumbnailUrl\":\"https:\\\/\\\/diarioellabrador.cl\\\/wp-content\\\/uploads\\\/2026\\\/01\\\/Mas-de-34-millones-del-Fondo-Presidente-de-la-Republica-reciben-organizaciones-de-la-Provincia-de-Melipilla-1.jpeg\",\"articleSection\":[\"Cr\u00f3nica\"],\"inLanguage\":\"es\",\"potentialAction\":[{\"@type\":\"CommentAction\",\"name\":\"Comment\",\"target\":[\"https:\\\/\\\/diarioellabrador.cl\\\/index.php\\\/2026\\\/01\\\/22\\\/mas-de-34-millones-del-fondo-presidente-de-la-republica-reciben-organizaciones-de-la-provincia-de-melipilla\\\/#respond\"]}]},{\"@type\":\"WebPage\",\"@id\":\"https:\\\/\\\/diarioellabrador.cl\\\/index.php\\\/2026\\\/01\\\/22\\\/mas-de-34-millones-del-fondo-presidente-de-la-republica-reciben-organizaciones-de-la-provincia-de-melipilla\\\/\",\"url\":\"https:\\\/\\\/diarioellabrador.cl\\\/index.php\\\/2026\\\/01\\\/22\\\/mas-de-34-millones-del-fondo-presidente-de-la-republica-reciben-organizaciones-de-la-provincia-de-melipilla\\\/\",\"name\":\"M\u00e1s de $34 millones del Fondo Presidente de la Rep\u00fablica reciben organizaciones de la Provincia de Melipilla - Diario El Labrador\",\"isPartOf\":{\"@id\":\"https:\\\/\\\/diarioellabrador.cl\\\/#website\"},\"primaryImageOfPage\":{\"@id\":\"https:\\\/\\\/diarioellabrador.cl\\\/index.php\\\/2026\\\/01\\\/22\\\/mas-de-34-millones-del-fondo-presidente-de-la-republica-reciben-organizaciones-de-la-provincia-de-melipilla\\\/#primaryimage\"},\"image\":{\"@id\":\"https:\\\/\\\/diarioellabrador.cl\\\/index.php\\\/2026\\\/01\\\/22\\\/mas-de-34-millones-del-fondo-presidente-de-la-republica-reciben-organizaciones-de-la-provincia-de-melipilla\\\/#primaryimage\"},\"thumbnailUrl\":\"https:\\\/\\\/diarioellabrador.cl\\\/wp-content\\\/uploads\\\/2026\\\/01\\\/Mas-de-34-millones-del-Fondo-Presidente-de-la-Republica-reciben-organizaciones-de-la-Provincia-de-Melipilla-1.jpeg\",\"datePublished\":\"2026-01-22T22:13:05+00:00\",\"dateModified\":\"2026-01-22T22:13:06+00:00\",\"breadcrumb\":{\"@id\":\"https:\\\/\\\/diarioellabrador.cl\\\/index.php\\\/2026\\\/01\\\/22\\\/mas-de-34-millones-del-fondo-presidente-de-la-republica-reciben-organizaciones-de-la-provincia-de-melipilla\\\/#breadcrumb\"},\"inLanguage\":\"es\",\"potentialAction\":[{\"@type\":\"ReadAction\",\"target\":[\"https:\\\/\\\/diarioellabrador.cl\\\/index.php\\\/2026\\\/01\\\/22\\\/mas-de-34-millones-del-fondo-presidente-de-la-republica-reciben-organizaciones-de-la-provincia-de-melipilla\\\/\"]}]},{\"@type\":\"ImageObject\",\"inLanguage\":\"es\",\"@id\":\"https:\\\/\\\/diarioellabrador.cl\\\/index.php\\\/2026\\\/01\\\/22\\\/mas-de-34-millones-del-fondo-presidente-de-la-republica-reciben-organizaciones-de-la-provincia-de-melipilla\\\/#primaryimage\",\"url\":\"https:\\\/\\\/diarioellabrador.cl\\\/wp-content\\\/uploads\\\/2026\\\/01\\\/Mas-de-34-millones-del-Fondo-Presidente-de-la-Republica-reciben-organizaciones-de-la-Provincia-de-Melipilla-1.jpeg\",\"contentUrl\":\"https:\\\/\\\/diarioellabrador.cl\\\/wp-content\\\/uploads\\\/2026\\\/01\\\/Mas-de-34-millones-del-Fondo-Presidente-de-la-Republica-reciben-organizaciones-de-la-Provincia-de-Melipilla-1.jpeg\",\"width\":1280,\"height\":960},{\"@type\":\"BreadcrumbList\",\"@id\":\"https:\\\/\\\/diarioellabrador.cl\\\/index.php\\\/2026\\\/01\\\/22\\\/mas-de-34-millones-del-fondo-presidente-de-la-republica-reciben-organizaciones-de-la-provincia-de-melipilla\\\/#breadcrumb\",\"itemListElement\":[{\"@type\":\"ListItem\",\"position\":1,\"name\":\"Portada\",\"item\":\"https:\\\/\\\/diarioellabrador.cl\\\/\"},{\"@type\":\"ListItem\",\"position\":2,\"name\":\"M\u00e1s de $34 millones del Fondo Presidente de la Rep\u00fablica reciben organizaciones de la Provincia de Melipilla\"}]},{\"@type\":\"WebSite\",\"@id\":\"https:\\\/\\\/diarioellabrador.cl\\\/#website\",\"url\":\"https:\\\/\\\/diarioellabrador.cl\\\/\",\"name\":\"Diario El Labrador\",\"description\":\"Haciendo noticia desde 1921\",\"publisher\":{\"@id\":\"https:\\\/\\\/diarioellabrador.cl\\\/#organization\"},\"potentialAction\":[{\"@type\":\"SearchAction\",\"target\":{\"@type\":\"EntryPoint\",\"urlTemplate\":\"https:\\\/\\\/diarioellabrador.cl\\\/?s={search_term_string}\"},\"query-input\":{\"@type\":\"PropertyValueSpecification\",\"valueRequired\":true,\"valueName\":\"search_term_string\"}}],\"inLanguage\":\"es\"},{\"@type\":\"Organization\",\"@id\":\"https:\\\/\\\/diarioellabrador.cl\\\/#organization\",\"name\":\"Diario El Labrador\",\"url\":\"https:\\\/\\\/diarioellabrador.cl\\\/\",\"logo\":{\"@type\":\"ImageObject\",\"inLanguage\":\"es\",\"@id\":\"https:\\\/\\\/diarioellabrador.cl\\\/#\\\/schema\\\/logo\\\/image\\\/\",\"url\":\"https:\\\/\\\/diarioellabrador.cl\\\/wp-content\\\/uploads\\\/2025\\\/02\\\/cropped-Logo-Icono.png\",\"contentUrl\":\"https:\\\/\\\/diarioellabrador.cl\\\/wp-content\\\/uploads\\\/2025\\\/02\\\/cropped-Logo-Icono.png\",\"width\":512,\"height\":512,\"caption\":\"Diario El Labrador\"},\"image\":{\"@id\":\"https:\\\/\\\/diarioellabrador.cl\\\/#\\\/schema\\\/logo\\\/image\\\/\"},\"sameAs\":[\"https:\\\/\\\/web.facebook.com\\\/profile.php?id=61576120840621\",\"https:\\\/\\\/x.com\\\/ElLabradorOf\",\"https:\\\/\\\/www.instagram.com\\\/diarioellabradoroficial\\\/\"]},{\"@type\":\"Person\",\"@id\":\"https:\\\/\\\/diarioellabrador.cl\\\/#\\\/schema\\\/person\\\/bc25ff80b4563f9c7f4bd7855df01685\",\"name\":\"Editor\",\"image\":{\"@type\":\"ImageObject\",\"inLanguage\":\"es\",\"@id\":\"https:\\\/\\\/secure.gravatar.com\\\/avatar\\\/109c326cf2be5c04f048c2c2a2b8b6ef44bf3d8d1d3d4c55d0ac40c4bc994684?s=96&d=mm&r=g\",\"url\":\"https:\\\/\\\/secure.gravatar.com\\\/avatar\\\/109c326cf2be5c04f048c2c2a2b8b6ef44bf3d8d1d3d4c55d0ac40c4bc994684?s=96&d=mm&r=g\",\"contentUrl\":\"https:\\\/\\\/secure.gravatar.com\\\/avatar\\\/109c326cf2be5c04f048c2c2a2b8b6ef44bf3d8d1d3d4c55d0ac40c4bc994684?s=96&d=mm&r=g\",\"caption\":\"Editor\"},\"url\":\"https:\\\/\\\/diarioellabrador.cl\\\/index.php\\\/author\\\/editor\\\/\"}]}<\/script>\n<!-- \/ Yoast SEO plugin. -->","yoast_head_json":{"title":"M\u00e1s de $34 millones del Fondo Presidente de la Rep\u00fablica reciben organizaciones de la Provincia de Melipilla - Diario El Labrador","robots":{"index":"index","follow":"follow","max-snippet":"max-snippet:-1","max-image-preview":"max-image-preview:large","max-video-preview":"max-video-preview:-1"},"canonical":"https:\/\/diarioellabrador.cl\/index.php\/2026\/01\/22\/mas-de-34-millones-del-fondo-presidente-de-la-republica-reciben-organizaciones-de-la-provincia-de-melipilla\/","og_locale":"es_ES","og_type":"article","og_title":"M\u00e1s de $34 millones del Fondo Presidente de la Rep\u00fablica reciben organizaciones de la Provincia de Melipilla - Diario El Labrador","og_description":"Un total superior a los 34 millones de pesos fueron adjudicados a siete organizaciones sociales de la Provincia de Melipilla, en el marco del Fondo Social Presidente de la Rep\u00fablica, l\u00ednea Fondo Nacional, iniciativa que busca fortalecer el desarrollo de organizaciones comunitarias a trav\u00e9s del financiamiento de proyectos de equipamiento e infraestructura. La autoridad provincial, Leer m\u00e1s","og_url":"https:\/\/diarioellabrador.cl\/index.php\/2026\/01\/22\/mas-de-34-millones-del-fondo-presidente-de-la-republica-reciben-organizaciones-de-la-provincia-de-melipilla\/","og_site_name":"Diario El Labrador","article_publisher":"https:\/\/web.facebook.com\/profile.php?id=61576120840621","article_published_time":"2026-01-22T22:13:05+00:00","article_modified_time":"2026-01-22T22:13:06+00:00","og_image":[{"width":1280,"height":960,"url":"https:\/\/diarioellabrador.cl\/wp-content\/uploads\/2026\/01\/Mas-de-34-millones-del-Fondo-Presidente-de-la-Republica-reciben-organizaciones-de-la-Provincia-de-Melipilla-1.jpeg","type":"image\/jpeg"}],"author":"Editor","twitter_card":"summary_large_image","twitter_creator":"@ElLabradorOf","twitter_site":"@ElLabradorOf","twitter_misc":{"Escrito por":"Editor","Tiempo de lectura":"3 minutos"},"schema":{"@context":"https:\/\/schema.org","@graph":[{"@type":"Article","@id":"https:\/\/diarioellabrador.cl\/index.php\/2026\/01\/22\/mas-de-34-millones-del-fondo-presidente-de-la-republica-reciben-organizaciones-de-la-provincia-de-melipilla\/#article","isPartOf":{"@id":"https:\/\/diarioellabrador.cl\/index.php\/2026\/01\/22\/mas-de-34-millones-del-fondo-presidente-de-la-republica-reciben-organizaciones-de-la-provincia-de-melipilla\/"},"author":{"name":"Editor","@id":"https:\/\/diarioellabrador.cl\/#\/schema\/person\/bc25ff80b4563f9c7f4bd7855df01685"},"headline":"M\u00e1s de $34 millones del Fondo Presidente de la Rep\u00fablica reciben organizaciones de la Provincia de Melipilla","datePublished":"2026-01-22T22:13:05+00:00","dateModified":"2026-01-22T22:13:06+00:00","mainEntityOfPage":{"@id":"https:\/\/diarioellabrador.cl\/index.php\/2026\/01\/22\/mas-de-34-millones-del-fondo-presidente-de-la-republica-reciben-organizaciones-de-la-provincia-de-melipilla\/"},"wordCount":555,"commentCount":0,"publisher":{"@id":"https:\/\/diarioellabrador.cl\/#organization"},"image":{"@id":"https:\/\/diarioellabrador.cl\/index.php\/2026\/01\/22\/mas-de-34-millones-del-fondo-presidente-de-la-republica-reciben-organizaciones-de-la-provincia-de-melipilla\/#primaryimage"},"thumbnailUrl":"https:\/\/diarioellabrador.cl\/wp-content\/uploads\/2026\/01\/Mas-de-34-millones-del-Fondo-Presidente-de-la-Republica-reciben-organizaciones-de-la-Provincia-de-Melipilla-1.jpeg","articleSection":["Cr\u00f3nica"],"inLanguage":"es","potentialAction":[{"@type":"CommentAction","name":"Comment","target":["https:\/\/diarioellabrador.cl\/index.php\/2026\/01\/22\/mas-de-34-millones-del-fondo-presidente-de-la-republica-reciben-organizaciones-de-la-provincia-de-melipilla\/#respond"]}]},{"@type":"WebPage","@id":"https:\/\/diarioellabrador.cl\/index.php\/2026\/01\/22\/mas-de-34-millones-del-fondo-presidente-de-la-republica-reciben-organizaciones-de-la-provincia-de-melipilla\/","url":"https:\/\/diarioellabrador.cl\/index.php\/2026\/01\/22\/mas-de-34-millones-del-fondo-presidente-de-la-republica-reciben-organizaciones-de-la-provincia-de-melipilla\/","name":"M\u00e1s de $34 millones del Fondo Presidente de la Rep\u00fablica reciben organizaciones de la Provincia de Melipilla - Diario El Labrador","isPartOf":{"@id":"https:\/\/diarioellabrador.cl\/#website"},"primaryImageOfPage":{"@id":"https:\/\/diarioellabrador.cl\/index.php\/2026\/01\/22\/mas-de-34-millones-del-fondo-presidente-de-la-republica-reciben-organizaciones-de-la-provincia-de-melipilla\/#primaryimage"},"image":{"@id":"https:\/\/diarioellabrador.cl\/index.php\/2026\/01\/22\/mas-de-34-millones-del-fondo-presidente-de-la-republica-reciben-organizaciones-de-la-provincia-de-melipilla\/#primaryimage"},"thumbnailUrl":"https:\/\/diarioellabrador.cl\/wp-content\/uploads\/2026\/01\/Mas-de-34-millones-del-Fondo-Presidente-de-la-Republica-reciben-organizaciones-de-la-Provincia-de-Melipilla-1.jpeg","datePublished":"2026-01-22T22:13:05+00:00","dateModified":"2026-01-22T22:13:06+00:00","breadcrumb":{"@id":"https:\/\/diarioellabrador.cl\/index.php\/2026\/01\/22\/mas-de-34-millones-del-fondo-presidente-de-la-republica-reciben-organizaciones-de-la-provincia-de-melipilla\/#breadcrumb"},"inLanguage":"es","potentialAction":[{"@type":"ReadAction","target":["https:\/\/diarioellabrador.cl\/index.php\/2026\/01\/22\/mas-de-34-millones-del-fondo-presidente-de-la-republica-reciben-organizaciones-de-la-provincia-de-melipilla\/"]}]},{"@type":"ImageObject","inLanguage":"es","@id":"https:\/\/diarioellabrador.cl\/index.php\/2026\/01\/22\/mas-de-34-millones-del-fondo-presidente-de-la-republica-reciben-organizaciones-de-la-provincia-de-melipilla\/#primaryimage","url":"https:\/\/diarioellabrador.cl\/wp-content\/uploads\/2026\/01\/Mas-de-34-millones-del-Fondo-Presidente-de-la-Republica-reciben-organizaciones-de-la-Provincia-de-Melipilla-1.jpeg","contentUrl":"https:\/\/diarioellabrador.cl\/wp-content\/uploads\/2026\/01\/Mas-de-34-millones-del-Fondo-Presidente-de-la-Republica-reciben-organizaciones-de-la-Provincia-de-Melipilla-1.jpeg","width":1280,"height":960},{"@type":"BreadcrumbList","@id":"https:\/\/diarioellabrador.cl\/index.php\/2026\/01\/22\/mas-de-34-millones-del-fondo-presidente-de-la-republica-reciben-organizaciones-de-la-provincia-de-melipilla\/#breadcrumb","itemListElement":[{"@type":"ListItem","position":1,"name":"Portada","item":"https:\/\/diarioellabrador.cl\/"},{"@type":"ListItem","position":2,"name":"M\u00e1s de $34 millones del Fondo Presidente de la Rep\u00fablica reciben organizaciones de la Provincia de Melipilla"}]},{"@type":"WebSite","@id":"https:\/\/diarioellabrador.cl\/#website","url":"https:\/\/diarioellabrador.cl\/","name":"Diario El Labrador","description":"Haciendo noticia desde 1921","publisher":{"@id":"https:\/\/diarioellabrador.cl\/#organization"},"potentialAction":[{"@type":"SearchAction","target":{"@type":"EntryPoint","urlTemplate":"https:\/\/diarioellabrador.cl\/?s={search_term_string}"},"query-input":{"@type":"PropertyValueSpecification","valueRequired":true,"valueName":"search_term_string"}}],"inLanguage":"es"},{"@type":"Organization","@id":"https:\/\/diarioellabrador.cl\/#organization","name":"Diario El Labrador","url":"https:\/\/diarioellabrador.cl\/","logo":{"@type":"ImageObject","inLanguage":"es","@id":"https:\/\/diarioellabrador.cl\/#\/schema\/logo\/image\/","url":"https:\/\/diarioellabrador.cl\/wp-content\/uploads\/2025\/02\/cropped-Logo-Icono.png","contentUrl":"https:\/\/diarioellabrador.cl\/wp-content\/uploads\/2025\/02\/cropped-Logo-Icono.png","width":512,"height":512,"caption":"Diario El Labrador"},"image":{"@id":"https:\/\/diarioellabrador.cl\/#\/schema\/logo\/image\/"},"sameAs":["https:\/\/web.facebook.com\/profile.php?id=61576120840621","https:\/\/x.com\/ElLabradorOf","https:\/\/www.instagram.com\/diarioellabradoroficial\/"]},{"@type":"Person","@id":"https:\/\/diarioellabrador.cl\/#\/schema\/person\/bc25ff80b4563f9c7f4bd7855df01685","name":"Editor","image":{"@type":"ImageObject","inLanguage":"es","@id":"https:\/\/secure.gravatar.com\/avatar\/109c326cf2be5c04f048c2c2a2b8b6ef44bf3d8d1d3d4c55d0ac40c4bc994684?s=96&d=mm&r=g","url":"https:\/\/secure.gravatar.com\/avatar\/109c326cf2be5c04f048c2c2a2b8b6ef44bf3d8d1d3d4c55d0ac40c4bc994684?s=96&d=mm&r=g","contentUrl":"https:\/\/secure.gravatar.com\/avatar\/109c326cf2be5c04f048c2c2a2b8b6ef44bf3d8d1d3d4c55d0ac40c4bc994684?s=96&d=mm&r=g","caption":"Editor"},"url":"https:\/\/diarioellabrador.cl\/index.php\/author\/editor\/"}]}},"_links":{"self":[{"href":"https:\/\/diarioellabrador.cl\/index.php\/wp-json\/wp\/v2\/posts\/14221","targetHints":{"allow":["GET"]}}],"collection":[{"href":"https:\/\/diarioellabrador.cl\/index.php\/wp-json\/wp\/v2\/posts"}],"about":[{"href":"https:\/\/diarioellabrador.cl\/index.php\/wp-json\/wp\/v2\/types\/post"}],"author":[{"embeddable":true,"href":"https:\/\/diarioellabrador.cl\/index.php\/wp-json\/wp\/v2\/users\/2"}],"replies":[{"embeddable":true,"href":"https:\/\/diarioellabrador.cl\/index.php\/wp-json\/wp\/v2\/comments?post=14221"}],"version-history":[{"count":1,"href":"https:\/\/diarioellabrador.cl\/index.php\/wp-json\/wp\/v2\/posts\/14221\/revisions"}],"predecessor-version":[{"id":14222,"href":"https:\/\/diarioellabrador.cl\/index.php\/wp-json\/wp\/v2\/posts\/14221\/revisions\/14222"}],"wp:featuredmedia":[{"embeddable":true,"href":"https:\/\/diarioellabrador.cl\/index.php\/wp-json\/wp\/v2\/media\/14162"}],"wp:attachment":[{"href":"https:\/\/diarioellabrador.cl\/index.php\/wp-json\/wp\/v2\/media?parent=14221"}],"wp:term":[{"taxonomy":"category","embeddable":true,"href":"https:\/\/diarioellabrador.cl\/index.php\/wp-json\/wp\/v2\/categories?post=14221"},{"taxonomy":"post_tag","embeddable":true,"href":"https:\/\/diarioellabrador.cl\/index.php\/wp-json\/wp\/v2\/tags?post=14221"}],"curies":[{"name":"wp","href":"https:\/\/api.w.org\/{rel}","templated":true}]}}