{"id":14219,"date":"2026-01-22T18:12:36","date_gmt":"2026-01-22T22:12:36","guid":{"rendered":"https:\/\/diarioellabrador.cl\/?p=14219"},"modified":"2026-01-22T18:17:13","modified_gmt":"2026-01-22T22:17:13","slug":"bingo-solidario-a-beneficio-de-florencia-gomez-jimenez-sera-realizado-el-sabado-31-de-enero","status":"publish","type":"post","link":"https:\/\/diarioellabrador.cl\/index.php\/2026\/01\/22\/bingo-solidario-a-beneficio-de-florencia-gomez-jimenez-sera-realizado-el-sabado-31-de-enero\/","title":{"rendered":"Bingo solidario a beneficio de Florencia G\u00f3mez Jim\u00e9nez ser\u00e1 realizado el s\u00e1bado 31 de enero"},"content":{"rendered":"\n<p>La&nbsp;Fundaci\u00f3n Oncol\u00f3gica Elizabeth Cantillana Mu\u00f1oz, organizaci\u00f3n de car\u00e1cter comunitario y solidario, certific\u00f3 oficialmente su participaci\u00f3n activa como&nbsp;entidad colaboradora y facilitadora&nbsp;del&nbsp;Bingo Solidario&nbsp;organizado en beneficio de&nbsp;Florencia G\u00f3mez Jim\u00e9nez, quien actualmente padece un&nbsp;diagn\u00f3stico de Linfoma de Hodgkin.<\/p>\n\n\n\n<p>De acuerdo con el certificado emitido por la Fundaci\u00f3n, su rol dentro de esta iniciativa es el de&nbsp;puente comunitario, recibiendo premios, donaciones y aportes econ\u00f3micos provenientes de personas, organizaciones y entidades solidarias.&nbsp;<\/p>\n\n\n\n<p>Todos estos aportes ser\u00e1n canalizados&nbsp;\u00edntegra y directamente&nbsp;hacia el Bingo Solidario,&nbsp;sin fines de lucro ni beneficio institucional.<\/p>\n\n\n\n<p>La Fundaci\u00f3n asegur\u00f3 adem\u00e1s que la&nbsp;totalidad de los aportes recibidos&nbsp;en el marco de esta actividad ser\u00e1 destinada&nbsp;exclusivamente&nbsp;a dicha iniciativa solidaria, promoviendo una gesti\u00f3n basada en los principios de&nbsp;transparencia, responsabilidad social y compromiso comunitario, resguardando la confianza de quienes colaboran.<\/p>\n\n\n\n<p>Este certificado (se adjunta en la foto de la nota) se extiende con el prop\u00f3sito de&nbsp;otorgar respaldo, claridad y tranquilidad a la comunidad, reafirmando que la Fundaci\u00f3n act\u00faa \u00fanicamente como&nbsp;mediadora solidaria, al servicio del bienestar de la paciente y su entorno.<\/p>\n\n\n\n<p>El&nbsp;Gran Bingo a Beneficio&nbsp;se realizar\u00e1 el&nbsp;s\u00e1bado 31 de enero de 2026, a partir de las&nbsp;17:30 horas, en&nbsp;San Luis #84, esquina&nbsp;Colegio Sayen, en la comuna de Melipilla. La convocatoria se realiza bajo el lema&nbsp;\u201cUnidos todos por Florencia\u201d, reforzando el llamado a la solidaridad comunitaria.<\/p>\n","protected":false},"excerpt":{"rendered":"<p>La&nbsp;Fundaci\u00f3n Oncol\u00f3gica Elizabeth Cantillana Mu\u00f1oz, organizaci\u00f3n de car\u00e1cter comunitario y solidario, certific\u00f3 oficialmente su participaci\u00f3n activa como&nbsp;entidad colaboradora y facilitadora&nbsp;del&nbsp;Bingo Solidario&nbsp;organizado en beneficio de&nbsp;Florencia G\u00f3mez Jim\u00e9nez, quien actualmente padece un&nbsp;diagn\u00f3stico de Linfoma de Hodgkin. De acuerdo con el certificado emitido por la Fundaci\u00f3n, su rol dentro de esta iniciativa es el de&nbsp;puente comunitario, recibiendo premios,<\/p>\n<div class=\"read-more-wrapper\"><a class=\"read-more\" href=\"https:\/\/diarioellabrador.cl\/index.php\/2026\/01\/22\/bingo-solidario-a-beneficio-de-florencia-gomez-jimenez-sera-realizado-el-sabado-31-de-enero\/\" title=\"Leer m\u00e1s\"> <span class=\"button \">Leer m\u00e1s<\/span><\/a><\/div>\n","protected":false},"author":2,"featured_media":14228,"comment_status":"open","ping_status":"open","sticky":false,"template":"","format":"standard","meta":{"footnotes":""},"categories":[1],"tags":[],"class_list":["post-14219","post","type-post","status-publish","format-standard","has-post-thumbnail","hentry","category-cronica"],"yoast_head":"<!-- This site is optimized with the Yoast SEO plugin v27.5 - https:\/\/yoast.com\/product\/yoast-seo-wordpress\/ -->\n<title>Bingo solidario a beneficio de Florencia G\u00f3mez Jim\u00e9nez ser\u00e1 realizado el s\u00e1bado 31 de enero - Diario El Labrador<\/title>\n<meta name=\"robots\" content=\"index, follow, max-snippet:-1, max-image-preview:large, max-video-preview:-1\" \/>\n<link rel=\"canonical\" href=\"https:\/\/diarioellabrador.cl\/index.php\/2026\/01\/22\/bingo-solidario-a-beneficio-de-florencia-gomez-jimenez-sera-realizado-el-sabado-31-de-enero\/\" \/>\n<meta property=\"og:locale\" content=\"es_ES\" \/>\n<meta property=\"og:type\" content=\"article\" \/>\n<meta property=\"og:title\" content=\"Bingo solidario a beneficio de Florencia G\u00f3mez Jim\u00e9nez ser\u00e1 realizado el s\u00e1bado 31 de enero - Diario El Labrador\" \/>\n<meta property=\"og:description\" content=\"La&nbsp;Fundaci\u00f3n Oncol\u00f3gica Elizabeth Cantillana Mu\u00f1oz, organizaci\u00f3n de car\u00e1cter comunitario y solidario, certific\u00f3 oficialmente su participaci\u00f3n activa como&nbsp;entidad colaboradora y facilitadora&nbsp;del&nbsp;Bingo Solidario&nbsp;organizado en beneficio de&nbsp;Florencia G\u00f3mez Jim\u00e9nez, quien actualmente padece un&nbsp;diagn\u00f3stico de Linfoma de Hodgkin. De acuerdo con el certificado emitido por la Fundaci\u00f3n, su rol dentro de esta iniciativa es el de&nbsp;puente comunitario, recibiendo premios, Leer m\u00e1s\" \/>\n<meta property=\"og:url\" content=\"https:\/\/diarioellabrador.cl\/index.php\/2026\/01\/22\/bingo-solidario-a-beneficio-de-florencia-gomez-jimenez-sera-realizado-el-sabado-31-de-enero\/\" \/>\n<meta property=\"og:site_name\" content=\"Diario El Labrador\" \/>\n<meta property=\"article:publisher\" content=\"https:\/\/web.facebook.com\/profile.php?id=61576120840621\" \/>\n<meta property=\"article:published_time\" content=\"2026-01-22T22:12:36+00:00\" \/>\n<meta property=\"article:modified_time\" content=\"2026-01-22T22:17:13+00:00\" \/>\n<meta property=\"og:image\" content=\"https:\/\/diarioellabrador.cl\/wp-content\/uploads\/2026\/01\/Bingo-solidario-a-beneficio-de-Florencia-Gomez-Jimenez-sera-realizado-el-sabado-31-de-enero-1.jpeg\" \/>\n\t<meta property=\"og:image:width\" content=\"672\" \/>\n\t<meta property=\"og:image:height\" content=\"776\" \/>\n\t<meta property=\"og:image:type\" content=\"image\/jpeg\" \/>\n<meta name=\"author\" content=\"Editor\" \/>\n<meta name=\"twitter:card\" content=\"summary_large_image\" \/>\n<meta name=\"twitter:creator\" content=\"@ElLabradorOf\" \/>\n<meta name=\"twitter:site\" content=\"@ElLabradorOf\" \/>\n<meta name=\"twitter:label1\" content=\"Escrito por\" \/>\n\t<meta name=\"twitter:data1\" content=\"Editor\" \/>\n\t<meta name=\"twitter:label2\" content=\"Tiempo de lectura\" \/>\n\t<meta name=\"twitter:data2\" content=\"2 minutos\" \/>\n<script type=\"application\/ld+json\" class=\"yoast-schema-graph\">{\"@context\":\"https:\\\/\\\/schema.org\",\"@graph\":[{\"@type\":\"Article\",\"@id\":\"https:\\\/\\\/diarioellabrador.cl\\\/index.php\\\/2026\\\/01\\\/22\\\/bingo-solidario-a-beneficio-de-florencia-gomez-jimenez-sera-realizado-el-sabado-31-de-enero\\\/#article\",\"isPartOf\":{\"@id\":\"https:\\\/\\\/diarioellabrador.cl\\\/index.php\\\/2026\\\/01\\\/22\\\/bingo-solidario-a-beneficio-de-florencia-gomez-jimenez-sera-realizado-el-sabado-31-de-enero\\\/\"},\"author\":{\"name\":\"Editor\",\"@id\":\"https:\\\/\\\/diarioellabrador.cl\\\/#\\\/schema\\\/person\\\/bc25ff80b4563f9c7f4bd7855df01685\"},\"headline\":\"Bingo solidario a beneficio de Florencia G\u00f3mez Jim\u00e9nez ser\u00e1 realizado el s\u00e1bado 31 de enero\",\"datePublished\":\"2026-01-22T22:12:36+00:00\",\"dateModified\":\"2026-01-22T22:17:13+00:00\",\"mainEntityOfPage\":{\"@id\":\"https:\\\/\\\/diarioellabrador.cl\\\/index.php\\\/2026\\\/01\\\/22\\\/bingo-solidario-a-beneficio-de-florencia-gomez-jimenez-sera-realizado-el-sabado-31-de-enero\\\/\"},\"wordCount\":288,\"commentCount\":0,\"publisher\":{\"@id\":\"https:\\\/\\\/diarioellabrador.cl\\\/#organization\"},\"image\":{\"@id\":\"https:\\\/\\\/diarioellabrador.cl\\\/index.php\\\/2026\\\/01\\\/22\\\/bingo-solidario-a-beneficio-de-florencia-gomez-jimenez-sera-realizado-el-sabado-31-de-enero\\\/#primaryimage\"},\"thumbnailUrl\":\"https:\\\/\\\/diarioellabrador.cl\\\/wp-content\\\/uploads\\\/2026\\\/01\\\/Bingo-solidario-a-beneficio-de-Florencia-Gomez-Jimenez-sera-realizado-el-sabado-31-de-enero-1.jpeg\",\"articleSection\":[\"Cr\u00f3nica\"],\"inLanguage\":\"es\",\"potentialAction\":[{\"@type\":\"CommentAction\",\"name\":\"Comment\",\"target\":[\"https:\\\/\\\/diarioellabrador.cl\\\/index.php\\\/2026\\\/01\\\/22\\\/bingo-solidario-a-beneficio-de-florencia-gomez-jimenez-sera-realizado-el-sabado-31-de-enero\\\/#respond\"]}]},{\"@type\":\"WebPage\",\"@id\":\"https:\\\/\\\/diarioellabrador.cl\\\/index.php\\\/2026\\\/01\\\/22\\\/bingo-solidario-a-beneficio-de-florencia-gomez-jimenez-sera-realizado-el-sabado-31-de-enero\\\/\",\"url\":\"https:\\\/\\\/diarioellabrador.cl\\\/index.php\\\/2026\\\/01\\\/22\\\/bingo-solidario-a-beneficio-de-florencia-gomez-jimenez-sera-realizado-el-sabado-31-de-enero\\\/\",\"name\":\"Bingo solidario a beneficio de Florencia G\u00f3mez Jim\u00e9nez ser\u00e1 realizado el s\u00e1bado 31 de enero - Diario El Labrador\",\"isPartOf\":{\"@id\":\"https:\\\/\\\/diarioellabrador.cl\\\/#website\"},\"primaryImageOfPage\":{\"@id\":\"https:\\\/\\\/diarioellabrador.cl\\\/index.php\\\/2026\\\/01\\\/22\\\/bingo-solidario-a-beneficio-de-florencia-gomez-jimenez-sera-realizado-el-sabado-31-de-enero\\\/#primaryimage\"},\"image\":{\"@id\":\"https:\\\/\\\/diarioellabrador.cl\\\/index.php\\\/2026\\\/01\\\/22\\\/bingo-solidario-a-beneficio-de-florencia-gomez-jimenez-sera-realizado-el-sabado-31-de-enero\\\/#primaryimage\"},\"thumbnailUrl\":\"https:\\\/\\\/diarioellabrador.cl\\\/wp-content\\\/uploads\\\/2026\\\/01\\\/Bingo-solidario-a-beneficio-de-Florencia-Gomez-Jimenez-sera-realizado-el-sabado-31-de-enero-1.jpeg\",\"datePublished\":\"2026-01-22T22:12:36+00:00\",\"dateModified\":\"2026-01-22T22:17:13+00:00\",\"breadcrumb\":{\"@id\":\"https:\\\/\\\/diarioellabrador.cl\\\/index.php\\\/2026\\\/01\\\/22\\\/bingo-solidario-a-beneficio-de-florencia-gomez-jimenez-sera-realizado-el-sabado-31-de-enero\\\/#breadcrumb\"},\"inLanguage\":\"es\",\"potentialAction\":[{\"@type\":\"ReadAction\",\"target\":[\"https:\\\/\\\/diarioellabrador.cl\\\/index.php\\\/2026\\\/01\\\/22\\\/bingo-solidario-a-beneficio-de-florencia-gomez-jimenez-sera-realizado-el-sabado-31-de-enero\\\/\"]}]},{\"@type\":\"ImageObject\",\"inLanguage\":\"es\",\"@id\":\"https:\\\/\\\/diarioellabrador.cl\\\/index.php\\\/2026\\\/01\\\/22\\\/bingo-solidario-a-beneficio-de-florencia-gomez-jimenez-sera-realizado-el-sabado-31-de-enero\\\/#primaryimage\",\"url\":\"https:\\\/\\\/diarioellabrador.cl\\\/wp-content\\\/uploads\\\/2026\\\/01\\\/Bingo-solidario-a-beneficio-de-Florencia-Gomez-Jimenez-sera-realizado-el-sabado-31-de-enero-1.jpeg\",\"contentUrl\":\"https:\\\/\\\/diarioellabrador.cl\\\/wp-content\\\/uploads\\\/2026\\\/01\\\/Bingo-solidario-a-beneficio-de-Florencia-Gomez-Jimenez-sera-realizado-el-sabado-31-de-enero-1.jpeg\",\"width\":672,\"height\":776},{\"@type\":\"BreadcrumbList\",\"@id\":\"https:\\\/\\\/diarioellabrador.cl\\\/index.php\\\/2026\\\/01\\\/22\\\/bingo-solidario-a-beneficio-de-florencia-gomez-jimenez-sera-realizado-el-sabado-31-de-enero\\\/#breadcrumb\",\"itemListElement\":[{\"@type\":\"ListItem\",\"position\":1,\"name\":\"Portada\",\"item\":\"https:\\\/\\\/diarioellabrador.cl\\\/\"},{\"@type\":\"ListItem\",\"position\":2,\"name\":\"Bingo solidario a beneficio de Florencia G\u00f3mez Jim\u00e9nez ser\u00e1 realizado el s\u00e1bado 31 de enero\"}]},{\"@type\":\"WebSite\",\"@id\":\"https:\\\/\\\/diarioellabrador.cl\\\/#website\",\"url\":\"https:\\\/\\\/diarioellabrador.cl\\\/\",\"name\":\"Diario El Labrador\",\"description\":\"Haciendo noticia desde 1921\",\"publisher\":{\"@id\":\"https:\\\/\\\/diarioellabrador.cl\\\/#organization\"},\"potentialAction\":[{\"@type\":\"SearchAction\",\"target\":{\"@type\":\"EntryPoint\",\"urlTemplate\":\"https:\\\/\\\/diarioellabrador.cl\\\/?s={search_term_string}\"},\"query-input\":{\"@type\":\"PropertyValueSpecification\",\"valueRequired\":true,\"valueName\":\"search_term_string\"}}],\"inLanguage\":\"es\"},{\"@type\":\"Organization\",\"@id\":\"https:\\\/\\\/diarioellabrador.cl\\\/#organization\",\"name\":\"Diario El Labrador\",\"url\":\"https:\\\/\\\/diarioellabrador.cl\\\/\",\"logo\":{\"@type\":\"ImageObject\",\"inLanguage\":\"es\",\"@id\":\"https:\\\/\\\/diarioellabrador.cl\\\/#\\\/schema\\\/logo\\\/image\\\/\",\"url\":\"https:\\\/\\\/diarioellabrador.cl\\\/wp-content\\\/uploads\\\/2025\\\/02\\\/cropped-Logo-Icono.png\",\"contentUrl\":\"https:\\\/\\\/diarioellabrador.cl\\\/wp-content\\\/uploads\\\/2025\\\/02\\\/cropped-Logo-Icono.png\",\"width\":512,\"height\":512,\"caption\":\"Diario El Labrador\"},\"image\":{\"@id\":\"https:\\\/\\\/diarioellabrador.cl\\\/#\\\/schema\\\/logo\\\/image\\\/\"},\"sameAs\":[\"https:\\\/\\\/web.facebook.com\\\/profile.php?id=61576120840621\",\"https:\\\/\\\/x.com\\\/ElLabradorOf\",\"https:\\\/\\\/www.instagram.com\\\/diarioellabradoroficial\\\/\"]},{\"@type\":\"Person\",\"@id\":\"https:\\\/\\\/diarioellabrador.cl\\\/#\\\/schema\\\/person\\\/bc25ff80b4563f9c7f4bd7855df01685\",\"name\":\"Editor\",\"image\":{\"@type\":\"ImageObject\",\"inLanguage\":\"es\",\"@id\":\"https:\\\/\\\/secure.gravatar.com\\\/avatar\\\/109c326cf2be5c04f048c2c2a2b8b6ef44bf3d8d1d3d4c55d0ac40c4bc994684?s=96&d=mm&r=g\",\"url\":\"https:\\\/\\\/secure.gravatar.com\\\/avatar\\\/109c326cf2be5c04f048c2c2a2b8b6ef44bf3d8d1d3d4c55d0ac40c4bc994684?s=96&d=mm&r=g\",\"contentUrl\":\"https:\\\/\\\/secure.gravatar.com\\\/avatar\\\/109c326cf2be5c04f048c2c2a2b8b6ef44bf3d8d1d3d4c55d0ac40c4bc994684?s=96&d=mm&r=g\",\"caption\":\"Editor\"},\"url\":\"https:\\\/\\\/diarioellabrador.cl\\\/index.php\\\/author\\\/editor\\\/\"}]}<\/script>\n<!-- \/ Yoast SEO plugin. -->","yoast_head_json":{"title":"Bingo solidario a beneficio de Florencia G\u00f3mez Jim\u00e9nez ser\u00e1 realizado el s\u00e1bado 31 de enero - Diario El Labrador","robots":{"index":"index","follow":"follow","max-snippet":"max-snippet:-1","max-image-preview":"max-image-preview:large","max-video-preview":"max-video-preview:-1"},"canonical":"https:\/\/diarioellabrador.cl\/index.php\/2026\/01\/22\/bingo-solidario-a-beneficio-de-florencia-gomez-jimenez-sera-realizado-el-sabado-31-de-enero\/","og_locale":"es_ES","og_type":"article","og_title":"Bingo solidario a beneficio de Florencia G\u00f3mez Jim\u00e9nez ser\u00e1 realizado el s\u00e1bado 31 de enero - Diario El Labrador","og_description":"La&nbsp;Fundaci\u00f3n Oncol\u00f3gica Elizabeth Cantillana Mu\u00f1oz, organizaci\u00f3n de car\u00e1cter comunitario y solidario, certific\u00f3 oficialmente su participaci\u00f3n activa como&nbsp;entidad colaboradora y facilitadora&nbsp;del&nbsp;Bingo Solidario&nbsp;organizado en beneficio de&nbsp;Florencia G\u00f3mez Jim\u00e9nez, quien actualmente padece un&nbsp;diagn\u00f3stico de Linfoma de Hodgkin. De acuerdo con el certificado emitido por la Fundaci\u00f3n, su rol dentro de esta iniciativa es el de&nbsp;puente comunitario, recibiendo premios, Leer m\u00e1s","og_url":"https:\/\/diarioellabrador.cl\/index.php\/2026\/01\/22\/bingo-solidario-a-beneficio-de-florencia-gomez-jimenez-sera-realizado-el-sabado-31-de-enero\/","og_site_name":"Diario El Labrador","article_publisher":"https:\/\/web.facebook.com\/profile.php?id=61576120840621","article_published_time":"2026-01-22T22:12:36+00:00","article_modified_time":"2026-01-22T22:17:13+00:00","og_image":[{"width":672,"height":776,"url":"https:\/\/diarioellabrador.cl\/wp-content\/uploads\/2026\/01\/Bingo-solidario-a-beneficio-de-Florencia-Gomez-Jimenez-sera-realizado-el-sabado-31-de-enero-1.jpeg","type":"image\/jpeg"}],"author":"Editor","twitter_card":"summary_large_image","twitter_creator":"@ElLabradorOf","twitter_site":"@ElLabradorOf","twitter_misc":{"Escrito por":"Editor","Tiempo de lectura":"2 minutos"},"schema":{"@context":"https:\/\/schema.org","@graph":[{"@type":"Article","@id":"https:\/\/diarioellabrador.cl\/index.php\/2026\/01\/22\/bingo-solidario-a-beneficio-de-florencia-gomez-jimenez-sera-realizado-el-sabado-31-de-enero\/#article","isPartOf":{"@id":"https:\/\/diarioellabrador.cl\/index.php\/2026\/01\/22\/bingo-solidario-a-beneficio-de-florencia-gomez-jimenez-sera-realizado-el-sabado-31-de-enero\/"},"author":{"name":"Editor","@id":"https:\/\/diarioellabrador.cl\/#\/schema\/person\/bc25ff80b4563f9c7f4bd7855df01685"},"headline":"Bingo solidario a beneficio de Florencia G\u00f3mez Jim\u00e9nez ser\u00e1 realizado el s\u00e1bado 31 de enero","datePublished":"2026-01-22T22:12:36+00:00","dateModified":"2026-01-22T22:17:13+00:00","mainEntityOfPage":{"@id":"https:\/\/diarioellabrador.cl\/index.php\/2026\/01\/22\/bingo-solidario-a-beneficio-de-florencia-gomez-jimenez-sera-realizado-el-sabado-31-de-enero\/"},"wordCount":288,"commentCount":0,"publisher":{"@id":"https:\/\/diarioellabrador.cl\/#organization"},"image":{"@id":"https:\/\/diarioellabrador.cl\/index.php\/2026\/01\/22\/bingo-solidario-a-beneficio-de-florencia-gomez-jimenez-sera-realizado-el-sabado-31-de-enero\/#primaryimage"},"thumbnailUrl":"https:\/\/diarioellabrador.cl\/wp-content\/uploads\/2026\/01\/Bingo-solidario-a-beneficio-de-Florencia-Gomez-Jimenez-sera-realizado-el-sabado-31-de-enero-1.jpeg","articleSection":["Cr\u00f3nica"],"inLanguage":"es","potentialAction":[{"@type":"CommentAction","name":"Comment","target":["https:\/\/diarioellabrador.cl\/index.php\/2026\/01\/22\/bingo-solidario-a-beneficio-de-florencia-gomez-jimenez-sera-realizado-el-sabado-31-de-enero\/#respond"]}]},{"@type":"WebPage","@id":"https:\/\/diarioellabrador.cl\/index.php\/2026\/01\/22\/bingo-solidario-a-beneficio-de-florencia-gomez-jimenez-sera-realizado-el-sabado-31-de-enero\/","url":"https:\/\/diarioellabrador.cl\/index.php\/2026\/01\/22\/bingo-solidario-a-beneficio-de-florencia-gomez-jimenez-sera-realizado-el-sabado-31-de-enero\/","name":"Bingo solidario a beneficio de Florencia G\u00f3mez Jim\u00e9nez ser\u00e1 realizado el s\u00e1bado 31 de enero - Diario El Labrador","isPartOf":{"@id":"https:\/\/diarioellabrador.cl\/#website"},"primaryImageOfPage":{"@id":"https:\/\/diarioellabrador.cl\/index.php\/2026\/01\/22\/bingo-solidario-a-beneficio-de-florencia-gomez-jimenez-sera-realizado-el-sabado-31-de-enero\/#primaryimage"},"image":{"@id":"https:\/\/diarioellabrador.cl\/index.php\/2026\/01\/22\/bingo-solidario-a-beneficio-de-florencia-gomez-jimenez-sera-realizado-el-sabado-31-de-enero\/#primaryimage"},"thumbnailUrl":"https:\/\/diarioellabrador.cl\/wp-content\/uploads\/2026\/01\/Bingo-solidario-a-beneficio-de-Florencia-Gomez-Jimenez-sera-realizado-el-sabado-31-de-enero-1.jpeg","datePublished":"2026-01-22T22:12:36+00:00","dateModified":"2026-01-22T22:17:13+00:00","breadcrumb":{"@id":"https:\/\/diarioellabrador.cl\/index.php\/2026\/01\/22\/bingo-solidario-a-beneficio-de-florencia-gomez-jimenez-sera-realizado-el-sabado-31-de-enero\/#breadcrumb"},"inLanguage":"es","potentialAction":[{"@type":"ReadAction","target":["https:\/\/diarioellabrador.cl\/index.php\/2026\/01\/22\/bingo-solidario-a-beneficio-de-florencia-gomez-jimenez-sera-realizado-el-sabado-31-de-enero\/"]}]},{"@type":"ImageObject","inLanguage":"es","@id":"https:\/\/diarioellabrador.cl\/index.php\/2026\/01\/22\/bingo-solidario-a-beneficio-de-florencia-gomez-jimenez-sera-realizado-el-sabado-31-de-enero\/#primaryimage","url":"https:\/\/diarioellabrador.cl\/wp-content\/uploads\/2026\/01\/Bingo-solidario-a-beneficio-de-Florencia-Gomez-Jimenez-sera-realizado-el-sabado-31-de-enero-1.jpeg","contentUrl":"https:\/\/diarioellabrador.cl\/wp-content\/uploads\/2026\/01\/Bingo-solidario-a-beneficio-de-Florencia-Gomez-Jimenez-sera-realizado-el-sabado-31-de-enero-1.jpeg","width":672,"height":776},{"@type":"BreadcrumbList","@id":"https:\/\/diarioellabrador.cl\/index.php\/2026\/01\/22\/bingo-solidario-a-beneficio-de-florencia-gomez-jimenez-sera-realizado-el-sabado-31-de-enero\/#breadcrumb","itemListElement":[{"@type":"ListItem","position":1,"name":"Portada","item":"https:\/\/diarioellabrador.cl\/"},{"@type":"ListItem","position":2,"name":"Bingo solidario a beneficio de Florencia G\u00f3mez Jim\u00e9nez ser\u00e1 realizado el s\u00e1bado 31 de enero"}]},{"@type":"WebSite","@id":"https:\/\/diarioellabrador.cl\/#website","url":"https:\/\/diarioellabrador.cl\/","name":"Diario El Labrador","description":"Haciendo noticia desde 1921","publisher":{"@id":"https:\/\/diarioellabrador.cl\/#organization"},"potentialAction":[{"@type":"SearchAction","target":{"@type":"EntryPoint","urlTemplate":"https:\/\/diarioellabrador.cl\/?s={search_term_string}"},"query-input":{"@type":"PropertyValueSpecification","valueRequired":true,"valueName":"search_term_string"}}],"inLanguage":"es"},{"@type":"Organization","@id":"https:\/\/diarioellabrador.cl\/#organization","name":"Diario El Labrador","url":"https:\/\/diarioellabrador.cl\/","logo":{"@type":"ImageObject","inLanguage":"es","@id":"https:\/\/diarioellabrador.cl\/#\/schema\/logo\/image\/","url":"https:\/\/diarioellabrador.cl\/wp-content\/uploads\/2025\/02\/cropped-Logo-Icono.png","contentUrl":"https:\/\/diarioellabrador.cl\/wp-content\/uploads\/2025\/02\/cropped-Logo-Icono.png","width":512,"height":512,"caption":"Diario El Labrador"},"image":{"@id":"https:\/\/diarioellabrador.cl\/#\/schema\/logo\/image\/"},"sameAs":["https:\/\/web.facebook.com\/profile.php?id=61576120840621","https:\/\/x.com\/ElLabradorOf","https:\/\/www.instagram.com\/diarioellabradoroficial\/"]},{"@type":"Person","@id":"https:\/\/diarioellabrador.cl\/#\/schema\/person\/bc25ff80b4563f9c7f4bd7855df01685","name":"Editor","image":{"@type":"ImageObject","inLanguage":"es","@id":"https:\/\/secure.gravatar.com\/avatar\/109c326cf2be5c04f048c2c2a2b8b6ef44bf3d8d1d3d4c55d0ac40c4bc994684?s=96&d=mm&r=g","url":"https:\/\/secure.gravatar.com\/avatar\/109c326cf2be5c04f048c2c2a2b8b6ef44bf3d8d1d3d4c55d0ac40c4bc994684?s=96&d=mm&r=g","contentUrl":"https:\/\/secure.gravatar.com\/avatar\/109c326cf2be5c04f048c2c2a2b8b6ef44bf3d8d1d3d4c55d0ac40c4bc994684?s=96&d=mm&r=g","caption":"Editor"},"url":"https:\/\/diarioellabrador.cl\/index.php\/author\/editor\/"}]}},"_links":{"self":[{"href":"https:\/\/diarioellabrador.cl\/index.php\/wp-json\/wp\/v2\/posts\/14219","targetHints":{"allow":["GET"]}}],"collection":[{"href":"https:\/\/diarioellabrador.cl\/index.php\/wp-json\/wp\/v2\/posts"}],"about":[{"href":"https:\/\/diarioellabrador.cl\/index.php\/wp-json\/wp\/v2\/types\/post"}],"author":[{"embeddable":true,"href":"https:\/\/diarioellabrador.cl\/index.php\/wp-json\/wp\/v2\/users\/2"}],"replies":[{"embeddable":true,"href":"https:\/\/diarioellabrador.cl\/index.php\/wp-json\/wp\/v2\/comments?post=14219"}],"version-history":[{"count":1,"href":"https:\/\/diarioellabrador.cl\/index.php\/wp-json\/wp\/v2\/posts\/14219\/revisions"}],"predecessor-version":[{"id":14220,"href":"https:\/\/diarioellabrador.cl\/index.php\/wp-json\/wp\/v2\/posts\/14219\/revisions\/14220"}],"wp:featuredmedia":[{"embeddable":true,"href":"https:\/\/diarioellabrador.cl\/index.php\/wp-json\/wp\/v2\/media\/14228"}],"wp:attachment":[{"href":"https:\/\/diarioellabrador.cl\/index.php\/wp-json\/wp\/v2\/media?parent=14219"}],"wp:term":[{"taxonomy":"category","embeddable":true,"href":"https:\/\/diarioellabrador.cl\/index.php\/wp-json\/wp\/v2\/categories?post=14219"},{"taxonomy":"post_tag","embeddable":true,"href":"https:\/\/diarioellabrador.cl\/index.php\/wp-json\/wp\/v2\/tags?post=14219"}],"curies":[{"name":"wp","href":"https:\/\/api.w.org\/{rel}","templated":true}]}}