{"id":14217,"date":"2026-01-22T18:11:38","date_gmt":"2026-01-22T22:11:38","guid":{"rendered":"https:\/\/diarioellabrador.cl\/?p=14217"},"modified":"2026-01-22T18:11:41","modified_gmt":"2026-01-22T22:11:41","slug":"manana-comienza-venta-de-entradas-para-el-festival-de-maria-pinto","status":"publish","type":"post","link":"https:\/\/diarioellabrador.cl\/index.php\/2026\/01\/22\/manana-comienza-venta-de-entradas-para-el-festival-de-maria-pinto\/","title":{"rendered":"Ma\u00f1ana comienza venta de entradas para el Festival de Mar\u00eda Pinto"},"content":{"rendered":"\n<p>A toda marcha contin\u00faan los preparativos para la versi\u00f3n 34 del Festival de la Canci\u00f3n Mar\u00eda Pinto 2026.<\/p>\n\n\n\n<p>El evento, que se desarrollar\u00e1 el pr\u00f3ximo 5, 6 y 7 de febrero en el Campo Deportivo San Pedro, contar\u00e1 con las presentaciones de artistas como Myriam Hern\u00e1ndez, Santaferia, Princesa Alba, Stefan Kramer, la Small Band de Carabineros, Los Gatos Ciegos, entre otros.<\/p>\n\n\n\n<p>Desde el municipio informaron que la venta de entradas comenzar\u00e1 ma\u00f1ana s\u00e1bado 24 de enero, entre las 10:00 y las 14:00 horas en dependencias de la casa consistorial, y el valor de los tickets ser\u00e1n $10.000 galer\u00eda y $20.000 palco.<\/p>\n\n\n\n<p>De no agotarse los tickets, la venta se extender\u00e1 durante la semana en horario de funcionamiento del municipio, es decir, a partir de las 08:30 horas, indicaron desde la organizaci\u00f3n.<\/p>\n","protected":false},"excerpt":{"rendered":"<p>A toda marcha contin\u00faan los preparativos para la versi\u00f3n 34 del Festival de la Canci\u00f3n Mar\u00eda Pinto 2026. El evento, que se desarrollar\u00e1 el pr\u00f3ximo 5, 6 y 7 de febrero en el Campo Deportivo San Pedro, contar\u00e1 con las presentaciones de artistas como Myriam Hern\u00e1ndez, Santaferia, Princesa Alba, Stefan Kramer, la Small Band de<\/p>\n<div class=\"read-more-wrapper\"><a class=\"read-more\" href=\"https:\/\/diarioellabrador.cl\/index.php\/2026\/01\/22\/manana-comienza-venta-de-entradas-para-el-festival-de-maria-pinto\/\" title=\"Leer m\u00e1s\"> <span class=\"button \">Leer m\u00e1s<\/span><\/a><\/div>\n","protected":false},"author":2,"featured_media":14170,"comment_status":"open","ping_status":"open","sticky":false,"template":"","format":"standard","meta":{"footnotes":""},"categories":[1],"tags":[],"class_list":["post-14217","post","type-post","status-publish","format-standard","has-post-thumbnail","hentry","category-cronica"],"yoast_head":"<!-- This site is optimized with the Yoast SEO plugin v27.5 - https:\/\/yoast.com\/product\/yoast-seo-wordpress\/ -->\n<title>Ma\u00f1ana comienza venta de entradas para el Festival de Mar\u00eda Pinto - Diario El Labrador<\/title>\n<meta name=\"robots\" content=\"index, follow, max-snippet:-1, max-image-preview:large, max-video-preview:-1\" \/>\n<link rel=\"canonical\" href=\"https:\/\/diarioellabrador.cl\/index.php\/2026\/01\/22\/manana-comienza-venta-de-entradas-para-el-festival-de-maria-pinto\/\" \/>\n<meta property=\"og:locale\" content=\"es_ES\" \/>\n<meta property=\"og:type\" content=\"article\" \/>\n<meta property=\"og:title\" content=\"Ma\u00f1ana comienza venta de entradas para el Festival de Mar\u00eda Pinto - Diario El Labrador\" \/>\n<meta property=\"og:description\" content=\"A toda marcha contin\u00faan los preparativos para la versi\u00f3n 34 del Festival de la Canci\u00f3n Mar\u00eda Pinto 2026. El evento, que se desarrollar\u00e1 el pr\u00f3ximo 5, 6 y 7 de febrero en el Campo Deportivo San Pedro, contar\u00e1 con las presentaciones de artistas como Myriam Hern\u00e1ndez, Santaferia, Princesa Alba, Stefan Kramer, la Small Band de Leer m\u00e1s\" \/>\n<meta property=\"og:url\" content=\"https:\/\/diarioellabrador.cl\/index.php\/2026\/01\/22\/manana-comienza-venta-de-entradas-para-el-festival-de-maria-pinto\/\" \/>\n<meta property=\"og:site_name\" content=\"Diario El Labrador\" \/>\n<meta property=\"article:publisher\" content=\"https:\/\/web.facebook.com\/profile.php?id=61576120840621\" \/>\n<meta property=\"article:published_time\" content=\"2026-01-22T22:11:38+00:00\" \/>\n<meta property=\"article:modified_time\" content=\"2026-01-22T22:11:41+00:00\" \/>\n<meta property=\"og:image\" content=\"https:\/\/diarioellabrador.cl\/wp-content\/uploads\/2026\/01\/Manana-comienza-venta-de-entradas-para-el-Festival-de-Maria-Pinto.jpg\" \/>\n\t<meta property=\"og:image:width\" content=\"1440\" \/>\n\t<meta property=\"og:image:height\" content=\"1206\" \/>\n\t<meta property=\"og:image:type\" content=\"image\/jpeg\" \/>\n<meta name=\"author\" content=\"Editor\" \/>\n<meta name=\"twitter:card\" content=\"summary_large_image\" \/>\n<meta name=\"twitter:creator\" content=\"@ElLabradorOf\" \/>\n<meta name=\"twitter:site\" content=\"@ElLabradorOf\" \/>\n<meta name=\"twitter:label1\" content=\"Escrito por\" \/>\n\t<meta name=\"twitter:data1\" content=\"Editor\" \/>\n\t<meta name=\"twitter:label2\" content=\"Tiempo de lectura\" \/>\n\t<meta name=\"twitter:data2\" content=\"1 minuto\" \/>\n<script type=\"application\/ld+json\" class=\"yoast-schema-graph\">{\"@context\":\"https:\\\/\\\/schema.org\",\"@graph\":[{\"@type\":\"Article\",\"@id\":\"https:\\\/\\\/diarioellabrador.cl\\\/index.php\\\/2026\\\/01\\\/22\\\/manana-comienza-venta-de-entradas-para-el-festival-de-maria-pinto\\\/#article\",\"isPartOf\":{\"@id\":\"https:\\\/\\\/diarioellabrador.cl\\\/index.php\\\/2026\\\/01\\\/22\\\/manana-comienza-venta-de-entradas-para-el-festival-de-maria-pinto\\\/\"},\"author\":{\"name\":\"Editor\",\"@id\":\"https:\\\/\\\/diarioellabrador.cl\\\/#\\\/schema\\\/person\\\/bc25ff80b4563f9c7f4bd7855df01685\"},\"headline\":\"Ma\u00f1ana comienza venta de entradas para el Festival de Mar\u00eda Pinto\",\"datePublished\":\"2026-01-22T22:11:38+00:00\",\"dateModified\":\"2026-01-22T22:11:41+00:00\",\"mainEntityOfPage\":{\"@id\":\"https:\\\/\\\/diarioellabrador.cl\\\/index.php\\\/2026\\\/01\\\/22\\\/manana-comienza-venta-de-entradas-para-el-festival-de-maria-pinto\\\/\"},\"wordCount\":144,\"commentCount\":0,\"publisher\":{\"@id\":\"https:\\\/\\\/diarioellabrador.cl\\\/#organization\"},\"image\":{\"@id\":\"https:\\\/\\\/diarioellabrador.cl\\\/index.php\\\/2026\\\/01\\\/22\\\/manana-comienza-venta-de-entradas-para-el-festival-de-maria-pinto\\\/#primaryimage\"},\"thumbnailUrl\":\"https:\\\/\\\/diarioellabrador.cl\\\/wp-content\\\/uploads\\\/2026\\\/01\\\/Manana-comienza-venta-de-entradas-para-el-Festival-de-Maria-Pinto.jpg\",\"articleSection\":[\"Cr\u00f3nica\"],\"inLanguage\":\"es\",\"potentialAction\":[{\"@type\":\"CommentAction\",\"name\":\"Comment\",\"target\":[\"https:\\\/\\\/diarioellabrador.cl\\\/index.php\\\/2026\\\/01\\\/22\\\/manana-comienza-venta-de-entradas-para-el-festival-de-maria-pinto\\\/#respond\"]}]},{\"@type\":\"WebPage\",\"@id\":\"https:\\\/\\\/diarioellabrador.cl\\\/index.php\\\/2026\\\/01\\\/22\\\/manana-comienza-venta-de-entradas-para-el-festival-de-maria-pinto\\\/\",\"url\":\"https:\\\/\\\/diarioellabrador.cl\\\/index.php\\\/2026\\\/01\\\/22\\\/manana-comienza-venta-de-entradas-para-el-festival-de-maria-pinto\\\/\",\"name\":\"Ma\u00f1ana comienza venta de entradas para el Festival de Mar\u00eda Pinto - Diario El Labrador\",\"isPartOf\":{\"@id\":\"https:\\\/\\\/diarioellabrador.cl\\\/#website\"},\"primaryImageOfPage\":{\"@id\":\"https:\\\/\\\/diarioellabrador.cl\\\/index.php\\\/2026\\\/01\\\/22\\\/manana-comienza-venta-de-entradas-para-el-festival-de-maria-pinto\\\/#primaryimage\"},\"image\":{\"@id\":\"https:\\\/\\\/diarioellabrador.cl\\\/index.php\\\/2026\\\/01\\\/22\\\/manana-comienza-venta-de-entradas-para-el-festival-de-maria-pinto\\\/#primaryimage\"},\"thumbnailUrl\":\"https:\\\/\\\/diarioellabrador.cl\\\/wp-content\\\/uploads\\\/2026\\\/01\\\/Manana-comienza-venta-de-entradas-para-el-Festival-de-Maria-Pinto.jpg\",\"datePublished\":\"2026-01-22T22:11:38+00:00\",\"dateModified\":\"2026-01-22T22:11:41+00:00\",\"breadcrumb\":{\"@id\":\"https:\\\/\\\/diarioellabrador.cl\\\/index.php\\\/2026\\\/01\\\/22\\\/manana-comienza-venta-de-entradas-para-el-festival-de-maria-pinto\\\/#breadcrumb\"},\"inLanguage\":\"es\",\"potentialAction\":[{\"@type\":\"ReadAction\",\"target\":[\"https:\\\/\\\/diarioellabrador.cl\\\/index.php\\\/2026\\\/01\\\/22\\\/manana-comienza-venta-de-entradas-para-el-festival-de-maria-pinto\\\/\"]}]},{\"@type\":\"ImageObject\",\"inLanguage\":\"es\",\"@id\":\"https:\\\/\\\/diarioellabrador.cl\\\/index.php\\\/2026\\\/01\\\/22\\\/manana-comienza-venta-de-entradas-para-el-festival-de-maria-pinto\\\/#primaryimage\",\"url\":\"https:\\\/\\\/diarioellabrador.cl\\\/wp-content\\\/uploads\\\/2026\\\/01\\\/Manana-comienza-venta-de-entradas-para-el-Festival-de-Maria-Pinto.jpg\",\"contentUrl\":\"https:\\\/\\\/diarioellabrador.cl\\\/wp-content\\\/uploads\\\/2026\\\/01\\\/Manana-comienza-venta-de-entradas-para-el-Festival-de-Maria-Pinto.jpg\",\"width\":1440,\"height\":1206},{\"@type\":\"BreadcrumbList\",\"@id\":\"https:\\\/\\\/diarioellabrador.cl\\\/index.php\\\/2026\\\/01\\\/22\\\/manana-comienza-venta-de-entradas-para-el-festival-de-maria-pinto\\\/#breadcrumb\",\"itemListElement\":[{\"@type\":\"ListItem\",\"position\":1,\"name\":\"Portada\",\"item\":\"https:\\\/\\\/diarioellabrador.cl\\\/\"},{\"@type\":\"ListItem\",\"position\":2,\"name\":\"Ma\u00f1ana comienza venta de entradas para el Festival de Mar\u00eda Pinto\"}]},{\"@type\":\"WebSite\",\"@id\":\"https:\\\/\\\/diarioellabrador.cl\\\/#website\",\"url\":\"https:\\\/\\\/diarioellabrador.cl\\\/\",\"name\":\"Diario El Labrador\",\"description\":\"Haciendo noticia desde 1921\",\"publisher\":{\"@id\":\"https:\\\/\\\/diarioellabrador.cl\\\/#organization\"},\"potentialAction\":[{\"@type\":\"SearchAction\",\"target\":{\"@type\":\"EntryPoint\",\"urlTemplate\":\"https:\\\/\\\/diarioellabrador.cl\\\/?s={search_term_string}\"},\"query-input\":{\"@type\":\"PropertyValueSpecification\",\"valueRequired\":true,\"valueName\":\"search_term_string\"}}],\"inLanguage\":\"es\"},{\"@type\":\"Organization\",\"@id\":\"https:\\\/\\\/diarioellabrador.cl\\\/#organization\",\"name\":\"Diario El Labrador\",\"url\":\"https:\\\/\\\/diarioellabrador.cl\\\/\",\"logo\":{\"@type\":\"ImageObject\",\"inLanguage\":\"es\",\"@id\":\"https:\\\/\\\/diarioellabrador.cl\\\/#\\\/schema\\\/logo\\\/image\\\/\",\"url\":\"https:\\\/\\\/diarioellabrador.cl\\\/wp-content\\\/uploads\\\/2025\\\/02\\\/cropped-Logo-Icono.png\",\"contentUrl\":\"https:\\\/\\\/diarioellabrador.cl\\\/wp-content\\\/uploads\\\/2025\\\/02\\\/cropped-Logo-Icono.png\",\"width\":512,\"height\":512,\"caption\":\"Diario El Labrador\"},\"image\":{\"@id\":\"https:\\\/\\\/diarioellabrador.cl\\\/#\\\/schema\\\/logo\\\/image\\\/\"},\"sameAs\":[\"https:\\\/\\\/web.facebook.com\\\/profile.php?id=61576120840621\",\"https:\\\/\\\/x.com\\\/ElLabradorOf\",\"https:\\\/\\\/www.instagram.com\\\/diarioellabradoroficial\\\/\"]},{\"@type\":\"Person\",\"@id\":\"https:\\\/\\\/diarioellabrador.cl\\\/#\\\/schema\\\/person\\\/bc25ff80b4563f9c7f4bd7855df01685\",\"name\":\"Editor\",\"image\":{\"@type\":\"ImageObject\",\"inLanguage\":\"es\",\"@id\":\"https:\\\/\\\/secure.gravatar.com\\\/avatar\\\/109c326cf2be5c04f048c2c2a2b8b6ef44bf3d8d1d3d4c55d0ac40c4bc994684?s=96&d=mm&r=g\",\"url\":\"https:\\\/\\\/secure.gravatar.com\\\/avatar\\\/109c326cf2be5c04f048c2c2a2b8b6ef44bf3d8d1d3d4c55d0ac40c4bc994684?s=96&d=mm&r=g\",\"contentUrl\":\"https:\\\/\\\/secure.gravatar.com\\\/avatar\\\/109c326cf2be5c04f048c2c2a2b8b6ef44bf3d8d1d3d4c55d0ac40c4bc994684?s=96&d=mm&r=g\",\"caption\":\"Editor\"},\"url\":\"https:\\\/\\\/diarioellabrador.cl\\\/index.php\\\/author\\\/editor\\\/\"}]}<\/script>\n<!-- \/ Yoast SEO plugin. -->","yoast_head_json":{"title":"Ma\u00f1ana comienza venta de entradas para el Festival de Mar\u00eda Pinto - Diario El Labrador","robots":{"index":"index","follow":"follow","max-snippet":"max-snippet:-1","max-image-preview":"max-image-preview:large","max-video-preview":"max-video-preview:-1"},"canonical":"https:\/\/diarioellabrador.cl\/index.php\/2026\/01\/22\/manana-comienza-venta-de-entradas-para-el-festival-de-maria-pinto\/","og_locale":"es_ES","og_type":"article","og_title":"Ma\u00f1ana comienza venta de entradas para el Festival de Mar\u00eda Pinto - Diario El Labrador","og_description":"A toda marcha contin\u00faan los preparativos para la versi\u00f3n 34 del Festival de la Canci\u00f3n Mar\u00eda Pinto 2026. El evento, que se desarrollar\u00e1 el pr\u00f3ximo 5, 6 y 7 de febrero en el Campo Deportivo San Pedro, contar\u00e1 con las presentaciones de artistas como Myriam Hern\u00e1ndez, Santaferia, Princesa Alba, Stefan Kramer, la Small Band de Leer m\u00e1s","og_url":"https:\/\/diarioellabrador.cl\/index.php\/2026\/01\/22\/manana-comienza-venta-de-entradas-para-el-festival-de-maria-pinto\/","og_site_name":"Diario El Labrador","article_publisher":"https:\/\/web.facebook.com\/profile.php?id=61576120840621","article_published_time":"2026-01-22T22:11:38+00:00","article_modified_time":"2026-01-22T22:11:41+00:00","og_image":[{"width":1440,"height":1206,"url":"https:\/\/diarioellabrador.cl\/wp-content\/uploads\/2026\/01\/Manana-comienza-venta-de-entradas-para-el-Festival-de-Maria-Pinto.jpg","type":"image\/jpeg"}],"author":"Editor","twitter_card":"summary_large_image","twitter_creator":"@ElLabradorOf","twitter_site":"@ElLabradorOf","twitter_misc":{"Escrito por":"Editor","Tiempo de lectura":"1 minuto"},"schema":{"@context":"https:\/\/schema.org","@graph":[{"@type":"Article","@id":"https:\/\/diarioellabrador.cl\/index.php\/2026\/01\/22\/manana-comienza-venta-de-entradas-para-el-festival-de-maria-pinto\/#article","isPartOf":{"@id":"https:\/\/diarioellabrador.cl\/index.php\/2026\/01\/22\/manana-comienza-venta-de-entradas-para-el-festival-de-maria-pinto\/"},"author":{"name":"Editor","@id":"https:\/\/diarioellabrador.cl\/#\/schema\/person\/bc25ff80b4563f9c7f4bd7855df01685"},"headline":"Ma\u00f1ana comienza venta de entradas para el Festival de Mar\u00eda Pinto","datePublished":"2026-01-22T22:11:38+00:00","dateModified":"2026-01-22T22:11:41+00:00","mainEntityOfPage":{"@id":"https:\/\/diarioellabrador.cl\/index.php\/2026\/01\/22\/manana-comienza-venta-de-entradas-para-el-festival-de-maria-pinto\/"},"wordCount":144,"commentCount":0,"publisher":{"@id":"https:\/\/diarioellabrador.cl\/#organization"},"image":{"@id":"https:\/\/diarioellabrador.cl\/index.php\/2026\/01\/22\/manana-comienza-venta-de-entradas-para-el-festival-de-maria-pinto\/#primaryimage"},"thumbnailUrl":"https:\/\/diarioellabrador.cl\/wp-content\/uploads\/2026\/01\/Manana-comienza-venta-de-entradas-para-el-Festival-de-Maria-Pinto.jpg","articleSection":["Cr\u00f3nica"],"inLanguage":"es","potentialAction":[{"@type":"CommentAction","name":"Comment","target":["https:\/\/diarioellabrador.cl\/index.php\/2026\/01\/22\/manana-comienza-venta-de-entradas-para-el-festival-de-maria-pinto\/#respond"]}]},{"@type":"WebPage","@id":"https:\/\/diarioellabrador.cl\/index.php\/2026\/01\/22\/manana-comienza-venta-de-entradas-para-el-festival-de-maria-pinto\/","url":"https:\/\/diarioellabrador.cl\/index.php\/2026\/01\/22\/manana-comienza-venta-de-entradas-para-el-festival-de-maria-pinto\/","name":"Ma\u00f1ana comienza venta de entradas para el Festival de Mar\u00eda Pinto - Diario El Labrador","isPartOf":{"@id":"https:\/\/diarioellabrador.cl\/#website"},"primaryImageOfPage":{"@id":"https:\/\/diarioellabrador.cl\/index.php\/2026\/01\/22\/manana-comienza-venta-de-entradas-para-el-festival-de-maria-pinto\/#primaryimage"},"image":{"@id":"https:\/\/diarioellabrador.cl\/index.php\/2026\/01\/22\/manana-comienza-venta-de-entradas-para-el-festival-de-maria-pinto\/#primaryimage"},"thumbnailUrl":"https:\/\/diarioellabrador.cl\/wp-content\/uploads\/2026\/01\/Manana-comienza-venta-de-entradas-para-el-Festival-de-Maria-Pinto.jpg","datePublished":"2026-01-22T22:11:38+00:00","dateModified":"2026-01-22T22:11:41+00:00","breadcrumb":{"@id":"https:\/\/diarioellabrador.cl\/index.php\/2026\/01\/22\/manana-comienza-venta-de-entradas-para-el-festival-de-maria-pinto\/#breadcrumb"},"inLanguage":"es","potentialAction":[{"@type":"ReadAction","target":["https:\/\/diarioellabrador.cl\/index.php\/2026\/01\/22\/manana-comienza-venta-de-entradas-para-el-festival-de-maria-pinto\/"]}]},{"@type":"ImageObject","inLanguage":"es","@id":"https:\/\/diarioellabrador.cl\/index.php\/2026\/01\/22\/manana-comienza-venta-de-entradas-para-el-festival-de-maria-pinto\/#primaryimage","url":"https:\/\/diarioellabrador.cl\/wp-content\/uploads\/2026\/01\/Manana-comienza-venta-de-entradas-para-el-Festival-de-Maria-Pinto.jpg","contentUrl":"https:\/\/diarioellabrador.cl\/wp-content\/uploads\/2026\/01\/Manana-comienza-venta-de-entradas-para-el-Festival-de-Maria-Pinto.jpg","width":1440,"height":1206},{"@type":"BreadcrumbList","@id":"https:\/\/diarioellabrador.cl\/index.php\/2026\/01\/22\/manana-comienza-venta-de-entradas-para-el-festival-de-maria-pinto\/#breadcrumb","itemListElement":[{"@type":"ListItem","position":1,"name":"Portada","item":"https:\/\/diarioellabrador.cl\/"},{"@type":"ListItem","position":2,"name":"Ma\u00f1ana comienza venta de entradas para el Festival de Mar\u00eda Pinto"}]},{"@type":"WebSite","@id":"https:\/\/diarioellabrador.cl\/#website","url":"https:\/\/diarioellabrador.cl\/","name":"Diario El Labrador","description":"Haciendo noticia desde 1921","publisher":{"@id":"https:\/\/diarioellabrador.cl\/#organization"},"potentialAction":[{"@type":"SearchAction","target":{"@type":"EntryPoint","urlTemplate":"https:\/\/diarioellabrador.cl\/?s={search_term_string}"},"query-input":{"@type":"PropertyValueSpecification","valueRequired":true,"valueName":"search_term_string"}}],"inLanguage":"es"},{"@type":"Organization","@id":"https:\/\/diarioellabrador.cl\/#organization","name":"Diario El Labrador","url":"https:\/\/diarioellabrador.cl\/","logo":{"@type":"ImageObject","inLanguage":"es","@id":"https:\/\/diarioellabrador.cl\/#\/schema\/logo\/image\/","url":"https:\/\/diarioellabrador.cl\/wp-content\/uploads\/2025\/02\/cropped-Logo-Icono.png","contentUrl":"https:\/\/diarioellabrador.cl\/wp-content\/uploads\/2025\/02\/cropped-Logo-Icono.png","width":512,"height":512,"caption":"Diario El Labrador"},"image":{"@id":"https:\/\/diarioellabrador.cl\/#\/schema\/logo\/image\/"},"sameAs":["https:\/\/web.facebook.com\/profile.php?id=61576120840621","https:\/\/x.com\/ElLabradorOf","https:\/\/www.instagram.com\/diarioellabradoroficial\/"]},{"@type":"Person","@id":"https:\/\/diarioellabrador.cl\/#\/schema\/person\/bc25ff80b4563f9c7f4bd7855df01685","name":"Editor","image":{"@type":"ImageObject","inLanguage":"es","@id":"https:\/\/secure.gravatar.com\/avatar\/109c326cf2be5c04f048c2c2a2b8b6ef44bf3d8d1d3d4c55d0ac40c4bc994684?s=96&d=mm&r=g","url":"https:\/\/secure.gravatar.com\/avatar\/109c326cf2be5c04f048c2c2a2b8b6ef44bf3d8d1d3d4c55d0ac40c4bc994684?s=96&d=mm&r=g","contentUrl":"https:\/\/secure.gravatar.com\/avatar\/109c326cf2be5c04f048c2c2a2b8b6ef44bf3d8d1d3d4c55d0ac40c4bc994684?s=96&d=mm&r=g","caption":"Editor"},"url":"https:\/\/diarioellabrador.cl\/index.php\/author\/editor\/"}]}},"_links":{"self":[{"href":"https:\/\/diarioellabrador.cl\/index.php\/wp-json\/wp\/v2\/posts\/14217","targetHints":{"allow":["GET"]}}],"collection":[{"href":"https:\/\/diarioellabrador.cl\/index.php\/wp-json\/wp\/v2\/posts"}],"about":[{"href":"https:\/\/diarioellabrador.cl\/index.php\/wp-json\/wp\/v2\/types\/post"}],"author":[{"embeddable":true,"href":"https:\/\/diarioellabrador.cl\/index.php\/wp-json\/wp\/v2\/users\/2"}],"replies":[{"embeddable":true,"href":"https:\/\/diarioellabrador.cl\/index.php\/wp-json\/wp\/v2\/comments?post=14217"}],"version-history":[{"count":1,"href":"https:\/\/diarioellabrador.cl\/index.php\/wp-json\/wp\/v2\/posts\/14217\/revisions"}],"predecessor-version":[{"id":14218,"href":"https:\/\/diarioellabrador.cl\/index.php\/wp-json\/wp\/v2\/posts\/14217\/revisions\/14218"}],"wp:featuredmedia":[{"embeddable":true,"href":"https:\/\/diarioellabrador.cl\/index.php\/wp-json\/wp\/v2\/media\/14170"}],"wp:attachment":[{"href":"https:\/\/diarioellabrador.cl\/index.php\/wp-json\/wp\/v2\/media?parent=14217"}],"wp:term":[{"taxonomy":"category","embeddable":true,"href":"https:\/\/diarioellabrador.cl\/index.php\/wp-json\/wp\/v2\/categories?post=14217"},{"taxonomy":"post_tag","embeddable":true,"href":"https:\/\/diarioellabrador.cl\/index.php\/wp-json\/wp\/v2\/tags?post=14217"}],"curies":[{"name":"wp","href":"https:\/\/api.w.org\/{rel}","templated":true}]}}