{"id":14211,"date":"2026-01-22T18:09:21","date_gmt":"2026-01-22T22:09:21","guid":{"rendered":"https:\/\/diarioellabrador.cl\/?p=14211"},"modified":"2026-01-22T18:09:24","modified_gmt":"2026-01-22T22:09:24","slug":"se-aprueba-nueva-ley-que-extiende-vigencia-de-las-licencias-de-conducir-revisa-quienes-son-las-personas-que-optan-por-prorroga","status":"publish","type":"post","link":"https:\/\/diarioellabrador.cl\/index.php\/2026\/01\/22\/se-aprueba-nueva-ley-que-extiende-vigencia-de-las-licencias-de-conducir-revisa-quienes-son-las-personas-que-optan-por-prorroga\/","title":{"rendered":"Se aprueba nueva ley que extiende vigencia de las licencias de conducir: revisa quienes son las personas que optan por pr\u00f3rroga"},"content":{"rendered":"\n<p>Por Johnny Ahumada Sep\u00falveda<\/p>\n\n\n\n<p>Durante la jornada mi\u00e9rcoles, la C\u00e1mara de Diputados y Diputadas aprob\u00f3 la extensi\u00f3n de vigencia de las licencias de conducir que hayan vencido en los periodos 2025-2026, con el objetivo de darle descanso a las direcciones de transito municipales a nivel nacional, las cuales se encuentran colapsadas por la implementaci\u00f3n del nuevo Sistema de Gesti\u00f3n de Licencias de Conducir (SGL) y la transici\u00f3n hacia las licencias digitales. Esta medida responde a demoras acumuladas desde la implementaci\u00f3n digital de las licencias.<\/p>\n\n\n\n<p>En los detalles de la pr\u00f3rroga, las licencias vencidas en 2025 mantienen una vigencia hasta el 31 de diciembre de 2026, aquellas personas que su licencia venza en 2026 se extienden autom\u00e1ticamente por seis meses desde su fecha original, en este contexto, la aprobaci\u00f3n ocurri\u00f3 en el contexto del reajuste al sector p\u00fablico.<\/p>\n\n\n\n<p>En este contexto, las municipalidades del pa\u00eds reportan una sobrecarga por digitalizaci\u00f3n manual de las carpetas, fallas en la plataformas interconectadas y reducci\u00f3n de capacidad de atenci\u00f3n, seg\u00fan informaciones preliminares, diariamente hay de 75 a 45 personas diarias en algunas municipalidades atendiendo t\u00f3picos relacionado con las licencias de conducci\u00f3n, es por eso que se demora tanto el hecho de sacar el carnet de conducci\u00f3n.<\/p>\n\n\n\n<p>La pr\u00f3rroga, que fue despachada a la ley junto al reajuste del sector p\u00fablico, entrega dos tipos de extensi\u00f3n; Si la licencia de conducir venci\u00f3 el a\u00f1o 2025, tienes todo el 2026 para poder renovarla. La otra es; Si la licencia de conducir vence este 2026, tendr\u00e1s 6 meses adicionales durante el 2027 para regularizarla.<\/p>\n\n\n\n<p>Es por eso que el jefe de la Bancada de Democracia Cristiana (DC), H\u00e9ctor Barr\u00eda, se\u00f1al\u00f3 \u201cde esta manera solucionaremos una situaci\u00f3n que est\u00e1 afectando a miles de personas que no han podido renovar su licencia de conducir debido a la sobrecarga que existe en los municipios para este tr\u00e1mite\u201d.<\/p>\n\n\n\n<p>Felipe Mu\u00f1oz, actual alcalde de estaci\u00f3n central alert\u00f3 sobre las listas de espera y ca\u00eddas del sistema desde septiembre de 2025. El alcalde plante\u00f3 varias alternativas para poder volver a tener el control que ten\u00edan con las licencias de conducir, como por ejemplo pr\u00f3rrogas acotadas, apoyo financiero para digitalizaci\u00f3n anticipada y externalizar ex\u00e1menes psicot\u00e9cnicos, pero reconoci\u00f3 que, pese a las gestiones, no han recibidos respuestas con la urgencia necesaria.<\/p>\n\n\n\n<p>Recordemos que el a\u00f1o pasado la Asociaci\u00f3n de Municipalidades de Chile denunci\u00f3 un aumento exponencial en las solicitudes de renovaci\u00f3n de licencias de conducir, lo que oblig\u00f3 a redoblar la dotaci\u00f3n del personal y horas extras para absorber la alta demanda que ten\u00edan estos procesos<\/p>\n\n\n\n<p>No obstante, la situaci\u00f3n se complic\u00f3 en pandemia, cuando se anunci\u00f3 la pr\u00f3rroga en el vencimiento de estos documentos, lo que provoc\u00f3 la acumulaci\u00f3n exponencial de conductores que ahora intentan hacer el proceso. Por otro lado, en septiembre de 2025 se implement\u00f3 la licencia de conducir digital, medida que har\u00eda agilizar los tiempos de espera, pero eso no fue lo que ocurri\u00f3 y gener\u00f3 m\u00e1s retrasos en el proceso de entrega de licencias. Las municipalidades en la denuncia expresaron su preocupaci\u00f3n, ya que no exist\u00edan recursos adicionales para enfrentar la alta demanda, y que en las municipalidades tendr\u00edan grandes listas de esperas, simult\u00e1neamente en varios municipios.<\/p>\n\n\n\n<p>Es por eso que advirti\u00f3 que, si no se adoptan medidas inmediatas, el problema podr\u00eda extenderse por meses e inclusos a\u00f1os, afectando los procesos como la implementaci\u00f3n a la futura Ley Uber.<\/p>\n","protected":false},"excerpt":{"rendered":"<p>Por Johnny Ahumada Sep\u00falveda Durante la jornada mi\u00e9rcoles, la C\u00e1mara de Diputados y Diputadas aprob\u00f3 la extensi\u00f3n de vigencia de las licencias de conducir que hayan vencido en los periodos 2025-2026, con el objetivo de darle descanso a las direcciones de transito municipales a nivel nacional, las cuales se encuentran colapsadas por la implementaci\u00f3n del<\/p>\n<div class=\"read-more-wrapper\"><a class=\"read-more\" href=\"https:\/\/diarioellabrador.cl\/index.php\/2026\/01\/22\/se-aprueba-nueva-ley-que-extiende-vigencia-de-las-licencias-de-conducir-revisa-quienes-son-las-personas-que-optan-por-prorroga\/\" title=\"Leer m\u00e1s\"> <span class=\"button \">Leer m\u00e1s<\/span><\/a><\/div>\n","protected":false},"author":2,"featured_media":14164,"comment_status":"open","ping_status":"open","sticky":false,"template":"","format":"standard","meta":{"footnotes":""},"categories":[1],"tags":[],"class_list":["post-14211","post","type-post","status-publish","format-standard","has-post-thumbnail","hentry","category-cronica"],"yoast_head":"<!-- This site is optimized with the Yoast SEO plugin v27.5 - https:\/\/yoast.com\/product\/yoast-seo-wordpress\/ -->\n<title>Se aprueba nueva ley que extiende vigencia de las licencias de conducir: revisa quienes son las personas que optan por pr\u00f3rroga - Diario El Labrador<\/title>\n<meta name=\"robots\" content=\"index, follow, max-snippet:-1, max-image-preview:large, max-video-preview:-1\" \/>\n<link rel=\"canonical\" href=\"https:\/\/diarioellabrador.cl\/index.php\/2026\/01\/22\/se-aprueba-nueva-ley-que-extiende-vigencia-de-las-licencias-de-conducir-revisa-quienes-son-las-personas-que-optan-por-prorroga\/\" \/>\n<meta property=\"og:locale\" content=\"es_ES\" \/>\n<meta property=\"og:type\" content=\"article\" \/>\n<meta property=\"og:title\" content=\"Se aprueba nueva ley que extiende vigencia de las licencias de conducir: revisa quienes son las personas que optan por pr\u00f3rroga - Diario El Labrador\" \/>\n<meta property=\"og:description\" content=\"Por Johnny Ahumada Sep\u00falveda Durante la jornada mi\u00e9rcoles, la C\u00e1mara de Diputados y Diputadas aprob\u00f3 la extensi\u00f3n de vigencia de las licencias de conducir que hayan vencido en los periodos 2025-2026, con el objetivo de darle descanso a las direcciones de transito municipales a nivel nacional, las cuales se encuentran colapsadas por la implementaci\u00f3n del Leer m\u00e1s\" \/>\n<meta property=\"og:url\" content=\"https:\/\/diarioellabrador.cl\/index.php\/2026\/01\/22\/se-aprueba-nueva-ley-que-extiende-vigencia-de-las-licencias-de-conducir-revisa-quienes-son-las-personas-que-optan-por-prorroga\/\" \/>\n<meta property=\"og:site_name\" content=\"Diario El Labrador\" \/>\n<meta property=\"article:publisher\" content=\"https:\/\/web.facebook.com\/profile.php?id=61576120840621\" \/>\n<meta property=\"article:published_time\" content=\"2026-01-22T22:09:21+00:00\" \/>\n<meta property=\"article:modified_time\" content=\"2026-01-22T22:09:24+00:00\" \/>\n<meta property=\"og:image\" content=\"https:\/\/diarioellabrador.cl\/wp-content\/uploads\/2026\/01\/Se-aprueba-nueva-ley-que-extiende-vigencia-de-las-licencias-de-conducir-revisa-quienes-son-las-personas-que-optan-por-prorroga.jpg\" \/>\n\t<meta property=\"og:image:width\" content=\"600\" \/>\n\t<meta property=\"og:image:height\" content=\"400\" \/>\n\t<meta property=\"og:image:type\" content=\"image\/jpeg\" \/>\n<meta name=\"author\" content=\"Editor\" \/>\n<meta name=\"twitter:card\" content=\"summary_large_image\" \/>\n<meta name=\"twitter:creator\" content=\"@ElLabradorOf\" \/>\n<meta name=\"twitter:site\" content=\"@ElLabradorOf\" \/>\n<meta name=\"twitter:label1\" content=\"Escrito por\" \/>\n\t<meta name=\"twitter:data1\" content=\"Editor\" \/>\n\t<meta name=\"twitter:label2\" content=\"Tiempo de lectura\" \/>\n\t<meta name=\"twitter:data2\" content=\"3 minutos\" \/>\n<script type=\"application\/ld+json\" class=\"yoast-schema-graph\">{\"@context\":\"https:\\\/\\\/schema.org\",\"@graph\":[{\"@type\":\"Article\",\"@id\":\"https:\\\/\\\/diarioellabrador.cl\\\/index.php\\\/2026\\\/01\\\/22\\\/se-aprueba-nueva-ley-que-extiende-vigencia-de-las-licencias-de-conducir-revisa-quienes-son-las-personas-que-optan-por-prorroga\\\/#article\",\"isPartOf\":{\"@id\":\"https:\\\/\\\/diarioellabrador.cl\\\/index.php\\\/2026\\\/01\\\/22\\\/se-aprueba-nueva-ley-que-extiende-vigencia-de-las-licencias-de-conducir-revisa-quienes-son-las-personas-que-optan-por-prorroga\\\/\"},\"author\":{\"name\":\"Editor\",\"@id\":\"https:\\\/\\\/diarioellabrador.cl\\\/#\\\/schema\\\/person\\\/bc25ff80b4563f9c7f4bd7855df01685\"},\"headline\":\"Se aprueba nueva ley que extiende vigencia de las licencias de conducir: revisa quienes son las personas que optan por pr\u00f3rroga\",\"datePublished\":\"2026-01-22T22:09:21+00:00\",\"dateModified\":\"2026-01-22T22:09:24+00:00\",\"mainEntityOfPage\":{\"@id\":\"https:\\\/\\\/diarioellabrador.cl\\\/index.php\\\/2026\\\/01\\\/22\\\/se-aprueba-nueva-ley-que-extiende-vigencia-de-las-licencias-de-conducir-revisa-quienes-son-las-personas-que-optan-por-prorroga\\\/\"},\"wordCount\":622,\"commentCount\":0,\"publisher\":{\"@id\":\"https:\\\/\\\/diarioellabrador.cl\\\/#organization\"},\"image\":{\"@id\":\"https:\\\/\\\/diarioellabrador.cl\\\/index.php\\\/2026\\\/01\\\/22\\\/se-aprueba-nueva-ley-que-extiende-vigencia-de-las-licencias-de-conducir-revisa-quienes-son-las-personas-que-optan-por-prorroga\\\/#primaryimage\"},\"thumbnailUrl\":\"https:\\\/\\\/diarioellabrador.cl\\\/wp-content\\\/uploads\\\/2026\\\/01\\\/Se-aprueba-nueva-ley-que-extiende-vigencia-de-las-licencias-de-conducir-revisa-quienes-son-las-personas-que-optan-por-prorroga.jpg\",\"articleSection\":[\"Cr\u00f3nica\"],\"inLanguage\":\"es\",\"potentialAction\":[{\"@type\":\"CommentAction\",\"name\":\"Comment\",\"target\":[\"https:\\\/\\\/diarioellabrador.cl\\\/index.php\\\/2026\\\/01\\\/22\\\/se-aprueba-nueva-ley-que-extiende-vigencia-de-las-licencias-de-conducir-revisa-quienes-son-las-personas-que-optan-por-prorroga\\\/#respond\"]}]},{\"@type\":\"WebPage\",\"@id\":\"https:\\\/\\\/diarioellabrador.cl\\\/index.php\\\/2026\\\/01\\\/22\\\/se-aprueba-nueva-ley-que-extiende-vigencia-de-las-licencias-de-conducir-revisa-quienes-son-las-personas-que-optan-por-prorroga\\\/\",\"url\":\"https:\\\/\\\/diarioellabrador.cl\\\/index.php\\\/2026\\\/01\\\/22\\\/se-aprueba-nueva-ley-que-extiende-vigencia-de-las-licencias-de-conducir-revisa-quienes-son-las-personas-que-optan-por-prorroga\\\/\",\"name\":\"Se aprueba nueva ley que extiende vigencia de las licencias de conducir: revisa quienes son las personas que optan por pr\u00f3rroga - Diario El Labrador\",\"isPartOf\":{\"@id\":\"https:\\\/\\\/diarioellabrador.cl\\\/#website\"},\"primaryImageOfPage\":{\"@id\":\"https:\\\/\\\/diarioellabrador.cl\\\/index.php\\\/2026\\\/01\\\/22\\\/se-aprueba-nueva-ley-que-extiende-vigencia-de-las-licencias-de-conducir-revisa-quienes-son-las-personas-que-optan-por-prorroga\\\/#primaryimage\"},\"image\":{\"@id\":\"https:\\\/\\\/diarioellabrador.cl\\\/index.php\\\/2026\\\/01\\\/22\\\/se-aprueba-nueva-ley-que-extiende-vigencia-de-las-licencias-de-conducir-revisa-quienes-son-las-personas-que-optan-por-prorroga\\\/#primaryimage\"},\"thumbnailUrl\":\"https:\\\/\\\/diarioellabrador.cl\\\/wp-content\\\/uploads\\\/2026\\\/01\\\/Se-aprueba-nueva-ley-que-extiende-vigencia-de-las-licencias-de-conducir-revisa-quienes-son-las-personas-que-optan-por-prorroga.jpg\",\"datePublished\":\"2026-01-22T22:09:21+00:00\",\"dateModified\":\"2026-01-22T22:09:24+00:00\",\"breadcrumb\":{\"@id\":\"https:\\\/\\\/diarioellabrador.cl\\\/index.php\\\/2026\\\/01\\\/22\\\/se-aprueba-nueva-ley-que-extiende-vigencia-de-las-licencias-de-conducir-revisa-quienes-son-las-personas-que-optan-por-prorroga\\\/#breadcrumb\"},\"inLanguage\":\"es\",\"potentialAction\":[{\"@type\":\"ReadAction\",\"target\":[\"https:\\\/\\\/diarioellabrador.cl\\\/index.php\\\/2026\\\/01\\\/22\\\/se-aprueba-nueva-ley-que-extiende-vigencia-de-las-licencias-de-conducir-revisa-quienes-son-las-personas-que-optan-por-prorroga\\\/\"]}]},{\"@type\":\"ImageObject\",\"inLanguage\":\"es\",\"@id\":\"https:\\\/\\\/diarioellabrador.cl\\\/index.php\\\/2026\\\/01\\\/22\\\/se-aprueba-nueva-ley-que-extiende-vigencia-de-las-licencias-de-conducir-revisa-quienes-son-las-personas-que-optan-por-prorroga\\\/#primaryimage\",\"url\":\"https:\\\/\\\/diarioellabrador.cl\\\/wp-content\\\/uploads\\\/2026\\\/01\\\/Se-aprueba-nueva-ley-que-extiende-vigencia-de-las-licencias-de-conducir-revisa-quienes-son-las-personas-que-optan-por-prorroga.jpg\",\"contentUrl\":\"https:\\\/\\\/diarioellabrador.cl\\\/wp-content\\\/uploads\\\/2026\\\/01\\\/Se-aprueba-nueva-ley-que-extiende-vigencia-de-las-licencias-de-conducir-revisa-quienes-son-las-personas-que-optan-por-prorroga.jpg\",\"width\":600,\"height\":400},{\"@type\":\"BreadcrumbList\",\"@id\":\"https:\\\/\\\/diarioellabrador.cl\\\/index.php\\\/2026\\\/01\\\/22\\\/se-aprueba-nueva-ley-que-extiende-vigencia-de-las-licencias-de-conducir-revisa-quienes-son-las-personas-que-optan-por-prorroga\\\/#breadcrumb\",\"itemListElement\":[{\"@type\":\"ListItem\",\"position\":1,\"name\":\"Portada\",\"item\":\"https:\\\/\\\/diarioellabrador.cl\\\/\"},{\"@type\":\"ListItem\",\"position\":2,\"name\":\"Se aprueba nueva ley que extiende vigencia de las licencias de conducir: revisa quienes son las personas que optan por pr\u00f3rroga\"}]},{\"@type\":\"WebSite\",\"@id\":\"https:\\\/\\\/diarioellabrador.cl\\\/#website\",\"url\":\"https:\\\/\\\/diarioellabrador.cl\\\/\",\"name\":\"Diario El Labrador\",\"description\":\"Haciendo noticia desde 1921\",\"publisher\":{\"@id\":\"https:\\\/\\\/diarioellabrador.cl\\\/#organization\"},\"potentialAction\":[{\"@type\":\"SearchAction\",\"target\":{\"@type\":\"EntryPoint\",\"urlTemplate\":\"https:\\\/\\\/diarioellabrador.cl\\\/?s={search_term_string}\"},\"query-input\":{\"@type\":\"PropertyValueSpecification\",\"valueRequired\":true,\"valueName\":\"search_term_string\"}}],\"inLanguage\":\"es\"},{\"@type\":\"Organization\",\"@id\":\"https:\\\/\\\/diarioellabrador.cl\\\/#organization\",\"name\":\"Diario El Labrador\",\"url\":\"https:\\\/\\\/diarioellabrador.cl\\\/\",\"logo\":{\"@type\":\"ImageObject\",\"inLanguage\":\"es\",\"@id\":\"https:\\\/\\\/diarioellabrador.cl\\\/#\\\/schema\\\/logo\\\/image\\\/\",\"url\":\"https:\\\/\\\/diarioellabrador.cl\\\/wp-content\\\/uploads\\\/2025\\\/02\\\/cropped-Logo-Icono.png\",\"contentUrl\":\"https:\\\/\\\/diarioellabrador.cl\\\/wp-content\\\/uploads\\\/2025\\\/02\\\/cropped-Logo-Icono.png\",\"width\":512,\"height\":512,\"caption\":\"Diario El Labrador\"},\"image\":{\"@id\":\"https:\\\/\\\/diarioellabrador.cl\\\/#\\\/schema\\\/logo\\\/image\\\/\"},\"sameAs\":[\"https:\\\/\\\/web.facebook.com\\\/profile.php?id=61576120840621\",\"https:\\\/\\\/x.com\\\/ElLabradorOf\",\"https:\\\/\\\/www.instagram.com\\\/diarioellabradoroficial\\\/\"]},{\"@type\":\"Person\",\"@id\":\"https:\\\/\\\/diarioellabrador.cl\\\/#\\\/schema\\\/person\\\/bc25ff80b4563f9c7f4bd7855df01685\",\"name\":\"Editor\",\"image\":{\"@type\":\"ImageObject\",\"inLanguage\":\"es\",\"@id\":\"https:\\\/\\\/secure.gravatar.com\\\/avatar\\\/109c326cf2be5c04f048c2c2a2b8b6ef44bf3d8d1d3d4c55d0ac40c4bc994684?s=96&d=mm&r=g\",\"url\":\"https:\\\/\\\/secure.gravatar.com\\\/avatar\\\/109c326cf2be5c04f048c2c2a2b8b6ef44bf3d8d1d3d4c55d0ac40c4bc994684?s=96&d=mm&r=g\",\"contentUrl\":\"https:\\\/\\\/secure.gravatar.com\\\/avatar\\\/109c326cf2be5c04f048c2c2a2b8b6ef44bf3d8d1d3d4c55d0ac40c4bc994684?s=96&d=mm&r=g\",\"caption\":\"Editor\"},\"url\":\"https:\\\/\\\/diarioellabrador.cl\\\/index.php\\\/author\\\/editor\\\/\"}]}<\/script>\n<!-- \/ Yoast SEO plugin. -->","yoast_head_json":{"title":"Se aprueba nueva ley que extiende vigencia de las licencias de conducir: revisa quienes son las personas que optan por pr\u00f3rroga - Diario El Labrador","robots":{"index":"index","follow":"follow","max-snippet":"max-snippet:-1","max-image-preview":"max-image-preview:large","max-video-preview":"max-video-preview:-1"},"canonical":"https:\/\/diarioellabrador.cl\/index.php\/2026\/01\/22\/se-aprueba-nueva-ley-que-extiende-vigencia-de-las-licencias-de-conducir-revisa-quienes-son-las-personas-que-optan-por-prorroga\/","og_locale":"es_ES","og_type":"article","og_title":"Se aprueba nueva ley que extiende vigencia de las licencias de conducir: revisa quienes son las personas que optan por pr\u00f3rroga - Diario El Labrador","og_description":"Por Johnny Ahumada Sep\u00falveda Durante la jornada mi\u00e9rcoles, la C\u00e1mara de Diputados y Diputadas aprob\u00f3 la extensi\u00f3n de vigencia de las licencias de conducir que hayan vencido en los periodos 2025-2026, con el objetivo de darle descanso a las direcciones de transito municipales a nivel nacional, las cuales se encuentran colapsadas por la implementaci\u00f3n del Leer m\u00e1s","og_url":"https:\/\/diarioellabrador.cl\/index.php\/2026\/01\/22\/se-aprueba-nueva-ley-que-extiende-vigencia-de-las-licencias-de-conducir-revisa-quienes-son-las-personas-que-optan-por-prorroga\/","og_site_name":"Diario El Labrador","article_publisher":"https:\/\/web.facebook.com\/profile.php?id=61576120840621","article_published_time":"2026-01-22T22:09:21+00:00","article_modified_time":"2026-01-22T22:09:24+00:00","og_image":[{"width":600,"height":400,"url":"https:\/\/diarioellabrador.cl\/wp-content\/uploads\/2026\/01\/Se-aprueba-nueva-ley-que-extiende-vigencia-de-las-licencias-de-conducir-revisa-quienes-son-las-personas-que-optan-por-prorroga.jpg","type":"image\/jpeg"}],"author":"Editor","twitter_card":"summary_large_image","twitter_creator":"@ElLabradorOf","twitter_site":"@ElLabradorOf","twitter_misc":{"Escrito por":"Editor","Tiempo de lectura":"3 minutos"},"schema":{"@context":"https:\/\/schema.org","@graph":[{"@type":"Article","@id":"https:\/\/diarioellabrador.cl\/index.php\/2026\/01\/22\/se-aprueba-nueva-ley-que-extiende-vigencia-de-las-licencias-de-conducir-revisa-quienes-son-las-personas-que-optan-por-prorroga\/#article","isPartOf":{"@id":"https:\/\/diarioellabrador.cl\/index.php\/2026\/01\/22\/se-aprueba-nueva-ley-que-extiende-vigencia-de-las-licencias-de-conducir-revisa-quienes-son-las-personas-que-optan-por-prorroga\/"},"author":{"name":"Editor","@id":"https:\/\/diarioellabrador.cl\/#\/schema\/person\/bc25ff80b4563f9c7f4bd7855df01685"},"headline":"Se aprueba nueva ley que extiende vigencia de las licencias de conducir: revisa quienes son las personas que optan por pr\u00f3rroga","datePublished":"2026-01-22T22:09:21+00:00","dateModified":"2026-01-22T22:09:24+00:00","mainEntityOfPage":{"@id":"https:\/\/diarioellabrador.cl\/index.php\/2026\/01\/22\/se-aprueba-nueva-ley-que-extiende-vigencia-de-las-licencias-de-conducir-revisa-quienes-son-las-personas-que-optan-por-prorroga\/"},"wordCount":622,"commentCount":0,"publisher":{"@id":"https:\/\/diarioellabrador.cl\/#organization"},"image":{"@id":"https:\/\/diarioellabrador.cl\/index.php\/2026\/01\/22\/se-aprueba-nueva-ley-que-extiende-vigencia-de-las-licencias-de-conducir-revisa-quienes-son-las-personas-que-optan-por-prorroga\/#primaryimage"},"thumbnailUrl":"https:\/\/diarioellabrador.cl\/wp-content\/uploads\/2026\/01\/Se-aprueba-nueva-ley-que-extiende-vigencia-de-las-licencias-de-conducir-revisa-quienes-son-las-personas-que-optan-por-prorroga.jpg","articleSection":["Cr\u00f3nica"],"inLanguage":"es","potentialAction":[{"@type":"CommentAction","name":"Comment","target":["https:\/\/diarioellabrador.cl\/index.php\/2026\/01\/22\/se-aprueba-nueva-ley-que-extiende-vigencia-de-las-licencias-de-conducir-revisa-quienes-son-las-personas-que-optan-por-prorroga\/#respond"]}]},{"@type":"WebPage","@id":"https:\/\/diarioellabrador.cl\/index.php\/2026\/01\/22\/se-aprueba-nueva-ley-que-extiende-vigencia-de-las-licencias-de-conducir-revisa-quienes-son-las-personas-que-optan-por-prorroga\/","url":"https:\/\/diarioellabrador.cl\/index.php\/2026\/01\/22\/se-aprueba-nueva-ley-que-extiende-vigencia-de-las-licencias-de-conducir-revisa-quienes-son-las-personas-que-optan-por-prorroga\/","name":"Se aprueba nueva ley que extiende vigencia de las licencias de conducir: revisa quienes son las personas que optan por pr\u00f3rroga - Diario El Labrador","isPartOf":{"@id":"https:\/\/diarioellabrador.cl\/#website"},"primaryImageOfPage":{"@id":"https:\/\/diarioellabrador.cl\/index.php\/2026\/01\/22\/se-aprueba-nueva-ley-que-extiende-vigencia-de-las-licencias-de-conducir-revisa-quienes-son-las-personas-que-optan-por-prorroga\/#primaryimage"},"image":{"@id":"https:\/\/diarioellabrador.cl\/index.php\/2026\/01\/22\/se-aprueba-nueva-ley-que-extiende-vigencia-de-las-licencias-de-conducir-revisa-quienes-son-las-personas-que-optan-por-prorroga\/#primaryimage"},"thumbnailUrl":"https:\/\/diarioellabrador.cl\/wp-content\/uploads\/2026\/01\/Se-aprueba-nueva-ley-que-extiende-vigencia-de-las-licencias-de-conducir-revisa-quienes-son-las-personas-que-optan-por-prorroga.jpg","datePublished":"2026-01-22T22:09:21+00:00","dateModified":"2026-01-22T22:09:24+00:00","breadcrumb":{"@id":"https:\/\/diarioellabrador.cl\/index.php\/2026\/01\/22\/se-aprueba-nueva-ley-que-extiende-vigencia-de-las-licencias-de-conducir-revisa-quienes-son-las-personas-que-optan-por-prorroga\/#breadcrumb"},"inLanguage":"es","potentialAction":[{"@type":"ReadAction","target":["https:\/\/diarioellabrador.cl\/index.php\/2026\/01\/22\/se-aprueba-nueva-ley-que-extiende-vigencia-de-las-licencias-de-conducir-revisa-quienes-son-las-personas-que-optan-por-prorroga\/"]}]},{"@type":"ImageObject","inLanguage":"es","@id":"https:\/\/diarioellabrador.cl\/index.php\/2026\/01\/22\/se-aprueba-nueva-ley-que-extiende-vigencia-de-las-licencias-de-conducir-revisa-quienes-son-las-personas-que-optan-por-prorroga\/#primaryimage","url":"https:\/\/diarioellabrador.cl\/wp-content\/uploads\/2026\/01\/Se-aprueba-nueva-ley-que-extiende-vigencia-de-las-licencias-de-conducir-revisa-quienes-son-las-personas-que-optan-por-prorroga.jpg","contentUrl":"https:\/\/diarioellabrador.cl\/wp-content\/uploads\/2026\/01\/Se-aprueba-nueva-ley-que-extiende-vigencia-de-las-licencias-de-conducir-revisa-quienes-son-las-personas-que-optan-por-prorroga.jpg","width":600,"height":400},{"@type":"BreadcrumbList","@id":"https:\/\/diarioellabrador.cl\/index.php\/2026\/01\/22\/se-aprueba-nueva-ley-que-extiende-vigencia-de-las-licencias-de-conducir-revisa-quienes-son-las-personas-que-optan-por-prorroga\/#breadcrumb","itemListElement":[{"@type":"ListItem","position":1,"name":"Portada","item":"https:\/\/diarioellabrador.cl\/"},{"@type":"ListItem","position":2,"name":"Se aprueba nueva ley que extiende vigencia de las licencias de conducir: revisa quienes son las personas que optan por pr\u00f3rroga"}]},{"@type":"WebSite","@id":"https:\/\/diarioellabrador.cl\/#website","url":"https:\/\/diarioellabrador.cl\/","name":"Diario El Labrador","description":"Haciendo noticia desde 1921","publisher":{"@id":"https:\/\/diarioellabrador.cl\/#organization"},"potentialAction":[{"@type":"SearchAction","target":{"@type":"EntryPoint","urlTemplate":"https:\/\/diarioellabrador.cl\/?s={search_term_string}"},"query-input":{"@type":"PropertyValueSpecification","valueRequired":true,"valueName":"search_term_string"}}],"inLanguage":"es"},{"@type":"Organization","@id":"https:\/\/diarioellabrador.cl\/#organization","name":"Diario El Labrador","url":"https:\/\/diarioellabrador.cl\/","logo":{"@type":"ImageObject","inLanguage":"es","@id":"https:\/\/diarioellabrador.cl\/#\/schema\/logo\/image\/","url":"https:\/\/diarioellabrador.cl\/wp-content\/uploads\/2025\/02\/cropped-Logo-Icono.png","contentUrl":"https:\/\/diarioellabrador.cl\/wp-content\/uploads\/2025\/02\/cropped-Logo-Icono.png","width":512,"height":512,"caption":"Diario El Labrador"},"image":{"@id":"https:\/\/diarioellabrador.cl\/#\/schema\/logo\/image\/"},"sameAs":["https:\/\/web.facebook.com\/profile.php?id=61576120840621","https:\/\/x.com\/ElLabradorOf","https:\/\/www.instagram.com\/diarioellabradoroficial\/"]},{"@type":"Person","@id":"https:\/\/diarioellabrador.cl\/#\/schema\/person\/bc25ff80b4563f9c7f4bd7855df01685","name":"Editor","image":{"@type":"ImageObject","inLanguage":"es","@id":"https:\/\/secure.gravatar.com\/avatar\/109c326cf2be5c04f048c2c2a2b8b6ef44bf3d8d1d3d4c55d0ac40c4bc994684?s=96&d=mm&r=g","url":"https:\/\/secure.gravatar.com\/avatar\/109c326cf2be5c04f048c2c2a2b8b6ef44bf3d8d1d3d4c55d0ac40c4bc994684?s=96&d=mm&r=g","contentUrl":"https:\/\/secure.gravatar.com\/avatar\/109c326cf2be5c04f048c2c2a2b8b6ef44bf3d8d1d3d4c55d0ac40c4bc994684?s=96&d=mm&r=g","caption":"Editor"},"url":"https:\/\/diarioellabrador.cl\/index.php\/author\/editor\/"}]}},"_links":{"self":[{"href":"https:\/\/diarioellabrador.cl\/index.php\/wp-json\/wp\/v2\/posts\/14211","targetHints":{"allow":["GET"]}}],"collection":[{"href":"https:\/\/diarioellabrador.cl\/index.php\/wp-json\/wp\/v2\/posts"}],"about":[{"href":"https:\/\/diarioellabrador.cl\/index.php\/wp-json\/wp\/v2\/types\/post"}],"author":[{"embeddable":true,"href":"https:\/\/diarioellabrador.cl\/index.php\/wp-json\/wp\/v2\/users\/2"}],"replies":[{"embeddable":true,"href":"https:\/\/diarioellabrador.cl\/index.php\/wp-json\/wp\/v2\/comments?post=14211"}],"version-history":[{"count":1,"href":"https:\/\/diarioellabrador.cl\/index.php\/wp-json\/wp\/v2\/posts\/14211\/revisions"}],"predecessor-version":[{"id":14212,"href":"https:\/\/diarioellabrador.cl\/index.php\/wp-json\/wp\/v2\/posts\/14211\/revisions\/14212"}],"wp:featuredmedia":[{"embeddable":true,"href":"https:\/\/diarioellabrador.cl\/index.php\/wp-json\/wp\/v2\/media\/14164"}],"wp:attachment":[{"href":"https:\/\/diarioellabrador.cl\/index.php\/wp-json\/wp\/v2\/media?parent=14211"}],"wp:term":[{"taxonomy":"category","embeddable":true,"href":"https:\/\/diarioellabrador.cl\/index.php\/wp-json\/wp\/v2\/categories?post=14211"},{"taxonomy":"post_tag","embeddable":true,"href":"https:\/\/diarioellabrador.cl\/index.php\/wp-json\/wp\/v2\/tags?post=14211"}],"curies":[{"name":"wp","href":"https:\/\/api.w.org\/{rel}","templated":true}]}}