{"id":14203,"date":"2026-01-22T18:07:02","date_gmt":"2026-01-22T22:07:02","guid":{"rendered":"https:\/\/diarioellabrador.cl\/?p=14203"},"modified":"2026-01-22T18:07:03","modified_gmt":"2026-01-22T22:07:03","slug":"iglesia-san-jose-de-melipilla-sera-centro-de-acopio-para-aportar-a-los-damnificados-en-la-region-del-biobio-y-nuble","status":"publish","type":"post","link":"https:\/\/diarioellabrador.cl\/index.php\/2026\/01\/22\/iglesia-san-jose-de-melipilla-sera-centro-de-acopio-para-aportar-a-los-damnificados-en-la-region-del-biobio-y-nuble\/","title":{"rendered":"Iglesia San Jos\u00e9 de Melipilla ser\u00e1 centro de acopio para aportar a los damnificados en la regi\u00f3n del Biob\u00edo y \u00d1uble"},"content":{"rendered":"\n<p>Por Johnny Ahumada Sep\u00falveda<\/p>\n\n\n\n<p>La Di\u00f3cesis San Jos\u00e9 de Melipilla organiza una campa\u00f1a solidaria para apoyar a las familias afectadas por los devastadores incendios en el sur de Chile en las regiones del Biob\u00edo y \u00d1uble. Se reciben donaciones de agua, pa\u00f1ales desechables y alimentos no perecibles para cubrir necesidades b\u00e1sicas de los damnificados. Recordemos que la parroquia ha sido un centro de acopio en otras cat\u00e1strofes naturales.<\/p>\n\n\n\n<p>La Di\u00f3cesis San Jos\u00e9 de Melipilla organiza una campa\u00f1a solidaria para apoyar a las familias afectadas por los devastadores incendios en el sur de Chile, como en las regiones del Biob\u00edo y \u00d1uble, que han dejado al menos 19 fallecidos y miles de damnificados.<\/p>\n\n\n\n<p>Estos esfuerzos buscan recolectar agua, pa\u00f1ales desechables y alimentos no perecibles para enviar a los hermanos del sur que, a pesar de todo esfuerzo, siguen juntos y unidos.<\/p>\n\n\n\n<p>Durante las misas habituales, la parroquia abrir\u00e1 espacios espec\u00edficos para recolectar aportes, ampliando las oportunidades para la comunidad melipillana.<\/p>\n\n\n\n<p>Los horarios base se mantienen: s\u00e1bado 24 de enero de 18:00 a 20:00 horas, domingo 25 de 09:00 a 12:00 horas. en oficina parroquial, y de lunes a s\u00e1bado de 09:30 a 13:00 horas, con martes a viernes tambi\u00e9n de 15:30 a 18:00 horas.<\/p>\n\n\n\n<p>\u00abSi tienes bienes que no necesitas, ten piedad de ellos como se puede hacer en el amor de Dios\u00bb, se\u00f1ala la parroquia, invitando a todos a unirse en esta emergencia que afecta a regiones como Biob\u00edo y \u00d1uble.<\/p>\n\n\n\n<p>Cualquier persona puede contribuir con agua embotellada, pa\u00f1ales desechables o alimentos no perecibles, materiales esenciales que salvan vidas en esta emergencia.<\/p>\n\n\n\n<p>As\u00ed que invitamos a todos a participar de este anuncio, el cual podremos ayudar a miles de personas a recuperar lo que han perdido, no se trata de dinero, sino de ponerse la mano en el coraz\u00f3n y ayudar, independiente de la pol\u00edtica o la religi\u00f3n. Este gesto solidario une a Melipilla con las v\u00edctimas de los incendios forestales que afectan al sur del pa\u00eds desde enero de 2026.<\/p>\n","protected":false},"excerpt":{"rendered":"<p>Por Johnny Ahumada Sep\u00falveda La Di\u00f3cesis San Jos\u00e9 de Melipilla organiza una campa\u00f1a solidaria para apoyar a las familias afectadas por los devastadores incendios en el sur de Chile en las regiones del Biob\u00edo y \u00d1uble. Se reciben donaciones de agua, pa\u00f1ales desechables y alimentos no perecibles para cubrir necesidades b\u00e1sicas de los damnificados. Recordemos<\/p>\n<div class=\"read-more-wrapper\"><a class=\"read-more\" href=\"https:\/\/diarioellabrador.cl\/index.php\/2026\/01\/22\/iglesia-san-jose-de-melipilla-sera-centro-de-acopio-para-aportar-a-los-damnificados-en-la-region-del-biobio-y-nuble\/\" title=\"Leer m\u00e1s\"> <span class=\"button \">Leer m\u00e1s<\/span><\/a><\/div>\n","protected":false},"author":2,"featured_media":14165,"comment_status":"open","ping_status":"open","sticky":false,"template":"","format":"standard","meta":{"footnotes":""},"categories":[1],"tags":[],"class_list":["post-14203","post","type-post","status-publish","format-standard","has-post-thumbnail","hentry","category-cronica"],"yoast_head":"<!-- This site is optimized with the Yoast SEO plugin v27.5 - https:\/\/yoast.com\/product\/yoast-seo-wordpress\/ -->\n<title>Iglesia San Jos\u00e9 de Melipilla ser\u00e1 centro de acopio para aportar a los damnificados en la regi\u00f3n del Biob\u00edo y \u00d1uble - Diario El Labrador<\/title>\n<meta name=\"robots\" content=\"index, follow, max-snippet:-1, max-image-preview:large, max-video-preview:-1\" \/>\n<link rel=\"canonical\" href=\"https:\/\/diarioellabrador.cl\/index.php\/2026\/01\/22\/iglesia-san-jose-de-melipilla-sera-centro-de-acopio-para-aportar-a-los-damnificados-en-la-region-del-biobio-y-nuble\/\" \/>\n<meta property=\"og:locale\" content=\"es_ES\" \/>\n<meta property=\"og:type\" content=\"article\" \/>\n<meta property=\"og:title\" content=\"Iglesia San Jos\u00e9 de Melipilla ser\u00e1 centro de acopio para aportar a los damnificados en la regi\u00f3n del Biob\u00edo y \u00d1uble - Diario El Labrador\" \/>\n<meta property=\"og:description\" content=\"Por Johnny Ahumada Sep\u00falveda La Di\u00f3cesis San Jos\u00e9 de Melipilla organiza una campa\u00f1a solidaria para apoyar a las familias afectadas por los devastadores incendios en el sur de Chile en las regiones del Biob\u00edo y \u00d1uble. Se reciben donaciones de agua, pa\u00f1ales desechables y alimentos no perecibles para cubrir necesidades b\u00e1sicas de los damnificados. Recordemos Leer m\u00e1s\" \/>\n<meta property=\"og:url\" content=\"https:\/\/diarioellabrador.cl\/index.php\/2026\/01\/22\/iglesia-san-jose-de-melipilla-sera-centro-de-acopio-para-aportar-a-los-damnificados-en-la-region-del-biobio-y-nuble\/\" \/>\n<meta property=\"og:site_name\" content=\"Diario El Labrador\" \/>\n<meta property=\"article:publisher\" content=\"https:\/\/web.facebook.com\/profile.php?id=61576120840621\" \/>\n<meta property=\"article:published_time\" content=\"2026-01-22T22:07:02+00:00\" \/>\n<meta property=\"article:modified_time\" content=\"2026-01-22T22:07:03+00:00\" \/>\n<meta property=\"og:image\" content=\"https:\/\/diarioellabrador.cl\/wp-content\/uploads\/2026\/01\/Iglesia-San-Jose-de-Melipilla-sera-centro-de-acopio-para-aportar-a-los-damnificados-en-la-region-del-Biobio-y-Nuble.jpg\" \/>\n\t<meta property=\"og:image:width\" content=\"1638\" \/>\n\t<meta property=\"og:image:height\" content=\"2048\" \/>\n\t<meta property=\"og:image:type\" content=\"image\/jpeg\" \/>\n<meta name=\"author\" content=\"Editor\" \/>\n<meta name=\"twitter:card\" content=\"summary_large_image\" \/>\n<meta name=\"twitter:creator\" content=\"@ElLabradorOf\" \/>\n<meta name=\"twitter:site\" content=\"@ElLabradorOf\" \/>\n<meta name=\"twitter:label1\" content=\"Escrito por\" \/>\n\t<meta name=\"twitter:data1\" content=\"Editor\" \/>\n\t<meta name=\"twitter:label2\" content=\"Tiempo de lectura\" \/>\n\t<meta name=\"twitter:data2\" content=\"2 minutos\" \/>\n<script type=\"application\/ld+json\" class=\"yoast-schema-graph\">{\"@context\":\"https:\\\/\\\/schema.org\",\"@graph\":[{\"@type\":\"Article\",\"@id\":\"https:\\\/\\\/diarioellabrador.cl\\\/index.php\\\/2026\\\/01\\\/22\\\/iglesia-san-jose-de-melipilla-sera-centro-de-acopio-para-aportar-a-los-damnificados-en-la-region-del-biobio-y-nuble\\\/#article\",\"isPartOf\":{\"@id\":\"https:\\\/\\\/diarioellabrador.cl\\\/index.php\\\/2026\\\/01\\\/22\\\/iglesia-san-jose-de-melipilla-sera-centro-de-acopio-para-aportar-a-los-damnificados-en-la-region-del-biobio-y-nuble\\\/\"},\"author\":{\"name\":\"Editor\",\"@id\":\"https:\\\/\\\/diarioellabrador.cl\\\/#\\\/schema\\\/person\\\/bc25ff80b4563f9c7f4bd7855df01685\"},\"headline\":\"Iglesia San Jos\u00e9 de Melipilla ser\u00e1 centro de acopio para aportar a los damnificados en la regi\u00f3n del Biob\u00edo y \u00d1uble\",\"datePublished\":\"2026-01-22T22:07:02+00:00\",\"dateModified\":\"2026-01-22T22:07:03+00:00\",\"mainEntityOfPage\":{\"@id\":\"https:\\\/\\\/diarioellabrador.cl\\\/index.php\\\/2026\\\/01\\\/22\\\/iglesia-san-jose-de-melipilla-sera-centro-de-acopio-para-aportar-a-los-damnificados-en-la-region-del-biobio-y-nuble\\\/\"},\"wordCount\":365,\"commentCount\":0,\"publisher\":{\"@id\":\"https:\\\/\\\/diarioellabrador.cl\\\/#organization\"},\"image\":{\"@id\":\"https:\\\/\\\/diarioellabrador.cl\\\/index.php\\\/2026\\\/01\\\/22\\\/iglesia-san-jose-de-melipilla-sera-centro-de-acopio-para-aportar-a-los-damnificados-en-la-region-del-biobio-y-nuble\\\/#primaryimage\"},\"thumbnailUrl\":\"https:\\\/\\\/diarioellabrador.cl\\\/wp-content\\\/uploads\\\/2026\\\/01\\\/Iglesia-San-Jose-de-Melipilla-sera-centro-de-acopio-para-aportar-a-los-damnificados-en-la-region-del-Biobio-y-Nuble.jpg\",\"articleSection\":[\"Cr\u00f3nica\"],\"inLanguage\":\"es\",\"potentialAction\":[{\"@type\":\"CommentAction\",\"name\":\"Comment\",\"target\":[\"https:\\\/\\\/diarioellabrador.cl\\\/index.php\\\/2026\\\/01\\\/22\\\/iglesia-san-jose-de-melipilla-sera-centro-de-acopio-para-aportar-a-los-damnificados-en-la-region-del-biobio-y-nuble\\\/#respond\"]}]},{\"@type\":\"WebPage\",\"@id\":\"https:\\\/\\\/diarioellabrador.cl\\\/index.php\\\/2026\\\/01\\\/22\\\/iglesia-san-jose-de-melipilla-sera-centro-de-acopio-para-aportar-a-los-damnificados-en-la-region-del-biobio-y-nuble\\\/\",\"url\":\"https:\\\/\\\/diarioellabrador.cl\\\/index.php\\\/2026\\\/01\\\/22\\\/iglesia-san-jose-de-melipilla-sera-centro-de-acopio-para-aportar-a-los-damnificados-en-la-region-del-biobio-y-nuble\\\/\",\"name\":\"Iglesia San Jos\u00e9 de Melipilla ser\u00e1 centro de acopio para aportar a los damnificados en la regi\u00f3n del Biob\u00edo y \u00d1uble - Diario El Labrador\",\"isPartOf\":{\"@id\":\"https:\\\/\\\/diarioellabrador.cl\\\/#website\"},\"primaryImageOfPage\":{\"@id\":\"https:\\\/\\\/diarioellabrador.cl\\\/index.php\\\/2026\\\/01\\\/22\\\/iglesia-san-jose-de-melipilla-sera-centro-de-acopio-para-aportar-a-los-damnificados-en-la-region-del-biobio-y-nuble\\\/#primaryimage\"},\"image\":{\"@id\":\"https:\\\/\\\/diarioellabrador.cl\\\/index.php\\\/2026\\\/01\\\/22\\\/iglesia-san-jose-de-melipilla-sera-centro-de-acopio-para-aportar-a-los-damnificados-en-la-region-del-biobio-y-nuble\\\/#primaryimage\"},\"thumbnailUrl\":\"https:\\\/\\\/diarioellabrador.cl\\\/wp-content\\\/uploads\\\/2026\\\/01\\\/Iglesia-San-Jose-de-Melipilla-sera-centro-de-acopio-para-aportar-a-los-damnificados-en-la-region-del-Biobio-y-Nuble.jpg\",\"datePublished\":\"2026-01-22T22:07:02+00:00\",\"dateModified\":\"2026-01-22T22:07:03+00:00\",\"breadcrumb\":{\"@id\":\"https:\\\/\\\/diarioellabrador.cl\\\/index.php\\\/2026\\\/01\\\/22\\\/iglesia-san-jose-de-melipilla-sera-centro-de-acopio-para-aportar-a-los-damnificados-en-la-region-del-biobio-y-nuble\\\/#breadcrumb\"},\"inLanguage\":\"es\",\"potentialAction\":[{\"@type\":\"ReadAction\",\"target\":[\"https:\\\/\\\/diarioellabrador.cl\\\/index.php\\\/2026\\\/01\\\/22\\\/iglesia-san-jose-de-melipilla-sera-centro-de-acopio-para-aportar-a-los-damnificados-en-la-region-del-biobio-y-nuble\\\/\"]}]},{\"@type\":\"ImageObject\",\"inLanguage\":\"es\",\"@id\":\"https:\\\/\\\/diarioellabrador.cl\\\/index.php\\\/2026\\\/01\\\/22\\\/iglesia-san-jose-de-melipilla-sera-centro-de-acopio-para-aportar-a-los-damnificados-en-la-region-del-biobio-y-nuble\\\/#primaryimage\",\"url\":\"https:\\\/\\\/diarioellabrador.cl\\\/wp-content\\\/uploads\\\/2026\\\/01\\\/Iglesia-San-Jose-de-Melipilla-sera-centro-de-acopio-para-aportar-a-los-damnificados-en-la-region-del-Biobio-y-Nuble.jpg\",\"contentUrl\":\"https:\\\/\\\/diarioellabrador.cl\\\/wp-content\\\/uploads\\\/2026\\\/01\\\/Iglesia-San-Jose-de-Melipilla-sera-centro-de-acopio-para-aportar-a-los-damnificados-en-la-region-del-Biobio-y-Nuble.jpg\",\"width\":1638,\"height\":2048},{\"@type\":\"BreadcrumbList\",\"@id\":\"https:\\\/\\\/diarioellabrador.cl\\\/index.php\\\/2026\\\/01\\\/22\\\/iglesia-san-jose-de-melipilla-sera-centro-de-acopio-para-aportar-a-los-damnificados-en-la-region-del-biobio-y-nuble\\\/#breadcrumb\",\"itemListElement\":[{\"@type\":\"ListItem\",\"position\":1,\"name\":\"Portada\",\"item\":\"https:\\\/\\\/diarioellabrador.cl\\\/\"},{\"@type\":\"ListItem\",\"position\":2,\"name\":\"Iglesia San Jos\u00e9 de Melipilla ser\u00e1 centro de acopio para aportar a los damnificados en la regi\u00f3n del Biob\u00edo y \u00d1uble\"}]},{\"@type\":\"WebSite\",\"@id\":\"https:\\\/\\\/diarioellabrador.cl\\\/#website\",\"url\":\"https:\\\/\\\/diarioellabrador.cl\\\/\",\"name\":\"Diario El Labrador\",\"description\":\"Haciendo noticia desde 1921\",\"publisher\":{\"@id\":\"https:\\\/\\\/diarioellabrador.cl\\\/#organization\"},\"potentialAction\":[{\"@type\":\"SearchAction\",\"target\":{\"@type\":\"EntryPoint\",\"urlTemplate\":\"https:\\\/\\\/diarioellabrador.cl\\\/?s={search_term_string}\"},\"query-input\":{\"@type\":\"PropertyValueSpecification\",\"valueRequired\":true,\"valueName\":\"search_term_string\"}}],\"inLanguage\":\"es\"},{\"@type\":\"Organization\",\"@id\":\"https:\\\/\\\/diarioellabrador.cl\\\/#organization\",\"name\":\"Diario El Labrador\",\"url\":\"https:\\\/\\\/diarioellabrador.cl\\\/\",\"logo\":{\"@type\":\"ImageObject\",\"inLanguage\":\"es\",\"@id\":\"https:\\\/\\\/diarioellabrador.cl\\\/#\\\/schema\\\/logo\\\/image\\\/\",\"url\":\"https:\\\/\\\/diarioellabrador.cl\\\/wp-content\\\/uploads\\\/2025\\\/02\\\/cropped-Logo-Icono.png\",\"contentUrl\":\"https:\\\/\\\/diarioellabrador.cl\\\/wp-content\\\/uploads\\\/2025\\\/02\\\/cropped-Logo-Icono.png\",\"width\":512,\"height\":512,\"caption\":\"Diario El Labrador\"},\"image\":{\"@id\":\"https:\\\/\\\/diarioellabrador.cl\\\/#\\\/schema\\\/logo\\\/image\\\/\"},\"sameAs\":[\"https:\\\/\\\/web.facebook.com\\\/profile.php?id=61576120840621\",\"https:\\\/\\\/x.com\\\/ElLabradorOf\",\"https:\\\/\\\/www.instagram.com\\\/diarioellabradoroficial\\\/\"]},{\"@type\":\"Person\",\"@id\":\"https:\\\/\\\/diarioellabrador.cl\\\/#\\\/schema\\\/person\\\/bc25ff80b4563f9c7f4bd7855df01685\",\"name\":\"Editor\",\"image\":{\"@type\":\"ImageObject\",\"inLanguage\":\"es\",\"@id\":\"https:\\\/\\\/secure.gravatar.com\\\/avatar\\\/109c326cf2be5c04f048c2c2a2b8b6ef44bf3d8d1d3d4c55d0ac40c4bc994684?s=96&d=mm&r=g\",\"url\":\"https:\\\/\\\/secure.gravatar.com\\\/avatar\\\/109c326cf2be5c04f048c2c2a2b8b6ef44bf3d8d1d3d4c55d0ac40c4bc994684?s=96&d=mm&r=g\",\"contentUrl\":\"https:\\\/\\\/secure.gravatar.com\\\/avatar\\\/109c326cf2be5c04f048c2c2a2b8b6ef44bf3d8d1d3d4c55d0ac40c4bc994684?s=96&d=mm&r=g\",\"caption\":\"Editor\"},\"url\":\"https:\\\/\\\/diarioellabrador.cl\\\/index.php\\\/author\\\/editor\\\/\"}]}<\/script>\n<!-- \/ Yoast SEO plugin. -->","yoast_head_json":{"title":"Iglesia San Jos\u00e9 de Melipilla ser\u00e1 centro de acopio para aportar a los damnificados en la regi\u00f3n del Biob\u00edo y \u00d1uble - Diario El Labrador","robots":{"index":"index","follow":"follow","max-snippet":"max-snippet:-1","max-image-preview":"max-image-preview:large","max-video-preview":"max-video-preview:-1"},"canonical":"https:\/\/diarioellabrador.cl\/index.php\/2026\/01\/22\/iglesia-san-jose-de-melipilla-sera-centro-de-acopio-para-aportar-a-los-damnificados-en-la-region-del-biobio-y-nuble\/","og_locale":"es_ES","og_type":"article","og_title":"Iglesia San Jos\u00e9 de Melipilla ser\u00e1 centro de acopio para aportar a los damnificados en la regi\u00f3n del Biob\u00edo y \u00d1uble - Diario El Labrador","og_description":"Por Johnny Ahumada Sep\u00falveda La Di\u00f3cesis San Jos\u00e9 de Melipilla organiza una campa\u00f1a solidaria para apoyar a las familias afectadas por los devastadores incendios en el sur de Chile en las regiones del Biob\u00edo y \u00d1uble. Se reciben donaciones de agua, pa\u00f1ales desechables y alimentos no perecibles para cubrir necesidades b\u00e1sicas de los damnificados. Recordemos Leer m\u00e1s","og_url":"https:\/\/diarioellabrador.cl\/index.php\/2026\/01\/22\/iglesia-san-jose-de-melipilla-sera-centro-de-acopio-para-aportar-a-los-damnificados-en-la-region-del-biobio-y-nuble\/","og_site_name":"Diario El Labrador","article_publisher":"https:\/\/web.facebook.com\/profile.php?id=61576120840621","article_published_time":"2026-01-22T22:07:02+00:00","article_modified_time":"2026-01-22T22:07:03+00:00","og_image":[{"width":1638,"height":2048,"url":"https:\/\/diarioellabrador.cl\/wp-content\/uploads\/2026\/01\/Iglesia-San-Jose-de-Melipilla-sera-centro-de-acopio-para-aportar-a-los-damnificados-en-la-region-del-Biobio-y-Nuble.jpg","type":"image\/jpeg"}],"author":"Editor","twitter_card":"summary_large_image","twitter_creator":"@ElLabradorOf","twitter_site":"@ElLabradorOf","twitter_misc":{"Escrito por":"Editor","Tiempo de lectura":"2 minutos"},"schema":{"@context":"https:\/\/schema.org","@graph":[{"@type":"Article","@id":"https:\/\/diarioellabrador.cl\/index.php\/2026\/01\/22\/iglesia-san-jose-de-melipilla-sera-centro-de-acopio-para-aportar-a-los-damnificados-en-la-region-del-biobio-y-nuble\/#article","isPartOf":{"@id":"https:\/\/diarioellabrador.cl\/index.php\/2026\/01\/22\/iglesia-san-jose-de-melipilla-sera-centro-de-acopio-para-aportar-a-los-damnificados-en-la-region-del-biobio-y-nuble\/"},"author":{"name":"Editor","@id":"https:\/\/diarioellabrador.cl\/#\/schema\/person\/bc25ff80b4563f9c7f4bd7855df01685"},"headline":"Iglesia San Jos\u00e9 de Melipilla ser\u00e1 centro de acopio para aportar a los damnificados en la regi\u00f3n del Biob\u00edo y \u00d1uble","datePublished":"2026-01-22T22:07:02+00:00","dateModified":"2026-01-22T22:07:03+00:00","mainEntityOfPage":{"@id":"https:\/\/diarioellabrador.cl\/index.php\/2026\/01\/22\/iglesia-san-jose-de-melipilla-sera-centro-de-acopio-para-aportar-a-los-damnificados-en-la-region-del-biobio-y-nuble\/"},"wordCount":365,"commentCount":0,"publisher":{"@id":"https:\/\/diarioellabrador.cl\/#organization"},"image":{"@id":"https:\/\/diarioellabrador.cl\/index.php\/2026\/01\/22\/iglesia-san-jose-de-melipilla-sera-centro-de-acopio-para-aportar-a-los-damnificados-en-la-region-del-biobio-y-nuble\/#primaryimage"},"thumbnailUrl":"https:\/\/diarioellabrador.cl\/wp-content\/uploads\/2026\/01\/Iglesia-San-Jose-de-Melipilla-sera-centro-de-acopio-para-aportar-a-los-damnificados-en-la-region-del-Biobio-y-Nuble.jpg","articleSection":["Cr\u00f3nica"],"inLanguage":"es","potentialAction":[{"@type":"CommentAction","name":"Comment","target":["https:\/\/diarioellabrador.cl\/index.php\/2026\/01\/22\/iglesia-san-jose-de-melipilla-sera-centro-de-acopio-para-aportar-a-los-damnificados-en-la-region-del-biobio-y-nuble\/#respond"]}]},{"@type":"WebPage","@id":"https:\/\/diarioellabrador.cl\/index.php\/2026\/01\/22\/iglesia-san-jose-de-melipilla-sera-centro-de-acopio-para-aportar-a-los-damnificados-en-la-region-del-biobio-y-nuble\/","url":"https:\/\/diarioellabrador.cl\/index.php\/2026\/01\/22\/iglesia-san-jose-de-melipilla-sera-centro-de-acopio-para-aportar-a-los-damnificados-en-la-region-del-biobio-y-nuble\/","name":"Iglesia San Jos\u00e9 de Melipilla ser\u00e1 centro de acopio para aportar a los damnificados en la regi\u00f3n del Biob\u00edo y \u00d1uble - Diario El Labrador","isPartOf":{"@id":"https:\/\/diarioellabrador.cl\/#website"},"primaryImageOfPage":{"@id":"https:\/\/diarioellabrador.cl\/index.php\/2026\/01\/22\/iglesia-san-jose-de-melipilla-sera-centro-de-acopio-para-aportar-a-los-damnificados-en-la-region-del-biobio-y-nuble\/#primaryimage"},"image":{"@id":"https:\/\/diarioellabrador.cl\/index.php\/2026\/01\/22\/iglesia-san-jose-de-melipilla-sera-centro-de-acopio-para-aportar-a-los-damnificados-en-la-region-del-biobio-y-nuble\/#primaryimage"},"thumbnailUrl":"https:\/\/diarioellabrador.cl\/wp-content\/uploads\/2026\/01\/Iglesia-San-Jose-de-Melipilla-sera-centro-de-acopio-para-aportar-a-los-damnificados-en-la-region-del-Biobio-y-Nuble.jpg","datePublished":"2026-01-22T22:07:02+00:00","dateModified":"2026-01-22T22:07:03+00:00","breadcrumb":{"@id":"https:\/\/diarioellabrador.cl\/index.php\/2026\/01\/22\/iglesia-san-jose-de-melipilla-sera-centro-de-acopio-para-aportar-a-los-damnificados-en-la-region-del-biobio-y-nuble\/#breadcrumb"},"inLanguage":"es","potentialAction":[{"@type":"ReadAction","target":["https:\/\/diarioellabrador.cl\/index.php\/2026\/01\/22\/iglesia-san-jose-de-melipilla-sera-centro-de-acopio-para-aportar-a-los-damnificados-en-la-region-del-biobio-y-nuble\/"]}]},{"@type":"ImageObject","inLanguage":"es","@id":"https:\/\/diarioellabrador.cl\/index.php\/2026\/01\/22\/iglesia-san-jose-de-melipilla-sera-centro-de-acopio-para-aportar-a-los-damnificados-en-la-region-del-biobio-y-nuble\/#primaryimage","url":"https:\/\/diarioellabrador.cl\/wp-content\/uploads\/2026\/01\/Iglesia-San-Jose-de-Melipilla-sera-centro-de-acopio-para-aportar-a-los-damnificados-en-la-region-del-Biobio-y-Nuble.jpg","contentUrl":"https:\/\/diarioellabrador.cl\/wp-content\/uploads\/2026\/01\/Iglesia-San-Jose-de-Melipilla-sera-centro-de-acopio-para-aportar-a-los-damnificados-en-la-region-del-Biobio-y-Nuble.jpg","width":1638,"height":2048},{"@type":"BreadcrumbList","@id":"https:\/\/diarioellabrador.cl\/index.php\/2026\/01\/22\/iglesia-san-jose-de-melipilla-sera-centro-de-acopio-para-aportar-a-los-damnificados-en-la-region-del-biobio-y-nuble\/#breadcrumb","itemListElement":[{"@type":"ListItem","position":1,"name":"Portada","item":"https:\/\/diarioellabrador.cl\/"},{"@type":"ListItem","position":2,"name":"Iglesia San Jos\u00e9 de Melipilla ser\u00e1 centro de acopio para aportar a los damnificados en la regi\u00f3n del Biob\u00edo y \u00d1uble"}]},{"@type":"WebSite","@id":"https:\/\/diarioellabrador.cl\/#website","url":"https:\/\/diarioellabrador.cl\/","name":"Diario El Labrador","description":"Haciendo noticia desde 1921","publisher":{"@id":"https:\/\/diarioellabrador.cl\/#organization"},"potentialAction":[{"@type":"SearchAction","target":{"@type":"EntryPoint","urlTemplate":"https:\/\/diarioellabrador.cl\/?s={search_term_string}"},"query-input":{"@type":"PropertyValueSpecification","valueRequired":true,"valueName":"search_term_string"}}],"inLanguage":"es"},{"@type":"Organization","@id":"https:\/\/diarioellabrador.cl\/#organization","name":"Diario El Labrador","url":"https:\/\/diarioellabrador.cl\/","logo":{"@type":"ImageObject","inLanguage":"es","@id":"https:\/\/diarioellabrador.cl\/#\/schema\/logo\/image\/","url":"https:\/\/diarioellabrador.cl\/wp-content\/uploads\/2025\/02\/cropped-Logo-Icono.png","contentUrl":"https:\/\/diarioellabrador.cl\/wp-content\/uploads\/2025\/02\/cropped-Logo-Icono.png","width":512,"height":512,"caption":"Diario El Labrador"},"image":{"@id":"https:\/\/diarioellabrador.cl\/#\/schema\/logo\/image\/"},"sameAs":["https:\/\/web.facebook.com\/profile.php?id=61576120840621","https:\/\/x.com\/ElLabradorOf","https:\/\/www.instagram.com\/diarioellabradoroficial\/"]},{"@type":"Person","@id":"https:\/\/diarioellabrador.cl\/#\/schema\/person\/bc25ff80b4563f9c7f4bd7855df01685","name":"Editor","image":{"@type":"ImageObject","inLanguage":"es","@id":"https:\/\/secure.gravatar.com\/avatar\/109c326cf2be5c04f048c2c2a2b8b6ef44bf3d8d1d3d4c55d0ac40c4bc994684?s=96&d=mm&r=g","url":"https:\/\/secure.gravatar.com\/avatar\/109c326cf2be5c04f048c2c2a2b8b6ef44bf3d8d1d3d4c55d0ac40c4bc994684?s=96&d=mm&r=g","contentUrl":"https:\/\/secure.gravatar.com\/avatar\/109c326cf2be5c04f048c2c2a2b8b6ef44bf3d8d1d3d4c55d0ac40c4bc994684?s=96&d=mm&r=g","caption":"Editor"},"url":"https:\/\/diarioellabrador.cl\/index.php\/author\/editor\/"}]}},"_links":{"self":[{"href":"https:\/\/diarioellabrador.cl\/index.php\/wp-json\/wp\/v2\/posts\/14203","targetHints":{"allow":["GET"]}}],"collection":[{"href":"https:\/\/diarioellabrador.cl\/index.php\/wp-json\/wp\/v2\/posts"}],"about":[{"href":"https:\/\/diarioellabrador.cl\/index.php\/wp-json\/wp\/v2\/types\/post"}],"author":[{"embeddable":true,"href":"https:\/\/diarioellabrador.cl\/index.php\/wp-json\/wp\/v2\/users\/2"}],"replies":[{"embeddable":true,"href":"https:\/\/diarioellabrador.cl\/index.php\/wp-json\/wp\/v2\/comments?post=14203"}],"version-history":[{"count":1,"href":"https:\/\/diarioellabrador.cl\/index.php\/wp-json\/wp\/v2\/posts\/14203\/revisions"}],"predecessor-version":[{"id":14204,"href":"https:\/\/diarioellabrador.cl\/index.php\/wp-json\/wp\/v2\/posts\/14203\/revisions\/14204"}],"wp:featuredmedia":[{"embeddable":true,"href":"https:\/\/diarioellabrador.cl\/index.php\/wp-json\/wp\/v2\/media\/14165"}],"wp:attachment":[{"href":"https:\/\/diarioellabrador.cl\/index.php\/wp-json\/wp\/v2\/media?parent=14203"}],"wp:term":[{"taxonomy":"category","embeddable":true,"href":"https:\/\/diarioellabrador.cl\/index.php\/wp-json\/wp\/v2\/categories?post=14203"},{"taxonomy":"post_tag","embeddable":true,"href":"https:\/\/diarioellabrador.cl\/index.php\/wp-json\/wp\/v2\/tags?post=14203"}],"curies":[{"name":"wp","href":"https:\/\/api.w.org\/{rel}","templated":true}]}}