{"id":14201,"date":"2026-01-22T18:05:55","date_gmt":"2026-01-22T22:05:55","guid":{"rendered":"https:\/\/diarioellabrador.cl\/?p=14201"},"modified":"2026-01-22T18:05:57","modified_gmt":"2026-01-22T22:05:57","slug":"oportuno-aviso-a-carabineros-permitio-detener-a-dos-sujetos-que-perpetraban-robo-a-local-comercial","status":"publish","type":"post","link":"https:\/\/diarioellabrador.cl\/index.php\/2026\/01\/22\/oportuno-aviso-a-carabineros-permitio-detener-a-dos-sujetos-que-perpetraban-robo-a-local-comercial\/","title":{"rendered":"Oportuno aviso a carabineros permiti\u00f3 detener a dos sujetos que perpetraban robo a local comercial"},"content":{"rendered":"\n<p>Pasadas las 4 de la madrugada de ayer jueves, personal de carabineros de la 24\u00aa Comisar\u00eda de Melipilla efectuaba patrullajes preventivos cuando en Libertad con Veteranos del 79 una persona les indic\u00f3 que desconocidos intentaban abrir local comercial en Merced al llegar a Puyehue.<\/p>\n\n\n\n<p>Los uniformados al llegar al lugar se percataron de la presencia de dos sujetos que r\u00e1pidamente huyeron en diferentes direcciones donde la cortina del recinto mostraba claros signos de haber sido forzada con sus candados cortados y a pocos metros encontraron un napole\u00f3n.<\/p>\n\n\n\n<p>Se tom\u00f3 contacto con el propietario del local comercial quien facilit\u00f3 las c\u00e1maras de seguridad donde se logra apreciar que minutos antes los dos detenidos se encontraban cortando los candados con la finalidad de ingresar a robar.<\/p>\n\n\n\n<p>Los detenidos fueron identificados con las iniciales D.R.M. de 31 a\u00f1os y H.R.Q. de 43 a\u00f1os, ambos de nacionalidad chilena y fueron puestos a disposici\u00f3n de la justicia por el delito de robo en lugar no habitado en calidad de frustrado.<\/p>\n","protected":false},"excerpt":{"rendered":"<p>Pasadas las 4 de la madrugada de ayer jueves, personal de carabineros de la 24\u00aa Comisar\u00eda de Melipilla efectuaba patrullajes preventivos cuando en Libertad con Veteranos del 79 una persona les indic\u00f3 que desconocidos intentaban abrir local comercial en Merced al llegar a Puyehue. Los uniformados al llegar al lugar se percataron de la presencia<\/p>\n<div class=\"read-more-wrapper\"><a class=\"read-more\" href=\"https:\/\/diarioellabrador.cl\/index.php\/2026\/01\/22\/oportuno-aviso-a-carabineros-permitio-detener-a-dos-sujetos-que-perpetraban-robo-a-local-comercial\/\" title=\"Leer m\u00e1s\"> <span class=\"button \">Leer m\u00e1s<\/span><\/a><\/div>\n","protected":false},"author":2,"featured_media":14175,"comment_status":"open","ping_status":"open","sticky":false,"template":"","format":"standard","meta":{"footnotes":""},"categories":[3],"tags":[],"class_list":["post-14201","post","type-post","status-publish","format-standard","has-post-thumbnail","hentry","category-policial"],"yoast_head":"<!-- This site is optimized with the Yoast SEO plugin v27.5 - https:\/\/yoast.com\/product\/yoast-seo-wordpress\/ -->\n<title>Oportuno aviso a carabineros permiti\u00f3 detener a dos sujetos que perpetraban robo a local comercial - Diario El Labrador<\/title>\n<meta name=\"robots\" content=\"index, follow, max-snippet:-1, max-image-preview:large, max-video-preview:-1\" \/>\n<link rel=\"canonical\" href=\"https:\/\/diarioellabrador.cl\/index.php\/2026\/01\/22\/oportuno-aviso-a-carabineros-permitio-detener-a-dos-sujetos-que-perpetraban-robo-a-local-comercial\/\" \/>\n<meta property=\"og:locale\" content=\"es_ES\" \/>\n<meta property=\"og:type\" content=\"article\" \/>\n<meta property=\"og:title\" content=\"Oportuno aviso a carabineros permiti\u00f3 detener a dos sujetos que perpetraban robo a local comercial - Diario El Labrador\" \/>\n<meta property=\"og:description\" content=\"Pasadas las 4 de la madrugada de ayer jueves, personal de carabineros de la 24\u00aa Comisar\u00eda de Melipilla efectuaba patrullajes preventivos cuando en Libertad con Veteranos del 79 una persona les indic\u00f3 que desconocidos intentaban abrir local comercial en Merced al llegar a Puyehue. Los uniformados al llegar al lugar se percataron de la presencia Leer m\u00e1s\" \/>\n<meta property=\"og:url\" content=\"https:\/\/diarioellabrador.cl\/index.php\/2026\/01\/22\/oportuno-aviso-a-carabineros-permitio-detener-a-dos-sujetos-que-perpetraban-robo-a-local-comercial\/\" \/>\n<meta property=\"og:site_name\" content=\"Diario El Labrador\" \/>\n<meta property=\"article:publisher\" content=\"https:\/\/web.facebook.com\/profile.php?id=61576120840621\" \/>\n<meta property=\"article:published_time\" content=\"2026-01-22T22:05:55+00:00\" \/>\n<meta property=\"article:modified_time\" content=\"2026-01-22T22:05:57+00:00\" \/>\n<meta property=\"og:image\" content=\"https:\/\/diarioellabrador.cl\/wp-content\/uploads\/2026\/01\/Oportuno-aviso-a-carabineros-permitio-detener-a-dos-sujetos-que-perpetraban-robo-a-local-comercial.jpg\" \/>\n\t<meta property=\"og:image:width\" content=\"710\" \/>\n\t<meta property=\"og:image:height\" content=\"399\" \/>\n\t<meta property=\"og:image:type\" content=\"image\/jpeg\" \/>\n<meta name=\"author\" content=\"Editor\" \/>\n<meta name=\"twitter:card\" content=\"summary_large_image\" \/>\n<meta name=\"twitter:creator\" content=\"@ElLabradorOf\" \/>\n<meta name=\"twitter:site\" content=\"@ElLabradorOf\" \/>\n<meta name=\"twitter:label1\" content=\"Escrito por\" \/>\n\t<meta name=\"twitter:data1\" content=\"Editor\" \/>\n\t<meta name=\"twitter:label2\" content=\"Tiempo de lectura\" \/>\n\t<meta name=\"twitter:data2\" content=\"1 minuto\" \/>\n<script type=\"application\/ld+json\" class=\"yoast-schema-graph\">{\"@context\":\"https:\\\/\\\/schema.org\",\"@graph\":[{\"@type\":\"Article\",\"@id\":\"https:\\\/\\\/diarioellabrador.cl\\\/index.php\\\/2026\\\/01\\\/22\\\/oportuno-aviso-a-carabineros-permitio-detener-a-dos-sujetos-que-perpetraban-robo-a-local-comercial\\\/#article\",\"isPartOf\":{\"@id\":\"https:\\\/\\\/diarioellabrador.cl\\\/index.php\\\/2026\\\/01\\\/22\\\/oportuno-aviso-a-carabineros-permitio-detener-a-dos-sujetos-que-perpetraban-robo-a-local-comercial\\\/\"},\"author\":{\"name\":\"Editor\",\"@id\":\"https:\\\/\\\/diarioellabrador.cl\\\/#\\\/schema\\\/person\\\/bc25ff80b4563f9c7f4bd7855df01685\"},\"headline\":\"Oportuno aviso a carabineros permiti\u00f3 detener a dos sujetos que perpetraban robo a local comercial\",\"datePublished\":\"2026-01-22T22:05:55+00:00\",\"dateModified\":\"2026-01-22T22:05:57+00:00\",\"mainEntityOfPage\":{\"@id\":\"https:\\\/\\\/diarioellabrador.cl\\\/index.php\\\/2026\\\/01\\\/22\\\/oportuno-aviso-a-carabineros-permitio-detener-a-dos-sujetos-que-perpetraban-robo-a-local-comercial\\\/\"},\"wordCount\":186,\"commentCount\":0,\"publisher\":{\"@id\":\"https:\\\/\\\/diarioellabrador.cl\\\/#organization\"},\"image\":{\"@id\":\"https:\\\/\\\/diarioellabrador.cl\\\/index.php\\\/2026\\\/01\\\/22\\\/oportuno-aviso-a-carabineros-permitio-detener-a-dos-sujetos-que-perpetraban-robo-a-local-comercial\\\/#primaryimage\"},\"thumbnailUrl\":\"https:\\\/\\\/diarioellabrador.cl\\\/wp-content\\\/uploads\\\/2026\\\/01\\\/Oportuno-aviso-a-carabineros-permitio-detener-a-dos-sujetos-que-perpetraban-robo-a-local-comercial.jpg\",\"articleSection\":[\"Policial\"],\"inLanguage\":\"es\",\"potentialAction\":[{\"@type\":\"CommentAction\",\"name\":\"Comment\",\"target\":[\"https:\\\/\\\/diarioellabrador.cl\\\/index.php\\\/2026\\\/01\\\/22\\\/oportuno-aviso-a-carabineros-permitio-detener-a-dos-sujetos-que-perpetraban-robo-a-local-comercial\\\/#respond\"]}]},{\"@type\":\"WebPage\",\"@id\":\"https:\\\/\\\/diarioellabrador.cl\\\/index.php\\\/2026\\\/01\\\/22\\\/oportuno-aviso-a-carabineros-permitio-detener-a-dos-sujetos-que-perpetraban-robo-a-local-comercial\\\/\",\"url\":\"https:\\\/\\\/diarioellabrador.cl\\\/index.php\\\/2026\\\/01\\\/22\\\/oportuno-aviso-a-carabineros-permitio-detener-a-dos-sujetos-que-perpetraban-robo-a-local-comercial\\\/\",\"name\":\"Oportuno aviso a carabineros permiti\u00f3 detener a dos sujetos que perpetraban robo a local comercial - Diario El Labrador\",\"isPartOf\":{\"@id\":\"https:\\\/\\\/diarioellabrador.cl\\\/#website\"},\"primaryImageOfPage\":{\"@id\":\"https:\\\/\\\/diarioellabrador.cl\\\/index.php\\\/2026\\\/01\\\/22\\\/oportuno-aviso-a-carabineros-permitio-detener-a-dos-sujetos-que-perpetraban-robo-a-local-comercial\\\/#primaryimage\"},\"image\":{\"@id\":\"https:\\\/\\\/diarioellabrador.cl\\\/index.php\\\/2026\\\/01\\\/22\\\/oportuno-aviso-a-carabineros-permitio-detener-a-dos-sujetos-que-perpetraban-robo-a-local-comercial\\\/#primaryimage\"},\"thumbnailUrl\":\"https:\\\/\\\/diarioellabrador.cl\\\/wp-content\\\/uploads\\\/2026\\\/01\\\/Oportuno-aviso-a-carabineros-permitio-detener-a-dos-sujetos-que-perpetraban-robo-a-local-comercial.jpg\",\"datePublished\":\"2026-01-22T22:05:55+00:00\",\"dateModified\":\"2026-01-22T22:05:57+00:00\",\"breadcrumb\":{\"@id\":\"https:\\\/\\\/diarioellabrador.cl\\\/index.php\\\/2026\\\/01\\\/22\\\/oportuno-aviso-a-carabineros-permitio-detener-a-dos-sujetos-que-perpetraban-robo-a-local-comercial\\\/#breadcrumb\"},\"inLanguage\":\"es\",\"potentialAction\":[{\"@type\":\"ReadAction\",\"target\":[\"https:\\\/\\\/diarioellabrador.cl\\\/index.php\\\/2026\\\/01\\\/22\\\/oportuno-aviso-a-carabineros-permitio-detener-a-dos-sujetos-que-perpetraban-robo-a-local-comercial\\\/\"]}]},{\"@type\":\"ImageObject\",\"inLanguage\":\"es\",\"@id\":\"https:\\\/\\\/diarioellabrador.cl\\\/index.php\\\/2026\\\/01\\\/22\\\/oportuno-aviso-a-carabineros-permitio-detener-a-dos-sujetos-que-perpetraban-robo-a-local-comercial\\\/#primaryimage\",\"url\":\"https:\\\/\\\/diarioellabrador.cl\\\/wp-content\\\/uploads\\\/2026\\\/01\\\/Oportuno-aviso-a-carabineros-permitio-detener-a-dos-sujetos-que-perpetraban-robo-a-local-comercial.jpg\",\"contentUrl\":\"https:\\\/\\\/diarioellabrador.cl\\\/wp-content\\\/uploads\\\/2026\\\/01\\\/Oportuno-aviso-a-carabineros-permitio-detener-a-dos-sujetos-que-perpetraban-robo-a-local-comercial.jpg\",\"width\":710,\"height\":399},{\"@type\":\"BreadcrumbList\",\"@id\":\"https:\\\/\\\/diarioellabrador.cl\\\/index.php\\\/2026\\\/01\\\/22\\\/oportuno-aviso-a-carabineros-permitio-detener-a-dos-sujetos-que-perpetraban-robo-a-local-comercial\\\/#breadcrumb\",\"itemListElement\":[{\"@type\":\"ListItem\",\"position\":1,\"name\":\"Portada\",\"item\":\"https:\\\/\\\/diarioellabrador.cl\\\/\"},{\"@type\":\"ListItem\",\"position\":2,\"name\":\"Oportuno aviso a carabineros permiti\u00f3 detener a dos sujetos que perpetraban robo a local comercial\"}]},{\"@type\":\"WebSite\",\"@id\":\"https:\\\/\\\/diarioellabrador.cl\\\/#website\",\"url\":\"https:\\\/\\\/diarioellabrador.cl\\\/\",\"name\":\"Diario El Labrador\",\"description\":\"Haciendo noticia desde 1921\",\"publisher\":{\"@id\":\"https:\\\/\\\/diarioellabrador.cl\\\/#organization\"},\"potentialAction\":[{\"@type\":\"SearchAction\",\"target\":{\"@type\":\"EntryPoint\",\"urlTemplate\":\"https:\\\/\\\/diarioellabrador.cl\\\/?s={search_term_string}\"},\"query-input\":{\"@type\":\"PropertyValueSpecification\",\"valueRequired\":true,\"valueName\":\"search_term_string\"}}],\"inLanguage\":\"es\"},{\"@type\":\"Organization\",\"@id\":\"https:\\\/\\\/diarioellabrador.cl\\\/#organization\",\"name\":\"Diario El Labrador\",\"url\":\"https:\\\/\\\/diarioellabrador.cl\\\/\",\"logo\":{\"@type\":\"ImageObject\",\"inLanguage\":\"es\",\"@id\":\"https:\\\/\\\/diarioellabrador.cl\\\/#\\\/schema\\\/logo\\\/image\\\/\",\"url\":\"https:\\\/\\\/diarioellabrador.cl\\\/wp-content\\\/uploads\\\/2025\\\/02\\\/cropped-Logo-Icono.png\",\"contentUrl\":\"https:\\\/\\\/diarioellabrador.cl\\\/wp-content\\\/uploads\\\/2025\\\/02\\\/cropped-Logo-Icono.png\",\"width\":512,\"height\":512,\"caption\":\"Diario El Labrador\"},\"image\":{\"@id\":\"https:\\\/\\\/diarioellabrador.cl\\\/#\\\/schema\\\/logo\\\/image\\\/\"},\"sameAs\":[\"https:\\\/\\\/web.facebook.com\\\/profile.php?id=61576120840621\",\"https:\\\/\\\/x.com\\\/ElLabradorOf\",\"https:\\\/\\\/www.instagram.com\\\/diarioellabradoroficial\\\/\"]},{\"@type\":\"Person\",\"@id\":\"https:\\\/\\\/diarioellabrador.cl\\\/#\\\/schema\\\/person\\\/bc25ff80b4563f9c7f4bd7855df01685\",\"name\":\"Editor\",\"image\":{\"@type\":\"ImageObject\",\"inLanguage\":\"es\",\"@id\":\"https:\\\/\\\/secure.gravatar.com\\\/avatar\\\/109c326cf2be5c04f048c2c2a2b8b6ef44bf3d8d1d3d4c55d0ac40c4bc994684?s=96&d=mm&r=g\",\"url\":\"https:\\\/\\\/secure.gravatar.com\\\/avatar\\\/109c326cf2be5c04f048c2c2a2b8b6ef44bf3d8d1d3d4c55d0ac40c4bc994684?s=96&d=mm&r=g\",\"contentUrl\":\"https:\\\/\\\/secure.gravatar.com\\\/avatar\\\/109c326cf2be5c04f048c2c2a2b8b6ef44bf3d8d1d3d4c55d0ac40c4bc994684?s=96&d=mm&r=g\",\"caption\":\"Editor\"},\"url\":\"https:\\\/\\\/diarioellabrador.cl\\\/index.php\\\/author\\\/editor\\\/\"}]}<\/script>\n<!-- \/ Yoast SEO plugin. -->","yoast_head_json":{"title":"Oportuno aviso a carabineros permiti\u00f3 detener a dos sujetos que perpetraban robo a local comercial - Diario El Labrador","robots":{"index":"index","follow":"follow","max-snippet":"max-snippet:-1","max-image-preview":"max-image-preview:large","max-video-preview":"max-video-preview:-1"},"canonical":"https:\/\/diarioellabrador.cl\/index.php\/2026\/01\/22\/oportuno-aviso-a-carabineros-permitio-detener-a-dos-sujetos-que-perpetraban-robo-a-local-comercial\/","og_locale":"es_ES","og_type":"article","og_title":"Oportuno aviso a carabineros permiti\u00f3 detener a dos sujetos que perpetraban robo a local comercial - Diario El Labrador","og_description":"Pasadas las 4 de la madrugada de ayer jueves, personal de carabineros de la 24\u00aa Comisar\u00eda de Melipilla efectuaba patrullajes preventivos cuando en Libertad con Veteranos del 79 una persona les indic\u00f3 que desconocidos intentaban abrir local comercial en Merced al llegar a Puyehue. Los uniformados al llegar al lugar se percataron de la presencia Leer m\u00e1s","og_url":"https:\/\/diarioellabrador.cl\/index.php\/2026\/01\/22\/oportuno-aviso-a-carabineros-permitio-detener-a-dos-sujetos-que-perpetraban-robo-a-local-comercial\/","og_site_name":"Diario El Labrador","article_publisher":"https:\/\/web.facebook.com\/profile.php?id=61576120840621","article_published_time":"2026-01-22T22:05:55+00:00","article_modified_time":"2026-01-22T22:05:57+00:00","og_image":[{"width":710,"height":399,"url":"https:\/\/diarioellabrador.cl\/wp-content\/uploads\/2026\/01\/Oportuno-aviso-a-carabineros-permitio-detener-a-dos-sujetos-que-perpetraban-robo-a-local-comercial.jpg","type":"image\/jpeg"}],"author":"Editor","twitter_card":"summary_large_image","twitter_creator":"@ElLabradorOf","twitter_site":"@ElLabradorOf","twitter_misc":{"Escrito por":"Editor","Tiempo de lectura":"1 minuto"},"schema":{"@context":"https:\/\/schema.org","@graph":[{"@type":"Article","@id":"https:\/\/diarioellabrador.cl\/index.php\/2026\/01\/22\/oportuno-aviso-a-carabineros-permitio-detener-a-dos-sujetos-que-perpetraban-robo-a-local-comercial\/#article","isPartOf":{"@id":"https:\/\/diarioellabrador.cl\/index.php\/2026\/01\/22\/oportuno-aviso-a-carabineros-permitio-detener-a-dos-sujetos-que-perpetraban-robo-a-local-comercial\/"},"author":{"name":"Editor","@id":"https:\/\/diarioellabrador.cl\/#\/schema\/person\/bc25ff80b4563f9c7f4bd7855df01685"},"headline":"Oportuno aviso a carabineros permiti\u00f3 detener a dos sujetos que perpetraban robo a local comercial","datePublished":"2026-01-22T22:05:55+00:00","dateModified":"2026-01-22T22:05:57+00:00","mainEntityOfPage":{"@id":"https:\/\/diarioellabrador.cl\/index.php\/2026\/01\/22\/oportuno-aviso-a-carabineros-permitio-detener-a-dos-sujetos-que-perpetraban-robo-a-local-comercial\/"},"wordCount":186,"commentCount":0,"publisher":{"@id":"https:\/\/diarioellabrador.cl\/#organization"},"image":{"@id":"https:\/\/diarioellabrador.cl\/index.php\/2026\/01\/22\/oportuno-aviso-a-carabineros-permitio-detener-a-dos-sujetos-que-perpetraban-robo-a-local-comercial\/#primaryimage"},"thumbnailUrl":"https:\/\/diarioellabrador.cl\/wp-content\/uploads\/2026\/01\/Oportuno-aviso-a-carabineros-permitio-detener-a-dos-sujetos-que-perpetraban-robo-a-local-comercial.jpg","articleSection":["Policial"],"inLanguage":"es","potentialAction":[{"@type":"CommentAction","name":"Comment","target":["https:\/\/diarioellabrador.cl\/index.php\/2026\/01\/22\/oportuno-aviso-a-carabineros-permitio-detener-a-dos-sujetos-que-perpetraban-robo-a-local-comercial\/#respond"]}]},{"@type":"WebPage","@id":"https:\/\/diarioellabrador.cl\/index.php\/2026\/01\/22\/oportuno-aviso-a-carabineros-permitio-detener-a-dos-sujetos-que-perpetraban-robo-a-local-comercial\/","url":"https:\/\/diarioellabrador.cl\/index.php\/2026\/01\/22\/oportuno-aviso-a-carabineros-permitio-detener-a-dos-sujetos-que-perpetraban-robo-a-local-comercial\/","name":"Oportuno aviso a carabineros permiti\u00f3 detener a dos sujetos que perpetraban robo a local comercial - Diario El Labrador","isPartOf":{"@id":"https:\/\/diarioellabrador.cl\/#website"},"primaryImageOfPage":{"@id":"https:\/\/diarioellabrador.cl\/index.php\/2026\/01\/22\/oportuno-aviso-a-carabineros-permitio-detener-a-dos-sujetos-que-perpetraban-robo-a-local-comercial\/#primaryimage"},"image":{"@id":"https:\/\/diarioellabrador.cl\/index.php\/2026\/01\/22\/oportuno-aviso-a-carabineros-permitio-detener-a-dos-sujetos-que-perpetraban-robo-a-local-comercial\/#primaryimage"},"thumbnailUrl":"https:\/\/diarioellabrador.cl\/wp-content\/uploads\/2026\/01\/Oportuno-aviso-a-carabineros-permitio-detener-a-dos-sujetos-que-perpetraban-robo-a-local-comercial.jpg","datePublished":"2026-01-22T22:05:55+00:00","dateModified":"2026-01-22T22:05:57+00:00","breadcrumb":{"@id":"https:\/\/diarioellabrador.cl\/index.php\/2026\/01\/22\/oportuno-aviso-a-carabineros-permitio-detener-a-dos-sujetos-que-perpetraban-robo-a-local-comercial\/#breadcrumb"},"inLanguage":"es","potentialAction":[{"@type":"ReadAction","target":["https:\/\/diarioellabrador.cl\/index.php\/2026\/01\/22\/oportuno-aviso-a-carabineros-permitio-detener-a-dos-sujetos-que-perpetraban-robo-a-local-comercial\/"]}]},{"@type":"ImageObject","inLanguage":"es","@id":"https:\/\/diarioellabrador.cl\/index.php\/2026\/01\/22\/oportuno-aviso-a-carabineros-permitio-detener-a-dos-sujetos-que-perpetraban-robo-a-local-comercial\/#primaryimage","url":"https:\/\/diarioellabrador.cl\/wp-content\/uploads\/2026\/01\/Oportuno-aviso-a-carabineros-permitio-detener-a-dos-sujetos-que-perpetraban-robo-a-local-comercial.jpg","contentUrl":"https:\/\/diarioellabrador.cl\/wp-content\/uploads\/2026\/01\/Oportuno-aviso-a-carabineros-permitio-detener-a-dos-sujetos-que-perpetraban-robo-a-local-comercial.jpg","width":710,"height":399},{"@type":"BreadcrumbList","@id":"https:\/\/diarioellabrador.cl\/index.php\/2026\/01\/22\/oportuno-aviso-a-carabineros-permitio-detener-a-dos-sujetos-que-perpetraban-robo-a-local-comercial\/#breadcrumb","itemListElement":[{"@type":"ListItem","position":1,"name":"Portada","item":"https:\/\/diarioellabrador.cl\/"},{"@type":"ListItem","position":2,"name":"Oportuno aviso a carabineros permiti\u00f3 detener a dos sujetos que perpetraban robo a local comercial"}]},{"@type":"WebSite","@id":"https:\/\/diarioellabrador.cl\/#website","url":"https:\/\/diarioellabrador.cl\/","name":"Diario El Labrador","description":"Haciendo noticia desde 1921","publisher":{"@id":"https:\/\/diarioellabrador.cl\/#organization"},"potentialAction":[{"@type":"SearchAction","target":{"@type":"EntryPoint","urlTemplate":"https:\/\/diarioellabrador.cl\/?s={search_term_string}"},"query-input":{"@type":"PropertyValueSpecification","valueRequired":true,"valueName":"search_term_string"}}],"inLanguage":"es"},{"@type":"Organization","@id":"https:\/\/diarioellabrador.cl\/#organization","name":"Diario El Labrador","url":"https:\/\/diarioellabrador.cl\/","logo":{"@type":"ImageObject","inLanguage":"es","@id":"https:\/\/diarioellabrador.cl\/#\/schema\/logo\/image\/","url":"https:\/\/diarioellabrador.cl\/wp-content\/uploads\/2025\/02\/cropped-Logo-Icono.png","contentUrl":"https:\/\/diarioellabrador.cl\/wp-content\/uploads\/2025\/02\/cropped-Logo-Icono.png","width":512,"height":512,"caption":"Diario El Labrador"},"image":{"@id":"https:\/\/diarioellabrador.cl\/#\/schema\/logo\/image\/"},"sameAs":["https:\/\/web.facebook.com\/profile.php?id=61576120840621","https:\/\/x.com\/ElLabradorOf","https:\/\/www.instagram.com\/diarioellabradoroficial\/"]},{"@type":"Person","@id":"https:\/\/diarioellabrador.cl\/#\/schema\/person\/bc25ff80b4563f9c7f4bd7855df01685","name":"Editor","image":{"@type":"ImageObject","inLanguage":"es","@id":"https:\/\/secure.gravatar.com\/avatar\/109c326cf2be5c04f048c2c2a2b8b6ef44bf3d8d1d3d4c55d0ac40c4bc994684?s=96&d=mm&r=g","url":"https:\/\/secure.gravatar.com\/avatar\/109c326cf2be5c04f048c2c2a2b8b6ef44bf3d8d1d3d4c55d0ac40c4bc994684?s=96&d=mm&r=g","contentUrl":"https:\/\/secure.gravatar.com\/avatar\/109c326cf2be5c04f048c2c2a2b8b6ef44bf3d8d1d3d4c55d0ac40c4bc994684?s=96&d=mm&r=g","caption":"Editor"},"url":"https:\/\/diarioellabrador.cl\/index.php\/author\/editor\/"}]}},"_links":{"self":[{"href":"https:\/\/diarioellabrador.cl\/index.php\/wp-json\/wp\/v2\/posts\/14201","targetHints":{"allow":["GET"]}}],"collection":[{"href":"https:\/\/diarioellabrador.cl\/index.php\/wp-json\/wp\/v2\/posts"}],"about":[{"href":"https:\/\/diarioellabrador.cl\/index.php\/wp-json\/wp\/v2\/types\/post"}],"author":[{"embeddable":true,"href":"https:\/\/diarioellabrador.cl\/index.php\/wp-json\/wp\/v2\/users\/2"}],"replies":[{"embeddable":true,"href":"https:\/\/diarioellabrador.cl\/index.php\/wp-json\/wp\/v2\/comments?post=14201"}],"version-history":[{"count":1,"href":"https:\/\/diarioellabrador.cl\/index.php\/wp-json\/wp\/v2\/posts\/14201\/revisions"}],"predecessor-version":[{"id":14202,"href":"https:\/\/diarioellabrador.cl\/index.php\/wp-json\/wp\/v2\/posts\/14201\/revisions\/14202"}],"wp:featuredmedia":[{"embeddable":true,"href":"https:\/\/diarioellabrador.cl\/index.php\/wp-json\/wp\/v2\/media\/14175"}],"wp:attachment":[{"href":"https:\/\/diarioellabrador.cl\/index.php\/wp-json\/wp\/v2\/media?parent=14201"}],"wp:term":[{"taxonomy":"category","embeddable":true,"href":"https:\/\/diarioellabrador.cl\/index.php\/wp-json\/wp\/v2\/categories?post=14201"},{"taxonomy":"post_tag","embeddable":true,"href":"https:\/\/diarioellabrador.cl\/index.php\/wp-json\/wp\/v2\/tags?post=14201"}],"curies":[{"name":"wp","href":"https:\/\/api.w.org\/{rel}","templated":true}]}}