{"id":14197,"date":"2026-01-22T18:04:53","date_gmt":"2026-01-22T22:04:53","guid":{"rendered":"https:\/\/diarioellabrador.cl\/?p=14197"},"modified":"2026-01-22T18:04:54","modified_gmt":"2026-01-22T22:04:54","slug":"entregan-sentencia-para-sujeto-que-provoco-incendio-en-su-casa-afectando-a-viviendas-colindantes","status":"publish","type":"post","link":"https:\/\/diarioellabrador.cl\/index.php\/2026\/01\/22\/entregan-sentencia-para-sujeto-que-provoco-incendio-en-su-casa-afectando-a-viviendas-colindantes\/","title":{"rendered":"Entregan sentencia para sujeto que provoc\u00f3 incendio en su casa afectando a viviendas colindantes"},"content":{"rendered":"\n<p>En el Tribunal de Garant\u00eda de Talagante se realiz\u00f3 la audiencia de procedimiento abreviado en contra de acusado por el delito de incendio.<\/p>\n\n\n\n<p>La Fiscal\u00eda expuso que el d\u00eda 23 de agosto del 2025, a las 20:00 horas aproximadamente al interior del domicilio ubicado en pasaje Los Silva en el sector La Red de la comuna de El Monte, el imputado Claudio F.S. procedi\u00f3 a prender fuego a un inmueble que corresponde a su domicilio, ocasionando da\u00f1os y exist\u00eda un f\u00e1cil peligro de propagaci\u00f3n del fuego hacia los domicilios inmediatamente colindantes.<\/p>\n\n\n\n<p>El acusado fue detenido por vecinos que ingresaron por la fuerza, pese a que el imputado se los imped\u00eda a un tiempo que gritaba d\u00e9jenme quiero morirme, quiero quemar la casa. Luego de la llegada de los bomberos, les repeli\u00f3 tambi\u00e9n lanzando golpes y objetos contundentes y atacando a bomberos, finalmente fue reducido y lograron apagar el incendio.<\/p>\n\n\n\n<p>La magistrado dictamin\u00f3 que se condena Claudio F.S. como autor de incendio en lugar destinado a servir de morada, a sufrir la pena de cuatro a\u00f1os de presidio menor en su grado m\u00e1ximo. Que atendida la extensi\u00f3n de la pena impuesta el encartado y reuni\u00e9ndose los requisitos de la ley, procede a sustituir la pena corporal por libertad vigilada intensiva debiendo quedar bajo la supervigilancia y control de la Secci\u00f3n de Tratamiento en el Medio Libre de Gendarmer\u00eda de Chile.<\/p>\n\n\n\n<p>Dentro del contexto de la Libertad Vigilada se decreta la evaluaci\u00f3n y tratamiento psicol\u00f3gico e incorporaci\u00f3n a programas formativos de nivelaci\u00f3n de estudios con v\u00edas a que incorpore competencias para desarrollar oficios calificados. Se insta al penado para procurarse constancias de las presentaciones a las que concurra y se le deja citado para que concurra al CRS Occidente.<\/p>\n","protected":false},"excerpt":{"rendered":"<p>En el Tribunal de Garant\u00eda de Talagante se realiz\u00f3 la audiencia de procedimiento abreviado en contra de acusado por el delito de incendio. La Fiscal\u00eda expuso que el d\u00eda 23 de agosto del 2025, a las 20:00 horas aproximadamente al interior del domicilio ubicado en pasaje Los Silva en el sector La Red de la<\/p>\n<div class=\"read-more-wrapper\"><a class=\"read-more\" href=\"https:\/\/diarioellabrador.cl\/index.php\/2026\/01\/22\/entregan-sentencia-para-sujeto-que-provoco-incendio-en-su-casa-afectando-a-viviendas-colindantes\/\" title=\"Leer m\u00e1s\"> <span class=\"button \">Leer m\u00e1s<\/span><\/a><\/div>\n","protected":false},"author":2,"featured_media":14174,"comment_status":"open","ping_status":"open","sticky":false,"template":"","format":"standard","meta":{"footnotes":""},"categories":[3],"tags":[],"class_list":["post-14197","post","type-post","status-publish","format-standard","has-post-thumbnail","hentry","category-policial"],"yoast_head":"<!-- This site is optimized with the Yoast SEO plugin v27.5 - https:\/\/yoast.com\/product\/yoast-seo-wordpress\/ -->\n<title>Entregan sentencia para sujeto que provoc\u00f3 incendio en su casa afectando a viviendas colindantes - Diario El Labrador<\/title>\n<meta name=\"robots\" content=\"index, follow, max-snippet:-1, max-image-preview:large, max-video-preview:-1\" \/>\n<link rel=\"canonical\" href=\"https:\/\/diarioellabrador.cl\/index.php\/2026\/01\/22\/entregan-sentencia-para-sujeto-que-provoco-incendio-en-su-casa-afectando-a-viviendas-colindantes\/\" \/>\n<meta property=\"og:locale\" content=\"es_ES\" \/>\n<meta property=\"og:type\" content=\"article\" \/>\n<meta property=\"og:title\" content=\"Entregan sentencia para sujeto que provoc\u00f3 incendio en su casa afectando a viviendas colindantes - Diario El Labrador\" \/>\n<meta property=\"og:description\" content=\"En el Tribunal de Garant\u00eda de Talagante se realiz\u00f3 la audiencia de procedimiento abreviado en contra de acusado por el delito de incendio. La Fiscal\u00eda expuso que el d\u00eda 23 de agosto del 2025, a las 20:00 horas aproximadamente al interior del domicilio ubicado en pasaje Los Silva en el sector La Red de la Leer m\u00e1s\" \/>\n<meta property=\"og:url\" content=\"https:\/\/diarioellabrador.cl\/index.php\/2026\/01\/22\/entregan-sentencia-para-sujeto-que-provoco-incendio-en-su-casa-afectando-a-viviendas-colindantes\/\" \/>\n<meta property=\"og:site_name\" content=\"Diario El Labrador\" \/>\n<meta property=\"article:publisher\" content=\"https:\/\/web.facebook.com\/profile.php?id=61576120840621\" \/>\n<meta property=\"article:published_time\" content=\"2026-01-22T22:04:53+00:00\" \/>\n<meta property=\"article:modified_time\" content=\"2026-01-22T22:04:54+00:00\" \/>\n<meta property=\"og:image\" content=\"https:\/\/diarioellabrador.cl\/wp-content\/uploads\/2026\/01\/Entregan-sentencia-para-sujeto-que-provoco-incendio-en-su-casa-afectando-a-viviendas-colindantes.jpg\" \/>\n\t<meta property=\"og:image:width\" content=\"768\" \/>\n\t<meta property=\"og:image:height\" content=\"576\" \/>\n\t<meta property=\"og:image:type\" content=\"image\/jpeg\" \/>\n<meta name=\"author\" content=\"Editor\" \/>\n<meta name=\"twitter:card\" content=\"summary_large_image\" \/>\n<meta name=\"twitter:creator\" content=\"@ElLabradorOf\" \/>\n<meta name=\"twitter:site\" content=\"@ElLabradorOf\" \/>\n<meta name=\"twitter:label1\" content=\"Escrito por\" \/>\n\t<meta name=\"twitter:data1\" content=\"Editor\" \/>\n\t<meta name=\"twitter:label2\" content=\"Tiempo de lectura\" \/>\n\t<meta name=\"twitter:data2\" content=\"2 minutos\" \/>\n<script type=\"application\/ld+json\" class=\"yoast-schema-graph\">{\"@context\":\"https:\\\/\\\/schema.org\",\"@graph\":[{\"@type\":\"Article\",\"@id\":\"https:\\\/\\\/diarioellabrador.cl\\\/index.php\\\/2026\\\/01\\\/22\\\/entregan-sentencia-para-sujeto-que-provoco-incendio-en-su-casa-afectando-a-viviendas-colindantes\\\/#article\",\"isPartOf\":{\"@id\":\"https:\\\/\\\/diarioellabrador.cl\\\/index.php\\\/2026\\\/01\\\/22\\\/entregan-sentencia-para-sujeto-que-provoco-incendio-en-su-casa-afectando-a-viviendas-colindantes\\\/\"},\"author\":{\"name\":\"Editor\",\"@id\":\"https:\\\/\\\/diarioellabrador.cl\\\/#\\\/schema\\\/person\\\/bc25ff80b4563f9c7f4bd7855df01685\"},\"headline\":\"Entregan sentencia para sujeto que provoc\u00f3 incendio en su casa afectando a viviendas colindantes\",\"datePublished\":\"2026-01-22T22:04:53+00:00\",\"dateModified\":\"2026-01-22T22:04:54+00:00\",\"mainEntityOfPage\":{\"@id\":\"https:\\\/\\\/diarioellabrador.cl\\\/index.php\\\/2026\\\/01\\\/22\\\/entregan-sentencia-para-sujeto-que-provoco-incendio-en-su-casa-afectando-a-viviendas-colindantes\\\/\"},\"wordCount\":321,\"commentCount\":0,\"publisher\":{\"@id\":\"https:\\\/\\\/diarioellabrador.cl\\\/#organization\"},\"image\":{\"@id\":\"https:\\\/\\\/diarioellabrador.cl\\\/index.php\\\/2026\\\/01\\\/22\\\/entregan-sentencia-para-sujeto-que-provoco-incendio-en-su-casa-afectando-a-viviendas-colindantes\\\/#primaryimage\"},\"thumbnailUrl\":\"https:\\\/\\\/diarioellabrador.cl\\\/wp-content\\\/uploads\\\/2026\\\/01\\\/Entregan-sentencia-para-sujeto-que-provoco-incendio-en-su-casa-afectando-a-viviendas-colindantes.jpg\",\"articleSection\":[\"Policial\"],\"inLanguage\":\"es\",\"potentialAction\":[{\"@type\":\"CommentAction\",\"name\":\"Comment\",\"target\":[\"https:\\\/\\\/diarioellabrador.cl\\\/index.php\\\/2026\\\/01\\\/22\\\/entregan-sentencia-para-sujeto-que-provoco-incendio-en-su-casa-afectando-a-viviendas-colindantes\\\/#respond\"]}]},{\"@type\":\"WebPage\",\"@id\":\"https:\\\/\\\/diarioellabrador.cl\\\/index.php\\\/2026\\\/01\\\/22\\\/entregan-sentencia-para-sujeto-que-provoco-incendio-en-su-casa-afectando-a-viviendas-colindantes\\\/\",\"url\":\"https:\\\/\\\/diarioellabrador.cl\\\/index.php\\\/2026\\\/01\\\/22\\\/entregan-sentencia-para-sujeto-que-provoco-incendio-en-su-casa-afectando-a-viviendas-colindantes\\\/\",\"name\":\"Entregan sentencia para sujeto que provoc\u00f3 incendio en su casa afectando a viviendas colindantes - Diario El Labrador\",\"isPartOf\":{\"@id\":\"https:\\\/\\\/diarioellabrador.cl\\\/#website\"},\"primaryImageOfPage\":{\"@id\":\"https:\\\/\\\/diarioellabrador.cl\\\/index.php\\\/2026\\\/01\\\/22\\\/entregan-sentencia-para-sujeto-que-provoco-incendio-en-su-casa-afectando-a-viviendas-colindantes\\\/#primaryimage\"},\"image\":{\"@id\":\"https:\\\/\\\/diarioellabrador.cl\\\/index.php\\\/2026\\\/01\\\/22\\\/entregan-sentencia-para-sujeto-que-provoco-incendio-en-su-casa-afectando-a-viviendas-colindantes\\\/#primaryimage\"},\"thumbnailUrl\":\"https:\\\/\\\/diarioellabrador.cl\\\/wp-content\\\/uploads\\\/2026\\\/01\\\/Entregan-sentencia-para-sujeto-que-provoco-incendio-en-su-casa-afectando-a-viviendas-colindantes.jpg\",\"datePublished\":\"2026-01-22T22:04:53+00:00\",\"dateModified\":\"2026-01-22T22:04:54+00:00\",\"breadcrumb\":{\"@id\":\"https:\\\/\\\/diarioellabrador.cl\\\/index.php\\\/2026\\\/01\\\/22\\\/entregan-sentencia-para-sujeto-que-provoco-incendio-en-su-casa-afectando-a-viviendas-colindantes\\\/#breadcrumb\"},\"inLanguage\":\"es\",\"potentialAction\":[{\"@type\":\"ReadAction\",\"target\":[\"https:\\\/\\\/diarioellabrador.cl\\\/index.php\\\/2026\\\/01\\\/22\\\/entregan-sentencia-para-sujeto-que-provoco-incendio-en-su-casa-afectando-a-viviendas-colindantes\\\/\"]}]},{\"@type\":\"ImageObject\",\"inLanguage\":\"es\",\"@id\":\"https:\\\/\\\/diarioellabrador.cl\\\/index.php\\\/2026\\\/01\\\/22\\\/entregan-sentencia-para-sujeto-que-provoco-incendio-en-su-casa-afectando-a-viviendas-colindantes\\\/#primaryimage\",\"url\":\"https:\\\/\\\/diarioellabrador.cl\\\/wp-content\\\/uploads\\\/2026\\\/01\\\/Entregan-sentencia-para-sujeto-que-provoco-incendio-en-su-casa-afectando-a-viviendas-colindantes.jpg\",\"contentUrl\":\"https:\\\/\\\/diarioellabrador.cl\\\/wp-content\\\/uploads\\\/2026\\\/01\\\/Entregan-sentencia-para-sujeto-que-provoco-incendio-en-su-casa-afectando-a-viviendas-colindantes.jpg\",\"width\":768,\"height\":576},{\"@type\":\"BreadcrumbList\",\"@id\":\"https:\\\/\\\/diarioellabrador.cl\\\/index.php\\\/2026\\\/01\\\/22\\\/entregan-sentencia-para-sujeto-que-provoco-incendio-en-su-casa-afectando-a-viviendas-colindantes\\\/#breadcrumb\",\"itemListElement\":[{\"@type\":\"ListItem\",\"position\":1,\"name\":\"Portada\",\"item\":\"https:\\\/\\\/diarioellabrador.cl\\\/\"},{\"@type\":\"ListItem\",\"position\":2,\"name\":\"Entregan sentencia para sujeto que provoc\u00f3 incendio en su casa afectando a viviendas colindantes\"}]},{\"@type\":\"WebSite\",\"@id\":\"https:\\\/\\\/diarioellabrador.cl\\\/#website\",\"url\":\"https:\\\/\\\/diarioellabrador.cl\\\/\",\"name\":\"Diario El Labrador\",\"description\":\"Haciendo noticia desde 1921\",\"publisher\":{\"@id\":\"https:\\\/\\\/diarioellabrador.cl\\\/#organization\"},\"potentialAction\":[{\"@type\":\"SearchAction\",\"target\":{\"@type\":\"EntryPoint\",\"urlTemplate\":\"https:\\\/\\\/diarioellabrador.cl\\\/?s={search_term_string}\"},\"query-input\":{\"@type\":\"PropertyValueSpecification\",\"valueRequired\":true,\"valueName\":\"search_term_string\"}}],\"inLanguage\":\"es\"},{\"@type\":\"Organization\",\"@id\":\"https:\\\/\\\/diarioellabrador.cl\\\/#organization\",\"name\":\"Diario El Labrador\",\"url\":\"https:\\\/\\\/diarioellabrador.cl\\\/\",\"logo\":{\"@type\":\"ImageObject\",\"inLanguage\":\"es\",\"@id\":\"https:\\\/\\\/diarioellabrador.cl\\\/#\\\/schema\\\/logo\\\/image\\\/\",\"url\":\"https:\\\/\\\/diarioellabrador.cl\\\/wp-content\\\/uploads\\\/2025\\\/02\\\/cropped-Logo-Icono.png\",\"contentUrl\":\"https:\\\/\\\/diarioellabrador.cl\\\/wp-content\\\/uploads\\\/2025\\\/02\\\/cropped-Logo-Icono.png\",\"width\":512,\"height\":512,\"caption\":\"Diario El Labrador\"},\"image\":{\"@id\":\"https:\\\/\\\/diarioellabrador.cl\\\/#\\\/schema\\\/logo\\\/image\\\/\"},\"sameAs\":[\"https:\\\/\\\/web.facebook.com\\\/profile.php?id=61576120840621\",\"https:\\\/\\\/x.com\\\/ElLabradorOf\",\"https:\\\/\\\/www.instagram.com\\\/diarioellabradoroficial\\\/\"]},{\"@type\":\"Person\",\"@id\":\"https:\\\/\\\/diarioellabrador.cl\\\/#\\\/schema\\\/person\\\/bc25ff80b4563f9c7f4bd7855df01685\",\"name\":\"Editor\",\"image\":{\"@type\":\"ImageObject\",\"inLanguage\":\"es\",\"@id\":\"https:\\\/\\\/secure.gravatar.com\\\/avatar\\\/109c326cf2be5c04f048c2c2a2b8b6ef44bf3d8d1d3d4c55d0ac40c4bc994684?s=96&d=mm&r=g\",\"url\":\"https:\\\/\\\/secure.gravatar.com\\\/avatar\\\/109c326cf2be5c04f048c2c2a2b8b6ef44bf3d8d1d3d4c55d0ac40c4bc994684?s=96&d=mm&r=g\",\"contentUrl\":\"https:\\\/\\\/secure.gravatar.com\\\/avatar\\\/109c326cf2be5c04f048c2c2a2b8b6ef44bf3d8d1d3d4c55d0ac40c4bc994684?s=96&d=mm&r=g\",\"caption\":\"Editor\"},\"url\":\"https:\\\/\\\/diarioellabrador.cl\\\/index.php\\\/author\\\/editor\\\/\"}]}<\/script>\n<!-- \/ Yoast SEO plugin. -->","yoast_head_json":{"title":"Entregan sentencia para sujeto que provoc\u00f3 incendio en su casa afectando a viviendas colindantes - Diario El Labrador","robots":{"index":"index","follow":"follow","max-snippet":"max-snippet:-1","max-image-preview":"max-image-preview:large","max-video-preview":"max-video-preview:-1"},"canonical":"https:\/\/diarioellabrador.cl\/index.php\/2026\/01\/22\/entregan-sentencia-para-sujeto-que-provoco-incendio-en-su-casa-afectando-a-viviendas-colindantes\/","og_locale":"es_ES","og_type":"article","og_title":"Entregan sentencia para sujeto que provoc\u00f3 incendio en su casa afectando a viviendas colindantes - Diario El Labrador","og_description":"En el Tribunal de Garant\u00eda de Talagante se realiz\u00f3 la audiencia de procedimiento abreviado en contra de acusado por el delito de incendio. La Fiscal\u00eda expuso que el d\u00eda 23 de agosto del 2025, a las 20:00 horas aproximadamente al interior del domicilio ubicado en pasaje Los Silva en el sector La Red de la Leer m\u00e1s","og_url":"https:\/\/diarioellabrador.cl\/index.php\/2026\/01\/22\/entregan-sentencia-para-sujeto-que-provoco-incendio-en-su-casa-afectando-a-viviendas-colindantes\/","og_site_name":"Diario El Labrador","article_publisher":"https:\/\/web.facebook.com\/profile.php?id=61576120840621","article_published_time":"2026-01-22T22:04:53+00:00","article_modified_time":"2026-01-22T22:04:54+00:00","og_image":[{"width":768,"height":576,"url":"https:\/\/diarioellabrador.cl\/wp-content\/uploads\/2026\/01\/Entregan-sentencia-para-sujeto-que-provoco-incendio-en-su-casa-afectando-a-viviendas-colindantes.jpg","type":"image\/jpeg"}],"author":"Editor","twitter_card":"summary_large_image","twitter_creator":"@ElLabradorOf","twitter_site":"@ElLabradorOf","twitter_misc":{"Escrito por":"Editor","Tiempo de lectura":"2 minutos"},"schema":{"@context":"https:\/\/schema.org","@graph":[{"@type":"Article","@id":"https:\/\/diarioellabrador.cl\/index.php\/2026\/01\/22\/entregan-sentencia-para-sujeto-que-provoco-incendio-en-su-casa-afectando-a-viviendas-colindantes\/#article","isPartOf":{"@id":"https:\/\/diarioellabrador.cl\/index.php\/2026\/01\/22\/entregan-sentencia-para-sujeto-que-provoco-incendio-en-su-casa-afectando-a-viviendas-colindantes\/"},"author":{"name":"Editor","@id":"https:\/\/diarioellabrador.cl\/#\/schema\/person\/bc25ff80b4563f9c7f4bd7855df01685"},"headline":"Entregan sentencia para sujeto que provoc\u00f3 incendio en su casa afectando a viviendas colindantes","datePublished":"2026-01-22T22:04:53+00:00","dateModified":"2026-01-22T22:04:54+00:00","mainEntityOfPage":{"@id":"https:\/\/diarioellabrador.cl\/index.php\/2026\/01\/22\/entregan-sentencia-para-sujeto-que-provoco-incendio-en-su-casa-afectando-a-viviendas-colindantes\/"},"wordCount":321,"commentCount":0,"publisher":{"@id":"https:\/\/diarioellabrador.cl\/#organization"},"image":{"@id":"https:\/\/diarioellabrador.cl\/index.php\/2026\/01\/22\/entregan-sentencia-para-sujeto-que-provoco-incendio-en-su-casa-afectando-a-viviendas-colindantes\/#primaryimage"},"thumbnailUrl":"https:\/\/diarioellabrador.cl\/wp-content\/uploads\/2026\/01\/Entregan-sentencia-para-sujeto-que-provoco-incendio-en-su-casa-afectando-a-viviendas-colindantes.jpg","articleSection":["Policial"],"inLanguage":"es","potentialAction":[{"@type":"CommentAction","name":"Comment","target":["https:\/\/diarioellabrador.cl\/index.php\/2026\/01\/22\/entregan-sentencia-para-sujeto-que-provoco-incendio-en-su-casa-afectando-a-viviendas-colindantes\/#respond"]}]},{"@type":"WebPage","@id":"https:\/\/diarioellabrador.cl\/index.php\/2026\/01\/22\/entregan-sentencia-para-sujeto-que-provoco-incendio-en-su-casa-afectando-a-viviendas-colindantes\/","url":"https:\/\/diarioellabrador.cl\/index.php\/2026\/01\/22\/entregan-sentencia-para-sujeto-que-provoco-incendio-en-su-casa-afectando-a-viviendas-colindantes\/","name":"Entregan sentencia para sujeto que provoc\u00f3 incendio en su casa afectando a viviendas colindantes - Diario El Labrador","isPartOf":{"@id":"https:\/\/diarioellabrador.cl\/#website"},"primaryImageOfPage":{"@id":"https:\/\/diarioellabrador.cl\/index.php\/2026\/01\/22\/entregan-sentencia-para-sujeto-que-provoco-incendio-en-su-casa-afectando-a-viviendas-colindantes\/#primaryimage"},"image":{"@id":"https:\/\/diarioellabrador.cl\/index.php\/2026\/01\/22\/entregan-sentencia-para-sujeto-que-provoco-incendio-en-su-casa-afectando-a-viviendas-colindantes\/#primaryimage"},"thumbnailUrl":"https:\/\/diarioellabrador.cl\/wp-content\/uploads\/2026\/01\/Entregan-sentencia-para-sujeto-que-provoco-incendio-en-su-casa-afectando-a-viviendas-colindantes.jpg","datePublished":"2026-01-22T22:04:53+00:00","dateModified":"2026-01-22T22:04:54+00:00","breadcrumb":{"@id":"https:\/\/diarioellabrador.cl\/index.php\/2026\/01\/22\/entregan-sentencia-para-sujeto-que-provoco-incendio-en-su-casa-afectando-a-viviendas-colindantes\/#breadcrumb"},"inLanguage":"es","potentialAction":[{"@type":"ReadAction","target":["https:\/\/diarioellabrador.cl\/index.php\/2026\/01\/22\/entregan-sentencia-para-sujeto-que-provoco-incendio-en-su-casa-afectando-a-viviendas-colindantes\/"]}]},{"@type":"ImageObject","inLanguage":"es","@id":"https:\/\/diarioellabrador.cl\/index.php\/2026\/01\/22\/entregan-sentencia-para-sujeto-que-provoco-incendio-en-su-casa-afectando-a-viviendas-colindantes\/#primaryimage","url":"https:\/\/diarioellabrador.cl\/wp-content\/uploads\/2026\/01\/Entregan-sentencia-para-sujeto-que-provoco-incendio-en-su-casa-afectando-a-viviendas-colindantes.jpg","contentUrl":"https:\/\/diarioellabrador.cl\/wp-content\/uploads\/2026\/01\/Entregan-sentencia-para-sujeto-que-provoco-incendio-en-su-casa-afectando-a-viviendas-colindantes.jpg","width":768,"height":576},{"@type":"BreadcrumbList","@id":"https:\/\/diarioellabrador.cl\/index.php\/2026\/01\/22\/entregan-sentencia-para-sujeto-que-provoco-incendio-en-su-casa-afectando-a-viviendas-colindantes\/#breadcrumb","itemListElement":[{"@type":"ListItem","position":1,"name":"Portada","item":"https:\/\/diarioellabrador.cl\/"},{"@type":"ListItem","position":2,"name":"Entregan sentencia para sujeto que provoc\u00f3 incendio en su casa afectando a viviendas colindantes"}]},{"@type":"WebSite","@id":"https:\/\/diarioellabrador.cl\/#website","url":"https:\/\/diarioellabrador.cl\/","name":"Diario El Labrador","description":"Haciendo noticia desde 1921","publisher":{"@id":"https:\/\/diarioellabrador.cl\/#organization"},"potentialAction":[{"@type":"SearchAction","target":{"@type":"EntryPoint","urlTemplate":"https:\/\/diarioellabrador.cl\/?s={search_term_string}"},"query-input":{"@type":"PropertyValueSpecification","valueRequired":true,"valueName":"search_term_string"}}],"inLanguage":"es"},{"@type":"Organization","@id":"https:\/\/diarioellabrador.cl\/#organization","name":"Diario El Labrador","url":"https:\/\/diarioellabrador.cl\/","logo":{"@type":"ImageObject","inLanguage":"es","@id":"https:\/\/diarioellabrador.cl\/#\/schema\/logo\/image\/","url":"https:\/\/diarioellabrador.cl\/wp-content\/uploads\/2025\/02\/cropped-Logo-Icono.png","contentUrl":"https:\/\/diarioellabrador.cl\/wp-content\/uploads\/2025\/02\/cropped-Logo-Icono.png","width":512,"height":512,"caption":"Diario El Labrador"},"image":{"@id":"https:\/\/diarioellabrador.cl\/#\/schema\/logo\/image\/"},"sameAs":["https:\/\/web.facebook.com\/profile.php?id=61576120840621","https:\/\/x.com\/ElLabradorOf","https:\/\/www.instagram.com\/diarioellabradoroficial\/"]},{"@type":"Person","@id":"https:\/\/diarioellabrador.cl\/#\/schema\/person\/bc25ff80b4563f9c7f4bd7855df01685","name":"Editor","image":{"@type":"ImageObject","inLanguage":"es","@id":"https:\/\/secure.gravatar.com\/avatar\/109c326cf2be5c04f048c2c2a2b8b6ef44bf3d8d1d3d4c55d0ac40c4bc994684?s=96&d=mm&r=g","url":"https:\/\/secure.gravatar.com\/avatar\/109c326cf2be5c04f048c2c2a2b8b6ef44bf3d8d1d3d4c55d0ac40c4bc994684?s=96&d=mm&r=g","contentUrl":"https:\/\/secure.gravatar.com\/avatar\/109c326cf2be5c04f048c2c2a2b8b6ef44bf3d8d1d3d4c55d0ac40c4bc994684?s=96&d=mm&r=g","caption":"Editor"},"url":"https:\/\/diarioellabrador.cl\/index.php\/author\/editor\/"}]}},"_links":{"self":[{"href":"https:\/\/diarioellabrador.cl\/index.php\/wp-json\/wp\/v2\/posts\/14197","targetHints":{"allow":["GET"]}}],"collection":[{"href":"https:\/\/diarioellabrador.cl\/index.php\/wp-json\/wp\/v2\/posts"}],"about":[{"href":"https:\/\/diarioellabrador.cl\/index.php\/wp-json\/wp\/v2\/types\/post"}],"author":[{"embeddable":true,"href":"https:\/\/diarioellabrador.cl\/index.php\/wp-json\/wp\/v2\/users\/2"}],"replies":[{"embeddable":true,"href":"https:\/\/diarioellabrador.cl\/index.php\/wp-json\/wp\/v2\/comments?post=14197"}],"version-history":[{"count":1,"href":"https:\/\/diarioellabrador.cl\/index.php\/wp-json\/wp\/v2\/posts\/14197\/revisions"}],"predecessor-version":[{"id":14198,"href":"https:\/\/diarioellabrador.cl\/index.php\/wp-json\/wp\/v2\/posts\/14197\/revisions\/14198"}],"wp:featuredmedia":[{"embeddable":true,"href":"https:\/\/diarioellabrador.cl\/index.php\/wp-json\/wp\/v2\/media\/14174"}],"wp:attachment":[{"href":"https:\/\/diarioellabrador.cl\/index.php\/wp-json\/wp\/v2\/media?parent=14197"}],"wp:term":[{"taxonomy":"category","embeddable":true,"href":"https:\/\/diarioellabrador.cl\/index.php\/wp-json\/wp\/v2\/categories?post=14197"},{"taxonomy":"post_tag","embeddable":true,"href":"https:\/\/diarioellabrador.cl\/index.php\/wp-json\/wp\/v2\/tags?post=14197"}],"curies":[{"name":"wp","href":"https:\/\/api.w.org\/{rel}","templated":true}]}}