{"id":14195,"date":"2026-01-22T18:04:16","date_gmt":"2026-01-22T22:04:16","guid":{"rendered":"https:\/\/diarioellabrador.cl\/?p=14195"},"modified":"2026-01-22T18:19:19","modified_gmt":"2026-01-22T22:19:19","slug":"ejemplar-canino-de-carabineros-sorprendio-a-un-hombre-con-un-kilo-de-marihuana-al-interior-de-bus-interprovincial","status":"publish","type":"post","link":"https:\/\/diarioellabrador.cl\/index.php\/2026\/01\/22\/ejemplar-canino-de-carabineros-sorprendio-a-un-hombre-con-un-kilo-de-marihuana-al-interior-de-bus-interprovincial\/","title":{"rendered":"Ejemplar canino de carabineros sorprendi\u00f3 a un hombre con un kilo de marihuana al interior de bus interprovincial"},"content":{"rendered":"\n<p>Personal de Carabineros de la Tenencia de Carreteras se encontraba realizando diversas fiscalizaciones con el apoyo de un ejemplar canino de nombre Ram, entrenado para la detecci\u00f3n de drogas, como parte de labores preventivas.<\/p>\n\n\n\n<p>En los instantes que proceden a fiscalizar un bus interprovincial, el can dio una alerta positiva frente a una mochila que era transportada como equipaje de mano por uno de los pasajeros. Al revisar el bolso los uniformados encontraron una bolsa contenedora de marihuana.<\/p>\n\n\n\n<p>Se procedi\u00f3 a la detenci\u00f3n de un hombre de nacionalidad colombiana que se encuentra en situaci\u00f3n migratoria irregular en el pa\u00eds donde la droga arroj\u00f3 un peso de 1 kilo con 13 gramos. El detenido fue puesto a disposici\u00f3n de la justicia por infracci\u00f3n a la Ley 20.000 sobre el control de drogas y estupefacientes.<\/p>\n","protected":false},"excerpt":{"rendered":"<p>Personal de Carabineros de la Tenencia de Carreteras se encontraba realizando diversas fiscalizaciones con el apoyo de un ejemplar canino de nombre Ram, entrenado para la detecci\u00f3n de drogas, como parte de labores preventivas. En los instantes que proceden a fiscalizar un bus interprovincial, el can dio una alerta positiva frente a una mochila que<\/p>\n<div class=\"read-more-wrapper\"><a class=\"read-more\" href=\"https:\/\/diarioellabrador.cl\/index.php\/2026\/01\/22\/ejemplar-canino-de-carabineros-sorprendio-a-un-hombre-con-un-kilo-de-marihuana-al-interior-de-bus-interprovincial\/\" title=\"Leer m\u00e1s\"> <span class=\"button \">Leer m\u00e1s<\/span><\/a><\/div>\n","protected":false},"author":2,"featured_media":14229,"comment_status":"open","ping_status":"open","sticky":false,"template":"","format":"standard","meta":{"footnotes":""},"categories":[14,3],"tags":[],"class_list":["post-14195","post","type-post","status-publish","format-standard","has-post-thumbnail","hentry","category-destacados","category-policial"],"yoast_head":"<!-- This site is optimized with the Yoast SEO plugin v27.5 - https:\/\/yoast.com\/product\/yoast-seo-wordpress\/ -->\n<title>Ejemplar canino de carabineros sorprendi\u00f3 a un hombre con un kilo de marihuana al interior de bus interprovincial - Diario El Labrador<\/title>\n<meta name=\"robots\" content=\"index, follow, max-snippet:-1, max-image-preview:large, max-video-preview:-1\" \/>\n<link rel=\"canonical\" href=\"https:\/\/diarioellabrador.cl\/index.php\/2026\/01\/22\/ejemplar-canino-de-carabineros-sorprendio-a-un-hombre-con-un-kilo-de-marihuana-al-interior-de-bus-interprovincial\/\" \/>\n<meta property=\"og:locale\" content=\"es_ES\" \/>\n<meta property=\"og:type\" content=\"article\" \/>\n<meta property=\"og:title\" content=\"Ejemplar canino de carabineros sorprendi\u00f3 a un hombre con un kilo de marihuana al interior de bus interprovincial - Diario El Labrador\" \/>\n<meta property=\"og:description\" content=\"Personal de Carabineros de la Tenencia de Carreteras se encontraba realizando diversas fiscalizaciones con el apoyo de un ejemplar canino de nombre Ram, entrenado para la detecci\u00f3n de drogas, como parte de labores preventivas. En los instantes que proceden a fiscalizar un bus interprovincial, el can dio una alerta positiva frente a una mochila que Leer m\u00e1s\" \/>\n<meta property=\"og:url\" content=\"https:\/\/diarioellabrador.cl\/index.php\/2026\/01\/22\/ejemplar-canino-de-carabineros-sorprendio-a-un-hombre-con-un-kilo-de-marihuana-al-interior-de-bus-interprovincial\/\" \/>\n<meta property=\"og:site_name\" content=\"Diario El Labrador\" \/>\n<meta property=\"article:publisher\" content=\"https:\/\/web.facebook.com\/profile.php?id=61576120840621\" \/>\n<meta property=\"article:published_time\" content=\"2026-01-22T22:04:16+00:00\" \/>\n<meta property=\"article:modified_time\" content=\"2026-01-22T22:19:19+00:00\" \/>\n<meta property=\"og:image\" content=\"https:\/\/diarioellabrador.cl\/wp-content\/uploads\/2026\/01\/Sin-titulo-1.jpg\" \/>\n\t<meta property=\"og:image:width\" content=\"960\" \/>\n\t<meta property=\"og:image:height\" content=\"1100\" \/>\n\t<meta property=\"og:image:type\" content=\"image\/jpeg\" \/>\n<meta name=\"author\" content=\"Editor\" \/>\n<meta name=\"twitter:card\" content=\"summary_large_image\" \/>\n<meta name=\"twitter:creator\" content=\"@ElLabradorOf\" \/>\n<meta name=\"twitter:site\" content=\"@ElLabradorOf\" \/>\n<meta name=\"twitter:label1\" content=\"Escrito por\" \/>\n\t<meta name=\"twitter:data1\" content=\"Editor\" \/>\n\t<meta name=\"twitter:label2\" content=\"Tiempo de lectura\" \/>\n\t<meta name=\"twitter:data2\" content=\"1 minuto\" \/>\n<script type=\"application\/ld+json\" class=\"yoast-schema-graph\">{\"@context\":\"https:\\\/\\\/schema.org\",\"@graph\":[{\"@type\":\"Article\",\"@id\":\"https:\\\/\\\/diarioellabrador.cl\\\/index.php\\\/2026\\\/01\\\/22\\\/ejemplar-canino-de-carabineros-sorprendio-a-un-hombre-con-un-kilo-de-marihuana-al-interior-de-bus-interprovincial\\\/#article\",\"isPartOf\":{\"@id\":\"https:\\\/\\\/diarioellabrador.cl\\\/index.php\\\/2026\\\/01\\\/22\\\/ejemplar-canino-de-carabineros-sorprendio-a-un-hombre-con-un-kilo-de-marihuana-al-interior-de-bus-interprovincial\\\/\"},\"author\":{\"name\":\"Editor\",\"@id\":\"https:\\\/\\\/diarioellabrador.cl\\\/#\\\/schema\\\/person\\\/bc25ff80b4563f9c7f4bd7855df01685\"},\"headline\":\"Ejemplar canino de carabineros sorprendi\u00f3 a un hombre con un kilo de marihuana al interior de bus interprovincial\",\"datePublished\":\"2026-01-22T22:04:16+00:00\",\"dateModified\":\"2026-01-22T22:19:19+00:00\",\"mainEntityOfPage\":{\"@id\":\"https:\\\/\\\/diarioellabrador.cl\\\/index.php\\\/2026\\\/01\\\/22\\\/ejemplar-canino-de-carabineros-sorprendio-a-un-hombre-con-un-kilo-de-marihuana-al-interior-de-bus-interprovincial\\\/\"},\"wordCount\":154,\"commentCount\":0,\"publisher\":{\"@id\":\"https:\\\/\\\/diarioellabrador.cl\\\/#organization\"},\"image\":{\"@id\":\"https:\\\/\\\/diarioellabrador.cl\\\/index.php\\\/2026\\\/01\\\/22\\\/ejemplar-canino-de-carabineros-sorprendio-a-un-hombre-con-un-kilo-de-marihuana-al-interior-de-bus-interprovincial\\\/#primaryimage\"},\"thumbnailUrl\":\"https:\\\/\\\/diarioellabrador.cl\\\/wp-content\\\/uploads\\\/2026\\\/01\\\/Sin-titulo-1.jpg\",\"articleSection\":[\"Destacados\",\"Policial\"],\"inLanguage\":\"es\",\"potentialAction\":[{\"@type\":\"CommentAction\",\"name\":\"Comment\",\"target\":[\"https:\\\/\\\/diarioellabrador.cl\\\/index.php\\\/2026\\\/01\\\/22\\\/ejemplar-canino-de-carabineros-sorprendio-a-un-hombre-con-un-kilo-de-marihuana-al-interior-de-bus-interprovincial\\\/#respond\"]}]},{\"@type\":\"WebPage\",\"@id\":\"https:\\\/\\\/diarioellabrador.cl\\\/index.php\\\/2026\\\/01\\\/22\\\/ejemplar-canino-de-carabineros-sorprendio-a-un-hombre-con-un-kilo-de-marihuana-al-interior-de-bus-interprovincial\\\/\",\"url\":\"https:\\\/\\\/diarioellabrador.cl\\\/index.php\\\/2026\\\/01\\\/22\\\/ejemplar-canino-de-carabineros-sorprendio-a-un-hombre-con-un-kilo-de-marihuana-al-interior-de-bus-interprovincial\\\/\",\"name\":\"Ejemplar canino de carabineros sorprendi\u00f3 a un hombre con un kilo de marihuana al interior de bus interprovincial - Diario El Labrador\",\"isPartOf\":{\"@id\":\"https:\\\/\\\/diarioellabrador.cl\\\/#website\"},\"primaryImageOfPage\":{\"@id\":\"https:\\\/\\\/diarioellabrador.cl\\\/index.php\\\/2026\\\/01\\\/22\\\/ejemplar-canino-de-carabineros-sorprendio-a-un-hombre-con-un-kilo-de-marihuana-al-interior-de-bus-interprovincial\\\/#primaryimage\"},\"image\":{\"@id\":\"https:\\\/\\\/diarioellabrador.cl\\\/index.php\\\/2026\\\/01\\\/22\\\/ejemplar-canino-de-carabineros-sorprendio-a-un-hombre-con-un-kilo-de-marihuana-al-interior-de-bus-interprovincial\\\/#primaryimage\"},\"thumbnailUrl\":\"https:\\\/\\\/diarioellabrador.cl\\\/wp-content\\\/uploads\\\/2026\\\/01\\\/Sin-titulo-1.jpg\",\"datePublished\":\"2026-01-22T22:04:16+00:00\",\"dateModified\":\"2026-01-22T22:19:19+00:00\",\"breadcrumb\":{\"@id\":\"https:\\\/\\\/diarioellabrador.cl\\\/index.php\\\/2026\\\/01\\\/22\\\/ejemplar-canino-de-carabineros-sorprendio-a-un-hombre-con-un-kilo-de-marihuana-al-interior-de-bus-interprovincial\\\/#breadcrumb\"},\"inLanguage\":\"es\",\"potentialAction\":[{\"@type\":\"ReadAction\",\"target\":[\"https:\\\/\\\/diarioellabrador.cl\\\/index.php\\\/2026\\\/01\\\/22\\\/ejemplar-canino-de-carabineros-sorprendio-a-un-hombre-con-un-kilo-de-marihuana-al-interior-de-bus-interprovincial\\\/\"]}]},{\"@type\":\"ImageObject\",\"inLanguage\":\"es\",\"@id\":\"https:\\\/\\\/diarioellabrador.cl\\\/index.php\\\/2026\\\/01\\\/22\\\/ejemplar-canino-de-carabineros-sorprendio-a-un-hombre-con-un-kilo-de-marihuana-al-interior-de-bus-interprovincial\\\/#primaryimage\",\"url\":\"https:\\\/\\\/diarioellabrador.cl\\\/wp-content\\\/uploads\\\/2026\\\/01\\\/Sin-titulo-1.jpg\",\"contentUrl\":\"https:\\\/\\\/diarioellabrador.cl\\\/wp-content\\\/uploads\\\/2026\\\/01\\\/Sin-titulo-1.jpg\",\"width\":960,\"height\":1100},{\"@type\":\"BreadcrumbList\",\"@id\":\"https:\\\/\\\/diarioellabrador.cl\\\/index.php\\\/2026\\\/01\\\/22\\\/ejemplar-canino-de-carabineros-sorprendio-a-un-hombre-con-un-kilo-de-marihuana-al-interior-de-bus-interprovincial\\\/#breadcrumb\",\"itemListElement\":[{\"@type\":\"ListItem\",\"position\":1,\"name\":\"Portada\",\"item\":\"https:\\\/\\\/diarioellabrador.cl\\\/\"},{\"@type\":\"ListItem\",\"position\":2,\"name\":\"Ejemplar canino de carabineros sorprendi\u00f3 a un hombre con un kilo de marihuana al interior de bus interprovincial\"}]},{\"@type\":\"WebSite\",\"@id\":\"https:\\\/\\\/diarioellabrador.cl\\\/#website\",\"url\":\"https:\\\/\\\/diarioellabrador.cl\\\/\",\"name\":\"Diario El Labrador\",\"description\":\"Haciendo noticia desde 1921\",\"publisher\":{\"@id\":\"https:\\\/\\\/diarioellabrador.cl\\\/#organization\"},\"potentialAction\":[{\"@type\":\"SearchAction\",\"target\":{\"@type\":\"EntryPoint\",\"urlTemplate\":\"https:\\\/\\\/diarioellabrador.cl\\\/?s={search_term_string}\"},\"query-input\":{\"@type\":\"PropertyValueSpecification\",\"valueRequired\":true,\"valueName\":\"search_term_string\"}}],\"inLanguage\":\"es\"},{\"@type\":\"Organization\",\"@id\":\"https:\\\/\\\/diarioellabrador.cl\\\/#organization\",\"name\":\"Diario El Labrador\",\"url\":\"https:\\\/\\\/diarioellabrador.cl\\\/\",\"logo\":{\"@type\":\"ImageObject\",\"inLanguage\":\"es\",\"@id\":\"https:\\\/\\\/diarioellabrador.cl\\\/#\\\/schema\\\/logo\\\/image\\\/\",\"url\":\"https:\\\/\\\/diarioellabrador.cl\\\/wp-content\\\/uploads\\\/2025\\\/02\\\/cropped-Logo-Icono.png\",\"contentUrl\":\"https:\\\/\\\/diarioellabrador.cl\\\/wp-content\\\/uploads\\\/2025\\\/02\\\/cropped-Logo-Icono.png\",\"width\":512,\"height\":512,\"caption\":\"Diario El Labrador\"},\"image\":{\"@id\":\"https:\\\/\\\/diarioellabrador.cl\\\/#\\\/schema\\\/logo\\\/image\\\/\"},\"sameAs\":[\"https:\\\/\\\/web.facebook.com\\\/profile.php?id=61576120840621\",\"https:\\\/\\\/x.com\\\/ElLabradorOf\",\"https:\\\/\\\/www.instagram.com\\\/diarioellabradoroficial\\\/\"]},{\"@type\":\"Person\",\"@id\":\"https:\\\/\\\/diarioellabrador.cl\\\/#\\\/schema\\\/person\\\/bc25ff80b4563f9c7f4bd7855df01685\",\"name\":\"Editor\",\"image\":{\"@type\":\"ImageObject\",\"inLanguage\":\"es\",\"@id\":\"https:\\\/\\\/secure.gravatar.com\\\/avatar\\\/109c326cf2be5c04f048c2c2a2b8b6ef44bf3d8d1d3d4c55d0ac40c4bc994684?s=96&d=mm&r=g\",\"url\":\"https:\\\/\\\/secure.gravatar.com\\\/avatar\\\/109c326cf2be5c04f048c2c2a2b8b6ef44bf3d8d1d3d4c55d0ac40c4bc994684?s=96&d=mm&r=g\",\"contentUrl\":\"https:\\\/\\\/secure.gravatar.com\\\/avatar\\\/109c326cf2be5c04f048c2c2a2b8b6ef44bf3d8d1d3d4c55d0ac40c4bc994684?s=96&d=mm&r=g\",\"caption\":\"Editor\"},\"url\":\"https:\\\/\\\/diarioellabrador.cl\\\/index.php\\\/author\\\/editor\\\/\"}]}<\/script>\n<!-- \/ Yoast SEO plugin. -->","yoast_head_json":{"title":"Ejemplar canino de carabineros sorprendi\u00f3 a un hombre con un kilo de marihuana al interior de bus interprovincial - Diario El Labrador","robots":{"index":"index","follow":"follow","max-snippet":"max-snippet:-1","max-image-preview":"max-image-preview:large","max-video-preview":"max-video-preview:-1"},"canonical":"https:\/\/diarioellabrador.cl\/index.php\/2026\/01\/22\/ejemplar-canino-de-carabineros-sorprendio-a-un-hombre-con-un-kilo-de-marihuana-al-interior-de-bus-interprovincial\/","og_locale":"es_ES","og_type":"article","og_title":"Ejemplar canino de carabineros sorprendi\u00f3 a un hombre con un kilo de marihuana al interior de bus interprovincial - Diario El Labrador","og_description":"Personal de Carabineros de la Tenencia de Carreteras se encontraba realizando diversas fiscalizaciones con el apoyo de un ejemplar canino de nombre Ram, entrenado para la detecci\u00f3n de drogas, como parte de labores preventivas. En los instantes que proceden a fiscalizar un bus interprovincial, el can dio una alerta positiva frente a una mochila que Leer m\u00e1s","og_url":"https:\/\/diarioellabrador.cl\/index.php\/2026\/01\/22\/ejemplar-canino-de-carabineros-sorprendio-a-un-hombre-con-un-kilo-de-marihuana-al-interior-de-bus-interprovincial\/","og_site_name":"Diario El Labrador","article_publisher":"https:\/\/web.facebook.com\/profile.php?id=61576120840621","article_published_time":"2026-01-22T22:04:16+00:00","article_modified_time":"2026-01-22T22:19:19+00:00","og_image":[{"width":960,"height":1100,"url":"https:\/\/diarioellabrador.cl\/wp-content\/uploads\/2026\/01\/Sin-titulo-1.jpg","type":"image\/jpeg"}],"author":"Editor","twitter_card":"summary_large_image","twitter_creator":"@ElLabradorOf","twitter_site":"@ElLabradorOf","twitter_misc":{"Escrito por":"Editor","Tiempo de lectura":"1 minuto"},"schema":{"@context":"https:\/\/schema.org","@graph":[{"@type":"Article","@id":"https:\/\/diarioellabrador.cl\/index.php\/2026\/01\/22\/ejemplar-canino-de-carabineros-sorprendio-a-un-hombre-con-un-kilo-de-marihuana-al-interior-de-bus-interprovincial\/#article","isPartOf":{"@id":"https:\/\/diarioellabrador.cl\/index.php\/2026\/01\/22\/ejemplar-canino-de-carabineros-sorprendio-a-un-hombre-con-un-kilo-de-marihuana-al-interior-de-bus-interprovincial\/"},"author":{"name":"Editor","@id":"https:\/\/diarioellabrador.cl\/#\/schema\/person\/bc25ff80b4563f9c7f4bd7855df01685"},"headline":"Ejemplar canino de carabineros sorprendi\u00f3 a un hombre con un kilo de marihuana al interior de bus interprovincial","datePublished":"2026-01-22T22:04:16+00:00","dateModified":"2026-01-22T22:19:19+00:00","mainEntityOfPage":{"@id":"https:\/\/diarioellabrador.cl\/index.php\/2026\/01\/22\/ejemplar-canino-de-carabineros-sorprendio-a-un-hombre-con-un-kilo-de-marihuana-al-interior-de-bus-interprovincial\/"},"wordCount":154,"commentCount":0,"publisher":{"@id":"https:\/\/diarioellabrador.cl\/#organization"},"image":{"@id":"https:\/\/diarioellabrador.cl\/index.php\/2026\/01\/22\/ejemplar-canino-de-carabineros-sorprendio-a-un-hombre-con-un-kilo-de-marihuana-al-interior-de-bus-interprovincial\/#primaryimage"},"thumbnailUrl":"https:\/\/diarioellabrador.cl\/wp-content\/uploads\/2026\/01\/Sin-titulo-1.jpg","articleSection":["Destacados","Policial"],"inLanguage":"es","potentialAction":[{"@type":"CommentAction","name":"Comment","target":["https:\/\/diarioellabrador.cl\/index.php\/2026\/01\/22\/ejemplar-canino-de-carabineros-sorprendio-a-un-hombre-con-un-kilo-de-marihuana-al-interior-de-bus-interprovincial\/#respond"]}]},{"@type":"WebPage","@id":"https:\/\/diarioellabrador.cl\/index.php\/2026\/01\/22\/ejemplar-canino-de-carabineros-sorprendio-a-un-hombre-con-un-kilo-de-marihuana-al-interior-de-bus-interprovincial\/","url":"https:\/\/diarioellabrador.cl\/index.php\/2026\/01\/22\/ejemplar-canino-de-carabineros-sorprendio-a-un-hombre-con-un-kilo-de-marihuana-al-interior-de-bus-interprovincial\/","name":"Ejemplar canino de carabineros sorprendi\u00f3 a un hombre con un kilo de marihuana al interior de bus interprovincial - Diario El Labrador","isPartOf":{"@id":"https:\/\/diarioellabrador.cl\/#website"},"primaryImageOfPage":{"@id":"https:\/\/diarioellabrador.cl\/index.php\/2026\/01\/22\/ejemplar-canino-de-carabineros-sorprendio-a-un-hombre-con-un-kilo-de-marihuana-al-interior-de-bus-interprovincial\/#primaryimage"},"image":{"@id":"https:\/\/diarioellabrador.cl\/index.php\/2026\/01\/22\/ejemplar-canino-de-carabineros-sorprendio-a-un-hombre-con-un-kilo-de-marihuana-al-interior-de-bus-interprovincial\/#primaryimage"},"thumbnailUrl":"https:\/\/diarioellabrador.cl\/wp-content\/uploads\/2026\/01\/Sin-titulo-1.jpg","datePublished":"2026-01-22T22:04:16+00:00","dateModified":"2026-01-22T22:19:19+00:00","breadcrumb":{"@id":"https:\/\/diarioellabrador.cl\/index.php\/2026\/01\/22\/ejemplar-canino-de-carabineros-sorprendio-a-un-hombre-con-un-kilo-de-marihuana-al-interior-de-bus-interprovincial\/#breadcrumb"},"inLanguage":"es","potentialAction":[{"@type":"ReadAction","target":["https:\/\/diarioellabrador.cl\/index.php\/2026\/01\/22\/ejemplar-canino-de-carabineros-sorprendio-a-un-hombre-con-un-kilo-de-marihuana-al-interior-de-bus-interprovincial\/"]}]},{"@type":"ImageObject","inLanguage":"es","@id":"https:\/\/diarioellabrador.cl\/index.php\/2026\/01\/22\/ejemplar-canino-de-carabineros-sorprendio-a-un-hombre-con-un-kilo-de-marihuana-al-interior-de-bus-interprovincial\/#primaryimage","url":"https:\/\/diarioellabrador.cl\/wp-content\/uploads\/2026\/01\/Sin-titulo-1.jpg","contentUrl":"https:\/\/diarioellabrador.cl\/wp-content\/uploads\/2026\/01\/Sin-titulo-1.jpg","width":960,"height":1100},{"@type":"BreadcrumbList","@id":"https:\/\/diarioellabrador.cl\/index.php\/2026\/01\/22\/ejemplar-canino-de-carabineros-sorprendio-a-un-hombre-con-un-kilo-de-marihuana-al-interior-de-bus-interprovincial\/#breadcrumb","itemListElement":[{"@type":"ListItem","position":1,"name":"Portada","item":"https:\/\/diarioellabrador.cl\/"},{"@type":"ListItem","position":2,"name":"Ejemplar canino de carabineros sorprendi\u00f3 a un hombre con un kilo de marihuana al interior de bus interprovincial"}]},{"@type":"WebSite","@id":"https:\/\/diarioellabrador.cl\/#website","url":"https:\/\/diarioellabrador.cl\/","name":"Diario El Labrador","description":"Haciendo noticia desde 1921","publisher":{"@id":"https:\/\/diarioellabrador.cl\/#organization"},"potentialAction":[{"@type":"SearchAction","target":{"@type":"EntryPoint","urlTemplate":"https:\/\/diarioellabrador.cl\/?s={search_term_string}"},"query-input":{"@type":"PropertyValueSpecification","valueRequired":true,"valueName":"search_term_string"}}],"inLanguage":"es"},{"@type":"Organization","@id":"https:\/\/diarioellabrador.cl\/#organization","name":"Diario El Labrador","url":"https:\/\/diarioellabrador.cl\/","logo":{"@type":"ImageObject","inLanguage":"es","@id":"https:\/\/diarioellabrador.cl\/#\/schema\/logo\/image\/","url":"https:\/\/diarioellabrador.cl\/wp-content\/uploads\/2025\/02\/cropped-Logo-Icono.png","contentUrl":"https:\/\/diarioellabrador.cl\/wp-content\/uploads\/2025\/02\/cropped-Logo-Icono.png","width":512,"height":512,"caption":"Diario El Labrador"},"image":{"@id":"https:\/\/diarioellabrador.cl\/#\/schema\/logo\/image\/"},"sameAs":["https:\/\/web.facebook.com\/profile.php?id=61576120840621","https:\/\/x.com\/ElLabradorOf","https:\/\/www.instagram.com\/diarioellabradoroficial\/"]},{"@type":"Person","@id":"https:\/\/diarioellabrador.cl\/#\/schema\/person\/bc25ff80b4563f9c7f4bd7855df01685","name":"Editor","image":{"@type":"ImageObject","inLanguage":"es","@id":"https:\/\/secure.gravatar.com\/avatar\/109c326cf2be5c04f048c2c2a2b8b6ef44bf3d8d1d3d4c55d0ac40c4bc994684?s=96&d=mm&r=g","url":"https:\/\/secure.gravatar.com\/avatar\/109c326cf2be5c04f048c2c2a2b8b6ef44bf3d8d1d3d4c55d0ac40c4bc994684?s=96&d=mm&r=g","contentUrl":"https:\/\/secure.gravatar.com\/avatar\/109c326cf2be5c04f048c2c2a2b8b6ef44bf3d8d1d3d4c55d0ac40c4bc994684?s=96&d=mm&r=g","caption":"Editor"},"url":"https:\/\/diarioellabrador.cl\/index.php\/author\/editor\/"}]}},"_links":{"self":[{"href":"https:\/\/diarioellabrador.cl\/index.php\/wp-json\/wp\/v2\/posts\/14195","targetHints":{"allow":["GET"]}}],"collection":[{"href":"https:\/\/diarioellabrador.cl\/index.php\/wp-json\/wp\/v2\/posts"}],"about":[{"href":"https:\/\/diarioellabrador.cl\/index.php\/wp-json\/wp\/v2\/types\/post"}],"author":[{"embeddable":true,"href":"https:\/\/diarioellabrador.cl\/index.php\/wp-json\/wp\/v2\/users\/2"}],"replies":[{"embeddable":true,"href":"https:\/\/diarioellabrador.cl\/index.php\/wp-json\/wp\/v2\/comments?post=14195"}],"version-history":[{"count":1,"href":"https:\/\/diarioellabrador.cl\/index.php\/wp-json\/wp\/v2\/posts\/14195\/revisions"}],"predecessor-version":[{"id":14196,"href":"https:\/\/diarioellabrador.cl\/index.php\/wp-json\/wp\/v2\/posts\/14195\/revisions\/14196"}],"wp:featuredmedia":[{"embeddable":true,"href":"https:\/\/diarioellabrador.cl\/index.php\/wp-json\/wp\/v2\/media\/14229"}],"wp:attachment":[{"href":"https:\/\/diarioellabrador.cl\/index.php\/wp-json\/wp\/v2\/media?parent=14195"}],"wp:term":[{"taxonomy":"category","embeddable":true,"href":"https:\/\/diarioellabrador.cl\/index.php\/wp-json\/wp\/v2\/categories?post=14195"},{"taxonomy":"post_tag","embeddable":true,"href":"https:\/\/diarioellabrador.cl\/index.php\/wp-json\/wp\/v2\/tags?post=14195"}],"curies":[{"name":"wp","href":"https:\/\/api.w.org\/{rel}","templated":true}]}}