{"id":14193,"date":"2026-01-22T18:03:19","date_gmt":"2026-01-22T22:03:19","guid":{"rendered":"https:\/\/diarioellabrador.cl\/?p=14193"},"modified":"2026-01-22T18:03:20","modified_gmt":"2026-01-22T22:03:20","slug":"criadores-de-nuble-desplegaron-ayuda-solidaria-en-portezuelo-tras-incendio-forestal","status":"publish","type":"post","link":"https:\/\/diarioellabrador.cl\/index.php\/2026\/01\/22\/criadores-de-nuble-desplegaron-ayuda-solidaria-en-portezuelo-tras-incendio-forestal\/","title":{"rendered":"Criadores de \u00d1uble desplegaron ayuda solidaria en Portezuelo tras incendio forestal"},"content":{"rendered":"\n<p><strong>Autor: <\/strong><a href=\"https:\/\/www.caballoyrodeo.cl\/portal_rodeo\/site\/tax\/port\/all\/taxport____1.html\">Caballoyrodeo.cl<\/a><\/p>\n\n\n\n<p>La emergencia desatada por los incendios forestales en la <strong>Regi\u00f3n de \u00d1uble<\/strong> activ\u00f3 de inmediato la solidaridad del mundo huaso. En la comuna de <strong>Portezuelo<\/strong>, donde el fuego arras\u00f3 con m\u00e1s de 1.200 hect\u00e1reas desde la noche del s\u00e1bado, los socios de la <strong>Asociaci\u00f3n de Criadores de Caballos de Raza Chilena de \u00d1uble<\/strong> protagonizaron un importante despliegue de ayuda.<\/p>\n\n\n\n<p>La gesti\u00f3n fue encabezada por <strong>Jaime Orellana<\/strong>, t\u00e9cnico agr\u00edcola del Prodesal de la zona y socio de la entidad, quien coordin\u00f3 los esfuerzos junto a <strong>Daniela Toro Alvarez<\/strong>, esposa del alcalde <strong>Juan Carlos Ram\u00edrez<\/strong>. El llamado tuvo una respuesta inmediata.<\/p>\n\n\n\n<p>\u00abPed\u00ed ayuda a mis amigos, a mis socios, a mis compa\u00f1eros. Al d\u00eda siguiente mis amigos ya estaban ac\u00e1 con 600 fardos. Los que no pusieron fardos, pusieron sus camiones. Ocupamos gente de la municipalidad para descargar. Es gratificante porque sobraban manos para ayudar\u00bb, relat\u00f3 <strong>Orellana<\/strong>.<\/p>\n\n\n\n<h3 class=\"wp-block-heading\">Entrega personalizada y efectiva<\/h3>\n\n\n\n<p>La ayuda se concentr\u00f3 en el predio de <strong>Carlos Andrades,<\/strong> presidente de los Criadores de Itata, quien facilit\u00f3 sus instalaciones como centro de acopio. Desde all\u00ed se canalizar\u00e1 la entrega de forraje para los peque\u00f1os agricultores que sufrieron p\u00e9rdidas.<\/p>\n\n\n\n<p>Sobre la log\u00edstica, Orellana aclar\u00f3 que la distribuci\u00f3n comenzar\u00e1 a ejecutarse a la brevedad. \u00abLa entrega se va a canalizar ma\u00f1ana a m\u00e1s tardar.<strong> Se comienza para estar preparados nosotros y entregarlas personalmente.<\/strong> Como programa Prodesal tenemos el catastro de las personas que realmente lo necesitan, los que realmente han sido damnificados\u00bb, explic\u00f3, enfatizando en la importancia de evitar irregularidades en el proceso<\/p>\n\n\n\n<h3 class=\"wp-block-heading\">El esp\u00edritu solidario del huaso<\/h3>\n\n\n\n<p><strong>Orellana<\/strong> destac\u00f3 la disposici\u00f3n inmediata de los criadores para acudir al llamado, valorando el esp\u00edritu de la gente de campo en momentos de crisis. \u00abEstamos muy contentos con el coraz\u00f3n hinchado de que nuestros socios ah\u00ed est\u00e1n. La gente de campo nunca ha dicho no para ayudar\u00bb, enfatiz\u00f3. Si bien la emergencia inmediata en cuanto a albergues y alimentaci\u00f3n humana est\u00e1 cubierta, la necesidad de reconstrucci\u00f3n y alimentaci\u00f3n animal sigue latente. \u00abHoy d\u00eda hay que construir y hay que alimentar, y eso es lo que tenemos como prioridad. Toda la ayuda que sea alimentaci\u00f3n animal y materiales de construcci\u00f3n son muy bienvenidas ahora\u00bb, concluy\u00f3 el socio de <strong>\u00d1uble<\/strong>.<\/p>\n","protected":false},"excerpt":{"rendered":"<p>Autor: Caballoyrodeo.cl La emergencia desatada por los incendios forestales en la Regi\u00f3n de \u00d1uble activ\u00f3 de inmediato la solidaridad del mundo huaso. En la comuna de Portezuelo, donde el fuego arras\u00f3 con m\u00e1s de 1.200 hect\u00e1reas desde la noche del s\u00e1bado, los socios de la Asociaci\u00f3n de Criadores de Caballos de Raza Chilena de \u00d1uble<\/p>\n<div class=\"read-more-wrapper\"><a class=\"read-more\" href=\"https:\/\/diarioellabrador.cl\/index.php\/2026\/01\/22\/criadores-de-nuble-desplegaron-ayuda-solidaria-en-portezuelo-tras-incendio-forestal\/\" title=\"Leer m\u00e1s\"> <span class=\"button \">Leer m\u00e1s<\/span><\/a><\/div>\n","protected":false},"author":2,"featured_media":14156,"comment_status":"open","ping_status":"open","sticky":false,"template":"","format":"standard","meta":{"footnotes":""},"categories":[5],"tags":[],"class_list":["post-14193","post","type-post","status-publish","format-standard","has-post-thumbnail","hentry","category-rodeo"],"yoast_head":"<!-- This site is optimized with the Yoast SEO plugin v27.5 - https:\/\/yoast.com\/product\/yoast-seo-wordpress\/ -->\n<title>Criadores de \u00d1uble desplegaron ayuda solidaria en Portezuelo tras incendio forestal - Diario El Labrador<\/title>\n<meta name=\"robots\" content=\"index, follow, max-snippet:-1, max-image-preview:large, max-video-preview:-1\" \/>\n<link rel=\"canonical\" href=\"https:\/\/diarioellabrador.cl\/index.php\/2026\/01\/22\/criadores-de-nuble-desplegaron-ayuda-solidaria-en-portezuelo-tras-incendio-forestal\/\" \/>\n<meta property=\"og:locale\" content=\"es_ES\" \/>\n<meta property=\"og:type\" content=\"article\" \/>\n<meta property=\"og:title\" content=\"Criadores de \u00d1uble desplegaron ayuda solidaria en Portezuelo tras incendio forestal - Diario El Labrador\" \/>\n<meta property=\"og:description\" content=\"Autor: Caballoyrodeo.cl La emergencia desatada por los incendios forestales en la Regi\u00f3n de \u00d1uble activ\u00f3 de inmediato la solidaridad del mundo huaso. En la comuna de Portezuelo, donde el fuego arras\u00f3 con m\u00e1s de 1.200 hect\u00e1reas desde la noche del s\u00e1bado, los socios de la Asociaci\u00f3n de Criadores de Caballos de Raza Chilena de \u00d1uble Leer m\u00e1s\" \/>\n<meta property=\"og:url\" content=\"https:\/\/diarioellabrador.cl\/index.php\/2026\/01\/22\/criadores-de-nuble-desplegaron-ayuda-solidaria-en-portezuelo-tras-incendio-forestal\/\" \/>\n<meta property=\"og:site_name\" content=\"Diario El Labrador\" \/>\n<meta property=\"article:publisher\" content=\"https:\/\/web.facebook.com\/profile.php?id=61576120840621\" \/>\n<meta property=\"article:published_time\" content=\"2026-01-22T22:03:19+00:00\" \/>\n<meta property=\"article:modified_time\" content=\"2026-01-22T22:03:20+00:00\" \/>\n<meta property=\"og:image\" content=\"https:\/\/diarioellabrador.cl\/wp-content\/uploads\/2026\/01\/Criadores-de-Nuble-desplegaron-ayuda-solidaria-en-Portezuelo-tras-incendio-forestal.jpg\" \/>\n\t<meta property=\"og:image:width\" content=\"750\" \/>\n\t<meta property=\"og:image:height\" content=\"389\" \/>\n\t<meta property=\"og:image:type\" content=\"image\/jpeg\" \/>\n<meta name=\"author\" content=\"Editor\" \/>\n<meta name=\"twitter:card\" content=\"summary_large_image\" \/>\n<meta name=\"twitter:creator\" content=\"@ElLabradorOf\" \/>\n<meta name=\"twitter:site\" content=\"@ElLabradorOf\" \/>\n<meta name=\"twitter:label1\" content=\"Escrito por\" \/>\n\t<meta name=\"twitter:data1\" content=\"Editor\" \/>\n\t<meta name=\"twitter:label2\" content=\"Tiempo de lectura\" \/>\n\t<meta name=\"twitter:data2\" content=\"2 minutos\" \/>\n<script type=\"application\/ld+json\" class=\"yoast-schema-graph\">{\"@context\":\"https:\\\/\\\/schema.org\",\"@graph\":[{\"@type\":\"Article\",\"@id\":\"https:\\\/\\\/diarioellabrador.cl\\\/index.php\\\/2026\\\/01\\\/22\\\/criadores-de-nuble-desplegaron-ayuda-solidaria-en-portezuelo-tras-incendio-forestal\\\/#article\",\"isPartOf\":{\"@id\":\"https:\\\/\\\/diarioellabrador.cl\\\/index.php\\\/2026\\\/01\\\/22\\\/criadores-de-nuble-desplegaron-ayuda-solidaria-en-portezuelo-tras-incendio-forestal\\\/\"},\"author\":{\"name\":\"Editor\",\"@id\":\"https:\\\/\\\/diarioellabrador.cl\\\/#\\\/schema\\\/person\\\/bc25ff80b4563f9c7f4bd7855df01685\"},\"headline\":\"Criadores de \u00d1uble desplegaron ayuda solidaria en Portezuelo tras incendio forestal\",\"datePublished\":\"2026-01-22T22:03:19+00:00\",\"dateModified\":\"2026-01-22T22:03:20+00:00\",\"mainEntityOfPage\":{\"@id\":\"https:\\\/\\\/diarioellabrador.cl\\\/index.php\\\/2026\\\/01\\\/22\\\/criadores-de-nuble-desplegaron-ayuda-solidaria-en-portezuelo-tras-incendio-forestal\\\/\"},\"wordCount\":404,\"commentCount\":0,\"publisher\":{\"@id\":\"https:\\\/\\\/diarioellabrador.cl\\\/#organization\"},\"image\":{\"@id\":\"https:\\\/\\\/diarioellabrador.cl\\\/index.php\\\/2026\\\/01\\\/22\\\/criadores-de-nuble-desplegaron-ayuda-solidaria-en-portezuelo-tras-incendio-forestal\\\/#primaryimage\"},\"thumbnailUrl\":\"https:\\\/\\\/diarioellabrador.cl\\\/wp-content\\\/uploads\\\/2026\\\/01\\\/Criadores-de-Nuble-desplegaron-ayuda-solidaria-en-Portezuelo-tras-incendio-forestal.jpg\",\"articleSection\":[\"Rodeo\"],\"inLanguage\":\"es\",\"potentialAction\":[{\"@type\":\"CommentAction\",\"name\":\"Comment\",\"target\":[\"https:\\\/\\\/diarioellabrador.cl\\\/index.php\\\/2026\\\/01\\\/22\\\/criadores-de-nuble-desplegaron-ayuda-solidaria-en-portezuelo-tras-incendio-forestal\\\/#respond\"]}]},{\"@type\":\"WebPage\",\"@id\":\"https:\\\/\\\/diarioellabrador.cl\\\/index.php\\\/2026\\\/01\\\/22\\\/criadores-de-nuble-desplegaron-ayuda-solidaria-en-portezuelo-tras-incendio-forestal\\\/\",\"url\":\"https:\\\/\\\/diarioellabrador.cl\\\/index.php\\\/2026\\\/01\\\/22\\\/criadores-de-nuble-desplegaron-ayuda-solidaria-en-portezuelo-tras-incendio-forestal\\\/\",\"name\":\"Criadores de \u00d1uble desplegaron ayuda solidaria en Portezuelo tras incendio forestal - Diario El Labrador\",\"isPartOf\":{\"@id\":\"https:\\\/\\\/diarioellabrador.cl\\\/#website\"},\"primaryImageOfPage\":{\"@id\":\"https:\\\/\\\/diarioellabrador.cl\\\/index.php\\\/2026\\\/01\\\/22\\\/criadores-de-nuble-desplegaron-ayuda-solidaria-en-portezuelo-tras-incendio-forestal\\\/#primaryimage\"},\"image\":{\"@id\":\"https:\\\/\\\/diarioellabrador.cl\\\/index.php\\\/2026\\\/01\\\/22\\\/criadores-de-nuble-desplegaron-ayuda-solidaria-en-portezuelo-tras-incendio-forestal\\\/#primaryimage\"},\"thumbnailUrl\":\"https:\\\/\\\/diarioellabrador.cl\\\/wp-content\\\/uploads\\\/2026\\\/01\\\/Criadores-de-Nuble-desplegaron-ayuda-solidaria-en-Portezuelo-tras-incendio-forestal.jpg\",\"datePublished\":\"2026-01-22T22:03:19+00:00\",\"dateModified\":\"2026-01-22T22:03:20+00:00\",\"breadcrumb\":{\"@id\":\"https:\\\/\\\/diarioellabrador.cl\\\/index.php\\\/2026\\\/01\\\/22\\\/criadores-de-nuble-desplegaron-ayuda-solidaria-en-portezuelo-tras-incendio-forestal\\\/#breadcrumb\"},\"inLanguage\":\"es\",\"potentialAction\":[{\"@type\":\"ReadAction\",\"target\":[\"https:\\\/\\\/diarioellabrador.cl\\\/index.php\\\/2026\\\/01\\\/22\\\/criadores-de-nuble-desplegaron-ayuda-solidaria-en-portezuelo-tras-incendio-forestal\\\/\"]}]},{\"@type\":\"ImageObject\",\"inLanguage\":\"es\",\"@id\":\"https:\\\/\\\/diarioellabrador.cl\\\/index.php\\\/2026\\\/01\\\/22\\\/criadores-de-nuble-desplegaron-ayuda-solidaria-en-portezuelo-tras-incendio-forestal\\\/#primaryimage\",\"url\":\"https:\\\/\\\/diarioellabrador.cl\\\/wp-content\\\/uploads\\\/2026\\\/01\\\/Criadores-de-Nuble-desplegaron-ayuda-solidaria-en-Portezuelo-tras-incendio-forestal.jpg\",\"contentUrl\":\"https:\\\/\\\/diarioellabrador.cl\\\/wp-content\\\/uploads\\\/2026\\\/01\\\/Criadores-de-Nuble-desplegaron-ayuda-solidaria-en-Portezuelo-tras-incendio-forestal.jpg\",\"width\":750,\"height\":389},{\"@type\":\"BreadcrumbList\",\"@id\":\"https:\\\/\\\/diarioellabrador.cl\\\/index.php\\\/2026\\\/01\\\/22\\\/criadores-de-nuble-desplegaron-ayuda-solidaria-en-portezuelo-tras-incendio-forestal\\\/#breadcrumb\",\"itemListElement\":[{\"@type\":\"ListItem\",\"position\":1,\"name\":\"Portada\",\"item\":\"https:\\\/\\\/diarioellabrador.cl\\\/\"},{\"@type\":\"ListItem\",\"position\":2,\"name\":\"Criadores de \u00d1uble desplegaron ayuda solidaria en Portezuelo tras incendio forestal\"}]},{\"@type\":\"WebSite\",\"@id\":\"https:\\\/\\\/diarioellabrador.cl\\\/#website\",\"url\":\"https:\\\/\\\/diarioellabrador.cl\\\/\",\"name\":\"Diario El Labrador\",\"description\":\"Haciendo noticia desde 1921\",\"publisher\":{\"@id\":\"https:\\\/\\\/diarioellabrador.cl\\\/#organization\"},\"potentialAction\":[{\"@type\":\"SearchAction\",\"target\":{\"@type\":\"EntryPoint\",\"urlTemplate\":\"https:\\\/\\\/diarioellabrador.cl\\\/?s={search_term_string}\"},\"query-input\":{\"@type\":\"PropertyValueSpecification\",\"valueRequired\":true,\"valueName\":\"search_term_string\"}}],\"inLanguage\":\"es\"},{\"@type\":\"Organization\",\"@id\":\"https:\\\/\\\/diarioellabrador.cl\\\/#organization\",\"name\":\"Diario El Labrador\",\"url\":\"https:\\\/\\\/diarioellabrador.cl\\\/\",\"logo\":{\"@type\":\"ImageObject\",\"inLanguage\":\"es\",\"@id\":\"https:\\\/\\\/diarioellabrador.cl\\\/#\\\/schema\\\/logo\\\/image\\\/\",\"url\":\"https:\\\/\\\/diarioellabrador.cl\\\/wp-content\\\/uploads\\\/2025\\\/02\\\/cropped-Logo-Icono.png\",\"contentUrl\":\"https:\\\/\\\/diarioellabrador.cl\\\/wp-content\\\/uploads\\\/2025\\\/02\\\/cropped-Logo-Icono.png\",\"width\":512,\"height\":512,\"caption\":\"Diario El Labrador\"},\"image\":{\"@id\":\"https:\\\/\\\/diarioellabrador.cl\\\/#\\\/schema\\\/logo\\\/image\\\/\"},\"sameAs\":[\"https:\\\/\\\/web.facebook.com\\\/profile.php?id=61576120840621\",\"https:\\\/\\\/x.com\\\/ElLabradorOf\",\"https:\\\/\\\/www.instagram.com\\\/diarioellabradoroficial\\\/\"]},{\"@type\":\"Person\",\"@id\":\"https:\\\/\\\/diarioellabrador.cl\\\/#\\\/schema\\\/person\\\/bc25ff80b4563f9c7f4bd7855df01685\",\"name\":\"Editor\",\"image\":{\"@type\":\"ImageObject\",\"inLanguage\":\"es\",\"@id\":\"https:\\\/\\\/secure.gravatar.com\\\/avatar\\\/109c326cf2be5c04f048c2c2a2b8b6ef44bf3d8d1d3d4c55d0ac40c4bc994684?s=96&d=mm&r=g\",\"url\":\"https:\\\/\\\/secure.gravatar.com\\\/avatar\\\/109c326cf2be5c04f048c2c2a2b8b6ef44bf3d8d1d3d4c55d0ac40c4bc994684?s=96&d=mm&r=g\",\"contentUrl\":\"https:\\\/\\\/secure.gravatar.com\\\/avatar\\\/109c326cf2be5c04f048c2c2a2b8b6ef44bf3d8d1d3d4c55d0ac40c4bc994684?s=96&d=mm&r=g\",\"caption\":\"Editor\"},\"url\":\"https:\\\/\\\/diarioellabrador.cl\\\/index.php\\\/author\\\/editor\\\/\"}]}<\/script>\n<!-- \/ Yoast SEO plugin. -->","yoast_head_json":{"title":"Criadores de \u00d1uble desplegaron ayuda solidaria en Portezuelo tras incendio forestal - Diario El Labrador","robots":{"index":"index","follow":"follow","max-snippet":"max-snippet:-1","max-image-preview":"max-image-preview:large","max-video-preview":"max-video-preview:-1"},"canonical":"https:\/\/diarioellabrador.cl\/index.php\/2026\/01\/22\/criadores-de-nuble-desplegaron-ayuda-solidaria-en-portezuelo-tras-incendio-forestal\/","og_locale":"es_ES","og_type":"article","og_title":"Criadores de \u00d1uble desplegaron ayuda solidaria en Portezuelo tras incendio forestal - Diario El Labrador","og_description":"Autor: Caballoyrodeo.cl La emergencia desatada por los incendios forestales en la Regi\u00f3n de \u00d1uble activ\u00f3 de inmediato la solidaridad del mundo huaso. En la comuna de Portezuelo, donde el fuego arras\u00f3 con m\u00e1s de 1.200 hect\u00e1reas desde la noche del s\u00e1bado, los socios de la Asociaci\u00f3n de Criadores de Caballos de Raza Chilena de \u00d1uble Leer m\u00e1s","og_url":"https:\/\/diarioellabrador.cl\/index.php\/2026\/01\/22\/criadores-de-nuble-desplegaron-ayuda-solidaria-en-portezuelo-tras-incendio-forestal\/","og_site_name":"Diario El Labrador","article_publisher":"https:\/\/web.facebook.com\/profile.php?id=61576120840621","article_published_time":"2026-01-22T22:03:19+00:00","article_modified_time":"2026-01-22T22:03:20+00:00","og_image":[{"width":750,"height":389,"url":"https:\/\/diarioellabrador.cl\/wp-content\/uploads\/2026\/01\/Criadores-de-Nuble-desplegaron-ayuda-solidaria-en-Portezuelo-tras-incendio-forestal.jpg","type":"image\/jpeg"}],"author":"Editor","twitter_card":"summary_large_image","twitter_creator":"@ElLabradorOf","twitter_site":"@ElLabradorOf","twitter_misc":{"Escrito por":"Editor","Tiempo de lectura":"2 minutos"},"schema":{"@context":"https:\/\/schema.org","@graph":[{"@type":"Article","@id":"https:\/\/diarioellabrador.cl\/index.php\/2026\/01\/22\/criadores-de-nuble-desplegaron-ayuda-solidaria-en-portezuelo-tras-incendio-forestal\/#article","isPartOf":{"@id":"https:\/\/diarioellabrador.cl\/index.php\/2026\/01\/22\/criadores-de-nuble-desplegaron-ayuda-solidaria-en-portezuelo-tras-incendio-forestal\/"},"author":{"name":"Editor","@id":"https:\/\/diarioellabrador.cl\/#\/schema\/person\/bc25ff80b4563f9c7f4bd7855df01685"},"headline":"Criadores de \u00d1uble desplegaron ayuda solidaria en Portezuelo tras incendio forestal","datePublished":"2026-01-22T22:03:19+00:00","dateModified":"2026-01-22T22:03:20+00:00","mainEntityOfPage":{"@id":"https:\/\/diarioellabrador.cl\/index.php\/2026\/01\/22\/criadores-de-nuble-desplegaron-ayuda-solidaria-en-portezuelo-tras-incendio-forestal\/"},"wordCount":404,"commentCount":0,"publisher":{"@id":"https:\/\/diarioellabrador.cl\/#organization"},"image":{"@id":"https:\/\/diarioellabrador.cl\/index.php\/2026\/01\/22\/criadores-de-nuble-desplegaron-ayuda-solidaria-en-portezuelo-tras-incendio-forestal\/#primaryimage"},"thumbnailUrl":"https:\/\/diarioellabrador.cl\/wp-content\/uploads\/2026\/01\/Criadores-de-Nuble-desplegaron-ayuda-solidaria-en-Portezuelo-tras-incendio-forestal.jpg","articleSection":["Rodeo"],"inLanguage":"es","potentialAction":[{"@type":"CommentAction","name":"Comment","target":["https:\/\/diarioellabrador.cl\/index.php\/2026\/01\/22\/criadores-de-nuble-desplegaron-ayuda-solidaria-en-portezuelo-tras-incendio-forestal\/#respond"]}]},{"@type":"WebPage","@id":"https:\/\/diarioellabrador.cl\/index.php\/2026\/01\/22\/criadores-de-nuble-desplegaron-ayuda-solidaria-en-portezuelo-tras-incendio-forestal\/","url":"https:\/\/diarioellabrador.cl\/index.php\/2026\/01\/22\/criadores-de-nuble-desplegaron-ayuda-solidaria-en-portezuelo-tras-incendio-forestal\/","name":"Criadores de \u00d1uble desplegaron ayuda solidaria en Portezuelo tras incendio forestal - Diario El Labrador","isPartOf":{"@id":"https:\/\/diarioellabrador.cl\/#website"},"primaryImageOfPage":{"@id":"https:\/\/diarioellabrador.cl\/index.php\/2026\/01\/22\/criadores-de-nuble-desplegaron-ayuda-solidaria-en-portezuelo-tras-incendio-forestal\/#primaryimage"},"image":{"@id":"https:\/\/diarioellabrador.cl\/index.php\/2026\/01\/22\/criadores-de-nuble-desplegaron-ayuda-solidaria-en-portezuelo-tras-incendio-forestal\/#primaryimage"},"thumbnailUrl":"https:\/\/diarioellabrador.cl\/wp-content\/uploads\/2026\/01\/Criadores-de-Nuble-desplegaron-ayuda-solidaria-en-Portezuelo-tras-incendio-forestal.jpg","datePublished":"2026-01-22T22:03:19+00:00","dateModified":"2026-01-22T22:03:20+00:00","breadcrumb":{"@id":"https:\/\/diarioellabrador.cl\/index.php\/2026\/01\/22\/criadores-de-nuble-desplegaron-ayuda-solidaria-en-portezuelo-tras-incendio-forestal\/#breadcrumb"},"inLanguage":"es","potentialAction":[{"@type":"ReadAction","target":["https:\/\/diarioellabrador.cl\/index.php\/2026\/01\/22\/criadores-de-nuble-desplegaron-ayuda-solidaria-en-portezuelo-tras-incendio-forestal\/"]}]},{"@type":"ImageObject","inLanguage":"es","@id":"https:\/\/diarioellabrador.cl\/index.php\/2026\/01\/22\/criadores-de-nuble-desplegaron-ayuda-solidaria-en-portezuelo-tras-incendio-forestal\/#primaryimage","url":"https:\/\/diarioellabrador.cl\/wp-content\/uploads\/2026\/01\/Criadores-de-Nuble-desplegaron-ayuda-solidaria-en-Portezuelo-tras-incendio-forestal.jpg","contentUrl":"https:\/\/diarioellabrador.cl\/wp-content\/uploads\/2026\/01\/Criadores-de-Nuble-desplegaron-ayuda-solidaria-en-Portezuelo-tras-incendio-forestal.jpg","width":750,"height":389},{"@type":"BreadcrumbList","@id":"https:\/\/diarioellabrador.cl\/index.php\/2026\/01\/22\/criadores-de-nuble-desplegaron-ayuda-solidaria-en-portezuelo-tras-incendio-forestal\/#breadcrumb","itemListElement":[{"@type":"ListItem","position":1,"name":"Portada","item":"https:\/\/diarioellabrador.cl\/"},{"@type":"ListItem","position":2,"name":"Criadores de \u00d1uble desplegaron ayuda solidaria en Portezuelo tras incendio forestal"}]},{"@type":"WebSite","@id":"https:\/\/diarioellabrador.cl\/#website","url":"https:\/\/diarioellabrador.cl\/","name":"Diario El Labrador","description":"Haciendo noticia desde 1921","publisher":{"@id":"https:\/\/diarioellabrador.cl\/#organization"},"potentialAction":[{"@type":"SearchAction","target":{"@type":"EntryPoint","urlTemplate":"https:\/\/diarioellabrador.cl\/?s={search_term_string}"},"query-input":{"@type":"PropertyValueSpecification","valueRequired":true,"valueName":"search_term_string"}}],"inLanguage":"es"},{"@type":"Organization","@id":"https:\/\/diarioellabrador.cl\/#organization","name":"Diario El Labrador","url":"https:\/\/diarioellabrador.cl\/","logo":{"@type":"ImageObject","inLanguage":"es","@id":"https:\/\/diarioellabrador.cl\/#\/schema\/logo\/image\/","url":"https:\/\/diarioellabrador.cl\/wp-content\/uploads\/2025\/02\/cropped-Logo-Icono.png","contentUrl":"https:\/\/diarioellabrador.cl\/wp-content\/uploads\/2025\/02\/cropped-Logo-Icono.png","width":512,"height":512,"caption":"Diario El Labrador"},"image":{"@id":"https:\/\/diarioellabrador.cl\/#\/schema\/logo\/image\/"},"sameAs":["https:\/\/web.facebook.com\/profile.php?id=61576120840621","https:\/\/x.com\/ElLabradorOf","https:\/\/www.instagram.com\/diarioellabradoroficial\/"]},{"@type":"Person","@id":"https:\/\/diarioellabrador.cl\/#\/schema\/person\/bc25ff80b4563f9c7f4bd7855df01685","name":"Editor","image":{"@type":"ImageObject","inLanguage":"es","@id":"https:\/\/secure.gravatar.com\/avatar\/109c326cf2be5c04f048c2c2a2b8b6ef44bf3d8d1d3d4c55d0ac40c4bc994684?s=96&d=mm&r=g","url":"https:\/\/secure.gravatar.com\/avatar\/109c326cf2be5c04f048c2c2a2b8b6ef44bf3d8d1d3d4c55d0ac40c4bc994684?s=96&d=mm&r=g","contentUrl":"https:\/\/secure.gravatar.com\/avatar\/109c326cf2be5c04f048c2c2a2b8b6ef44bf3d8d1d3d4c55d0ac40c4bc994684?s=96&d=mm&r=g","caption":"Editor"},"url":"https:\/\/diarioellabrador.cl\/index.php\/author\/editor\/"}]}},"_links":{"self":[{"href":"https:\/\/diarioellabrador.cl\/index.php\/wp-json\/wp\/v2\/posts\/14193","targetHints":{"allow":["GET"]}}],"collection":[{"href":"https:\/\/diarioellabrador.cl\/index.php\/wp-json\/wp\/v2\/posts"}],"about":[{"href":"https:\/\/diarioellabrador.cl\/index.php\/wp-json\/wp\/v2\/types\/post"}],"author":[{"embeddable":true,"href":"https:\/\/diarioellabrador.cl\/index.php\/wp-json\/wp\/v2\/users\/2"}],"replies":[{"embeddable":true,"href":"https:\/\/diarioellabrador.cl\/index.php\/wp-json\/wp\/v2\/comments?post=14193"}],"version-history":[{"count":1,"href":"https:\/\/diarioellabrador.cl\/index.php\/wp-json\/wp\/v2\/posts\/14193\/revisions"}],"predecessor-version":[{"id":14194,"href":"https:\/\/diarioellabrador.cl\/index.php\/wp-json\/wp\/v2\/posts\/14193\/revisions\/14194"}],"wp:featuredmedia":[{"embeddable":true,"href":"https:\/\/diarioellabrador.cl\/index.php\/wp-json\/wp\/v2\/media\/14156"}],"wp:attachment":[{"href":"https:\/\/diarioellabrador.cl\/index.php\/wp-json\/wp\/v2\/media?parent=14193"}],"wp:term":[{"taxonomy":"category","embeddable":true,"href":"https:\/\/diarioellabrador.cl\/index.php\/wp-json\/wp\/v2\/categories?post=14193"},{"taxonomy":"post_tag","embeddable":true,"href":"https:\/\/diarioellabrador.cl\/index.php\/wp-json\/wp\/v2\/tags?post=14193"}],"curies":[{"name":"wp","href":"https:\/\/api.w.org\/{rel}","templated":true}]}}